{"id":8229,"date":"2020-09-21T16:36:00","date_gmt":"2020-09-21T19:36:00","guid":{"rendered":"https:\/\/fadeu.urantiacos.cl\/?p=8229"},"modified":"2023-09-10T16:39:25","modified_gmt":"2023-09-10T19:39:25","slug":"aumentan-menores-de-30-anos-que-viven-con-sus-padres","status":"publish","type":"post","link":"https:\/\/fadeu.urantiacos.cl\/en\/2020\/09\/21\/aumentan-menores-de-30-anos-que-viven-con-sus-padres\/","title":{"rendered":"Aumentan menores de 30 a\u00f1os que viven con sus padres"},"content":{"rendered":"\n<figure class=\"wp-block-image size-full\"><img decoding=\"async\" width=\"350\" height=\"250\" src=\"https:\/\/fadeu.urantiacos.cl\/wp-content\/uploads\/2023\/09\/Mendez_truffello_latercera.jpg\" alt=\"\" class=\"wp-image-8230\" srcset=\"https:\/\/fadeu.urantiacos.cl\/wp-content\/uploads\/2023\/09\/Mendez_truffello_latercera.jpg 350w, https:\/\/fadeu.urantiacos.cl\/wp-content\/uploads\/2023\/09\/Mendez_truffello_latercera-300x214.jpg 300w\" sizes=\"(max-width: 350px) 100vw, 350px\" \/><\/figure>\n\n\n\n<p>La Tercera destaca que aumentan menores de 30 a\u00f1os que viven con sus padres. En EE.UU. la cifra es la m\u00e1s alta en 100 a\u00f1os. Habla Ricardo Truffello, director del Observatorio de Ciudades UC, y Mar\u00eda Luisa M\u00e9ndez, directora del Centro de Estudios de Conflicto y Cohesi\u00f3n Social (Coes y acad\u00e9mica del Instituto de Estudios Urbanos).<\/p>\n\n\n\n<h6 class=\"wp-block-heading\">+ Revisa nota completa\u00a0<a rel=\"noreferrer noopener\" href=\"https:\/\/www.latercera.com\/que-pasa\/noticia\/otra-consecuencia-de-la-pandemia-aumentan-menores-de-30-anos-que-viven-con-sus-padres\/6LFPZSPKJRCXXCKHQUXKTFNWVA\/\" target=\"_blank\">aqu\u00ed<\/a>.<\/h6>\n\n\n\n<figure class=\"wp-block-image size-large\"><img decoding=\"async\" width=\"813\" height=\"1024\" src=\"https:\/\/fadeu.urantiacos.cl\/wp-content\/uploads\/2023\/09\/1441068_1375044-813x1024.jpg\" alt=\"\" class=\"wp-image-8231\" srcset=\"https:\/\/fadeu.urantiacos.cl\/wp-content\/uploads\/2023\/09\/1441068_1375044-813x1024.jpg 813w, https:\/\/fadeu.urantiacos.cl\/wp-content\/uploads\/2023\/09\/1441068_1375044-238x300.jpg 238w, https:\/\/fadeu.urantiacos.cl\/wp-content\/uploads\/2023\/09\/1441068_1375044-768x968.jpg 768w, https:\/\/fadeu.urantiacos.cl\/wp-content\/uploads\/2023\/09\/1441068_1375044-1219x1536.jpg 1219w, https:\/\/fadeu.urantiacos.cl\/wp-content\/uploads\/2023\/09\/1441068_1375044-1626x2048.jpg 1626w, https:\/\/fadeu.urantiacos.cl\/wp-content\/uploads\/2023\/09\/1441068_1375044-scaled.jpg 953w\" sizes=\"(max-width: 813px) 100vw, 813px\" \/><\/figure>\n","protected":false},"excerpt":{"rendered":"<p>La Tercera destaca que aumentan menores de 30 a\u00f1os que viven con sus padres. En EE.UU. la cifra es la m\u00e1s alta en 100 a\u00f1os. Habla Ricardo Truffello, director del Observatorio de Ciudades UC, y Mar\u00eda Luisa M\u00e9ndez, directora del Centro de Estudios de Conflicto y Cohesi\u00f3n Social (Coes y acad\u00e9mica del Instituto de Estudios [&hellip;]<\/p>\n","protected":false},"author":1,"featured_media":8230,"comment_status":"open","ping_status":"open","sticky":false,"template":"","format":"standard","meta":{"_acf_changed":false,"footnotes":""},"categories":[1],"tags":[],"class_list":["post-8229","post","type-post","status-publish","format-standard","has-post-thumbnail","hentry","category-sin-categorizar"],"acf":[],"yoast_head":"<!-- This site is optimized with the Yoast SEO plugin v27.1.1 - https:\/\/yoast.com\/product\/yoast-seo-wordpress\/ -->\n<title>Aumentan menores de 30 a\u00f1os que viven con sus padres - Facultad de Arquitectura, Dise\u00f1o y Estudios Urbanos<\/title>\n<meta name=\"description\" content=\"La Tercera destaca que aumentan menores de 30 a\u00f1os que viven con sus padres. En EE.UU. la cifra es la m\u00e1s alta en 100 a\u00f1os. Habla Ricardo Truffello,\" \/>\n<meta name=\"robots\" content=\"index, follow, max-snippet:-1, max-image-preview:large, max-video-preview:-1\" \/>\n<link rel=\"canonical\" href=\"https:\/\/fadeu.urantiacos.cl\/en\/2020\/09\/21\/aumentan-menores-de-30-anos-que-viven-con-sus-padres\/\" \/>\n<meta property=\"og:locale\" content=\"en_US\" \/>\n<meta property=\"og:type\" content=\"article\" \/>\n<meta property=\"og:title\" content=\"Aumentan menores de 30 a\u00f1os que viven con sus padres - Facultad de Arquitectura, Dise\u00f1o y Estudios Urbanos\" \/>\n<meta property=\"og:description\" content=\"La Tercera destaca que aumentan menores de 30 a\u00f1os que viven con sus padres. En EE.UU. la cifra es la m\u00e1s alta en 100 a\u00f1os. Habla Ricardo Truffello,\" \/>\n<meta property=\"og:url\" content=\"https:\/\/fadeu.urantiacos.cl\/en\/2020\/09\/21\/aumentan-menores-de-30-anos-que-viven-con-sus-padres\/\" \/>\n<meta property=\"og:site_name\" content=\"Facultad de Arquitectura, Dise\u00f1o y Estudios Urbanos\" \/>\n<meta property=\"article:published_time\" content=\"2020-09-21T19:36:00+00:00\" \/>\n<meta property=\"article:modified_time\" content=\"2023-09-10T19:39:25+00:00\" \/>\n<meta property=\"og:image\" content=\"https:\/\/fadeu.urantiacos.cl\/wp-content\/uploads\/2023\/09\/Mendez_truffello_latercera.jpg\" \/>\n\t<meta property=\"og:image:width\" content=\"350\" \/>\n\t<meta property=\"og:image:height\" content=\"250\" \/>\n\t<meta property=\"og:image:type\" content=\"image\/jpeg\" \/>\n<meta name=\"author\" content=\"manadmin\" \/>\n<meta name=\"twitter:card\" content=\"summary_large_image\" \/>\n<meta name=\"twitter:label1\" content=\"Written by\" \/>\n\t<meta name=\"twitter:data1\" content=\"manadmin\" \/>\n<script type=\"application\/ld+json\" class=\"yoast-schema-graph\">{\"@context\":\"https:\/\/schema.org\",\"@graph\":[{\"@type\":\"Article\",\"@id\":\"https:\/\/fadeu.urantiacos.cl\/en\/2020\/09\/21\/aumentan-menores-de-30-anos-que-viven-con-sus-padres\/#article\",\"isPartOf\":{\"@id\":\"https:\/\/fadeu.urantiacos.cl\/en\/2020\/09\/21\/aumentan-menores-de-30-anos-que-viven-con-sus-padres\/\"},\"author\":{\"name\":\"manadmin\",\"@id\":\"https:\/\/fadeu.urantiacos.cl\/en\/#\/schema\/person\/d203e2e84b1c40275eac77b3061a19a2\"},\"headline\":\"Aumentan menores de 30 a\u00f1os que viven con sus padres\",\"datePublished\":\"2020-09-21T19:36:00+00:00\",\"dateModified\":\"2023-09-10T19:39:25+00:00\",\"mainEntityOfPage\":{\"@id\":\"https:\/\/fadeu.urantiacos.cl\/en\/2020\/09\/21\/aumentan-menores-de-30-anos-que-viven-con-sus-padres\/\"},\"wordCount\":76,\"commentCount\":0,\"image\":{\"@id\":\"https:\/\/fadeu.urantiacos.cl\/en\/2020\/09\/21\/aumentan-menores-de-30-anos-que-viven-con-sus-padres\/#primaryimage\"},\"thumbnailUrl\":\"https:\/\/fadeu.urantiacos.cl\/wp-content\/uploads\/2023\/09\/Mendez_truffello_latercera.jpg\",\"articleSection\":[\"Sin categorizar\"],\"inLanguage\":\"en-US\",\"potentialAction\":[{\"@type\":\"CommentAction\",\"name\":\"Comment\",\"target\":[\"https:\/\/fadeu.urantiacos.cl\/en\/2020\/09\/21\/aumentan-menores-de-30-anos-que-viven-con-sus-padres\/#respond\"]}]},{\"@type\":\"WebPage\",\"@id\":\"https:\/\/fadeu.urantiacos.cl\/en\/2020\/09\/21\/aumentan-menores-de-30-anos-que-viven-con-sus-padres\/\",\"url\":\"https:\/\/fadeu.urantiacos.cl\/en\/2020\/09\/21\/aumentan-menores-de-30-anos-que-viven-con-sus-padres\/\",\"name\":\"Aumentan menores de 30 a\u00f1os que viven con sus padres - Facultad de Arquitectura, Dise\u00f1o y Estudios Urbanos\",\"isPartOf\":{\"@id\":\"https:\/\/fadeu.urantiacos.cl\/en\/#website\"},\"primaryImageOfPage\":{\"@id\":\"https:\/\/fadeu.urantiacos.cl\/en\/2020\/09\/21\/aumentan-menores-de-30-anos-que-viven-con-sus-padres\/#primaryimage\"},\"image\":{\"@id\":\"https:\/\/fadeu.urantiacos.cl\/en\/2020\/09\/21\/aumentan-menores-de-30-anos-que-viven-con-sus-padres\/#primaryimage\"},\"thumbnailUrl\":\"https:\/\/fadeu.urantiacos.cl\/wp-content\/uploads\/2023\/09\/Mendez_truffello_latercera.jpg\",\"datePublished\":\"2020-09-21T19:36:00+00:00\",\"dateModified\":\"2023-09-10T19:39:25+00:00\",\"author\":{\"@id\":\"https:\/\/fadeu.urantiacos.cl\/en\/#\/schema\/person\/d203e2e84b1c40275eac77b3061a19a2\"},\"description\":\"La Tercera destaca que aumentan menores de 30 a\u00f1os que viven con sus padres. En EE.UU. la cifra es la m\u00e1s alta en 100 a\u00f1os. Habla Ricardo Truffello,\",\"breadcrumb\":{\"@id\":\"https:\/\/fadeu.urantiacos.cl\/en\/2020\/09\/21\/aumentan-menores-de-30-anos-que-viven-con-sus-padres\/#breadcrumb\"},\"inLanguage\":\"en-US\",\"potentialAction\":[{\"@type\":\"ReadAction\",\"target\":[\"https:\/\/fadeu.urantiacos.cl\/en\/2020\/09\/21\/aumentan-menores-de-30-anos-que-viven-con-sus-padres\/\"]}]},{\"@type\":\"ImageObject\",\"inLanguage\":\"en-US\",\"@id\":\"https:\/\/fadeu.urantiacos.cl\/en\/2020\/09\/21\/aumentan-menores-de-30-anos-que-viven-con-sus-padres\/#primaryimage\",\"url\":\"https:\/\/fadeu.urantiacos.cl\/wp-content\/uploads\/2023\/09\/Mendez_truffello_latercera.jpg\",\"contentUrl\":\"https:\/\/fadeu.urantiacos.cl\/wp-content\/uploads\/2023\/09\/Mendez_truffello_latercera.jpg\",\"width\":350,\"height\":250},{\"@type\":\"BreadcrumbList\",\"@id\":\"https:\/\/fadeu.urantiacos.cl\/en\/2020\/09\/21\/aumentan-menores-de-30-anos-que-viven-con-sus-padres\/#breadcrumb\",\"itemListElement\":[{\"@type\":\"ListItem\",\"position\":1,\"name\":\"Portada\",\"item\":\"https:\/\/fadeu.urantiacos.cl\/en\/\"},{\"@type\":\"ListItem\",\"position\":2,\"name\":\"Aumentan menores de 30 a\u00f1os que viven con sus padres\"}]},{\"@type\":\"WebSite\",\"@id\":\"https:\/\/fadeu.urantiacos.cl\/en\/#website\",\"url\":\"https:\/\/fadeu.urantiacos.cl\/en\/\",\"name\":\"Facultad de Arquitectura, Dise\u00f1o y Estudios Urbanos\",\"description\":\"Campus Lo Contador\",\"potentialAction\":[{\"@type\":\"SearchAction\",\"target\":{\"@type\":\"EntryPoint\",\"urlTemplate\":\"https:\/\/fadeu.urantiacos.cl\/en\/?s={search_term_string}\"},\"query-input\":{\"@type\":\"PropertyValueSpecification\",\"valueRequired\":true,\"valueName\":\"search_term_string\"}}],\"inLanguage\":\"en-US\"},{\"@type\":\"Person\",\"@id\":\"https:\/\/fadeu.urantiacos.cl\/en\/#\/schema\/person\/d203e2e84b1c40275eac77b3061a19a2\",\"name\":\"manadmin\",\"image\":{\"@type\":\"ImageObject\",\"inLanguage\":\"en-US\",\"@id\":\"https:\/\/fadeu.urantiacos.cl\/en\/#\/schema\/person\/image\/\",\"url\":\"https:\/\/secure.gravatar.com\/avatar\/4b1d8e3303b4a9d8968ac578947d8bc80d9aea359f388cdd4aac15cadc0e8447?s=96&d=mm&r=g\",\"contentUrl\":\"https:\/\/secure.gravatar.com\/avatar\/4b1d8e3303b4a9d8968ac578947d8bc80d9aea359f388cdd4aac15cadc0e8447?s=96&d=mm&r=g\",\"caption\":\"manadmin\"},\"sameAs\":[\"https:\/\/fadeu.urantiacos.cl\"]}]}<\/script>\n<!-- \/ Yoast SEO plugin. -->","yoast_head_json":{"title":"Aumentan menores de 30 a\u00f1os que viven con sus padres - Facultad de Arquitectura, Dise\u00f1o y Estudios Urbanos","description":"La Tercera destaca que aumentan menores de 30 a\u00f1os que viven con sus padres. En EE.UU. la cifra es la m\u00e1s alta en 100 a\u00f1os. Habla Ricardo Truffello,","robots":{"index":"index","follow":"follow","max-snippet":"max-snippet:-1","max-image-preview":"max-image-preview:large","max-video-preview":"max-video-preview:-1"},"canonical":"https:\/\/fadeu.urantiacos.cl\/en\/2020\/09\/21\/aumentan-menores-de-30-anos-que-viven-con-sus-padres\/","og_locale":"en_US","og_type":"article","og_title":"Aumentan menores de 30 a\u00f1os que viven con sus padres - Facultad de Arquitectura, Dise\u00f1o y Estudios Urbanos","og_description":"La Tercera destaca que aumentan menores de 30 a\u00f1os que viven con sus padres. En EE.UU. la cifra es la m\u00e1s alta en 100 a\u00f1os. Habla Ricardo Truffello,","og_url":"https:\/\/fadeu.urantiacos.cl\/en\/2020\/09\/21\/aumentan-menores-de-30-anos-que-viven-con-sus-padres\/","og_site_name":"Facultad de Arquitectura, Dise\u00f1o y Estudios Urbanos","article_published_time":"2020-09-21T19:36:00+00:00","article_modified_time":"2023-09-10T19:39:25+00:00","og_image":[{"width":350,"height":250,"url":"https:\/\/fadeu.urantiacos.cl\/wp-content\/uploads\/2023\/09\/Mendez_truffello_latercera.jpg","type":"image\/jpeg"}],"author":"manadmin","twitter_card":"summary_large_image","twitter_misc":{"Written by":"manadmin"},"schema":{"@context":"https:\/\/schema.org","@graph":[{"@type":"Article","@id":"https:\/\/fadeu.urantiacos.cl\/en\/2020\/09\/21\/aumentan-menores-de-30-anos-que-viven-con-sus-padres\/#article","isPartOf":{"@id":"https:\/\/fadeu.urantiacos.cl\/en\/2020\/09\/21\/aumentan-menores-de-30-anos-que-viven-con-sus-padres\/"},"author":{"name":"manadmin","@id":"https:\/\/fadeu.urantiacos.cl\/en\/#\/schema\/person\/d203e2e84b1c40275eac77b3061a19a2"},"headline":"Aumentan menores de 30 a\u00f1os que viven con sus padres","datePublished":"2020-09-21T19:36:00+00:00","dateModified":"2023-09-10T19:39:25+00:00","mainEntityOfPage":{"@id":"https:\/\/fadeu.urantiacos.cl\/en\/2020\/09\/21\/aumentan-menores-de-30-anos-que-viven-con-sus-padres\/"},"wordCount":76,"commentCount":0,"image":{"@id":"https:\/\/fadeu.urantiacos.cl\/en\/2020\/09\/21\/aumentan-menores-de-30-anos-que-viven-con-sus-padres\/#primaryimage"},"thumbnailUrl":"https:\/\/fadeu.urantiacos.cl\/wp-content\/uploads\/2023\/09\/Mendez_truffello_latercera.jpg","articleSection":["Sin categorizar"],"inLanguage":"en-US","potentialAction":[{"@type":"CommentAction","name":"Comment","target":["https:\/\/fadeu.urantiacos.cl\/en\/2020\/09\/21\/aumentan-menores-de-30-anos-que-viven-con-sus-padres\/#respond"]}]},{"@type":"WebPage","@id":"https:\/\/fadeu.urantiacos.cl\/en\/2020\/09\/21\/aumentan-menores-de-30-anos-que-viven-con-sus-padres\/","url":"https:\/\/fadeu.urantiacos.cl\/en\/2020\/09\/21\/aumentan-menores-de-30-anos-que-viven-con-sus-padres\/","name":"Aumentan menores de 30 a\u00f1os que viven con sus padres - Facultad de Arquitectura, Dise\u00f1o y Estudios Urbanos","isPartOf":{"@id":"https:\/\/fadeu.urantiacos.cl\/en\/#website"},"primaryImageOfPage":{"@id":"https:\/\/fadeu.urantiacos.cl\/en\/2020\/09\/21\/aumentan-menores-de-30-anos-que-viven-con-sus-padres\/#primaryimage"},"image":{"@id":"https:\/\/fadeu.urantiacos.cl\/en\/2020\/09\/21\/aumentan-menores-de-30-anos-que-viven-con-sus-padres\/#primaryimage"},"thumbnailUrl":"https:\/\/fadeu.urantiacos.cl\/wp-content\/uploads\/2023\/09\/Mendez_truffello_latercera.jpg","datePublished":"2020-09-21T19:36:00+00:00","dateModified":"2023-09-10T19:39:25+00:00","author":{"@id":"https:\/\/fadeu.urantiacos.cl\/en\/#\/schema\/person\/d203e2e84b1c40275eac77b3061a19a2"},"description":"La Tercera destaca que aumentan menores de 30 a\u00f1os que viven con sus padres. En EE.UU. la cifra es la m\u00e1s alta en 100 a\u00f1os. Habla Ricardo Truffello,","breadcrumb":{"@id":"https:\/\/fadeu.urantiacos.cl\/en\/2020\/09\/21\/aumentan-menores-de-30-anos-que-viven-con-sus-padres\/#breadcrumb"},"inLanguage":"en-US","potentialAction":[{"@type":"ReadAction","target":["https:\/\/fadeu.urantiacos.cl\/en\/2020\/09\/21\/aumentan-menores-de-30-anos-que-viven-con-sus-padres\/"]}]},{"@type":"ImageObject","inLanguage":"en-US","@id":"https:\/\/fadeu.urantiacos.cl\/en\/2020\/09\/21\/aumentan-menores-de-30-anos-que-viven-con-sus-padres\/#primaryimage","url":"https:\/\/fadeu.urantiacos.cl\/wp-content\/uploads\/2023\/09\/Mendez_truffello_latercera.jpg","contentUrl":"https:\/\/fadeu.urantiacos.cl\/wp-content\/uploads\/2023\/09\/Mendez_truffello_latercera.jpg","width":350,"height":250},{"@type":"BreadcrumbList","@id":"https:\/\/fadeu.urantiacos.cl\/en\/2020\/09\/21\/aumentan-menores-de-30-anos-que-viven-con-sus-padres\/#breadcrumb","itemListElement":[{"@type":"ListItem","position":1,"name":"Portada","item":"https:\/\/fadeu.urantiacos.cl\/en\/"},{"@type":"ListItem","position":2,"name":"Aumentan menores de 30 a\u00f1os que viven con sus padres"}]},{"@type":"WebSite","@id":"https:\/\/fadeu.urantiacos.cl\/en\/#website","url":"https:\/\/fadeu.urantiacos.cl\/en\/","name":"Facultad de Arquitectura, Dise\u00f1o y Estudios Urbanos","description":"Campus Lo Contador","potentialAction":[{"@type":"SearchAction","target":{"@type":"EntryPoint","urlTemplate":"https:\/\/fadeu.urantiacos.cl\/en\/?s={search_term_string}"},"query-input":{"@type":"PropertyValueSpecification","valueRequired":true,"valueName":"search_term_string"}}],"inLanguage":"en-US"},{"@type":"Person","@id":"https:\/\/fadeu.urantiacos.cl\/en\/#\/schema\/person\/d203e2e84b1c40275eac77b3061a19a2","name":"manadmin","image":{"@type":"ImageObject","inLanguage":"en-US","@id":"https:\/\/fadeu.urantiacos.cl\/en\/#\/schema\/person\/image\/","url":"https:\/\/secure.gravatar.com\/avatar\/4b1d8e3303b4a9d8968ac578947d8bc80d9aea359f388cdd4aac15cadc0e8447?s=96&d=mm&r=g","contentUrl":"https:\/\/secure.gravatar.com\/avatar\/4b1d8e3303b4a9d8968ac578947d8bc80d9aea359f388cdd4aac15cadc0e8447?s=96&d=mm&r=g","caption":"manadmin"},"sameAs":["https:\/\/fadeu.urantiacos.cl"]}]}},"_links":{"self":[{"href":"https:\/\/fadeu.urantiacos.cl\/en\/wp-json\/wp\/v2\/posts\/8229","targetHints":{"allow":["GET"]}}],"collection":[{"href":"https:\/\/fadeu.urantiacos.cl\/en\/wp-json\/wp\/v2\/posts"}],"about":[{"href":"https:\/\/fadeu.urantiacos.cl\/en\/wp-json\/wp\/v2\/types\/post"}],"author":[{"embeddable":true,"href":"https:\/\/fadeu.urantiacos.cl\/en\/wp-json\/wp\/v2\/users\/1"}],"replies":[{"embeddable":true,"href":"https:\/\/fadeu.urantiacos.cl\/en\/wp-json\/wp\/v2\/comments?post=8229"}],"version-history":[{"count":1,"href":"https:\/\/fadeu.urantiacos.cl\/en\/wp-json\/wp\/v2\/posts\/8229\/revisions"}],"predecessor-version":[{"id":8232,"href":"https:\/\/fadeu.urantiacos.cl\/en\/wp-json\/wp\/v2\/posts\/8229\/revisions\/8232"}],"wp:featuredmedia":[{"embeddable":true,"href":"https:\/\/fadeu.urantiacos.cl\/en\/wp-json\/wp\/v2\/media\/8230"}],"wp:attachment":[{"href":"https:\/\/fadeu.urantiacos.cl\/en\/wp-json\/wp\/v2\/media?parent=8229"}],"wp:term":[{"taxonomy":"category","embeddable":true,"href":"https:\/\/fadeu.urantiacos.cl\/en\/wp-json\/wp\/v2\/categories?post=8229"},{"taxonomy":"post_tag","embeddable":true,"href":"https:\/\/fadeu.urantiacos.cl\/en\/wp-json\/wp\/v2\/tags?post=8229"}],"curies":[{"name":"wp","href":"https:\/\/api.w.org\/{rel}","templated":true}]}}