{"id":8226,"date":"2020-09-21T16:34:00","date_gmt":"2020-09-21T19:34:00","guid":{"rendered":"https:\/\/fadeu.urantiacos.cl\/?p=8226"},"modified":"2023-09-10T16:36:35","modified_gmt":"2023-09-10T19:36:35","slug":"rosanna-forray-habla-en-radio-duna-sobre-su-columna-en-revista-vd-de-el-mercurio","status":"publish","type":"post","link":"https:\/\/fadeu.urantiacos.cl\/en\/2020\/09\/21\/rosanna-forray-habla-en-radio-duna-sobre-su-columna-en-revista-vd-de-el-mercurio\/","title":{"rendered":"Rosanna Forray habla en Radio Duna sobre su columna en revista VD de El Mercurio"},"content":{"rendered":"\n<figure class=\"wp-block-image size-full\"><img decoding=\"async\" width=\"350\" height=\"250\" src=\"https:\/\/fadeu.urantiacos.cl\/wp-content\/uploads\/2023\/09\/A_UNO_1190898_web.jpg\" alt=\"\" class=\"wp-image-8227\" srcset=\"https:\/\/fadeu.urantiacos.cl\/wp-content\/uploads\/2023\/09\/A_UNO_1190898_web.jpg 350w, https:\/\/fadeu.urantiacos.cl\/wp-content\/uploads\/2023\/09\/A_UNO_1190898_web-300x214.jpg 300w\" sizes=\"(max-width: 350px) 100vw, 350px\" \/><\/figure>\n\n\n\n<p>A mediados de julio, la revista VD de El Mercurio inaugur\u00f3 el espacio mensual a cargo de la acad\u00e9mica ARQ UC que, bajo el t\u00edtulo \u201cVivir la calle\u201d (<a href=\"http:\/\/arquitectura.uc.cl\/proyectos\/noticias\/5135-profesora-rosana-forray-nueva-columnista-de-la-revista-vd.html\" target=\"_blank\" rel=\"noreferrer noopener\">ver nota<\/a>), invita a repensar soluciones posibles para crear una mejor ciudad. En su columna m\u00e1s reciente, Forray se refiere al acto de volver a salir a la calle en los primeros pasos del desconfinamiento, lo que coincide con la explosi\u00f3n de la primavera. Este acto \u2014el de caminar\u2014, es descrito por la profesora como &#8220;una forma de resistencia\u201d, defini\u00e9ndolo finalmente como un acto pol\u00edtico: &#8220;rebeld\u00eda contra la eficiencia&#8221;.<\/p>\n\n\n\n<p>A prop\u00f3sito de esa idea, el periodista Rodrigo Guendelman invit\u00f3 a la acad\u00e9mica ARQ UC a Santiago Adicto para ahondar en el tema, espacio radial en el que Forray comparti\u00f3 su experiencia personal al poder salir a caminar al espacio p\u00fablico, conectando sus caminatas por Providencia con el proyecto de la comuna, la importancia del nivel de calle para vivir la ciudad y la relevancia de pensar la ciudad como un proyecto.<\/p>\n\n\n\n<p>Asimismo, Forray sostuvo \u2014luego de hacer un breve repaso hist\u00f3rico\u2014 que en general los arquitectos de la CORMU y la CORVI, \u00e9poca en la que se hicieron grandes proyectos, \u201ceran arquitectos que integraban la gran escala del territorio circundante, del espacio paisaj\u00edstico de la cuenca de Santiago, a la m\u00ednima escala que es la escala del peat\u00f3n\u201d.<\/p>\n\n\n\n<p>Por otro lado, en materia de planificaci\u00f3n urbana, la profesora define la aproximaci\u00f3n actual como \u201cuna planificaci\u00f3n muy fragmentada\u201d, explicando que s\u00f3lo se le da un set reglas del juego al sector privado, sin una planificaci\u00f3n a gran escala. Forray atribuye esto a que \u201cla producci\u00f3n de la ciudad se privatiz\u00f3 fuertemente\u201d, destacando que hay esfuerzos importantes.<\/p>\n\n\n\n<p>Escucha el programa completo en el siguiente&nbsp;<a href=\"https:\/\/www.duna.cl\/podcasts\/la-importancia-de-volver-a-caminar-por-la-ciudad-y-el-premio-aporte-urbano\/\" target=\"_blank\" rel=\"noreferrer noopener\">link<\/a>&nbsp;(min. 9:00)&nbsp;<\/p>\n\n\n\n<p>Noticias<br>Contacto:&nbsp;<a href=\"mailto:redesarq@uc.cl\">redesarq@uc.cl<\/a>&nbsp;| +56 2 2354 7747<br>www.arquitectura.uc.cl<\/p>\n","protected":false},"excerpt":{"rendered":"<p>La profesora fue invitada al programa Santiago Adicto a conversar con el periodista Rodrigo Guendelman sobre \u201cVolver a caminar\u201d, la \u00faltima entrega en su secci\u00f3n mensual \u201cVivir la calle\u201d.<\/p>\n","protected":false},"author":1,"featured_media":8227,"comment_status":"open","ping_status":"open","sticky":false,"template":"","format":"standard","meta":{"_acf_changed":false,"footnotes":""},"categories":[1],"tags":[],"class_list":["post-8226","post","type-post","status-publish","format-standard","has-post-thumbnail","hentry","category-sin-categorizar"],"acf":[],"yoast_head":"<!-- This site is optimized with the Yoast SEO plugin v27.1.1 - https:\/\/yoast.com\/product\/yoast-seo-wordpress\/ -->\n<title>Rosanna Forray habla en Radio Duna sobre su columna en revista VD de El Mercurio - Facultad de Arquitectura, Dise\u00f1o y Estudios Urbanos<\/title>\n<meta name=\"description\" content=\"La profesora fue invitada al programa Santiago Adicto a conversar con el periodista Rodrigo Guendelman sobre \u201cVolver a caminar\u201d, la \u00faltima entrega en su secci\u00f3n mensual \u201cVivir la calle\u201d.\" \/>\n<meta name=\"robots\" content=\"index, follow, max-snippet:-1, max-image-preview:large, max-video-preview:-1\" \/>\n<link rel=\"canonical\" href=\"https:\/\/fadeu.urantiacos.cl\/en\/2020\/09\/21\/rosanna-forray-habla-en-radio-duna-sobre-su-columna-en-revista-vd-de-el-mercurio\/\" \/>\n<meta property=\"og:locale\" content=\"en_US\" \/>\n<meta property=\"og:type\" content=\"article\" \/>\n<meta property=\"og:title\" content=\"Rosanna Forray habla en Radio Duna sobre su columna en revista VD de El Mercurio - Facultad de Arquitectura, Dise\u00f1o y Estudios Urbanos\" \/>\n<meta property=\"og:description\" content=\"La profesora fue invitada al programa Santiago Adicto a conversar con el periodista Rodrigo Guendelman sobre \u201cVolver a caminar\u201d, la \u00faltima entrega en su secci\u00f3n mensual \u201cVivir la calle\u201d.\" \/>\n<meta property=\"og:url\" content=\"https:\/\/fadeu.urantiacos.cl\/en\/2020\/09\/21\/rosanna-forray-habla-en-radio-duna-sobre-su-columna-en-revista-vd-de-el-mercurio\/\" \/>\n<meta property=\"og:site_name\" content=\"Facultad de Arquitectura, Dise\u00f1o y Estudios Urbanos\" \/>\n<meta property=\"article:published_time\" content=\"2020-09-21T19:34:00+00:00\" \/>\n<meta property=\"article:modified_time\" content=\"2023-09-10T19:36:35+00:00\" \/>\n<meta property=\"og:image\" content=\"https:\/\/fadeu.urantiacos.cl\/wp-content\/uploads\/2023\/09\/A_UNO_1190898_web.jpg\" \/>\n\t<meta property=\"og:image:width\" content=\"350\" \/>\n\t<meta property=\"og:image:height\" content=\"250\" \/>\n\t<meta property=\"og:image:type\" content=\"image\/jpeg\" \/>\n<meta name=\"author\" content=\"manadmin\" \/>\n<meta name=\"twitter:card\" content=\"summary_large_image\" \/>\n<meta name=\"twitter:label1\" content=\"Written by\" \/>\n\t<meta name=\"twitter:data1\" content=\"manadmin\" \/>\n\t<meta name=\"twitter:label2\" content=\"Est. reading time\" \/>\n\t<meta name=\"twitter:data2\" content=\"2 minutes\" \/>\n<script type=\"application\/ld+json\" class=\"yoast-schema-graph\">{\"@context\":\"https:\/\/schema.org\",\"@graph\":[{\"@type\":\"Article\",\"@id\":\"https:\/\/fadeu.urantiacos.cl\/en\/2020\/09\/21\/rosanna-forray-habla-en-radio-duna-sobre-su-columna-en-revista-vd-de-el-mercurio\/#article\",\"isPartOf\":{\"@id\":\"https:\/\/fadeu.urantiacos.cl\/en\/2020\/09\/21\/rosanna-forray-habla-en-radio-duna-sobre-su-columna-en-revista-vd-de-el-mercurio\/\"},\"author\":{\"name\":\"manadmin\",\"@id\":\"https:\/\/fadeu.urantiacos.cl\/en\/#\/schema\/person\/d203e2e84b1c40275eac77b3061a19a2\"},\"headline\":\"Rosanna Forray habla en Radio Duna sobre su columna en revista VD de El Mercurio\",\"datePublished\":\"2020-09-21T19:34:00+00:00\",\"dateModified\":\"2023-09-10T19:36:35+00:00\",\"mainEntityOfPage\":{\"@id\":\"https:\/\/fadeu.urantiacos.cl\/en\/2020\/09\/21\/rosanna-forray-habla-en-radio-duna-sobre-su-columna-en-revista-vd-de-el-mercurio\/\"},\"wordCount\":340,\"commentCount\":0,\"image\":{\"@id\":\"https:\/\/fadeu.urantiacos.cl\/en\/2020\/09\/21\/rosanna-forray-habla-en-radio-duna-sobre-su-columna-en-revista-vd-de-el-mercurio\/#primaryimage\"},\"thumbnailUrl\":\"https:\/\/fadeu.urantiacos.cl\/wp-content\/uploads\/2023\/09\/A_UNO_1190898_web.jpg\",\"articleSection\":[\"Sin categorizar\"],\"inLanguage\":\"en-US\",\"potentialAction\":[{\"@type\":\"CommentAction\",\"name\":\"Comment\",\"target\":[\"https:\/\/fadeu.urantiacos.cl\/en\/2020\/09\/21\/rosanna-forray-habla-en-radio-duna-sobre-su-columna-en-revista-vd-de-el-mercurio\/#respond\"]}]},{\"@type\":\"WebPage\",\"@id\":\"https:\/\/fadeu.urantiacos.cl\/en\/2020\/09\/21\/rosanna-forray-habla-en-radio-duna-sobre-su-columna-en-revista-vd-de-el-mercurio\/\",\"url\":\"https:\/\/fadeu.urantiacos.cl\/en\/2020\/09\/21\/rosanna-forray-habla-en-radio-duna-sobre-su-columna-en-revista-vd-de-el-mercurio\/\",\"name\":\"Rosanna Forray habla en Radio Duna sobre su columna en revista VD de El Mercurio - Facultad de Arquitectura, Dise\u00f1o y Estudios Urbanos\",\"isPartOf\":{\"@id\":\"https:\/\/fadeu.urantiacos.cl\/en\/#website\"},\"primaryImageOfPage\":{\"@id\":\"https:\/\/fadeu.urantiacos.cl\/en\/2020\/09\/21\/rosanna-forray-habla-en-radio-duna-sobre-su-columna-en-revista-vd-de-el-mercurio\/#primaryimage\"},\"image\":{\"@id\":\"https:\/\/fadeu.urantiacos.cl\/en\/2020\/09\/21\/rosanna-forray-habla-en-radio-duna-sobre-su-columna-en-revista-vd-de-el-mercurio\/#primaryimage\"},\"thumbnailUrl\":\"https:\/\/fadeu.urantiacos.cl\/wp-content\/uploads\/2023\/09\/A_UNO_1190898_web.jpg\",\"datePublished\":\"2020-09-21T19:34:00+00:00\",\"dateModified\":\"2023-09-10T19:36:35+00:00\",\"author\":{\"@id\":\"https:\/\/fadeu.urantiacos.cl\/en\/#\/schema\/person\/d203e2e84b1c40275eac77b3061a19a2\"},\"description\":\"La profesora fue invitada al programa Santiago Adicto a conversar con el periodista Rodrigo Guendelman sobre \u201cVolver a caminar\u201d, la \u00faltima entrega en su secci\u00f3n mensual \u201cVivir la calle\u201d.\",\"breadcrumb\":{\"@id\":\"https:\/\/fadeu.urantiacos.cl\/en\/2020\/09\/21\/rosanna-forray-habla-en-radio-duna-sobre-su-columna-en-revista-vd-de-el-mercurio\/#breadcrumb\"},\"inLanguage\":\"en-US\",\"potentialAction\":[{\"@type\":\"ReadAction\",\"target\":[\"https:\/\/fadeu.urantiacos.cl\/en\/2020\/09\/21\/rosanna-forray-habla-en-radio-duna-sobre-su-columna-en-revista-vd-de-el-mercurio\/\"]}]},{\"@type\":\"ImageObject\",\"inLanguage\":\"en-US\",\"@id\":\"https:\/\/fadeu.urantiacos.cl\/en\/2020\/09\/21\/rosanna-forray-habla-en-radio-duna-sobre-su-columna-en-revista-vd-de-el-mercurio\/#primaryimage\",\"url\":\"https:\/\/fadeu.urantiacos.cl\/wp-content\/uploads\/2023\/09\/A_UNO_1190898_web.jpg\",\"contentUrl\":\"https:\/\/fadeu.urantiacos.cl\/wp-content\/uploads\/2023\/09\/A_UNO_1190898_web.jpg\",\"width\":350,\"height\":250},{\"@type\":\"BreadcrumbList\",\"@id\":\"https:\/\/fadeu.urantiacos.cl\/en\/2020\/09\/21\/rosanna-forray-habla-en-radio-duna-sobre-su-columna-en-revista-vd-de-el-mercurio\/#breadcrumb\",\"itemListElement\":[{\"@type\":\"ListItem\",\"position\":1,\"name\":\"Portada\",\"item\":\"https:\/\/fadeu.urantiacos.cl\/en\/\"},{\"@type\":\"ListItem\",\"position\":2,\"name\":\"Rosanna Forray habla en Radio Duna sobre su columna en revista VD de El Mercurio\"}]},{\"@type\":\"WebSite\",\"@id\":\"https:\/\/fadeu.urantiacos.cl\/en\/#website\",\"url\":\"https:\/\/fadeu.urantiacos.cl\/en\/\",\"name\":\"Facultad de Arquitectura, Dise\u00f1o y Estudios Urbanos\",\"description\":\"Campus Lo Contador\",\"potentialAction\":[{\"@type\":\"SearchAction\",\"target\":{\"@type\":\"EntryPoint\",\"urlTemplate\":\"https:\/\/fadeu.urantiacos.cl\/en\/?s={search_term_string}\"},\"query-input\":{\"@type\":\"PropertyValueSpecification\",\"valueRequired\":true,\"valueName\":\"search_term_string\"}}],\"inLanguage\":\"en-US\"},{\"@type\":\"Person\",\"@id\":\"https:\/\/fadeu.urantiacos.cl\/en\/#\/schema\/person\/d203e2e84b1c40275eac77b3061a19a2\",\"name\":\"manadmin\",\"image\":{\"@type\":\"ImageObject\",\"inLanguage\":\"en-US\",\"@id\":\"https:\/\/fadeu.urantiacos.cl\/en\/#\/schema\/person\/image\/\",\"url\":\"https:\/\/secure.gravatar.com\/avatar\/4b1d8e3303b4a9d8968ac578947d8bc80d9aea359f388cdd4aac15cadc0e8447?s=96&d=mm&r=g\",\"contentUrl\":\"https:\/\/secure.gravatar.com\/avatar\/4b1d8e3303b4a9d8968ac578947d8bc80d9aea359f388cdd4aac15cadc0e8447?s=96&d=mm&r=g\",\"caption\":\"manadmin\"},\"sameAs\":[\"https:\/\/fadeu.urantiacos.cl\"]}]}<\/script>\n<!-- \/ Yoast SEO plugin. -->","yoast_head_json":{"title":"Rosanna Forray habla en Radio Duna sobre su columna en revista VD de El Mercurio - Facultad de Arquitectura, Dise\u00f1o y Estudios Urbanos","description":"La profesora fue invitada al programa Santiago Adicto a conversar con el periodista Rodrigo Guendelman sobre \u201cVolver a caminar\u201d, la \u00faltima entrega en su secci\u00f3n mensual \u201cVivir la calle\u201d.","robots":{"index":"index","follow":"follow","max-snippet":"max-snippet:-1","max-image-preview":"max-image-preview:large","max-video-preview":"max-video-preview:-1"},"canonical":"https:\/\/fadeu.urantiacos.cl\/en\/2020\/09\/21\/rosanna-forray-habla-en-radio-duna-sobre-su-columna-en-revista-vd-de-el-mercurio\/","og_locale":"en_US","og_type":"article","og_title":"Rosanna Forray habla en Radio Duna sobre su columna en revista VD de El Mercurio - Facultad de Arquitectura, Dise\u00f1o y Estudios Urbanos","og_description":"La profesora fue invitada al programa Santiago Adicto a conversar con el periodista Rodrigo Guendelman sobre \u201cVolver a caminar\u201d, la \u00faltima entrega en su secci\u00f3n mensual \u201cVivir la calle\u201d.","og_url":"https:\/\/fadeu.urantiacos.cl\/en\/2020\/09\/21\/rosanna-forray-habla-en-radio-duna-sobre-su-columna-en-revista-vd-de-el-mercurio\/","og_site_name":"Facultad de Arquitectura, Dise\u00f1o y Estudios Urbanos","article_published_time":"2020-09-21T19:34:00+00:00","article_modified_time":"2023-09-10T19:36:35+00:00","og_image":[{"width":350,"height":250,"url":"https:\/\/fadeu.urantiacos.cl\/wp-content\/uploads\/2023\/09\/A_UNO_1190898_web.jpg","type":"image\/jpeg"}],"author":"manadmin","twitter_card":"summary_large_image","twitter_misc":{"Written by":"manadmin","Est. reading time":"2 minutes"},"schema":{"@context":"https:\/\/schema.org","@graph":[{"@type":"Article","@id":"https:\/\/fadeu.urantiacos.cl\/en\/2020\/09\/21\/rosanna-forray-habla-en-radio-duna-sobre-su-columna-en-revista-vd-de-el-mercurio\/#article","isPartOf":{"@id":"https:\/\/fadeu.urantiacos.cl\/en\/2020\/09\/21\/rosanna-forray-habla-en-radio-duna-sobre-su-columna-en-revista-vd-de-el-mercurio\/"},"author":{"name":"manadmin","@id":"https:\/\/fadeu.urantiacos.cl\/en\/#\/schema\/person\/d203e2e84b1c40275eac77b3061a19a2"},"headline":"Rosanna Forray habla en Radio Duna sobre su columna en revista VD de El Mercurio","datePublished":"2020-09-21T19:34:00+00:00","dateModified":"2023-09-10T19:36:35+00:00","mainEntityOfPage":{"@id":"https:\/\/fadeu.urantiacos.cl\/en\/2020\/09\/21\/rosanna-forray-habla-en-radio-duna-sobre-su-columna-en-revista-vd-de-el-mercurio\/"},"wordCount":340,"commentCount":0,"image":{"@id":"https:\/\/fadeu.urantiacos.cl\/en\/2020\/09\/21\/rosanna-forray-habla-en-radio-duna-sobre-su-columna-en-revista-vd-de-el-mercurio\/#primaryimage"},"thumbnailUrl":"https:\/\/fadeu.urantiacos.cl\/wp-content\/uploads\/2023\/09\/A_UNO_1190898_web.jpg","articleSection":["Sin categorizar"],"inLanguage":"en-US","potentialAction":[{"@type":"CommentAction","name":"Comment","target":["https:\/\/fadeu.urantiacos.cl\/en\/2020\/09\/21\/rosanna-forray-habla-en-radio-duna-sobre-su-columna-en-revista-vd-de-el-mercurio\/#respond"]}]},{"@type":"WebPage","@id":"https:\/\/fadeu.urantiacos.cl\/en\/2020\/09\/21\/rosanna-forray-habla-en-radio-duna-sobre-su-columna-en-revista-vd-de-el-mercurio\/","url":"https:\/\/fadeu.urantiacos.cl\/en\/2020\/09\/21\/rosanna-forray-habla-en-radio-duna-sobre-su-columna-en-revista-vd-de-el-mercurio\/","name":"Rosanna Forray habla en Radio Duna sobre su columna en revista VD de El Mercurio - Facultad de Arquitectura, Dise\u00f1o y Estudios Urbanos","isPartOf":{"@id":"https:\/\/fadeu.urantiacos.cl\/en\/#website"},"primaryImageOfPage":{"@id":"https:\/\/fadeu.urantiacos.cl\/en\/2020\/09\/21\/rosanna-forray-habla-en-radio-duna-sobre-su-columna-en-revista-vd-de-el-mercurio\/#primaryimage"},"image":{"@id":"https:\/\/fadeu.urantiacos.cl\/en\/2020\/09\/21\/rosanna-forray-habla-en-radio-duna-sobre-su-columna-en-revista-vd-de-el-mercurio\/#primaryimage"},"thumbnailUrl":"https:\/\/fadeu.urantiacos.cl\/wp-content\/uploads\/2023\/09\/A_UNO_1190898_web.jpg","datePublished":"2020-09-21T19:34:00+00:00","dateModified":"2023-09-10T19:36:35+00:00","author":{"@id":"https:\/\/fadeu.urantiacos.cl\/en\/#\/schema\/person\/d203e2e84b1c40275eac77b3061a19a2"},"description":"La profesora fue invitada al programa Santiago Adicto a conversar con el periodista Rodrigo Guendelman sobre \u201cVolver a caminar\u201d, la \u00faltima entrega en su secci\u00f3n mensual \u201cVivir la calle\u201d.","breadcrumb":{"@id":"https:\/\/fadeu.urantiacos.cl\/en\/2020\/09\/21\/rosanna-forray-habla-en-radio-duna-sobre-su-columna-en-revista-vd-de-el-mercurio\/#breadcrumb"},"inLanguage":"en-US","potentialAction":[{"@type":"ReadAction","target":["https:\/\/fadeu.urantiacos.cl\/en\/2020\/09\/21\/rosanna-forray-habla-en-radio-duna-sobre-su-columna-en-revista-vd-de-el-mercurio\/"]}]},{"@type":"ImageObject","inLanguage":"en-US","@id":"https:\/\/fadeu.urantiacos.cl\/en\/2020\/09\/21\/rosanna-forray-habla-en-radio-duna-sobre-su-columna-en-revista-vd-de-el-mercurio\/#primaryimage","url":"https:\/\/fadeu.urantiacos.cl\/wp-content\/uploads\/2023\/09\/A_UNO_1190898_web.jpg","contentUrl":"https:\/\/fadeu.urantiacos.cl\/wp-content\/uploads\/2023\/09\/A_UNO_1190898_web.jpg","width":350,"height":250},{"@type":"BreadcrumbList","@id":"https:\/\/fadeu.urantiacos.cl\/en\/2020\/09\/21\/rosanna-forray-habla-en-radio-duna-sobre-su-columna-en-revista-vd-de-el-mercurio\/#breadcrumb","itemListElement":[{"@type":"ListItem","position":1,"name":"Portada","item":"https:\/\/fadeu.urantiacos.cl\/en\/"},{"@type":"ListItem","position":2,"name":"Rosanna Forray habla en Radio Duna sobre su columna en revista VD de El Mercurio"}]},{"@type":"WebSite","@id":"https:\/\/fadeu.urantiacos.cl\/en\/#website","url":"https:\/\/fadeu.urantiacos.cl\/en\/","name":"Facultad de Arquitectura, Dise\u00f1o y Estudios Urbanos","description":"Campus Lo Contador","potentialAction":[{"@type":"SearchAction","target":{"@type":"EntryPoint","urlTemplate":"https:\/\/fadeu.urantiacos.cl\/en\/?s={search_term_string}"},"query-input":{"@type":"PropertyValueSpecification","valueRequired":true,"valueName":"search_term_string"}}],"inLanguage":"en-US"},{"@type":"Person","@id":"https:\/\/fadeu.urantiacos.cl\/en\/#\/schema\/person\/d203e2e84b1c40275eac77b3061a19a2","name":"manadmin","image":{"@type":"ImageObject","inLanguage":"en-US","@id":"https:\/\/fadeu.urantiacos.cl\/en\/#\/schema\/person\/image\/","url":"https:\/\/secure.gravatar.com\/avatar\/4b1d8e3303b4a9d8968ac578947d8bc80d9aea359f388cdd4aac15cadc0e8447?s=96&d=mm&r=g","contentUrl":"https:\/\/secure.gravatar.com\/avatar\/4b1d8e3303b4a9d8968ac578947d8bc80d9aea359f388cdd4aac15cadc0e8447?s=96&d=mm&r=g","caption":"manadmin"},"sameAs":["https:\/\/fadeu.urantiacos.cl"]}]}},"_links":{"self":[{"href":"https:\/\/fadeu.urantiacos.cl\/en\/wp-json\/wp\/v2\/posts\/8226","targetHints":{"allow":["GET"]}}],"collection":[{"href":"https:\/\/fadeu.urantiacos.cl\/en\/wp-json\/wp\/v2\/posts"}],"about":[{"href":"https:\/\/fadeu.urantiacos.cl\/en\/wp-json\/wp\/v2\/types\/post"}],"author":[{"embeddable":true,"href":"https:\/\/fadeu.urantiacos.cl\/en\/wp-json\/wp\/v2\/users\/1"}],"replies":[{"embeddable":true,"href":"https:\/\/fadeu.urantiacos.cl\/en\/wp-json\/wp\/v2\/comments?post=8226"}],"version-history":[{"count":1,"href":"https:\/\/fadeu.urantiacos.cl\/en\/wp-json\/wp\/v2\/posts\/8226\/revisions"}],"predecessor-version":[{"id":8228,"href":"https:\/\/fadeu.urantiacos.cl\/en\/wp-json\/wp\/v2\/posts\/8226\/revisions\/8228"}],"wp:featuredmedia":[{"embeddable":true,"href":"https:\/\/fadeu.urantiacos.cl\/en\/wp-json\/wp\/v2\/media\/8227"}],"wp:attachment":[{"href":"https:\/\/fadeu.urantiacos.cl\/en\/wp-json\/wp\/v2\/media?parent=8226"}],"wp:term":[{"taxonomy":"category","embeddable":true,"href":"https:\/\/fadeu.urantiacos.cl\/en\/wp-json\/wp\/v2\/categories?post=8226"},{"taxonomy":"post_tag","embeddable":true,"href":"https:\/\/fadeu.urantiacos.cl\/en\/wp-json\/wp\/v2\/tags?post=8226"}],"curies":[{"name":"wp","href":"https:\/\/api.w.org\/{rel}","templated":true}]}}