{"id":8223,"date":"2020-09-21T16:32:00","date_gmt":"2020-09-21T19:32:00","guid":{"rendered":"https:\/\/fadeu.urantiacos.cl\/?p=8223"},"modified":"2023-09-10T16:34:23","modified_gmt":"2023-09-10T19:34:23","slug":"libro-sobre-paneles-de-hormigon","status":"publish","type":"post","link":"https:\/\/fadeu.urantiacos.cl\/en\/2020\/09\/21\/libro-sobre-paneles-de-hormigon\/","title":{"rendered":"Libro sobre paneles de hormig\u00f3n"},"content":{"rendered":"\n<figure class=\"wp-block-image size-full\"><img decoding=\"async\" width=\"350\" height=\"250\" src=\"https:\/\/fadeu.urantiacos.cl\/wp-content\/uploads\/2023\/09\/Panelesvoladores_web1.jpg\" alt=\"\" class=\"wp-image-8224\" srcset=\"https:\/\/fadeu.urantiacos.cl\/wp-content\/uploads\/2023\/09\/Panelesvoladores_web1.jpg 350w, https:\/\/fadeu.urantiacos.cl\/wp-content\/uploads\/2023\/09\/Panelesvoladores_web1-300x214.jpg 300w\" sizes=\"(max-width: 350px) 100vw, 350px\" \/><\/figure>\n\n\n\n<h6 class=\"wp-block-heading\">+Revisa la nota&nbsp;<a href=\"https:\/\/www.pauta.cl\/ciudad\/radar-de-plaza-pauta-la-seleccion-de-la-reconquista-peatonal\" target=\"_blank\" rel=\"noreferrer noopener\">aqu\u00ed.<\/a><\/h6>\n\n\n\n<p>Paneles voladores. C\u00f3mo los paneles de hormig\u00f3n cambiaron el mundo&nbsp;es el t\u00edtulo del libro que analiza la historia cultural de esta tecnolog\u00eda constructiva y sus relaciones con la sociedad, la pol\u00edtica y el arte. La tesis es que estos sistemas de construcci\u00f3n modular encarnaron sue\u00f1os y esperanzas que fueron proyectadas hacia un nuevo futuro para el mundo.<\/p>\n\n\n\n<p>Una idea desarrollada en la exposici\u00f3n del mismo nombre curada por&nbsp;Pedro Alonso, de la&nbsp;Escuela de Arquitectura UC, y&nbsp;Hugo Palmarola, de la&nbsp;Escuela de Dise\u00f1o UC, para&nbsp;<a href=\"https:\/\/arkdes.se\/en\/\">The Swedish Centre for Architecture and Design ArkDes<\/a>, realizada entre octubre 2019 y marzo 2020 en Estocolmo.<\/p>\n\n\n\n<figure class=\"wp-block-image\"><img decoding=\"async\" src=\"https:\/\/www.pauta.cl\/pauta\/site\/artic\/20200916\/imag\/foto_0000000120200916123924\/Panelesvoladores.jpg\" alt=\"\"\/><\/figure>\n\n\n\n<p>Paneles voladores&nbsp;-libro de tapa dura, 266 p\u00e1ginas y con textos en sueco, ingl\u00e9s y espa\u00f1ol-, fue publicado por&nbsp;<a href=\"https:\/\/ediciones.uc.cl\/\">Ediciones UC<\/a>&nbsp;en coedici\u00f3n con&nbsp;<a href=\"https:\/\/dom-publishers.com\/\">DOM Publishers<\/a>, de Berl\u00edn, con un dise\u00f1o editorial realizado por la destacada oficina sueca Brand Union.<\/p>\n\n\n\n<figure class=\"wp-block-image\"><img decoding=\"async\" src=\"https:\/\/www.pauta.cl\/pauta\/site\/artic\/20200916\/imag\/foto_0000000220200916123924\/2.jpg\" alt=\"Exposici\u00f3n paralela al libro.\"\/><figcaption class=\"wp-element-caption\">Exposici\u00f3n paralela al libro \/ Cr\u00e9ditos: Ediciones UC<\/figcaption><\/figure>\n\n\n\n<p>Resultado de una investigaci\u00f3n interdisciplinaria dentro de la&nbsp;<a href=\"http:\/\/fadeu.urantiacos.cl\/\">Facultad de Arquitectura, Dise\u00f1o y Estudios Urbanos de la UC<\/a>, considera maquetas, planos, pinturas, afiches, pel\u00edculas, dibujos animados, \u00f3peras y juguetes, y aborda casos locales e internacionales sobre las t\u00e9cnicas y los imaginarios en torno a los paneles prefabricados de hormig\u00f3n armado.<\/p>\n\n\n\n<p>La versi\u00f3n en ingl\u00e9s del libro,&nbsp;Flying Panels: How Concrete Panels Changed the World, fue recientemente nominada al&nbsp;<a href=\"https:\/\/worldarchitecture.org\/article-links\/efmcv\/shortlist-announced-for-dennis-sharp-cica-awards-for-architectural-criticism-2020.html\">Dennis Sharp CICA Awards for Architectural Criticism 2020<\/a>&nbsp;dentro de la categor\u00eda Julius Posener CICA Exhibition Catalogue Award, otorgado por el International Committee of Architectural Critics (CICA).&nbsp;<\/p>\n","protected":false},"excerpt":{"rendered":"<p>Radar Pauta destaca el libro &#8220;Paneles voladores. C\u00f3mo los paneles del hormig\u00f3n cambiaron el mundo&#8221; de los acad\u00e9micos Pedro Alonso (Escuela de Arquitectura) y Hugo Palmorarola (Escuela de Dise\u00f1o).<\/p>\n","protected":false},"author":1,"featured_media":8224,"comment_status":"open","ping_status":"open","sticky":false,"template":"","format":"standard","meta":{"_acf_changed":false,"footnotes":""},"categories":[1],"tags":[],"class_list":["post-8223","post","type-post","status-publish","format-standard","has-post-thumbnail","hentry","category-sin-categorizar"],"acf":[],"yoast_head":"<!-- This site is optimized with the Yoast SEO plugin v27.1.1 - https:\/\/yoast.com\/product\/yoast-seo-wordpress\/ -->\n<title>Libro sobre paneles de hormig\u00f3n - Facultad de Arquitectura, Dise\u00f1o y Estudios Urbanos<\/title>\n<meta name=\"description\" content=\"Radar Pauta destaca el libro &quot;Paneles voladores. C\u00f3mo los paneles del hormig\u00f3n cambiaron el mundo&quot; de los acad\u00e9micos Pedro Alonso (Escuela de Arquitectura) y Hugo Palmorarola (Escuela de Dise\u00f1o).\" \/>\n<meta name=\"robots\" content=\"index, follow, max-snippet:-1, max-image-preview:large, max-video-preview:-1\" \/>\n<link rel=\"canonical\" href=\"https:\/\/fadeu.urantiacos.cl\/en\/2020\/09\/21\/libro-sobre-paneles-de-hormigon\/\" \/>\n<meta property=\"og:locale\" content=\"en_US\" \/>\n<meta property=\"og:type\" content=\"article\" \/>\n<meta property=\"og:title\" content=\"Libro sobre paneles de hormig\u00f3n - Facultad de Arquitectura, Dise\u00f1o y Estudios Urbanos\" \/>\n<meta property=\"og:description\" content=\"Radar Pauta destaca el libro &quot;Paneles voladores. C\u00f3mo los paneles del hormig\u00f3n cambiaron el mundo&quot; de los acad\u00e9micos Pedro Alonso (Escuela de Arquitectura) y Hugo Palmorarola (Escuela de Dise\u00f1o).\" \/>\n<meta property=\"og:url\" content=\"https:\/\/fadeu.urantiacos.cl\/en\/2020\/09\/21\/libro-sobre-paneles-de-hormigon\/\" \/>\n<meta property=\"og:site_name\" content=\"Facultad de Arquitectura, Dise\u00f1o y Estudios Urbanos\" \/>\n<meta property=\"article:published_time\" content=\"2020-09-21T19:32:00+00:00\" \/>\n<meta property=\"article:modified_time\" content=\"2023-09-10T19:34:23+00:00\" \/>\n<meta property=\"og:image\" content=\"https:\/\/fadeu.urantiacos.cl\/wp-content\/uploads\/2023\/09\/Panelesvoladores_web1.jpg\" \/>\n\t<meta property=\"og:image:width\" content=\"350\" \/>\n\t<meta property=\"og:image:height\" content=\"250\" \/>\n\t<meta property=\"og:image:type\" content=\"image\/jpeg\" \/>\n<meta name=\"author\" content=\"manadmin\" \/>\n<meta name=\"twitter:card\" content=\"summary_large_image\" \/>\n<meta name=\"twitter:label1\" content=\"Written by\" \/>\n\t<meta name=\"twitter:data1\" content=\"manadmin\" \/>\n\t<meta name=\"twitter:label2\" content=\"Est. reading time\" \/>\n\t<meta name=\"twitter:data2\" content=\"1 minute\" \/>\n<script type=\"application\/ld+json\" class=\"yoast-schema-graph\">{\"@context\":\"https:\/\/schema.org\",\"@graph\":[{\"@type\":\"Article\",\"@id\":\"https:\/\/fadeu.urantiacos.cl\/en\/2020\/09\/21\/libro-sobre-paneles-de-hormigon\/#article\",\"isPartOf\":{\"@id\":\"https:\/\/fadeu.urantiacos.cl\/en\/2020\/09\/21\/libro-sobre-paneles-de-hormigon\/\"},\"author\":{\"name\":\"manadmin\",\"@id\":\"https:\/\/fadeu.urantiacos.cl\/en\/#\/schema\/person\/d203e2e84b1c40275eac77b3061a19a2\"},\"headline\":\"Libro sobre paneles de hormig\u00f3n\",\"datePublished\":\"2020-09-21T19:32:00+00:00\",\"dateModified\":\"2023-09-10T19:34:23+00:00\",\"mainEntityOfPage\":{\"@id\":\"https:\/\/fadeu.urantiacos.cl\/en\/2020\/09\/21\/libro-sobre-paneles-de-hormigon\/\"},\"wordCount\":293,\"commentCount\":0,\"image\":{\"@id\":\"https:\/\/fadeu.urantiacos.cl\/en\/2020\/09\/21\/libro-sobre-paneles-de-hormigon\/#primaryimage\"},\"thumbnailUrl\":\"https:\/\/fadeu.urantiacos.cl\/wp-content\/uploads\/2023\/09\/Panelesvoladores_web1.jpg\",\"articleSection\":[\"Sin categorizar\"],\"inLanguage\":\"en-US\",\"potentialAction\":[{\"@type\":\"CommentAction\",\"name\":\"Comment\",\"target\":[\"https:\/\/fadeu.urantiacos.cl\/en\/2020\/09\/21\/libro-sobre-paneles-de-hormigon\/#respond\"]}]},{\"@type\":\"WebPage\",\"@id\":\"https:\/\/fadeu.urantiacos.cl\/en\/2020\/09\/21\/libro-sobre-paneles-de-hormigon\/\",\"url\":\"https:\/\/fadeu.urantiacos.cl\/en\/2020\/09\/21\/libro-sobre-paneles-de-hormigon\/\",\"name\":\"Libro sobre paneles de hormig\u00f3n - Facultad de Arquitectura, Dise\u00f1o y Estudios Urbanos\",\"isPartOf\":{\"@id\":\"https:\/\/fadeu.urantiacos.cl\/en\/#website\"},\"primaryImageOfPage\":{\"@id\":\"https:\/\/fadeu.urantiacos.cl\/en\/2020\/09\/21\/libro-sobre-paneles-de-hormigon\/#primaryimage\"},\"image\":{\"@id\":\"https:\/\/fadeu.urantiacos.cl\/en\/2020\/09\/21\/libro-sobre-paneles-de-hormigon\/#primaryimage\"},\"thumbnailUrl\":\"https:\/\/fadeu.urantiacos.cl\/wp-content\/uploads\/2023\/09\/Panelesvoladores_web1.jpg\",\"datePublished\":\"2020-09-21T19:32:00+00:00\",\"dateModified\":\"2023-09-10T19:34:23+00:00\",\"author\":{\"@id\":\"https:\/\/fadeu.urantiacos.cl\/en\/#\/schema\/person\/d203e2e84b1c40275eac77b3061a19a2\"},\"description\":\"Radar Pauta destaca el libro \\\"Paneles voladores. C\u00f3mo los paneles del hormig\u00f3n cambiaron el mundo\\\" de los acad\u00e9micos Pedro Alonso (Escuela de Arquitectura) y Hugo Palmorarola (Escuela de Dise\u00f1o).\",\"breadcrumb\":{\"@id\":\"https:\/\/fadeu.urantiacos.cl\/en\/2020\/09\/21\/libro-sobre-paneles-de-hormigon\/#breadcrumb\"},\"inLanguage\":\"en-US\",\"potentialAction\":[{\"@type\":\"ReadAction\",\"target\":[\"https:\/\/fadeu.urantiacos.cl\/en\/2020\/09\/21\/libro-sobre-paneles-de-hormigon\/\"]}]},{\"@type\":\"ImageObject\",\"inLanguage\":\"en-US\",\"@id\":\"https:\/\/fadeu.urantiacos.cl\/en\/2020\/09\/21\/libro-sobre-paneles-de-hormigon\/#primaryimage\",\"url\":\"https:\/\/fadeu.urantiacos.cl\/wp-content\/uploads\/2023\/09\/Panelesvoladores_web1.jpg\",\"contentUrl\":\"https:\/\/fadeu.urantiacos.cl\/wp-content\/uploads\/2023\/09\/Panelesvoladores_web1.jpg\",\"width\":350,\"height\":250},{\"@type\":\"BreadcrumbList\",\"@id\":\"https:\/\/fadeu.urantiacos.cl\/en\/2020\/09\/21\/libro-sobre-paneles-de-hormigon\/#breadcrumb\",\"itemListElement\":[{\"@type\":\"ListItem\",\"position\":1,\"name\":\"Portada\",\"item\":\"https:\/\/fadeu.urantiacos.cl\/en\/\"},{\"@type\":\"ListItem\",\"position\":2,\"name\":\"Libro sobre paneles de hormig\u00f3n\"}]},{\"@type\":\"WebSite\",\"@id\":\"https:\/\/fadeu.urantiacos.cl\/en\/#website\",\"url\":\"https:\/\/fadeu.urantiacos.cl\/en\/\",\"name\":\"Facultad de Arquitectura, Dise\u00f1o y Estudios Urbanos\",\"description\":\"Campus Lo Contador\",\"potentialAction\":[{\"@type\":\"SearchAction\",\"target\":{\"@type\":\"EntryPoint\",\"urlTemplate\":\"https:\/\/fadeu.urantiacos.cl\/en\/?s={search_term_string}\"},\"query-input\":{\"@type\":\"PropertyValueSpecification\",\"valueRequired\":true,\"valueName\":\"search_term_string\"}}],\"inLanguage\":\"en-US\"},{\"@type\":\"Person\",\"@id\":\"https:\/\/fadeu.urantiacos.cl\/en\/#\/schema\/person\/d203e2e84b1c40275eac77b3061a19a2\",\"name\":\"manadmin\",\"image\":{\"@type\":\"ImageObject\",\"inLanguage\":\"en-US\",\"@id\":\"https:\/\/fadeu.urantiacos.cl\/en\/#\/schema\/person\/image\/\",\"url\":\"https:\/\/secure.gravatar.com\/avatar\/4b1d8e3303b4a9d8968ac578947d8bc80d9aea359f388cdd4aac15cadc0e8447?s=96&d=mm&r=g\",\"contentUrl\":\"https:\/\/secure.gravatar.com\/avatar\/4b1d8e3303b4a9d8968ac578947d8bc80d9aea359f388cdd4aac15cadc0e8447?s=96&d=mm&r=g\",\"caption\":\"manadmin\"},\"sameAs\":[\"https:\/\/fadeu.urantiacos.cl\"]}]}<\/script>\n<!-- \/ Yoast SEO plugin. -->","yoast_head_json":{"title":"Libro sobre paneles de hormig\u00f3n - Facultad de Arquitectura, Dise\u00f1o y Estudios Urbanos","description":"Radar Pauta destaca el libro \"Paneles voladores. C\u00f3mo los paneles del hormig\u00f3n cambiaron el mundo\" de los acad\u00e9micos Pedro Alonso (Escuela de Arquitectura) y Hugo Palmorarola (Escuela de Dise\u00f1o).","robots":{"index":"index","follow":"follow","max-snippet":"max-snippet:-1","max-image-preview":"max-image-preview:large","max-video-preview":"max-video-preview:-1"},"canonical":"https:\/\/fadeu.urantiacos.cl\/en\/2020\/09\/21\/libro-sobre-paneles-de-hormigon\/","og_locale":"en_US","og_type":"article","og_title":"Libro sobre paneles de hormig\u00f3n - Facultad de Arquitectura, Dise\u00f1o y Estudios Urbanos","og_description":"Radar Pauta destaca el libro \"Paneles voladores. C\u00f3mo los paneles del hormig\u00f3n cambiaron el mundo\" de los acad\u00e9micos Pedro Alonso (Escuela de Arquitectura) y Hugo Palmorarola (Escuela de Dise\u00f1o).","og_url":"https:\/\/fadeu.urantiacos.cl\/en\/2020\/09\/21\/libro-sobre-paneles-de-hormigon\/","og_site_name":"Facultad de Arquitectura, Dise\u00f1o y Estudios Urbanos","article_published_time":"2020-09-21T19:32:00+00:00","article_modified_time":"2023-09-10T19:34:23+00:00","og_image":[{"width":350,"height":250,"url":"https:\/\/fadeu.urantiacos.cl\/wp-content\/uploads\/2023\/09\/Panelesvoladores_web1.jpg","type":"image\/jpeg"}],"author":"manadmin","twitter_card":"summary_large_image","twitter_misc":{"Written by":"manadmin","Est. reading time":"1 minute"},"schema":{"@context":"https:\/\/schema.org","@graph":[{"@type":"Article","@id":"https:\/\/fadeu.urantiacos.cl\/en\/2020\/09\/21\/libro-sobre-paneles-de-hormigon\/#article","isPartOf":{"@id":"https:\/\/fadeu.urantiacos.cl\/en\/2020\/09\/21\/libro-sobre-paneles-de-hormigon\/"},"author":{"name":"manadmin","@id":"https:\/\/fadeu.urantiacos.cl\/en\/#\/schema\/person\/d203e2e84b1c40275eac77b3061a19a2"},"headline":"Libro sobre paneles de hormig\u00f3n","datePublished":"2020-09-21T19:32:00+00:00","dateModified":"2023-09-10T19:34:23+00:00","mainEntityOfPage":{"@id":"https:\/\/fadeu.urantiacos.cl\/en\/2020\/09\/21\/libro-sobre-paneles-de-hormigon\/"},"wordCount":293,"commentCount":0,"image":{"@id":"https:\/\/fadeu.urantiacos.cl\/en\/2020\/09\/21\/libro-sobre-paneles-de-hormigon\/#primaryimage"},"thumbnailUrl":"https:\/\/fadeu.urantiacos.cl\/wp-content\/uploads\/2023\/09\/Panelesvoladores_web1.jpg","articleSection":["Sin categorizar"],"inLanguage":"en-US","potentialAction":[{"@type":"CommentAction","name":"Comment","target":["https:\/\/fadeu.urantiacos.cl\/en\/2020\/09\/21\/libro-sobre-paneles-de-hormigon\/#respond"]}]},{"@type":"WebPage","@id":"https:\/\/fadeu.urantiacos.cl\/en\/2020\/09\/21\/libro-sobre-paneles-de-hormigon\/","url":"https:\/\/fadeu.urantiacos.cl\/en\/2020\/09\/21\/libro-sobre-paneles-de-hormigon\/","name":"Libro sobre paneles de hormig\u00f3n - Facultad de Arquitectura, Dise\u00f1o y Estudios Urbanos","isPartOf":{"@id":"https:\/\/fadeu.urantiacos.cl\/en\/#website"},"primaryImageOfPage":{"@id":"https:\/\/fadeu.urantiacos.cl\/en\/2020\/09\/21\/libro-sobre-paneles-de-hormigon\/#primaryimage"},"image":{"@id":"https:\/\/fadeu.urantiacos.cl\/en\/2020\/09\/21\/libro-sobre-paneles-de-hormigon\/#primaryimage"},"thumbnailUrl":"https:\/\/fadeu.urantiacos.cl\/wp-content\/uploads\/2023\/09\/Panelesvoladores_web1.jpg","datePublished":"2020-09-21T19:32:00+00:00","dateModified":"2023-09-10T19:34:23+00:00","author":{"@id":"https:\/\/fadeu.urantiacos.cl\/en\/#\/schema\/person\/d203e2e84b1c40275eac77b3061a19a2"},"description":"Radar Pauta destaca el libro \"Paneles voladores. C\u00f3mo los paneles del hormig\u00f3n cambiaron el mundo\" de los acad\u00e9micos Pedro Alonso (Escuela de Arquitectura) y Hugo Palmorarola (Escuela de Dise\u00f1o).","breadcrumb":{"@id":"https:\/\/fadeu.urantiacos.cl\/en\/2020\/09\/21\/libro-sobre-paneles-de-hormigon\/#breadcrumb"},"inLanguage":"en-US","potentialAction":[{"@type":"ReadAction","target":["https:\/\/fadeu.urantiacos.cl\/en\/2020\/09\/21\/libro-sobre-paneles-de-hormigon\/"]}]},{"@type":"ImageObject","inLanguage":"en-US","@id":"https:\/\/fadeu.urantiacos.cl\/en\/2020\/09\/21\/libro-sobre-paneles-de-hormigon\/#primaryimage","url":"https:\/\/fadeu.urantiacos.cl\/wp-content\/uploads\/2023\/09\/Panelesvoladores_web1.jpg","contentUrl":"https:\/\/fadeu.urantiacos.cl\/wp-content\/uploads\/2023\/09\/Panelesvoladores_web1.jpg","width":350,"height":250},{"@type":"BreadcrumbList","@id":"https:\/\/fadeu.urantiacos.cl\/en\/2020\/09\/21\/libro-sobre-paneles-de-hormigon\/#breadcrumb","itemListElement":[{"@type":"ListItem","position":1,"name":"Portada","item":"https:\/\/fadeu.urantiacos.cl\/en\/"},{"@type":"ListItem","position":2,"name":"Libro sobre paneles de hormig\u00f3n"}]},{"@type":"WebSite","@id":"https:\/\/fadeu.urantiacos.cl\/en\/#website","url":"https:\/\/fadeu.urantiacos.cl\/en\/","name":"Facultad de Arquitectura, Dise\u00f1o y Estudios Urbanos","description":"Campus Lo Contador","potentialAction":[{"@type":"SearchAction","target":{"@type":"EntryPoint","urlTemplate":"https:\/\/fadeu.urantiacos.cl\/en\/?s={search_term_string}"},"query-input":{"@type":"PropertyValueSpecification","valueRequired":true,"valueName":"search_term_string"}}],"inLanguage":"en-US"},{"@type":"Person","@id":"https:\/\/fadeu.urantiacos.cl\/en\/#\/schema\/person\/d203e2e84b1c40275eac77b3061a19a2","name":"manadmin","image":{"@type":"ImageObject","inLanguage":"en-US","@id":"https:\/\/fadeu.urantiacos.cl\/en\/#\/schema\/person\/image\/","url":"https:\/\/secure.gravatar.com\/avatar\/4b1d8e3303b4a9d8968ac578947d8bc80d9aea359f388cdd4aac15cadc0e8447?s=96&d=mm&r=g","contentUrl":"https:\/\/secure.gravatar.com\/avatar\/4b1d8e3303b4a9d8968ac578947d8bc80d9aea359f388cdd4aac15cadc0e8447?s=96&d=mm&r=g","caption":"manadmin"},"sameAs":["https:\/\/fadeu.urantiacos.cl"]}]}},"_links":{"self":[{"href":"https:\/\/fadeu.urantiacos.cl\/en\/wp-json\/wp\/v2\/posts\/8223","targetHints":{"allow":["GET"]}}],"collection":[{"href":"https:\/\/fadeu.urantiacos.cl\/en\/wp-json\/wp\/v2\/posts"}],"about":[{"href":"https:\/\/fadeu.urantiacos.cl\/en\/wp-json\/wp\/v2\/types\/post"}],"author":[{"embeddable":true,"href":"https:\/\/fadeu.urantiacos.cl\/en\/wp-json\/wp\/v2\/users\/1"}],"replies":[{"embeddable":true,"href":"https:\/\/fadeu.urantiacos.cl\/en\/wp-json\/wp\/v2\/comments?post=8223"}],"version-history":[{"count":1,"href":"https:\/\/fadeu.urantiacos.cl\/en\/wp-json\/wp\/v2\/posts\/8223\/revisions"}],"predecessor-version":[{"id":8225,"href":"https:\/\/fadeu.urantiacos.cl\/en\/wp-json\/wp\/v2\/posts\/8223\/revisions\/8225"}],"wp:featuredmedia":[{"embeddable":true,"href":"https:\/\/fadeu.urantiacos.cl\/en\/wp-json\/wp\/v2\/media\/8224"}],"wp:attachment":[{"href":"https:\/\/fadeu.urantiacos.cl\/en\/wp-json\/wp\/v2\/media?parent=8223"}],"wp:term":[{"taxonomy":"category","embeddable":true,"href":"https:\/\/fadeu.urantiacos.cl\/en\/wp-json\/wp\/v2\/categories?post=8223"},{"taxonomy":"post_tag","embeddable":true,"href":"https:\/\/fadeu.urantiacos.cl\/en\/wp-json\/wp\/v2\/tags?post=8223"}],"curies":[{"name":"wp","href":"https:\/\/api.w.org\/{rel}","templated":true}]}}