{"id":8215,"date":"2020-09-24T16:25:00","date_gmt":"2020-09-24T19:25:00","guid":{"rendered":"https:\/\/fadeu.urantiacos.cl\/?p=8215"},"modified":"2023-09-10T16:30:58","modified_gmt":"2023-09-10T19:30:58","slug":"profesor-hugo-mondragon-dicto-conferencia-para-la-universidad-nacional-de-colombia","status":"publish","type":"post","link":"https:\/\/fadeu.urantiacos.cl\/en\/2020\/09\/24\/profesor-hugo-mondragon-dicto-conferencia-para-la-universidad-nacional-de-colombia\/","title":{"rendered":"Profesor Hugo Mondrag\u00f3n dict\u00f3 conferencia para la Universidad Nacional de Colombia"},"content":{"rendered":"\n<figure class=\"wp-block-image size-full\"><img decoding=\"async\" width=\"350\" height=\"250\" src=\"https:\/\/fadeu.urantiacos.cl\/wp-content\/uploads\/2023\/09\/hugo_conferencia_colombia.jpg\" alt=\"\" class=\"wp-image-8216\" srcset=\"https:\/\/fadeu.urantiacos.cl\/wp-content\/uploads\/2023\/09\/hugo_conferencia_colombia.jpg 350w, https:\/\/fadeu.urantiacos.cl\/wp-content\/uploads\/2023\/09\/hugo_conferencia_colombia-300x214.jpg 300w\" sizes=\"(max-width: 350px) 100vw, 350px\" \/><\/figure>\n\n\n\n<p>En su intervenci\u00f3n, Mondrag\u00f3n sostuvo que en ambos pa\u00edses se intent\u00f3 presentar la arquitectura moderna como un movimiento que ten\u00eda una continuidad hist\u00f3rica con la arquitectura del pasado. \u201cEn el caso de Brasil con el Barroco luzo brasilero y en el caso de Colombia con la arquitectura colonial. De esta manera, cada pa\u00eds se separ\u00f3 de ese tronco central que era la arquitectura moderna y propuso la existencia de nuevos linajes: la arquitectura moderna&nbsp;brasile\u00f1a&nbsp;y la arquitectura moderna&nbsp;colombiana, con caracter\u00edsticas comunes, pero con matices y singularidades importantes\u201d, asever\u00f3.<\/p>\n\n\n\n<p>Ambos pa\u00edses fueron, adem\u00e1s, visitados en su momento por Le Corbusier, uno de los arquitectos m\u00e1s influyentes del siglo XX. A pesar de esta coincidencia de base, la interpretaci\u00f3n que la historiograf\u00eda le ha dado a este episodio en ambos pa\u00edses es muy diferente. \u201cLos brasile\u00f1os sienten que tienen una deuda intelectual y art\u00edstica con el arquitecto suizo, mientras los colombianos han preferido concentrar su cr\u00edtica en se\u00f1alar los errores de la propuesta urban\u00edstica de Le Corbusier para Bogot\u00e1\u201d, advirti\u00f3 Mondrag\u00f3n, agregando, eso s\u00ed, que \u201ces innegable que las culturas arquitect\u00f3nicas de las dos naciones quedaron marcadas por el encuentro con un personaje tan importante, hasta el punto que, esquem\u00e1ticamente, se puede decir que \u00e9stas se pueden dividir entre los seguidores y los detractores de Le Corbusier\u201d.<\/p>\n\n\n\n<p>Finalmente, relat\u00f3 Mondrag\u00f3n, el viaje que realiz\u00f3 el arquitecto colombiano Gabriel Serrano a Brasil en 1948, le permiti\u00f3 conocer de primera mano una serie de estrategias proyectuales y dispositivos constructivos que hab\u00edan inventado los arquitectos brasile\u00f1os con el fin de imprimir un car\u00e1cter &#8220;tropical&#8221; a la &#8220;fr\u00eda&#8221; arquitectura moderna europea.&nbsp;<\/p>\n\n\n\n<p>As\u00ed, los dibujos realizados por Serrano (socio de la firma Cuellar-Serrano-G\u00f3mez), publicados en la revista Proa, quedaron a disposici\u00f3n de los arquitectos colombianos, quienes libremente tomaron prestados los descubrimientos de los brasile\u00f1os, especialmente cuando tuvieron que proyectar edificios en las ciudades de Colombia que tienen un clima tropical. \u201cPor eso vemos aparecer en ciudades como Barranquilla, Cali o Ibagu\u00e9, un tipo de arquitectura moderna con persianas verticales y horizontales, celos\u00edas, y&nbsp;vol\u00famenes abiertos que se rompen y se perforan para permitir que el viento corra y que algo de la frescura de la vegetaci\u00f3n que rodea los edificios, ingrese a los espacios interiores para el disfrute de los habitantes\u201d, concluy\u00f3.<\/p>\n\n\n\n<p>M\u00e1s de 1.300 personas se conectaron en la conferencia que se transmiti\u00f3 v\u00eda YouTube Live. Si quieres repasar la charla, puedes visitar el siguiente link:&nbsp;<a href=\"https:\/\/www.youtube.com\/watch?v=IqcWZ5x-Js0\">https:\/\/www.youtube.com\/watch?v=IqcWZ5x-Js0<\/a><a href=\"https:\/\/www.youtube.com\/watch?v=IqcWZ5x-Js0\"><\/a><\/p>\n\n\n\n<figure class=\"wp-block-image size-large\"><img decoding=\"async\" width=\"1024\" height=\"576\" src=\"https:\/\/fadeu.urantiacos.cl\/wp-content\/uploads\/2023\/09\/0_Lecciones_de_Arquitectura_PORTADA_1-1024x576.jpg\" alt=\"\" class=\"wp-image-8217\" srcset=\"https:\/\/fadeu.urantiacos.cl\/wp-content\/uploads\/2023\/09\/0_Lecciones_de_Arquitectura_PORTADA_1-1024x576.jpg 1024w, https:\/\/fadeu.urantiacos.cl\/wp-content\/uploads\/2023\/09\/0_Lecciones_de_Arquitectura_PORTADA_1-300x169.jpg 300w, https:\/\/fadeu.urantiacos.cl\/wp-content\/uploads\/2023\/09\/0_Lecciones_de_Arquitectura_PORTADA_1-768x432.jpg 768w, https:\/\/fadeu.urantiacos.cl\/wp-content\/uploads\/2023\/09\/0_Lecciones_de_Arquitectura_PORTADA_1-1536x864.jpg 1536w, https:\/\/fadeu.urantiacos.cl\/wp-content\/uploads\/2023\/09\/0_Lecciones_de_Arquitectura_PORTADA_1-2048x1152.jpg 2048w, https:\/\/fadeu.urantiacos.cl\/wp-content\/uploads\/2023\/09\/0_Lecciones_de_Arquitectura_PORTADA_1-scaled.jpg 1600w\" sizes=\"(max-width: 1024px) 100vw, 1024px\" \/><\/figure>\n\n\n\n<figure class=\"wp-block-image size-large\"><img decoding=\"async\" width=\"1024\" height=\"510\" src=\"https:\/\/fadeu.urantiacos.cl\/wp-content\/uploads\/2023\/09\/image_2-1024x510.png\" alt=\"\" class=\"wp-image-8218\" srcset=\"https:\/\/fadeu.urantiacos.cl\/wp-content\/uploads\/2023\/09\/image_2-1024x510.png 1024w, https:\/\/fadeu.urantiacos.cl\/wp-content\/uploads\/2023\/09\/image_2-300x149.png 300w, https:\/\/fadeu.urantiacos.cl\/wp-content\/uploads\/2023\/09\/image_2-768x382.png 768w, https:\/\/fadeu.urantiacos.cl\/wp-content\/uploads\/2023\/09\/image_2-1536x764.png 1536w, https:\/\/fadeu.urantiacos.cl\/wp-content\/uploads\/2023\/09\/image_2.png 1600w\" sizes=\"(max-width: 1024px) 100vw, 1024px\" \/><\/figure>\n","protected":false},"excerpt":{"rendered":"<p>&#8220;Sinton\u00eda cultural: algunas coincidencias entre la arquitectura moderna de Brasil y Colombia&#8221;, fue el t\u00edtulo de la conferencia internacional que dict\u00f3 el profesor de la escuela de Arquitectura, Hugo Mondrag\u00f3n, en el marco del ciclo \u201cLecciones de Arquitectura desde la distancia\u201d, impulsado por la Universidad Nacional de Colombia.<\/p>\n","protected":false},"author":1,"featured_media":8216,"comment_status":"open","ping_status":"open","sticky":false,"template":"","format":"standard","meta":{"_acf_changed":false,"footnotes":""},"categories":[1],"tags":[],"class_list":["post-8215","post","type-post","status-publish","format-standard","has-post-thumbnail","hentry","category-sin-categorizar"],"acf":[],"yoast_head":"<!-- This site is optimized with the Yoast SEO plugin v27.1.1 - https:\/\/yoast.com\/product\/yoast-seo-wordpress\/ -->\n<title>Profesor Hugo Mondrag\u00f3n dict\u00f3 conferencia para la Universidad Nacional de Colombia - Facultad de Arquitectura, Dise\u00f1o y Estudios Urbanos<\/title>\n<meta name=\"description\" content=\"&quot;Sinton\u00eda cultural: algunas coincidencias entre la arquitectura moderna de Brasil y Colombia&quot;, fue el t\u00edtulo de la conferencia internacional que dict\u00f3 el profesor de la escuela de Arquitectura, Hugo Mondrag\u00f3n, en el marco del ciclo \u201cLecciones de Arquitectura desde la distancia\u201d, impulsado por la Universidad Nacional de Colombia.\" \/>\n<meta name=\"robots\" content=\"index, follow, max-snippet:-1, max-image-preview:large, max-video-preview:-1\" \/>\n<link rel=\"canonical\" href=\"https:\/\/fadeu.urantiacos.cl\/en\/2020\/09\/24\/profesor-hugo-mondragon-dicto-conferencia-para-la-universidad-nacional-de-colombia\/\" \/>\n<meta property=\"og:locale\" content=\"en_US\" \/>\n<meta property=\"og:type\" content=\"article\" \/>\n<meta property=\"og:title\" content=\"Profesor Hugo Mondrag\u00f3n dict\u00f3 conferencia para la Universidad Nacional de Colombia - Facultad de Arquitectura, Dise\u00f1o y Estudios Urbanos\" \/>\n<meta property=\"og:description\" content=\"&quot;Sinton\u00eda cultural: algunas coincidencias entre la arquitectura moderna de Brasil y Colombia&quot;, fue el t\u00edtulo de la conferencia internacional que dict\u00f3 el profesor de la escuela de Arquitectura, Hugo Mondrag\u00f3n, en el marco del ciclo \u201cLecciones de Arquitectura desde la distancia\u201d, impulsado por la Universidad Nacional de Colombia.\" \/>\n<meta property=\"og:url\" content=\"https:\/\/fadeu.urantiacos.cl\/en\/2020\/09\/24\/profesor-hugo-mondragon-dicto-conferencia-para-la-universidad-nacional-de-colombia\/\" \/>\n<meta property=\"og:site_name\" content=\"Facultad de Arquitectura, Dise\u00f1o y Estudios Urbanos\" \/>\n<meta property=\"article:published_time\" content=\"2020-09-24T19:25:00+00:00\" \/>\n<meta property=\"article:modified_time\" content=\"2023-09-10T19:30:58+00:00\" \/>\n<meta property=\"og:image\" content=\"https:\/\/fadeu.urantiacos.cl\/wp-content\/uploads\/2023\/09\/hugo_conferencia_colombia.jpg\" \/>\n\t<meta property=\"og:image:width\" content=\"350\" \/>\n\t<meta property=\"og:image:height\" content=\"250\" \/>\n\t<meta property=\"og:image:type\" content=\"image\/jpeg\" \/>\n<meta name=\"author\" content=\"manadmin\" \/>\n<meta name=\"twitter:card\" content=\"summary_large_image\" \/>\n<meta name=\"twitter:label1\" content=\"Written by\" \/>\n\t<meta name=\"twitter:data1\" content=\"manadmin\" \/>\n\t<meta name=\"twitter:label2\" content=\"Est. reading time\" \/>\n\t<meta name=\"twitter:data2\" content=\"2 minutes\" \/>\n<script type=\"application\/ld+json\" class=\"yoast-schema-graph\">{\"@context\":\"https:\/\/schema.org\",\"@graph\":[{\"@type\":\"Article\",\"@id\":\"https:\/\/fadeu.urantiacos.cl\/en\/2020\/09\/24\/profesor-hugo-mondragon-dicto-conferencia-para-la-universidad-nacional-de-colombia\/#article\",\"isPartOf\":{\"@id\":\"https:\/\/fadeu.urantiacos.cl\/en\/2020\/09\/24\/profesor-hugo-mondragon-dicto-conferencia-para-la-universidad-nacional-de-colombia\/\"},\"author\":{\"name\":\"manadmin\",\"@id\":\"https:\/\/fadeu.urantiacos.cl\/en\/#\/schema\/person\/d203e2e84b1c40275eac77b3061a19a2\"},\"headline\":\"Profesor Hugo Mondrag\u00f3n dict\u00f3 conferencia para la Universidad Nacional de Colombia\",\"datePublished\":\"2020-09-24T19:25:00+00:00\",\"dateModified\":\"2023-09-10T19:30:58+00:00\",\"mainEntityOfPage\":{\"@id\":\"https:\/\/fadeu.urantiacos.cl\/en\/2020\/09\/24\/profesor-hugo-mondragon-dicto-conferencia-para-la-universidad-nacional-de-colombia\/\"},\"wordCount\":461,\"commentCount\":0,\"image\":{\"@id\":\"https:\/\/fadeu.urantiacos.cl\/en\/2020\/09\/24\/profesor-hugo-mondragon-dicto-conferencia-para-la-universidad-nacional-de-colombia\/#primaryimage\"},\"thumbnailUrl\":\"https:\/\/fadeu.urantiacos.cl\/wp-content\/uploads\/2023\/09\/hugo_conferencia_colombia.jpg\",\"articleSection\":[\"Sin categorizar\"],\"inLanguage\":\"en-US\",\"potentialAction\":[{\"@type\":\"CommentAction\",\"name\":\"Comment\",\"target\":[\"https:\/\/fadeu.urantiacos.cl\/en\/2020\/09\/24\/profesor-hugo-mondragon-dicto-conferencia-para-la-universidad-nacional-de-colombia\/#respond\"]}]},{\"@type\":\"WebPage\",\"@id\":\"https:\/\/fadeu.urantiacos.cl\/en\/2020\/09\/24\/profesor-hugo-mondragon-dicto-conferencia-para-la-universidad-nacional-de-colombia\/\",\"url\":\"https:\/\/fadeu.urantiacos.cl\/en\/2020\/09\/24\/profesor-hugo-mondragon-dicto-conferencia-para-la-universidad-nacional-de-colombia\/\",\"name\":\"Profesor Hugo Mondrag\u00f3n dict\u00f3 conferencia para la Universidad Nacional de Colombia - Facultad de Arquitectura, Dise\u00f1o y Estudios Urbanos\",\"isPartOf\":{\"@id\":\"https:\/\/fadeu.urantiacos.cl\/en\/#website\"},\"primaryImageOfPage\":{\"@id\":\"https:\/\/fadeu.urantiacos.cl\/en\/2020\/09\/24\/profesor-hugo-mondragon-dicto-conferencia-para-la-universidad-nacional-de-colombia\/#primaryimage\"},\"image\":{\"@id\":\"https:\/\/fadeu.urantiacos.cl\/en\/2020\/09\/24\/profesor-hugo-mondragon-dicto-conferencia-para-la-universidad-nacional-de-colombia\/#primaryimage\"},\"thumbnailUrl\":\"https:\/\/fadeu.urantiacos.cl\/wp-content\/uploads\/2023\/09\/hugo_conferencia_colombia.jpg\",\"datePublished\":\"2020-09-24T19:25:00+00:00\",\"dateModified\":\"2023-09-10T19:30:58+00:00\",\"author\":{\"@id\":\"https:\/\/fadeu.urantiacos.cl\/en\/#\/schema\/person\/d203e2e84b1c40275eac77b3061a19a2\"},\"description\":\"\\\"Sinton\u00eda cultural: algunas coincidencias entre la arquitectura moderna de Brasil y Colombia\\\", fue el t\u00edtulo de la conferencia internacional que dict\u00f3 el profesor de la escuela de Arquitectura, Hugo Mondrag\u00f3n, en el marco del ciclo \u201cLecciones de Arquitectura desde la distancia\u201d, impulsado por la Universidad Nacional de Colombia.\",\"breadcrumb\":{\"@id\":\"https:\/\/fadeu.urantiacos.cl\/en\/2020\/09\/24\/profesor-hugo-mondragon-dicto-conferencia-para-la-universidad-nacional-de-colombia\/#breadcrumb\"},\"inLanguage\":\"en-US\",\"potentialAction\":[{\"@type\":\"ReadAction\",\"target\":[\"https:\/\/fadeu.urantiacos.cl\/en\/2020\/09\/24\/profesor-hugo-mondragon-dicto-conferencia-para-la-universidad-nacional-de-colombia\/\"]}]},{\"@type\":\"ImageObject\",\"inLanguage\":\"en-US\",\"@id\":\"https:\/\/fadeu.urantiacos.cl\/en\/2020\/09\/24\/profesor-hugo-mondragon-dicto-conferencia-para-la-universidad-nacional-de-colombia\/#primaryimage\",\"url\":\"https:\/\/fadeu.urantiacos.cl\/wp-content\/uploads\/2023\/09\/hugo_conferencia_colombia.jpg\",\"contentUrl\":\"https:\/\/fadeu.urantiacos.cl\/wp-content\/uploads\/2023\/09\/hugo_conferencia_colombia.jpg\",\"width\":350,\"height\":250},{\"@type\":\"BreadcrumbList\",\"@id\":\"https:\/\/fadeu.urantiacos.cl\/en\/2020\/09\/24\/profesor-hugo-mondragon-dicto-conferencia-para-la-universidad-nacional-de-colombia\/#breadcrumb\",\"itemListElement\":[{\"@type\":\"ListItem\",\"position\":1,\"name\":\"Portada\",\"item\":\"https:\/\/fadeu.urantiacos.cl\/en\/\"},{\"@type\":\"ListItem\",\"position\":2,\"name\":\"Profesor Hugo Mondrag\u00f3n dict\u00f3 conferencia para la Universidad Nacional de Colombia\"}]},{\"@type\":\"WebSite\",\"@id\":\"https:\/\/fadeu.urantiacos.cl\/en\/#website\",\"url\":\"https:\/\/fadeu.urantiacos.cl\/en\/\",\"name\":\"Facultad de Arquitectura, Dise\u00f1o y Estudios Urbanos\",\"description\":\"Campus Lo Contador\",\"potentialAction\":[{\"@type\":\"SearchAction\",\"target\":{\"@type\":\"EntryPoint\",\"urlTemplate\":\"https:\/\/fadeu.urantiacos.cl\/en\/?s={search_term_string}\"},\"query-input\":{\"@type\":\"PropertyValueSpecification\",\"valueRequired\":true,\"valueName\":\"search_term_string\"}}],\"inLanguage\":\"en-US\"},{\"@type\":\"Person\",\"@id\":\"https:\/\/fadeu.urantiacos.cl\/en\/#\/schema\/person\/d203e2e84b1c40275eac77b3061a19a2\",\"name\":\"manadmin\",\"image\":{\"@type\":\"ImageObject\",\"inLanguage\":\"en-US\",\"@id\":\"https:\/\/fadeu.urantiacos.cl\/en\/#\/schema\/person\/image\/\",\"url\":\"https:\/\/secure.gravatar.com\/avatar\/4b1d8e3303b4a9d8968ac578947d8bc80d9aea359f388cdd4aac15cadc0e8447?s=96&d=mm&r=g\",\"contentUrl\":\"https:\/\/secure.gravatar.com\/avatar\/4b1d8e3303b4a9d8968ac578947d8bc80d9aea359f388cdd4aac15cadc0e8447?s=96&d=mm&r=g\",\"caption\":\"manadmin\"},\"sameAs\":[\"https:\/\/fadeu.urantiacos.cl\"]}]}<\/script>\n<!-- \/ Yoast SEO plugin. -->","yoast_head_json":{"title":"Profesor Hugo Mondrag\u00f3n dict\u00f3 conferencia para la Universidad Nacional de Colombia - Facultad de Arquitectura, Dise\u00f1o y Estudios Urbanos","description":"\"Sinton\u00eda cultural: algunas coincidencias entre la arquitectura moderna de Brasil y Colombia\", fue el t\u00edtulo de la conferencia internacional que dict\u00f3 el profesor de la escuela de Arquitectura, Hugo Mondrag\u00f3n, en el marco del ciclo \u201cLecciones de Arquitectura desde la distancia\u201d, impulsado por la Universidad Nacional de Colombia.","robots":{"index":"index","follow":"follow","max-snippet":"max-snippet:-1","max-image-preview":"max-image-preview:large","max-video-preview":"max-video-preview:-1"},"canonical":"https:\/\/fadeu.urantiacos.cl\/en\/2020\/09\/24\/profesor-hugo-mondragon-dicto-conferencia-para-la-universidad-nacional-de-colombia\/","og_locale":"en_US","og_type":"article","og_title":"Profesor Hugo Mondrag\u00f3n dict\u00f3 conferencia para la Universidad Nacional de Colombia - Facultad de Arquitectura, Dise\u00f1o y Estudios Urbanos","og_description":"\"Sinton\u00eda cultural: algunas coincidencias entre la arquitectura moderna de Brasil y Colombia\", fue el t\u00edtulo de la conferencia internacional que dict\u00f3 el profesor de la escuela de Arquitectura, Hugo Mondrag\u00f3n, en el marco del ciclo \u201cLecciones de Arquitectura desde la distancia\u201d, impulsado por la Universidad Nacional de Colombia.","og_url":"https:\/\/fadeu.urantiacos.cl\/en\/2020\/09\/24\/profesor-hugo-mondragon-dicto-conferencia-para-la-universidad-nacional-de-colombia\/","og_site_name":"Facultad de Arquitectura, Dise\u00f1o y Estudios Urbanos","article_published_time":"2020-09-24T19:25:00+00:00","article_modified_time":"2023-09-10T19:30:58+00:00","og_image":[{"width":350,"height":250,"url":"https:\/\/fadeu.urantiacos.cl\/wp-content\/uploads\/2023\/09\/hugo_conferencia_colombia.jpg","type":"image\/jpeg"}],"author":"manadmin","twitter_card":"summary_large_image","twitter_misc":{"Written by":"manadmin","Est. reading time":"2 minutes"},"schema":{"@context":"https:\/\/schema.org","@graph":[{"@type":"Article","@id":"https:\/\/fadeu.urantiacos.cl\/en\/2020\/09\/24\/profesor-hugo-mondragon-dicto-conferencia-para-la-universidad-nacional-de-colombia\/#article","isPartOf":{"@id":"https:\/\/fadeu.urantiacos.cl\/en\/2020\/09\/24\/profesor-hugo-mondragon-dicto-conferencia-para-la-universidad-nacional-de-colombia\/"},"author":{"name":"manadmin","@id":"https:\/\/fadeu.urantiacos.cl\/en\/#\/schema\/person\/d203e2e84b1c40275eac77b3061a19a2"},"headline":"Profesor Hugo Mondrag\u00f3n dict\u00f3 conferencia para la Universidad Nacional de Colombia","datePublished":"2020-09-24T19:25:00+00:00","dateModified":"2023-09-10T19:30:58+00:00","mainEntityOfPage":{"@id":"https:\/\/fadeu.urantiacos.cl\/en\/2020\/09\/24\/profesor-hugo-mondragon-dicto-conferencia-para-la-universidad-nacional-de-colombia\/"},"wordCount":461,"commentCount":0,"image":{"@id":"https:\/\/fadeu.urantiacos.cl\/en\/2020\/09\/24\/profesor-hugo-mondragon-dicto-conferencia-para-la-universidad-nacional-de-colombia\/#primaryimage"},"thumbnailUrl":"https:\/\/fadeu.urantiacos.cl\/wp-content\/uploads\/2023\/09\/hugo_conferencia_colombia.jpg","articleSection":["Sin categorizar"],"inLanguage":"en-US","potentialAction":[{"@type":"CommentAction","name":"Comment","target":["https:\/\/fadeu.urantiacos.cl\/en\/2020\/09\/24\/profesor-hugo-mondragon-dicto-conferencia-para-la-universidad-nacional-de-colombia\/#respond"]}]},{"@type":"WebPage","@id":"https:\/\/fadeu.urantiacos.cl\/en\/2020\/09\/24\/profesor-hugo-mondragon-dicto-conferencia-para-la-universidad-nacional-de-colombia\/","url":"https:\/\/fadeu.urantiacos.cl\/en\/2020\/09\/24\/profesor-hugo-mondragon-dicto-conferencia-para-la-universidad-nacional-de-colombia\/","name":"Profesor Hugo Mondrag\u00f3n dict\u00f3 conferencia para la Universidad Nacional de Colombia - Facultad de Arquitectura, Dise\u00f1o y Estudios Urbanos","isPartOf":{"@id":"https:\/\/fadeu.urantiacos.cl\/en\/#website"},"primaryImageOfPage":{"@id":"https:\/\/fadeu.urantiacos.cl\/en\/2020\/09\/24\/profesor-hugo-mondragon-dicto-conferencia-para-la-universidad-nacional-de-colombia\/#primaryimage"},"image":{"@id":"https:\/\/fadeu.urantiacos.cl\/en\/2020\/09\/24\/profesor-hugo-mondragon-dicto-conferencia-para-la-universidad-nacional-de-colombia\/#primaryimage"},"thumbnailUrl":"https:\/\/fadeu.urantiacos.cl\/wp-content\/uploads\/2023\/09\/hugo_conferencia_colombia.jpg","datePublished":"2020-09-24T19:25:00+00:00","dateModified":"2023-09-10T19:30:58+00:00","author":{"@id":"https:\/\/fadeu.urantiacos.cl\/en\/#\/schema\/person\/d203e2e84b1c40275eac77b3061a19a2"},"description":"\"Sinton\u00eda cultural: algunas coincidencias entre la arquitectura moderna de Brasil y Colombia\", fue el t\u00edtulo de la conferencia internacional que dict\u00f3 el profesor de la escuela de Arquitectura, Hugo Mondrag\u00f3n, en el marco del ciclo \u201cLecciones de Arquitectura desde la distancia\u201d, impulsado por la Universidad Nacional de Colombia.","breadcrumb":{"@id":"https:\/\/fadeu.urantiacos.cl\/en\/2020\/09\/24\/profesor-hugo-mondragon-dicto-conferencia-para-la-universidad-nacional-de-colombia\/#breadcrumb"},"inLanguage":"en-US","potentialAction":[{"@type":"ReadAction","target":["https:\/\/fadeu.urantiacos.cl\/en\/2020\/09\/24\/profesor-hugo-mondragon-dicto-conferencia-para-la-universidad-nacional-de-colombia\/"]}]},{"@type":"ImageObject","inLanguage":"en-US","@id":"https:\/\/fadeu.urantiacos.cl\/en\/2020\/09\/24\/profesor-hugo-mondragon-dicto-conferencia-para-la-universidad-nacional-de-colombia\/#primaryimage","url":"https:\/\/fadeu.urantiacos.cl\/wp-content\/uploads\/2023\/09\/hugo_conferencia_colombia.jpg","contentUrl":"https:\/\/fadeu.urantiacos.cl\/wp-content\/uploads\/2023\/09\/hugo_conferencia_colombia.jpg","width":350,"height":250},{"@type":"BreadcrumbList","@id":"https:\/\/fadeu.urantiacos.cl\/en\/2020\/09\/24\/profesor-hugo-mondragon-dicto-conferencia-para-la-universidad-nacional-de-colombia\/#breadcrumb","itemListElement":[{"@type":"ListItem","position":1,"name":"Portada","item":"https:\/\/fadeu.urantiacos.cl\/en\/"},{"@type":"ListItem","position":2,"name":"Profesor Hugo Mondrag\u00f3n dict\u00f3 conferencia para la Universidad Nacional de Colombia"}]},{"@type":"WebSite","@id":"https:\/\/fadeu.urantiacos.cl\/en\/#website","url":"https:\/\/fadeu.urantiacos.cl\/en\/","name":"Facultad de Arquitectura, Dise\u00f1o y Estudios Urbanos","description":"Campus Lo Contador","potentialAction":[{"@type":"SearchAction","target":{"@type":"EntryPoint","urlTemplate":"https:\/\/fadeu.urantiacos.cl\/en\/?s={search_term_string}"},"query-input":{"@type":"PropertyValueSpecification","valueRequired":true,"valueName":"search_term_string"}}],"inLanguage":"en-US"},{"@type":"Person","@id":"https:\/\/fadeu.urantiacos.cl\/en\/#\/schema\/person\/d203e2e84b1c40275eac77b3061a19a2","name":"manadmin","image":{"@type":"ImageObject","inLanguage":"en-US","@id":"https:\/\/fadeu.urantiacos.cl\/en\/#\/schema\/person\/image\/","url":"https:\/\/secure.gravatar.com\/avatar\/4b1d8e3303b4a9d8968ac578947d8bc80d9aea359f388cdd4aac15cadc0e8447?s=96&d=mm&r=g","contentUrl":"https:\/\/secure.gravatar.com\/avatar\/4b1d8e3303b4a9d8968ac578947d8bc80d9aea359f388cdd4aac15cadc0e8447?s=96&d=mm&r=g","caption":"manadmin"},"sameAs":["https:\/\/fadeu.urantiacos.cl"]}]}},"_links":{"self":[{"href":"https:\/\/fadeu.urantiacos.cl\/en\/wp-json\/wp\/v2\/posts\/8215","targetHints":{"allow":["GET"]}}],"collection":[{"href":"https:\/\/fadeu.urantiacos.cl\/en\/wp-json\/wp\/v2\/posts"}],"about":[{"href":"https:\/\/fadeu.urantiacos.cl\/en\/wp-json\/wp\/v2\/types\/post"}],"author":[{"embeddable":true,"href":"https:\/\/fadeu.urantiacos.cl\/en\/wp-json\/wp\/v2\/users\/1"}],"replies":[{"embeddable":true,"href":"https:\/\/fadeu.urantiacos.cl\/en\/wp-json\/wp\/v2\/comments?post=8215"}],"version-history":[{"count":1,"href":"https:\/\/fadeu.urantiacos.cl\/en\/wp-json\/wp\/v2\/posts\/8215\/revisions"}],"predecessor-version":[{"id":8219,"href":"https:\/\/fadeu.urantiacos.cl\/en\/wp-json\/wp\/v2\/posts\/8215\/revisions\/8219"}],"wp:featuredmedia":[{"embeddable":true,"href":"https:\/\/fadeu.urantiacos.cl\/en\/wp-json\/wp\/v2\/media\/8216"}],"wp:attachment":[{"href":"https:\/\/fadeu.urantiacos.cl\/en\/wp-json\/wp\/v2\/media?parent=8215"}],"wp:term":[{"taxonomy":"category","embeddable":true,"href":"https:\/\/fadeu.urantiacos.cl\/en\/wp-json\/wp\/v2\/categories?post=8215"},{"taxonomy":"post_tag","embeddable":true,"href":"https:\/\/fadeu.urantiacos.cl\/en\/wp-json\/wp\/v2\/tags?post=8215"}],"curies":[{"name":"wp","href":"https:\/\/api.w.org\/{rel}","templated":true}]}}