{"id":8211,"date":"2020-09-25T16:19:00","date_gmt":"2020-09-25T19:19:00","guid":{"rendered":"https:\/\/fadeu.urantiacos.cl\/?p=8211"},"modified":"2023-09-10T16:25:17","modified_gmt":"2023-09-10T19:25:17","slug":"charla-del-decano-mario-ubilla-cerro-el-ciclo-reflexiones-de-futuro-sobre-diseno-y-arquitectura","status":"publish","type":"post","link":"https:\/\/fadeu.urantiacos.cl\/en\/2020\/09\/25\/charla-del-decano-mario-ubilla-cerro-el-ciclo-reflexiones-de-futuro-sobre-diseno-y-arquitectura\/","title":{"rendered":"Charla del Decano Mario Ubilla cerr\u00f3 el ciclo Reflexiones de Futuro sobre Dise\u00f1o y Arquitectura"},"content":{"rendered":"\n<figure class=\"wp-block-image size-full\"><img decoding=\"async\" width=\"350\" height=\"250\" src=\"https:\/\/fadeu.urantiacos.cl\/wp-content\/uploads\/2023\/09\/charla_mario_LCD.png\" alt=\"\" class=\"wp-image-8212\" srcset=\"https:\/\/fadeu.urantiacos.cl\/wp-content\/uploads\/2023\/09\/charla_mario_LCD.png 350w, https:\/\/fadeu.urantiacos.cl\/wp-content\/uploads\/2023\/09\/charla_mario_LCD-300x214.png 300w\" sizes=\"(max-width: 350px) 100vw, 350px\" \/><\/figure>\n\n\n\n<p>La charla abord\u00f3 sobre c\u00f3mo el mueble y el dise\u00f1o del equipamiento interior se transformaron en elementos fundamentales de la articulaci\u00f3n espacial, a trav\u00e9s de la revisi\u00f3n de varios proyectos conducidos por el Decano Ubilla, como las Bibliotecas Escolares Futuro, las Librer\u00edas UC, m\u00f3dulos de vivienda, y otros, en los cuales el movimiento y la flexibilidad son conceptos fundamentales en el dise\u00f1o de mobiliario.<\/p>\n\n\n\n<p>12 charlas se realizaron desde marzo a la fecha (la mayor\u00eda de manera remota) y entregaron conocimientos de avanzada a trav\u00e9s de presentaciones realizadas por los jefes de programa y docentes de los programas de educaci\u00f3n continua de ambas escuelas, en el marco de una iniciativa que pretendi\u00f3 acoger la innovaci\u00f3n, las nuevas tendencias y tecnolog\u00edas en materias relacionadas a las disciplinas proyectuales.<\/p>\n\n\n\n<p>Se abordaron temas tan diversos como la fotograf\u00eda en arquitectura, patrimonio, accesibilidad universal; iluminaci\u00f3n y Vitrinismo; branding; sustentabilidad; textiles, y otros. Con ellos, se propuso mirar hacia el futuro de la profesi\u00f3n desde miradas particulares y especializadas en materias relevantes para el dise\u00f1o y la arquitectura.<\/p>\n\n\n\n<p>El ciclo tuvo una importante convocatoria y una audiencia permanente (asistieron en total a todo el ciclo casi 2.000), comprometida e interesada en interactuar y conversar con nuestros invitados, lo que evidencia la necesidad de actualizar los conocimientos, a trav\u00e9s de la especializaci\u00f3n en temas que profundizan aspectos relevantes de cada profesi\u00f3n.<\/p>\n\n\n\n<p><strong>Organizaci\u00f3n<\/strong><\/p>\n\n\n\n<p>La instancia ha sido impulsada a trav\u00e9s de una gesti\u00f3n conjunta que ha involucrado a la Direcci\u00f3n de Extensi\u00f3n y Comunicaciones FADEU UC, y a las unidades de educaci\u00f3n continua de las escuelas de Arquitectura y Dise\u00f1o, generando una valiosa instancia de reflexi\u00f3n disciplinar y de adelanto de futuras tendencias para ambas profesiones.<\/p>\n\n\n\n<p>&#8220;Las charlas que han sido, sin lugar a dudas, un espacio de encuentro y reflexi\u00f3n sobre las disciplinas desde su proyecci\u00f3n futura y una visi\u00f3n adelantada. En general, hemos tenido mucho p\u00fablico, con mucha interacci\u00f3n y preguntas, lo que evidencia la necesidad de actualizar los conocimientos, a trav\u00e9s de la especializaci\u00f3n en temas que profundizan aspectos relevantes de cada profesi\u00f3n\u201d, advirti\u00f3 la Directora de Extensi\u00f3n y Comunicaciones, profesora Macarena Cort\u00e9s.<\/p>\n\n\n\n<p>\u201cHaber tenido la oportunidad de compartir y reflexionar sobre distintos saberes y conocimientos con casi 2.000 personas, desde la primera charla hasta la \u00faltima que cerr\u00f3 el Decano Ubilla, solo nos invita a seguir explorando nuevas formas de vincularnos a nivel profesional y disciplinar, con el \u00fanico de af\u00e1n de mantenernos a la vanguardia de las futuras tendencias en materia de Dise\u00f1o y Arquitectura, lo que sin duda se transforma tambi\u00e9n en una valiosa plataforma de ense\u00f1anza y docencia para los futuros profesionales de cada una de las dos \u00e1reas\u201d, agreg\u00f3 Cort\u00e9s.<\/p>\n\n\n\n<p>La gesti\u00f3n desde las escuelas estuvo a cargo de las encargadas: Carmen Freed desde Arquitectura y Constanza Almarza desde Dise\u00f1o, las cuales contribuyeron al desarrollo y difusi\u00f3n de este ciclo, generando una valiosa instancia de reflexi\u00f3n disciplinar. Desde Las Condes Design, Patricia de la Sotta, Directora de contendios y su equipo, Josefina Mardones y Joaqu\u00edn Ballyvian, colaboraron en las gesti\u00f3n, difusi\u00f3n y transmisi\u00f3n de las charlas.<\/p>\n\n\n\n<p>El ciclo se realiz\u00f3, adem\u00e1s, apoyo de COMA Educaci\u00f3n, una plataforma educativa que permite a educadores y comunidades contar con un espacio de encuentro virtual, con contenidos y recursos digitales pertinentes a las tem\u00e1ticas y desaf\u00edos actuales.<\/p>\n\n\n\n<p>Si requieres revisar las doce charlas, ellas est\u00e1n alojadas en la secci\u00f3n de videos live en el<a href=\"https:\/\/www.facebook.com\/fadeuuc\" target=\"_blank\" rel=\"noreferrer noopener\">&nbsp;Facebook FADEU UC<\/a>.<\/p>\n\n\n\n<p>INFORMACI\u00d3N PERIOD\u00cdSTICA<br>JUAN ANDR\u00c9S INZUNZA<\/p>\n\n\n\n<figure class=\"wp-block-image size-large\"><img decoding=\"async\" width=\"1024\" height=\"640\" src=\"https:\/\/fadeu.urantiacos.cl\/wp-content\/uploads\/2023\/09\/Captura_de_pantalla_2020-09-24_a_las_16.48.45-1024x640.png\" alt=\"\" class=\"wp-image-8213\" srcset=\"https:\/\/fadeu.urantiacos.cl\/wp-content\/uploads\/2023\/09\/Captura_de_pantalla_2020-09-24_a_las_16.48.45-1024x640.png 1024w, https:\/\/fadeu.urantiacos.cl\/wp-content\/uploads\/2023\/09\/Captura_de_pantalla_2020-09-24_a_las_16.48.45-300x188.png 300w, https:\/\/fadeu.urantiacos.cl\/wp-content\/uploads\/2023\/09\/Captura_de_pantalla_2020-09-24_a_las_16.48.45-768x480.png 768w, https:\/\/fadeu.urantiacos.cl\/wp-content\/uploads\/2023\/09\/Captura_de_pantalla_2020-09-24_a_las_16.48.45-1536x960.png 1536w, https:\/\/fadeu.urantiacos.cl\/wp-content\/uploads\/2023\/09\/Captura_de_pantalla_2020-09-24_a_las_16.48.45-2048x1280.png 2048w, https:\/\/fadeu.urantiacos.cl\/wp-content\/uploads\/2023\/09\/Captura_de_pantalla_2020-09-24_a_las_16.48.45.png 1600w\" sizes=\"(max-width: 1024px) 100vw, 1024px\" \/><\/figure>\n","protected":false},"excerpt":{"rendered":"<p>\u201cInteriorismo y equipamiento: El mueble como articulador del espacio\u201d fue la charla que dict\u00f3 el Decano de la Facultad de Arquitectura, Dise\u00f1o y Estudios Urbanos UC, Mario Ubilla, que cerr\u00f3 el exitoso ciclo \u201cReflexiones de Futuro: Dise\u00f1o y Arquitectura para las nuevas tendencias y tecnolog\u00edas\u201d, iniciativa desarrollada conjuntamente por la Direcci\u00f3n de Comunicaciones de la Facultad, Las Condes Design y las \u00e1reas de educaci\u00f3n continua de las escuelas de Arquitectura y Dise\u00f1o.<\/p>\n","protected":false},"author":1,"featured_media":8212,"comment_status":"open","ping_status":"open","sticky":false,"template":"","format":"standard","meta":{"_acf_changed":false,"footnotes":""},"categories":[1],"tags":[],"class_list":["post-8211","post","type-post","status-publish","format-standard","has-post-thumbnail","hentry","category-sin-categorizar"],"acf":[],"yoast_head":"<!-- This site is optimized with the Yoast SEO plugin v27.1.1 - https:\/\/yoast.com\/product\/yoast-seo-wordpress\/ -->\n<title>Charla del Decano Mario Ubilla cerr\u00f3 el ciclo Reflexiones de Futuro sobre Dise\u00f1o y Arquitectura - Facultad de Arquitectura, Dise\u00f1o y Estudios Urbanos<\/title>\n<meta name=\"description\" content=\"\u201cInteriorismo y equipamiento: El mueble como articulador del espacio\u201d fue la charla que dict\u00f3 el Decano de la Facultad de Arquitectura, Dise\u00f1o y Estudios Urbanos UC, Mario Ubilla, que cerr\u00f3 el exitoso ciclo \u201cReflexiones de Futuro: Dise\u00f1o y Arquitectura para las nuevas tendencias y tecnolog\u00edas\u201d, iniciativa desarrollada conjuntamente por la Direcci\u00f3n de Comunicaciones de la Facultad, Las Condes Design y las \u00e1reas de educaci\u00f3n continua de las escuelas de Arquitectura y Dise\u00f1o.\" \/>\n<meta name=\"robots\" content=\"index, follow, max-snippet:-1, max-image-preview:large, max-video-preview:-1\" \/>\n<link rel=\"canonical\" href=\"https:\/\/fadeu.urantiacos.cl\/en\/2020\/09\/25\/charla-del-decano-mario-ubilla-cerro-el-ciclo-reflexiones-de-futuro-sobre-diseno-y-arquitectura\/\" \/>\n<meta property=\"og:locale\" content=\"en_US\" \/>\n<meta property=\"og:type\" content=\"article\" \/>\n<meta property=\"og:title\" content=\"Charla del Decano Mario Ubilla cerr\u00f3 el ciclo Reflexiones de Futuro sobre Dise\u00f1o y Arquitectura - Facultad de Arquitectura, Dise\u00f1o y Estudios Urbanos\" \/>\n<meta property=\"og:description\" content=\"\u201cInteriorismo y equipamiento: El mueble como articulador del espacio\u201d fue la charla que dict\u00f3 el Decano de la Facultad de Arquitectura, Dise\u00f1o y Estudios Urbanos UC, Mario Ubilla, que cerr\u00f3 el exitoso ciclo \u201cReflexiones de Futuro: Dise\u00f1o y Arquitectura para las nuevas tendencias y tecnolog\u00edas\u201d, iniciativa desarrollada conjuntamente por la Direcci\u00f3n de Comunicaciones de la Facultad, Las Condes Design y las \u00e1reas de educaci\u00f3n continua de las escuelas de Arquitectura y Dise\u00f1o.\" \/>\n<meta property=\"og:url\" content=\"https:\/\/fadeu.urantiacos.cl\/en\/2020\/09\/25\/charla-del-decano-mario-ubilla-cerro-el-ciclo-reflexiones-de-futuro-sobre-diseno-y-arquitectura\/\" \/>\n<meta property=\"og:site_name\" content=\"Facultad de Arquitectura, Dise\u00f1o y Estudios Urbanos\" \/>\n<meta property=\"article:published_time\" content=\"2020-09-25T19:19:00+00:00\" \/>\n<meta property=\"article:modified_time\" content=\"2023-09-10T19:25:17+00:00\" \/>\n<meta property=\"og:image\" content=\"https:\/\/fadeu.urantiacos.cl\/wp-content\/uploads\/2023\/09\/charla_mario_LCD.png\" \/>\n\t<meta property=\"og:image:width\" content=\"350\" \/>\n\t<meta property=\"og:image:height\" content=\"250\" \/>\n\t<meta property=\"og:image:type\" content=\"image\/png\" \/>\n<meta name=\"author\" content=\"manadmin\" \/>\n<meta name=\"twitter:card\" content=\"summary_large_image\" \/>\n<meta name=\"twitter:label1\" content=\"Written by\" \/>\n\t<meta name=\"twitter:data1\" content=\"manadmin\" \/>\n\t<meta name=\"twitter:label2\" content=\"Est. reading time\" \/>\n\t<meta name=\"twitter:data2\" content=\"3 minutes\" \/>\n<script type=\"application\/ld+json\" class=\"yoast-schema-graph\">{\"@context\":\"https:\/\/schema.org\",\"@graph\":[{\"@type\":\"Article\",\"@id\":\"https:\/\/fadeu.urantiacos.cl\/en\/2020\/09\/25\/charla-del-decano-mario-ubilla-cerro-el-ciclo-reflexiones-de-futuro-sobre-diseno-y-arquitectura\/#article\",\"isPartOf\":{\"@id\":\"https:\/\/fadeu.urantiacos.cl\/en\/2020\/09\/25\/charla-del-decano-mario-ubilla-cerro-el-ciclo-reflexiones-de-futuro-sobre-diseno-y-arquitectura\/\"},\"author\":{\"name\":\"manadmin\",\"@id\":\"https:\/\/fadeu.urantiacos.cl\/en\/#\/schema\/person\/d203e2e84b1c40275eac77b3061a19a2\"},\"headline\":\"Charla del Decano Mario Ubilla cerr\u00f3 el ciclo Reflexiones de Futuro sobre Dise\u00f1o y Arquitectura\",\"datePublished\":\"2020-09-25T19:19:00+00:00\",\"dateModified\":\"2023-09-10T19:25:17+00:00\",\"mainEntityOfPage\":{\"@id\":\"https:\/\/fadeu.urantiacos.cl\/en\/2020\/09\/25\/charla-del-decano-mario-ubilla-cerro-el-ciclo-reflexiones-de-futuro-sobre-diseno-y-arquitectura\/\"},\"wordCount\":642,\"commentCount\":0,\"image\":{\"@id\":\"https:\/\/fadeu.urantiacos.cl\/en\/2020\/09\/25\/charla-del-decano-mario-ubilla-cerro-el-ciclo-reflexiones-de-futuro-sobre-diseno-y-arquitectura\/#primaryimage\"},\"thumbnailUrl\":\"https:\/\/fadeu.urantiacos.cl\/wp-content\/uploads\/2023\/09\/charla_mario_LCD.png\",\"articleSection\":[\"Sin categorizar\"],\"inLanguage\":\"en-US\",\"potentialAction\":[{\"@type\":\"CommentAction\",\"name\":\"Comment\",\"target\":[\"https:\/\/fadeu.urantiacos.cl\/en\/2020\/09\/25\/charla-del-decano-mario-ubilla-cerro-el-ciclo-reflexiones-de-futuro-sobre-diseno-y-arquitectura\/#respond\"]}]},{\"@type\":\"WebPage\",\"@id\":\"https:\/\/fadeu.urantiacos.cl\/en\/2020\/09\/25\/charla-del-decano-mario-ubilla-cerro-el-ciclo-reflexiones-de-futuro-sobre-diseno-y-arquitectura\/\",\"url\":\"https:\/\/fadeu.urantiacos.cl\/en\/2020\/09\/25\/charla-del-decano-mario-ubilla-cerro-el-ciclo-reflexiones-de-futuro-sobre-diseno-y-arquitectura\/\",\"name\":\"Charla del Decano Mario Ubilla cerr\u00f3 el ciclo Reflexiones de Futuro sobre Dise\u00f1o y Arquitectura - Facultad de Arquitectura, Dise\u00f1o y Estudios Urbanos\",\"isPartOf\":{\"@id\":\"https:\/\/fadeu.urantiacos.cl\/en\/#website\"},\"primaryImageOfPage\":{\"@id\":\"https:\/\/fadeu.urantiacos.cl\/en\/2020\/09\/25\/charla-del-decano-mario-ubilla-cerro-el-ciclo-reflexiones-de-futuro-sobre-diseno-y-arquitectura\/#primaryimage\"},\"image\":{\"@id\":\"https:\/\/fadeu.urantiacos.cl\/en\/2020\/09\/25\/charla-del-decano-mario-ubilla-cerro-el-ciclo-reflexiones-de-futuro-sobre-diseno-y-arquitectura\/#primaryimage\"},\"thumbnailUrl\":\"https:\/\/fadeu.urantiacos.cl\/wp-content\/uploads\/2023\/09\/charla_mario_LCD.png\",\"datePublished\":\"2020-09-25T19:19:00+00:00\",\"dateModified\":\"2023-09-10T19:25:17+00:00\",\"author\":{\"@id\":\"https:\/\/fadeu.urantiacos.cl\/en\/#\/schema\/person\/d203e2e84b1c40275eac77b3061a19a2\"},\"description\":\"\u201cInteriorismo y equipamiento: El mueble como articulador del espacio\u201d fue la charla que dict\u00f3 el Decano de la Facultad de Arquitectura, Dise\u00f1o y Estudios Urbanos UC, Mario Ubilla, que cerr\u00f3 el exitoso ciclo \u201cReflexiones de Futuro: Dise\u00f1o y Arquitectura para las nuevas tendencias y tecnolog\u00edas\u201d, iniciativa desarrollada conjuntamente por la Direcci\u00f3n de Comunicaciones de la Facultad, Las Condes Design y las \u00e1reas de educaci\u00f3n continua de las escuelas de Arquitectura y Dise\u00f1o.\",\"breadcrumb\":{\"@id\":\"https:\/\/fadeu.urantiacos.cl\/en\/2020\/09\/25\/charla-del-decano-mario-ubilla-cerro-el-ciclo-reflexiones-de-futuro-sobre-diseno-y-arquitectura\/#breadcrumb\"},\"inLanguage\":\"en-US\",\"potentialAction\":[{\"@type\":\"ReadAction\",\"target\":[\"https:\/\/fadeu.urantiacos.cl\/en\/2020\/09\/25\/charla-del-decano-mario-ubilla-cerro-el-ciclo-reflexiones-de-futuro-sobre-diseno-y-arquitectura\/\"]}]},{\"@type\":\"ImageObject\",\"inLanguage\":\"en-US\",\"@id\":\"https:\/\/fadeu.urantiacos.cl\/en\/2020\/09\/25\/charla-del-decano-mario-ubilla-cerro-el-ciclo-reflexiones-de-futuro-sobre-diseno-y-arquitectura\/#primaryimage\",\"url\":\"https:\/\/fadeu.urantiacos.cl\/wp-content\/uploads\/2023\/09\/charla_mario_LCD.png\",\"contentUrl\":\"https:\/\/fadeu.urantiacos.cl\/wp-content\/uploads\/2023\/09\/charla_mario_LCD.png\",\"width\":350,\"height\":250},{\"@type\":\"BreadcrumbList\",\"@id\":\"https:\/\/fadeu.urantiacos.cl\/en\/2020\/09\/25\/charla-del-decano-mario-ubilla-cerro-el-ciclo-reflexiones-de-futuro-sobre-diseno-y-arquitectura\/#breadcrumb\",\"itemListElement\":[{\"@type\":\"ListItem\",\"position\":1,\"name\":\"Portada\",\"item\":\"https:\/\/fadeu.urantiacos.cl\/en\/\"},{\"@type\":\"ListItem\",\"position\":2,\"name\":\"Charla del Decano Mario Ubilla cerr\u00f3 el ciclo Reflexiones de Futuro sobre Dise\u00f1o y Arquitectura\"}]},{\"@type\":\"WebSite\",\"@id\":\"https:\/\/fadeu.urantiacos.cl\/en\/#website\",\"url\":\"https:\/\/fadeu.urantiacos.cl\/en\/\",\"name\":\"Facultad de Arquitectura, Dise\u00f1o y Estudios Urbanos\",\"description\":\"Campus Lo Contador\",\"potentialAction\":[{\"@type\":\"SearchAction\",\"target\":{\"@type\":\"EntryPoint\",\"urlTemplate\":\"https:\/\/fadeu.urantiacos.cl\/en\/?s={search_term_string}\"},\"query-input\":{\"@type\":\"PropertyValueSpecification\",\"valueRequired\":true,\"valueName\":\"search_term_string\"}}],\"inLanguage\":\"en-US\"},{\"@type\":\"Person\",\"@id\":\"https:\/\/fadeu.urantiacos.cl\/en\/#\/schema\/person\/d203e2e84b1c40275eac77b3061a19a2\",\"name\":\"manadmin\",\"image\":{\"@type\":\"ImageObject\",\"inLanguage\":\"en-US\",\"@id\":\"https:\/\/fadeu.urantiacos.cl\/en\/#\/schema\/person\/image\/\",\"url\":\"https:\/\/secure.gravatar.com\/avatar\/4b1d8e3303b4a9d8968ac578947d8bc80d9aea359f388cdd4aac15cadc0e8447?s=96&d=mm&r=g\",\"contentUrl\":\"https:\/\/secure.gravatar.com\/avatar\/4b1d8e3303b4a9d8968ac578947d8bc80d9aea359f388cdd4aac15cadc0e8447?s=96&d=mm&r=g\",\"caption\":\"manadmin\"},\"sameAs\":[\"https:\/\/fadeu.urantiacos.cl\"]}]}<\/script>\n<!-- \/ Yoast SEO plugin. -->","yoast_head_json":{"title":"Charla del Decano Mario Ubilla cerr\u00f3 el ciclo Reflexiones de Futuro sobre Dise\u00f1o y Arquitectura - Facultad de Arquitectura, Dise\u00f1o y Estudios Urbanos","description":"\u201cInteriorismo y equipamiento: El mueble como articulador del espacio\u201d fue la charla que dict\u00f3 el Decano de la Facultad de Arquitectura, Dise\u00f1o y Estudios Urbanos UC, Mario Ubilla, que cerr\u00f3 el exitoso ciclo \u201cReflexiones de Futuro: Dise\u00f1o y Arquitectura para las nuevas tendencias y tecnolog\u00edas\u201d, iniciativa desarrollada conjuntamente por la Direcci\u00f3n de Comunicaciones de la Facultad, Las Condes Design y las \u00e1reas de educaci\u00f3n continua de las escuelas de Arquitectura y Dise\u00f1o.","robots":{"index":"index","follow":"follow","max-snippet":"max-snippet:-1","max-image-preview":"max-image-preview:large","max-video-preview":"max-video-preview:-1"},"canonical":"https:\/\/fadeu.urantiacos.cl\/en\/2020\/09\/25\/charla-del-decano-mario-ubilla-cerro-el-ciclo-reflexiones-de-futuro-sobre-diseno-y-arquitectura\/","og_locale":"en_US","og_type":"article","og_title":"Charla del Decano Mario Ubilla cerr\u00f3 el ciclo Reflexiones de Futuro sobre Dise\u00f1o y Arquitectura - Facultad de Arquitectura, Dise\u00f1o y Estudios Urbanos","og_description":"\u201cInteriorismo y equipamiento: El mueble como articulador del espacio\u201d fue la charla que dict\u00f3 el Decano de la Facultad de Arquitectura, Dise\u00f1o y Estudios Urbanos UC, Mario Ubilla, que cerr\u00f3 el exitoso ciclo \u201cReflexiones de Futuro: Dise\u00f1o y Arquitectura para las nuevas tendencias y tecnolog\u00edas\u201d, iniciativa desarrollada conjuntamente por la Direcci\u00f3n de Comunicaciones de la Facultad, Las Condes Design y las \u00e1reas de educaci\u00f3n continua de las escuelas de Arquitectura y Dise\u00f1o.","og_url":"https:\/\/fadeu.urantiacos.cl\/en\/2020\/09\/25\/charla-del-decano-mario-ubilla-cerro-el-ciclo-reflexiones-de-futuro-sobre-diseno-y-arquitectura\/","og_site_name":"Facultad de Arquitectura, Dise\u00f1o y Estudios Urbanos","article_published_time":"2020-09-25T19:19:00+00:00","article_modified_time":"2023-09-10T19:25:17+00:00","og_image":[{"width":350,"height":250,"url":"https:\/\/fadeu.urantiacos.cl\/wp-content\/uploads\/2023\/09\/charla_mario_LCD.png","type":"image\/png"}],"author":"manadmin","twitter_card":"summary_large_image","twitter_misc":{"Written by":"manadmin","Est. reading time":"3 minutes"},"schema":{"@context":"https:\/\/schema.org","@graph":[{"@type":"Article","@id":"https:\/\/fadeu.urantiacos.cl\/en\/2020\/09\/25\/charla-del-decano-mario-ubilla-cerro-el-ciclo-reflexiones-de-futuro-sobre-diseno-y-arquitectura\/#article","isPartOf":{"@id":"https:\/\/fadeu.urantiacos.cl\/en\/2020\/09\/25\/charla-del-decano-mario-ubilla-cerro-el-ciclo-reflexiones-de-futuro-sobre-diseno-y-arquitectura\/"},"author":{"name":"manadmin","@id":"https:\/\/fadeu.urantiacos.cl\/en\/#\/schema\/person\/d203e2e84b1c40275eac77b3061a19a2"},"headline":"Charla del Decano Mario Ubilla cerr\u00f3 el ciclo Reflexiones de Futuro sobre Dise\u00f1o y Arquitectura","datePublished":"2020-09-25T19:19:00+00:00","dateModified":"2023-09-10T19:25:17+00:00","mainEntityOfPage":{"@id":"https:\/\/fadeu.urantiacos.cl\/en\/2020\/09\/25\/charla-del-decano-mario-ubilla-cerro-el-ciclo-reflexiones-de-futuro-sobre-diseno-y-arquitectura\/"},"wordCount":642,"commentCount":0,"image":{"@id":"https:\/\/fadeu.urantiacos.cl\/en\/2020\/09\/25\/charla-del-decano-mario-ubilla-cerro-el-ciclo-reflexiones-de-futuro-sobre-diseno-y-arquitectura\/#primaryimage"},"thumbnailUrl":"https:\/\/fadeu.urantiacos.cl\/wp-content\/uploads\/2023\/09\/charla_mario_LCD.png","articleSection":["Sin categorizar"],"inLanguage":"en-US","potentialAction":[{"@type":"CommentAction","name":"Comment","target":["https:\/\/fadeu.urantiacos.cl\/en\/2020\/09\/25\/charla-del-decano-mario-ubilla-cerro-el-ciclo-reflexiones-de-futuro-sobre-diseno-y-arquitectura\/#respond"]}]},{"@type":"WebPage","@id":"https:\/\/fadeu.urantiacos.cl\/en\/2020\/09\/25\/charla-del-decano-mario-ubilla-cerro-el-ciclo-reflexiones-de-futuro-sobre-diseno-y-arquitectura\/","url":"https:\/\/fadeu.urantiacos.cl\/en\/2020\/09\/25\/charla-del-decano-mario-ubilla-cerro-el-ciclo-reflexiones-de-futuro-sobre-diseno-y-arquitectura\/","name":"Charla del Decano Mario Ubilla cerr\u00f3 el ciclo Reflexiones de Futuro sobre Dise\u00f1o y Arquitectura - Facultad de Arquitectura, Dise\u00f1o y Estudios Urbanos","isPartOf":{"@id":"https:\/\/fadeu.urantiacos.cl\/en\/#website"},"primaryImageOfPage":{"@id":"https:\/\/fadeu.urantiacos.cl\/en\/2020\/09\/25\/charla-del-decano-mario-ubilla-cerro-el-ciclo-reflexiones-de-futuro-sobre-diseno-y-arquitectura\/#primaryimage"},"image":{"@id":"https:\/\/fadeu.urantiacos.cl\/en\/2020\/09\/25\/charla-del-decano-mario-ubilla-cerro-el-ciclo-reflexiones-de-futuro-sobre-diseno-y-arquitectura\/#primaryimage"},"thumbnailUrl":"https:\/\/fadeu.urantiacos.cl\/wp-content\/uploads\/2023\/09\/charla_mario_LCD.png","datePublished":"2020-09-25T19:19:00+00:00","dateModified":"2023-09-10T19:25:17+00:00","author":{"@id":"https:\/\/fadeu.urantiacos.cl\/en\/#\/schema\/person\/d203e2e84b1c40275eac77b3061a19a2"},"description":"\u201cInteriorismo y equipamiento: El mueble como articulador del espacio\u201d fue la charla que dict\u00f3 el Decano de la Facultad de Arquitectura, Dise\u00f1o y Estudios Urbanos UC, Mario Ubilla, que cerr\u00f3 el exitoso ciclo \u201cReflexiones de Futuro: Dise\u00f1o y Arquitectura para las nuevas tendencias y tecnolog\u00edas\u201d, iniciativa desarrollada conjuntamente por la Direcci\u00f3n de Comunicaciones de la Facultad, Las Condes Design y las \u00e1reas de educaci\u00f3n continua de las escuelas de Arquitectura y Dise\u00f1o.","breadcrumb":{"@id":"https:\/\/fadeu.urantiacos.cl\/en\/2020\/09\/25\/charla-del-decano-mario-ubilla-cerro-el-ciclo-reflexiones-de-futuro-sobre-diseno-y-arquitectura\/#breadcrumb"},"inLanguage":"en-US","potentialAction":[{"@type":"ReadAction","target":["https:\/\/fadeu.urantiacos.cl\/en\/2020\/09\/25\/charla-del-decano-mario-ubilla-cerro-el-ciclo-reflexiones-de-futuro-sobre-diseno-y-arquitectura\/"]}]},{"@type":"ImageObject","inLanguage":"en-US","@id":"https:\/\/fadeu.urantiacos.cl\/en\/2020\/09\/25\/charla-del-decano-mario-ubilla-cerro-el-ciclo-reflexiones-de-futuro-sobre-diseno-y-arquitectura\/#primaryimage","url":"https:\/\/fadeu.urantiacos.cl\/wp-content\/uploads\/2023\/09\/charla_mario_LCD.png","contentUrl":"https:\/\/fadeu.urantiacos.cl\/wp-content\/uploads\/2023\/09\/charla_mario_LCD.png","width":350,"height":250},{"@type":"BreadcrumbList","@id":"https:\/\/fadeu.urantiacos.cl\/en\/2020\/09\/25\/charla-del-decano-mario-ubilla-cerro-el-ciclo-reflexiones-de-futuro-sobre-diseno-y-arquitectura\/#breadcrumb","itemListElement":[{"@type":"ListItem","position":1,"name":"Portada","item":"https:\/\/fadeu.urantiacos.cl\/en\/"},{"@type":"ListItem","position":2,"name":"Charla del Decano Mario Ubilla cerr\u00f3 el ciclo Reflexiones de Futuro sobre Dise\u00f1o y Arquitectura"}]},{"@type":"WebSite","@id":"https:\/\/fadeu.urantiacos.cl\/en\/#website","url":"https:\/\/fadeu.urantiacos.cl\/en\/","name":"Facultad de Arquitectura, Dise\u00f1o y Estudios Urbanos","description":"Campus Lo Contador","potentialAction":[{"@type":"SearchAction","target":{"@type":"EntryPoint","urlTemplate":"https:\/\/fadeu.urantiacos.cl\/en\/?s={search_term_string}"},"query-input":{"@type":"PropertyValueSpecification","valueRequired":true,"valueName":"search_term_string"}}],"inLanguage":"en-US"},{"@type":"Person","@id":"https:\/\/fadeu.urantiacos.cl\/en\/#\/schema\/person\/d203e2e84b1c40275eac77b3061a19a2","name":"manadmin","image":{"@type":"ImageObject","inLanguage":"en-US","@id":"https:\/\/fadeu.urantiacos.cl\/en\/#\/schema\/person\/image\/","url":"https:\/\/secure.gravatar.com\/avatar\/4b1d8e3303b4a9d8968ac578947d8bc80d9aea359f388cdd4aac15cadc0e8447?s=96&d=mm&r=g","contentUrl":"https:\/\/secure.gravatar.com\/avatar\/4b1d8e3303b4a9d8968ac578947d8bc80d9aea359f388cdd4aac15cadc0e8447?s=96&d=mm&r=g","caption":"manadmin"},"sameAs":["https:\/\/fadeu.urantiacos.cl"]}]}},"_links":{"self":[{"href":"https:\/\/fadeu.urantiacos.cl\/en\/wp-json\/wp\/v2\/posts\/8211","targetHints":{"allow":["GET"]}}],"collection":[{"href":"https:\/\/fadeu.urantiacos.cl\/en\/wp-json\/wp\/v2\/posts"}],"about":[{"href":"https:\/\/fadeu.urantiacos.cl\/en\/wp-json\/wp\/v2\/types\/post"}],"author":[{"embeddable":true,"href":"https:\/\/fadeu.urantiacos.cl\/en\/wp-json\/wp\/v2\/users\/1"}],"replies":[{"embeddable":true,"href":"https:\/\/fadeu.urantiacos.cl\/en\/wp-json\/wp\/v2\/comments?post=8211"}],"version-history":[{"count":1,"href":"https:\/\/fadeu.urantiacos.cl\/en\/wp-json\/wp\/v2\/posts\/8211\/revisions"}],"predecessor-version":[{"id":8214,"href":"https:\/\/fadeu.urantiacos.cl\/en\/wp-json\/wp\/v2\/posts\/8211\/revisions\/8214"}],"wp:featuredmedia":[{"embeddable":true,"href":"https:\/\/fadeu.urantiacos.cl\/en\/wp-json\/wp\/v2\/media\/8212"}],"wp:attachment":[{"href":"https:\/\/fadeu.urantiacos.cl\/en\/wp-json\/wp\/v2\/media?parent=8211"}],"wp:term":[{"taxonomy":"category","embeddable":true,"href":"https:\/\/fadeu.urantiacos.cl\/en\/wp-json\/wp\/v2\/categories?post=8211"},{"taxonomy":"post_tag","embeddable":true,"href":"https:\/\/fadeu.urantiacos.cl\/en\/wp-json\/wp\/v2\/tags?post=8211"}],"curies":[{"name":"wp","href":"https:\/\/api.w.org\/{rel}","templated":true}]}}