{"id":8208,"date":"2020-09-26T16:18:00","date_gmt":"2020-09-26T19:18:00","guid":{"rendered":"https:\/\/fadeu.urantiacos.cl\/?p=8208"},"modified":"2023-10-23T13:45:09","modified_gmt":"2023-10-23T16:45:09","slug":"se-realiza-el-primer-workshop-del-proyecto-fondart-liderado-por-catalina-picon","status":"publish","type":"post","link":"https:\/\/fadeu.urantiacos.cl\/en\/2020\/09\/26\/se-realiza-el-primer-workshop-del-proyecto-fondart-liderado-por-catalina-picon\/","title":{"rendered":"Se realiza el primer workshop del proyecto Fondart liderado por Catalina Picon"},"content":{"rendered":"\n<figure class=\"wp-block-image size-full\"><img decoding=\"async\" width=\"350\" height=\"250\" src=\"https:\/\/fadeu.urantiacos.cl\/wp-content\/uploads\/2023\/09\/catalina_picon_web.jpg\" alt=\"\" class=\"wp-image-8209\" srcset=\"https:\/\/fadeu.urantiacos.cl\/wp-content\/uploads\/2023\/09\/catalina_picon_web.jpg 350w, https:\/\/fadeu.urantiacos.cl\/wp-content\/uploads\/2023\/09\/catalina_picon_web-300x214.jpg 300w\" sizes=\"(max-width: 350px) 100vw, 350px\" \/><\/figure>\n\n\n\n<p>La iniciativa busc\u00f3 contribuir a la discusi\u00f3n en torno a la visi\u00f3n de territorios urbanos integrados, reconociendo la importancia de los elementos naturales estructurantes y su interacci\u00f3n con otros elementos del entorno urbano y periurbano. Esto, con el fin de aportar enfoques aplicables a la planificaci\u00f3n ecol\u00f3gica de las ciudades del pa\u00eds.<\/p>\n\n\n\n<p>En ese sentido, el workshop no s\u00f3lo visibiliz\u00f3 los cerros isla en estos contextos urbanos, sino tambi\u00e9n la importancia de reconocerlos como instrumentos de planificaci\u00f3n territorial, entendi\u00e9ndolos como una infraestructura verde capaz de conectarse \u2014a trav\u00e9s de la planificaci\u00f3n\u2014 tanto con elementos de la ciudad como con otros espacios naturales.<\/p>\n\n\n\n<p>Entre las conclusiones levantadas en esta primera experiencia, est\u00e1, por un lado, la necesidad de reforzar este tipo de visibilizaci\u00f3n y circulaci\u00f3n de informaci\u00f3n entre los ciudadanos; y, por el otro, la importancia de promover proyectos como \u00e9ste, que permiten estrechar las relaciones entre organizaciones de la sociedad civil \u2014como la fundaci\u00f3n\u2014 con otras instituciones acad\u00e9micas nacionales e internacionales.<\/p>\n\n\n\n<p>Esta actividad, realizada el 25 de agosto de 2020, fue organizada en el marco del proyecto Fondart \u201cCerros isla: piezas clave para la planificaci\u00f3n ecol\u00f3gica de ciudades\u201d (530196), cuyo equipo est\u00e1 conformado por los investigadores Francisco de la Barrera, Sonia Reyes, Ricardo Truffello, Anita Berrizbeitia, Consuelo Contreras, liderados por la arquitecta UC Catalina Picon.<\/p>\n\n\n\n<p>Junto a la Fundaci\u00f3n Cerros Isla, participan de este proyecto: el GSD de Harvard; el Observatorio de Ciudades UC; CEDEUS; la Facultad de Arquitectura, Urbanismo y Geograf\u00eda de la Universidad de Concepci\u00f3n; y la Escuela de Arquitectura de la Pontificia Universidad Cat\u00f3lica de Chile.<br>Noticias relacionadas al proyecto en el siguiente\u00a0<a href=\"http:\/\/arquitectura.uc.cl\/proyectos\/noticias\/4613-profesores-arq-uc-se-adjudican-proyectos-fondart-2020.html\" target=\"_blank\" rel=\"noreferrer noopener\">link<\/a>\u00a0<\/p>\n\n\n\n<p>Noticias<br>Contacto:&nbsp;<a href=\"mailto:redesarq@uc.cl\">redesarq@uc.cl<\/a>&nbsp;| +56 2 2354 7747<br>www.arquitectura.uc.cl<\/p>\n","protected":false},"excerpt":{"rendered":"<p>La instancia cont\u00f3 con 50 participantes de distintas ciudades del pa\u00eds y se enfoc\u00f3 en la identificaci\u00f3n de cerros isla en las capitales regionales con el objetivo de generar propuestas de integraci\u00f3n al mosaico ecol\u00f3gico urbano.<\/p>\n","protected":false},"author":1,"featured_media":8209,"comment_status":"open","ping_status":"open","sticky":false,"template":"","format":"standard","meta":{"_acf_changed":false,"footnotes":""},"categories":[1],"tags":[],"class_list":["post-8208","post","type-post","status-publish","format-standard","has-post-thumbnail","hentry","category-sin-categorizar"],"acf":[],"yoast_head":"<!-- This site is optimized with the Yoast SEO plugin v27.1.1 - https:\/\/yoast.com\/product\/yoast-seo-wordpress\/ -->\n<title>Se realiza el primer workshop del proyecto Fondart liderado por Catalina Picon - Facultad de Arquitectura, Dise\u00f1o y Estudios Urbanos<\/title>\n<meta name=\"description\" content=\"La instancia cont\u00f3 con 50 participantes de distintas ciudades del pa\u00eds y se enfoc\u00f3 en la identificaci\u00f3n de cerros isla en las capitales regionales con el objetivo de generar propuestas de integraci\u00f3n al mosaico ecol\u00f3gico urbano.\" \/>\n<meta name=\"robots\" content=\"index, follow, max-snippet:-1, max-image-preview:large, max-video-preview:-1\" \/>\n<link rel=\"canonical\" href=\"https:\/\/fadeu.urantiacos.cl\/en\/2020\/09\/26\/se-realiza-el-primer-workshop-del-proyecto-fondart-liderado-por-catalina-picon\/\" \/>\n<meta property=\"og:locale\" content=\"en_US\" \/>\n<meta property=\"og:type\" content=\"article\" \/>\n<meta property=\"og:title\" content=\"Se realiza el primer workshop del proyecto Fondart liderado por Catalina Picon - Facultad de Arquitectura, Dise\u00f1o y Estudios Urbanos\" \/>\n<meta property=\"og:description\" content=\"La instancia cont\u00f3 con 50 participantes de distintas ciudades del pa\u00eds y se enfoc\u00f3 en la identificaci\u00f3n de cerros isla en las capitales regionales con el objetivo de generar propuestas de integraci\u00f3n al mosaico ecol\u00f3gico urbano.\" \/>\n<meta property=\"og:url\" content=\"https:\/\/fadeu.urantiacos.cl\/en\/2020\/09\/26\/se-realiza-el-primer-workshop-del-proyecto-fondart-liderado-por-catalina-picon\/\" \/>\n<meta property=\"og:site_name\" content=\"Facultad de Arquitectura, Dise\u00f1o y Estudios Urbanos\" \/>\n<meta property=\"article:published_time\" content=\"2020-09-26T19:18:00+00:00\" \/>\n<meta property=\"article:modified_time\" content=\"2023-10-23T16:45:09+00:00\" \/>\n<meta property=\"og:image\" content=\"https:\/\/fadeu.urantiacos.cl\/wp-content\/uploads\/2023\/09\/catalina_picon_web.jpg\" \/>\n\t<meta property=\"og:image:width\" content=\"350\" \/>\n\t<meta property=\"og:image:height\" content=\"250\" \/>\n\t<meta property=\"og:image:type\" content=\"image\/jpeg\" \/>\n<meta name=\"author\" content=\"manadmin\" \/>\n<meta name=\"twitter:card\" content=\"summary_large_image\" \/>\n<meta name=\"twitter:label1\" content=\"Written by\" \/>\n\t<meta name=\"twitter:data1\" content=\"manadmin\" \/>\n\t<meta name=\"twitter:label2\" content=\"Est. reading time\" \/>\n\t<meta name=\"twitter:data2\" content=\"2 minutes\" \/>\n<script type=\"application\/ld+json\" class=\"yoast-schema-graph\">{\"@context\":\"https:\/\/schema.org\",\"@graph\":[{\"@type\":\"Article\",\"@id\":\"https:\/\/fadeu.urantiacos.cl\/en\/2020\/09\/26\/se-realiza-el-primer-workshop-del-proyecto-fondart-liderado-por-catalina-picon\/#article\",\"isPartOf\":{\"@id\":\"https:\/\/fadeu.urantiacos.cl\/en\/2020\/09\/26\/se-realiza-el-primer-workshop-del-proyecto-fondart-liderado-por-catalina-picon\/\"},\"author\":{\"name\":\"manadmin\",\"@id\":\"https:\/\/fadeu.urantiacos.cl\/en\/#\/schema\/person\/d203e2e84b1c40275eac77b3061a19a2\"},\"headline\":\"Se realiza el primer workshop del proyecto Fondart liderado por Catalina Picon\",\"datePublished\":\"2020-09-26T19:18:00+00:00\",\"dateModified\":\"2023-10-23T16:45:09+00:00\",\"mainEntityOfPage\":{\"@id\":\"https:\/\/fadeu.urantiacos.cl\/en\/2020\/09\/26\/se-realiza-el-primer-workshop-del-proyecto-fondart-liderado-por-catalina-picon\/\"},\"wordCount\":309,\"commentCount\":0,\"image\":{\"@id\":\"https:\/\/fadeu.urantiacos.cl\/en\/2020\/09\/26\/se-realiza-el-primer-workshop-del-proyecto-fondart-liderado-por-catalina-picon\/#primaryimage\"},\"thumbnailUrl\":\"https:\/\/fadeu.urantiacos.cl\/wp-content\/uploads\/2023\/09\/catalina_picon_web.jpg\",\"articleSection\":[\"Sin categorizar\"],\"inLanguage\":\"en-US\",\"potentialAction\":[{\"@type\":\"CommentAction\",\"name\":\"Comment\",\"target\":[\"https:\/\/fadeu.urantiacos.cl\/en\/2020\/09\/26\/se-realiza-el-primer-workshop-del-proyecto-fondart-liderado-por-catalina-picon\/#respond\"]}]},{\"@type\":\"WebPage\",\"@id\":\"https:\/\/fadeu.urantiacos.cl\/en\/2020\/09\/26\/se-realiza-el-primer-workshop-del-proyecto-fondart-liderado-por-catalina-picon\/\",\"url\":\"https:\/\/fadeu.urantiacos.cl\/en\/2020\/09\/26\/se-realiza-el-primer-workshop-del-proyecto-fondart-liderado-por-catalina-picon\/\",\"name\":\"Se realiza el primer workshop del proyecto Fondart liderado por Catalina Picon - Facultad de Arquitectura, Dise\u00f1o y Estudios Urbanos\",\"isPartOf\":{\"@id\":\"https:\/\/fadeu.urantiacos.cl\/en\/#website\"},\"primaryImageOfPage\":{\"@id\":\"https:\/\/fadeu.urantiacos.cl\/en\/2020\/09\/26\/se-realiza-el-primer-workshop-del-proyecto-fondart-liderado-por-catalina-picon\/#primaryimage\"},\"image\":{\"@id\":\"https:\/\/fadeu.urantiacos.cl\/en\/2020\/09\/26\/se-realiza-el-primer-workshop-del-proyecto-fondart-liderado-por-catalina-picon\/#primaryimage\"},\"thumbnailUrl\":\"https:\/\/fadeu.urantiacos.cl\/wp-content\/uploads\/2023\/09\/catalina_picon_web.jpg\",\"datePublished\":\"2020-09-26T19:18:00+00:00\",\"dateModified\":\"2023-10-23T16:45:09+00:00\",\"author\":{\"@id\":\"https:\/\/fadeu.urantiacos.cl\/en\/#\/schema\/person\/d203e2e84b1c40275eac77b3061a19a2\"},\"description\":\"La instancia cont\u00f3 con 50 participantes de distintas ciudades del pa\u00eds y se enfoc\u00f3 en la identificaci\u00f3n de cerros isla en las capitales regionales con el objetivo de generar propuestas de integraci\u00f3n al mosaico ecol\u00f3gico urbano.\",\"breadcrumb\":{\"@id\":\"https:\/\/fadeu.urantiacos.cl\/en\/2020\/09\/26\/se-realiza-el-primer-workshop-del-proyecto-fondart-liderado-por-catalina-picon\/#breadcrumb\"},\"inLanguage\":\"en-US\",\"potentialAction\":[{\"@type\":\"ReadAction\",\"target\":[\"https:\/\/fadeu.urantiacos.cl\/en\/2020\/09\/26\/se-realiza-el-primer-workshop-del-proyecto-fondart-liderado-por-catalina-picon\/\"]}]},{\"@type\":\"ImageObject\",\"inLanguage\":\"en-US\",\"@id\":\"https:\/\/fadeu.urantiacos.cl\/en\/2020\/09\/26\/se-realiza-el-primer-workshop-del-proyecto-fondart-liderado-por-catalina-picon\/#primaryimage\",\"url\":\"https:\/\/fadeu.urantiacos.cl\/wp-content\/uploads\/2023\/09\/catalina_picon_web.jpg\",\"contentUrl\":\"https:\/\/fadeu.urantiacos.cl\/wp-content\/uploads\/2023\/09\/catalina_picon_web.jpg\",\"width\":350,\"height\":250},{\"@type\":\"BreadcrumbList\",\"@id\":\"https:\/\/fadeu.urantiacos.cl\/en\/2020\/09\/26\/se-realiza-el-primer-workshop-del-proyecto-fondart-liderado-por-catalina-picon\/#breadcrumb\",\"itemListElement\":[{\"@type\":\"ListItem\",\"position\":1,\"name\":\"Portada\",\"item\":\"https:\/\/fadeu.urantiacos.cl\/en\/\"},{\"@type\":\"ListItem\",\"position\":2,\"name\":\"Se realiza el primer workshop del proyecto Fondart liderado por Catalina Picon\"}]},{\"@type\":\"WebSite\",\"@id\":\"https:\/\/fadeu.urantiacos.cl\/en\/#website\",\"url\":\"https:\/\/fadeu.urantiacos.cl\/en\/\",\"name\":\"Facultad de Arquitectura, Dise\u00f1o y Estudios Urbanos\",\"description\":\"Campus Lo Contador\",\"potentialAction\":[{\"@type\":\"SearchAction\",\"target\":{\"@type\":\"EntryPoint\",\"urlTemplate\":\"https:\/\/fadeu.urantiacos.cl\/en\/?s={search_term_string}\"},\"query-input\":{\"@type\":\"PropertyValueSpecification\",\"valueRequired\":true,\"valueName\":\"search_term_string\"}}],\"inLanguage\":\"en-US\"},{\"@type\":\"Person\",\"@id\":\"https:\/\/fadeu.urantiacos.cl\/en\/#\/schema\/person\/d203e2e84b1c40275eac77b3061a19a2\",\"name\":\"manadmin\",\"image\":{\"@type\":\"ImageObject\",\"inLanguage\":\"en-US\",\"@id\":\"https:\/\/fadeu.urantiacos.cl\/en\/#\/schema\/person\/image\/\",\"url\":\"https:\/\/secure.gravatar.com\/avatar\/4b1d8e3303b4a9d8968ac578947d8bc80d9aea359f388cdd4aac15cadc0e8447?s=96&d=mm&r=g\",\"contentUrl\":\"https:\/\/secure.gravatar.com\/avatar\/4b1d8e3303b4a9d8968ac578947d8bc80d9aea359f388cdd4aac15cadc0e8447?s=96&d=mm&r=g\",\"caption\":\"manadmin\"},\"sameAs\":[\"https:\/\/fadeu.urantiacos.cl\"]}]}<\/script>\n<!-- \/ Yoast SEO plugin. -->","yoast_head_json":{"title":"Se realiza el primer workshop del proyecto Fondart liderado por Catalina Picon - Facultad de Arquitectura, Dise\u00f1o y Estudios Urbanos","description":"La instancia cont\u00f3 con 50 participantes de distintas ciudades del pa\u00eds y se enfoc\u00f3 en la identificaci\u00f3n de cerros isla en las capitales regionales con el objetivo de generar propuestas de integraci\u00f3n al mosaico ecol\u00f3gico urbano.","robots":{"index":"index","follow":"follow","max-snippet":"max-snippet:-1","max-image-preview":"max-image-preview:large","max-video-preview":"max-video-preview:-1"},"canonical":"https:\/\/fadeu.urantiacos.cl\/en\/2020\/09\/26\/se-realiza-el-primer-workshop-del-proyecto-fondart-liderado-por-catalina-picon\/","og_locale":"en_US","og_type":"article","og_title":"Se realiza el primer workshop del proyecto Fondart liderado por Catalina Picon - Facultad de Arquitectura, Dise\u00f1o y Estudios Urbanos","og_description":"La instancia cont\u00f3 con 50 participantes de distintas ciudades del pa\u00eds y se enfoc\u00f3 en la identificaci\u00f3n de cerros isla en las capitales regionales con el objetivo de generar propuestas de integraci\u00f3n al mosaico ecol\u00f3gico urbano.","og_url":"https:\/\/fadeu.urantiacos.cl\/en\/2020\/09\/26\/se-realiza-el-primer-workshop-del-proyecto-fondart-liderado-por-catalina-picon\/","og_site_name":"Facultad de Arquitectura, Dise\u00f1o y Estudios Urbanos","article_published_time":"2020-09-26T19:18:00+00:00","article_modified_time":"2023-10-23T16:45:09+00:00","og_image":[{"width":350,"height":250,"url":"https:\/\/fadeu.urantiacos.cl\/wp-content\/uploads\/2023\/09\/catalina_picon_web.jpg","type":"image\/jpeg"}],"author":"manadmin","twitter_card":"summary_large_image","twitter_misc":{"Written by":"manadmin","Est. reading time":"2 minutes"},"schema":{"@context":"https:\/\/schema.org","@graph":[{"@type":"Article","@id":"https:\/\/fadeu.urantiacos.cl\/en\/2020\/09\/26\/se-realiza-el-primer-workshop-del-proyecto-fondart-liderado-por-catalina-picon\/#article","isPartOf":{"@id":"https:\/\/fadeu.urantiacos.cl\/en\/2020\/09\/26\/se-realiza-el-primer-workshop-del-proyecto-fondart-liderado-por-catalina-picon\/"},"author":{"name":"manadmin","@id":"https:\/\/fadeu.urantiacos.cl\/en\/#\/schema\/person\/d203e2e84b1c40275eac77b3061a19a2"},"headline":"Se realiza el primer workshop del proyecto Fondart liderado por Catalina Picon","datePublished":"2020-09-26T19:18:00+00:00","dateModified":"2023-10-23T16:45:09+00:00","mainEntityOfPage":{"@id":"https:\/\/fadeu.urantiacos.cl\/en\/2020\/09\/26\/se-realiza-el-primer-workshop-del-proyecto-fondart-liderado-por-catalina-picon\/"},"wordCount":309,"commentCount":0,"image":{"@id":"https:\/\/fadeu.urantiacos.cl\/en\/2020\/09\/26\/se-realiza-el-primer-workshop-del-proyecto-fondart-liderado-por-catalina-picon\/#primaryimage"},"thumbnailUrl":"https:\/\/fadeu.urantiacos.cl\/wp-content\/uploads\/2023\/09\/catalina_picon_web.jpg","articleSection":["Sin categorizar"],"inLanguage":"en-US","potentialAction":[{"@type":"CommentAction","name":"Comment","target":["https:\/\/fadeu.urantiacos.cl\/en\/2020\/09\/26\/se-realiza-el-primer-workshop-del-proyecto-fondart-liderado-por-catalina-picon\/#respond"]}]},{"@type":"WebPage","@id":"https:\/\/fadeu.urantiacos.cl\/en\/2020\/09\/26\/se-realiza-el-primer-workshop-del-proyecto-fondart-liderado-por-catalina-picon\/","url":"https:\/\/fadeu.urantiacos.cl\/en\/2020\/09\/26\/se-realiza-el-primer-workshop-del-proyecto-fondart-liderado-por-catalina-picon\/","name":"Se realiza el primer workshop del proyecto Fondart liderado por Catalina Picon - Facultad de Arquitectura, Dise\u00f1o y Estudios Urbanos","isPartOf":{"@id":"https:\/\/fadeu.urantiacos.cl\/en\/#website"},"primaryImageOfPage":{"@id":"https:\/\/fadeu.urantiacos.cl\/en\/2020\/09\/26\/se-realiza-el-primer-workshop-del-proyecto-fondart-liderado-por-catalina-picon\/#primaryimage"},"image":{"@id":"https:\/\/fadeu.urantiacos.cl\/en\/2020\/09\/26\/se-realiza-el-primer-workshop-del-proyecto-fondart-liderado-por-catalina-picon\/#primaryimage"},"thumbnailUrl":"https:\/\/fadeu.urantiacos.cl\/wp-content\/uploads\/2023\/09\/catalina_picon_web.jpg","datePublished":"2020-09-26T19:18:00+00:00","dateModified":"2023-10-23T16:45:09+00:00","author":{"@id":"https:\/\/fadeu.urantiacos.cl\/en\/#\/schema\/person\/d203e2e84b1c40275eac77b3061a19a2"},"description":"La instancia cont\u00f3 con 50 participantes de distintas ciudades del pa\u00eds y se enfoc\u00f3 en la identificaci\u00f3n de cerros isla en las capitales regionales con el objetivo de generar propuestas de integraci\u00f3n al mosaico ecol\u00f3gico urbano.","breadcrumb":{"@id":"https:\/\/fadeu.urantiacos.cl\/en\/2020\/09\/26\/se-realiza-el-primer-workshop-del-proyecto-fondart-liderado-por-catalina-picon\/#breadcrumb"},"inLanguage":"en-US","potentialAction":[{"@type":"ReadAction","target":["https:\/\/fadeu.urantiacos.cl\/en\/2020\/09\/26\/se-realiza-el-primer-workshop-del-proyecto-fondart-liderado-por-catalina-picon\/"]}]},{"@type":"ImageObject","inLanguage":"en-US","@id":"https:\/\/fadeu.urantiacos.cl\/en\/2020\/09\/26\/se-realiza-el-primer-workshop-del-proyecto-fondart-liderado-por-catalina-picon\/#primaryimage","url":"https:\/\/fadeu.urantiacos.cl\/wp-content\/uploads\/2023\/09\/catalina_picon_web.jpg","contentUrl":"https:\/\/fadeu.urantiacos.cl\/wp-content\/uploads\/2023\/09\/catalina_picon_web.jpg","width":350,"height":250},{"@type":"BreadcrumbList","@id":"https:\/\/fadeu.urantiacos.cl\/en\/2020\/09\/26\/se-realiza-el-primer-workshop-del-proyecto-fondart-liderado-por-catalina-picon\/#breadcrumb","itemListElement":[{"@type":"ListItem","position":1,"name":"Portada","item":"https:\/\/fadeu.urantiacos.cl\/en\/"},{"@type":"ListItem","position":2,"name":"Se realiza el primer workshop del proyecto Fondart liderado por Catalina Picon"}]},{"@type":"WebSite","@id":"https:\/\/fadeu.urantiacos.cl\/en\/#website","url":"https:\/\/fadeu.urantiacos.cl\/en\/","name":"Facultad de Arquitectura, Dise\u00f1o y Estudios Urbanos","description":"Campus Lo Contador","potentialAction":[{"@type":"SearchAction","target":{"@type":"EntryPoint","urlTemplate":"https:\/\/fadeu.urantiacos.cl\/en\/?s={search_term_string}"},"query-input":{"@type":"PropertyValueSpecification","valueRequired":true,"valueName":"search_term_string"}}],"inLanguage":"en-US"},{"@type":"Person","@id":"https:\/\/fadeu.urantiacos.cl\/en\/#\/schema\/person\/d203e2e84b1c40275eac77b3061a19a2","name":"manadmin","image":{"@type":"ImageObject","inLanguage":"en-US","@id":"https:\/\/fadeu.urantiacos.cl\/en\/#\/schema\/person\/image\/","url":"https:\/\/secure.gravatar.com\/avatar\/4b1d8e3303b4a9d8968ac578947d8bc80d9aea359f388cdd4aac15cadc0e8447?s=96&d=mm&r=g","contentUrl":"https:\/\/secure.gravatar.com\/avatar\/4b1d8e3303b4a9d8968ac578947d8bc80d9aea359f388cdd4aac15cadc0e8447?s=96&d=mm&r=g","caption":"manadmin"},"sameAs":["https:\/\/fadeu.urantiacos.cl"]}]}},"_links":{"self":[{"href":"https:\/\/fadeu.urantiacos.cl\/en\/wp-json\/wp\/v2\/posts\/8208","targetHints":{"allow":["GET"]}}],"collection":[{"href":"https:\/\/fadeu.urantiacos.cl\/en\/wp-json\/wp\/v2\/posts"}],"about":[{"href":"https:\/\/fadeu.urantiacos.cl\/en\/wp-json\/wp\/v2\/types\/post"}],"author":[{"embeddable":true,"href":"https:\/\/fadeu.urantiacos.cl\/en\/wp-json\/wp\/v2\/users\/1"}],"replies":[{"embeddable":true,"href":"https:\/\/fadeu.urantiacos.cl\/en\/wp-json\/wp\/v2\/comments?post=8208"}],"version-history":[{"count":2,"href":"https:\/\/fadeu.urantiacos.cl\/en\/wp-json\/wp\/v2\/posts\/8208\/revisions"}],"predecessor-version":[{"id":17432,"href":"https:\/\/fadeu.urantiacos.cl\/en\/wp-json\/wp\/v2\/posts\/8208\/revisions\/17432"}],"wp:featuredmedia":[{"embeddable":true,"href":"https:\/\/fadeu.urantiacos.cl\/en\/wp-json\/wp\/v2\/media\/8209"}],"wp:attachment":[{"href":"https:\/\/fadeu.urantiacos.cl\/en\/wp-json\/wp\/v2\/media?parent=8208"}],"wp:term":[{"taxonomy":"category","embeddable":true,"href":"https:\/\/fadeu.urantiacos.cl\/en\/wp-json\/wp\/v2\/categories?post=8208"},{"taxonomy":"post_tag","embeddable":true,"href":"https:\/\/fadeu.urantiacos.cl\/en\/wp-json\/wp\/v2\/tags?post=8208"}],"curies":[{"name":"wp","href":"https:\/\/api.w.org\/{rel}","templated":true}]}}