{"id":8205,"date":"2020-09-27T16:16:00","date_gmt":"2020-09-27T19:16:00","guid":{"rendered":"https:\/\/fadeu.urantiacos.cl\/?p=8205"},"modified":"2023-09-10T16:18:05","modified_gmt":"2023-09-10T19:18:05","slug":"pedro-alonso-participo-en-seminario-en-oslo","status":"publish","type":"post","link":"https:\/\/fadeu.urantiacos.cl\/en\/2020\/09\/27\/pedro-alonso-participo-en-seminario-en-oslo\/","title":{"rendered":"Pedro Alonso particip\u00f3 en seminario en Oslo"},"content":{"rendered":"\n<figure class=\"wp-block-image size-full\"><img decoding=\"async\" width=\"350\" height=\"250\" src=\"https:\/\/fadeu.urantiacos.cl\/wp-content\/uploads\/2023\/09\/BS_Pedro-Alonso_web.jpg\" alt=\"\" class=\"wp-image-8206\" srcset=\"https:\/\/fadeu.urantiacos.cl\/wp-content\/uploads\/2023\/09\/BS_Pedro-Alonso_web.jpg 350w, https:\/\/fadeu.urantiacos.cl\/wp-content\/uploads\/2023\/09\/BS_Pedro-Alonso_web-300x214.jpg 300w\" sizes=\"(max-width: 350px) 100vw, 350px\" \/><\/figure>\n\n\n\n<p>En la charla, el profesor expuso sobre la historia de los paneles de hormig\u00f3n, tipolog\u00eda global de vivienda social moderna que se convirti\u00f3 en la m\u00e1s extendida alrededor mundo. Esto forma parte de su investigaci\u00f3n interdisciplinaria, que ha abordado tanto casos locales como internacionales, sobre las t\u00e9cnicas y los imaginarios en torno a los paneles prefabricados de hormig\u00f3n armado. La investigaci\u00f3n ha incluido exposiciones, conferencias, el libro&nbsp;Flying Pannels&nbsp;(<a href=\"http:\/\/arquitectura.uc.cl\/proyectos\/noticias\/5267-libro-de-pedro-alonso-y-hugo-palmarola-es-nominado-al-dennis-sharp-cica-awards-2020.html\" target=\"_blank\" rel=\"noreferrer noopener\">ver nota<\/a>), entre otros.<\/p>\n\n\n\n<p>La presentaci\u00f3n se enmarc\u00f3 en el seminario internacional organizado por los profesores Erik Fenstad Langdalen e Ingrid Dobloug Roede. El evento profundiz\u00f3 en la historia de la prefabricaci\u00f3n en Noruega, y cont\u00f3 tambi\u00e9n con la participaci\u00f3n de Jorge Otero-Pailos, Even Smith Wergeland y Adrian Forty.<\/p>\n\n\n\n<p>Noticias<br>Contacto:&nbsp;<a href=\"mailto:redesarq@uc.cl\">redesarq@uc.cl<\/a>&nbsp;| +56 2 2354 7747<br>www.arquitectura.uc.cl<\/p>\n","protected":false},"excerpt":{"rendered":"<p>El d\u00eda 9 de septiembre de 2020, el profesor dict\u00f3 \u2014en la Escuela de Arquitectura de Oslo, Noruega\u2014, la charla online titulada Prolegomenon to a Global History of Large Concrete Panel Systems.<\/p>\n","protected":false},"author":1,"featured_media":8206,"comment_status":"open","ping_status":"open","sticky":false,"template":"","format":"standard","meta":{"_acf_changed":false,"footnotes":""},"categories":[1],"tags":[],"class_list":["post-8205","post","type-post","status-publish","format-standard","has-post-thumbnail","hentry","category-sin-categorizar"],"acf":[],"yoast_head":"<!-- This site is optimized with the Yoast SEO plugin v27.1.1 - https:\/\/yoast.com\/product\/yoast-seo-wordpress\/ -->\n<title>Pedro Alonso particip\u00f3 en seminario en Oslo - Facultad de Arquitectura, Dise\u00f1o y Estudios Urbanos<\/title>\n<meta name=\"description\" content=\"El d\u00eda 9 de septiembre de 2020, el profesor dict\u00f3 \u2014en la Escuela de Arquitectura de Oslo, Noruega\u2014, la charla online titulada Prolegomenon to a Global History of Large Concrete Panel Systems.\" \/>\n<meta name=\"robots\" content=\"index, follow, max-snippet:-1, max-image-preview:large, max-video-preview:-1\" \/>\n<link rel=\"canonical\" href=\"https:\/\/fadeu.urantiacos.cl\/en\/2020\/09\/27\/pedro-alonso-participo-en-seminario-en-oslo\/\" \/>\n<meta property=\"og:locale\" content=\"en_US\" \/>\n<meta property=\"og:type\" content=\"article\" \/>\n<meta property=\"og:title\" content=\"Pedro Alonso particip\u00f3 en seminario en Oslo - Facultad de Arquitectura, Dise\u00f1o y Estudios Urbanos\" \/>\n<meta property=\"og:description\" content=\"El d\u00eda 9 de septiembre de 2020, el profesor dict\u00f3 \u2014en la Escuela de Arquitectura de Oslo, Noruega\u2014, la charla online titulada Prolegomenon to a Global History of Large Concrete Panel Systems.\" \/>\n<meta property=\"og:url\" content=\"https:\/\/fadeu.urantiacos.cl\/en\/2020\/09\/27\/pedro-alonso-participo-en-seminario-en-oslo\/\" \/>\n<meta property=\"og:site_name\" content=\"Facultad de Arquitectura, Dise\u00f1o y Estudios Urbanos\" \/>\n<meta property=\"article:published_time\" content=\"2020-09-27T19:16:00+00:00\" \/>\n<meta property=\"article:modified_time\" content=\"2023-09-10T19:18:05+00:00\" \/>\n<meta property=\"og:image\" content=\"https:\/\/fadeu.urantiacos.cl\/wp-content\/uploads\/2023\/09\/BS_Pedro-Alonso_web.jpg\" \/>\n\t<meta property=\"og:image:width\" content=\"350\" \/>\n\t<meta property=\"og:image:height\" content=\"250\" \/>\n\t<meta property=\"og:image:type\" content=\"image\/jpeg\" \/>\n<meta name=\"author\" content=\"manadmin\" \/>\n<meta name=\"twitter:card\" content=\"summary_large_image\" \/>\n<meta name=\"twitter:label1\" content=\"Written by\" \/>\n\t<meta name=\"twitter:data1\" content=\"manadmin\" \/>\n\t<meta name=\"twitter:label2\" content=\"Est. reading time\" \/>\n\t<meta name=\"twitter:data2\" content=\"1 minute\" \/>\n<script type=\"application\/ld+json\" class=\"yoast-schema-graph\">{\"@context\":\"https:\/\/schema.org\",\"@graph\":[{\"@type\":\"Article\",\"@id\":\"https:\/\/fadeu.urantiacos.cl\/en\/2020\/09\/27\/pedro-alonso-participo-en-seminario-en-oslo\/#article\",\"isPartOf\":{\"@id\":\"https:\/\/fadeu.urantiacos.cl\/en\/2020\/09\/27\/pedro-alonso-participo-en-seminario-en-oslo\/\"},\"author\":{\"name\":\"manadmin\",\"@id\":\"https:\/\/fadeu.urantiacos.cl\/en\/#\/schema\/person\/d203e2e84b1c40275eac77b3061a19a2\"},\"headline\":\"Pedro Alonso particip\u00f3 en seminario en Oslo\",\"datePublished\":\"2020-09-27T19:16:00+00:00\",\"dateModified\":\"2023-09-10T19:18:05+00:00\",\"mainEntityOfPage\":{\"@id\":\"https:\/\/fadeu.urantiacos.cl\/en\/2020\/09\/27\/pedro-alonso-participo-en-seminario-en-oslo\/\"},\"wordCount\":148,\"commentCount\":0,\"image\":{\"@id\":\"https:\/\/fadeu.urantiacos.cl\/en\/2020\/09\/27\/pedro-alonso-participo-en-seminario-en-oslo\/#primaryimage\"},\"thumbnailUrl\":\"https:\/\/fadeu.urantiacos.cl\/wp-content\/uploads\/2023\/09\/BS_Pedro-Alonso_web.jpg\",\"articleSection\":[\"Sin categorizar\"],\"inLanguage\":\"en-US\",\"potentialAction\":[{\"@type\":\"CommentAction\",\"name\":\"Comment\",\"target\":[\"https:\/\/fadeu.urantiacos.cl\/en\/2020\/09\/27\/pedro-alonso-participo-en-seminario-en-oslo\/#respond\"]}]},{\"@type\":\"WebPage\",\"@id\":\"https:\/\/fadeu.urantiacos.cl\/en\/2020\/09\/27\/pedro-alonso-participo-en-seminario-en-oslo\/\",\"url\":\"https:\/\/fadeu.urantiacos.cl\/en\/2020\/09\/27\/pedro-alonso-participo-en-seminario-en-oslo\/\",\"name\":\"Pedro Alonso particip\u00f3 en seminario en Oslo - Facultad de Arquitectura, Dise\u00f1o y Estudios Urbanos\",\"isPartOf\":{\"@id\":\"https:\/\/fadeu.urantiacos.cl\/en\/#website\"},\"primaryImageOfPage\":{\"@id\":\"https:\/\/fadeu.urantiacos.cl\/en\/2020\/09\/27\/pedro-alonso-participo-en-seminario-en-oslo\/#primaryimage\"},\"image\":{\"@id\":\"https:\/\/fadeu.urantiacos.cl\/en\/2020\/09\/27\/pedro-alonso-participo-en-seminario-en-oslo\/#primaryimage\"},\"thumbnailUrl\":\"https:\/\/fadeu.urantiacos.cl\/wp-content\/uploads\/2023\/09\/BS_Pedro-Alonso_web.jpg\",\"datePublished\":\"2020-09-27T19:16:00+00:00\",\"dateModified\":\"2023-09-10T19:18:05+00:00\",\"author\":{\"@id\":\"https:\/\/fadeu.urantiacos.cl\/en\/#\/schema\/person\/d203e2e84b1c40275eac77b3061a19a2\"},\"description\":\"El d\u00eda 9 de septiembre de 2020, el profesor dict\u00f3 \u2014en la Escuela de Arquitectura de Oslo, Noruega\u2014, la charla online titulada Prolegomenon to a Global History of Large Concrete Panel Systems.\",\"breadcrumb\":{\"@id\":\"https:\/\/fadeu.urantiacos.cl\/en\/2020\/09\/27\/pedro-alonso-participo-en-seminario-en-oslo\/#breadcrumb\"},\"inLanguage\":\"en-US\",\"potentialAction\":[{\"@type\":\"ReadAction\",\"target\":[\"https:\/\/fadeu.urantiacos.cl\/en\/2020\/09\/27\/pedro-alonso-participo-en-seminario-en-oslo\/\"]}]},{\"@type\":\"ImageObject\",\"inLanguage\":\"en-US\",\"@id\":\"https:\/\/fadeu.urantiacos.cl\/en\/2020\/09\/27\/pedro-alonso-participo-en-seminario-en-oslo\/#primaryimage\",\"url\":\"https:\/\/fadeu.urantiacos.cl\/wp-content\/uploads\/2023\/09\/BS_Pedro-Alonso_web.jpg\",\"contentUrl\":\"https:\/\/fadeu.urantiacos.cl\/wp-content\/uploads\/2023\/09\/BS_Pedro-Alonso_web.jpg\",\"width\":350,\"height\":250},{\"@type\":\"BreadcrumbList\",\"@id\":\"https:\/\/fadeu.urantiacos.cl\/en\/2020\/09\/27\/pedro-alonso-participo-en-seminario-en-oslo\/#breadcrumb\",\"itemListElement\":[{\"@type\":\"ListItem\",\"position\":1,\"name\":\"Portada\",\"item\":\"https:\/\/fadeu.urantiacos.cl\/en\/\"},{\"@type\":\"ListItem\",\"position\":2,\"name\":\"Pedro Alonso particip\u00f3 en seminario en Oslo\"}]},{\"@type\":\"WebSite\",\"@id\":\"https:\/\/fadeu.urantiacos.cl\/en\/#website\",\"url\":\"https:\/\/fadeu.urantiacos.cl\/en\/\",\"name\":\"Facultad de Arquitectura, Dise\u00f1o y Estudios Urbanos\",\"description\":\"Campus Lo Contador\",\"potentialAction\":[{\"@type\":\"SearchAction\",\"target\":{\"@type\":\"EntryPoint\",\"urlTemplate\":\"https:\/\/fadeu.urantiacos.cl\/en\/?s={search_term_string}\"},\"query-input\":{\"@type\":\"PropertyValueSpecification\",\"valueRequired\":true,\"valueName\":\"search_term_string\"}}],\"inLanguage\":\"en-US\"},{\"@type\":\"Person\",\"@id\":\"https:\/\/fadeu.urantiacos.cl\/en\/#\/schema\/person\/d203e2e84b1c40275eac77b3061a19a2\",\"name\":\"manadmin\",\"image\":{\"@type\":\"ImageObject\",\"inLanguage\":\"en-US\",\"@id\":\"https:\/\/fadeu.urantiacos.cl\/en\/#\/schema\/person\/image\/\",\"url\":\"https:\/\/secure.gravatar.com\/avatar\/4b1d8e3303b4a9d8968ac578947d8bc80d9aea359f388cdd4aac15cadc0e8447?s=96&d=mm&r=g\",\"contentUrl\":\"https:\/\/secure.gravatar.com\/avatar\/4b1d8e3303b4a9d8968ac578947d8bc80d9aea359f388cdd4aac15cadc0e8447?s=96&d=mm&r=g\",\"caption\":\"manadmin\"},\"sameAs\":[\"https:\/\/fadeu.urantiacos.cl\"]}]}<\/script>\n<!-- \/ Yoast SEO plugin. -->","yoast_head_json":{"title":"Pedro Alonso particip\u00f3 en seminario en Oslo - Facultad de Arquitectura, Dise\u00f1o y Estudios Urbanos","description":"El d\u00eda 9 de septiembre de 2020, el profesor dict\u00f3 \u2014en la Escuela de Arquitectura de Oslo, Noruega\u2014, la charla online titulada Prolegomenon to a Global History of Large Concrete Panel Systems.","robots":{"index":"index","follow":"follow","max-snippet":"max-snippet:-1","max-image-preview":"max-image-preview:large","max-video-preview":"max-video-preview:-1"},"canonical":"https:\/\/fadeu.urantiacos.cl\/en\/2020\/09\/27\/pedro-alonso-participo-en-seminario-en-oslo\/","og_locale":"en_US","og_type":"article","og_title":"Pedro Alonso particip\u00f3 en seminario en Oslo - Facultad de Arquitectura, Dise\u00f1o y Estudios Urbanos","og_description":"El d\u00eda 9 de septiembre de 2020, el profesor dict\u00f3 \u2014en la Escuela de Arquitectura de Oslo, Noruega\u2014, la charla online titulada Prolegomenon to a Global History of Large Concrete Panel Systems.","og_url":"https:\/\/fadeu.urantiacos.cl\/en\/2020\/09\/27\/pedro-alonso-participo-en-seminario-en-oslo\/","og_site_name":"Facultad de Arquitectura, Dise\u00f1o y Estudios Urbanos","article_published_time":"2020-09-27T19:16:00+00:00","article_modified_time":"2023-09-10T19:18:05+00:00","og_image":[{"width":350,"height":250,"url":"https:\/\/fadeu.urantiacos.cl\/wp-content\/uploads\/2023\/09\/BS_Pedro-Alonso_web.jpg","type":"image\/jpeg"}],"author":"manadmin","twitter_card":"summary_large_image","twitter_misc":{"Written by":"manadmin","Est. reading time":"1 minute"},"schema":{"@context":"https:\/\/schema.org","@graph":[{"@type":"Article","@id":"https:\/\/fadeu.urantiacos.cl\/en\/2020\/09\/27\/pedro-alonso-participo-en-seminario-en-oslo\/#article","isPartOf":{"@id":"https:\/\/fadeu.urantiacos.cl\/en\/2020\/09\/27\/pedro-alonso-participo-en-seminario-en-oslo\/"},"author":{"name":"manadmin","@id":"https:\/\/fadeu.urantiacos.cl\/en\/#\/schema\/person\/d203e2e84b1c40275eac77b3061a19a2"},"headline":"Pedro Alonso particip\u00f3 en seminario en Oslo","datePublished":"2020-09-27T19:16:00+00:00","dateModified":"2023-09-10T19:18:05+00:00","mainEntityOfPage":{"@id":"https:\/\/fadeu.urantiacos.cl\/en\/2020\/09\/27\/pedro-alonso-participo-en-seminario-en-oslo\/"},"wordCount":148,"commentCount":0,"image":{"@id":"https:\/\/fadeu.urantiacos.cl\/en\/2020\/09\/27\/pedro-alonso-participo-en-seminario-en-oslo\/#primaryimage"},"thumbnailUrl":"https:\/\/fadeu.urantiacos.cl\/wp-content\/uploads\/2023\/09\/BS_Pedro-Alonso_web.jpg","articleSection":["Sin categorizar"],"inLanguage":"en-US","potentialAction":[{"@type":"CommentAction","name":"Comment","target":["https:\/\/fadeu.urantiacos.cl\/en\/2020\/09\/27\/pedro-alonso-participo-en-seminario-en-oslo\/#respond"]}]},{"@type":"WebPage","@id":"https:\/\/fadeu.urantiacos.cl\/en\/2020\/09\/27\/pedro-alonso-participo-en-seminario-en-oslo\/","url":"https:\/\/fadeu.urantiacos.cl\/en\/2020\/09\/27\/pedro-alonso-participo-en-seminario-en-oslo\/","name":"Pedro Alonso particip\u00f3 en seminario en Oslo - Facultad de Arquitectura, Dise\u00f1o y Estudios Urbanos","isPartOf":{"@id":"https:\/\/fadeu.urantiacos.cl\/en\/#website"},"primaryImageOfPage":{"@id":"https:\/\/fadeu.urantiacos.cl\/en\/2020\/09\/27\/pedro-alonso-participo-en-seminario-en-oslo\/#primaryimage"},"image":{"@id":"https:\/\/fadeu.urantiacos.cl\/en\/2020\/09\/27\/pedro-alonso-participo-en-seminario-en-oslo\/#primaryimage"},"thumbnailUrl":"https:\/\/fadeu.urantiacos.cl\/wp-content\/uploads\/2023\/09\/BS_Pedro-Alonso_web.jpg","datePublished":"2020-09-27T19:16:00+00:00","dateModified":"2023-09-10T19:18:05+00:00","author":{"@id":"https:\/\/fadeu.urantiacos.cl\/en\/#\/schema\/person\/d203e2e84b1c40275eac77b3061a19a2"},"description":"El d\u00eda 9 de septiembre de 2020, el profesor dict\u00f3 \u2014en la Escuela de Arquitectura de Oslo, Noruega\u2014, la charla online titulada Prolegomenon to a Global History of Large Concrete Panel Systems.","breadcrumb":{"@id":"https:\/\/fadeu.urantiacos.cl\/en\/2020\/09\/27\/pedro-alonso-participo-en-seminario-en-oslo\/#breadcrumb"},"inLanguage":"en-US","potentialAction":[{"@type":"ReadAction","target":["https:\/\/fadeu.urantiacos.cl\/en\/2020\/09\/27\/pedro-alonso-participo-en-seminario-en-oslo\/"]}]},{"@type":"ImageObject","inLanguage":"en-US","@id":"https:\/\/fadeu.urantiacos.cl\/en\/2020\/09\/27\/pedro-alonso-participo-en-seminario-en-oslo\/#primaryimage","url":"https:\/\/fadeu.urantiacos.cl\/wp-content\/uploads\/2023\/09\/BS_Pedro-Alonso_web.jpg","contentUrl":"https:\/\/fadeu.urantiacos.cl\/wp-content\/uploads\/2023\/09\/BS_Pedro-Alonso_web.jpg","width":350,"height":250},{"@type":"BreadcrumbList","@id":"https:\/\/fadeu.urantiacos.cl\/en\/2020\/09\/27\/pedro-alonso-participo-en-seminario-en-oslo\/#breadcrumb","itemListElement":[{"@type":"ListItem","position":1,"name":"Portada","item":"https:\/\/fadeu.urantiacos.cl\/en\/"},{"@type":"ListItem","position":2,"name":"Pedro Alonso particip\u00f3 en seminario en Oslo"}]},{"@type":"WebSite","@id":"https:\/\/fadeu.urantiacos.cl\/en\/#website","url":"https:\/\/fadeu.urantiacos.cl\/en\/","name":"Facultad de Arquitectura, Dise\u00f1o y Estudios Urbanos","description":"Campus Lo Contador","potentialAction":[{"@type":"SearchAction","target":{"@type":"EntryPoint","urlTemplate":"https:\/\/fadeu.urantiacos.cl\/en\/?s={search_term_string}"},"query-input":{"@type":"PropertyValueSpecification","valueRequired":true,"valueName":"search_term_string"}}],"inLanguage":"en-US"},{"@type":"Person","@id":"https:\/\/fadeu.urantiacos.cl\/en\/#\/schema\/person\/d203e2e84b1c40275eac77b3061a19a2","name":"manadmin","image":{"@type":"ImageObject","inLanguage":"en-US","@id":"https:\/\/fadeu.urantiacos.cl\/en\/#\/schema\/person\/image\/","url":"https:\/\/secure.gravatar.com\/avatar\/4b1d8e3303b4a9d8968ac578947d8bc80d9aea359f388cdd4aac15cadc0e8447?s=96&d=mm&r=g","contentUrl":"https:\/\/secure.gravatar.com\/avatar\/4b1d8e3303b4a9d8968ac578947d8bc80d9aea359f388cdd4aac15cadc0e8447?s=96&d=mm&r=g","caption":"manadmin"},"sameAs":["https:\/\/fadeu.urantiacos.cl"]}]}},"_links":{"self":[{"href":"https:\/\/fadeu.urantiacos.cl\/en\/wp-json\/wp\/v2\/posts\/8205","targetHints":{"allow":["GET"]}}],"collection":[{"href":"https:\/\/fadeu.urantiacos.cl\/en\/wp-json\/wp\/v2\/posts"}],"about":[{"href":"https:\/\/fadeu.urantiacos.cl\/en\/wp-json\/wp\/v2\/types\/post"}],"author":[{"embeddable":true,"href":"https:\/\/fadeu.urantiacos.cl\/en\/wp-json\/wp\/v2\/users\/1"}],"replies":[{"embeddable":true,"href":"https:\/\/fadeu.urantiacos.cl\/en\/wp-json\/wp\/v2\/comments?post=8205"}],"version-history":[{"count":1,"href":"https:\/\/fadeu.urantiacos.cl\/en\/wp-json\/wp\/v2\/posts\/8205\/revisions"}],"predecessor-version":[{"id":8207,"href":"https:\/\/fadeu.urantiacos.cl\/en\/wp-json\/wp\/v2\/posts\/8205\/revisions\/8207"}],"wp:featuredmedia":[{"embeddable":true,"href":"https:\/\/fadeu.urantiacos.cl\/en\/wp-json\/wp\/v2\/media\/8206"}],"wp:attachment":[{"href":"https:\/\/fadeu.urantiacos.cl\/en\/wp-json\/wp\/v2\/media?parent=8205"}],"wp:term":[{"taxonomy":"category","embeddable":true,"href":"https:\/\/fadeu.urantiacos.cl\/en\/wp-json\/wp\/v2\/categories?post=8205"},{"taxonomy":"post_tag","embeddable":true,"href":"https:\/\/fadeu.urantiacos.cl\/en\/wp-json\/wp\/v2\/tags?post=8205"}],"curies":[{"name":"wp","href":"https:\/\/api.w.org\/{rel}","templated":true}]}}