{"id":8198,"date":"2020-09-27T16:11:00","date_gmt":"2020-09-27T19:11:00","guid":{"rendered":"https:\/\/fadeu.urantiacos.cl\/?p=8198"},"modified":"2023-09-10T16:13:53","modified_gmt":"2023-09-10T19:13:53","slug":"horacio-torrent-dicto-conferencias-en-dos-universidades-de-brasil","status":"publish","type":"post","link":"https:\/\/fadeu.urantiacos.cl\/en\/2020\/09\/27\/horacio-torrent-dicto-conferencias-en-dos-universidades-de-brasil\/","title":{"rendered":"Horacio Torrent dict\u00f3 conferencias en dos universidades de Brasil"},"content":{"rendered":"\n<figure class=\"wp-block-image size-full\"><img decoding=\"async\" width=\"350\" height=\"250\" src=\"https:\/\/fadeu.urantiacos.cl\/wp-content\/uploads\/2023\/09\/horacio_torrent_fadeu_web.jpg\" alt=\"\" class=\"wp-image-8199\" srcset=\"https:\/\/fadeu.urantiacos.cl\/wp-content\/uploads\/2023\/09\/horacio_torrent_fadeu_web.jpg 350w, https:\/\/fadeu.urantiacos.cl\/wp-content\/uploads\/2023\/09\/horacio_torrent_fadeu_web-300x214.jpg 300w\" sizes=\"(max-width: 350px) 100vw, 350px\" \/><\/figure>\n\n\n\n<p>La primera de las conferencias, realizada el 11 de septiembre de 2020, tuvo como t\u00edtulo &#8220;O Sonho e a Realidade: arquiteturas modernas do Brasil, entre a unidade estil\u00edstica e dispers\u00e3o urbana&#8221; (Sue\u00f1o y realidad: arquitectura moderna en Brasil, entre unidad estil\u00edstica y dispersi\u00f3n urbana). En ella, el acad\u00e9mico abord\u00f3 los paradigmas de interpretaci\u00f3n de la arquitectura moderna brasile\u00f1a y los distintos episodios que la marcaron, desde su reconocimiento inicial hasta el silencio de los a\u00f1os setenta. Esto, rese\u00f1ado a partir de exposiciones y publicaciones, con una amplia recopilaci\u00f3n de material que supera los cientos de casos, proponiendo as\u00ed la arquitectura brasile\u00f1a como parte de los sistemas interpretativos de la arquitectura moderna.<\/p>\n\n\n\n<p>Esta actividad, en el marco del Programa de Posgradua\u00e7ao em Arquitetura PROPAR de la Universidade Federal de Rio Grande do Sul, fue parte del ciclo &#8220;Visitante Frecuente&#8221;, en el que tambi\u00e9n participan los arquitectos espa\u00f1oles Josep Maria Montaner y Ana Esteban Maluenda, y la arquitecta argentina M\u00f3nica Bertolino.<\/p>\n\n\n\n<p>Luego, el 14 y 15 de septiembre, el profesor realiz\u00f3 dos conferencias m\u00e1s, esta vez en el Programa de Pos-gradua\u00e7ao Geograf\u00eda, Cidade e Arquitetura de la Escola da Cidade de S\u00e3o Paulo, en el marco de un curso\/taller dictado por el arquitecto Pablo Talhouk junto a Torrent y los profesores ARQ UC Teodoro Fern\u00e1ndez y Sebasti\u00e1n Irarr\u00e1zaval.<\/p>\n\n\n\n<p>En esta oportunidad, y presentando bajo la tem\u00e1tica &#8220;As ecolog\u00edas da arquitetura chilena&#8221; (Las ecolog\u00edas de la arquitectura chilena), el acad\u00e9mico ARQ UC dict\u00f3 las charlas &#8220;Geograf\u00edas&#8221; y &#8220;Ciudades&#8221;, dividiendo as\u00ed las 6 ecolog\u00edas de la arquitectura chilena en diferentes sectores: norte, centro, litoral, sur cercano, sur lejano y urbano.<\/p>\n\n\n\n<p>Aqu\u00ed, el \u00e9nfasis estuvo puesto en las condicionantes geogr\u00e1ficas y ambientales que la propia disciplina y la pr\u00e1ctica de la arquitectura nacional han definido a lo largo del siglo XX, poniendo en debate las relaciones entre la arquitectura, la geograf\u00eda y la ciudad. Entre los ejemplos revisados estuvieron asentamientos como Coyhaique de 1928, Paipote de 1947 y Cerro Sombrero de 1957, pero tambi\u00e9n ciudades como Osorno de 1929, Valpara\u00edso de 1934, Chill\u00e1n de 1939, La Serena de 1949 y Arica de 1959, casos que han formado parte de la investigaci\u00f3n de Torrent en los \u00faltimos a\u00f1os.<\/p>\n\n\n\n<p>Por la contingencia, todas las exposiciones se realizaron de manera remota.<\/p>\n\n\n\n<p>Noticias<br>Contacto:&nbsp;<a href=\"mailto:redesarq@uc.cl\">redesarq@uc.cl<\/a>&nbsp;| +56 2 2354 7747<br>www.arquitectura.uc.cl&nbsp;<\/p>\n","protected":false},"excerpt":{"rendered":"<p>El acad\u00e9mico ARQ UC present\u00f3 en la Universidade Federal de Rio Grande do Sul y en la Escola da Cidade de S\u00e3o Paulo.<\/p>\n","protected":false},"author":1,"featured_media":8199,"comment_status":"open","ping_status":"open","sticky":false,"template":"","format":"standard","meta":{"_acf_changed":false,"footnotes":""},"categories":[1],"tags":[],"class_list":["post-8198","post","type-post","status-publish","format-standard","has-post-thumbnail","hentry","category-sin-categorizar"],"acf":[],"yoast_head":"<!-- This site is optimized with the Yoast SEO plugin v27.1.1 - https:\/\/yoast.com\/product\/yoast-seo-wordpress\/ -->\n<title>Horacio Torrent dict\u00f3 conferencias en dos universidades de Brasil - Facultad de Arquitectura, Dise\u00f1o y Estudios Urbanos<\/title>\n<meta name=\"description\" content=\"El acad\u00e9mico ARQ UC present\u00f3 en la Universidade Federal de Rio Grande do Sul y en la Escola da Cidade de S\u00e3o Paulo.\" \/>\n<meta name=\"robots\" content=\"index, follow, max-snippet:-1, max-image-preview:large, max-video-preview:-1\" \/>\n<link rel=\"canonical\" href=\"https:\/\/fadeu.urantiacos.cl\/en\/2020\/09\/27\/horacio-torrent-dicto-conferencias-en-dos-universidades-de-brasil\/\" \/>\n<meta property=\"og:locale\" content=\"en_US\" \/>\n<meta property=\"og:type\" content=\"article\" \/>\n<meta property=\"og:title\" content=\"Horacio Torrent dict\u00f3 conferencias en dos universidades de Brasil - Facultad de Arquitectura, Dise\u00f1o y Estudios Urbanos\" \/>\n<meta property=\"og:description\" content=\"El acad\u00e9mico ARQ UC present\u00f3 en la Universidade Federal de Rio Grande do Sul y en la Escola da Cidade de S\u00e3o Paulo.\" \/>\n<meta property=\"og:url\" content=\"https:\/\/fadeu.urantiacos.cl\/en\/2020\/09\/27\/horacio-torrent-dicto-conferencias-en-dos-universidades-de-brasil\/\" \/>\n<meta property=\"og:site_name\" content=\"Facultad de Arquitectura, Dise\u00f1o y Estudios Urbanos\" \/>\n<meta property=\"article:published_time\" content=\"2020-09-27T19:11:00+00:00\" \/>\n<meta property=\"article:modified_time\" content=\"2023-09-10T19:13:53+00:00\" \/>\n<meta property=\"og:image\" content=\"https:\/\/fadeu.urantiacos.cl\/wp-content\/uploads\/2023\/09\/horacio_torrent_fadeu_web.jpg\" \/>\n\t<meta property=\"og:image:width\" content=\"350\" \/>\n\t<meta property=\"og:image:height\" content=\"250\" \/>\n\t<meta property=\"og:image:type\" content=\"image\/jpeg\" \/>\n<meta name=\"author\" content=\"manadmin\" \/>\n<meta name=\"twitter:card\" content=\"summary_large_image\" \/>\n<meta name=\"twitter:label1\" content=\"Written by\" \/>\n\t<meta name=\"twitter:data1\" content=\"manadmin\" \/>\n\t<meta name=\"twitter:label2\" content=\"Est. reading time\" \/>\n\t<meta name=\"twitter:data2\" content=\"2 minutes\" \/>\n<script type=\"application\/ld+json\" class=\"yoast-schema-graph\">{\"@context\":\"https:\/\/schema.org\",\"@graph\":[{\"@type\":\"Article\",\"@id\":\"https:\/\/fadeu.urantiacos.cl\/en\/2020\/09\/27\/horacio-torrent-dicto-conferencias-en-dos-universidades-de-brasil\/#article\",\"isPartOf\":{\"@id\":\"https:\/\/fadeu.urantiacos.cl\/en\/2020\/09\/27\/horacio-torrent-dicto-conferencias-en-dos-universidades-de-brasil\/\"},\"author\":{\"name\":\"manadmin\",\"@id\":\"https:\/\/fadeu.urantiacos.cl\/en\/#\/schema\/person\/d203e2e84b1c40275eac77b3061a19a2\"},\"headline\":\"Horacio Torrent dict\u00f3 conferencias en dos universidades de Brasil\",\"datePublished\":\"2020-09-27T19:11:00+00:00\",\"dateModified\":\"2023-09-10T19:13:53+00:00\",\"mainEntityOfPage\":{\"@id\":\"https:\/\/fadeu.urantiacos.cl\/en\/2020\/09\/27\/horacio-torrent-dicto-conferencias-en-dos-universidades-de-brasil\/\"},\"wordCount\":419,\"commentCount\":0,\"image\":{\"@id\":\"https:\/\/fadeu.urantiacos.cl\/en\/2020\/09\/27\/horacio-torrent-dicto-conferencias-en-dos-universidades-de-brasil\/#primaryimage\"},\"thumbnailUrl\":\"https:\/\/fadeu.urantiacos.cl\/wp-content\/uploads\/2023\/09\/horacio_torrent_fadeu_web.jpg\",\"articleSection\":[\"Sin categorizar\"],\"inLanguage\":\"en-US\",\"potentialAction\":[{\"@type\":\"CommentAction\",\"name\":\"Comment\",\"target\":[\"https:\/\/fadeu.urantiacos.cl\/en\/2020\/09\/27\/horacio-torrent-dicto-conferencias-en-dos-universidades-de-brasil\/#respond\"]}]},{\"@type\":\"WebPage\",\"@id\":\"https:\/\/fadeu.urantiacos.cl\/en\/2020\/09\/27\/horacio-torrent-dicto-conferencias-en-dos-universidades-de-brasil\/\",\"url\":\"https:\/\/fadeu.urantiacos.cl\/en\/2020\/09\/27\/horacio-torrent-dicto-conferencias-en-dos-universidades-de-brasil\/\",\"name\":\"Horacio Torrent dict\u00f3 conferencias en dos universidades de Brasil - Facultad de Arquitectura, Dise\u00f1o y Estudios Urbanos\",\"isPartOf\":{\"@id\":\"https:\/\/fadeu.urantiacos.cl\/en\/#website\"},\"primaryImageOfPage\":{\"@id\":\"https:\/\/fadeu.urantiacos.cl\/en\/2020\/09\/27\/horacio-torrent-dicto-conferencias-en-dos-universidades-de-brasil\/#primaryimage\"},\"image\":{\"@id\":\"https:\/\/fadeu.urantiacos.cl\/en\/2020\/09\/27\/horacio-torrent-dicto-conferencias-en-dos-universidades-de-brasil\/#primaryimage\"},\"thumbnailUrl\":\"https:\/\/fadeu.urantiacos.cl\/wp-content\/uploads\/2023\/09\/horacio_torrent_fadeu_web.jpg\",\"datePublished\":\"2020-09-27T19:11:00+00:00\",\"dateModified\":\"2023-09-10T19:13:53+00:00\",\"author\":{\"@id\":\"https:\/\/fadeu.urantiacos.cl\/en\/#\/schema\/person\/d203e2e84b1c40275eac77b3061a19a2\"},\"description\":\"El acad\u00e9mico ARQ UC present\u00f3 en la Universidade Federal de Rio Grande do Sul y en la Escola da Cidade de S\u00e3o Paulo.\",\"breadcrumb\":{\"@id\":\"https:\/\/fadeu.urantiacos.cl\/en\/2020\/09\/27\/horacio-torrent-dicto-conferencias-en-dos-universidades-de-brasil\/#breadcrumb\"},\"inLanguage\":\"en-US\",\"potentialAction\":[{\"@type\":\"ReadAction\",\"target\":[\"https:\/\/fadeu.urantiacos.cl\/en\/2020\/09\/27\/horacio-torrent-dicto-conferencias-en-dos-universidades-de-brasil\/\"]}]},{\"@type\":\"ImageObject\",\"inLanguage\":\"en-US\",\"@id\":\"https:\/\/fadeu.urantiacos.cl\/en\/2020\/09\/27\/horacio-torrent-dicto-conferencias-en-dos-universidades-de-brasil\/#primaryimage\",\"url\":\"https:\/\/fadeu.urantiacos.cl\/wp-content\/uploads\/2023\/09\/horacio_torrent_fadeu_web.jpg\",\"contentUrl\":\"https:\/\/fadeu.urantiacos.cl\/wp-content\/uploads\/2023\/09\/horacio_torrent_fadeu_web.jpg\",\"width\":350,\"height\":250},{\"@type\":\"BreadcrumbList\",\"@id\":\"https:\/\/fadeu.urantiacos.cl\/en\/2020\/09\/27\/horacio-torrent-dicto-conferencias-en-dos-universidades-de-brasil\/#breadcrumb\",\"itemListElement\":[{\"@type\":\"ListItem\",\"position\":1,\"name\":\"Portada\",\"item\":\"https:\/\/fadeu.urantiacos.cl\/en\/\"},{\"@type\":\"ListItem\",\"position\":2,\"name\":\"Horacio Torrent dict\u00f3 conferencias en dos universidades de Brasil\"}]},{\"@type\":\"WebSite\",\"@id\":\"https:\/\/fadeu.urantiacos.cl\/en\/#website\",\"url\":\"https:\/\/fadeu.urantiacos.cl\/en\/\",\"name\":\"Facultad de Arquitectura, Dise\u00f1o y Estudios Urbanos\",\"description\":\"Campus Lo Contador\",\"potentialAction\":[{\"@type\":\"SearchAction\",\"target\":{\"@type\":\"EntryPoint\",\"urlTemplate\":\"https:\/\/fadeu.urantiacos.cl\/en\/?s={search_term_string}\"},\"query-input\":{\"@type\":\"PropertyValueSpecification\",\"valueRequired\":true,\"valueName\":\"search_term_string\"}}],\"inLanguage\":\"en-US\"},{\"@type\":\"Person\",\"@id\":\"https:\/\/fadeu.urantiacos.cl\/en\/#\/schema\/person\/d203e2e84b1c40275eac77b3061a19a2\",\"name\":\"manadmin\",\"image\":{\"@type\":\"ImageObject\",\"inLanguage\":\"en-US\",\"@id\":\"https:\/\/fadeu.urantiacos.cl\/en\/#\/schema\/person\/image\/\",\"url\":\"https:\/\/secure.gravatar.com\/avatar\/4b1d8e3303b4a9d8968ac578947d8bc80d9aea359f388cdd4aac15cadc0e8447?s=96&d=mm&r=g\",\"contentUrl\":\"https:\/\/secure.gravatar.com\/avatar\/4b1d8e3303b4a9d8968ac578947d8bc80d9aea359f388cdd4aac15cadc0e8447?s=96&d=mm&r=g\",\"caption\":\"manadmin\"},\"sameAs\":[\"https:\/\/fadeu.urantiacos.cl\"]}]}<\/script>\n<!-- \/ Yoast SEO plugin. -->","yoast_head_json":{"title":"Horacio Torrent dict\u00f3 conferencias en dos universidades de Brasil - Facultad de Arquitectura, Dise\u00f1o y Estudios Urbanos","description":"El acad\u00e9mico ARQ UC present\u00f3 en la Universidade Federal de Rio Grande do Sul y en la Escola da Cidade de S\u00e3o Paulo.","robots":{"index":"index","follow":"follow","max-snippet":"max-snippet:-1","max-image-preview":"max-image-preview:large","max-video-preview":"max-video-preview:-1"},"canonical":"https:\/\/fadeu.urantiacos.cl\/en\/2020\/09\/27\/horacio-torrent-dicto-conferencias-en-dos-universidades-de-brasil\/","og_locale":"en_US","og_type":"article","og_title":"Horacio Torrent dict\u00f3 conferencias en dos universidades de Brasil - Facultad de Arquitectura, Dise\u00f1o y Estudios Urbanos","og_description":"El acad\u00e9mico ARQ UC present\u00f3 en la Universidade Federal de Rio Grande do Sul y en la Escola da Cidade de S\u00e3o Paulo.","og_url":"https:\/\/fadeu.urantiacos.cl\/en\/2020\/09\/27\/horacio-torrent-dicto-conferencias-en-dos-universidades-de-brasil\/","og_site_name":"Facultad de Arquitectura, Dise\u00f1o y Estudios Urbanos","article_published_time":"2020-09-27T19:11:00+00:00","article_modified_time":"2023-09-10T19:13:53+00:00","og_image":[{"width":350,"height":250,"url":"https:\/\/fadeu.urantiacos.cl\/wp-content\/uploads\/2023\/09\/horacio_torrent_fadeu_web.jpg","type":"image\/jpeg"}],"author":"manadmin","twitter_card":"summary_large_image","twitter_misc":{"Written by":"manadmin","Est. reading time":"2 minutes"},"schema":{"@context":"https:\/\/schema.org","@graph":[{"@type":"Article","@id":"https:\/\/fadeu.urantiacos.cl\/en\/2020\/09\/27\/horacio-torrent-dicto-conferencias-en-dos-universidades-de-brasil\/#article","isPartOf":{"@id":"https:\/\/fadeu.urantiacos.cl\/en\/2020\/09\/27\/horacio-torrent-dicto-conferencias-en-dos-universidades-de-brasil\/"},"author":{"name":"manadmin","@id":"https:\/\/fadeu.urantiacos.cl\/en\/#\/schema\/person\/d203e2e84b1c40275eac77b3061a19a2"},"headline":"Horacio Torrent dict\u00f3 conferencias en dos universidades de Brasil","datePublished":"2020-09-27T19:11:00+00:00","dateModified":"2023-09-10T19:13:53+00:00","mainEntityOfPage":{"@id":"https:\/\/fadeu.urantiacos.cl\/en\/2020\/09\/27\/horacio-torrent-dicto-conferencias-en-dos-universidades-de-brasil\/"},"wordCount":419,"commentCount":0,"image":{"@id":"https:\/\/fadeu.urantiacos.cl\/en\/2020\/09\/27\/horacio-torrent-dicto-conferencias-en-dos-universidades-de-brasil\/#primaryimage"},"thumbnailUrl":"https:\/\/fadeu.urantiacos.cl\/wp-content\/uploads\/2023\/09\/horacio_torrent_fadeu_web.jpg","articleSection":["Sin categorizar"],"inLanguage":"en-US","potentialAction":[{"@type":"CommentAction","name":"Comment","target":["https:\/\/fadeu.urantiacos.cl\/en\/2020\/09\/27\/horacio-torrent-dicto-conferencias-en-dos-universidades-de-brasil\/#respond"]}]},{"@type":"WebPage","@id":"https:\/\/fadeu.urantiacos.cl\/en\/2020\/09\/27\/horacio-torrent-dicto-conferencias-en-dos-universidades-de-brasil\/","url":"https:\/\/fadeu.urantiacos.cl\/en\/2020\/09\/27\/horacio-torrent-dicto-conferencias-en-dos-universidades-de-brasil\/","name":"Horacio Torrent dict\u00f3 conferencias en dos universidades de Brasil - Facultad de Arquitectura, Dise\u00f1o y Estudios Urbanos","isPartOf":{"@id":"https:\/\/fadeu.urantiacos.cl\/en\/#website"},"primaryImageOfPage":{"@id":"https:\/\/fadeu.urantiacos.cl\/en\/2020\/09\/27\/horacio-torrent-dicto-conferencias-en-dos-universidades-de-brasil\/#primaryimage"},"image":{"@id":"https:\/\/fadeu.urantiacos.cl\/en\/2020\/09\/27\/horacio-torrent-dicto-conferencias-en-dos-universidades-de-brasil\/#primaryimage"},"thumbnailUrl":"https:\/\/fadeu.urantiacos.cl\/wp-content\/uploads\/2023\/09\/horacio_torrent_fadeu_web.jpg","datePublished":"2020-09-27T19:11:00+00:00","dateModified":"2023-09-10T19:13:53+00:00","author":{"@id":"https:\/\/fadeu.urantiacos.cl\/en\/#\/schema\/person\/d203e2e84b1c40275eac77b3061a19a2"},"description":"El acad\u00e9mico ARQ UC present\u00f3 en la Universidade Federal de Rio Grande do Sul y en la Escola da Cidade de S\u00e3o Paulo.","breadcrumb":{"@id":"https:\/\/fadeu.urantiacos.cl\/en\/2020\/09\/27\/horacio-torrent-dicto-conferencias-en-dos-universidades-de-brasil\/#breadcrumb"},"inLanguage":"en-US","potentialAction":[{"@type":"ReadAction","target":["https:\/\/fadeu.urantiacos.cl\/en\/2020\/09\/27\/horacio-torrent-dicto-conferencias-en-dos-universidades-de-brasil\/"]}]},{"@type":"ImageObject","inLanguage":"en-US","@id":"https:\/\/fadeu.urantiacos.cl\/en\/2020\/09\/27\/horacio-torrent-dicto-conferencias-en-dos-universidades-de-brasil\/#primaryimage","url":"https:\/\/fadeu.urantiacos.cl\/wp-content\/uploads\/2023\/09\/horacio_torrent_fadeu_web.jpg","contentUrl":"https:\/\/fadeu.urantiacos.cl\/wp-content\/uploads\/2023\/09\/horacio_torrent_fadeu_web.jpg","width":350,"height":250},{"@type":"BreadcrumbList","@id":"https:\/\/fadeu.urantiacos.cl\/en\/2020\/09\/27\/horacio-torrent-dicto-conferencias-en-dos-universidades-de-brasil\/#breadcrumb","itemListElement":[{"@type":"ListItem","position":1,"name":"Portada","item":"https:\/\/fadeu.urantiacos.cl\/en\/"},{"@type":"ListItem","position":2,"name":"Horacio Torrent dict\u00f3 conferencias en dos universidades de Brasil"}]},{"@type":"WebSite","@id":"https:\/\/fadeu.urantiacos.cl\/en\/#website","url":"https:\/\/fadeu.urantiacos.cl\/en\/","name":"Facultad de Arquitectura, Dise\u00f1o y Estudios Urbanos","description":"Campus Lo Contador","potentialAction":[{"@type":"SearchAction","target":{"@type":"EntryPoint","urlTemplate":"https:\/\/fadeu.urantiacos.cl\/en\/?s={search_term_string}"},"query-input":{"@type":"PropertyValueSpecification","valueRequired":true,"valueName":"search_term_string"}}],"inLanguage":"en-US"},{"@type":"Person","@id":"https:\/\/fadeu.urantiacos.cl\/en\/#\/schema\/person\/d203e2e84b1c40275eac77b3061a19a2","name":"manadmin","image":{"@type":"ImageObject","inLanguage":"en-US","@id":"https:\/\/fadeu.urantiacos.cl\/en\/#\/schema\/person\/image\/","url":"https:\/\/secure.gravatar.com\/avatar\/4b1d8e3303b4a9d8968ac578947d8bc80d9aea359f388cdd4aac15cadc0e8447?s=96&d=mm&r=g","contentUrl":"https:\/\/secure.gravatar.com\/avatar\/4b1d8e3303b4a9d8968ac578947d8bc80d9aea359f388cdd4aac15cadc0e8447?s=96&d=mm&r=g","caption":"manadmin"},"sameAs":["https:\/\/fadeu.urantiacos.cl"]}]}},"_links":{"self":[{"href":"https:\/\/fadeu.urantiacos.cl\/en\/wp-json\/wp\/v2\/posts\/8198","targetHints":{"allow":["GET"]}}],"collection":[{"href":"https:\/\/fadeu.urantiacos.cl\/en\/wp-json\/wp\/v2\/posts"}],"about":[{"href":"https:\/\/fadeu.urantiacos.cl\/en\/wp-json\/wp\/v2\/types\/post"}],"author":[{"embeddable":true,"href":"https:\/\/fadeu.urantiacos.cl\/en\/wp-json\/wp\/v2\/users\/1"}],"replies":[{"embeddable":true,"href":"https:\/\/fadeu.urantiacos.cl\/en\/wp-json\/wp\/v2\/comments?post=8198"}],"version-history":[{"count":1,"href":"https:\/\/fadeu.urantiacos.cl\/en\/wp-json\/wp\/v2\/posts\/8198\/revisions"}],"predecessor-version":[{"id":8200,"href":"https:\/\/fadeu.urantiacos.cl\/en\/wp-json\/wp\/v2\/posts\/8198\/revisions\/8200"}],"wp:featuredmedia":[{"embeddable":true,"href":"https:\/\/fadeu.urantiacos.cl\/en\/wp-json\/wp\/v2\/media\/8199"}],"wp:attachment":[{"href":"https:\/\/fadeu.urantiacos.cl\/en\/wp-json\/wp\/v2\/media?parent=8198"}],"wp:term":[{"taxonomy":"category","embeddable":true,"href":"https:\/\/fadeu.urantiacos.cl\/en\/wp-json\/wp\/v2\/categories?post=8198"},{"taxonomy":"post_tag","embeddable":true,"href":"https:\/\/fadeu.urantiacos.cl\/en\/wp-json\/wp\/v2\/tags?post=8198"}],"curies":[{"name":"wp","href":"https:\/\/api.w.org\/{rel}","templated":true}]}}