{"id":8176,"date":"2020-10-04T20:46:00","date_gmt":"2020-10-04T23:46:00","guid":{"rendered":"https:\/\/fadeu.urantiacos.cl\/?p=8176"},"modified":"2023-10-23T13:47:08","modified_gmt":"2023-10-23T16:47:08","slug":"cecilia-puga-participa-en-traspasos-conversaciones-de-arquitectura-uch","status":"publish","type":"post","link":"https:\/\/fadeu.urantiacos.cl\/en\/2020\/10\/04\/cecilia-puga-participa-en-traspasos-conversaciones-de-arquitectura-uch\/","title":{"rendered":"Cecilia Puga participa en \u201cTraspasos\u201d, conversaciones de Arquitectura UCh"},"content":{"rendered":"\n<figure class=\"wp-block-image size-full\"><img decoding=\"async\" width=\"350\" height=\"250\" src=\"https:\/\/fadeu.urantiacos.cl\/wp-content\/uploads\/2023\/09\/cecilia_puga_web_fadeu.png\" alt=\"\" class=\"wp-image-8177\" srcset=\"https:\/\/fadeu.urantiacos.cl\/wp-content\/uploads\/2023\/09\/cecilia_puga_web_fadeu.png 350w, https:\/\/fadeu.urantiacos.cl\/wp-content\/uploads\/2023\/09\/cecilia_puga_web_fadeu-300x214.png 300w\" sizes=\"(max-width: 350px) 100vw, 350px\" \/><\/figure>\n\n\n\n<p>En el caso del edificio, la obra escogida fue el Palacio Pereira, por lo que Cecilia Puga fue invitada a la primera sesi\u00f3n \u2014el d\u00eda 23 de septiembre de 2020\u2014, para exponer el proyecto, obra realizada junto a los profesores ARQ UC Paula Velasco y Alberto Moletto. En el cap\u00edtulo, convers\u00f3 con Gabriela Garc\u00eda de Cort\u00e1zar, coordinadora acad\u00e9mica del Mag\u00edster en Arquitectura de la Universidad de Chile.<\/p>\n\n\n\n<p>De esta forma, se le propone a Puga generar una evocaci\u00f3n, una imagen del edificio a trav\u00e9s de las palabras, ya que no se puede visitar el palacio debido al contexto de emergencia sanitaria. As\u00ed, la profesora ARQ UC describe la recuperaci\u00f3n acompa\u00f1\u00e1ndose de im\u00e1genes. Refiri\u00e9ndose a la obra, sostiene que \u201cpodr\u00edamos abordarlo desde su historia\u201d, enfoc\u00e1ndose en el deseo que ten\u00eda Chile en el siglo XIX de \u201cconstruir una imagen republicana, poniendo una distancia con el Chile colonial\u201d. En ese \u00e1mbito, \u201cel Palacio Pereira viene a ser una especie de pivote entre esa realidad (el Chile colonial) y esta nueva realidad decimon\u00f3nica de inspiraci\u00f3n francesa\u201d. Para Puga, entonces, \u201cel Palacio Pereira es un edificio de transici\u00f3n\u201d.<\/p>\n\n\n\n<p>Luego, habla sobre la recuperaci\u00f3n del palacio. En relaci\u00f3n a los estilos \u2014ingleses, franceses, entre otros\u2014, asegura que \u201choy, en el siglo XXI, todo esto confluye. Nosotros tenemos una actitud mucho m\u00e1s pragm\u00e1tica, en la que estamos tomando cosas de distintos tiempos, de distintas \u00e9pocas. Por lo tanto, somos capaces de dar respuesta y de juntar en una recuperaci\u00f3n muchos lenguajes. Hicimos eso de una manera muy delicada\u201d, se\u00f1ala.<\/p>\n\n\n\n<p>Las pr\u00f3ximas sesiones de la serie abordar\u00e1n la escultura Minimal 4 (2002) de Pablo Rivera; la pel\u00edcula Il futuro (2013), dirigida por Alicia Scherson; y el libro The Manhattan Transcripts (Academy Editions, 1981) de Bernard Tschumi.<\/p>\n\n\n\n<p><\/p>\n\n\n\n<p>Noticias<br>Contacto:&nbsp;<a href=\"mailto:redesarq@uc.cl\">redesarq@uc.cl<\/a>&nbsp;| +56 2 2354 7747<br>www.arquitectura.uc.cl<\/p>\n","protected":false},"excerpt":{"rendered":"<p>La profesora ARQ UC fue invitada al ciclo organizado por el Mag\u00edster en Arquitectura de la Universidad de Chile (UCh), que consiste en una serie de conversaciones en torno a la arquitectura y a otras pr\u00e1cticas que se intersectan con ella, a partir de cuatro casos: un edificio, una escultura, una pel\u00edcula y un libro.<\/p>\n","protected":false},"author":1,"featured_media":8177,"comment_status":"open","ping_status":"open","sticky":false,"template":"","format":"standard","meta":{"_acf_changed":false,"footnotes":""},"categories":[1],"tags":[],"class_list":["post-8176","post","type-post","status-publish","format-standard","has-post-thumbnail","hentry","category-sin-categorizar"],"acf":[],"yoast_head":"<!-- This site is optimized with the Yoast SEO plugin v27.1.1 - https:\/\/yoast.com\/product\/yoast-seo-wordpress\/ -->\n<title>Cecilia Puga participa en \u201cTraspasos\u201d, conversaciones de Arquitectura UCh - Facultad de Arquitectura, Dise\u00f1o y Estudios Urbanos<\/title>\n<meta name=\"description\" content=\"La profesora ARQ UC fue invitada al ciclo organizado por el Mag\u00edster en Arquitectura de la Universidad de Chile (UCh), que consiste en una serie de conversaciones en torno a la arquitectura y a otras pr\u00e1cticas que se intersectan con ella, a partir de cuatro casos: un edificio, una escultura, una pel\u00edcula y un libro.\" \/>\n<meta name=\"robots\" content=\"index, follow, max-snippet:-1, max-image-preview:large, max-video-preview:-1\" \/>\n<link rel=\"canonical\" href=\"https:\/\/fadeu.urantiacos.cl\/en\/2020\/10\/04\/cecilia-puga-participa-en-traspasos-conversaciones-de-arquitectura-uch\/\" \/>\n<meta property=\"og:locale\" content=\"en_US\" \/>\n<meta property=\"og:type\" content=\"article\" \/>\n<meta property=\"og:title\" content=\"Cecilia Puga participa en \u201cTraspasos\u201d, conversaciones de Arquitectura UCh - Facultad de Arquitectura, Dise\u00f1o y Estudios Urbanos\" \/>\n<meta property=\"og:description\" content=\"La profesora ARQ UC fue invitada al ciclo organizado por el Mag\u00edster en Arquitectura de la Universidad de Chile (UCh), que consiste en una serie de conversaciones en torno a la arquitectura y a otras pr\u00e1cticas que se intersectan con ella, a partir de cuatro casos: un edificio, una escultura, una pel\u00edcula y un libro.\" \/>\n<meta property=\"og:url\" content=\"https:\/\/fadeu.urantiacos.cl\/en\/2020\/10\/04\/cecilia-puga-participa-en-traspasos-conversaciones-de-arquitectura-uch\/\" \/>\n<meta property=\"og:site_name\" content=\"Facultad de Arquitectura, Dise\u00f1o y Estudios Urbanos\" \/>\n<meta property=\"article:published_time\" content=\"2020-10-04T23:46:00+00:00\" \/>\n<meta property=\"article:modified_time\" content=\"2023-10-23T16:47:08+00:00\" \/>\n<meta property=\"og:image\" content=\"https:\/\/fadeu.urantiacos.cl\/wp-content\/uploads\/2023\/09\/cecilia_puga_web_fadeu.png\" \/>\n\t<meta property=\"og:image:width\" content=\"350\" \/>\n\t<meta property=\"og:image:height\" content=\"250\" \/>\n\t<meta property=\"og:image:type\" content=\"image\/png\" \/>\n<meta name=\"author\" content=\"manadmin\" \/>\n<meta name=\"twitter:card\" content=\"summary_large_image\" \/>\n<meta name=\"twitter:label1\" content=\"Written by\" \/>\n\t<meta name=\"twitter:data1\" content=\"manadmin\" \/>\n\t<meta name=\"twitter:label2\" content=\"Est. reading time\" \/>\n\t<meta name=\"twitter:data2\" content=\"2 minutes\" \/>\n<script type=\"application\/ld+json\" class=\"yoast-schema-graph\">{\"@context\":\"https:\/\/schema.org\",\"@graph\":[{\"@type\":\"Article\",\"@id\":\"https:\/\/fadeu.urantiacos.cl\/en\/2020\/10\/04\/cecilia-puga-participa-en-traspasos-conversaciones-de-arquitectura-uch\/#article\",\"isPartOf\":{\"@id\":\"https:\/\/fadeu.urantiacos.cl\/en\/2020\/10\/04\/cecilia-puga-participa-en-traspasos-conversaciones-de-arquitectura-uch\/\"},\"author\":{\"name\":\"manadmin\",\"@id\":\"https:\/\/fadeu.urantiacos.cl\/en\/#\/schema\/person\/d203e2e84b1c40275eac77b3061a19a2\"},\"headline\":\"Cecilia Puga participa en \u201cTraspasos\u201d, conversaciones de Arquitectura UCh\",\"datePublished\":\"2020-10-04T23:46:00+00:00\",\"dateModified\":\"2023-10-23T16:47:08+00:00\",\"mainEntityOfPage\":{\"@id\":\"https:\/\/fadeu.urantiacos.cl\/en\/2020\/10\/04\/cecilia-puga-participa-en-traspasos-conversaciones-de-arquitectura-uch\/\"},\"wordCount\":330,\"commentCount\":0,\"image\":{\"@id\":\"https:\/\/fadeu.urantiacos.cl\/en\/2020\/10\/04\/cecilia-puga-participa-en-traspasos-conversaciones-de-arquitectura-uch\/#primaryimage\"},\"thumbnailUrl\":\"https:\/\/fadeu.urantiacos.cl\/wp-content\/uploads\/2023\/09\/cecilia_puga_web_fadeu.png\",\"articleSection\":[\"Sin categorizar\"],\"inLanguage\":\"en-US\",\"potentialAction\":[{\"@type\":\"CommentAction\",\"name\":\"Comment\",\"target\":[\"https:\/\/fadeu.urantiacos.cl\/en\/2020\/10\/04\/cecilia-puga-participa-en-traspasos-conversaciones-de-arquitectura-uch\/#respond\"]}]},{\"@type\":\"WebPage\",\"@id\":\"https:\/\/fadeu.urantiacos.cl\/en\/2020\/10\/04\/cecilia-puga-participa-en-traspasos-conversaciones-de-arquitectura-uch\/\",\"url\":\"https:\/\/fadeu.urantiacos.cl\/en\/2020\/10\/04\/cecilia-puga-participa-en-traspasos-conversaciones-de-arquitectura-uch\/\",\"name\":\"Cecilia Puga participa en \u201cTraspasos\u201d, conversaciones de Arquitectura UCh - Facultad de Arquitectura, Dise\u00f1o y Estudios Urbanos\",\"isPartOf\":{\"@id\":\"https:\/\/fadeu.urantiacos.cl\/en\/#website\"},\"primaryImageOfPage\":{\"@id\":\"https:\/\/fadeu.urantiacos.cl\/en\/2020\/10\/04\/cecilia-puga-participa-en-traspasos-conversaciones-de-arquitectura-uch\/#primaryimage\"},\"image\":{\"@id\":\"https:\/\/fadeu.urantiacos.cl\/en\/2020\/10\/04\/cecilia-puga-participa-en-traspasos-conversaciones-de-arquitectura-uch\/#primaryimage\"},\"thumbnailUrl\":\"https:\/\/fadeu.urantiacos.cl\/wp-content\/uploads\/2023\/09\/cecilia_puga_web_fadeu.png\",\"datePublished\":\"2020-10-04T23:46:00+00:00\",\"dateModified\":\"2023-10-23T16:47:08+00:00\",\"author\":{\"@id\":\"https:\/\/fadeu.urantiacos.cl\/en\/#\/schema\/person\/d203e2e84b1c40275eac77b3061a19a2\"},\"description\":\"La profesora ARQ UC fue invitada al ciclo organizado por el Mag\u00edster en Arquitectura de la Universidad de Chile (UCh), que consiste en una serie de conversaciones en torno a la arquitectura y a otras pr\u00e1cticas que se intersectan con ella, a partir de cuatro casos: un edificio, una escultura, una pel\u00edcula y un libro.\",\"breadcrumb\":{\"@id\":\"https:\/\/fadeu.urantiacos.cl\/en\/2020\/10\/04\/cecilia-puga-participa-en-traspasos-conversaciones-de-arquitectura-uch\/#breadcrumb\"},\"inLanguage\":\"en-US\",\"potentialAction\":[{\"@type\":\"ReadAction\",\"target\":[\"https:\/\/fadeu.urantiacos.cl\/en\/2020\/10\/04\/cecilia-puga-participa-en-traspasos-conversaciones-de-arquitectura-uch\/\"]}]},{\"@type\":\"ImageObject\",\"inLanguage\":\"en-US\",\"@id\":\"https:\/\/fadeu.urantiacos.cl\/en\/2020\/10\/04\/cecilia-puga-participa-en-traspasos-conversaciones-de-arquitectura-uch\/#primaryimage\",\"url\":\"https:\/\/fadeu.urantiacos.cl\/wp-content\/uploads\/2023\/09\/cecilia_puga_web_fadeu.png\",\"contentUrl\":\"https:\/\/fadeu.urantiacos.cl\/wp-content\/uploads\/2023\/09\/cecilia_puga_web_fadeu.png\",\"width\":350,\"height\":250},{\"@type\":\"BreadcrumbList\",\"@id\":\"https:\/\/fadeu.urantiacos.cl\/en\/2020\/10\/04\/cecilia-puga-participa-en-traspasos-conversaciones-de-arquitectura-uch\/#breadcrumb\",\"itemListElement\":[{\"@type\":\"ListItem\",\"position\":1,\"name\":\"Portada\",\"item\":\"https:\/\/fadeu.urantiacos.cl\/en\/\"},{\"@type\":\"ListItem\",\"position\":2,\"name\":\"Cecilia Puga participa en \u201cTraspasos\u201d, conversaciones de Arquitectura UCh\"}]},{\"@type\":\"WebSite\",\"@id\":\"https:\/\/fadeu.urantiacos.cl\/en\/#website\",\"url\":\"https:\/\/fadeu.urantiacos.cl\/en\/\",\"name\":\"Facultad de Arquitectura, Dise\u00f1o y Estudios Urbanos\",\"description\":\"Campus Lo Contador\",\"potentialAction\":[{\"@type\":\"SearchAction\",\"target\":{\"@type\":\"EntryPoint\",\"urlTemplate\":\"https:\/\/fadeu.urantiacos.cl\/en\/?s={search_term_string}\"},\"query-input\":{\"@type\":\"PropertyValueSpecification\",\"valueRequired\":true,\"valueName\":\"search_term_string\"}}],\"inLanguage\":\"en-US\"},{\"@type\":\"Person\",\"@id\":\"https:\/\/fadeu.urantiacos.cl\/en\/#\/schema\/person\/d203e2e84b1c40275eac77b3061a19a2\",\"name\":\"manadmin\",\"image\":{\"@type\":\"ImageObject\",\"inLanguage\":\"en-US\",\"@id\":\"https:\/\/fadeu.urantiacos.cl\/en\/#\/schema\/person\/image\/\",\"url\":\"https:\/\/secure.gravatar.com\/avatar\/4b1d8e3303b4a9d8968ac578947d8bc80d9aea359f388cdd4aac15cadc0e8447?s=96&d=mm&r=g\",\"contentUrl\":\"https:\/\/secure.gravatar.com\/avatar\/4b1d8e3303b4a9d8968ac578947d8bc80d9aea359f388cdd4aac15cadc0e8447?s=96&d=mm&r=g\",\"caption\":\"manadmin\"},\"sameAs\":[\"https:\/\/fadeu.urantiacos.cl\"]}]}<\/script>\n<!-- \/ Yoast SEO plugin. -->","yoast_head_json":{"title":"Cecilia Puga participa en \u201cTraspasos\u201d, conversaciones de Arquitectura UCh - Facultad de Arquitectura, Dise\u00f1o y Estudios Urbanos","description":"La profesora ARQ UC fue invitada al ciclo organizado por el Mag\u00edster en Arquitectura de la Universidad de Chile (UCh), que consiste en una serie de conversaciones en torno a la arquitectura y a otras pr\u00e1cticas que se intersectan con ella, a partir de cuatro casos: un edificio, una escultura, una pel\u00edcula y un libro.","robots":{"index":"index","follow":"follow","max-snippet":"max-snippet:-1","max-image-preview":"max-image-preview:large","max-video-preview":"max-video-preview:-1"},"canonical":"https:\/\/fadeu.urantiacos.cl\/en\/2020\/10\/04\/cecilia-puga-participa-en-traspasos-conversaciones-de-arquitectura-uch\/","og_locale":"en_US","og_type":"article","og_title":"Cecilia Puga participa en \u201cTraspasos\u201d, conversaciones de Arquitectura UCh - Facultad de Arquitectura, Dise\u00f1o y Estudios Urbanos","og_description":"La profesora ARQ UC fue invitada al ciclo organizado por el Mag\u00edster en Arquitectura de la Universidad de Chile (UCh), que consiste en una serie de conversaciones en torno a la arquitectura y a otras pr\u00e1cticas que se intersectan con ella, a partir de cuatro casos: un edificio, una escultura, una pel\u00edcula y un libro.","og_url":"https:\/\/fadeu.urantiacos.cl\/en\/2020\/10\/04\/cecilia-puga-participa-en-traspasos-conversaciones-de-arquitectura-uch\/","og_site_name":"Facultad de Arquitectura, Dise\u00f1o y Estudios Urbanos","article_published_time":"2020-10-04T23:46:00+00:00","article_modified_time":"2023-10-23T16:47:08+00:00","og_image":[{"width":350,"height":250,"url":"https:\/\/fadeu.urantiacos.cl\/wp-content\/uploads\/2023\/09\/cecilia_puga_web_fadeu.png","type":"image\/png"}],"author":"manadmin","twitter_card":"summary_large_image","twitter_misc":{"Written by":"manadmin","Est. reading time":"2 minutes"},"schema":{"@context":"https:\/\/schema.org","@graph":[{"@type":"Article","@id":"https:\/\/fadeu.urantiacos.cl\/en\/2020\/10\/04\/cecilia-puga-participa-en-traspasos-conversaciones-de-arquitectura-uch\/#article","isPartOf":{"@id":"https:\/\/fadeu.urantiacos.cl\/en\/2020\/10\/04\/cecilia-puga-participa-en-traspasos-conversaciones-de-arquitectura-uch\/"},"author":{"name":"manadmin","@id":"https:\/\/fadeu.urantiacos.cl\/en\/#\/schema\/person\/d203e2e84b1c40275eac77b3061a19a2"},"headline":"Cecilia Puga participa en \u201cTraspasos\u201d, conversaciones de Arquitectura UCh","datePublished":"2020-10-04T23:46:00+00:00","dateModified":"2023-10-23T16:47:08+00:00","mainEntityOfPage":{"@id":"https:\/\/fadeu.urantiacos.cl\/en\/2020\/10\/04\/cecilia-puga-participa-en-traspasos-conversaciones-de-arquitectura-uch\/"},"wordCount":330,"commentCount":0,"image":{"@id":"https:\/\/fadeu.urantiacos.cl\/en\/2020\/10\/04\/cecilia-puga-participa-en-traspasos-conversaciones-de-arquitectura-uch\/#primaryimage"},"thumbnailUrl":"https:\/\/fadeu.urantiacos.cl\/wp-content\/uploads\/2023\/09\/cecilia_puga_web_fadeu.png","articleSection":["Sin categorizar"],"inLanguage":"en-US","potentialAction":[{"@type":"CommentAction","name":"Comment","target":["https:\/\/fadeu.urantiacos.cl\/en\/2020\/10\/04\/cecilia-puga-participa-en-traspasos-conversaciones-de-arquitectura-uch\/#respond"]}]},{"@type":"WebPage","@id":"https:\/\/fadeu.urantiacos.cl\/en\/2020\/10\/04\/cecilia-puga-participa-en-traspasos-conversaciones-de-arquitectura-uch\/","url":"https:\/\/fadeu.urantiacos.cl\/en\/2020\/10\/04\/cecilia-puga-participa-en-traspasos-conversaciones-de-arquitectura-uch\/","name":"Cecilia Puga participa en \u201cTraspasos\u201d, conversaciones de Arquitectura UCh - Facultad de Arquitectura, Dise\u00f1o y Estudios Urbanos","isPartOf":{"@id":"https:\/\/fadeu.urantiacos.cl\/en\/#website"},"primaryImageOfPage":{"@id":"https:\/\/fadeu.urantiacos.cl\/en\/2020\/10\/04\/cecilia-puga-participa-en-traspasos-conversaciones-de-arquitectura-uch\/#primaryimage"},"image":{"@id":"https:\/\/fadeu.urantiacos.cl\/en\/2020\/10\/04\/cecilia-puga-participa-en-traspasos-conversaciones-de-arquitectura-uch\/#primaryimage"},"thumbnailUrl":"https:\/\/fadeu.urantiacos.cl\/wp-content\/uploads\/2023\/09\/cecilia_puga_web_fadeu.png","datePublished":"2020-10-04T23:46:00+00:00","dateModified":"2023-10-23T16:47:08+00:00","author":{"@id":"https:\/\/fadeu.urantiacos.cl\/en\/#\/schema\/person\/d203e2e84b1c40275eac77b3061a19a2"},"description":"La profesora ARQ UC fue invitada al ciclo organizado por el Mag\u00edster en Arquitectura de la Universidad de Chile (UCh), que consiste en una serie de conversaciones en torno a la arquitectura y a otras pr\u00e1cticas que se intersectan con ella, a partir de cuatro casos: un edificio, una escultura, una pel\u00edcula y un libro.","breadcrumb":{"@id":"https:\/\/fadeu.urantiacos.cl\/en\/2020\/10\/04\/cecilia-puga-participa-en-traspasos-conversaciones-de-arquitectura-uch\/#breadcrumb"},"inLanguage":"en-US","potentialAction":[{"@type":"ReadAction","target":["https:\/\/fadeu.urantiacos.cl\/en\/2020\/10\/04\/cecilia-puga-participa-en-traspasos-conversaciones-de-arquitectura-uch\/"]}]},{"@type":"ImageObject","inLanguage":"en-US","@id":"https:\/\/fadeu.urantiacos.cl\/en\/2020\/10\/04\/cecilia-puga-participa-en-traspasos-conversaciones-de-arquitectura-uch\/#primaryimage","url":"https:\/\/fadeu.urantiacos.cl\/wp-content\/uploads\/2023\/09\/cecilia_puga_web_fadeu.png","contentUrl":"https:\/\/fadeu.urantiacos.cl\/wp-content\/uploads\/2023\/09\/cecilia_puga_web_fadeu.png","width":350,"height":250},{"@type":"BreadcrumbList","@id":"https:\/\/fadeu.urantiacos.cl\/en\/2020\/10\/04\/cecilia-puga-participa-en-traspasos-conversaciones-de-arquitectura-uch\/#breadcrumb","itemListElement":[{"@type":"ListItem","position":1,"name":"Portada","item":"https:\/\/fadeu.urantiacos.cl\/en\/"},{"@type":"ListItem","position":2,"name":"Cecilia Puga participa en \u201cTraspasos\u201d, conversaciones de Arquitectura UCh"}]},{"@type":"WebSite","@id":"https:\/\/fadeu.urantiacos.cl\/en\/#website","url":"https:\/\/fadeu.urantiacos.cl\/en\/","name":"Facultad de Arquitectura, Dise\u00f1o y Estudios Urbanos","description":"Campus Lo Contador","potentialAction":[{"@type":"SearchAction","target":{"@type":"EntryPoint","urlTemplate":"https:\/\/fadeu.urantiacos.cl\/en\/?s={search_term_string}"},"query-input":{"@type":"PropertyValueSpecification","valueRequired":true,"valueName":"search_term_string"}}],"inLanguage":"en-US"},{"@type":"Person","@id":"https:\/\/fadeu.urantiacos.cl\/en\/#\/schema\/person\/d203e2e84b1c40275eac77b3061a19a2","name":"manadmin","image":{"@type":"ImageObject","inLanguage":"en-US","@id":"https:\/\/fadeu.urantiacos.cl\/en\/#\/schema\/person\/image\/","url":"https:\/\/secure.gravatar.com\/avatar\/4b1d8e3303b4a9d8968ac578947d8bc80d9aea359f388cdd4aac15cadc0e8447?s=96&d=mm&r=g","contentUrl":"https:\/\/secure.gravatar.com\/avatar\/4b1d8e3303b4a9d8968ac578947d8bc80d9aea359f388cdd4aac15cadc0e8447?s=96&d=mm&r=g","caption":"manadmin"},"sameAs":["https:\/\/fadeu.urantiacos.cl"]}]}},"_links":{"self":[{"href":"https:\/\/fadeu.urantiacos.cl\/en\/wp-json\/wp\/v2\/posts\/8176","targetHints":{"allow":["GET"]}}],"collection":[{"href":"https:\/\/fadeu.urantiacos.cl\/en\/wp-json\/wp\/v2\/posts"}],"about":[{"href":"https:\/\/fadeu.urantiacos.cl\/en\/wp-json\/wp\/v2\/types\/post"}],"author":[{"embeddable":true,"href":"https:\/\/fadeu.urantiacos.cl\/en\/wp-json\/wp\/v2\/users\/1"}],"replies":[{"embeddable":true,"href":"https:\/\/fadeu.urantiacos.cl\/en\/wp-json\/wp\/v2\/comments?post=8176"}],"version-history":[{"count":2,"href":"https:\/\/fadeu.urantiacos.cl\/en\/wp-json\/wp\/v2\/posts\/8176\/revisions"}],"predecessor-version":[{"id":17436,"href":"https:\/\/fadeu.urantiacos.cl\/en\/wp-json\/wp\/v2\/posts\/8176\/revisions\/17436"}],"wp:featuredmedia":[{"embeddable":true,"href":"https:\/\/fadeu.urantiacos.cl\/en\/wp-json\/wp\/v2\/media\/8177"}],"wp:attachment":[{"href":"https:\/\/fadeu.urantiacos.cl\/en\/wp-json\/wp\/v2\/media?parent=8176"}],"wp:term":[{"taxonomy":"category","embeddable":true,"href":"https:\/\/fadeu.urantiacos.cl\/en\/wp-json\/wp\/v2\/categories?post=8176"},{"taxonomy":"post_tag","embeddable":true,"href":"https:\/\/fadeu.urantiacos.cl\/en\/wp-json\/wp\/v2\/tags?post=8176"}],"curies":[{"name":"wp","href":"https:\/\/api.w.org\/{rel}","templated":true}]}}