{"id":8167,"date":"2020-10-04T20:38:00","date_gmt":"2020-10-04T23:38:00","guid":{"rendered":"https:\/\/fadeu.urantiacos.cl\/?p=8167"},"modified":"2023-09-09T20:46:36","modified_gmt":"2023-09-09T23:46:36","slug":"estudiantes-arq-uc-se-adjudican-el-segundo-lugar-en-concurso-cap","status":"publish","type":"post","link":"https:\/\/fadeu.urantiacos.cl\/en\/2020\/10\/04\/estudiantes-arq-uc-se-adjudican-el-segundo-lugar-en-concurso-cap\/","title":{"rendered":"Estudiantes ARQ UC se adjudican el segundo lugar en Concurso CAP"},"content":{"rendered":"\n<figure class=\"wp-block-image size-full\"><img decoding=\"async\" width=\"350\" height=\"250\" src=\"https:\/\/fadeu.urantiacos.cl\/wp-content\/uploads\/2023\/09\/Z.LAMINA_1_web.jpg\" alt=\"\" class=\"wp-image-8168\" srcset=\"https:\/\/fadeu.urantiacos.cl\/wp-content\/uploads\/2023\/09\/Z.LAMINA_1_web.jpg 350w, https:\/\/fadeu.urantiacos.cl\/wp-content\/uploads\/2023\/09\/Z.LAMINA_1_web-300x214.jpg 300w\" sizes=\"(max-width: 350px) 100vw, 350px\" \/><\/figure>\n\n\n\n<p>La Unidad Vecinal Isabel Riquelme es una estructura urbana que puede abarcar 760 m\u00f3dulos habitacionales de diversas tipolog\u00edas, los cuales son intercambiables entre s\u00ed. El edificio se encuentra suspendido gracias a un marco r\u00edgido arriostrado, compuesto por torres antim\u00e9tricas y una viga habitable.<\/p>\n\n\n\n<p>El proyecto \u2014de 400m de largo x 50m de ancho\u2014, libera la primera planta, generando un suelo p\u00fablico flexible en usos. De esta manera acoge tanto el comercio formal del Persa B\u00edo B\u00edo como tambi\u00e9n los comercios informales y la feria itinerante del sector, otorgando continuidad al tejido urbano del barrio. Para esto, se estableci\u00f3 un sistema de marcos r\u00edgidos construidos en acero, los que salvan luces de hasta 30 m de largo y de los cuales se suspenden losas de planta libre que a su vez soportan un sistema de viviendas prefabricadas que pueden mutar en el tiempo. La Viga superior del marco r\u00edgido genera un paseo de 750 metros de largo, habitado mediante distintos equipamientos comunitarios, tales como guarder\u00edas, \u00e1reas de co-work, huertos verticales, biblioteca, gimnasio y cafeter\u00eda.<\/p>\n\n\n\n<p>El equipo, junto con agradecer a su profesor gu\u00eda, extendi\u00f3 agradecimientos especiales a los profesores Jos\u00e9 Rosas, Mario Carre\u00f1o, Nicol\u00e1s Stutzin y Patricio Bertholet, ya que, seg\u00fan explicaron, \u201cfueron un aporte importante en las distintas etapas del proyecto\u201d.<\/p>\n\n\n\n<p>Estudiantes_<br>Juan Pablo Fuentes G.<br>Andr\u00e9s Sanfuentes U.<br>Francisco De Borja V.<br>Tom\u00e1s Keymer O.<\/p>\n\n\n\n<p>Profesor gu\u00eda_<br>Juan Ignacio Baixas<\/p>\n\n\n\n<p>Ver los ganadores en el siguiente&nbsp;<a href=\"https:\/\/www.concursocap.cl\/ganadores2020.html\">link<\/a>&nbsp;<\/p>\n\n\n\n<figure class=\"wp-block-image size-full\"><img decoding=\"async\" width=\"1024\" height=\"492\" src=\"https:\/\/fadeu.urantiacos.cl\/wp-content\/uploads\/2023\/09\/Z.LAMINA_1.jpg\" alt=\"\" class=\"wp-image-8169\" srcset=\"https:\/\/fadeu.urantiacos.cl\/wp-content\/uploads\/2023\/09\/Z.LAMINA_1.jpg 1024w, https:\/\/fadeu.urantiacos.cl\/wp-content\/uploads\/2023\/09\/Z.LAMINA_1-300x144.jpg 300w, https:\/\/fadeu.urantiacos.cl\/wp-content\/uploads\/2023\/09\/Z.LAMINA_1-768x369.jpg 768w\" sizes=\"(max-width: 1024px) 100vw, 1024px\" \/><\/figure>\n\n\n\n<figure class=\"wp-block-image size-full\"><img decoding=\"async\" width=\"1024\" height=\"492\" src=\"https:\/\/fadeu.urantiacos.cl\/wp-content\/uploads\/2023\/09\/Z.LAMINA_2.jpg\" alt=\"\" class=\"wp-image-8170\" srcset=\"https:\/\/fadeu.urantiacos.cl\/wp-content\/uploads\/2023\/09\/Z.LAMINA_2.jpg 1024w, https:\/\/fadeu.urantiacos.cl\/wp-content\/uploads\/2023\/09\/Z.LAMINA_2-300x144.jpg 300w, https:\/\/fadeu.urantiacos.cl\/wp-content\/uploads\/2023\/09\/Z.LAMINA_2-768x369.jpg 768w\" sizes=\"(max-width: 1024px) 100vw, 1024px\" \/><\/figure>\n\n\n\n<figure class=\"wp-block-image size-full\"><img decoding=\"async\" width=\"1024\" height=\"492\" src=\"https:\/\/fadeu.urantiacos.cl\/wp-content\/uploads\/2023\/09\/Z.LAMINA_3.jpg\" alt=\"\" class=\"wp-image-8171\" srcset=\"https:\/\/fadeu.urantiacos.cl\/wp-content\/uploads\/2023\/09\/Z.LAMINA_3.jpg 1024w, https:\/\/fadeu.urantiacos.cl\/wp-content\/uploads\/2023\/09\/Z.LAMINA_3-300x144.jpg 300w, https:\/\/fadeu.urantiacos.cl\/wp-content\/uploads\/2023\/09\/Z.LAMINA_3-768x369.jpg 768w\" sizes=\"(max-width: 1024px) 100vw, 1024px\" \/><\/figure>\n\n\n\n<figure class=\"wp-block-image size-full\"><img decoding=\"async\" width=\"1024\" height=\"492\" src=\"https:\/\/fadeu.urantiacos.cl\/wp-content\/uploads\/2023\/09\/Z.LAMINA_4.jpg\" alt=\"\" class=\"wp-image-8172\" srcset=\"https:\/\/fadeu.urantiacos.cl\/wp-content\/uploads\/2023\/09\/Z.LAMINA_4.jpg 1024w, https:\/\/fadeu.urantiacos.cl\/wp-content\/uploads\/2023\/09\/Z.LAMINA_4-300x144.jpg 300w, https:\/\/fadeu.urantiacos.cl\/wp-content\/uploads\/2023\/09\/Z.LAMINA_4-768x369.jpg 768w\" sizes=\"(max-width: 1024px) 100vw, 1024px\" \/><\/figure>\n\n\n\n<figure class=\"wp-block-image size-full\"><img decoding=\"async\" width=\"1024\" height=\"492\" src=\"https:\/\/fadeu.urantiacos.cl\/wp-content\/uploads\/2023\/09\/Z.LAMINA_5.jpg\" alt=\"\" class=\"wp-image-8173\" srcset=\"https:\/\/fadeu.urantiacos.cl\/wp-content\/uploads\/2023\/09\/Z.LAMINA_5.jpg 1024w, https:\/\/fadeu.urantiacos.cl\/wp-content\/uploads\/2023\/09\/Z.LAMINA_5-300x144.jpg 300w, https:\/\/fadeu.urantiacos.cl\/wp-content\/uploads\/2023\/09\/Z.LAMINA_5-768x369.jpg 768w\" sizes=\"(max-width: 1024px) 100vw, 1024px\" \/><\/figure>\n\n\n\n<figure class=\"wp-block-image size-full\"><img decoding=\"async\" width=\"1024\" height=\"492\" src=\"https:\/\/fadeu.urantiacos.cl\/wp-content\/uploads\/2023\/09\/Z.LAMINA_6.jpg\" alt=\"\" class=\"wp-image-8174\" srcset=\"https:\/\/fadeu.urantiacos.cl\/wp-content\/uploads\/2023\/09\/Z.LAMINA_6.jpg 1024w, https:\/\/fadeu.urantiacos.cl\/wp-content\/uploads\/2023\/09\/Z.LAMINA_6-300x144.jpg 300w, https:\/\/fadeu.urantiacos.cl\/wp-content\/uploads\/2023\/09\/Z.LAMINA_6-768x369.jpg 768w\" sizes=\"(max-width: 1024px) 100vw, 1024px\" \/><\/figure>\n\n\n\n<p>L\u00e1minas cortes\u00eda del equipo<\/p>\n\n\n\n<p>Noticias<br>Contacto:&nbsp;<a href=\"mailto:redesarq@uc.cl\">redesarq@uc.cl<\/a>&nbsp;| +56 2 2354 7747<br>www.arquitectura.uc.cl<\/p>\n","protected":false},"excerpt":{"rendered":"<p>Con la propuesta \u201cUnidad Vecinal Isabel Riquelme\u201d, que busca solucionar el d\u00e9ficit habitacional y la falta de \u00e1reas verdes en San Miguel, el equipo ARQ UC obtuvo el segundo lugar en el Concurso CAP 2020: \u201cViviendas integradas &#8211; comunidades sostenibles\u201d.<\/p>\n","protected":false},"author":1,"featured_media":8168,"comment_status":"open","ping_status":"open","sticky":false,"template":"","format":"standard","meta":{"_acf_changed":false,"footnotes":""},"categories":[1],"tags":[],"class_list":["post-8167","post","type-post","status-publish","format-standard","has-post-thumbnail","hentry","category-sin-categorizar"],"acf":[],"yoast_head":"<!-- This site is optimized with the Yoast SEO plugin v27.1.1 - https:\/\/yoast.com\/product\/yoast-seo-wordpress\/ -->\n<title>Estudiantes ARQ UC se adjudican el segundo lugar en Concurso CAP - Facultad de Arquitectura, Dise\u00f1o y Estudios Urbanos<\/title>\n<meta name=\"description\" content=\"Con la propuesta \u201cUnidad Vecinal Isabel Riquelme\u201d, que busca solucionar el d\u00e9ficit habitacional y la falta de \u00e1reas verdes en San Miguel, el equipo ARQ UC obtuvo el segundo lugar en el Concurso CAP 2020: \u201cViviendas integradas - comunidades sostenibles\u201d.\" \/>\n<meta name=\"robots\" content=\"index, follow, max-snippet:-1, max-image-preview:large, max-video-preview:-1\" \/>\n<link rel=\"canonical\" href=\"https:\/\/fadeu.urantiacos.cl\/en\/2020\/10\/04\/estudiantes-arq-uc-se-adjudican-el-segundo-lugar-en-concurso-cap\/\" \/>\n<meta property=\"og:locale\" content=\"en_US\" \/>\n<meta property=\"og:type\" content=\"article\" \/>\n<meta property=\"og:title\" content=\"Estudiantes ARQ UC se adjudican el segundo lugar en Concurso CAP - Facultad de Arquitectura, Dise\u00f1o y Estudios Urbanos\" \/>\n<meta property=\"og:description\" content=\"Con la propuesta \u201cUnidad Vecinal Isabel Riquelme\u201d, que busca solucionar el d\u00e9ficit habitacional y la falta de \u00e1reas verdes en San Miguel, el equipo ARQ UC obtuvo el segundo lugar en el Concurso CAP 2020: \u201cViviendas integradas - comunidades sostenibles\u201d.\" \/>\n<meta property=\"og:url\" content=\"https:\/\/fadeu.urantiacos.cl\/en\/2020\/10\/04\/estudiantes-arq-uc-se-adjudican-el-segundo-lugar-en-concurso-cap\/\" \/>\n<meta property=\"og:site_name\" content=\"Facultad de Arquitectura, Dise\u00f1o y Estudios Urbanos\" \/>\n<meta property=\"article:published_time\" content=\"2020-10-04T23:38:00+00:00\" \/>\n<meta property=\"article:modified_time\" content=\"2023-09-09T23:46:36+00:00\" \/>\n<meta property=\"og:image\" content=\"https:\/\/fadeu.urantiacos.cl\/wp-content\/uploads\/2023\/09\/Z.LAMINA_1_web.jpg\" \/>\n\t<meta property=\"og:image:width\" content=\"350\" \/>\n\t<meta property=\"og:image:height\" content=\"250\" \/>\n\t<meta property=\"og:image:type\" content=\"image\/jpeg\" \/>\n<meta name=\"author\" content=\"manadmin\" \/>\n<meta name=\"twitter:card\" content=\"summary_large_image\" \/>\n<meta name=\"twitter:label1\" content=\"Written by\" \/>\n\t<meta name=\"twitter:data1\" content=\"manadmin\" \/>\n\t<meta name=\"twitter:label2\" content=\"Est. reading time\" \/>\n\t<meta name=\"twitter:data2\" content=\"1 minute\" \/>\n<script type=\"application\/ld+json\" class=\"yoast-schema-graph\">{\"@context\":\"https:\/\/schema.org\",\"@graph\":[{\"@type\":\"Article\",\"@id\":\"https:\/\/fadeu.urantiacos.cl\/en\/2020\/10\/04\/estudiantes-arq-uc-se-adjudican-el-segundo-lugar-en-concurso-cap\/#article\",\"isPartOf\":{\"@id\":\"https:\/\/fadeu.urantiacos.cl\/en\/2020\/10\/04\/estudiantes-arq-uc-se-adjudican-el-segundo-lugar-en-concurso-cap\/\"},\"author\":{\"name\":\"manadmin\",\"@id\":\"https:\/\/fadeu.urantiacos.cl\/en\/#\/schema\/person\/d203e2e84b1c40275eac77b3061a19a2\"},\"headline\":\"Estudiantes ARQ UC se adjudican el segundo lugar en Concurso CAP\",\"datePublished\":\"2020-10-04T23:38:00+00:00\",\"dateModified\":\"2023-09-09T23:46:36+00:00\",\"mainEntityOfPage\":{\"@id\":\"https:\/\/fadeu.urantiacos.cl\/en\/2020\/10\/04\/estudiantes-arq-uc-se-adjudican-el-segundo-lugar-en-concurso-cap\/\"},\"wordCount\":283,\"commentCount\":0,\"image\":{\"@id\":\"https:\/\/fadeu.urantiacos.cl\/en\/2020\/10\/04\/estudiantes-arq-uc-se-adjudican-el-segundo-lugar-en-concurso-cap\/#primaryimage\"},\"thumbnailUrl\":\"https:\/\/fadeu.urantiacos.cl\/wp-content\/uploads\/2023\/09\/Z.LAMINA_1_web.jpg\",\"articleSection\":[\"Sin categorizar\"],\"inLanguage\":\"en-US\",\"potentialAction\":[{\"@type\":\"CommentAction\",\"name\":\"Comment\",\"target\":[\"https:\/\/fadeu.urantiacos.cl\/en\/2020\/10\/04\/estudiantes-arq-uc-se-adjudican-el-segundo-lugar-en-concurso-cap\/#respond\"]}]},{\"@type\":\"WebPage\",\"@id\":\"https:\/\/fadeu.urantiacos.cl\/en\/2020\/10\/04\/estudiantes-arq-uc-se-adjudican-el-segundo-lugar-en-concurso-cap\/\",\"url\":\"https:\/\/fadeu.urantiacos.cl\/en\/2020\/10\/04\/estudiantes-arq-uc-se-adjudican-el-segundo-lugar-en-concurso-cap\/\",\"name\":\"Estudiantes ARQ UC se adjudican el segundo lugar en Concurso CAP - Facultad de Arquitectura, Dise\u00f1o y Estudios Urbanos\",\"isPartOf\":{\"@id\":\"https:\/\/fadeu.urantiacos.cl\/en\/#website\"},\"primaryImageOfPage\":{\"@id\":\"https:\/\/fadeu.urantiacos.cl\/en\/2020\/10\/04\/estudiantes-arq-uc-se-adjudican-el-segundo-lugar-en-concurso-cap\/#primaryimage\"},\"image\":{\"@id\":\"https:\/\/fadeu.urantiacos.cl\/en\/2020\/10\/04\/estudiantes-arq-uc-se-adjudican-el-segundo-lugar-en-concurso-cap\/#primaryimage\"},\"thumbnailUrl\":\"https:\/\/fadeu.urantiacos.cl\/wp-content\/uploads\/2023\/09\/Z.LAMINA_1_web.jpg\",\"datePublished\":\"2020-10-04T23:38:00+00:00\",\"dateModified\":\"2023-09-09T23:46:36+00:00\",\"author\":{\"@id\":\"https:\/\/fadeu.urantiacos.cl\/en\/#\/schema\/person\/d203e2e84b1c40275eac77b3061a19a2\"},\"description\":\"Con la propuesta \u201cUnidad Vecinal Isabel Riquelme\u201d, que busca solucionar el d\u00e9ficit habitacional y la falta de \u00e1reas verdes en San Miguel, el equipo ARQ UC obtuvo el segundo lugar en el Concurso CAP 2020: \u201cViviendas integradas - comunidades sostenibles\u201d.\",\"breadcrumb\":{\"@id\":\"https:\/\/fadeu.urantiacos.cl\/en\/2020\/10\/04\/estudiantes-arq-uc-se-adjudican-el-segundo-lugar-en-concurso-cap\/#breadcrumb\"},\"inLanguage\":\"en-US\",\"potentialAction\":[{\"@type\":\"ReadAction\",\"target\":[\"https:\/\/fadeu.urantiacos.cl\/en\/2020\/10\/04\/estudiantes-arq-uc-se-adjudican-el-segundo-lugar-en-concurso-cap\/\"]}]},{\"@type\":\"ImageObject\",\"inLanguage\":\"en-US\",\"@id\":\"https:\/\/fadeu.urantiacos.cl\/en\/2020\/10\/04\/estudiantes-arq-uc-se-adjudican-el-segundo-lugar-en-concurso-cap\/#primaryimage\",\"url\":\"https:\/\/fadeu.urantiacos.cl\/wp-content\/uploads\/2023\/09\/Z.LAMINA_1_web.jpg\",\"contentUrl\":\"https:\/\/fadeu.urantiacos.cl\/wp-content\/uploads\/2023\/09\/Z.LAMINA_1_web.jpg\",\"width\":350,\"height\":250},{\"@type\":\"BreadcrumbList\",\"@id\":\"https:\/\/fadeu.urantiacos.cl\/en\/2020\/10\/04\/estudiantes-arq-uc-se-adjudican-el-segundo-lugar-en-concurso-cap\/#breadcrumb\",\"itemListElement\":[{\"@type\":\"ListItem\",\"position\":1,\"name\":\"Portada\",\"item\":\"https:\/\/fadeu.urantiacos.cl\/en\/\"},{\"@type\":\"ListItem\",\"position\":2,\"name\":\"Estudiantes ARQ UC se adjudican el segundo lugar en Concurso CAP\"}]},{\"@type\":\"WebSite\",\"@id\":\"https:\/\/fadeu.urantiacos.cl\/en\/#website\",\"url\":\"https:\/\/fadeu.urantiacos.cl\/en\/\",\"name\":\"Facultad de Arquitectura, Dise\u00f1o y Estudios Urbanos\",\"description\":\"Campus Lo Contador\",\"potentialAction\":[{\"@type\":\"SearchAction\",\"target\":{\"@type\":\"EntryPoint\",\"urlTemplate\":\"https:\/\/fadeu.urantiacos.cl\/en\/?s={search_term_string}\"},\"query-input\":{\"@type\":\"PropertyValueSpecification\",\"valueRequired\":true,\"valueName\":\"search_term_string\"}}],\"inLanguage\":\"en-US\"},{\"@type\":\"Person\",\"@id\":\"https:\/\/fadeu.urantiacos.cl\/en\/#\/schema\/person\/d203e2e84b1c40275eac77b3061a19a2\",\"name\":\"manadmin\",\"image\":{\"@type\":\"ImageObject\",\"inLanguage\":\"en-US\",\"@id\":\"https:\/\/fadeu.urantiacos.cl\/en\/#\/schema\/person\/image\/\",\"url\":\"https:\/\/secure.gravatar.com\/avatar\/4b1d8e3303b4a9d8968ac578947d8bc80d9aea359f388cdd4aac15cadc0e8447?s=96&d=mm&r=g\",\"contentUrl\":\"https:\/\/secure.gravatar.com\/avatar\/4b1d8e3303b4a9d8968ac578947d8bc80d9aea359f388cdd4aac15cadc0e8447?s=96&d=mm&r=g\",\"caption\":\"manadmin\"},\"sameAs\":[\"https:\/\/fadeu.urantiacos.cl\"]}]}<\/script>\n<!-- \/ Yoast SEO plugin. -->","yoast_head_json":{"title":"Estudiantes ARQ UC se adjudican el segundo lugar en Concurso CAP - Facultad de Arquitectura, Dise\u00f1o y Estudios Urbanos","description":"Con la propuesta \u201cUnidad Vecinal Isabel Riquelme\u201d, que busca solucionar el d\u00e9ficit habitacional y la falta de \u00e1reas verdes en San Miguel, el equipo ARQ UC obtuvo el segundo lugar en el Concurso CAP 2020: \u201cViviendas integradas - comunidades sostenibles\u201d.","robots":{"index":"index","follow":"follow","max-snippet":"max-snippet:-1","max-image-preview":"max-image-preview:large","max-video-preview":"max-video-preview:-1"},"canonical":"https:\/\/fadeu.urantiacos.cl\/en\/2020\/10\/04\/estudiantes-arq-uc-se-adjudican-el-segundo-lugar-en-concurso-cap\/","og_locale":"en_US","og_type":"article","og_title":"Estudiantes ARQ UC se adjudican el segundo lugar en Concurso CAP - Facultad de Arquitectura, Dise\u00f1o y Estudios Urbanos","og_description":"Con la propuesta \u201cUnidad Vecinal Isabel Riquelme\u201d, que busca solucionar el d\u00e9ficit habitacional y la falta de \u00e1reas verdes en San Miguel, el equipo ARQ UC obtuvo el segundo lugar en el Concurso CAP 2020: \u201cViviendas integradas - comunidades sostenibles\u201d.","og_url":"https:\/\/fadeu.urantiacos.cl\/en\/2020\/10\/04\/estudiantes-arq-uc-se-adjudican-el-segundo-lugar-en-concurso-cap\/","og_site_name":"Facultad de Arquitectura, Dise\u00f1o y Estudios Urbanos","article_published_time":"2020-10-04T23:38:00+00:00","article_modified_time":"2023-09-09T23:46:36+00:00","og_image":[{"width":350,"height":250,"url":"https:\/\/fadeu.urantiacos.cl\/wp-content\/uploads\/2023\/09\/Z.LAMINA_1_web.jpg","type":"image\/jpeg"}],"author":"manadmin","twitter_card":"summary_large_image","twitter_misc":{"Written by":"manadmin","Est. reading time":"1 minute"},"schema":{"@context":"https:\/\/schema.org","@graph":[{"@type":"Article","@id":"https:\/\/fadeu.urantiacos.cl\/en\/2020\/10\/04\/estudiantes-arq-uc-se-adjudican-el-segundo-lugar-en-concurso-cap\/#article","isPartOf":{"@id":"https:\/\/fadeu.urantiacos.cl\/en\/2020\/10\/04\/estudiantes-arq-uc-se-adjudican-el-segundo-lugar-en-concurso-cap\/"},"author":{"name":"manadmin","@id":"https:\/\/fadeu.urantiacos.cl\/en\/#\/schema\/person\/d203e2e84b1c40275eac77b3061a19a2"},"headline":"Estudiantes ARQ UC se adjudican el segundo lugar en Concurso CAP","datePublished":"2020-10-04T23:38:00+00:00","dateModified":"2023-09-09T23:46:36+00:00","mainEntityOfPage":{"@id":"https:\/\/fadeu.urantiacos.cl\/en\/2020\/10\/04\/estudiantes-arq-uc-se-adjudican-el-segundo-lugar-en-concurso-cap\/"},"wordCount":283,"commentCount":0,"image":{"@id":"https:\/\/fadeu.urantiacos.cl\/en\/2020\/10\/04\/estudiantes-arq-uc-se-adjudican-el-segundo-lugar-en-concurso-cap\/#primaryimage"},"thumbnailUrl":"https:\/\/fadeu.urantiacos.cl\/wp-content\/uploads\/2023\/09\/Z.LAMINA_1_web.jpg","articleSection":["Sin categorizar"],"inLanguage":"en-US","potentialAction":[{"@type":"CommentAction","name":"Comment","target":["https:\/\/fadeu.urantiacos.cl\/en\/2020\/10\/04\/estudiantes-arq-uc-se-adjudican-el-segundo-lugar-en-concurso-cap\/#respond"]}]},{"@type":"WebPage","@id":"https:\/\/fadeu.urantiacos.cl\/en\/2020\/10\/04\/estudiantes-arq-uc-se-adjudican-el-segundo-lugar-en-concurso-cap\/","url":"https:\/\/fadeu.urantiacos.cl\/en\/2020\/10\/04\/estudiantes-arq-uc-se-adjudican-el-segundo-lugar-en-concurso-cap\/","name":"Estudiantes ARQ UC se adjudican el segundo lugar en Concurso CAP - Facultad de Arquitectura, Dise\u00f1o y Estudios Urbanos","isPartOf":{"@id":"https:\/\/fadeu.urantiacos.cl\/en\/#website"},"primaryImageOfPage":{"@id":"https:\/\/fadeu.urantiacos.cl\/en\/2020\/10\/04\/estudiantes-arq-uc-se-adjudican-el-segundo-lugar-en-concurso-cap\/#primaryimage"},"image":{"@id":"https:\/\/fadeu.urantiacos.cl\/en\/2020\/10\/04\/estudiantes-arq-uc-se-adjudican-el-segundo-lugar-en-concurso-cap\/#primaryimage"},"thumbnailUrl":"https:\/\/fadeu.urantiacos.cl\/wp-content\/uploads\/2023\/09\/Z.LAMINA_1_web.jpg","datePublished":"2020-10-04T23:38:00+00:00","dateModified":"2023-09-09T23:46:36+00:00","author":{"@id":"https:\/\/fadeu.urantiacos.cl\/en\/#\/schema\/person\/d203e2e84b1c40275eac77b3061a19a2"},"description":"Con la propuesta \u201cUnidad Vecinal Isabel Riquelme\u201d, que busca solucionar el d\u00e9ficit habitacional y la falta de \u00e1reas verdes en San Miguel, el equipo ARQ UC obtuvo el segundo lugar en el Concurso CAP 2020: \u201cViviendas integradas - comunidades sostenibles\u201d.","breadcrumb":{"@id":"https:\/\/fadeu.urantiacos.cl\/en\/2020\/10\/04\/estudiantes-arq-uc-se-adjudican-el-segundo-lugar-en-concurso-cap\/#breadcrumb"},"inLanguage":"en-US","potentialAction":[{"@type":"ReadAction","target":["https:\/\/fadeu.urantiacos.cl\/en\/2020\/10\/04\/estudiantes-arq-uc-se-adjudican-el-segundo-lugar-en-concurso-cap\/"]}]},{"@type":"ImageObject","inLanguage":"en-US","@id":"https:\/\/fadeu.urantiacos.cl\/en\/2020\/10\/04\/estudiantes-arq-uc-se-adjudican-el-segundo-lugar-en-concurso-cap\/#primaryimage","url":"https:\/\/fadeu.urantiacos.cl\/wp-content\/uploads\/2023\/09\/Z.LAMINA_1_web.jpg","contentUrl":"https:\/\/fadeu.urantiacos.cl\/wp-content\/uploads\/2023\/09\/Z.LAMINA_1_web.jpg","width":350,"height":250},{"@type":"BreadcrumbList","@id":"https:\/\/fadeu.urantiacos.cl\/en\/2020\/10\/04\/estudiantes-arq-uc-se-adjudican-el-segundo-lugar-en-concurso-cap\/#breadcrumb","itemListElement":[{"@type":"ListItem","position":1,"name":"Portada","item":"https:\/\/fadeu.urantiacos.cl\/en\/"},{"@type":"ListItem","position":2,"name":"Estudiantes ARQ UC se adjudican el segundo lugar en Concurso CAP"}]},{"@type":"WebSite","@id":"https:\/\/fadeu.urantiacos.cl\/en\/#website","url":"https:\/\/fadeu.urantiacos.cl\/en\/","name":"Facultad de Arquitectura, Dise\u00f1o y Estudios Urbanos","description":"Campus Lo Contador","potentialAction":[{"@type":"SearchAction","target":{"@type":"EntryPoint","urlTemplate":"https:\/\/fadeu.urantiacos.cl\/en\/?s={search_term_string}"},"query-input":{"@type":"PropertyValueSpecification","valueRequired":true,"valueName":"search_term_string"}}],"inLanguage":"en-US"},{"@type":"Person","@id":"https:\/\/fadeu.urantiacos.cl\/en\/#\/schema\/person\/d203e2e84b1c40275eac77b3061a19a2","name":"manadmin","image":{"@type":"ImageObject","inLanguage":"en-US","@id":"https:\/\/fadeu.urantiacos.cl\/en\/#\/schema\/person\/image\/","url":"https:\/\/secure.gravatar.com\/avatar\/4b1d8e3303b4a9d8968ac578947d8bc80d9aea359f388cdd4aac15cadc0e8447?s=96&d=mm&r=g","contentUrl":"https:\/\/secure.gravatar.com\/avatar\/4b1d8e3303b4a9d8968ac578947d8bc80d9aea359f388cdd4aac15cadc0e8447?s=96&d=mm&r=g","caption":"manadmin"},"sameAs":["https:\/\/fadeu.urantiacos.cl"]}]}},"_links":{"self":[{"href":"https:\/\/fadeu.urantiacos.cl\/en\/wp-json\/wp\/v2\/posts\/8167","targetHints":{"allow":["GET"]}}],"collection":[{"href":"https:\/\/fadeu.urantiacos.cl\/en\/wp-json\/wp\/v2\/posts"}],"about":[{"href":"https:\/\/fadeu.urantiacos.cl\/en\/wp-json\/wp\/v2\/types\/post"}],"author":[{"embeddable":true,"href":"https:\/\/fadeu.urantiacos.cl\/en\/wp-json\/wp\/v2\/users\/1"}],"replies":[{"embeddable":true,"href":"https:\/\/fadeu.urantiacos.cl\/en\/wp-json\/wp\/v2\/comments?post=8167"}],"version-history":[{"count":1,"href":"https:\/\/fadeu.urantiacos.cl\/en\/wp-json\/wp\/v2\/posts\/8167\/revisions"}],"predecessor-version":[{"id":8175,"href":"https:\/\/fadeu.urantiacos.cl\/en\/wp-json\/wp\/v2\/posts\/8167\/revisions\/8175"}],"wp:featuredmedia":[{"embeddable":true,"href":"https:\/\/fadeu.urantiacos.cl\/en\/wp-json\/wp\/v2\/media\/8168"}],"wp:attachment":[{"href":"https:\/\/fadeu.urantiacos.cl\/en\/wp-json\/wp\/v2\/media?parent=8167"}],"wp:term":[{"taxonomy":"category","embeddable":true,"href":"https:\/\/fadeu.urantiacos.cl\/en\/wp-json\/wp\/v2\/categories?post=8167"},{"taxonomy":"post_tag","embeddable":true,"href":"https:\/\/fadeu.urantiacos.cl\/en\/wp-json\/wp\/v2\/tags?post=8167"}],"curies":[{"name":"wp","href":"https:\/\/api.w.org\/{rel}","templated":true}]}}