{"id":8156,"date":"2020-10-07T20:29:00","date_gmt":"2020-10-07T23:29:00","guid":{"rendered":"https:\/\/fadeu.urantiacos.cl\/?p=8156"},"modified":"2023-09-09T20:33:22","modified_gmt":"2023-09-09T23:33:22","slug":"blindaje-del-museo-de-los-tajamares-divide-a-arquitectos","status":"publish","type":"post","link":"https:\/\/fadeu.urantiacos.cl\/en\/2020\/10\/07\/blindaje-del-museo-de-los-tajamares-divide-a-arquitectos\/","title":{"rendered":"\u201cBlindaje\u201d del Museo de los Tajamares divide a arquitectos"},"content":{"rendered":"\n<figure class=\"wp-block-image size-full\"><img decoding=\"async\" width=\"350\" height=\"250\" src=\"https:\/\/fadeu.urantiacos.cl\/wp-content\/uploads\/2023\/09\/tajamar_lasegunda.jpg\" alt=\"\" class=\"wp-image-8157\" srcset=\"https:\/\/fadeu.urantiacos.cl\/wp-content\/uploads\/2023\/09\/tajamar_lasegunda.jpg 350w, https:\/\/fadeu.urantiacos.cl\/wp-content\/uploads\/2023\/09\/tajamar_lasegunda-300x214.jpg 300w\" sizes=\"(max-width: 350px) 100vw, 350px\" \/><\/figure>\n\n\n\n<p>La Segunda destaca el plan de recuperaci\u00f3n de la municipalidad de Providencia para recuperar el Museo de los Tajamares tras 17 a\u00f1os cerrado. Comentan los acad\u00e9micos de la Escuela de Arquitectura, Dino Bozzi y Sebasti\u00e1n Gray, y el doctor en Arquitectura y Estudios Urbanos, Gonzalo Carrasco.<\/p>\n\n\n\n<h6 class=\"wp-block-heading\">+ Revisa el art\u00edculo completo aqu\u00ed.<\/h6>\n\n\n\n<figure class=\"wp-block-image size-large\"><img decoding=\"async\" width=\"857\" height=\"1024\" src=\"https:\/\/fadeu.urantiacos.cl\/wp-content\/uploads\/2023\/09\/1810021_1415945-857x1024.jpg\" alt=\"\" class=\"wp-image-8158\" srcset=\"https:\/\/fadeu.urantiacos.cl\/wp-content\/uploads\/2023\/09\/1810021_1415945-857x1024.jpg 857w, https:\/\/fadeu.urantiacos.cl\/wp-content\/uploads\/2023\/09\/1810021_1415945-251x300.jpg 251w, https:\/\/fadeu.urantiacos.cl\/wp-content\/uploads\/2023\/09\/1810021_1415945-768x917.jpg 768w, https:\/\/fadeu.urantiacos.cl\/wp-content\/uploads\/2023\/09\/1810021_1415945-1286x1536.jpg 1286w, https:\/\/fadeu.urantiacos.cl\/wp-content\/uploads\/2023\/09\/1810021_1415945-1715x2048.jpg 1715w, https:\/\/fadeu.urantiacos.cl\/wp-content\/uploads\/2023\/09\/1810021_1415945-scaled.jpg 1005w\" sizes=\"(max-width: 857px) 100vw, 857px\" \/><\/figure>\n","protected":false},"excerpt":{"rendered":"<p>La Segunda destaca el plan de recuperaci\u00f3n de la municipalidad de Providencia para recuperar el Museo de los Tajamares tras 17 a\u00f1os cerrado. Comentan los acad\u00e9micos de la Escuela de Arquitectura, Dino Bozzi y Sebasti\u00e1n Gray, y el doctor en Arquitectura y Estudios Urbanos, Gonzalo Carrasco. + Revisa el art\u00edculo completo aqu\u00ed.<\/p>\n","protected":false},"author":1,"featured_media":8157,"comment_status":"open","ping_status":"closed","sticky":false,"template":"","format":"standard","meta":{"_acf_changed":false,"footnotes":""},"categories":[1],"tags":[],"class_list":["post-8156","post","type-post","status-publish","format-standard","has-post-thumbnail","hentry","category-sin-categorizar"],"acf":[],"yoast_head":"<!-- This site is optimized with the Yoast SEO plugin v27.1.1 - https:\/\/yoast.com\/product\/yoast-seo-wordpress\/ -->\n<title>\u201cBlindaje\u201d del Museo de los Tajamares divide a arquitectos - Facultad de Arquitectura, Dise\u00f1o y Estudios Urbanos<\/title>\n<meta name=\"description\" content=\"La Segunda destaca el plan de recuperaci\u00f3n de la municipalidad de Providencia para recuperar el Museo de los Tajamares tras 17 a\u00f1os cerrado. Comentan los\" \/>\n<meta name=\"robots\" content=\"index, follow, max-snippet:-1, max-image-preview:large, max-video-preview:-1\" \/>\n<link rel=\"canonical\" href=\"https:\/\/fadeu.urantiacos.cl\/en\/2020\/10\/07\/blindaje-del-museo-de-los-tajamares-divide-a-arquitectos\/\" \/>\n<meta property=\"og:locale\" content=\"en_US\" \/>\n<meta property=\"og:type\" content=\"article\" \/>\n<meta property=\"og:title\" content=\"\u201cBlindaje\u201d del Museo de los Tajamares divide a arquitectos - Facultad de Arquitectura, Dise\u00f1o y Estudios Urbanos\" \/>\n<meta property=\"og:description\" content=\"La Segunda destaca el plan de recuperaci\u00f3n de la municipalidad de Providencia para recuperar el Museo de los Tajamares tras 17 a\u00f1os cerrado. Comentan los\" \/>\n<meta property=\"og:url\" content=\"https:\/\/fadeu.urantiacos.cl\/en\/2020\/10\/07\/blindaje-del-museo-de-los-tajamares-divide-a-arquitectos\/\" \/>\n<meta property=\"og:site_name\" content=\"Facultad de Arquitectura, Dise\u00f1o y Estudios Urbanos\" \/>\n<meta property=\"article:published_time\" content=\"2020-10-07T23:29:00+00:00\" \/>\n<meta property=\"article:modified_time\" content=\"2023-09-09T23:33:22+00:00\" \/>\n<meta property=\"og:image\" content=\"https:\/\/fadeu.urantiacos.cl\/wp-content\/uploads\/2023\/09\/tajamar_lasegunda.jpg\" \/>\n\t<meta property=\"og:image:width\" content=\"350\" \/>\n\t<meta property=\"og:image:height\" content=\"250\" \/>\n\t<meta property=\"og:image:type\" content=\"image\/jpeg\" \/>\n<meta name=\"author\" content=\"manadmin\" \/>\n<meta name=\"twitter:card\" content=\"summary_large_image\" \/>\n<meta name=\"twitter:label1\" content=\"Written by\" \/>\n\t<meta name=\"twitter:data1\" content=\"manadmin\" \/>\n<script type=\"application\/ld+json\" class=\"yoast-schema-graph\">{\"@context\":\"https:\/\/schema.org\",\"@graph\":[{\"@type\":\"Article\",\"@id\":\"https:\/\/fadeu.urantiacos.cl\/en\/2020\/10\/07\/blindaje-del-museo-de-los-tajamares-divide-a-arquitectos\/#article\",\"isPartOf\":{\"@id\":\"https:\/\/fadeu.urantiacos.cl\/en\/2020\/10\/07\/blindaje-del-museo-de-los-tajamares-divide-a-arquitectos\/\"},\"author\":{\"name\":\"manadmin\",\"@id\":\"https:\/\/fadeu.urantiacos.cl\/en\/#\/schema\/person\/d203e2e84b1c40275eac77b3061a19a2\"},\"headline\":\"\u201cBlindaje\u201d del Museo de los Tajamares divide a arquitectos\",\"datePublished\":\"2020-10-07T23:29:00+00:00\",\"dateModified\":\"2023-09-09T23:33:22+00:00\",\"mainEntityOfPage\":{\"@id\":\"https:\/\/fadeu.urantiacos.cl\/en\/2020\/10\/07\/blindaje-del-museo-de-los-tajamares-divide-a-arquitectos\/\"},\"wordCount\":64,\"commentCount\":0,\"image\":{\"@id\":\"https:\/\/fadeu.urantiacos.cl\/en\/2020\/10\/07\/blindaje-del-museo-de-los-tajamares-divide-a-arquitectos\/#primaryimage\"},\"thumbnailUrl\":\"https:\/\/fadeu.urantiacos.cl\/wp-content\/uploads\/2023\/09\/tajamar_lasegunda.jpg\",\"articleSection\":[\"Sin categorizar\"],\"inLanguage\":\"en-US\",\"potentialAction\":[{\"@type\":\"CommentAction\",\"name\":\"Comment\",\"target\":[\"https:\/\/fadeu.urantiacos.cl\/en\/2020\/10\/07\/blindaje-del-museo-de-los-tajamares-divide-a-arquitectos\/#respond\"]}]},{\"@type\":\"WebPage\",\"@id\":\"https:\/\/fadeu.urantiacos.cl\/en\/2020\/10\/07\/blindaje-del-museo-de-los-tajamares-divide-a-arquitectos\/\",\"url\":\"https:\/\/fadeu.urantiacos.cl\/en\/2020\/10\/07\/blindaje-del-museo-de-los-tajamares-divide-a-arquitectos\/\",\"name\":\"\u201cBlindaje\u201d del Museo de los Tajamares divide a arquitectos - Facultad de Arquitectura, Dise\u00f1o y Estudios Urbanos\",\"isPartOf\":{\"@id\":\"https:\/\/fadeu.urantiacos.cl\/en\/#website\"},\"primaryImageOfPage\":{\"@id\":\"https:\/\/fadeu.urantiacos.cl\/en\/2020\/10\/07\/blindaje-del-museo-de-los-tajamares-divide-a-arquitectos\/#primaryimage\"},\"image\":{\"@id\":\"https:\/\/fadeu.urantiacos.cl\/en\/2020\/10\/07\/blindaje-del-museo-de-los-tajamares-divide-a-arquitectos\/#primaryimage\"},\"thumbnailUrl\":\"https:\/\/fadeu.urantiacos.cl\/wp-content\/uploads\/2023\/09\/tajamar_lasegunda.jpg\",\"datePublished\":\"2020-10-07T23:29:00+00:00\",\"dateModified\":\"2023-09-09T23:33:22+00:00\",\"author\":{\"@id\":\"https:\/\/fadeu.urantiacos.cl\/en\/#\/schema\/person\/d203e2e84b1c40275eac77b3061a19a2\"},\"description\":\"La Segunda destaca el plan de recuperaci\u00f3n de la municipalidad de Providencia para recuperar el Museo de los Tajamares tras 17 a\u00f1os cerrado. Comentan los\",\"breadcrumb\":{\"@id\":\"https:\/\/fadeu.urantiacos.cl\/en\/2020\/10\/07\/blindaje-del-museo-de-los-tajamares-divide-a-arquitectos\/#breadcrumb\"},\"inLanguage\":\"en-US\",\"potentialAction\":[{\"@type\":\"ReadAction\",\"target\":[\"https:\/\/fadeu.urantiacos.cl\/en\/2020\/10\/07\/blindaje-del-museo-de-los-tajamares-divide-a-arquitectos\/\"]}]},{\"@type\":\"ImageObject\",\"inLanguage\":\"en-US\",\"@id\":\"https:\/\/fadeu.urantiacos.cl\/en\/2020\/10\/07\/blindaje-del-museo-de-los-tajamares-divide-a-arquitectos\/#primaryimage\",\"url\":\"https:\/\/fadeu.urantiacos.cl\/wp-content\/uploads\/2023\/09\/tajamar_lasegunda.jpg\",\"contentUrl\":\"https:\/\/fadeu.urantiacos.cl\/wp-content\/uploads\/2023\/09\/tajamar_lasegunda.jpg\",\"width\":350,\"height\":250},{\"@type\":\"BreadcrumbList\",\"@id\":\"https:\/\/fadeu.urantiacos.cl\/en\/2020\/10\/07\/blindaje-del-museo-de-los-tajamares-divide-a-arquitectos\/#breadcrumb\",\"itemListElement\":[{\"@type\":\"ListItem\",\"position\":1,\"name\":\"Portada\",\"item\":\"https:\/\/fadeu.urantiacos.cl\/en\/\"},{\"@type\":\"ListItem\",\"position\":2,\"name\":\"\u201cBlindaje\u201d del Museo de los Tajamares divide a arquitectos\"}]},{\"@type\":\"WebSite\",\"@id\":\"https:\/\/fadeu.urantiacos.cl\/en\/#website\",\"url\":\"https:\/\/fadeu.urantiacos.cl\/en\/\",\"name\":\"Facultad de Arquitectura, Dise\u00f1o y Estudios Urbanos\",\"description\":\"Campus Lo Contador\",\"potentialAction\":[{\"@type\":\"SearchAction\",\"target\":{\"@type\":\"EntryPoint\",\"urlTemplate\":\"https:\/\/fadeu.urantiacos.cl\/en\/?s={search_term_string}\"},\"query-input\":{\"@type\":\"PropertyValueSpecification\",\"valueRequired\":true,\"valueName\":\"search_term_string\"}}],\"inLanguage\":\"en-US\"},{\"@type\":\"Person\",\"@id\":\"https:\/\/fadeu.urantiacos.cl\/en\/#\/schema\/person\/d203e2e84b1c40275eac77b3061a19a2\",\"name\":\"manadmin\",\"image\":{\"@type\":\"ImageObject\",\"inLanguage\":\"en-US\",\"@id\":\"https:\/\/fadeu.urantiacos.cl\/en\/#\/schema\/person\/image\/\",\"url\":\"https:\/\/secure.gravatar.com\/avatar\/4b1d8e3303b4a9d8968ac578947d8bc80d9aea359f388cdd4aac15cadc0e8447?s=96&d=mm&r=g\",\"contentUrl\":\"https:\/\/secure.gravatar.com\/avatar\/4b1d8e3303b4a9d8968ac578947d8bc80d9aea359f388cdd4aac15cadc0e8447?s=96&d=mm&r=g\",\"caption\":\"manadmin\"},\"sameAs\":[\"https:\/\/fadeu.urantiacos.cl\"]}]}<\/script>\n<!-- \/ Yoast SEO plugin. -->","yoast_head_json":{"title":"\u201cBlindaje\u201d del Museo de los Tajamares divide a arquitectos - Facultad de Arquitectura, Dise\u00f1o y Estudios Urbanos","description":"La Segunda destaca el plan de recuperaci\u00f3n de la municipalidad de Providencia para recuperar el Museo de los Tajamares tras 17 a\u00f1os cerrado. Comentan los","robots":{"index":"index","follow":"follow","max-snippet":"max-snippet:-1","max-image-preview":"max-image-preview:large","max-video-preview":"max-video-preview:-1"},"canonical":"https:\/\/fadeu.urantiacos.cl\/en\/2020\/10\/07\/blindaje-del-museo-de-los-tajamares-divide-a-arquitectos\/","og_locale":"en_US","og_type":"article","og_title":"\u201cBlindaje\u201d del Museo de los Tajamares divide a arquitectos - Facultad de Arquitectura, Dise\u00f1o y Estudios Urbanos","og_description":"La Segunda destaca el plan de recuperaci\u00f3n de la municipalidad de Providencia para recuperar el Museo de los Tajamares tras 17 a\u00f1os cerrado. Comentan los","og_url":"https:\/\/fadeu.urantiacos.cl\/en\/2020\/10\/07\/blindaje-del-museo-de-los-tajamares-divide-a-arquitectos\/","og_site_name":"Facultad de Arquitectura, Dise\u00f1o y Estudios Urbanos","article_published_time":"2020-10-07T23:29:00+00:00","article_modified_time":"2023-09-09T23:33:22+00:00","og_image":[{"width":350,"height":250,"url":"https:\/\/fadeu.urantiacos.cl\/wp-content\/uploads\/2023\/09\/tajamar_lasegunda.jpg","type":"image\/jpeg"}],"author":"manadmin","twitter_card":"summary_large_image","twitter_misc":{"Written by":"manadmin"},"schema":{"@context":"https:\/\/schema.org","@graph":[{"@type":"Article","@id":"https:\/\/fadeu.urantiacos.cl\/en\/2020\/10\/07\/blindaje-del-museo-de-los-tajamares-divide-a-arquitectos\/#article","isPartOf":{"@id":"https:\/\/fadeu.urantiacos.cl\/en\/2020\/10\/07\/blindaje-del-museo-de-los-tajamares-divide-a-arquitectos\/"},"author":{"name":"manadmin","@id":"https:\/\/fadeu.urantiacos.cl\/en\/#\/schema\/person\/d203e2e84b1c40275eac77b3061a19a2"},"headline":"\u201cBlindaje\u201d del Museo de los Tajamares divide a arquitectos","datePublished":"2020-10-07T23:29:00+00:00","dateModified":"2023-09-09T23:33:22+00:00","mainEntityOfPage":{"@id":"https:\/\/fadeu.urantiacos.cl\/en\/2020\/10\/07\/blindaje-del-museo-de-los-tajamares-divide-a-arquitectos\/"},"wordCount":64,"commentCount":0,"image":{"@id":"https:\/\/fadeu.urantiacos.cl\/en\/2020\/10\/07\/blindaje-del-museo-de-los-tajamares-divide-a-arquitectos\/#primaryimage"},"thumbnailUrl":"https:\/\/fadeu.urantiacos.cl\/wp-content\/uploads\/2023\/09\/tajamar_lasegunda.jpg","articleSection":["Sin categorizar"],"inLanguage":"en-US","potentialAction":[{"@type":"CommentAction","name":"Comment","target":["https:\/\/fadeu.urantiacos.cl\/en\/2020\/10\/07\/blindaje-del-museo-de-los-tajamares-divide-a-arquitectos\/#respond"]}]},{"@type":"WebPage","@id":"https:\/\/fadeu.urantiacos.cl\/en\/2020\/10\/07\/blindaje-del-museo-de-los-tajamares-divide-a-arquitectos\/","url":"https:\/\/fadeu.urantiacos.cl\/en\/2020\/10\/07\/blindaje-del-museo-de-los-tajamares-divide-a-arquitectos\/","name":"\u201cBlindaje\u201d del Museo de los Tajamares divide a arquitectos - Facultad de Arquitectura, Dise\u00f1o y Estudios Urbanos","isPartOf":{"@id":"https:\/\/fadeu.urantiacos.cl\/en\/#website"},"primaryImageOfPage":{"@id":"https:\/\/fadeu.urantiacos.cl\/en\/2020\/10\/07\/blindaje-del-museo-de-los-tajamares-divide-a-arquitectos\/#primaryimage"},"image":{"@id":"https:\/\/fadeu.urantiacos.cl\/en\/2020\/10\/07\/blindaje-del-museo-de-los-tajamares-divide-a-arquitectos\/#primaryimage"},"thumbnailUrl":"https:\/\/fadeu.urantiacos.cl\/wp-content\/uploads\/2023\/09\/tajamar_lasegunda.jpg","datePublished":"2020-10-07T23:29:00+00:00","dateModified":"2023-09-09T23:33:22+00:00","author":{"@id":"https:\/\/fadeu.urantiacos.cl\/en\/#\/schema\/person\/d203e2e84b1c40275eac77b3061a19a2"},"description":"La Segunda destaca el plan de recuperaci\u00f3n de la municipalidad de Providencia para recuperar el Museo de los Tajamares tras 17 a\u00f1os cerrado. Comentan los","breadcrumb":{"@id":"https:\/\/fadeu.urantiacos.cl\/en\/2020\/10\/07\/blindaje-del-museo-de-los-tajamares-divide-a-arquitectos\/#breadcrumb"},"inLanguage":"en-US","potentialAction":[{"@type":"ReadAction","target":["https:\/\/fadeu.urantiacos.cl\/en\/2020\/10\/07\/blindaje-del-museo-de-los-tajamares-divide-a-arquitectos\/"]}]},{"@type":"ImageObject","inLanguage":"en-US","@id":"https:\/\/fadeu.urantiacos.cl\/en\/2020\/10\/07\/blindaje-del-museo-de-los-tajamares-divide-a-arquitectos\/#primaryimage","url":"https:\/\/fadeu.urantiacos.cl\/wp-content\/uploads\/2023\/09\/tajamar_lasegunda.jpg","contentUrl":"https:\/\/fadeu.urantiacos.cl\/wp-content\/uploads\/2023\/09\/tajamar_lasegunda.jpg","width":350,"height":250},{"@type":"BreadcrumbList","@id":"https:\/\/fadeu.urantiacos.cl\/en\/2020\/10\/07\/blindaje-del-museo-de-los-tajamares-divide-a-arquitectos\/#breadcrumb","itemListElement":[{"@type":"ListItem","position":1,"name":"Portada","item":"https:\/\/fadeu.urantiacos.cl\/en\/"},{"@type":"ListItem","position":2,"name":"\u201cBlindaje\u201d del Museo de los Tajamares divide a arquitectos"}]},{"@type":"WebSite","@id":"https:\/\/fadeu.urantiacos.cl\/en\/#website","url":"https:\/\/fadeu.urantiacos.cl\/en\/","name":"Facultad de Arquitectura, Dise\u00f1o y Estudios Urbanos","description":"Campus Lo Contador","potentialAction":[{"@type":"SearchAction","target":{"@type":"EntryPoint","urlTemplate":"https:\/\/fadeu.urantiacos.cl\/en\/?s={search_term_string}"},"query-input":{"@type":"PropertyValueSpecification","valueRequired":true,"valueName":"search_term_string"}}],"inLanguage":"en-US"},{"@type":"Person","@id":"https:\/\/fadeu.urantiacos.cl\/en\/#\/schema\/person\/d203e2e84b1c40275eac77b3061a19a2","name":"manadmin","image":{"@type":"ImageObject","inLanguage":"en-US","@id":"https:\/\/fadeu.urantiacos.cl\/en\/#\/schema\/person\/image\/","url":"https:\/\/secure.gravatar.com\/avatar\/4b1d8e3303b4a9d8968ac578947d8bc80d9aea359f388cdd4aac15cadc0e8447?s=96&d=mm&r=g","contentUrl":"https:\/\/secure.gravatar.com\/avatar\/4b1d8e3303b4a9d8968ac578947d8bc80d9aea359f388cdd4aac15cadc0e8447?s=96&d=mm&r=g","caption":"manadmin"},"sameAs":["https:\/\/fadeu.urantiacos.cl"]}]}},"_links":{"self":[{"href":"https:\/\/fadeu.urantiacos.cl\/en\/wp-json\/wp\/v2\/posts\/8156","targetHints":{"allow":["GET"]}}],"collection":[{"href":"https:\/\/fadeu.urantiacos.cl\/en\/wp-json\/wp\/v2\/posts"}],"about":[{"href":"https:\/\/fadeu.urantiacos.cl\/en\/wp-json\/wp\/v2\/types\/post"}],"author":[{"embeddable":true,"href":"https:\/\/fadeu.urantiacos.cl\/en\/wp-json\/wp\/v2\/users\/1"}],"replies":[{"embeddable":true,"href":"https:\/\/fadeu.urantiacos.cl\/en\/wp-json\/wp\/v2\/comments?post=8156"}],"version-history":[{"count":1,"href":"https:\/\/fadeu.urantiacos.cl\/en\/wp-json\/wp\/v2\/posts\/8156\/revisions"}],"predecessor-version":[{"id":8159,"href":"https:\/\/fadeu.urantiacos.cl\/en\/wp-json\/wp\/v2\/posts\/8156\/revisions\/8159"}],"wp:featuredmedia":[{"embeddable":true,"href":"https:\/\/fadeu.urantiacos.cl\/en\/wp-json\/wp\/v2\/media\/8157"}],"wp:attachment":[{"href":"https:\/\/fadeu.urantiacos.cl\/en\/wp-json\/wp\/v2\/media?parent=8156"}],"wp:term":[{"taxonomy":"category","embeddable":true,"href":"https:\/\/fadeu.urantiacos.cl\/en\/wp-json\/wp\/v2\/categories?post=8156"},{"taxonomy":"post_tag","embeddable":true,"href":"https:\/\/fadeu.urantiacos.cl\/en\/wp-json\/wp\/v2\/tags?post=8156"}],"curies":[{"name":"wp","href":"https:\/\/api.w.org\/{rel}","templated":true}]}}