{"id":8152,"date":"2020-10-08T20:27:00","date_gmt":"2020-10-08T23:27:00","guid":{"rendered":"https:\/\/fadeu.urantiacos.cl\/?p=8152"},"modified":"2023-09-09T20:29:42","modified_gmt":"2023-09-09T23:29:42","slug":"seminario-bogota-santiago-convoco-a-cientos-de-personas-para-hablar-de-ciudad","status":"publish","type":"post","link":"https:\/\/fadeu.urantiacos.cl\/en\/2020\/10\/08\/seminario-bogota-santiago-convoco-a-cientos-de-personas-para-hablar-de-ciudad\/","title":{"rendered":"Seminario \u201cBogot\u00e1\/Santiago\u201d convoc\u00f3 a cientos de personas para hablar de ciudad"},"content":{"rendered":"\n<figure class=\"wp-block-image size-full\"><img decoding=\"async\" width=\"350\" height=\"250\" src=\"https:\/\/fadeu.urantiacos.cl\/wp-content\/uploads\/2023\/09\/BOGOTA_GOBIERNO350X250.jpg\" alt=\"\" class=\"wp-image-8153\" srcset=\"https:\/\/fadeu.urantiacos.cl\/wp-content\/uploads\/2023\/09\/BOGOTA_GOBIERNO350X250.jpg 350w, https:\/\/fadeu.urantiacos.cl\/wp-content\/uploads\/2023\/09\/BOGOTA_GOBIERNO350X250-300x214.jpg 300w\" sizes=\"(max-width: 350px) 100vw, 350px\" \/><\/figure>\n\n\n\n<p>M\u00e1s de 400 personas conectadas en directo (incluyendo m\u00e1s de 3.000 visualizaciones en las plataformas de YouTube y Facebook) tuvieron oportunidad de participar en dos jornadas. La primera, realizada el 30 de septiembre, y, la segunda, el 7 del presente mes.<\/p>\n\n\n\n<p>Bajo el t\u00edtulo \u201cdesaf\u00edos de la metropolizaci\u00f3n\u201d, que propici\u00f3 la discusi\u00f3n y el di\u00e1logo en ambas jornadas, abrieron el seminario en su primera parte los profesores Macarena Ibarra y Fabio Zambrano (Bajo una perspectiva hist\u00f3rica). Luego, hicieron lo propio Fernando Montenegro y Giovanni Vecchio (Configuraciones metropolitanas), y los acad\u00e9micos Luis Fuentes y \u00d3scar Alfonso (Desigualdades territoriales).<\/p>\n\n\n\n<p>La segunda jornada se inici\u00f3 con las profesoras Magdalena Vicu\u00f1a y Yency Contreras (Gesti\u00f3n y planificaci\u00f3n metropolitana), para dar paso luego a los profesores Sergio Bustamante y Arturo Orellana (Esquemas asociativos territoriales).<\/p>\n\n\n\n<p><strong>Impresiones<\/strong><\/p>\n\n\n\n<p>El director del Instituto de Estudios Urbanos y Territoriales de la Universidad Cat\u00f3lica de Chile, Luis Fuentes, relev\u00f3 la importancia de ambas jornadas entre las dos unidades acad\u00e9micas y de investigaci\u00f3n, destacando diagn\u00f3sticos urbanos compartidos y la suma de esfuerzos para poner diversos temas en la agenda p\u00fablica del contexto latinoamericano.<\/p>\n\n\n\n<p>\u201cNuestras geograf\u00edas y realidades institucionales son muy distintas, entre Chile y Colombia, pero nos une el hecho de tener los mismos problemas y los mismos desaf\u00edos urbanos y territoriales, cuales son el dise\u00f1o y planificaci\u00f3n de ciudades que integren a sus habitantes y reconozca la diversidad de quienes las habitamos y nos provea de las mismas oportunidades en materia de vivienda, infraestructura, bienes p\u00fablicos, dotaci\u00f3n de servicios y otros\u201d. Sostuvo.<\/p>\n\n\n\n<p>Asimismo, Fuentes agreg\u00f3 que \u201cla ciudad siempre se ha visto como un problema, pero estas instancias nos permiten robustecer el debate y promover el di\u00e1logo para reivindicar la ciudad como un mecanismo de soluci\u00f3n de inequidades y desigualdades. Las ciudades pueden ser la soluci\u00f3n. Ese cambio de paradigma es sumamente necesario\u201d.<\/p>\n\n\n\n<p>Por su parte, el director del Instituto de Estudios Urbanos de la Universidad Nacional de Colombia, Carlos Alberto Pati\u00f1o, sostuvo que el seminario ha sido \u201cuna gran experiencia acad\u00e9mica comparativa que nos permite poner en un plano de intercambio y an\u00e1lisis dos realidades que, si bien son distintas, tienen much\u00edsimos puntos de encuentro, en un debate p\u00fablico y abierto a las personas y a nuestros p\u00fablicos interesados\u201d.<\/p>\n\n\n\n<p>\u201cHemos podido llegar a muchas personas gracias a las nuevas tecnolog\u00edas, producto de las nuevas l\u00f3gicas de gesti\u00f3n a las que nos obliga la pandemia, y eso nos permite tener un impacto muy amplio y tener un escenario de interlocuci\u00f3n muy grande. Solo me quedan agradecimientos para todo el cuerpo docente de ambos institutos y a los equipos de comunicaciones que han participado en la organizaci\u00f3n y puesta en marcha de esta muy enriquecedora iniciativa\u201d, agreg\u00f3.<\/p>\n\n\n\n<p>Asimismo, el profesor del Instituto de Estudios Urbanos y Territoriales de la Universidad Cat\u00f3lica de Chile y parte del equipo organizador, Arturo Orellana, valor\u00f3 la instancia, y relev\u00f3 la urgencia de reconocer lo que falta para avanzar en materia de igualdad y equidad. \u201cHemos construido grandes ciudades en Latinoam\u00e9rica, pero no hemos logrado que \u00e9stas sean justas, integradas y equitativas, que ofrezcan a toda persona y a todo habitante los mismos est\u00e1ndares de provisi\u00f3n de bienes p\u00fablicos y privados, y ello tiene que ver con desaf\u00edos sociales, econ\u00f3micos, institucionales y de gesti\u00f3n que son comunes a la vida urbana, atravesando la calidad de vida de todos y todas quienes habitamos en ellas\u201d.<\/p>\n\n\n\n<p>\u201cPor ello, estas instancias son muy valiosas, porque nos permite aunar esfuerzos, juntarnos y reflexionar en torno a las urgencias que emergen de nuestras ciudades, para que se traduzcan, a futuro, en mayores \u00edndices de bienestar\u201d, agreg\u00f3.<\/p>\n\n\n\n<p>Si quieres revisar ambas jornadas puedes visitar los canales de YouTube oficiales de cada uno de los dos institutos:<\/p>\n\n\n\n<p>&#8211;&nbsp;&nbsp;&nbsp;&nbsp;&nbsp;&nbsp; Instituto de Estudios Urbanos y Territoriales PUC Chile:&nbsp;<a href=\"https:\/\/www.youtube.com\/channel\/UCeZzl01wEABnldblxC0EjwA\/videos\">https:\/\/www.youtube.com\/channel\/UCeZzl01wEABnldblxC0EjwA\/videos<\/a><\/p>\n\n\n\n<p>&#8211;&nbsp;&nbsp;&nbsp;&nbsp;&nbsp;&nbsp; Instituto de Estudios Urbanos UNA Colombia:&nbsp;<a href=\"https:\/\/www.youtube.com\/user\/IEUUnal\/videos\">https:\/\/www.youtube.com\/user\/IEUUnal\/videos<\/a><a href=\"https:\/\/www.youtube.com\/user\/IEUUnal\/videos\"><\/a><\/p>\n\n\n\n<p>INFORMACI\u00d3N PERIOD\u00cdSTICA&nbsp;<br>JUAN ANDR\u00c9S INZUNZA<\/p>\n\n\n\n<figure class=\"wp-block-image size-full\"><img decoding=\"async\" width=\"1024\" height=\"768\" src=\"https:\/\/fadeu.urantiacos.cl\/wp-content\/uploads\/2023\/09\/EjAtiVNXcAEwkg3.jpg\" alt=\"\" class=\"wp-image-8154\" srcset=\"https:\/\/fadeu.urantiacos.cl\/wp-content\/uploads\/2023\/09\/EjAtiVNXcAEwkg3.jpg 1024w, https:\/\/fadeu.urantiacos.cl\/wp-content\/uploads\/2023\/09\/EjAtiVNXcAEwkg3-300x225.jpg 300w, https:\/\/fadeu.urantiacos.cl\/wp-content\/uploads\/2023\/09\/EjAtiVNXcAEwkg3-768x576.jpg 768w\" sizes=\"(max-width: 1024px) 100vw, 1024px\" \/><\/figure>\n","protected":false},"excerpt":{"rendered":"<p>\u201cBogot\u00e1\/Santiago: dos miradas, un fen\u00f3meno urbano\u201d, fue el t\u00edtulo del seminario internacional organizado conjuntamente por el Instituto de Estudios Urbanos y Territoriales de la Pontificia Universidad Cat\u00f3lica de Chile y el Instituto de Estudios Urbanos de la Universidad Nacional de Colombia, que convoc\u00f3 a cientos de personas de todo el contexto latinoamericano para reflexionar sobre diversas materias urbanas y territoriales contingentes.<\/p>\n","protected":false},"author":1,"featured_media":8153,"comment_status":"open","ping_status":"open","sticky":false,"template":"","format":"standard","meta":{"_acf_changed":false,"footnotes":""},"categories":[1],"tags":[],"class_list":["post-8152","post","type-post","status-publish","format-standard","has-post-thumbnail","hentry","category-sin-categorizar"],"acf":[],"yoast_head":"<!-- This site is optimized with the Yoast SEO plugin v27.1.1 - https:\/\/yoast.com\/product\/yoast-seo-wordpress\/ -->\n<title>Seminario \u201cBogot\u00e1\/Santiago\u201d convoc\u00f3 a cientos de personas para hablar de ciudad - Facultad de Arquitectura, Dise\u00f1o y Estudios Urbanos<\/title>\n<meta name=\"description\" content=\"\u201cBogot\u00e1\/Santiago: dos miradas, un fen\u00f3meno urbano\u201d, fue el t\u00edtulo del seminario internacional organizado conjuntamente por el Instituto de Estudios Urbanos y Territoriales de la Pontificia Universidad Cat\u00f3lica de Chile y el Instituto de Estudios Urbanos de la Universidad Nacional de Colombia, que convoc\u00f3 a cientos de personas de todo el contexto latinoamericano para reflexionar sobre diversas materias urbanas y territoriales contingentes.\" \/>\n<meta name=\"robots\" content=\"index, follow, max-snippet:-1, max-image-preview:large, max-video-preview:-1\" \/>\n<link rel=\"canonical\" href=\"https:\/\/fadeu.urantiacos.cl\/en\/2020\/10\/08\/seminario-bogota-santiago-convoco-a-cientos-de-personas-para-hablar-de-ciudad\/\" \/>\n<meta property=\"og:locale\" content=\"en_US\" \/>\n<meta property=\"og:type\" content=\"article\" \/>\n<meta property=\"og:title\" content=\"Seminario \u201cBogot\u00e1\/Santiago\u201d convoc\u00f3 a cientos de personas para hablar de ciudad - Facultad de Arquitectura, Dise\u00f1o y Estudios Urbanos\" \/>\n<meta property=\"og:description\" content=\"\u201cBogot\u00e1\/Santiago: dos miradas, un fen\u00f3meno urbano\u201d, fue el t\u00edtulo del seminario internacional organizado conjuntamente por el Instituto de Estudios Urbanos y Territoriales de la Pontificia Universidad Cat\u00f3lica de Chile y el Instituto de Estudios Urbanos de la Universidad Nacional de Colombia, que convoc\u00f3 a cientos de personas de todo el contexto latinoamericano para reflexionar sobre diversas materias urbanas y territoriales contingentes.\" \/>\n<meta property=\"og:url\" content=\"https:\/\/fadeu.urantiacos.cl\/en\/2020\/10\/08\/seminario-bogota-santiago-convoco-a-cientos-de-personas-para-hablar-de-ciudad\/\" \/>\n<meta property=\"og:site_name\" content=\"Facultad de Arquitectura, Dise\u00f1o y Estudios Urbanos\" \/>\n<meta property=\"article:published_time\" content=\"2020-10-08T23:27:00+00:00\" \/>\n<meta property=\"article:modified_time\" content=\"2023-09-09T23:29:42+00:00\" \/>\n<meta property=\"og:image\" content=\"https:\/\/fadeu.urantiacos.cl\/wp-content\/uploads\/2023\/09\/BOGOTA_GOBIERNO350X250.jpg\" \/>\n\t<meta property=\"og:image:width\" content=\"350\" \/>\n\t<meta property=\"og:image:height\" content=\"250\" \/>\n\t<meta property=\"og:image:type\" content=\"image\/jpeg\" \/>\n<meta name=\"author\" content=\"manadmin\" \/>\n<meta name=\"twitter:card\" content=\"summary_large_image\" \/>\n<meta name=\"twitter:label1\" content=\"Written by\" \/>\n\t<meta name=\"twitter:data1\" content=\"manadmin\" \/>\n\t<meta name=\"twitter:label2\" content=\"Est. reading time\" \/>\n\t<meta name=\"twitter:data2\" content=\"4 minutes\" \/>\n<script type=\"application\/ld+json\" class=\"yoast-schema-graph\">{\"@context\":\"https:\/\/schema.org\",\"@graph\":[{\"@type\":\"Article\",\"@id\":\"https:\/\/fadeu.urantiacos.cl\/en\/2020\/10\/08\/seminario-bogota-santiago-convoco-a-cientos-de-personas-para-hablar-de-ciudad\/#article\",\"isPartOf\":{\"@id\":\"https:\/\/fadeu.urantiacos.cl\/en\/2020\/10\/08\/seminario-bogota-santiago-convoco-a-cientos-de-personas-para-hablar-de-ciudad\/\"},\"author\":{\"name\":\"manadmin\",\"@id\":\"https:\/\/fadeu.urantiacos.cl\/en\/#\/schema\/person\/d203e2e84b1c40275eac77b3061a19a2\"},\"headline\":\"Seminario \u201cBogot\u00e1\/Santiago\u201d convoc\u00f3 a cientos de personas para hablar de ciudad\",\"datePublished\":\"2020-10-08T23:27:00+00:00\",\"dateModified\":\"2023-09-09T23:29:42+00:00\",\"mainEntityOfPage\":{\"@id\":\"https:\/\/fadeu.urantiacos.cl\/en\/2020\/10\/08\/seminario-bogota-santiago-convoco-a-cientos-de-personas-para-hablar-de-ciudad\/\"},\"wordCount\":721,\"commentCount\":0,\"image\":{\"@id\":\"https:\/\/fadeu.urantiacos.cl\/en\/2020\/10\/08\/seminario-bogota-santiago-convoco-a-cientos-de-personas-para-hablar-de-ciudad\/#primaryimage\"},\"thumbnailUrl\":\"https:\/\/fadeu.urantiacos.cl\/wp-content\/uploads\/2023\/09\/BOGOTA_GOBIERNO350X250.jpg\",\"articleSection\":[\"Sin categorizar\"],\"inLanguage\":\"en-US\",\"potentialAction\":[{\"@type\":\"CommentAction\",\"name\":\"Comment\",\"target\":[\"https:\/\/fadeu.urantiacos.cl\/en\/2020\/10\/08\/seminario-bogota-santiago-convoco-a-cientos-de-personas-para-hablar-de-ciudad\/#respond\"]}]},{\"@type\":\"WebPage\",\"@id\":\"https:\/\/fadeu.urantiacos.cl\/en\/2020\/10\/08\/seminario-bogota-santiago-convoco-a-cientos-de-personas-para-hablar-de-ciudad\/\",\"url\":\"https:\/\/fadeu.urantiacos.cl\/en\/2020\/10\/08\/seminario-bogota-santiago-convoco-a-cientos-de-personas-para-hablar-de-ciudad\/\",\"name\":\"Seminario \u201cBogot\u00e1\/Santiago\u201d convoc\u00f3 a cientos de personas para hablar de ciudad - Facultad de Arquitectura, Dise\u00f1o y Estudios Urbanos\",\"isPartOf\":{\"@id\":\"https:\/\/fadeu.urantiacos.cl\/en\/#website\"},\"primaryImageOfPage\":{\"@id\":\"https:\/\/fadeu.urantiacos.cl\/en\/2020\/10\/08\/seminario-bogota-santiago-convoco-a-cientos-de-personas-para-hablar-de-ciudad\/#primaryimage\"},\"image\":{\"@id\":\"https:\/\/fadeu.urantiacos.cl\/en\/2020\/10\/08\/seminario-bogota-santiago-convoco-a-cientos-de-personas-para-hablar-de-ciudad\/#primaryimage\"},\"thumbnailUrl\":\"https:\/\/fadeu.urantiacos.cl\/wp-content\/uploads\/2023\/09\/BOGOTA_GOBIERNO350X250.jpg\",\"datePublished\":\"2020-10-08T23:27:00+00:00\",\"dateModified\":\"2023-09-09T23:29:42+00:00\",\"author\":{\"@id\":\"https:\/\/fadeu.urantiacos.cl\/en\/#\/schema\/person\/d203e2e84b1c40275eac77b3061a19a2\"},\"description\":\"\u201cBogot\u00e1\/Santiago: dos miradas, un fen\u00f3meno urbano\u201d, fue el t\u00edtulo del seminario internacional organizado conjuntamente por el Instituto de Estudios Urbanos y Territoriales de la Pontificia Universidad Cat\u00f3lica de Chile y el Instituto de Estudios Urbanos de la Universidad Nacional de Colombia, que convoc\u00f3 a cientos de personas de todo el contexto latinoamericano para reflexionar sobre diversas materias urbanas y territoriales contingentes.\",\"breadcrumb\":{\"@id\":\"https:\/\/fadeu.urantiacos.cl\/en\/2020\/10\/08\/seminario-bogota-santiago-convoco-a-cientos-de-personas-para-hablar-de-ciudad\/#breadcrumb\"},\"inLanguage\":\"en-US\",\"potentialAction\":[{\"@type\":\"ReadAction\",\"target\":[\"https:\/\/fadeu.urantiacos.cl\/en\/2020\/10\/08\/seminario-bogota-santiago-convoco-a-cientos-de-personas-para-hablar-de-ciudad\/\"]}]},{\"@type\":\"ImageObject\",\"inLanguage\":\"en-US\",\"@id\":\"https:\/\/fadeu.urantiacos.cl\/en\/2020\/10\/08\/seminario-bogota-santiago-convoco-a-cientos-de-personas-para-hablar-de-ciudad\/#primaryimage\",\"url\":\"https:\/\/fadeu.urantiacos.cl\/wp-content\/uploads\/2023\/09\/BOGOTA_GOBIERNO350X250.jpg\",\"contentUrl\":\"https:\/\/fadeu.urantiacos.cl\/wp-content\/uploads\/2023\/09\/BOGOTA_GOBIERNO350X250.jpg\",\"width\":350,\"height\":250},{\"@type\":\"BreadcrumbList\",\"@id\":\"https:\/\/fadeu.urantiacos.cl\/en\/2020\/10\/08\/seminario-bogota-santiago-convoco-a-cientos-de-personas-para-hablar-de-ciudad\/#breadcrumb\",\"itemListElement\":[{\"@type\":\"ListItem\",\"position\":1,\"name\":\"Portada\",\"item\":\"https:\/\/fadeu.urantiacos.cl\/en\/\"},{\"@type\":\"ListItem\",\"position\":2,\"name\":\"Seminario \u201cBogot\u00e1\/Santiago\u201d convoc\u00f3 a cientos de personas para hablar de ciudad\"}]},{\"@type\":\"WebSite\",\"@id\":\"https:\/\/fadeu.urantiacos.cl\/en\/#website\",\"url\":\"https:\/\/fadeu.urantiacos.cl\/en\/\",\"name\":\"Facultad de Arquitectura, Dise\u00f1o y Estudios Urbanos\",\"description\":\"Campus Lo Contador\",\"potentialAction\":[{\"@type\":\"SearchAction\",\"target\":{\"@type\":\"EntryPoint\",\"urlTemplate\":\"https:\/\/fadeu.urantiacos.cl\/en\/?s={search_term_string}\"},\"query-input\":{\"@type\":\"PropertyValueSpecification\",\"valueRequired\":true,\"valueName\":\"search_term_string\"}}],\"inLanguage\":\"en-US\"},{\"@type\":\"Person\",\"@id\":\"https:\/\/fadeu.urantiacos.cl\/en\/#\/schema\/person\/d203e2e84b1c40275eac77b3061a19a2\",\"name\":\"manadmin\",\"image\":{\"@type\":\"ImageObject\",\"inLanguage\":\"en-US\",\"@id\":\"https:\/\/fadeu.urantiacos.cl\/en\/#\/schema\/person\/image\/\",\"url\":\"https:\/\/secure.gravatar.com\/avatar\/4b1d8e3303b4a9d8968ac578947d8bc80d9aea359f388cdd4aac15cadc0e8447?s=96&d=mm&r=g\",\"contentUrl\":\"https:\/\/secure.gravatar.com\/avatar\/4b1d8e3303b4a9d8968ac578947d8bc80d9aea359f388cdd4aac15cadc0e8447?s=96&d=mm&r=g\",\"caption\":\"manadmin\"},\"sameAs\":[\"https:\/\/fadeu.urantiacos.cl\"]}]}<\/script>\n<!-- \/ Yoast SEO plugin. -->","yoast_head_json":{"title":"Seminario \u201cBogot\u00e1\/Santiago\u201d convoc\u00f3 a cientos de personas para hablar de ciudad - Facultad de Arquitectura, Dise\u00f1o y Estudios Urbanos","description":"\u201cBogot\u00e1\/Santiago: dos miradas, un fen\u00f3meno urbano\u201d, fue el t\u00edtulo del seminario internacional organizado conjuntamente por el Instituto de Estudios Urbanos y Territoriales de la Pontificia Universidad Cat\u00f3lica de Chile y el Instituto de Estudios Urbanos de la Universidad Nacional de Colombia, que convoc\u00f3 a cientos de personas de todo el contexto latinoamericano para reflexionar sobre diversas materias urbanas y territoriales contingentes.","robots":{"index":"index","follow":"follow","max-snippet":"max-snippet:-1","max-image-preview":"max-image-preview:large","max-video-preview":"max-video-preview:-1"},"canonical":"https:\/\/fadeu.urantiacos.cl\/en\/2020\/10\/08\/seminario-bogota-santiago-convoco-a-cientos-de-personas-para-hablar-de-ciudad\/","og_locale":"en_US","og_type":"article","og_title":"Seminario \u201cBogot\u00e1\/Santiago\u201d convoc\u00f3 a cientos de personas para hablar de ciudad - Facultad de Arquitectura, Dise\u00f1o y Estudios Urbanos","og_description":"\u201cBogot\u00e1\/Santiago: dos miradas, un fen\u00f3meno urbano\u201d, fue el t\u00edtulo del seminario internacional organizado conjuntamente por el Instituto de Estudios Urbanos y Territoriales de la Pontificia Universidad Cat\u00f3lica de Chile y el Instituto de Estudios Urbanos de la Universidad Nacional de Colombia, que convoc\u00f3 a cientos de personas de todo el contexto latinoamericano para reflexionar sobre diversas materias urbanas y territoriales contingentes.","og_url":"https:\/\/fadeu.urantiacos.cl\/en\/2020\/10\/08\/seminario-bogota-santiago-convoco-a-cientos-de-personas-para-hablar-de-ciudad\/","og_site_name":"Facultad de Arquitectura, Dise\u00f1o y Estudios Urbanos","article_published_time":"2020-10-08T23:27:00+00:00","article_modified_time":"2023-09-09T23:29:42+00:00","og_image":[{"width":350,"height":250,"url":"https:\/\/fadeu.urantiacos.cl\/wp-content\/uploads\/2023\/09\/BOGOTA_GOBIERNO350X250.jpg","type":"image\/jpeg"}],"author":"manadmin","twitter_card":"summary_large_image","twitter_misc":{"Written by":"manadmin","Est. reading time":"4 minutes"},"schema":{"@context":"https:\/\/schema.org","@graph":[{"@type":"Article","@id":"https:\/\/fadeu.urantiacos.cl\/en\/2020\/10\/08\/seminario-bogota-santiago-convoco-a-cientos-de-personas-para-hablar-de-ciudad\/#article","isPartOf":{"@id":"https:\/\/fadeu.urantiacos.cl\/en\/2020\/10\/08\/seminario-bogota-santiago-convoco-a-cientos-de-personas-para-hablar-de-ciudad\/"},"author":{"name":"manadmin","@id":"https:\/\/fadeu.urantiacos.cl\/en\/#\/schema\/person\/d203e2e84b1c40275eac77b3061a19a2"},"headline":"Seminario \u201cBogot\u00e1\/Santiago\u201d convoc\u00f3 a cientos de personas para hablar de ciudad","datePublished":"2020-10-08T23:27:00+00:00","dateModified":"2023-09-09T23:29:42+00:00","mainEntityOfPage":{"@id":"https:\/\/fadeu.urantiacos.cl\/en\/2020\/10\/08\/seminario-bogota-santiago-convoco-a-cientos-de-personas-para-hablar-de-ciudad\/"},"wordCount":721,"commentCount":0,"image":{"@id":"https:\/\/fadeu.urantiacos.cl\/en\/2020\/10\/08\/seminario-bogota-santiago-convoco-a-cientos-de-personas-para-hablar-de-ciudad\/#primaryimage"},"thumbnailUrl":"https:\/\/fadeu.urantiacos.cl\/wp-content\/uploads\/2023\/09\/BOGOTA_GOBIERNO350X250.jpg","articleSection":["Sin categorizar"],"inLanguage":"en-US","potentialAction":[{"@type":"CommentAction","name":"Comment","target":["https:\/\/fadeu.urantiacos.cl\/en\/2020\/10\/08\/seminario-bogota-santiago-convoco-a-cientos-de-personas-para-hablar-de-ciudad\/#respond"]}]},{"@type":"WebPage","@id":"https:\/\/fadeu.urantiacos.cl\/en\/2020\/10\/08\/seminario-bogota-santiago-convoco-a-cientos-de-personas-para-hablar-de-ciudad\/","url":"https:\/\/fadeu.urantiacos.cl\/en\/2020\/10\/08\/seminario-bogota-santiago-convoco-a-cientos-de-personas-para-hablar-de-ciudad\/","name":"Seminario \u201cBogot\u00e1\/Santiago\u201d convoc\u00f3 a cientos de personas para hablar de ciudad - Facultad de Arquitectura, Dise\u00f1o y Estudios Urbanos","isPartOf":{"@id":"https:\/\/fadeu.urantiacos.cl\/en\/#website"},"primaryImageOfPage":{"@id":"https:\/\/fadeu.urantiacos.cl\/en\/2020\/10\/08\/seminario-bogota-santiago-convoco-a-cientos-de-personas-para-hablar-de-ciudad\/#primaryimage"},"image":{"@id":"https:\/\/fadeu.urantiacos.cl\/en\/2020\/10\/08\/seminario-bogota-santiago-convoco-a-cientos-de-personas-para-hablar-de-ciudad\/#primaryimage"},"thumbnailUrl":"https:\/\/fadeu.urantiacos.cl\/wp-content\/uploads\/2023\/09\/BOGOTA_GOBIERNO350X250.jpg","datePublished":"2020-10-08T23:27:00+00:00","dateModified":"2023-09-09T23:29:42+00:00","author":{"@id":"https:\/\/fadeu.urantiacos.cl\/en\/#\/schema\/person\/d203e2e84b1c40275eac77b3061a19a2"},"description":"\u201cBogot\u00e1\/Santiago: dos miradas, un fen\u00f3meno urbano\u201d, fue el t\u00edtulo del seminario internacional organizado conjuntamente por el Instituto de Estudios Urbanos y Territoriales de la Pontificia Universidad Cat\u00f3lica de Chile y el Instituto de Estudios Urbanos de la Universidad Nacional de Colombia, que convoc\u00f3 a cientos de personas de todo el contexto latinoamericano para reflexionar sobre diversas materias urbanas y territoriales contingentes.","breadcrumb":{"@id":"https:\/\/fadeu.urantiacos.cl\/en\/2020\/10\/08\/seminario-bogota-santiago-convoco-a-cientos-de-personas-para-hablar-de-ciudad\/#breadcrumb"},"inLanguage":"en-US","potentialAction":[{"@type":"ReadAction","target":["https:\/\/fadeu.urantiacos.cl\/en\/2020\/10\/08\/seminario-bogota-santiago-convoco-a-cientos-de-personas-para-hablar-de-ciudad\/"]}]},{"@type":"ImageObject","inLanguage":"en-US","@id":"https:\/\/fadeu.urantiacos.cl\/en\/2020\/10\/08\/seminario-bogota-santiago-convoco-a-cientos-de-personas-para-hablar-de-ciudad\/#primaryimage","url":"https:\/\/fadeu.urantiacos.cl\/wp-content\/uploads\/2023\/09\/BOGOTA_GOBIERNO350X250.jpg","contentUrl":"https:\/\/fadeu.urantiacos.cl\/wp-content\/uploads\/2023\/09\/BOGOTA_GOBIERNO350X250.jpg","width":350,"height":250},{"@type":"BreadcrumbList","@id":"https:\/\/fadeu.urantiacos.cl\/en\/2020\/10\/08\/seminario-bogota-santiago-convoco-a-cientos-de-personas-para-hablar-de-ciudad\/#breadcrumb","itemListElement":[{"@type":"ListItem","position":1,"name":"Portada","item":"https:\/\/fadeu.urantiacos.cl\/en\/"},{"@type":"ListItem","position":2,"name":"Seminario \u201cBogot\u00e1\/Santiago\u201d convoc\u00f3 a cientos de personas para hablar de ciudad"}]},{"@type":"WebSite","@id":"https:\/\/fadeu.urantiacos.cl\/en\/#website","url":"https:\/\/fadeu.urantiacos.cl\/en\/","name":"Facultad de Arquitectura, Dise\u00f1o y Estudios Urbanos","description":"Campus Lo Contador","potentialAction":[{"@type":"SearchAction","target":{"@type":"EntryPoint","urlTemplate":"https:\/\/fadeu.urantiacos.cl\/en\/?s={search_term_string}"},"query-input":{"@type":"PropertyValueSpecification","valueRequired":true,"valueName":"search_term_string"}}],"inLanguage":"en-US"},{"@type":"Person","@id":"https:\/\/fadeu.urantiacos.cl\/en\/#\/schema\/person\/d203e2e84b1c40275eac77b3061a19a2","name":"manadmin","image":{"@type":"ImageObject","inLanguage":"en-US","@id":"https:\/\/fadeu.urantiacos.cl\/en\/#\/schema\/person\/image\/","url":"https:\/\/secure.gravatar.com\/avatar\/4b1d8e3303b4a9d8968ac578947d8bc80d9aea359f388cdd4aac15cadc0e8447?s=96&d=mm&r=g","contentUrl":"https:\/\/secure.gravatar.com\/avatar\/4b1d8e3303b4a9d8968ac578947d8bc80d9aea359f388cdd4aac15cadc0e8447?s=96&d=mm&r=g","caption":"manadmin"},"sameAs":["https:\/\/fadeu.urantiacos.cl"]}]}},"_links":{"self":[{"href":"https:\/\/fadeu.urantiacos.cl\/en\/wp-json\/wp\/v2\/posts\/8152","targetHints":{"allow":["GET"]}}],"collection":[{"href":"https:\/\/fadeu.urantiacos.cl\/en\/wp-json\/wp\/v2\/posts"}],"about":[{"href":"https:\/\/fadeu.urantiacos.cl\/en\/wp-json\/wp\/v2\/types\/post"}],"author":[{"embeddable":true,"href":"https:\/\/fadeu.urantiacos.cl\/en\/wp-json\/wp\/v2\/users\/1"}],"replies":[{"embeddable":true,"href":"https:\/\/fadeu.urantiacos.cl\/en\/wp-json\/wp\/v2\/comments?post=8152"}],"version-history":[{"count":1,"href":"https:\/\/fadeu.urantiacos.cl\/en\/wp-json\/wp\/v2\/posts\/8152\/revisions"}],"predecessor-version":[{"id":8155,"href":"https:\/\/fadeu.urantiacos.cl\/en\/wp-json\/wp\/v2\/posts\/8152\/revisions\/8155"}],"wp:featuredmedia":[{"embeddable":true,"href":"https:\/\/fadeu.urantiacos.cl\/en\/wp-json\/wp\/v2\/media\/8153"}],"wp:attachment":[{"href":"https:\/\/fadeu.urantiacos.cl\/en\/wp-json\/wp\/v2\/media?parent=8152"}],"wp:term":[{"taxonomy":"category","embeddable":true,"href":"https:\/\/fadeu.urantiacos.cl\/en\/wp-json\/wp\/v2\/categories?post=8152"},{"taxonomy":"post_tag","embeddable":true,"href":"https:\/\/fadeu.urantiacos.cl\/en\/wp-json\/wp\/v2\/tags?post=8152"}],"curies":[{"name":"wp","href":"https:\/\/api.w.org\/{rel}","templated":true}]}}