{"id":8149,"date":"2020-10-12T20:25:00","date_gmt":"2020-10-12T23:25:00","guid":{"rendered":"https:\/\/fadeu.urantiacos.cl\/?p=8149"},"modified":"2023-09-09T20:27:00","modified_gmt":"2023-09-09T23:27:00","slug":"luis-eduardo-bresciani-y-elke-schlack-participaron-en-el-lanzamiento-de-una-publicacion-de-nucleo-milenio","status":"publish","type":"post","link":"https:\/\/fadeu.urantiacos.cl\/en\/2020\/10\/12\/luis-eduardo-bresciani-y-elke-schlack-participaron-en-el-lanzamiento-de-una-publicacion-de-nucleo-milenio\/","title":{"rendered":"Luis Eduardo Bresciani y Elke Schlack participaron en el lanzamiento de una publicaci\u00f3n de N\u00facleo Milenio"},"content":{"rendered":"\n<figure class=\"wp-block-image size-full\"><img decoding=\"async\" width=\"350\" height=\"250\" src=\"https:\/\/fadeu.urantiacos.cl\/wp-content\/uploads\/2023\/09\/lebElkeS_web_chica.png\" alt=\"\" class=\"wp-image-8150\" srcset=\"https:\/\/fadeu.urantiacos.cl\/wp-content\/uploads\/2023\/09\/lebElkeS_web_chica.png 350w, https:\/\/fadeu.urantiacos.cl\/wp-content\/uploads\/2023\/09\/lebElkeS_web_chica-300x214.png 300w\" sizes=\"(max-width: 350px) 100vw, 350px\" \/><\/figure>\n\n\n\n<p>El libro, publicado por la editorial LOM, es una iniciativa de N\u00facleo Milenio: Autoridad y Asimetr\u00edas de Poder (NUMAAP) \u2014del que la profesora Schlack es miembro\u2014 y es producto del trabajo de nueve investigadores, bajo la coordinaci\u00f3n de Kathya Araujo, Doctora en Estudios Americanos y Directora de NUMAAP.<\/p>\n\n\n\n<p>La profesora Elke Schlack, dio la bienvenida al evento destacando la importancia del lanzamiento \u201cen un momento que estamos viviendo la experiencia de ausencia del espacio p\u00fablico\u201d. El libro, por otro lado, es definido como: \u201cuna invitaci\u00f3n a recorrer las calles de Santiago de la mano de j\u00f3venes mujeres, migrantes, adultas mayores, comerciantes ambulantes, residentes de barrios tradicionales, habitantes de las zonas ricas de la ciudad, viajeros del metro y tantos y tantas m\u00e1s. Es un recorrido inevitablemente parcial; no obstante, dise\u00f1a la diversidad de las distintas calles, reconociendo en ellas un espacio especialmente importante para la construcci\u00f3n de la imagen de la sociedad y de la vida en com\u00fan\u201d.<\/p>\n\n\n\n<p>Por su parte, Luis Eduardo Bresciani destac\u00f3 lo relevante de generar estas discusiones desde Latinoam\u00e9rica por las diferencias entre nuestras ciudades con las del hemisferio norte. Resalt\u00f3 tambi\u00e9n el libro desde su capacidad de mostrar lo cr\u00edtico de las desigualdades en Chile, desigualdades que \u201cno se expresan solamente en los bienes de consumo, en el acceso a bienes privados, sino que se radicalizan y se expresan fundamentalmente en el acceso a lo p\u00fablico\u201d.<\/p>\n\n\n\n<p>En el panel participaron tambi\u00e9n, Francisca M\u00e1rquez, acad\u00e9mica de la Universidad Alberto Hurtado; \u00d3scar Contardo, escritor y periodista; Silvia Aguilera, directora de LOM ediciones; y Kathya Araujo, autora y editora de la publicaci\u00f3n.<\/p>\n\n\n\n<p>La presentaci\u00f3n se realiz\u00f3 el d\u00eda 07 de octubre en modalidad online.<\/p>\n\n\n\n<p>Ver evento completo en el siguiente&nbsp;<a href=\"https:\/\/www.youtube.com\/watch?v=A4qD2a56934&amp;feature=youtu.be&amp;ab_channel=N%C3%BAcleoMilenioAutoridadyAsimetr%C3%ADasdePoder\" target=\"_blank\" rel=\"noreferrer noopener\">link<\/a>&nbsp;<\/p>\n\n\n\n<p>Noticias<\/p>\n\n\n\n<p>Contacto:&nbsp;<a href=\"mailto:redesarq@uc.cl\">redesarq@uc.cl<\/a>&nbsp;| +56 2 2354 7747<br>www.arquitectura.uc.cl<\/p>\n","protected":false},"excerpt":{"rendered":"<p>El director ARQ UC, Luis Eduardo Bresciani, fue invitado al panel de presentaci\u00f3n del libro \u201cLas calles. Un estudio sobre Santiago de Chile\u201d de Kathya Araujo, evento que fue moderado por la profesora ARQ UC Elke Schlack, quien tambi\u00e9n contribuy\u00f3 a la publicaci\u00f3n.<\/p>\n","protected":false},"author":1,"featured_media":8150,"comment_status":"open","ping_status":"open","sticky":false,"template":"","format":"standard","meta":{"_acf_changed":false,"footnotes":""},"categories":[1],"tags":[],"class_list":["post-8149","post","type-post","status-publish","format-standard","has-post-thumbnail","hentry","category-sin-categorizar"],"acf":[],"yoast_head":"<!-- This site is optimized with the Yoast SEO plugin v27.1.1 - https:\/\/yoast.com\/product\/yoast-seo-wordpress\/ -->\n<title>Luis Eduardo Bresciani y Elke Schlack participaron en el lanzamiento de una publicaci\u00f3n de N\u00facleo Milenio - Facultad de Arquitectura, Dise\u00f1o y Estudios Urbanos<\/title>\n<meta name=\"description\" content=\"El director ARQ UC, Luis Eduardo Bresciani, fue invitado al panel de presentaci\u00f3n del libro \u201cLas calles. Un estudio sobre Santiago de Chile\u201d de Kathya Araujo, evento que fue moderado por la profesora ARQ UC Elke Schlack, quien tambi\u00e9n contribuy\u00f3 a la publicaci\u00f3n.\" \/>\n<meta name=\"robots\" content=\"index, follow, max-snippet:-1, max-image-preview:large, max-video-preview:-1\" \/>\n<link rel=\"canonical\" href=\"https:\/\/fadeu.urantiacos.cl\/en\/2020\/10\/12\/luis-eduardo-bresciani-y-elke-schlack-participaron-en-el-lanzamiento-de-una-publicacion-de-nucleo-milenio\/\" \/>\n<meta property=\"og:locale\" content=\"en_US\" \/>\n<meta property=\"og:type\" content=\"article\" \/>\n<meta property=\"og:title\" content=\"Luis Eduardo Bresciani y Elke Schlack participaron en el lanzamiento de una publicaci\u00f3n de N\u00facleo Milenio - Facultad de Arquitectura, Dise\u00f1o y Estudios Urbanos\" \/>\n<meta property=\"og:description\" content=\"El director ARQ UC, Luis Eduardo Bresciani, fue invitado al panel de presentaci\u00f3n del libro \u201cLas calles. Un estudio sobre Santiago de Chile\u201d de Kathya Araujo, evento que fue moderado por la profesora ARQ UC Elke Schlack, quien tambi\u00e9n contribuy\u00f3 a la publicaci\u00f3n.\" \/>\n<meta property=\"og:url\" content=\"https:\/\/fadeu.urantiacos.cl\/en\/2020\/10\/12\/luis-eduardo-bresciani-y-elke-schlack-participaron-en-el-lanzamiento-de-una-publicacion-de-nucleo-milenio\/\" \/>\n<meta property=\"og:site_name\" content=\"Facultad de Arquitectura, Dise\u00f1o y Estudios Urbanos\" \/>\n<meta property=\"article:published_time\" content=\"2020-10-12T23:25:00+00:00\" \/>\n<meta property=\"article:modified_time\" content=\"2023-09-09T23:27:00+00:00\" \/>\n<meta property=\"og:image\" content=\"https:\/\/fadeu.urantiacos.cl\/wp-content\/uploads\/2023\/09\/lebElkeS_web_chica.png\" \/>\n\t<meta property=\"og:image:width\" content=\"350\" \/>\n\t<meta property=\"og:image:height\" content=\"250\" \/>\n\t<meta property=\"og:image:type\" content=\"image\/png\" \/>\n<meta name=\"author\" content=\"manadmin\" \/>\n<meta name=\"twitter:card\" content=\"summary_large_image\" \/>\n<meta name=\"twitter:label1\" content=\"Written by\" \/>\n\t<meta name=\"twitter:data1\" content=\"manadmin\" \/>\n\t<meta name=\"twitter:label2\" content=\"Est. reading time\" \/>\n\t<meta name=\"twitter:data2\" content=\"2 minutes\" \/>\n<script type=\"application\/ld+json\" class=\"yoast-schema-graph\">{\"@context\":\"https:\/\/schema.org\",\"@graph\":[{\"@type\":\"Article\",\"@id\":\"https:\/\/fadeu.urantiacos.cl\/en\/2020\/10\/12\/luis-eduardo-bresciani-y-elke-schlack-participaron-en-el-lanzamiento-de-una-publicacion-de-nucleo-milenio\/#article\",\"isPartOf\":{\"@id\":\"https:\/\/fadeu.urantiacos.cl\/en\/2020\/10\/12\/luis-eduardo-bresciani-y-elke-schlack-participaron-en-el-lanzamiento-de-una-publicacion-de-nucleo-milenio\/\"},\"author\":{\"name\":\"manadmin\",\"@id\":\"https:\/\/fadeu.urantiacos.cl\/en\/#\/schema\/person\/d203e2e84b1c40275eac77b3061a19a2\"},\"headline\":\"Luis Eduardo Bresciani y Elke Schlack participaron en el lanzamiento de una publicaci\u00f3n de N\u00facleo Milenio\",\"datePublished\":\"2020-10-12T23:25:00+00:00\",\"dateModified\":\"2023-09-09T23:27:00+00:00\",\"mainEntityOfPage\":{\"@id\":\"https:\/\/fadeu.urantiacos.cl\/en\/2020\/10\/12\/luis-eduardo-bresciani-y-elke-schlack-participaron-en-el-lanzamiento-de-una-publicacion-de-nucleo-milenio\/\"},\"wordCount\":333,\"commentCount\":0,\"image\":{\"@id\":\"https:\/\/fadeu.urantiacos.cl\/en\/2020\/10\/12\/luis-eduardo-bresciani-y-elke-schlack-participaron-en-el-lanzamiento-de-una-publicacion-de-nucleo-milenio\/#primaryimage\"},\"thumbnailUrl\":\"https:\/\/fadeu.urantiacos.cl\/wp-content\/uploads\/2023\/09\/lebElkeS_web_chica.png\",\"articleSection\":[\"Sin categorizar\"],\"inLanguage\":\"en-US\",\"potentialAction\":[{\"@type\":\"CommentAction\",\"name\":\"Comment\",\"target\":[\"https:\/\/fadeu.urantiacos.cl\/en\/2020\/10\/12\/luis-eduardo-bresciani-y-elke-schlack-participaron-en-el-lanzamiento-de-una-publicacion-de-nucleo-milenio\/#respond\"]}]},{\"@type\":\"WebPage\",\"@id\":\"https:\/\/fadeu.urantiacos.cl\/en\/2020\/10\/12\/luis-eduardo-bresciani-y-elke-schlack-participaron-en-el-lanzamiento-de-una-publicacion-de-nucleo-milenio\/\",\"url\":\"https:\/\/fadeu.urantiacos.cl\/en\/2020\/10\/12\/luis-eduardo-bresciani-y-elke-schlack-participaron-en-el-lanzamiento-de-una-publicacion-de-nucleo-milenio\/\",\"name\":\"Luis Eduardo Bresciani y Elke Schlack participaron en el lanzamiento de una publicaci\u00f3n de N\u00facleo Milenio - Facultad de Arquitectura, Dise\u00f1o y Estudios Urbanos\",\"isPartOf\":{\"@id\":\"https:\/\/fadeu.urantiacos.cl\/en\/#website\"},\"primaryImageOfPage\":{\"@id\":\"https:\/\/fadeu.urantiacos.cl\/en\/2020\/10\/12\/luis-eduardo-bresciani-y-elke-schlack-participaron-en-el-lanzamiento-de-una-publicacion-de-nucleo-milenio\/#primaryimage\"},\"image\":{\"@id\":\"https:\/\/fadeu.urantiacos.cl\/en\/2020\/10\/12\/luis-eduardo-bresciani-y-elke-schlack-participaron-en-el-lanzamiento-de-una-publicacion-de-nucleo-milenio\/#primaryimage\"},\"thumbnailUrl\":\"https:\/\/fadeu.urantiacos.cl\/wp-content\/uploads\/2023\/09\/lebElkeS_web_chica.png\",\"datePublished\":\"2020-10-12T23:25:00+00:00\",\"dateModified\":\"2023-09-09T23:27:00+00:00\",\"author\":{\"@id\":\"https:\/\/fadeu.urantiacos.cl\/en\/#\/schema\/person\/d203e2e84b1c40275eac77b3061a19a2\"},\"description\":\"El director ARQ UC, Luis Eduardo Bresciani, fue invitado al panel de presentaci\u00f3n del libro \u201cLas calles. Un estudio sobre Santiago de Chile\u201d de Kathya Araujo, evento que fue moderado por la profesora ARQ UC Elke Schlack, quien tambi\u00e9n contribuy\u00f3 a la publicaci\u00f3n.\",\"breadcrumb\":{\"@id\":\"https:\/\/fadeu.urantiacos.cl\/en\/2020\/10\/12\/luis-eduardo-bresciani-y-elke-schlack-participaron-en-el-lanzamiento-de-una-publicacion-de-nucleo-milenio\/#breadcrumb\"},\"inLanguage\":\"en-US\",\"potentialAction\":[{\"@type\":\"ReadAction\",\"target\":[\"https:\/\/fadeu.urantiacos.cl\/en\/2020\/10\/12\/luis-eduardo-bresciani-y-elke-schlack-participaron-en-el-lanzamiento-de-una-publicacion-de-nucleo-milenio\/\"]}]},{\"@type\":\"ImageObject\",\"inLanguage\":\"en-US\",\"@id\":\"https:\/\/fadeu.urantiacos.cl\/en\/2020\/10\/12\/luis-eduardo-bresciani-y-elke-schlack-participaron-en-el-lanzamiento-de-una-publicacion-de-nucleo-milenio\/#primaryimage\",\"url\":\"https:\/\/fadeu.urantiacos.cl\/wp-content\/uploads\/2023\/09\/lebElkeS_web_chica.png\",\"contentUrl\":\"https:\/\/fadeu.urantiacos.cl\/wp-content\/uploads\/2023\/09\/lebElkeS_web_chica.png\",\"width\":350,\"height\":250},{\"@type\":\"BreadcrumbList\",\"@id\":\"https:\/\/fadeu.urantiacos.cl\/en\/2020\/10\/12\/luis-eduardo-bresciani-y-elke-schlack-participaron-en-el-lanzamiento-de-una-publicacion-de-nucleo-milenio\/#breadcrumb\",\"itemListElement\":[{\"@type\":\"ListItem\",\"position\":1,\"name\":\"Portada\",\"item\":\"https:\/\/fadeu.urantiacos.cl\/en\/\"},{\"@type\":\"ListItem\",\"position\":2,\"name\":\"Luis Eduardo Bresciani y Elke Schlack participaron en el lanzamiento de una publicaci\u00f3n de N\u00facleo Milenio\"}]},{\"@type\":\"WebSite\",\"@id\":\"https:\/\/fadeu.urantiacos.cl\/en\/#website\",\"url\":\"https:\/\/fadeu.urantiacos.cl\/en\/\",\"name\":\"Facultad de Arquitectura, Dise\u00f1o y Estudios Urbanos\",\"description\":\"Campus Lo Contador\",\"potentialAction\":[{\"@type\":\"SearchAction\",\"target\":{\"@type\":\"EntryPoint\",\"urlTemplate\":\"https:\/\/fadeu.urantiacos.cl\/en\/?s={search_term_string}\"},\"query-input\":{\"@type\":\"PropertyValueSpecification\",\"valueRequired\":true,\"valueName\":\"search_term_string\"}}],\"inLanguage\":\"en-US\"},{\"@type\":\"Person\",\"@id\":\"https:\/\/fadeu.urantiacos.cl\/en\/#\/schema\/person\/d203e2e84b1c40275eac77b3061a19a2\",\"name\":\"manadmin\",\"image\":{\"@type\":\"ImageObject\",\"inLanguage\":\"en-US\",\"@id\":\"https:\/\/fadeu.urantiacos.cl\/en\/#\/schema\/person\/image\/\",\"url\":\"https:\/\/secure.gravatar.com\/avatar\/4b1d8e3303b4a9d8968ac578947d8bc80d9aea359f388cdd4aac15cadc0e8447?s=96&d=mm&r=g\",\"contentUrl\":\"https:\/\/secure.gravatar.com\/avatar\/4b1d8e3303b4a9d8968ac578947d8bc80d9aea359f388cdd4aac15cadc0e8447?s=96&d=mm&r=g\",\"caption\":\"manadmin\"},\"sameAs\":[\"https:\/\/fadeu.urantiacos.cl\"]}]}<\/script>\n<!-- \/ Yoast SEO plugin. -->","yoast_head_json":{"title":"Luis Eduardo Bresciani y Elke Schlack participaron en el lanzamiento de una publicaci\u00f3n de N\u00facleo Milenio - Facultad de Arquitectura, Dise\u00f1o y Estudios Urbanos","description":"El director ARQ UC, Luis Eduardo Bresciani, fue invitado al panel de presentaci\u00f3n del libro \u201cLas calles. Un estudio sobre Santiago de Chile\u201d de Kathya Araujo, evento que fue moderado por la profesora ARQ UC Elke Schlack, quien tambi\u00e9n contribuy\u00f3 a la publicaci\u00f3n.","robots":{"index":"index","follow":"follow","max-snippet":"max-snippet:-1","max-image-preview":"max-image-preview:large","max-video-preview":"max-video-preview:-1"},"canonical":"https:\/\/fadeu.urantiacos.cl\/en\/2020\/10\/12\/luis-eduardo-bresciani-y-elke-schlack-participaron-en-el-lanzamiento-de-una-publicacion-de-nucleo-milenio\/","og_locale":"en_US","og_type":"article","og_title":"Luis Eduardo Bresciani y Elke Schlack participaron en el lanzamiento de una publicaci\u00f3n de N\u00facleo Milenio - Facultad de Arquitectura, Dise\u00f1o y Estudios Urbanos","og_description":"El director ARQ UC, Luis Eduardo Bresciani, fue invitado al panel de presentaci\u00f3n del libro \u201cLas calles. Un estudio sobre Santiago de Chile\u201d de Kathya Araujo, evento que fue moderado por la profesora ARQ UC Elke Schlack, quien tambi\u00e9n contribuy\u00f3 a la publicaci\u00f3n.","og_url":"https:\/\/fadeu.urantiacos.cl\/en\/2020\/10\/12\/luis-eduardo-bresciani-y-elke-schlack-participaron-en-el-lanzamiento-de-una-publicacion-de-nucleo-milenio\/","og_site_name":"Facultad de Arquitectura, Dise\u00f1o y Estudios Urbanos","article_published_time":"2020-10-12T23:25:00+00:00","article_modified_time":"2023-09-09T23:27:00+00:00","og_image":[{"width":350,"height":250,"url":"https:\/\/fadeu.urantiacos.cl\/wp-content\/uploads\/2023\/09\/lebElkeS_web_chica.png","type":"image\/png"}],"author":"manadmin","twitter_card":"summary_large_image","twitter_misc":{"Written by":"manadmin","Est. reading time":"2 minutes"},"schema":{"@context":"https:\/\/schema.org","@graph":[{"@type":"Article","@id":"https:\/\/fadeu.urantiacos.cl\/en\/2020\/10\/12\/luis-eduardo-bresciani-y-elke-schlack-participaron-en-el-lanzamiento-de-una-publicacion-de-nucleo-milenio\/#article","isPartOf":{"@id":"https:\/\/fadeu.urantiacos.cl\/en\/2020\/10\/12\/luis-eduardo-bresciani-y-elke-schlack-participaron-en-el-lanzamiento-de-una-publicacion-de-nucleo-milenio\/"},"author":{"name":"manadmin","@id":"https:\/\/fadeu.urantiacos.cl\/en\/#\/schema\/person\/d203e2e84b1c40275eac77b3061a19a2"},"headline":"Luis Eduardo Bresciani y Elke Schlack participaron en el lanzamiento de una publicaci\u00f3n de N\u00facleo Milenio","datePublished":"2020-10-12T23:25:00+00:00","dateModified":"2023-09-09T23:27:00+00:00","mainEntityOfPage":{"@id":"https:\/\/fadeu.urantiacos.cl\/en\/2020\/10\/12\/luis-eduardo-bresciani-y-elke-schlack-participaron-en-el-lanzamiento-de-una-publicacion-de-nucleo-milenio\/"},"wordCount":333,"commentCount":0,"image":{"@id":"https:\/\/fadeu.urantiacos.cl\/en\/2020\/10\/12\/luis-eduardo-bresciani-y-elke-schlack-participaron-en-el-lanzamiento-de-una-publicacion-de-nucleo-milenio\/#primaryimage"},"thumbnailUrl":"https:\/\/fadeu.urantiacos.cl\/wp-content\/uploads\/2023\/09\/lebElkeS_web_chica.png","articleSection":["Sin categorizar"],"inLanguage":"en-US","potentialAction":[{"@type":"CommentAction","name":"Comment","target":["https:\/\/fadeu.urantiacos.cl\/en\/2020\/10\/12\/luis-eduardo-bresciani-y-elke-schlack-participaron-en-el-lanzamiento-de-una-publicacion-de-nucleo-milenio\/#respond"]}]},{"@type":"WebPage","@id":"https:\/\/fadeu.urantiacos.cl\/en\/2020\/10\/12\/luis-eduardo-bresciani-y-elke-schlack-participaron-en-el-lanzamiento-de-una-publicacion-de-nucleo-milenio\/","url":"https:\/\/fadeu.urantiacos.cl\/en\/2020\/10\/12\/luis-eduardo-bresciani-y-elke-schlack-participaron-en-el-lanzamiento-de-una-publicacion-de-nucleo-milenio\/","name":"Luis Eduardo Bresciani y Elke Schlack participaron en el lanzamiento de una publicaci\u00f3n de N\u00facleo Milenio - Facultad de Arquitectura, Dise\u00f1o y Estudios Urbanos","isPartOf":{"@id":"https:\/\/fadeu.urantiacos.cl\/en\/#website"},"primaryImageOfPage":{"@id":"https:\/\/fadeu.urantiacos.cl\/en\/2020\/10\/12\/luis-eduardo-bresciani-y-elke-schlack-participaron-en-el-lanzamiento-de-una-publicacion-de-nucleo-milenio\/#primaryimage"},"image":{"@id":"https:\/\/fadeu.urantiacos.cl\/en\/2020\/10\/12\/luis-eduardo-bresciani-y-elke-schlack-participaron-en-el-lanzamiento-de-una-publicacion-de-nucleo-milenio\/#primaryimage"},"thumbnailUrl":"https:\/\/fadeu.urantiacos.cl\/wp-content\/uploads\/2023\/09\/lebElkeS_web_chica.png","datePublished":"2020-10-12T23:25:00+00:00","dateModified":"2023-09-09T23:27:00+00:00","author":{"@id":"https:\/\/fadeu.urantiacos.cl\/en\/#\/schema\/person\/d203e2e84b1c40275eac77b3061a19a2"},"description":"El director ARQ UC, Luis Eduardo Bresciani, fue invitado al panel de presentaci\u00f3n del libro \u201cLas calles. Un estudio sobre Santiago de Chile\u201d de Kathya Araujo, evento que fue moderado por la profesora ARQ UC Elke Schlack, quien tambi\u00e9n contribuy\u00f3 a la publicaci\u00f3n.","breadcrumb":{"@id":"https:\/\/fadeu.urantiacos.cl\/en\/2020\/10\/12\/luis-eduardo-bresciani-y-elke-schlack-participaron-en-el-lanzamiento-de-una-publicacion-de-nucleo-milenio\/#breadcrumb"},"inLanguage":"en-US","potentialAction":[{"@type":"ReadAction","target":["https:\/\/fadeu.urantiacos.cl\/en\/2020\/10\/12\/luis-eduardo-bresciani-y-elke-schlack-participaron-en-el-lanzamiento-de-una-publicacion-de-nucleo-milenio\/"]}]},{"@type":"ImageObject","inLanguage":"en-US","@id":"https:\/\/fadeu.urantiacos.cl\/en\/2020\/10\/12\/luis-eduardo-bresciani-y-elke-schlack-participaron-en-el-lanzamiento-de-una-publicacion-de-nucleo-milenio\/#primaryimage","url":"https:\/\/fadeu.urantiacos.cl\/wp-content\/uploads\/2023\/09\/lebElkeS_web_chica.png","contentUrl":"https:\/\/fadeu.urantiacos.cl\/wp-content\/uploads\/2023\/09\/lebElkeS_web_chica.png","width":350,"height":250},{"@type":"BreadcrumbList","@id":"https:\/\/fadeu.urantiacos.cl\/en\/2020\/10\/12\/luis-eduardo-bresciani-y-elke-schlack-participaron-en-el-lanzamiento-de-una-publicacion-de-nucleo-milenio\/#breadcrumb","itemListElement":[{"@type":"ListItem","position":1,"name":"Portada","item":"https:\/\/fadeu.urantiacos.cl\/en\/"},{"@type":"ListItem","position":2,"name":"Luis Eduardo Bresciani y Elke Schlack participaron en el lanzamiento de una publicaci\u00f3n de N\u00facleo Milenio"}]},{"@type":"WebSite","@id":"https:\/\/fadeu.urantiacos.cl\/en\/#website","url":"https:\/\/fadeu.urantiacos.cl\/en\/","name":"Facultad de Arquitectura, Dise\u00f1o y Estudios Urbanos","description":"Campus Lo Contador","potentialAction":[{"@type":"SearchAction","target":{"@type":"EntryPoint","urlTemplate":"https:\/\/fadeu.urantiacos.cl\/en\/?s={search_term_string}"},"query-input":{"@type":"PropertyValueSpecification","valueRequired":true,"valueName":"search_term_string"}}],"inLanguage":"en-US"},{"@type":"Person","@id":"https:\/\/fadeu.urantiacos.cl\/en\/#\/schema\/person\/d203e2e84b1c40275eac77b3061a19a2","name":"manadmin","image":{"@type":"ImageObject","inLanguage":"en-US","@id":"https:\/\/fadeu.urantiacos.cl\/en\/#\/schema\/person\/image\/","url":"https:\/\/secure.gravatar.com\/avatar\/4b1d8e3303b4a9d8968ac578947d8bc80d9aea359f388cdd4aac15cadc0e8447?s=96&d=mm&r=g","contentUrl":"https:\/\/secure.gravatar.com\/avatar\/4b1d8e3303b4a9d8968ac578947d8bc80d9aea359f388cdd4aac15cadc0e8447?s=96&d=mm&r=g","caption":"manadmin"},"sameAs":["https:\/\/fadeu.urantiacos.cl"]}]}},"_links":{"self":[{"href":"https:\/\/fadeu.urantiacos.cl\/en\/wp-json\/wp\/v2\/posts\/8149","targetHints":{"allow":["GET"]}}],"collection":[{"href":"https:\/\/fadeu.urantiacos.cl\/en\/wp-json\/wp\/v2\/posts"}],"about":[{"href":"https:\/\/fadeu.urantiacos.cl\/en\/wp-json\/wp\/v2\/types\/post"}],"author":[{"embeddable":true,"href":"https:\/\/fadeu.urantiacos.cl\/en\/wp-json\/wp\/v2\/users\/1"}],"replies":[{"embeddable":true,"href":"https:\/\/fadeu.urantiacos.cl\/en\/wp-json\/wp\/v2\/comments?post=8149"}],"version-history":[{"count":1,"href":"https:\/\/fadeu.urantiacos.cl\/en\/wp-json\/wp\/v2\/posts\/8149\/revisions"}],"predecessor-version":[{"id":8151,"href":"https:\/\/fadeu.urantiacos.cl\/en\/wp-json\/wp\/v2\/posts\/8149\/revisions\/8151"}],"wp:featuredmedia":[{"embeddable":true,"href":"https:\/\/fadeu.urantiacos.cl\/en\/wp-json\/wp\/v2\/media\/8150"}],"wp:attachment":[{"href":"https:\/\/fadeu.urantiacos.cl\/en\/wp-json\/wp\/v2\/media?parent=8149"}],"wp:term":[{"taxonomy":"category","embeddable":true,"href":"https:\/\/fadeu.urantiacos.cl\/en\/wp-json\/wp\/v2\/categories?post=8149"},{"taxonomy":"post_tag","embeddable":true,"href":"https:\/\/fadeu.urantiacos.cl\/en\/wp-json\/wp\/v2\/tags?post=8149"}],"curies":[{"name":"wp","href":"https:\/\/api.w.org\/{rel}","templated":true}]}}