{"id":8142,"date":"2020-10-12T20:20:00","date_gmt":"2020-10-12T23:20:00","guid":{"rendered":"https:\/\/fadeu.urantiacos.cl\/?p=8142"},"modified":"2023-09-09T20:25:05","modified_gmt":"2023-09-09T23:25:05","slug":"cuatro-imperdibles-lugares-por-conocer-en-el-nuevo-centro-de-extension-oriente","status":"publish","type":"post","link":"https:\/\/fadeu.urantiacos.cl\/en\/2020\/10\/12\/cuatro-imperdibles-lugares-por-conocer-en-el-nuevo-centro-de-extension-oriente\/","title":{"rendered":"Cuatro imperdibles lugares por conocer en el nuevo Centro de Extensi\u00f3n Oriente"},"content":{"rendered":"\n<figure class=\"wp-block-image size-full\"><img decoding=\"async\" width=\"350\" height=\"250\" src=\"https:\/\/fadeu.urantiacos.cl\/wp-content\/uploads\/2023\/09\/oriente_web.jpg\" alt=\"\" class=\"wp-image-8143\" srcset=\"https:\/\/fadeu.urantiacos.cl\/wp-content\/uploads\/2023\/09\/oriente_web.jpg 350w, https:\/\/fadeu.urantiacos.cl\/wp-content\/uploads\/2023\/09\/oriente_web-300x214.jpg 300w\" sizes=\"(max-width: 350px) 100vw, 350px\" \/><\/figure>\n\n\n\n<p>Intervenir un edificio como el de campus Oriente es un desaf\u00edo.&nbsp;Esta construcci\u00f3n neorrom\u00e1nica tiene casi 100 a\u00f1os y por eso, antes de pensar en su futuro, los arquitectos a cargo de dise\u00f1ar el nuevo Centro de Extensi\u00f3n, se detuvieron a mirar su pasado.&nbsp;<\/p>\n\n\n\n<p>\u201cEl primer asunto por abordar fue hacer un estudio hist\u00f3rico para entender el edificio\u201d, explica Jos\u00e9 Quintanilla, profesor de Arquitectura UC quien, junto al tambi\u00e9n profesor, Fernando P\u00e9rez, dise\u00f1\u00f3 el nuevo espacio del campus ubicado en los l\u00edmites de las comunas de Providencia y \u00d1u\u00f1oa.&nbsp;<\/p>\n\n\n\n<p>Tal como explica el acad\u00e9mico, el edificio original del campus Oriente es un proyecto que qued\u00f3 inconcluso y entre los pendientes de la obra original, se encontraba la construcci\u00f3n de dos vol\u00famenes en la fachada del campus.<\/p>\n\n\n\n<p>\u201cLo que hemos hecho en&nbsp;<a href=\"https:\/\/www.uc.cl\/noticias\/se-inauguro-el-nuevo-edificio-de-la-facultad-de-artes\/\" target=\"_blank\" rel=\"noreferrer noopener\">edificios como la Facultad de Artes<\/a>&nbsp;y tambi\u00e9n en el nuevo Centro de Extensi\u00f3n, es completar el proyecto original.&nbsp;En ese sentido quer\u00edamos que nuestra obra fuera muy modesta. No quer\u00edamos entrar con formas ni materiales nuevos\u201d, cuenta Quintanilla.<\/p>\n\n\n\n<p>Es as\u00ed como concibieron este espacio, que hoy est\u00e1 pronto a abrir sus puertas a la ciudad. A continuaci\u00f3n destacamos cuatro imperdibles lugares del edificio para recorrer:<\/p>\n\n\n\n<h3 class=\"wp-block-heading\">Empezar por su fachada&nbsp;<\/h3>\n\n\n\n<p>Uno de los primeros elementos que salta a la vista al mirar la fachada del campus Oriente&nbsp;es la celos\u00eda de ladrillos que cubre el segundo piso del Centro de Extensi\u00f3n. Se trata de una suerte de enrejado que une dos espacios del edificio antiguo y que cierra uno de los patios del campus,&nbsp;tal como fue concebido por los arquitectos Juan Lyon y Luis Az\u00f3car hace casi un siglo. En ese sentido, hoy se completa un proyecto original desde criterios contempor\u00e1neos.<\/p>\n\n\n\n<p>Adem\u00e1s, esta construcci\u00f3n cumple un fin pr\u00e1ctico. \u201cLa celos\u00eda de ladrillo de la fachada surge para controlar la cantidad de luz al interior de las salas y generar un confort t\u00e9rmico\u201d. En verano, por ejemplo, se ha demostrado que puede bajar hasta 5 grados la temperatura al interior de las salas.<\/p>\n\n\n\n<figure class=\"wp-block-image size-full\"><img decoding=\"async\" width=\"726\" height=\"484\" src=\"https:\/\/fadeu.urantiacos.cl\/wp-content\/uploads\/2023\/09\/i8a0717.726x0-is.jpg\" alt=\"\" class=\"wp-image-8144\" srcset=\"https:\/\/fadeu.urantiacos.cl\/wp-content\/uploads\/2023\/09\/i8a0717.726x0-is.jpg 726w, https:\/\/fadeu.urantiacos.cl\/wp-content\/uploads\/2023\/09\/i8a0717.726x0-is-300x200.jpg 300w\" sizes=\"(max-width: 726px) 100vw, 726px\" \/><\/figure>\n\n\n\n<h3 class=\"wp-block-heading\">Seguir por la cafeter\u00eda<\/h3>\n\n\n\n<p>Uno de los primeros elementos que el visitante encuentra al entrar al nuevo Centro de Extensi\u00f3n Oriente es una cafeter\u00eda instalada en el primer piso. Con capacidad para albergar a unas&nbsp;150 personas. Es un espacio abierto a la comunidad. Adem\u00e1s, al ubicarse a pocos pasos del acceso al campus, se presenta como una gran oportunidad de abrir la sede al p\u00fablico. Adem\u00e1s, en este espacio tambi\u00e9n se encuentra una nueva Librer\u00eda UC.<\/p>\n\n\n\n<figure class=\"wp-block-image size-full\"><img decoding=\"async\" width=\"726\" height=\"484\" src=\"https:\/\/fadeu.urantiacos.cl\/wp-content\/uploads\/2023\/09\/i8a0197.726x0-is.jpg\" alt=\"\" class=\"wp-image-8145\" srcset=\"https:\/\/fadeu.urantiacos.cl\/wp-content\/uploads\/2023\/09\/i8a0197.726x0-is.jpg 726w, https:\/\/fadeu.urantiacos.cl\/wp-content\/uploads\/2023\/09\/i8a0197.726x0-is-300x200.jpg 300w\" sizes=\"(max-width: 726px) 100vw, 726px\" \/><\/figure>\n\n\n\n<h3 class=\"wp-block-heading\">Recorrer el patio principal<\/h3>\n\n\n\n<p>Sin duda se trata de&nbsp;uno de los elementos m\u00e1s importantes del edificio. Con 490 metros cuadrados \u00fatiles, este sector est\u00e1 pensado para albergar eventos y cumplir un rol similar al del Centro de Extensi\u00f3n de Casa Central.<\/p>\n\n\n\n<p>Uno de los desaf\u00edos que present\u00f3 la construcci\u00f3n de este espacio fue el de techar la totalidad de la superficie. Esta cubierta es desmontable, en el sentido que no toca ni interviene las fachadas hist\u00f3ricas. \u201cEst\u00e1 pensada como una gran mesa. Tiene cuatro patas que aguantan todo el sistema de velas que van filtrando la iluminaci\u00f3n (\u2026) Desde un punto de vista t\u00e9rmico y lum\u00ednico va a funcionar de una manera \u00f3ptima\u201d, explica Quintanilla.&nbsp;<\/p>\n\n\n\n<p>Adem\u00e1s, en este espacio&nbsp;se hace evidente el di\u00e1logo entre el edificio hist\u00f3rico con el edificio contempor\u00e1neo, desde la sinton\u00eda de los materiales y el sistema de medidas que regulan las dimensiones de los elementos.<\/p>\n\n\n\n<figure class=\"wp-block-image size-full\"><img decoding=\"async\" width=\"726\" height=\"484\" src=\"https:\/\/fadeu.urantiacos.cl\/wp-content\/uploads\/2023\/09\/i8a0611.726x0-is.jpg\" alt=\"\" class=\"wp-image-8146\" srcset=\"https:\/\/fadeu.urantiacos.cl\/wp-content\/uploads\/2023\/09\/i8a0611.726x0-is.jpg 726w, https:\/\/fadeu.urantiacos.cl\/wp-content\/uploads\/2023\/09\/i8a0611.726x0-is-300x200.jpg 300w\" sizes=\"(max-width: 726px) 100vw, 726px\" \/><\/figure>\n\n\n\n<h3 class=\"wp-block-heading\">Disfrutar el teatro<\/h3>\n\n\n\n<p>Jos\u00e9 Quintanilla admite que todav\u00eda se emociona al verlo. El nuevo auditorio o teatro del campus Oriente, con capacidad para 240 personas,&nbsp;es uno de los lugares clave no solo del Centro de Extensi\u00f3n, sino de todo el campus. Trabajado en conjunto con la comunidad de la Facultad de Artes, especialmente con el ex decano Ram\u00f3n L\u00f3pez, una de las virtudes de este lugar es que pasa desapercibido, causando un efecto de descubrimiento en el subsuelo.<\/p>\n\n\n\n<p>De l\u00edneas simples, inspirado en la arquitectura n\u00f3rdica, el teatro cumplir\u00e1 diversas funciones, adapt\u00e1ndose a las distintas artes. Incluso podr\u00eda funcionar como cine.&nbsp;<\/p>\n\n\n\n<figure class=\"wp-block-image size-full\"><img decoding=\"async\" width=\"563\" height=\"375\" src=\"https:\/\/fadeu.urantiacos.cl\/wp-content\/uploads\/2023\/09\/i8a0372.563x0-is.jpg\" alt=\"\" class=\"wp-image-8147\" srcset=\"https:\/\/fadeu.urantiacos.cl\/wp-content\/uploads\/2023\/09\/i8a0372.563x0-is.jpg 563w, https:\/\/fadeu.urantiacos.cl\/wp-content\/uploads\/2023\/09\/i8a0372.563x0-is-300x200.jpg 300w\" sizes=\"(max-width: 563px) 100vw, 563px\" \/><\/figure>\n\n\n\n<p>INFORMACI\u00d3N PERIOD\u00cdSTICA<br>RAFAEL ZANETTA<\/p>\n","protected":false},"excerpt":{"rendered":"<p>Luego de cinco a\u00f1os desde que se empez\u00f3 a dise\u00f1ar, hoy la UC prepara los \u00faltimos detalles para inaugurar su nuevo Centro de Extensi\u00f3n. Un auditorio para 240 personas, una cafeter\u00eda abierta a la comunidad y un patio central de 490 metros cuadrados \u00fatiles son algunos lugares destacados de esta obra.<\/p>\n","protected":false},"author":1,"featured_media":8143,"comment_status":"open","ping_status":"open","sticky":false,"template":"","format":"standard","meta":{"_acf_changed":false,"footnotes":""},"categories":[1],"tags":[],"class_list":["post-8142","post","type-post","status-publish","format-standard","has-post-thumbnail","hentry","category-sin-categorizar"],"acf":[],"yoast_head":"<!-- This site is optimized with the Yoast SEO plugin v27.1.1 - https:\/\/yoast.com\/product\/yoast-seo-wordpress\/ -->\n<title>Cuatro imperdibles lugares por conocer en el nuevo Centro de Extensi\u00f3n Oriente - Facultad de Arquitectura, Dise\u00f1o y Estudios Urbanos<\/title>\n<meta name=\"description\" content=\"Luego de cinco a\u00f1os desde que se empez\u00f3 a dise\u00f1ar, hoy la UC prepara los \u00faltimos detalles para inaugurar su nuevo Centro de Extensi\u00f3n. Un auditorio para 240 personas, una cafeter\u00eda abierta a la comunidad y un patio central de 490 metros cuadrados \u00fatiles son algunos lugares destacados de esta obra.\" \/>\n<meta name=\"robots\" content=\"index, follow, max-snippet:-1, max-image-preview:large, max-video-preview:-1\" \/>\n<link rel=\"canonical\" href=\"https:\/\/fadeu.urantiacos.cl\/en\/2020\/10\/12\/cuatro-imperdibles-lugares-por-conocer-en-el-nuevo-centro-de-extension-oriente\/\" \/>\n<meta property=\"og:locale\" content=\"en_US\" \/>\n<meta property=\"og:type\" content=\"article\" \/>\n<meta property=\"og:title\" content=\"Cuatro imperdibles lugares por conocer en el nuevo Centro de Extensi\u00f3n Oriente - Facultad de Arquitectura, Dise\u00f1o y Estudios Urbanos\" \/>\n<meta property=\"og:description\" content=\"Luego de cinco a\u00f1os desde que se empez\u00f3 a dise\u00f1ar, hoy la UC prepara los \u00faltimos detalles para inaugurar su nuevo Centro de Extensi\u00f3n. Un auditorio para 240 personas, una cafeter\u00eda abierta a la comunidad y un patio central de 490 metros cuadrados \u00fatiles son algunos lugares destacados de esta obra.\" \/>\n<meta property=\"og:url\" content=\"https:\/\/fadeu.urantiacos.cl\/en\/2020\/10\/12\/cuatro-imperdibles-lugares-por-conocer-en-el-nuevo-centro-de-extension-oriente\/\" \/>\n<meta property=\"og:site_name\" content=\"Facultad de Arquitectura, Dise\u00f1o y Estudios Urbanos\" \/>\n<meta property=\"article:published_time\" content=\"2020-10-12T23:20:00+00:00\" \/>\n<meta property=\"article:modified_time\" content=\"2023-09-09T23:25:05+00:00\" \/>\n<meta property=\"og:image\" content=\"https:\/\/fadeu.urantiacos.cl\/wp-content\/uploads\/2023\/09\/oriente_web.jpg\" \/>\n\t<meta property=\"og:image:width\" content=\"350\" \/>\n\t<meta property=\"og:image:height\" content=\"250\" \/>\n\t<meta property=\"og:image:type\" content=\"image\/jpeg\" \/>\n<meta name=\"author\" content=\"manadmin\" \/>\n<meta name=\"twitter:card\" content=\"summary_large_image\" \/>\n<meta name=\"twitter:label1\" content=\"Written by\" \/>\n\t<meta name=\"twitter:data1\" content=\"manadmin\" \/>\n\t<meta name=\"twitter:label2\" content=\"Est. reading time\" \/>\n\t<meta name=\"twitter:data2\" content=\"4 minutes\" \/>\n<script type=\"application\/ld+json\" class=\"yoast-schema-graph\">{\"@context\":\"https:\/\/schema.org\",\"@graph\":[{\"@type\":\"Article\",\"@id\":\"https:\/\/fadeu.urantiacos.cl\/en\/2020\/10\/12\/cuatro-imperdibles-lugares-por-conocer-en-el-nuevo-centro-de-extension-oriente\/#article\",\"isPartOf\":{\"@id\":\"https:\/\/fadeu.urantiacos.cl\/en\/2020\/10\/12\/cuatro-imperdibles-lugares-por-conocer-en-el-nuevo-centro-de-extension-oriente\/\"},\"author\":{\"name\":\"manadmin\",\"@id\":\"https:\/\/fadeu.urantiacos.cl\/en\/#\/schema\/person\/d203e2e84b1c40275eac77b3061a19a2\"},\"headline\":\"Cuatro imperdibles lugares por conocer en el nuevo Centro de Extensi\u00f3n Oriente\",\"datePublished\":\"2020-10-12T23:20:00+00:00\",\"dateModified\":\"2023-09-09T23:25:05+00:00\",\"mainEntityOfPage\":{\"@id\":\"https:\/\/fadeu.urantiacos.cl\/en\/2020\/10\/12\/cuatro-imperdibles-lugares-por-conocer-en-el-nuevo-centro-de-extension-oriente\/\"},\"wordCount\":748,\"commentCount\":0,\"image\":{\"@id\":\"https:\/\/fadeu.urantiacos.cl\/en\/2020\/10\/12\/cuatro-imperdibles-lugares-por-conocer-en-el-nuevo-centro-de-extension-oriente\/#primaryimage\"},\"thumbnailUrl\":\"https:\/\/fadeu.urantiacos.cl\/wp-content\/uploads\/2023\/09\/oriente_web.jpg\",\"articleSection\":[\"Sin categorizar\"],\"inLanguage\":\"en-US\",\"potentialAction\":[{\"@type\":\"CommentAction\",\"name\":\"Comment\",\"target\":[\"https:\/\/fadeu.urantiacos.cl\/en\/2020\/10\/12\/cuatro-imperdibles-lugares-por-conocer-en-el-nuevo-centro-de-extension-oriente\/#respond\"]}]},{\"@type\":\"WebPage\",\"@id\":\"https:\/\/fadeu.urantiacos.cl\/en\/2020\/10\/12\/cuatro-imperdibles-lugares-por-conocer-en-el-nuevo-centro-de-extension-oriente\/\",\"url\":\"https:\/\/fadeu.urantiacos.cl\/en\/2020\/10\/12\/cuatro-imperdibles-lugares-por-conocer-en-el-nuevo-centro-de-extension-oriente\/\",\"name\":\"Cuatro imperdibles lugares por conocer en el nuevo Centro de Extensi\u00f3n Oriente - Facultad de Arquitectura, Dise\u00f1o y Estudios Urbanos\",\"isPartOf\":{\"@id\":\"https:\/\/fadeu.urantiacos.cl\/en\/#website\"},\"primaryImageOfPage\":{\"@id\":\"https:\/\/fadeu.urantiacos.cl\/en\/2020\/10\/12\/cuatro-imperdibles-lugares-por-conocer-en-el-nuevo-centro-de-extension-oriente\/#primaryimage\"},\"image\":{\"@id\":\"https:\/\/fadeu.urantiacos.cl\/en\/2020\/10\/12\/cuatro-imperdibles-lugares-por-conocer-en-el-nuevo-centro-de-extension-oriente\/#primaryimage\"},\"thumbnailUrl\":\"https:\/\/fadeu.urantiacos.cl\/wp-content\/uploads\/2023\/09\/oriente_web.jpg\",\"datePublished\":\"2020-10-12T23:20:00+00:00\",\"dateModified\":\"2023-09-09T23:25:05+00:00\",\"author\":{\"@id\":\"https:\/\/fadeu.urantiacos.cl\/en\/#\/schema\/person\/d203e2e84b1c40275eac77b3061a19a2\"},\"description\":\"Luego de cinco a\u00f1os desde que se empez\u00f3 a dise\u00f1ar, hoy la UC prepara los \u00faltimos detalles para inaugurar su nuevo Centro de Extensi\u00f3n. Un auditorio para 240 personas, una cafeter\u00eda abierta a la comunidad y un patio central de 490 metros cuadrados \u00fatiles son algunos lugares destacados de esta obra.\",\"breadcrumb\":{\"@id\":\"https:\/\/fadeu.urantiacos.cl\/en\/2020\/10\/12\/cuatro-imperdibles-lugares-por-conocer-en-el-nuevo-centro-de-extension-oriente\/#breadcrumb\"},\"inLanguage\":\"en-US\",\"potentialAction\":[{\"@type\":\"ReadAction\",\"target\":[\"https:\/\/fadeu.urantiacos.cl\/en\/2020\/10\/12\/cuatro-imperdibles-lugares-por-conocer-en-el-nuevo-centro-de-extension-oriente\/\"]}]},{\"@type\":\"ImageObject\",\"inLanguage\":\"en-US\",\"@id\":\"https:\/\/fadeu.urantiacos.cl\/en\/2020\/10\/12\/cuatro-imperdibles-lugares-por-conocer-en-el-nuevo-centro-de-extension-oriente\/#primaryimage\",\"url\":\"https:\/\/fadeu.urantiacos.cl\/wp-content\/uploads\/2023\/09\/oriente_web.jpg\",\"contentUrl\":\"https:\/\/fadeu.urantiacos.cl\/wp-content\/uploads\/2023\/09\/oriente_web.jpg\",\"width\":350,\"height\":250},{\"@type\":\"BreadcrumbList\",\"@id\":\"https:\/\/fadeu.urantiacos.cl\/en\/2020\/10\/12\/cuatro-imperdibles-lugares-por-conocer-en-el-nuevo-centro-de-extension-oriente\/#breadcrumb\",\"itemListElement\":[{\"@type\":\"ListItem\",\"position\":1,\"name\":\"Portada\",\"item\":\"https:\/\/fadeu.urantiacos.cl\/en\/\"},{\"@type\":\"ListItem\",\"position\":2,\"name\":\"Cuatro imperdibles lugares por conocer en el nuevo Centro de Extensi\u00f3n Oriente\"}]},{\"@type\":\"WebSite\",\"@id\":\"https:\/\/fadeu.urantiacos.cl\/en\/#website\",\"url\":\"https:\/\/fadeu.urantiacos.cl\/en\/\",\"name\":\"Facultad de Arquitectura, Dise\u00f1o y Estudios Urbanos\",\"description\":\"Campus Lo Contador\",\"potentialAction\":[{\"@type\":\"SearchAction\",\"target\":{\"@type\":\"EntryPoint\",\"urlTemplate\":\"https:\/\/fadeu.urantiacos.cl\/en\/?s={search_term_string}\"},\"query-input\":{\"@type\":\"PropertyValueSpecification\",\"valueRequired\":true,\"valueName\":\"search_term_string\"}}],\"inLanguage\":\"en-US\"},{\"@type\":\"Person\",\"@id\":\"https:\/\/fadeu.urantiacos.cl\/en\/#\/schema\/person\/d203e2e84b1c40275eac77b3061a19a2\",\"name\":\"manadmin\",\"image\":{\"@type\":\"ImageObject\",\"inLanguage\":\"en-US\",\"@id\":\"https:\/\/fadeu.urantiacos.cl\/en\/#\/schema\/person\/image\/\",\"url\":\"https:\/\/secure.gravatar.com\/avatar\/4b1d8e3303b4a9d8968ac578947d8bc80d9aea359f388cdd4aac15cadc0e8447?s=96&d=mm&r=g\",\"contentUrl\":\"https:\/\/secure.gravatar.com\/avatar\/4b1d8e3303b4a9d8968ac578947d8bc80d9aea359f388cdd4aac15cadc0e8447?s=96&d=mm&r=g\",\"caption\":\"manadmin\"},\"sameAs\":[\"https:\/\/fadeu.urantiacos.cl\"]}]}<\/script>\n<!-- \/ Yoast SEO plugin. -->","yoast_head_json":{"title":"Cuatro imperdibles lugares por conocer en el nuevo Centro de Extensi\u00f3n Oriente - Facultad de Arquitectura, Dise\u00f1o y Estudios Urbanos","description":"Luego de cinco a\u00f1os desde que se empez\u00f3 a dise\u00f1ar, hoy la UC prepara los \u00faltimos detalles para inaugurar su nuevo Centro de Extensi\u00f3n. Un auditorio para 240 personas, una cafeter\u00eda abierta a la comunidad y un patio central de 490 metros cuadrados \u00fatiles son algunos lugares destacados de esta obra.","robots":{"index":"index","follow":"follow","max-snippet":"max-snippet:-1","max-image-preview":"max-image-preview:large","max-video-preview":"max-video-preview:-1"},"canonical":"https:\/\/fadeu.urantiacos.cl\/en\/2020\/10\/12\/cuatro-imperdibles-lugares-por-conocer-en-el-nuevo-centro-de-extension-oriente\/","og_locale":"en_US","og_type":"article","og_title":"Cuatro imperdibles lugares por conocer en el nuevo Centro de Extensi\u00f3n Oriente - Facultad de Arquitectura, Dise\u00f1o y Estudios Urbanos","og_description":"Luego de cinco a\u00f1os desde que se empez\u00f3 a dise\u00f1ar, hoy la UC prepara los \u00faltimos detalles para inaugurar su nuevo Centro de Extensi\u00f3n. Un auditorio para 240 personas, una cafeter\u00eda abierta a la comunidad y un patio central de 490 metros cuadrados \u00fatiles son algunos lugares destacados de esta obra.","og_url":"https:\/\/fadeu.urantiacos.cl\/en\/2020\/10\/12\/cuatro-imperdibles-lugares-por-conocer-en-el-nuevo-centro-de-extension-oriente\/","og_site_name":"Facultad de Arquitectura, Dise\u00f1o y Estudios Urbanos","article_published_time":"2020-10-12T23:20:00+00:00","article_modified_time":"2023-09-09T23:25:05+00:00","og_image":[{"width":350,"height":250,"url":"https:\/\/fadeu.urantiacos.cl\/wp-content\/uploads\/2023\/09\/oriente_web.jpg","type":"image\/jpeg"}],"author":"manadmin","twitter_card":"summary_large_image","twitter_misc":{"Written by":"manadmin","Est. reading time":"4 minutes"},"schema":{"@context":"https:\/\/schema.org","@graph":[{"@type":"Article","@id":"https:\/\/fadeu.urantiacos.cl\/en\/2020\/10\/12\/cuatro-imperdibles-lugares-por-conocer-en-el-nuevo-centro-de-extension-oriente\/#article","isPartOf":{"@id":"https:\/\/fadeu.urantiacos.cl\/en\/2020\/10\/12\/cuatro-imperdibles-lugares-por-conocer-en-el-nuevo-centro-de-extension-oriente\/"},"author":{"name":"manadmin","@id":"https:\/\/fadeu.urantiacos.cl\/en\/#\/schema\/person\/d203e2e84b1c40275eac77b3061a19a2"},"headline":"Cuatro imperdibles lugares por conocer en el nuevo Centro de Extensi\u00f3n Oriente","datePublished":"2020-10-12T23:20:00+00:00","dateModified":"2023-09-09T23:25:05+00:00","mainEntityOfPage":{"@id":"https:\/\/fadeu.urantiacos.cl\/en\/2020\/10\/12\/cuatro-imperdibles-lugares-por-conocer-en-el-nuevo-centro-de-extension-oriente\/"},"wordCount":748,"commentCount":0,"image":{"@id":"https:\/\/fadeu.urantiacos.cl\/en\/2020\/10\/12\/cuatro-imperdibles-lugares-por-conocer-en-el-nuevo-centro-de-extension-oriente\/#primaryimage"},"thumbnailUrl":"https:\/\/fadeu.urantiacos.cl\/wp-content\/uploads\/2023\/09\/oriente_web.jpg","articleSection":["Sin categorizar"],"inLanguage":"en-US","potentialAction":[{"@type":"CommentAction","name":"Comment","target":["https:\/\/fadeu.urantiacos.cl\/en\/2020\/10\/12\/cuatro-imperdibles-lugares-por-conocer-en-el-nuevo-centro-de-extension-oriente\/#respond"]}]},{"@type":"WebPage","@id":"https:\/\/fadeu.urantiacos.cl\/en\/2020\/10\/12\/cuatro-imperdibles-lugares-por-conocer-en-el-nuevo-centro-de-extension-oriente\/","url":"https:\/\/fadeu.urantiacos.cl\/en\/2020\/10\/12\/cuatro-imperdibles-lugares-por-conocer-en-el-nuevo-centro-de-extension-oriente\/","name":"Cuatro imperdibles lugares por conocer en el nuevo Centro de Extensi\u00f3n Oriente - Facultad de Arquitectura, Dise\u00f1o y Estudios Urbanos","isPartOf":{"@id":"https:\/\/fadeu.urantiacos.cl\/en\/#website"},"primaryImageOfPage":{"@id":"https:\/\/fadeu.urantiacos.cl\/en\/2020\/10\/12\/cuatro-imperdibles-lugares-por-conocer-en-el-nuevo-centro-de-extension-oriente\/#primaryimage"},"image":{"@id":"https:\/\/fadeu.urantiacos.cl\/en\/2020\/10\/12\/cuatro-imperdibles-lugares-por-conocer-en-el-nuevo-centro-de-extension-oriente\/#primaryimage"},"thumbnailUrl":"https:\/\/fadeu.urantiacos.cl\/wp-content\/uploads\/2023\/09\/oriente_web.jpg","datePublished":"2020-10-12T23:20:00+00:00","dateModified":"2023-09-09T23:25:05+00:00","author":{"@id":"https:\/\/fadeu.urantiacos.cl\/en\/#\/schema\/person\/d203e2e84b1c40275eac77b3061a19a2"},"description":"Luego de cinco a\u00f1os desde que se empez\u00f3 a dise\u00f1ar, hoy la UC prepara los \u00faltimos detalles para inaugurar su nuevo Centro de Extensi\u00f3n. Un auditorio para 240 personas, una cafeter\u00eda abierta a la comunidad y un patio central de 490 metros cuadrados \u00fatiles son algunos lugares destacados de esta obra.","breadcrumb":{"@id":"https:\/\/fadeu.urantiacos.cl\/en\/2020\/10\/12\/cuatro-imperdibles-lugares-por-conocer-en-el-nuevo-centro-de-extension-oriente\/#breadcrumb"},"inLanguage":"en-US","potentialAction":[{"@type":"ReadAction","target":["https:\/\/fadeu.urantiacos.cl\/en\/2020\/10\/12\/cuatro-imperdibles-lugares-por-conocer-en-el-nuevo-centro-de-extension-oriente\/"]}]},{"@type":"ImageObject","inLanguage":"en-US","@id":"https:\/\/fadeu.urantiacos.cl\/en\/2020\/10\/12\/cuatro-imperdibles-lugares-por-conocer-en-el-nuevo-centro-de-extension-oriente\/#primaryimage","url":"https:\/\/fadeu.urantiacos.cl\/wp-content\/uploads\/2023\/09\/oriente_web.jpg","contentUrl":"https:\/\/fadeu.urantiacos.cl\/wp-content\/uploads\/2023\/09\/oriente_web.jpg","width":350,"height":250},{"@type":"BreadcrumbList","@id":"https:\/\/fadeu.urantiacos.cl\/en\/2020\/10\/12\/cuatro-imperdibles-lugares-por-conocer-en-el-nuevo-centro-de-extension-oriente\/#breadcrumb","itemListElement":[{"@type":"ListItem","position":1,"name":"Portada","item":"https:\/\/fadeu.urantiacos.cl\/en\/"},{"@type":"ListItem","position":2,"name":"Cuatro imperdibles lugares por conocer en el nuevo Centro de Extensi\u00f3n Oriente"}]},{"@type":"WebSite","@id":"https:\/\/fadeu.urantiacos.cl\/en\/#website","url":"https:\/\/fadeu.urantiacos.cl\/en\/","name":"Facultad de Arquitectura, Dise\u00f1o y Estudios Urbanos","description":"Campus Lo Contador","potentialAction":[{"@type":"SearchAction","target":{"@type":"EntryPoint","urlTemplate":"https:\/\/fadeu.urantiacos.cl\/en\/?s={search_term_string}"},"query-input":{"@type":"PropertyValueSpecification","valueRequired":true,"valueName":"search_term_string"}}],"inLanguage":"en-US"},{"@type":"Person","@id":"https:\/\/fadeu.urantiacos.cl\/en\/#\/schema\/person\/d203e2e84b1c40275eac77b3061a19a2","name":"manadmin","image":{"@type":"ImageObject","inLanguage":"en-US","@id":"https:\/\/fadeu.urantiacos.cl\/en\/#\/schema\/person\/image\/","url":"https:\/\/secure.gravatar.com\/avatar\/4b1d8e3303b4a9d8968ac578947d8bc80d9aea359f388cdd4aac15cadc0e8447?s=96&d=mm&r=g","contentUrl":"https:\/\/secure.gravatar.com\/avatar\/4b1d8e3303b4a9d8968ac578947d8bc80d9aea359f388cdd4aac15cadc0e8447?s=96&d=mm&r=g","caption":"manadmin"},"sameAs":["https:\/\/fadeu.urantiacos.cl"]}]}},"_links":{"self":[{"href":"https:\/\/fadeu.urantiacos.cl\/en\/wp-json\/wp\/v2\/posts\/8142","targetHints":{"allow":["GET"]}}],"collection":[{"href":"https:\/\/fadeu.urantiacos.cl\/en\/wp-json\/wp\/v2\/posts"}],"about":[{"href":"https:\/\/fadeu.urantiacos.cl\/en\/wp-json\/wp\/v2\/types\/post"}],"author":[{"embeddable":true,"href":"https:\/\/fadeu.urantiacos.cl\/en\/wp-json\/wp\/v2\/users\/1"}],"replies":[{"embeddable":true,"href":"https:\/\/fadeu.urantiacos.cl\/en\/wp-json\/wp\/v2\/comments?post=8142"}],"version-history":[{"count":1,"href":"https:\/\/fadeu.urantiacos.cl\/en\/wp-json\/wp\/v2\/posts\/8142\/revisions"}],"predecessor-version":[{"id":8148,"href":"https:\/\/fadeu.urantiacos.cl\/en\/wp-json\/wp\/v2\/posts\/8142\/revisions\/8148"}],"wp:featuredmedia":[{"embeddable":true,"href":"https:\/\/fadeu.urantiacos.cl\/en\/wp-json\/wp\/v2\/media\/8143"}],"wp:attachment":[{"href":"https:\/\/fadeu.urantiacos.cl\/en\/wp-json\/wp\/v2\/media?parent=8142"}],"wp:term":[{"taxonomy":"category","embeddable":true,"href":"https:\/\/fadeu.urantiacos.cl\/en\/wp-json\/wp\/v2\/categories?post=8142"},{"taxonomy":"post_tag","embeddable":true,"href":"https:\/\/fadeu.urantiacos.cl\/en\/wp-json\/wp\/v2\/tags?post=8142"}],"curies":[{"name":"wp","href":"https:\/\/api.w.org\/{rel}","templated":true}]}}