{"id":8137,"date":"2020-10-12T20:17:00","date_gmt":"2020-10-12T23:17:00","guid":{"rendered":"https:\/\/fadeu.urantiacos.cl\/?p=8137"},"modified":"2023-09-09T20:19:58","modified_gmt":"2023-09-09T23:19:58","slug":"a-un-ano-del-estallido-social-magisteres-del-instituto-de-estudios-urbanos-convocan-a-una-nueva-serie-de-conversatorios","status":"publish","type":"post","link":"https:\/\/fadeu.urantiacos.cl\/en\/2020\/10\/12\/a-un-ano-del-estallido-social-magisteres-del-instituto-de-estudios-urbanos-convocan-a-una-nueva-serie-de-conversatorios\/","title":{"rendered":"A un a\u00f1o del estallido social: Mag\u00edsteres del Instituto de Estudios Urbanos convocan a una nueva serie de conversatorios"},"content":{"rendered":"\n<figure class=\"wp-block-image size-full\"><img decoding=\"async\" width=\"350\" height=\"250\" src=\"https:\/\/fadeu.urantiacos.cl\/wp-content\/uploads\/2023\/09\/afiche-general-3_WEB.jpg\" alt=\"\" class=\"wp-image-8139\" srcset=\"https:\/\/fadeu.urantiacos.cl\/wp-content\/uploads\/2023\/09\/afiche-general-3_WEB.jpg 350w, https:\/\/fadeu.urantiacos.cl\/wp-content\/uploads\/2023\/09\/afiche-general-3_WEB-300x214.jpg 300w\" sizes=\"(max-width: 350px) 100vw, 350px\" \/><\/figure>\n\n\n\n<p>La instancia se extender\u00e1 desde el presente mes hasta diciembre, y se desarrollar\u00e1 en torno a distintos ejes tem\u00e1ticos alusivos a importantes aspectos que atraviesan la vida de las personas en la ciudad, como la marginalidad urbana, la participaci\u00f3n ciudadana, conflictos urbanos y comunitarios, desigualdades en la movilidad, y la inequidad en el acceso a los mercados de compra y arriendo de vivienda.<\/p>\n\n\n\n<p>Nueve profesores\/as e investigadores\/as del Instituto participar\u00e1n de estos conversatorios, algunos de ellos compartiendo con invitados e invitadas de otras universidades o centros de investigaci\u00f3n.<\/p>\n\n\n\n<p>El calendario es el siguiente:<\/p>\n\n\n\n<ol class=\"wp-block-list\">\n<li>Vivienda, marginalidad y movimiento de pobladores y pobladoras en el marco del estallido social (martes 20 de octubre, 10:00 horas).<\/li>\n\n\n\n<li>Ciudadan\u00edas post 18-O: reflexiones sobre la formaci\u00f3n ciudadana para el proceso constituyente (jueves 29 de octubre, 10:00 horas).<\/li>\n\n\n\n<li>Territorios mineros y sociedad: revisando la relaci\u00f3n entre industria, comunidad y medio ambiente (viernes 13 de noviembre, 10:00 horas).<\/li>\n\n\n\n<li>Conflicto urbano al interior de barrios y proceso de politizaci\u00f3n en j\u00f3venes pre y post estallido social (viernes 27 de noviembre, 10:00 horas).<\/li>\n\n\n\n<li>La desigualdad en la movilidad urbana como motor del malestar social, viernes 11 de diciembre, 10:00 horas).<\/li>\n\n\n\n<li>Mercado y vivienda: dificultades e inequidades en el modelo de compra y arriendo (viernes 18 de diciembre, 10:00 horas).<\/li>\n<\/ol>\n\n\n\n<p>Los conversatorios se realizar\u00e1n v\u00eda ZOOM, previa inscripci\u00f3n. Para obtener m\u00e1s informaci\u00f3n e inscribirse en cada uno de ellos, puedes visitar el siguiente enlace:&nbsp;<a href=\"https:\/\/estudiosurbanos.uc.cl\/a-un-ano-del-18-de-octubre\/\">https:\/\/estudiosurbanos.uc.cl\/a-un-ano-del-18-de-octubre\/<\/a><\/p>\n\n\n\n<p><strong>Mag\u00edsteres IEUT<\/strong><\/p>\n\n\n\n<p>El Mag\u00edster en Desarrollo Urbano estudia los procesos espaciales, socioculturales, econ\u00f3micos y pol\u00edticos, que configuran la ciudad contempor\u00e1nea en sus diferentes escalas, y para abordar los desaf\u00edos de la planificaci\u00f3n y de la gobernanza vinculados al desarrollo urbano y el territorio.<\/p>\n\n\n\n<p>Persigue la formaci\u00f3n de especialistas con conocimientos actualizados en planificaci\u00f3n y estudios de la ciudad desde un enfoque integral, con una perspectiva \u00e9tica, capaces de identificar cr\u00edticamente los conflictos y oportunidades en escenarios urbanos y abordarlos a trav\u00e9s de planes, programas y proyectos. A su vez, potencia habilidades en investigaci\u00f3n y entrega las herramientas adecuadas para mejorar la calidad de vida del medio urbano, poniendo especial \u00e9nfasis en planificaci\u00f3n urbana, gesti\u00f3n y gobernanza; sustentabilidad; patrimonio y transformaciones sociales; econom\u00eda urbana, desarrollo inmobiliario y movilidad.<\/p>\n\n\n\n<p>Por su parte, el Mag\u00edster en Asentamientos Humanos y Medio Ambiente estudia los procesos de ocupaci\u00f3n y transformaci\u00f3n del territorio en sus diferentes escalas, con \u00e9nfasis en las din\u00e1micas ambientales y sociales, para abordar los desaf\u00edos contempor\u00e1neos de la sustentabilidad.<\/p>\n\n\n\n<p>Busca formar especialistas con conocimientos actualizados para el estudio de los asentamientos humanos desde un enfoque integral y \u00e9tico, capaces de identificar cr\u00edticamente los factores ambientales que inciden en el desarrollo de los territorios y las comunidades que los habitan.&nbsp; A su vez, potencia las habilidades de investigaci\u00f3n y entrega las herramientas necesarias para elaborar y evaluar propuestas de intervenci\u00f3n en distintas escalas, poniendo especial \u00e9nfasis en planificaci\u00f3n, en sustentabilidad urbano-regional; gesti\u00f3n y gobernanza; patrimonio y transformaciones sociales; instrumentos de gesti\u00f3n y evaluaci\u00f3n; econom\u00eda urbana, desarrollo inmobiliario y movilidad.<\/p>\n\n\n\n<p>Si requieres m\u00e1s informaci\u00f3n para el proceso de admisi\u00f3n 2021, puedes pinchar AQU\u00cd (<a href=\"https:\/\/estudiosurbanos.uc.cl\/programas\/magister\/\">https:\/\/estudiosurbanos.uc.cl\/programas\/magister\/<\/a>) &nbsp;o escribir al&nbsp;<a href=\"mailto:magisterieu@uc.cl\">magisterieu@uc.cl<\/a><a href=\"mailto:%3Cspan%20id=\">Esta direcci\u00f3n de correo electr\u00f3nico est\u00e1 siendo protegida contra los robots de spam. Necesita tener JavaScript habilitado para poder verlo.&#8221;&gt;<\/a><\/p>\n\n\n\n<figure class=\"wp-block-image size-large\"><img decoding=\"async\" width=\"1024\" height=\"768\" src=\"https:\/\/fadeu.urantiacos.cl\/wp-content\/uploads\/2023\/09\/afiche-general-3-1024x768.jpg\" alt=\"\" class=\"wp-image-8140\" srcset=\"https:\/\/fadeu.urantiacos.cl\/wp-content\/uploads\/2023\/09\/afiche-general-3-1024x768.jpg 1024w, https:\/\/fadeu.urantiacos.cl\/wp-content\/uploads\/2023\/09\/afiche-general-3-300x225.jpg 300w, https:\/\/fadeu.urantiacos.cl\/wp-content\/uploads\/2023\/09\/afiche-general-3-768x576.jpg 768w, https:\/\/fadeu.urantiacos.cl\/wp-content\/uploads\/2023\/09\/afiche-general-3-1536x1152.jpg 1536w, https:\/\/fadeu.urantiacos.cl\/wp-content\/uploads\/2023\/09\/afiche-general-3.jpg 1600w\" sizes=\"(max-width: 1024px) 100vw, 1024px\" \/><\/figure>\n\n\n\n<p>INFORMACI\u00d3N PERIOD\u00cdSTICA<br>JUAN ANDR\u00c9S INZUNZA\u00a0<\/p>\n","protected":false},"excerpt":{"rendered":"<p>A un a\u00f1o del 18 de octubre: Aportes a la discusi\u00f3n desde la ciudad y el territorio. Este es el nombre de la serie que el Mag\u00edster en Desarrollo Urbano y el Mag\u00edster en Asentamientos Humanos y Medio Ambiente, ambos dictados por el Instituto de Estudios Urbanos y Territoriales, han puesto a disposici\u00f3n de la comunidad para convocar a distintas reflexiones en torno al cumplimiento de un a\u00f1o del estallido social de octubre de 2019.<\/p>\n","protected":false},"author":1,"featured_media":8139,"comment_status":"open","ping_status":"open","sticky":false,"template":"","format":"standard","meta":{"_acf_changed":false,"footnotes":""},"categories":[1],"tags":[],"class_list":["post-8137","post","type-post","status-publish","format-standard","has-post-thumbnail","hentry","category-sin-categorizar"],"acf":[],"yoast_head":"<!-- This site is optimized with the Yoast SEO plugin v27.1.1 - https:\/\/yoast.com\/product\/yoast-seo-wordpress\/ -->\n<title>A un a\u00f1o del estallido social: Mag\u00edsteres del Instituto de Estudios Urbanos convocan a una nueva serie de conversatorios - Facultad de Arquitectura, Dise\u00f1o y Estudios Urbanos<\/title>\n<meta name=\"description\" content=\"A un a\u00f1o del 18 de octubre: Aportes a la discusi\u00f3n desde la ciudad y el territorio. Este es el nombre de la serie que el Mag\u00edster en Desarrollo Urbano y el Mag\u00edster en Asentamientos Humanos y Medio Ambiente, ambos dictados por el Instituto de Estudios Urbanos y Territoriales, han puesto a disposici\u00f3n de la comunidad para convocar a distintas reflexiones en torno al cumplimiento de un a\u00f1o del estallido social de octubre de 2019.\" \/>\n<meta name=\"robots\" content=\"index, follow, max-snippet:-1, max-image-preview:large, max-video-preview:-1\" \/>\n<link rel=\"canonical\" href=\"https:\/\/fadeu.urantiacos.cl\/en\/2020\/10\/12\/a-un-ano-del-estallido-social-magisteres-del-instituto-de-estudios-urbanos-convocan-a-una-nueva-serie-de-conversatorios\/\" \/>\n<meta property=\"og:locale\" content=\"en_US\" \/>\n<meta property=\"og:type\" content=\"article\" \/>\n<meta property=\"og:title\" content=\"A un a\u00f1o del estallido social: Mag\u00edsteres del Instituto de Estudios Urbanos convocan a una nueva serie de conversatorios - Facultad de Arquitectura, Dise\u00f1o y Estudios Urbanos\" \/>\n<meta property=\"og:description\" content=\"A un a\u00f1o del 18 de octubre: Aportes a la discusi\u00f3n desde la ciudad y el territorio. Este es el nombre de la serie que el Mag\u00edster en Desarrollo Urbano y el Mag\u00edster en Asentamientos Humanos y Medio Ambiente, ambos dictados por el Instituto de Estudios Urbanos y Territoriales, han puesto a disposici\u00f3n de la comunidad para convocar a distintas reflexiones en torno al cumplimiento de un a\u00f1o del estallido social de octubre de 2019.\" \/>\n<meta property=\"og:url\" content=\"https:\/\/fadeu.urantiacos.cl\/en\/2020\/10\/12\/a-un-ano-del-estallido-social-magisteres-del-instituto-de-estudios-urbanos-convocan-a-una-nueva-serie-de-conversatorios\/\" \/>\n<meta property=\"og:site_name\" content=\"Facultad de Arquitectura, Dise\u00f1o y Estudios Urbanos\" \/>\n<meta property=\"article:published_time\" content=\"2020-10-12T23:17:00+00:00\" \/>\n<meta property=\"article:modified_time\" content=\"2023-09-09T23:19:58+00:00\" \/>\n<meta property=\"og:image\" content=\"https:\/\/fadeu.urantiacos.cl\/wp-content\/uploads\/2023\/09\/afiche-general-3_WEB.jpg\" \/>\n\t<meta property=\"og:image:width\" content=\"350\" \/>\n\t<meta property=\"og:image:height\" content=\"250\" \/>\n\t<meta property=\"og:image:type\" content=\"image\/jpeg\" \/>\n<meta name=\"author\" content=\"manadmin\" \/>\n<meta name=\"twitter:card\" content=\"summary_large_image\" \/>\n<meta name=\"twitter:label1\" content=\"Written by\" \/>\n\t<meta name=\"twitter:data1\" content=\"manadmin\" \/>\n\t<meta name=\"twitter:label2\" content=\"Est. reading time\" \/>\n\t<meta name=\"twitter:data2\" content=\"3 minutes\" \/>\n<script type=\"application\/ld+json\" class=\"yoast-schema-graph\">{\"@context\":\"https:\/\/schema.org\",\"@graph\":[{\"@type\":\"Article\",\"@id\":\"https:\/\/fadeu.urantiacos.cl\/en\/2020\/10\/12\/a-un-ano-del-estallido-social-magisteres-del-instituto-de-estudios-urbanos-convocan-a-una-nueva-serie-de-conversatorios\/#article\",\"isPartOf\":{\"@id\":\"https:\/\/fadeu.urantiacos.cl\/en\/2020\/10\/12\/a-un-ano-del-estallido-social-magisteres-del-instituto-de-estudios-urbanos-convocan-a-una-nueva-serie-de-conversatorios\/\"},\"author\":{\"name\":\"manadmin\",\"@id\":\"https:\/\/fadeu.urantiacos.cl\/en\/#\/schema\/person\/d203e2e84b1c40275eac77b3061a19a2\"},\"headline\":\"A un a\u00f1o del estallido social: Mag\u00edsteres del Instituto de Estudios Urbanos convocan a una nueva serie de conversatorios\",\"datePublished\":\"2020-10-12T23:17:00+00:00\",\"dateModified\":\"2023-09-09T23:19:58+00:00\",\"mainEntityOfPage\":{\"@id\":\"https:\/\/fadeu.urantiacos.cl\/en\/2020\/10\/12\/a-un-ano-del-estallido-social-magisteres-del-instituto-de-estudios-urbanos-convocan-a-una-nueva-serie-de-conversatorios\/\"},\"wordCount\":610,\"commentCount\":0,\"image\":{\"@id\":\"https:\/\/fadeu.urantiacos.cl\/en\/2020\/10\/12\/a-un-ano-del-estallido-social-magisteres-del-instituto-de-estudios-urbanos-convocan-a-una-nueva-serie-de-conversatorios\/#primaryimage\"},\"thumbnailUrl\":\"https:\/\/fadeu.urantiacos.cl\/wp-content\/uploads\/2023\/09\/afiche-general-3_WEB.jpg\",\"articleSection\":[\"Sin categorizar\"],\"inLanguage\":\"en-US\",\"potentialAction\":[{\"@type\":\"CommentAction\",\"name\":\"Comment\",\"target\":[\"https:\/\/fadeu.urantiacos.cl\/en\/2020\/10\/12\/a-un-ano-del-estallido-social-magisteres-del-instituto-de-estudios-urbanos-convocan-a-una-nueva-serie-de-conversatorios\/#respond\"]}]},{\"@type\":\"WebPage\",\"@id\":\"https:\/\/fadeu.urantiacos.cl\/en\/2020\/10\/12\/a-un-ano-del-estallido-social-magisteres-del-instituto-de-estudios-urbanos-convocan-a-una-nueva-serie-de-conversatorios\/\",\"url\":\"https:\/\/fadeu.urantiacos.cl\/en\/2020\/10\/12\/a-un-ano-del-estallido-social-magisteres-del-instituto-de-estudios-urbanos-convocan-a-una-nueva-serie-de-conversatorios\/\",\"name\":\"A un a\u00f1o del estallido social: Mag\u00edsteres del Instituto de Estudios Urbanos convocan a una nueva serie de conversatorios - Facultad de Arquitectura, Dise\u00f1o y Estudios Urbanos\",\"isPartOf\":{\"@id\":\"https:\/\/fadeu.urantiacos.cl\/en\/#website\"},\"primaryImageOfPage\":{\"@id\":\"https:\/\/fadeu.urantiacos.cl\/en\/2020\/10\/12\/a-un-ano-del-estallido-social-magisteres-del-instituto-de-estudios-urbanos-convocan-a-una-nueva-serie-de-conversatorios\/#primaryimage\"},\"image\":{\"@id\":\"https:\/\/fadeu.urantiacos.cl\/en\/2020\/10\/12\/a-un-ano-del-estallido-social-magisteres-del-instituto-de-estudios-urbanos-convocan-a-una-nueva-serie-de-conversatorios\/#primaryimage\"},\"thumbnailUrl\":\"https:\/\/fadeu.urantiacos.cl\/wp-content\/uploads\/2023\/09\/afiche-general-3_WEB.jpg\",\"datePublished\":\"2020-10-12T23:17:00+00:00\",\"dateModified\":\"2023-09-09T23:19:58+00:00\",\"author\":{\"@id\":\"https:\/\/fadeu.urantiacos.cl\/en\/#\/schema\/person\/d203e2e84b1c40275eac77b3061a19a2\"},\"description\":\"A un a\u00f1o del 18 de octubre: Aportes a la discusi\u00f3n desde la ciudad y el territorio. Este es el nombre de la serie que el Mag\u00edster en Desarrollo Urbano y el Mag\u00edster en Asentamientos Humanos y Medio Ambiente, ambos dictados por el Instituto de Estudios Urbanos y Territoriales, han puesto a disposici\u00f3n de la comunidad para convocar a distintas reflexiones en torno al cumplimiento de un a\u00f1o del estallido social de octubre de 2019.\",\"breadcrumb\":{\"@id\":\"https:\/\/fadeu.urantiacos.cl\/en\/2020\/10\/12\/a-un-ano-del-estallido-social-magisteres-del-instituto-de-estudios-urbanos-convocan-a-una-nueva-serie-de-conversatorios\/#breadcrumb\"},\"inLanguage\":\"en-US\",\"potentialAction\":[{\"@type\":\"ReadAction\",\"target\":[\"https:\/\/fadeu.urantiacos.cl\/en\/2020\/10\/12\/a-un-ano-del-estallido-social-magisteres-del-instituto-de-estudios-urbanos-convocan-a-una-nueva-serie-de-conversatorios\/\"]}]},{\"@type\":\"ImageObject\",\"inLanguage\":\"en-US\",\"@id\":\"https:\/\/fadeu.urantiacos.cl\/en\/2020\/10\/12\/a-un-ano-del-estallido-social-magisteres-del-instituto-de-estudios-urbanos-convocan-a-una-nueva-serie-de-conversatorios\/#primaryimage\",\"url\":\"https:\/\/fadeu.urantiacos.cl\/wp-content\/uploads\/2023\/09\/afiche-general-3_WEB.jpg\",\"contentUrl\":\"https:\/\/fadeu.urantiacos.cl\/wp-content\/uploads\/2023\/09\/afiche-general-3_WEB.jpg\",\"width\":350,\"height\":250},{\"@type\":\"BreadcrumbList\",\"@id\":\"https:\/\/fadeu.urantiacos.cl\/en\/2020\/10\/12\/a-un-ano-del-estallido-social-magisteres-del-instituto-de-estudios-urbanos-convocan-a-una-nueva-serie-de-conversatorios\/#breadcrumb\",\"itemListElement\":[{\"@type\":\"ListItem\",\"position\":1,\"name\":\"Portada\",\"item\":\"https:\/\/fadeu.urantiacos.cl\/en\/\"},{\"@type\":\"ListItem\",\"position\":2,\"name\":\"A un a\u00f1o del estallido social: Mag\u00edsteres del Instituto de Estudios Urbanos convocan a una nueva serie de conversatorios\"}]},{\"@type\":\"WebSite\",\"@id\":\"https:\/\/fadeu.urantiacos.cl\/en\/#website\",\"url\":\"https:\/\/fadeu.urantiacos.cl\/en\/\",\"name\":\"Facultad de Arquitectura, Dise\u00f1o y Estudios Urbanos\",\"description\":\"Campus Lo Contador\",\"potentialAction\":[{\"@type\":\"SearchAction\",\"target\":{\"@type\":\"EntryPoint\",\"urlTemplate\":\"https:\/\/fadeu.urantiacos.cl\/en\/?s={search_term_string}\"},\"query-input\":{\"@type\":\"PropertyValueSpecification\",\"valueRequired\":true,\"valueName\":\"search_term_string\"}}],\"inLanguage\":\"en-US\"},{\"@type\":\"Person\",\"@id\":\"https:\/\/fadeu.urantiacos.cl\/en\/#\/schema\/person\/d203e2e84b1c40275eac77b3061a19a2\",\"name\":\"manadmin\",\"image\":{\"@type\":\"ImageObject\",\"inLanguage\":\"en-US\",\"@id\":\"https:\/\/fadeu.urantiacos.cl\/en\/#\/schema\/person\/image\/\",\"url\":\"https:\/\/secure.gravatar.com\/avatar\/4b1d8e3303b4a9d8968ac578947d8bc80d9aea359f388cdd4aac15cadc0e8447?s=96&d=mm&r=g\",\"contentUrl\":\"https:\/\/secure.gravatar.com\/avatar\/4b1d8e3303b4a9d8968ac578947d8bc80d9aea359f388cdd4aac15cadc0e8447?s=96&d=mm&r=g\",\"caption\":\"manadmin\"},\"sameAs\":[\"https:\/\/fadeu.urantiacos.cl\"]}]}<\/script>\n<!-- \/ Yoast SEO plugin. -->","yoast_head_json":{"title":"A un a\u00f1o del estallido social: Mag\u00edsteres del Instituto de Estudios Urbanos convocan a una nueva serie de conversatorios - Facultad de Arquitectura, Dise\u00f1o y Estudios Urbanos","description":"A un a\u00f1o del 18 de octubre: Aportes a la discusi\u00f3n desde la ciudad y el territorio. Este es el nombre de la serie que el Mag\u00edster en Desarrollo Urbano y el Mag\u00edster en Asentamientos Humanos y Medio Ambiente, ambos dictados por el Instituto de Estudios Urbanos y Territoriales, han puesto a disposici\u00f3n de la comunidad para convocar a distintas reflexiones en torno al cumplimiento de un a\u00f1o del estallido social de octubre de 2019.","robots":{"index":"index","follow":"follow","max-snippet":"max-snippet:-1","max-image-preview":"max-image-preview:large","max-video-preview":"max-video-preview:-1"},"canonical":"https:\/\/fadeu.urantiacos.cl\/en\/2020\/10\/12\/a-un-ano-del-estallido-social-magisteres-del-instituto-de-estudios-urbanos-convocan-a-una-nueva-serie-de-conversatorios\/","og_locale":"en_US","og_type":"article","og_title":"A un a\u00f1o del estallido social: Mag\u00edsteres del Instituto de Estudios Urbanos convocan a una nueva serie de conversatorios - Facultad de Arquitectura, Dise\u00f1o y Estudios Urbanos","og_description":"A un a\u00f1o del 18 de octubre: Aportes a la discusi\u00f3n desde la ciudad y el territorio. Este es el nombre de la serie que el Mag\u00edster en Desarrollo Urbano y el Mag\u00edster en Asentamientos Humanos y Medio Ambiente, ambos dictados por el Instituto de Estudios Urbanos y Territoriales, han puesto a disposici\u00f3n de la comunidad para convocar a distintas reflexiones en torno al cumplimiento de un a\u00f1o del estallido social de octubre de 2019.","og_url":"https:\/\/fadeu.urantiacos.cl\/en\/2020\/10\/12\/a-un-ano-del-estallido-social-magisteres-del-instituto-de-estudios-urbanos-convocan-a-una-nueva-serie-de-conversatorios\/","og_site_name":"Facultad de Arquitectura, Dise\u00f1o y Estudios Urbanos","article_published_time":"2020-10-12T23:17:00+00:00","article_modified_time":"2023-09-09T23:19:58+00:00","og_image":[{"width":350,"height":250,"url":"https:\/\/fadeu.urantiacos.cl\/wp-content\/uploads\/2023\/09\/afiche-general-3_WEB.jpg","type":"image\/jpeg"}],"author":"manadmin","twitter_card":"summary_large_image","twitter_misc":{"Written by":"manadmin","Est. reading time":"3 minutes"},"schema":{"@context":"https:\/\/schema.org","@graph":[{"@type":"Article","@id":"https:\/\/fadeu.urantiacos.cl\/en\/2020\/10\/12\/a-un-ano-del-estallido-social-magisteres-del-instituto-de-estudios-urbanos-convocan-a-una-nueva-serie-de-conversatorios\/#article","isPartOf":{"@id":"https:\/\/fadeu.urantiacos.cl\/en\/2020\/10\/12\/a-un-ano-del-estallido-social-magisteres-del-instituto-de-estudios-urbanos-convocan-a-una-nueva-serie-de-conversatorios\/"},"author":{"name":"manadmin","@id":"https:\/\/fadeu.urantiacos.cl\/en\/#\/schema\/person\/d203e2e84b1c40275eac77b3061a19a2"},"headline":"A un a\u00f1o del estallido social: Mag\u00edsteres del Instituto de Estudios Urbanos convocan a una nueva serie de conversatorios","datePublished":"2020-10-12T23:17:00+00:00","dateModified":"2023-09-09T23:19:58+00:00","mainEntityOfPage":{"@id":"https:\/\/fadeu.urantiacos.cl\/en\/2020\/10\/12\/a-un-ano-del-estallido-social-magisteres-del-instituto-de-estudios-urbanos-convocan-a-una-nueva-serie-de-conversatorios\/"},"wordCount":610,"commentCount":0,"image":{"@id":"https:\/\/fadeu.urantiacos.cl\/en\/2020\/10\/12\/a-un-ano-del-estallido-social-magisteres-del-instituto-de-estudios-urbanos-convocan-a-una-nueva-serie-de-conversatorios\/#primaryimage"},"thumbnailUrl":"https:\/\/fadeu.urantiacos.cl\/wp-content\/uploads\/2023\/09\/afiche-general-3_WEB.jpg","articleSection":["Sin categorizar"],"inLanguage":"en-US","potentialAction":[{"@type":"CommentAction","name":"Comment","target":["https:\/\/fadeu.urantiacos.cl\/en\/2020\/10\/12\/a-un-ano-del-estallido-social-magisteres-del-instituto-de-estudios-urbanos-convocan-a-una-nueva-serie-de-conversatorios\/#respond"]}]},{"@type":"WebPage","@id":"https:\/\/fadeu.urantiacos.cl\/en\/2020\/10\/12\/a-un-ano-del-estallido-social-magisteres-del-instituto-de-estudios-urbanos-convocan-a-una-nueva-serie-de-conversatorios\/","url":"https:\/\/fadeu.urantiacos.cl\/en\/2020\/10\/12\/a-un-ano-del-estallido-social-magisteres-del-instituto-de-estudios-urbanos-convocan-a-una-nueva-serie-de-conversatorios\/","name":"A un a\u00f1o del estallido social: Mag\u00edsteres del Instituto de Estudios Urbanos convocan a una nueva serie de conversatorios - Facultad de Arquitectura, Dise\u00f1o y Estudios Urbanos","isPartOf":{"@id":"https:\/\/fadeu.urantiacos.cl\/en\/#website"},"primaryImageOfPage":{"@id":"https:\/\/fadeu.urantiacos.cl\/en\/2020\/10\/12\/a-un-ano-del-estallido-social-magisteres-del-instituto-de-estudios-urbanos-convocan-a-una-nueva-serie-de-conversatorios\/#primaryimage"},"image":{"@id":"https:\/\/fadeu.urantiacos.cl\/en\/2020\/10\/12\/a-un-ano-del-estallido-social-magisteres-del-instituto-de-estudios-urbanos-convocan-a-una-nueva-serie-de-conversatorios\/#primaryimage"},"thumbnailUrl":"https:\/\/fadeu.urantiacos.cl\/wp-content\/uploads\/2023\/09\/afiche-general-3_WEB.jpg","datePublished":"2020-10-12T23:17:00+00:00","dateModified":"2023-09-09T23:19:58+00:00","author":{"@id":"https:\/\/fadeu.urantiacos.cl\/en\/#\/schema\/person\/d203e2e84b1c40275eac77b3061a19a2"},"description":"A un a\u00f1o del 18 de octubre: Aportes a la discusi\u00f3n desde la ciudad y el territorio. Este es el nombre de la serie que el Mag\u00edster en Desarrollo Urbano y el Mag\u00edster en Asentamientos Humanos y Medio Ambiente, ambos dictados por el Instituto de Estudios Urbanos y Territoriales, han puesto a disposici\u00f3n de la comunidad para convocar a distintas reflexiones en torno al cumplimiento de un a\u00f1o del estallido social de octubre de 2019.","breadcrumb":{"@id":"https:\/\/fadeu.urantiacos.cl\/en\/2020\/10\/12\/a-un-ano-del-estallido-social-magisteres-del-instituto-de-estudios-urbanos-convocan-a-una-nueva-serie-de-conversatorios\/#breadcrumb"},"inLanguage":"en-US","potentialAction":[{"@type":"ReadAction","target":["https:\/\/fadeu.urantiacos.cl\/en\/2020\/10\/12\/a-un-ano-del-estallido-social-magisteres-del-instituto-de-estudios-urbanos-convocan-a-una-nueva-serie-de-conversatorios\/"]}]},{"@type":"ImageObject","inLanguage":"en-US","@id":"https:\/\/fadeu.urantiacos.cl\/en\/2020\/10\/12\/a-un-ano-del-estallido-social-magisteres-del-instituto-de-estudios-urbanos-convocan-a-una-nueva-serie-de-conversatorios\/#primaryimage","url":"https:\/\/fadeu.urantiacos.cl\/wp-content\/uploads\/2023\/09\/afiche-general-3_WEB.jpg","contentUrl":"https:\/\/fadeu.urantiacos.cl\/wp-content\/uploads\/2023\/09\/afiche-general-3_WEB.jpg","width":350,"height":250},{"@type":"BreadcrumbList","@id":"https:\/\/fadeu.urantiacos.cl\/en\/2020\/10\/12\/a-un-ano-del-estallido-social-magisteres-del-instituto-de-estudios-urbanos-convocan-a-una-nueva-serie-de-conversatorios\/#breadcrumb","itemListElement":[{"@type":"ListItem","position":1,"name":"Portada","item":"https:\/\/fadeu.urantiacos.cl\/en\/"},{"@type":"ListItem","position":2,"name":"A un a\u00f1o del estallido social: Mag\u00edsteres del Instituto de Estudios Urbanos convocan a una nueva serie de conversatorios"}]},{"@type":"WebSite","@id":"https:\/\/fadeu.urantiacos.cl\/en\/#website","url":"https:\/\/fadeu.urantiacos.cl\/en\/","name":"Facultad de Arquitectura, Dise\u00f1o y Estudios Urbanos","description":"Campus Lo Contador","potentialAction":[{"@type":"SearchAction","target":{"@type":"EntryPoint","urlTemplate":"https:\/\/fadeu.urantiacos.cl\/en\/?s={search_term_string}"},"query-input":{"@type":"PropertyValueSpecification","valueRequired":true,"valueName":"search_term_string"}}],"inLanguage":"en-US"},{"@type":"Person","@id":"https:\/\/fadeu.urantiacos.cl\/en\/#\/schema\/person\/d203e2e84b1c40275eac77b3061a19a2","name":"manadmin","image":{"@type":"ImageObject","inLanguage":"en-US","@id":"https:\/\/fadeu.urantiacos.cl\/en\/#\/schema\/person\/image\/","url":"https:\/\/secure.gravatar.com\/avatar\/4b1d8e3303b4a9d8968ac578947d8bc80d9aea359f388cdd4aac15cadc0e8447?s=96&d=mm&r=g","contentUrl":"https:\/\/secure.gravatar.com\/avatar\/4b1d8e3303b4a9d8968ac578947d8bc80d9aea359f388cdd4aac15cadc0e8447?s=96&d=mm&r=g","caption":"manadmin"},"sameAs":["https:\/\/fadeu.urantiacos.cl"]}]}},"_links":{"self":[{"href":"https:\/\/fadeu.urantiacos.cl\/en\/wp-json\/wp\/v2\/posts\/8137","targetHints":{"allow":["GET"]}}],"collection":[{"href":"https:\/\/fadeu.urantiacos.cl\/en\/wp-json\/wp\/v2\/posts"}],"about":[{"href":"https:\/\/fadeu.urantiacos.cl\/en\/wp-json\/wp\/v2\/types\/post"}],"author":[{"embeddable":true,"href":"https:\/\/fadeu.urantiacos.cl\/en\/wp-json\/wp\/v2\/users\/1"}],"replies":[{"embeddable":true,"href":"https:\/\/fadeu.urantiacos.cl\/en\/wp-json\/wp\/v2\/comments?post=8137"}],"version-history":[{"count":1,"href":"https:\/\/fadeu.urantiacos.cl\/en\/wp-json\/wp\/v2\/posts\/8137\/revisions"}],"predecessor-version":[{"id":8141,"href":"https:\/\/fadeu.urantiacos.cl\/en\/wp-json\/wp\/v2\/posts\/8137\/revisions\/8141"}],"wp:featuredmedia":[{"embeddable":true,"href":"https:\/\/fadeu.urantiacos.cl\/en\/wp-json\/wp\/v2\/media\/8139"}],"wp:attachment":[{"href":"https:\/\/fadeu.urantiacos.cl\/en\/wp-json\/wp\/v2\/media?parent=8137"}],"wp:term":[{"taxonomy":"category","embeddable":true,"href":"https:\/\/fadeu.urantiacos.cl\/en\/wp-json\/wp\/v2\/categories?post=8137"},{"taxonomy":"post_tag","embeddable":true,"href":"https:\/\/fadeu.urantiacos.cl\/en\/wp-json\/wp\/v2\/tags?post=8137"}],"curies":[{"name":"wp","href":"https:\/\/api.w.org\/{rel}","templated":true}]}}