{"id":8130,"date":"2020-10-13T20:12:00","date_gmt":"2020-10-13T23:12:00","guid":{"rendered":"https:\/\/fadeu.urantiacos.cl\/?p=8130"},"modified":"2023-09-09T20:14:45","modified_gmt":"2023-09-09T23:14:45","slug":"tomas-vivanco-realizo-presentacion-en-caadria-2020","status":"publish","type":"post","link":"https:\/\/fadeu.urantiacos.cl\/en\/2020\/10\/13\/tomas-vivanco-realizo-presentacion-en-caadria-2020\/","title":{"rendered":"Tom\u00e1s Vivanco realiz\u00f3 presentaci\u00f3n en CAADRIA 2020"},"content":{"rendered":"\n<figure class=\"wp-block-image size-full\"><img decoding=\"async\" width=\"350\" height=\"250\" src=\"https:\/\/fadeu.urantiacos.cl\/wp-content\/uploads\/2023\/09\/tomas_vivanco_web_fadeu.jpg\" alt=\"\" class=\"wp-image-8131\" srcset=\"https:\/\/fadeu.urantiacos.cl\/wp-content\/uploads\/2023\/09\/tomas_vivanco_web_fadeu.jpg 350w, https:\/\/fadeu.urantiacos.cl\/wp-content\/uploads\/2023\/09\/tomas_vivanco_web_fadeu-300x214.jpg 300w\" sizes=\"(max-width: 350px) 100vw, 350px\" \/><\/figure>\n\n\n\n<p>La investigaci\u00f3n se enmarca dentro de la l\u00ednea de investigaci\u00f3n en tecnolog\u00eda y materiales computacionales bajo en energ\u00eda. En ella, se describe una metodolog\u00eda de impresi\u00f3n 4D basada en la impresi\u00f3n bidimensional de patrones sobre telas pre estiradas, que al contraerse generan formas tridimensionales con el m\u00ednimo material posible, las que son previamente simuladas formal y mec\u00e1nicamente, usando herramientas computacionales.&nbsp;<\/p>\n\n\n\n<p>Durante el proceso participaron estudiantes de ingenier\u00eda mec\u00e1nica por medio de una IPre y Mart\u00edn Campos, estudiante de la Escuela de Dise\u00f1o.&nbsp;<br>La publicaci\u00f3n fue&nbsp;indexada en CUMINCAD bajo el ISBN: 978-988-78917-3-4.<\/p>\n\n\n\n<p>INFORMACI\u00d3N PERIOD\u00cdSTICA<\/p>\n\n\n\n<p>ESCUELA DE DISE\u00d1O UC<\/p>\n\n\n\n<figure class=\"wp-block-image size-full\"><img decoding=\"async\" width=\"360\" height=\"301\" src=\"https:\/\/fadeu.urantiacos.cl\/wp-content\/uploads\/2023\/09\/Captura-de-pantalla-2020-10-12-a-las-20.28.41.png\" alt=\"\" class=\"wp-image-8132\" srcset=\"https:\/\/fadeu.urantiacos.cl\/wp-content\/uploads\/2023\/09\/Captura-de-pantalla-2020-10-12-a-las-20.28.41.png 360w, https:\/\/fadeu.urantiacos.cl\/wp-content\/uploads\/2023\/09\/Captura-de-pantalla-2020-10-12-a-las-20.28.41-300x251.png 300w\" sizes=\"(max-width: 360px) 100vw, 360px\" \/><\/figure>\n","protected":false},"excerpt":{"rendered":"<p>El acad\u00e9mico Tom\u00e1s Vivanco present\u00f3 en la 25th International Conference of the Association for Computer-Aided Architectural Design Research in Asia, la investigaci\u00f3n y art\u00edculo \u201c4D Printing: Computational mechanical design of bi-dimensional 3d patterns over tensioned textiles for three-dimensional volumes\u201d, que tambi\u00e9n tuvo como coautores a la estudiante Antonia Valencia y el profesor de Tongji University, Philip Yuan.<\/p>\n","protected":false},"author":1,"featured_media":8131,"comment_status":"open","ping_status":"open","sticky":false,"template":"","format":"standard","meta":{"_acf_changed":false,"footnotes":""},"categories":[1],"tags":[],"class_list":["post-8130","post","type-post","status-publish","format-standard","has-post-thumbnail","hentry","category-sin-categorizar"],"acf":[],"yoast_head":"<!-- This site is optimized with the Yoast SEO plugin v27.1.1 - https:\/\/yoast.com\/product\/yoast-seo-wordpress\/ -->\n<title>Tom\u00e1s Vivanco realiz\u00f3 presentaci\u00f3n en CAADRIA 2020 - Facultad de Arquitectura, Dise\u00f1o y Estudios Urbanos<\/title>\n<meta name=\"description\" content=\"El acad\u00e9mico Tom\u00e1s Vivanco present\u00f3 en la 25th International Conference of the Association for Computer-Aided Architectural Design Research in Asia, la investigaci\u00f3n y art\u00edculo \u201c4D Printing: Computational mechanical design of bi-dimensional 3d patterns over tensioned textiles for three-dimensional volumes\u201d, que tambi\u00e9n tuvo como coautores a la estudiante Antonia Valencia y el profesor de Tongji University, Philip Yuan.\" \/>\n<meta name=\"robots\" content=\"index, follow, max-snippet:-1, max-image-preview:large, max-video-preview:-1\" \/>\n<link rel=\"canonical\" href=\"https:\/\/fadeu.urantiacos.cl\/en\/2020\/10\/13\/tomas-vivanco-realizo-presentacion-en-caadria-2020\/\" \/>\n<meta property=\"og:locale\" content=\"en_US\" \/>\n<meta property=\"og:type\" content=\"article\" \/>\n<meta property=\"og:title\" content=\"Tom\u00e1s Vivanco realiz\u00f3 presentaci\u00f3n en CAADRIA 2020 - Facultad de Arquitectura, Dise\u00f1o y Estudios Urbanos\" \/>\n<meta property=\"og:description\" content=\"El acad\u00e9mico Tom\u00e1s Vivanco present\u00f3 en la 25th International Conference of the Association for Computer-Aided Architectural Design Research in Asia, la investigaci\u00f3n y art\u00edculo \u201c4D Printing: Computational mechanical design of bi-dimensional 3d patterns over tensioned textiles for three-dimensional volumes\u201d, que tambi\u00e9n tuvo como coautores a la estudiante Antonia Valencia y el profesor de Tongji University, Philip Yuan.\" \/>\n<meta property=\"og:url\" content=\"https:\/\/fadeu.urantiacos.cl\/en\/2020\/10\/13\/tomas-vivanco-realizo-presentacion-en-caadria-2020\/\" \/>\n<meta property=\"og:site_name\" content=\"Facultad de Arquitectura, Dise\u00f1o y Estudios Urbanos\" \/>\n<meta property=\"article:published_time\" content=\"2020-10-13T23:12:00+00:00\" \/>\n<meta property=\"article:modified_time\" content=\"2023-09-09T23:14:45+00:00\" \/>\n<meta property=\"og:image\" content=\"https:\/\/fadeu.urantiacos.cl\/wp-content\/uploads\/2023\/09\/tomas_vivanco_web_fadeu.jpg\" \/>\n\t<meta property=\"og:image:width\" content=\"350\" \/>\n\t<meta property=\"og:image:height\" content=\"250\" \/>\n\t<meta property=\"og:image:type\" content=\"image\/jpeg\" \/>\n<meta name=\"author\" content=\"manadmin\" \/>\n<meta name=\"twitter:card\" content=\"summary_large_image\" \/>\n<meta name=\"twitter:label1\" content=\"Written by\" \/>\n\t<meta name=\"twitter:data1\" content=\"manadmin\" \/>\n\t<meta name=\"twitter:label2\" content=\"Est. reading time\" \/>\n\t<meta name=\"twitter:data2\" content=\"1 minute\" \/>\n<script type=\"application\/ld+json\" class=\"yoast-schema-graph\">{\"@context\":\"https:\/\/schema.org\",\"@graph\":[{\"@type\":\"Article\",\"@id\":\"https:\/\/fadeu.urantiacos.cl\/en\/2020\/10\/13\/tomas-vivanco-realizo-presentacion-en-caadria-2020\/#article\",\"isPartOf\":{\"@id\":\"https:\/\/fadeu.urantiacos.cl\/en\/2020\/10\/13\/tomas-vivanco-realizo-presentacion-en-caadria-2020\/\"},\"author\":{\"name\":\"manadmin\",\"@id\":\"https:\/\/fadeu.urantiacos.cl\/en\/#\/schema\/person\/d203e2e84b1c40275eac77b3061a19a2\"},\"headline\":\"Tom\u00e1s Vivanco realiz\u00f3 presentaci\u00f3n en CAADRIA 2020\",\"datePublished\":\"2020-10-13T23:12:00+00:00\",\"dateModified\":\"2023-09-09T23:14:45+00:00\",\"mainEntityOfPage\":{\"@id\":\"https:\/\/fadeu.urantiacos.cl\/en\/2020\/10\/13\/tomas-vivanco-realizo-presentacion-en-caadria-2020\/\"},\"wordCount\":130,\"commentCount\":0,\"image\":{\"@id\":\"https:\/\/fadeu.urantiacos.cl\/en\/2020\/10\/13\/tomas-vivanco-realizo-presentacion-en-caadria-2020\/#primaryimage\"},\"thumbnailUrl\":\"https:\/\/fadeu.urantiacos.cl\/wp-content\/uploads\/2023\/09\/tomas_vivanco_web_fadeu.jpg\",\"articleSection\":[\"Sin categorizar\"],\"inLanguage\":\"en-US\",\"potentialAction\":[{\"@type\":\"CommentAction\",\"name\":\"Comment\",\"target\":[\"https:\/\/fadeu.urantiacos.cl\/en\/2020\/10\/13\/tomas-vivanco-realizo-presentacion-en-caadria-2020\/#respond\"]}]},{\"@type\":\"WebPage\",\"@id\":\"https:\/\/fadeu.urantiacos.cl\/en\/2020\/10\/13\/tomas-vivanco-realizo-presentacion-en-caadria-2020\/\",\"url\":\"https:\/\/fadeu.urantiacos.cl\/en\/2020\/10\/13\/tomas-vivanco-realizo-presentacion-en-caadria-2020\/\",\"name\":\"Tom\u00e1s Vivanco realiz\u00f3 presentaci\u00f3n en CAADRIA 2020 - Facultad de Arquitectura, Dise\u00f1o y Estudios Urbanos\",\"isPartOf\":{\"@id\":\"https:\/\/fadeu.urantiacos.cl\/en\/#website\"},\"primaryImageOfPage\":{\"@id\":\"https:\/\/fadeu.urantiacos.cl\/en\/2020\/10\/13\/tomas-vivanco-realizo-presentacion-en-caadria-2020\/#primaryimage\"},\"image\":{\"@id\":\"https:\/\/fadeu.urantiacos.cl\/en\/2020\/10\/13\/tomas-vivanco-realizo-presentacion-en-caadria-2020\/#primaryimage\"},\"thumbnailUrl\":\"https:\/\/fadeu.urantiacos.cl\/wp-content\/uploads\/2023\/09\/tomas_vivanco_web_fadeu.jpg\",\"datePublished\":\"2020-10-13T23:12:00+00:00\",\"dateModified\":\"2023-09-09T23:14:45+00:00\",\"author\":{\"@id\":\"https:\/\/fadeu.urantiacos.cl\/en\/#\/schema\/person\/d203e2e84b1c40275eac77b3061a19a2\"},\"description\":\"El acad\u00e9mico Tom\u00e1s Vivanco present\u00f3 en la 25th International Conference of the Association for Computer-Aided Architectural Design Research in Asia, la investigaci\u00f3n y art\u00edculo \u201c4D Printing: Computational mechanical design of bi-dimensional 3d patterns over tensioned textiles for three-dimensional volumes\u201d, que tambi\u00e9n tuvo como coautores a la estudiante Antonia Valencia y el profesor de Tongji University, Philip Yuan.\",\"breadcrumb\":{\"@id\":\"https:\/\/fadeu.urantiacos.cl\/en\/2020\/10\/13\/tomas-vivanco-realizo-presentacion-en-caadria-2020\/#breadcrumb\"},\"inLanguage\":\"en-US\",\"potentialAction\":[{\"@type\":\"ReadAction\",\"target\":[\"https:\/\/fadeu.urantiacos.cl\/en\/2020\/10\/13\/tomas-vivanco-realizo-presentacion-en-caadria-2020\/\"]}]},{\"@type\":\"ImageObject\",\"inLanguage\":\"en-US\",\"@id\":\"https:\/\/fadeu.urantiacos.cl\/en\/2020\/10\/13\/tomas-vivanco-realizo-presentacion-en-caadria-2020\/#primaryimage\",\"url\":\"https:\/\/fadeu.urantiacos.cl\/wp-content\/uploads\/2023\/09\/tomas_vivanco_web_fadeu.jpg\",\"contentUrl\":\"https:\/\/fadeu.urantiacos.cl\/wp-content\/uploads\/2023\/09\/tomas_vivanco_web_fadeu.jpg\",\"width\":350,\"height\":250},{\"@type\":\"BreadcrumbList\",\"@id\":\"https:\/\/fadeu.urantiacos.cl\/en\/2020\/10\/13\/tomas-vivanco-realizo-presentacion-en-caadria-2020\/#breadcrumb\",\"itemListElement\":[{\"@type\":\"ListItem\",\"position\":1,\"name\":\"Portada\",\"item\":\"https:\/\/fadeu.urantiacos.cl\/en\/\"},{\"@type\":\"ListItem\",\"position\":2,\"name\":\"Tom\u00e1s Vivanco realiz\u00f3 presentaci\u00f3n en CAADRIA 2020\"}]},{\"@type\":\"WebSite\",\"@id\":\"https:\/\/fadeu.urantiacos.cl\/en\/#website\",\"url\":\"https:\/\/fadeu.urantiacos.cl\/en\/\",\"name\":\"Facultad de Arquitectura, Dise\u00f1o y Estudios Urbanos\",\"description\":\"Campus Lo Contador\",\"potentialAction\":[{\"@type\":\"SearchAction\",\"target\":{\"@type\":\"EntryPoint\",\"urlTemplate\":\"https:\/\/fadeu.urantiacos.cl\/en\/?s={search_term_string}\"},\"query-input\":{\"@type\":\"PropertyValueSpecification\",\"valueRequired\":true,\"valueName\":\"search_term_string\"}}],\"inLanguage\":\"en-US\"},{\"@type\":\"Person\",\"@id\":\"https:\/\/fadeu.urantiacos.cl\/en\/#\/schema\/person\/d203e2e84b1c40275eac77b3061a19a2\",\"name\":\"manadmin\",\"image\":{\"@type\":\"ImageObject\",\"inLanguage\":\"en-US\",\"@id\":\"https:\/\/fadeu.urantiacos.cl\/en\/#\/schema\/person\/image\/\",\"url\":\"https:\/\/secure.gravatar.com\/avatar\/4b1d8e3303b4a9d8968ac578947d8bc80d9aea359f388cdd4aac15cadc0e8447?s=96&d=mm&r=g\",\"contentUrl\":\"https:\/\/secure.gravatar.com\/avatar\/4b1d8e3303b4a9d8968ac578947d8bc80d9aea359f388cdd4aac15cadc0e8447?s=96&d=mm&r=g\",\"caption\":\"manadmin\"},\"sameAs\":[\"https:\/\/fadeu.urantiacos.cl\"]}]}<\/script>\n<!-- \/ Yoast SEO plugin. -->","yoast_head_json":{"title":"Tom\u00e1s Vivanco realiz\u00f3 presentaci\u00f3n en CAADRIA 2020 - Facultad de Arquitectura, Dise\u00f1o y Estudios Urbanos","description":"El acad\u00e9mico Tom\u00e1s Vivanco present\u00f3 en la 25th International Conference of the Association for Computer-Aided Architectural Design Research in Asia, la investigaci\u00f3n y art\u00edculo \u201c4D Printing: Computational mechanical design of bi-dimensional 3d patterns over tensioned textiles for three-dimensional volumes\u201d, que tambi\u00e9n tuvo como coautores a la estudiante Antonia Valencia y el profesor de Tongji University, Philip Yuan.","robots":{"index":"index","follow":"follow","max-snippet":"max-snippet:-1","max-image-preview":"max-image-preview:large","max-video-preview":"max-video-preview:-1"},"canonical":"https:\/\/fadeu.urantiacos.cl\/en\/2020\/10\/13\/tomas-vivanco-realizo-presentacion-en-caadria-2020\/","og_locale":"en_US","og_type":"article","og_title":"Tom\u00e1s Vivanco realiz\u00f3 presentaci\u00f3n en CAADRIA 2020 - Facultad de Arquitectura, Dise\u00f1o y Estudios Urbanos","og_description":"El acad\u00e9mico Tom\u00e1s Vivanco present\u00f3 en la 25th International Conference of the Association for Computer-Aided Architectural Design Research in Asia, la investigaci\u00f3n y art\u00edculo \u201c4D Printing: Computational mechanical design of bi-dimensional 3d patterns over tensioned textiles for three-dimensional volumes\u201d, que tambi\u00e9n tuvo como coautores a la estudiante Antonia Valencia y el profesor de Tongji University, Philip Yuan.","og_url":"https:\/\/fadeu.urantiacos.cl\/en\/2020\/10\/13\/tomas-vivanco-realizo-presentacion-en-caadria-2020\/","og_site_name":"Facultad de Arquitectura, Dise\u00f1o y Estudios Urbanos","article_published_time":"2020-10-13T23:12:00+00:00","article_modified_time":"2023-09-09T23:14:45+00:00","og_image":[{"width":350,"height":250,"url":"https:\/\/fadeu.urantiacos.cl\/wp-content\/uploads\/2023\/09\/tomas_vivanco_web_fadeu.jpg","type":"image\/jpeg"}],"author":"manadmin","twitter_card":"summary_large_image","twitter_misc":{"Written by":"manadmin","Est. reading time":"1 minute"},"schema":{"@context":"https:\/\/schema.org","@graph":[{"@type":"Article","@id":"https:\/\/fadeu.urantiacos.cl\/en\/2020\/10\/13\/tomas-vivanco-realizo-presentacion-en-caadria-2020\/#article","isPartOf":{"@id":"https:\/\/fadeu.urantiacos.cl\/en\/2020\/10\/13\/tomas-vivanco-realizo-presentacion-en-caadria-2020\/"},"author":{"name":"manadmin","@id":"https:\/\/fadeu.urantiacos.cl\/en\/#\/schema\/person\/d203e2e84b1c40275eac77b3061a19a2"},"headline":"Tom\u00e1s Vivanco realiz\u00f3 presentaci\u00f3n en CAADRIA 2020","datePublished":"2020-10-13T23:12:00+00:00","dateModified":"2023-09-09T23:14:45+00:00","mainEntityOfPage":{"@id":"https:\/\/fadeu.urantiacos.cl\/en\/2020\/10\/13\/tomas-vivanco-realizo-presentacion-en-caadria-2020\/"},"wordCount":130,"commentCount":0,"image":{"@id":"https:\/\/fadeu.urantiacos.cl\/en\/2020\/10\/13\/tomas-vivanco-realizo-presentacion-en-caadria-2020\/#primaryimage"},"thumbnailUrl":"https:\/\/fadeu.urantiacos.cl\/wp-content\/uploads\/2023\/09\/tomas_vivanco_web_fadeu.jpg","articleSection":["Sin categorizar"],"inLanguage":"en-US","potentialAction":[{"@type":"CommentAction","name":"Comment","target":["https:\/\/fadeu.urantiacos.cl\/en\/2020\/10\/13\/tomas-vivanco-realizo-presentacion-en-caadria-2020\/#respond"]}]},{"@type":"WebPage","@id":"https:\/\/fadeu.urantiacos.cl\/en\/2020\/10\/13\/tomas-vivanco-realizo-presentacion-en-caadria-2020\/","url":"https:\/\/fadeu.urantiacos.cl\/en\/2020\/10\/13\/tomas-vivanco-realizo-presentacion-en-caadria-2020\/","name":"Tom\u00e1s Vivanco realiz\u00f3 presentaci\u00f3n en CAADRIA 2020 - Facultad de Arquitectura, Dise\u00f1o y Estudios Urbanos","isPartOf":{"@id":"https:\/\/fadeu.urantiacos.cl\/en\/#website"},"primaryImageOfPage":{"@id":"https:\/\/fadeu.urantiacos.cl\/en\/2020\/10\/13\/tomas-vivanco-realizo-presentacion-en-caadria-2020\/#primaryimage"},"image":{"@id":"https:\/\/fadeu.urantiacos.cl\/en\/2020\/10\/13\/tomas-vivanco-realizo-presentacion-en-caadria-2020\/#primaryimage"},"thumbnailUrl":"https:\/\/fadeu.urantiacos.cl\/wp-content\/uploads\/2023\/09\/tomas_vivanco_web_fadeu.jpg","datePublished":"2020-10-13T23:12:00+00:00","dateModified":"2023-09-09T23:14:45+00:00","author":{"@id":"https:\/\/fadeu.urantiacos.cl\/en\/#\/schema\/person\/d203e2e84b1c40275eac77b3061a19a2"},"description":"El acad\u00e9mico Tom\u00e1s Vivanco present\u00f3 en la 25th International Conference of the Association for Computer-Aided Architectural Design Research in Asia, la investigaci\u00f3n y art\u00edculo \u201c4D Printing: Computational mechanical design of bi-dimensional 3d patterns over tensioned textiles for three-dimensional volumes\u201d, que tambi\u00e9n tuvo como coautores a la estudiante Antonia Valencia y el profesor de Tongji University, Philip Yuan.","breadcrumb":{"@id":"https:\/\/fadeu.urantiacos.cl\/en\/2020\/10\/13\/tomas-vivanco-realizo-presentacion-en-caadria-2020\/#breadcrumb"},"inLanguage":"en-US","potentialAction":[{"@type":"ReadAction","target":["https:\/\/fadeu.urantiacos.cl\/en\/2020\/10\/13\/tomas-vivanco-realizo-presentacion-en-caadria-2020\/"]}]},{"@type":"ImageObject","inLanguage":"en-US","@id":"https:\/\/fadeu.urantiacos.cl\/en\/2020\/10\/13\/tomas-vivanco-realizo-presentacion-en-caadria-2020\/#primaryimage","url":"https:\/\/fadeu.urantiacos.cl\/wp-content\/uploads\/2023\/09\/tomas_vivanco_web_fadeu.jpg","contentUrl":"https:\/\/fadeu.urantiacos.cl\/wp-content\/uploads\/2023\/09\/tomas_vivanco_web_fadeu.jpg","width":350,"height":250},{"@type":"BreadcrumbList","@id":"https:\/\/fadeu.urantiacos.cl\/en\/2020\/10\/13\/tomas-vivanco-realizo-presentacion-en-caadria-2020\/#breadcrumb","itemListElement":[{"@type":"ListItem","position":1,"name":"Portada","item":"https:\/\/fadeu.urantiacos.cl\/en\/"},{"@type":"ListItem","position":2,"name":"Tom\u00e1s Vivanco realiz\u00f3 presentaci\u00f3n en CAADRIA 2020"}]},{"@type":"WebSite","@id":"https:\/\/fadeu.urantiacos.cl\/en\/#website","url":"https:\/\/fadeu.urantiacos.cl\/en\/","name":"Facultad de Arquitectura, Dise\u00f1o y Estudios Urbanos","description":"Campus Lo Contador","potentialAction":[{"@type":"SearchAction","target":{"@type":"EntryPoint","urlTemplate":"https:\/\/fadeu.urantiacos.cl\/en\/?s={search_term_string}"},"query-input":{"@type":"PropertyValueSpecification","valueRequired":true,"valueName":"search_term_string"}}],"inLanguage":"en-US"},{"@type":"Person","@id":"https:\/\/fadeu.urantiacos.cl\/en\/#\/schema\/person\/d203e2e84b1c40275eac77b3061a19a2","name":"manadmin","image":{"@type":"ImageObject","inLanguage":"en-US","@id":"https:\/\/fadeu.urantiacos.cl\/en\/#\/schema\/person\/image\/","url":"https:\/\/secure.gravatar.com\/avatar\/4b1d8e3303b4a9d8968ac578947d8bc80d9aea359f388cdd4aac15cadc0e8447?s=96&d=mm&r=g","contentUrl":"https:\/\/secure.gravatar.com\/avatar\/4b1d8e3303b4a9d8968ac578947d8bc80d9aea359f388cdd4aac15cadc0e8447?s=96&d=mm&r=g","caption":"manadmin"},"sameAs":["https:\/\/fadeu.urantiacos.cl"]}]}},"_links":{"self":[{"href":"https:\/\/fadeu.urantiacos.cl\/en\/wp-json\/wp\/v2\/posts\/8130","targetHints":{"allow":["GET"]}}],"collection":[{"href":"https:\/\/fadeu.urantiacos.cl\/en\/wp-json\/wp\/v2\/posts"}],"about":[{"href":"https:\/\/fadeu.urantiacos.cl\/en\/wp-json\/wp\/v2\/types\/post"}],"author":[{"embeddable":true,"href":"https:\/\/fadeu.urantiacos.cl\/en\/wp-json\/wp\/v2\/users\/1"}],"replies":[{"embeddable":true,"href":"https:\/\/fadeu.urantiacos.cl\/en\/wp-json\/wp\/v2\/comments?post=8130"}],"version-history":[{"count":1,"href":"https:\/\/fadeu.urantiacos.cl\/en\/wp-json\/wp\/v2\/posts\/8130\/revisions"}],"predecessor-version":[{"id":8133,"href":"https:\/\/fadeu.urantiacos.cl\/en\/wp-json\/wp\/v2\/posts\/8130\/revisions\/8133"}],"wp:featuredmedia":[{"embeddable":true,"href":"https:\/\/fadeu.urantiacos.cl\/en\/wp-json\/wp\/v2\/media\/8131"}],"wp:attachment":[{"href":"https:\/\/fadeu.urantiacos.cl\/en\/wp-json\/wp\/v2\/media?parent=8130"}],"wp:term":[{"taxonomy":"category","embeddable":true,"href":"https:\/\/fadeu.urantiacos.cl\/en\/wp-json\/wp\/v2\/categories?post=8130"},{"taxonomy":"post_tag","embeddable":true,"href":"https:\/\/fadeu.urantiacos.cl\/en\/wp-json\/wp\/v2\/tags?post=8130"}],"curies":[{"name":"wp","href":"https:\/\/api.w.org\/{rel}","templated":true}]}}