{"id":8127,"date":"2020-10-13T20:10:00","date_gmt":"2020-10-13T23:10:00","guid":{"rendered":"https:\/\/fadeu.urantiacos.cl\/?p=8127"},"modified":"2023-09-09T20:12:08","modified_gmt":"2023-09-09T23:12:08","slug":"publicacion-de-la-academica-marcela-parada","status":"publish","type":"post","link":"https:\/\/fadeu.urantiacos.cl\/en\/2020\/10\/13\/publicacion-de-la-academica-marcela-parada\/","title":{"rendered":"Publicaci\u00f3n de la acad\u00e9mica Marcela Parada"},"content":{"rendered":"\n<figure class=\"wp-block-image size-full\"><img decoding=\"async\" width=\"350\" height=\"250\" src=\"https:\/\/fadeu.urantiacos.cl\/wp-content\/uploads\/2023\/09\/marcela_parada_libro.jpg\" alt=\"\" class=\"wp-image-8128\" srcset=\"https:\/\/fadeu.urantiacos.cl\/wp-content\/uploads\/2023\/09\/marcela_parada_libro.jpg 350w, https:\/\/fadeu.urantiacos.cl\/wp-content\/uploads\/2023\/09\/marcela_parada_libro-300x214.jpg 300w\" sizes=\"(max-width: 350px) 100vw, 350px\" \/><\/figure>\n\n\n\n<p>La publicaci\u00f3n de la Editorial Uniagustiniana, Colecci\u00f3n Libro de investigaci\u00f3n: Bogot\u00e1, Colombia. 2020, ofrece una perspectiva panor\u00e1mica sobre la investigaci\u00f3n cinematogr\u00e1fica que se est\u00e1 realizando en ocho pa\u00edses de la regi\u00f3n: Argentina, Bolivia, Brasil, Colombia, Chile, Ecuador, M\u00e9xico y Per\u00fa.<br><br>Este recuento colectivo es el primero que se hace del estado de la disciplina en Latinoam\u00e9rica, y permite dirigir una mirada panor\u00e1mica a este campo, observando algunas condiciones compartidas en toda la regi\u00f3n as\u00ed como el reconocimiento de caracter\u00edsticas espec\u00edficas en cada pa\u00eds.<br><br>El cap\u00edtulo referido a Chile incluido en este libro,&nbsp;\u201cLos estudios sobre cine en Chile: aproximaciones a la lectura y conformaci\u00f3n de campo\u201d, de autor\u00eda de la profesora Parada, se sustenta en la investigaci\u00f3n&nbsp;\u201cMapa de los estudios de cine en Chile, 2005-2015\u201d, proyecto financiado por el Fondo de Fomento Audiovisual de Chile, en el cual la profesora fue investigadora responsable.<br><br>El lanzamiento del libro se realiz\u00f3 en el marco de la Feria Internacional del Libro de Santa Marta (FilSMar 2020), Colombia.<br><br>El libro cuenta con versi\u00f3n impresa y digital. La versi\u00f3n digital del libro se encuentra disponible&nbsp;<a href=\"http:\/\/editorial.uniagustiniana.edu.co\/index.php\/editorial\/catalog\/book\/52\">AQU\u00cd<\/a><\/p>\n\n\n\n<p>INFORMACI\u00d3N PERIOD\u00cdSTICA<br>ESCUELA DE DISE\u00d1O UC<\/p>\n","protected":false},"excerpt":{"rendered":"<p>La docente de Dise\u00f1o UC Marcela Parada public\u00f3 el cap\u00edtulo Los estudios sobre cine en Chile: aproximaciones a la lectura y conformaci\u00f3n de campo en el libro Los estudios sobre cine en Latinoam\u00e9rica (2000-2017), de los autores Lauro Zavala y Johnnier Aristiz\u00e1bal Santa.<\/p>\n","protected":false},"author":1,"featured_media":8128,"comment_status":"open","ping_status":"open","sticky":false,"template":"","format":"standard","meta":{"_acf_changed":false,"footnotes":""},"categories":[1],"tags":[],"class_list":["post-8127","post","type-post","status-publish","format-standard","has-post-thumbnail","hentry","category-sin-categorizar"],"acf":[],"yoast_head":"<!-- This site is optimized with the Yoast SEO plugin v27.1.1 - https:\/\/yoast.com\/product\/yoast-seo-wordpress\/ -->\n<title>Publicaci\u00f3n de la acad\u00e9mica Marcela Parada - Facultad de Arquitectura, Dise\u00f1o y Estudios Urbanos<\/title>\n<meta name=\"description\" content=\"La docente de Dise\u00f1o UC Marcela Parada public\u00f3 el cap\u00edtulo Los estudios sobre cine en Chile: aproximaciones a la lectura y conformaci\u00f3n de campo en el libro Los estudios sobre cine en Latinoam\u00e9rica (2000-2017), de los autores Lauro Zavala y Johnnier Aristiz\u00e1bal Santa.\" \/>\n<meta name=\"robots\" content=\"index, follow, max-snippet:-1, max-image-preview:large, max-video-preview:-1\" \/>\n<link rel=\"canonical\" href=\"https:\/\/fadeu.urantiacos.cl\/en\/2020\/10\/13\/publicacion-de-la-academica-marcela-parada\/\" \/>\n<meta property=\"og:locale\" content=\"en_US\" \/>\n<meta property=\"og:type\" content=\"article\" \/>\n<meta property=\"og:title\" content=\"Publicaci\u00f3n de la acad\u00e9mica Marcela Parada - Facultad de Arquitectura, Dise\u00f1o y Estudios Urbanos\" \/>\n<meta property=\"og:description\" content=\"La docente de Dise\u00f1o UC Marcela Parada public\u00f3 el cap\u00edtulo Los estudios sobre cine en Chile: aproximaciones a la lectura y conformaci\u00f3n de campo en el libro Los estudios sobre cine en Latinoam\u00e9rica (2000-2017), de los autores Lauro Zavala y Johnnier Aristiz\u00e1bal Santa.\" \/>\n<meta property=\"og:url\" content=\"https:\/\/fadeu.urantiacos.cl\/en\/2020\/10\/13\/publicacion-de-la-academica-marcela-parada\/\" \/>\n<meta property=\"og:site_name\" content=\"Facultad de Arquitectura, Dise\u00f1o y Estudios Urbanos\" \/>\n<meta property=\"article:published_time\" content=\"2020-10-13T23:10:00+00:00\" \/>\n<meta property=\"article:modified_time\" content=\"2023-09-09T23:12:08+00:00\" \/>\n<meta property=\"og:image\" content=\"https:\/\/fadeu.urantiacos.cl\/wp-content\/uploads\/2023\/09\/marcela_parada_libro.jpg\" \/>\n\t<meta property=\"og:image:width\" content=\"350\" \/>\n\t<meta property=\"og:image:height\" content=\"250\" \/>\n\t<meta property=\"og:image:type\" content=\"image\/jpeg\" \/>\n<meta name=\"author\" content=\"manadmin\" \/>\n<meta name=\"twitter:card\" content=\"summary_large_image\" \/>\n<meta name=\"twitter:label1\" content=\"Written by\" \/>\n\t<meta name=\"twitter:data1\" content=\"manadmin\" \/>\n\t<meta name=\"twitter:label2\" content=\"Est. reading time\" \/>\n\t<meta name=\"twitter:data2\" content=\"1 minute\" \/>\n<script type=\"application\/ld+json\" class=\"yoast-schema-graph\">{\"@context\":\"https:\/\/schema.org\",\"@graph\":[{\"@type\":\"Article\",\"@id\":\"https:\/\/fadeu.urantiacos.cl\/en\/2020\/10\/13\/publicacion-de-la-academica-marcela-parada\/#article\",\"isPartOf\":{\"@id\":\"https:\/\/fadeu.urantiacos.cl\/en\/2020\/10\/13\/publicacion-de-la-academica-marcela-parada\/\"},\"author\":{\"name\":\"manadmin\",\"@id\":\"https:\/\/fadeu.urantiacos.cl\/en\/#\/schema\/person\/d203e2e84b1c40275eac77b3061a19a2\"},\"headline\":\"Publicaci\u00f3n de la acad\u00e9mica Marcela Parada\",\"datePublished\":\"2020-10-13T23:10:00+00:00\",\"dateModified\":\"2023-09-09T23:12:08+00:00\",\"mainEntityOfPage\":{\"@id\":\"https:\/\/fadeu.urantiacos.cl\/en\/2020\/10\/13\/publicacion-de-la-academica-marcela-parada\/\"},\"wordCount\":220,\"commentCount\":0,\"image\":{\"@id\":\"https:\/\/fadeu.urantiacos.cl\/en\/2020\/10\/13\/publicacion-de-la-academica-marcela-parada\/#primaryimage\"},\"thumbnailUrl\":\"https:\/\/fadeu.urantiacos.cl\/wp-content\/uploads\/2023\/09\/marcela_parada_libro.jpg\",\"articleSection\":[\"Sin categorizar\"],\"inLanguage\":\"en-US\",\"potentialAction\":[{\"@type\":\"CommentAction\",\"name\":\"Comment\",\"target\":[\"https:\/\/fadeu.urantiacos.cl\/en\/2020\/10\/13\/publicacion-de-la-academica-marcela-parada\/#respond\"]}]},{\"@type\":\"WebPage\",\"@id\":\"https:\/\/fadeu.urantiacos.cl\/en\/2020\/10\/13\/publicacion-de-la-academica-marcela-parada\/\",\"url\":\"https:\/\/fadeu.urantiacos.cl\/en\/2020\/10\/13\/publicacion-de-la-academica-marcela-parada\/\",\"name\":\"Publicaci\u00f3n de la acad\u00e9mica Marcela Parada - Facultad de Arquitectura, Dise\u00f1o y Estudios Urbanos\",\"isPartOf\":{\"@id\":\"https:\/\/fadeu.urantiacos.cl\/en\/#website\"},\"primaryImageOfPage\":{\"@id\":\"https:\/\/fadeu.urantiacos.cl\/en\/2020\/10\/13\/publicacion-de-la-academica-marcela-parada\/#primaryimage\"},\"image\":{\"@id\":\"https:\/\/fadeu.urantiacos.cl\/en\/2020\/10\/13\/publicacion-de-la-academica-marcela-parada\/#primaryimage\"},\"thumbnailUrl\":\"https:\/\/fadeu.urantiacos.cl\/wp-content\/uploads\/2023\/09\/marcela_parada_libro.jpg\",\"datePublished\":\"2020-10-13T23:10:00+00:00\",\"dateModified\":\"2023-09-09T23:12:08+00:00\",\"author\":{\"@id\":\"https:\/\/fadeu.urantiacos.cl\/en\/#\/schema\/person\/d203e2e84b1c40275eac77b3061a19a2\"},\"description\":\"La docente de Dise\u00f1o UC Marcela Parada public\u00f3 el cap\u00edtulo Los estudios sobre cine en Chile: aproximaciones a la lectura y conformaci\u00f3n de campo en el libro Los estudios sobre cine en Latinoam\u00e9rica (2000-2017), de los autores Lauro Zavala y Johnnier Aristiz\u00e1bal Santa.\",\"breadcrumb\":{\"@id\":\"https:\/\/fadeu.urantiacos.cl\/en\/2020\/10\/13\/publicacion-de-la-academica-marcela-parada\/#breadcrumb\"},\"inLanguage\":\"en-US\",\"potentialAction\":[{\"@type\":\"ReadAction\",\"target\":[\"https:\/\/fadeu.urantiacos.cl\/en\/2020\/10\/13\/publicacion-de-la-academica-marcela-parada\/\"]}]},{\"@type\":\"ImageObject\",\"inLanguage\":\"en-US\",\"@id\":\"https:\/\/fadeu.urantiacos.cl\/en\/2020\/10\/13\/publicacion-de-la-academica-marcela-parada\/#primaryimage\",\"url\":\"https:\/\/fadeu.urantiacos.cl\/wp-content\/uploads\/2023\/09\/marcela_parada_libro.jpg\",\"contentUrl\":\"https:\/\/fadeu.urantiacos.cl\/wp-content\/uploads\/2023\/09\/marcela_parada_libro.jpg\",\"width\":350,\"height\":250},{\"@type\":\"BreadcrumbList\",\"@id\":\"https:\/\/fadeu.urantiacos.cl\/en\/2020\/10\/13\/publicacion-de-la-academica-marcela-parada\/#breadcrumb\",\"itemListElement\":[{\"@type\":\"ListItem\",\"position\":1,\"name\":\"Portada\",\"item\":\"https:\/\/fadeu.urantiacos.cl\/en\/\"},{\"@type\":\"ListItem\",\"position\":2,\"name\":\"Publicaci\u00f3n de la acad\u00e9mica Marcela Parada\"}]},{\"@type\":\"WebSite\",\"@id\":\"https:\/\/fadeu.urantiacos.cl\/en\/#website\",\"url\":\"https:\/\/fadeu.urantiacos.cl\/en\/\",\"name\":\"Facultad de Arquitectura, Dise\u00f1o y Estudios Urbanos\",\"description\":\"Campus Lo Contador\",\"potentialAction\":[{\"@type\":\"SearchAction\",\"target\":{\"@type\":\"EntryPoint\",\"urlTemplate\":\"https:\/\/fadeu.urantiacos.cl\/en\/?s={search_term_string}\"},\"query-input\":{\"@type\":\"PropertyValueSpecification\",\"valueRequired\":true,\"valueName\":\"search_term_string\"}}],\"inLanguage\":\"en-US\"},{\"@type\":\"Person\",\"@id\":\"https:\/\/fadeu.urantiacos.cl\/en\/#\/schema\/person\/d203e2e84b1c40275eac77b3061a19a2\",\"name\":\"manadmin\",\"image\":{\"@type\":\"ImageObject\",\"inLanguage\":\"en-US\",\"@id\":\"https:\/\/fadeu.urantiacos.cl\/en\/#\/schema\/person\/image\/\",\"url\":\"https:\/\/secure.gravatar.com\/avatar\/4b1d8e3303b4a9d8968ac578947d8bc80d9aea359f388cdd4aac15cadc0e8447?s=96&d=mm&r=g\",\"contentUrl\":\"https:\/\/secure.gravatar.com\/avatar\/4b1d8e3303b4a9d8968ac578947d8bc80d9aea359f388cdd4aac15cadc0e8447?s=96&d=mm&r=g\",\"caption\":\"manadmin\"},\"sameAs\":[\"https:\/\/fadeu.urantiacos.cl\"]}]}<\/script>\n<!-- \/ Yoast SEO plugin. -->","yoast_head_json":{"title":"Publicaci\u00f3n de la acad\u00e9mica Marcela Parada - Facultad de Arquitectura, Dise\u00f1o y Estudios Urbanos","description":"La docente de Dise\u00f1o UC Marcela Parada public\u00f3 el cap\u00edtulo Los estudios sobre cine en Chile: aproximaciones a la lectura y conformaci\u00f3n de campo en el libro Los estudios sobre cine en Latinoam\u00e9rica (2000-2017), de los autores Lauro Zavala y Johnnier Aristiz\u00e1bal Santa.","robots":{"index":"index","follow":"follow","max-snippet":"max-snippet:-1","max-image-preview":"max-image-preview:large","max-video-preview":"max-video-preview:-1"},"canonical":"https:\/\/fadeu.urantiacos.cl\/en\/2020\/10\/13\/publicacion-de-la-academica-marcela-parada\/","og_locale":"en_US","og_type":"article","og_title":"Publicaci\u00f3n de la acad\u00e9mica Marcela Parada - Facultad de Arquitectura, Dise\u00f1o y Estudios Urbanos","og_description":"La docente de Dise\u00f1o UC Marcela Parada public\u00f3 el cap\u00edtulo Los estudios sobre cine en Chile: aproximaciones a la lectura y conformaci\u00f3n de campo en el libro Los estudios sobre cine en Latinoam\u00e9rica (2000-2017), de los autores Lauro Zavala y Johnnier Aristiz\u00e1bal Santa.","og_url":"https:\/\/fadeu.urantiacos.cl\/en\/2020\/10\/13\/publicacion-de-la-academica-marcela-parada\/","og_site_name":"Facultad de Arquitectura, Dise\u00f1o y Estudios Urbanos","article_published_time":"2020-10-13T23:10:00+00:00","article_modified_time":"2023-09-09T23:12:08+00:00","og_image":[{"width":350,"height":250,"url":"https:\/\/fadeu.urantiacos.cl\/wp-content\/uploads\/2023\/09\/marcela_parada_libro.jpg","type":"image\/jpeg"}],"author":"manadmin","twitter_card":"summary_large_image","twitter_misc":{"Written by":"manadmin","Est. reading time":"1 minute"},"schema":{"@context":"https:\/\/schema.org","@graph":[{"@type":"Article","@id":"https:\/\/fadeu.urantiacos.cl\/en\/2020\/10\/13\/publicacion-de-la-academica-marcela-parada\/#article","isPartOf":{"@id":"https:\/\/fadeu.urantiacos.cl\/en\/2020\/10\/13\/publicacion-de-la-academica-marcela-parada\/"},"author":{"name":"manadmin","@id":"https:\/\/fadeu.urantiacos.cl\/en\/#\/schema\/person\/d203e2e84b1c40275eac77b3061a19a2"},"headline":"Publicaci\u00f3n de la acad\u00e9mica Marcela Parada","datePublished":"2020-10-13T23:10:00+00:00","dateModified":"2023-09-09T23:12:08+00:00","mainEntityOfPage":{"@id":"https:\/\/fadeu.urantiacos.cl\/en\/2020\/10\/13\/publicacion-de-la-academica-marcela-parada\/"},"wordCount":220,"commentCount":0,"image":{"@id":"https:\/\/fadeu.urantiacos.cl\/en\/2020\/10\/13\/publicacion-de-la-academica-marcela-parada\/#primaryimage"},"thumbnailUrl":"https:\/\/fadeu.urantiacos.cl\/wp-content\/uploads\/2023\/09\/marcela_parada_libro.jpg","articleSection":["Sin categorizar"],"inLanguage":"en-US","potentialAction":[{"@type":"CommentAction","name":"Comment","target":["https:\/\/fadeu.urantiacos.cl\/en\/2020\/10\/13\/publicacion-de-la-academica-marcela-parada\/#respond"]}]},{"@type":"WebPage","@id":"https:\/\/fadeu.urantiacos.cl\/en\/2020\/10\/13\/publicacion-de-la-academica-marcela-parada\/","url":"https:\/\/fadeu.urantiacos.cl\/en\/2020\/10\/13\/publicacion-de-la-academica-marcela-parada\/","name":"Publicaci\u00f3n de la acad\u00e9mica Marcela Parada - Facultad de Arquitectura, Dise\u00f1o y Estudios Urbanos","isPartOf":{"@id":"https:\/\/fadeu.urantiacos.cl\/en\/#website"},"primaryImageOfPage":{"@id":"https:\/\/fadeu.urantiacos.cl\/en\/2020\/10\/13\/publicacion-de-la-academica-marcela-parada\/#primaryimage"},"image":{"@id":"https:\/\/fadeu.urantiacos.cl\/en\/2020\/10\/13\/publicacion-de-la-academica-marcela-parada\/#primaryimage"},"thumbnailUrl":"https:\/\/fadeu.urantiacos.cl\/wp-content\/uploads\/2023\/09\/marcela_parada_libro.jpg","datePublished":"2020-10-13T23:10:00+00:00","dateModified":"2023-09-09T23:12:08+00:00","author":{"@id":"https:\/\/fadeu.urantiacos.cl\/en\/#\/schema\/person\/d203e2e84b1c40275eac77b3061a19a2"},"description":"La docente de Dise\u00f1o UC Marcela Parada public\u00f3 el cap\u00edtulo Los estudios sobre cine en Chile: aproximaciones a la lectura y conformaci\u00f3n de campo en el libro Los estudios sobre cine en Latinoam\u00e9rica (2000-2017), de los autores Lauro Zavala y Johnnier Aristiz\u00e1bal Santa.","breadcrumb":{"@id":"https:\/\/fadeu.urantiacos.cl\/en\/2020\/10\/13\/publicacion-de-la-academica-marcela-parada\/#breadcrumb"},"inLanguage":"en-US","potentialAction":[{"@type":"ReadAction","target":["https:\/\/fadeu.urantiacos.cl\/en\/2020\/10\/13\/publicacion-de-la-academica-marcela-parada\/"]}]},{"@type":"ImageObject","inLanguage":"en-US","@id":"https:\/\/fadeu.urantiacos.cl\/en\/2020\/10\/13\/publicacion-de-la-academica-marcela-parada\/#primaryimage","url":"https:\/\/fadeu.urantiacos.cl\/wp-content\/uploads\/2023\/09\/marcela_parada_libro.jpg","contentUrl":"https:\/\/fadeu.urantiacos.cl\/wp-content\/uploads\/2023\/09\/marcela_parada_libro.jpg","width":350,"height":250},{"@type":"BreadcrumbList","@id":"https:\/\/fadeu.urantiacos.cl\/en\/2020\/10\/13\/publicacion-de-la-academica-marcela-parada\/#breadcrumb","itemListElement":[{"@type":"ListItem","position":1,"name":"Portada","item":"https:\/\/fadeu.urantiacos.cl\/en\/"},{"@type":"ListItem","position":2,"name":"Publicaci\u00f3n de la acad\u00e9mica Marcela Parada"}]},{"@type":"WebSite","@id":"https:\/\/fadeu.urantiacos.cl\/en\/#website","url":"https:\/\/fadeu.urantiacos.cl\/en\/","name":"Facultad de Arquitectura, Dise\u00f1o y Estudios Urbanos","description":"Campus Lo Contador","potentialAction":[{"@type":"SearchAction","target":{"@type":"EntryPoint","urlTemplate":"https:\/\/fadeu.urantiacos.cl\/en\/?s={search_term_string}"},"query-input":{"@type":"PropertyValueSpecification","valueRequired":true,"valueName":"search_term_string"}}],"inLanguage":"en-US"},{"@type":"Person","@id":"https:\/\/fadeu.urantiacos.cl\/en\/#\/schema\/person\/d203e2e84b1c40275eac77b3061a19a2","name":"manadmin","image":{"@type":"ImageObject","inLanguage":"en-US","@id":"https:\/\/fadeu.urantiacos.cl\/en\/#\/schema\/person\/image\/","url":"https:\/\/secure.gravatar.com\/avatar\/4b1d8e3303b4a9d8968ac578947d8bc80d9aea359f388cdd4aac15cadc0e8447?s=96&d=mm&r=g","contentUrl":"https:\/\/secure.gravatar.com\/avatar\/4b1d8e3303b4a9d8968ac578947d8bc80d9aea359f388cdd4aac15cadc0e8447?s=96&d=mm&r=g","caption":"manadmin"},"sameAs":["https:\/\/fadeu.urantiacos.cl"]}]}},"_links":{"self":[{"href":"https:\/\/fadeu.urantiacos.cl\/en\/wp-json\/wp\/v2\/posts\/8127","targetHints":{"allow":["GET"]}}],"collection":[{"href":"https:\/\/fadeu.urantiacos.cl\/en\/wp-json\/wp\/v2\/posts"}],"about":[{"href":"https:\/\/fadeu.urantiacos.cl\/en\/wp-json\/wp\/v2\/types\/post"}],"author":[{"embeddable":true,"href":"https:\/\/fadeu.urantiacos.cl\/en\/wp-json\/wp\/v2\/users\/1"}],"replies":[{"embeddable":true,"href":"https:\/\/fadeu.urantiacos.cl\/en\/wp-json\/wp\/v2\/comments?post=8127"}],"version-history":[{"count":1,"href":"https:\/\/fadeu.urantiacos.cl\/en\/wp-json\/wp\/v2\/posts\/8127\/revisions"}],"predecessor-version":[{"id":8129,"href":"https:\/\/fadeu.urantiacos.cl\/en\/wp-json\/wp\/v2\/posts\/8127\/revisions\/8129"}],"wp:featuredmedia":[{"embeddable":true,"href":"https:\/\/fadeu.urantiacos.cl\/en\/wp-json\/wp\/v2\/media\/8128"}],"wp:attachment":[{"href":"https:\/\/fadeu.urantiacos.cl\/en\/wp-json\/wp\/v2\/media?parent=8127"}],"wp:term":[{"taxonomy":"category","embeddable":true,"href":"https:\/\/fadeu.urantiacos.cl\/en\/wp-json\/wp\/v2\/categories?post=8127"},{"taxonomy":"post_tag","embeddable":true,"href":"https:\/\/fadeu.urantiacos.cl\/en\/wp-json\/wp\/v2\/tags?post=8127"}],"curies":[{"name":"wp","href":"https:\/\/api.w.org\/{rel}","templated":true}]}}