{"id":8122,"date":"2020-10-13T20:07:00","date_gmt":"2020-10-13T23:07:00","guid":{"rendered":"https:\/\/fadeu.urantiacos.cl\/?p=8122"},"modified":"2023-09-09T20:10:24","modified_gmt":"2023-09-09T23:10:24","slug":"conferencia-winter-school","status":"publish","type":"post","link":"https:\/\/fadeu.urantiacos.cl\/en\/2020\/10\/13\/conferencia-winter-school\/","title":{"rendered":"Conferencia Winter School"},"content":{"rendered":"\n<figure class=\"wp-block-image size-full\"><img decoding=\"async\" width=\"350\" height=\"250\" src=\"https:\/\/fadeu.urantiacos.cl\/wp-content\/uploads\/2023\/09\/school_diseno_web.jpg\" alt=\"\" class=\"wp-image-8123\" srcset=\"https:\/\/fadeu.urantiacos.cl\/wp-content\/uploads\/2023\/09\/school_diseno_web.jpg 350w, https:\/\/fadeu.urantiacos.cl\/wp-content\/uploads\/2023\/09\/school_diseno_web-300x214.jpg 300w\" sizes=\"(max-width: 350px) 100vw, 350px\" \/><\/figure>\n\n\n\n<p>En ocasi\u00f3n del lanzamiento del proyecto de cooperaci\u00f3n internacional&nbsp;\u201cWinter School \u2013 Design for Responsible Innovation\u201d, el pasado 5 de octubre se celebr\u00f3 la conferencia&nbsp;\u201cVisions of Responsible Innovation\u201d&nbsp;que cont\u00f3 con la participaci\u00f3n de L\u00ecgia Lopes, Mark Wood y Jos\u00e9 Manuel M\u00f6ller, quienes presentaron diversos enfoques y casos aplicados sobre el rol de la disciplina respecto a los procesos de&nbsp;Innovaci\u00f3n Responsable.<\/p>\n\n\n\n<p>El evento, co-organizado por la Universit\u00e0 degli Studi di Bologna, Dipartimento di Architettura, Advanced Design Unit (Italia), el Tecnol\u00f3gico de Monterrey, sede Guadalajara, Departamento de Dise\u00f1o, Regi\u00f3n Occidente, Escuela de Arquitectura, Arte y Dise\u00f1o (M\u00e9xico) y la Pontificia Universidad Cat\u00f3lica de Chile, Escuela de Dise\u00f1o, Mag\u00edster en Dise\u00f1o Avanzado MADA UC (Chile).<\/p>\n\n\n\n<p><strong>Proyecto<\/strong><\/p>\n\n\n\n<p><br>El proyecto&nbsp;\u201cWinter School \u2013 Design for Responsible Innovation\u201d&nbsp;consiste en la organizaci\u00f3n de una experiencia formativa conjunta entre las universidades participantes que se extender\u00e1 hasta julio 2021.&nbsp;\u00abWinter School se organizar\u00e1 en dos fases, cada una consistente en un workshop intensivo (modalidad full-time) de duraci\u00f3n de 1 semana\u00bb,&nbsp;comenta el acad\u00e9mico Erik Ciravegna, a cargo de la coordinaci\u00f3n del proyecto por la Escuela de Dise\u00f1o UC.<\/p>\n\n\n\n<p>\u00abLa primera fase se desarrollar\u00e1 en paralelo en Bolonia, Guadalajara y Santiago en el mes de enero de 2021. Cada universidad seleccionar\u00e1 18 estudiantes que participar\u00e1n en el workshop intensivo organizado en la propia sede. Los participantes seleccionados trabajar\u00e1n en el dise\u00f1o de productos\/servicios que sigan los principios de la Responsible Innovation, tambi\u00e9n en colaboraci\u00f3n con organismos\/empresas locales. Al final de la primera fase se evaluar\u00e1n los resultados obtenidos y se seleccionar\u00e1, por cada universidad, el proyecto que m\u00e1s se haya distinguido.<br>Los autores del proyecto seleccionado tendr\u00e1n acceso a la segunda fase de la Winter School, que consistir\u00e1 en un segundo workshop intensivo que se desarrollar\u00e1 en julio de 2021 en el Campus de Guadalajara del TEC de Monterrey (M\u00e9xico) para un estudio en profundidad y un avance colaborativo de los proyectos m\u00e1s prometedores elaborados en las tres universidades. Los autores de los proyectos seleccionados trabajar\u00e1n en grupos mixtos de estudiantes de Italia, M\u00e9xico y Chile, y bajo la supervisi\u00f3n de un equipo de profesores de las tres universidades involucradas.\u00bb, agrega Ciravegna.<\/p>\n\n\n\n<p><strong>Convocatoria para estudiantes de Dise\u00f1o UC<\/strong><\/p>\n\n\n\n<p><br>La convocatoria a postular al proceso de selecci\u00f3n para participar en el proyecto se abrir\u00e1 en breve.<br>\u201cWinter School \u2013 Design for Responsible Innovation\u201d es una experiencia formativa complementaria abierta a los estudiantes del ciclo de licenciatura de la carrera de pregrado de la Escuela de Dise\u00f1o UC y los estudiantes del Mag\u00edster en Dise\u00f1o Avanzado MADA UC.<\/p>\n\n\n\n<p>Para mayor informaci\u00f3n<br>Erik Ciravegna, Daniela Bianchi, Javiera Parr<br><a href=\"mailto:diseno.ir@uc.cl\">diseno.ir@uc.cl<\/a><\/p>\n\n\n\n<figure class=\"wp-block-image size-full\"><img decoding=\"async\" width=\"562\" height=\"562\" src=\"https:\/\/fadeu.urantiacos.cl\/wp-content\/uploads\/2023\/09\/Captura-de-pantalla-2020-10-12-a-las-20.00.52.png\" alt=\"\" class=\"wp-image-8124\" srcset=\"https:\/\/fadeu.urantiacos.cl\/wp-content\/uploads\/2023\/09\/Captura-de-pantalla-2020-10-12-a-las-20.00.52.png 562w, https:\/\/fadeu.urantiacos.cl\/wp-content\/uploads\/2023\/09\/Captura-de-pantalla-2020-10-12-a-las-20.00.52-300x300.png 300w, https:\/\/fadeu.urantiacos.cl\/wp-content\/uploads\/2023\/09\/Captura-de-pantalla-2020-10-12-a-las-20.00.52-150x150.png 150w\" sizes=\"(max-width: 562px) 100vw, 562px\" \/><\/figure>\n\n\n\n<figure class=\"wp-block-image size-full\"><img decoding=\"async\" width=\"824\" height=\"668\" src=\"https:\/\/fadeu.urantiacos.cl\/wp-content\/uploads\/2023\/09\/Winter-School_logo.png\" alt=\"\" class=\"wp-image-8125\" srcset=\"https:\/\/fadeu.urantiacos.cl\/wp-content\/uploads\/2023\/09\/Winter-School_logo.png 824w, https:\/\/fadeu.urantiacos.cl\/wp-content\/uploads\/2023\/09\/Winter-School_logo-300x243.png 300w, https:\/\/fadeu.urantiacos.cl\/wp-content\/uploads\/2023\/09\/Winter-School_logo-768x623.png 768w\" sizes=\"(max-width: 824px) 100vw, 824px\" \/><\/figure>\n","protected":false},"excerpt":{"rendered":"<p>Conferencia con invitados internacionales marca el primer hito en el desarrollo del proyecto de cooperaci\u00f3n entre UniBO, TEC y UC \u201cWinter<br \/>\nSchool \u2013 Design for Responsible Innovation\u201d.<\/p>\n","protected":false},"author":1,"featured_media":8123,"comment_status":"open","ping_status":"open","sticky":false,"template":"","format":"standard","meta":{"_acf_changed":false,"footnotes":""},"categories":[1],"tags":[],"class_list":["post-8122","post","type-post","status-publish","format-standard","has-post-thumbnail","hentry","category-sin-categorizar"],"acf":[],"yoast_head":"<!-- This site is optimized with the Yoast SEO plugin v27.1.1 - https:\/\/yoast.com\/product\/yoast-seo-wordpress\/ -->\n<title>Conferencia Winter School - Facultad de Arquitectura, Dise\u00f1o y Estudios Urbanos<\/title>\n<meta name=\"description\" content=\"Conferencia con invitados internacionales marca el primer hito en el desarrollo del proyecto de cooperaci\u00f3n entre UniBO, TEC y UC \u201cWinter School \u2013 Design for Responsible Innovation\u201d.\" \/>\n<meta name=\"robots\" content=\"index, follow, max-snippet:-1, max-image-preview:large, max-video-preview:-1\" \/>\n<link rel=\"canonical\" href=\"https:\/\/fadeu.urantiacos.cl\/en\/2020\/10\/13\/conferencia-winter-school\/\" \/>\n<meta property=\"og:locale\" content=\"en_US\" \/>\n<meta property=\"og:type\" content=\"article\" \/>\n<meta property=\"og:title\" content=\"Conferencia Winter School - Facultad de Arquitectura, Dise\u00f1o y Estudios Urbanos\" \/>\n<meta property=\"og:description\" content=\"Conferencia con invitados internacionales marca el primer hito en el desarrollo del proyecto de cooperaci\u00f3n entre UniBO, TEC y UC \u201cWinter School \u2013 Design for Responsible Innovation\u201d.\" \/>\n<meta property=\"og:url\" content=\"https:\/\/fadeu.urantiacos.cl\/en\/2020\/10\/13\/conferencia-winter-school\/\" \/>\n<meta property=\"og:site_name\" content=\"Facultad de Arquitectura, Dise\u00f1o y Estudios Urbanos\" \/>\n<meta property=\"article:published_time\" content=\"2020-10-13T23:07:00+00:00\" \/>\n<meta property=\"article:modified_time\" content=\"2023-09-09T23:10:24+00:00\" \/>\n<meta property=\"og:image\" content=\"https:\/\/fadeu.urantiacos.cl\/wp-content\/uploads\/2023\/09\/school_diseno_web.jpg\" \/>\n\t<meta property=\"og:image:width\" content=\"350\" \/>\n\t<meta property=\"og:image:height\" content=\"250\" \/>\n\t<meta property=\"og:image:type\" content=\"image\/jpeg\" \/>\n<meta name=\"author\" content=\"manadmin\" \/>\n<meta name=\"twitter:card\" content=\"summary_large_image\" \/>\n<meta name=\"twitter:label1\" content=\"Written by\" \/>\n\t<meta name=\"twitter:data1\" content=\"manadmin\" \/>\n\t<meta name=\"twitter:label2\" content=\"Est. reading time\" \/>\n\t<meta name=\"twitter:data2\" content=\"2 minutes\" \/>\n<script type=\"application\/ld+json\" class=\"yoast-schema-graph\">{\"@context\":\"https:\/\/schema.org\",\"@graph\":[{\"@type\":\"Article\",\"@id\":\"https:\/\/fadeu.urantiacos.cl\/en\/2020\/10\/13\/conferencia-winter-school\/#article\",\"isPartOf\":{\"@id\":\"https:\/\/fadeu.urantiacos.cl\/en\/2020\/10\/13\/conferencia-winter-school\/\"},\"author\":{\"name\":\"manadmin\",\"@id\":\"https:\/\/fadeu.urantiacos.cl\/en\/#\/schema\/person\/d203e2e84b1c40275eac77b3061a19a2\"},\"headline\":\"Conferencia Winter School\",\"datePublished\":\"2020-10-13T23:07:00+00:00\",\"dateModified\":\"2023-09-09T23:10:24+00:00\",\"mainEntityOfPage\":{\"@id\":\"https:\/\/fadeu.urantiacos.cl\/en\/2020\/10\/13\/conferencia-winter-school\/\"},\"wordCount\":475,\"commentCount\":0,\"image\":{\"@id\":\"https:\/\/fadeu.urantiacos.cl\/en\/2020\/10\/13\/conferencia-winter-school\/#primaryimage\"},\"thumbnailUrl\":\"https:\/\/fadeu.urantiacos.cl\/wp-content\/uploads\/2023\/09\/school_diseno_web.jpg\",\"articleSection\":[\"Sin categorizar\"],\"inLanguage\":\"en-US\",\"potentialAction\":[{\"@type\":\"CommentAction\",\"name\":\"Comment\",\"target\":[\"https:\/\/fadeu.urantiacos.cl\/en\/2020\/10\/13\/conferencia-winter-school\/#respond\"]}]},{\"@type\":\"WebPage\",\"@id\":\"https:\/\/fadeu.urantiacos.cl\/en\/2020\/10\/13\/conferencia-winter-school\/\",\"url\":\"https:\/\/fadeu.urantiacos.cl\/en\/2020\/10\/13\/conferencia-winter-school\/\",\"name\":\"Conferencia Winter School - Facultad de Arquitectura, Dise\u00f1o y Estudios Urbanos\",\"isPartOf\":{\"@id\":\"https:\/\/fadeu.urantiacos.cl\/en\/#website\"},\"primaryImageOfPage\":{\"@id\":\"https:\/\/fadeu.urantiacos.cl\/en\/2020\/10\/13\/conferencia-winter-school\/#primaryimage\"},\"image\":{\"@id\":\"https:\/\/fadeu.urantiacos.cl\/en\/2020\/10\/13\/conferencia-winter-school\/#primaryimage\"},\"thumbnailUrl\":\"https:\/\/fadeu.urantiacos.cl\/wp-content\/uploads\/2023\/09\/school_diseno_web.jpg\",\"datePublished\":\"2020-10-13T23:07:00+00:00\",\"dateModified\":\"2023-09-09T23:10:24+00:00\",\"author\":{\"@id\":\"https:\/\/fadeu.urantiacos.cl\/en\/#\/schema\/person\/d203e2e84b1c40275eac77b3061a19a2\"},\"description\":\"Conferencia con invitados internacionales marca el primer hito en el desarrollo del proyecto de cooperaci\u00f3n entre UniBO, TEC y UC \u201cWinter School \u2013 Design for Responsible Innovation\u201d.\",\"breadcrumb\":{\"@id\":\"https:\/\/fadeu.urantiacos.cl\/en\/2020\/10\/13\/conferencia-winter-school\/#breadcrumb\"},\"inLanguage\":\"en-US\",\"potentialAction\":[{\"@type\":\"ReadAction\",\"target\":[\"https:\/\/fadeu.urantiacos.cl\/en\/2020\/10\/13\/conferencia-winter-school\/\"]}]},{\"@type\":\"ImageObject\",\"inLanguage\":\"en-US\",\"@id\":\"https:\/\/fadeu.urantiacos.cl\/en\/2020\/10\/13\/conferencia-winter-school\/#primaryimage\",\"url\":\"https:\/\/fadeu.urantiacos.cl\/wp-content\/uploads\/2023\/09\/school_diseno_web.jpg\",\"contentUrl\":\"https:\/\/fadeu.urantiacos.cl\/wp-content\/uploads\/2023\/09\/school_diseno_web.jpg\",\"width\":350,\"height\":250},{\"@type\":\"BreadcrumbList\",\"@id\":\"https:\/\/fadeu.urantiacos.cl\/en\/2020\/10\/13\/conferencia-winter-school\/#breadcrumb\",\"itemListElement\":[{\"@type\":\"ListItem\",\"position\":1,\"name\":\"Portada\",\"item\":\"https:\/\/fadeu.urantiacos.cl\/en\/\"},{\"@type\":\"ListItem\",\"position\":2,\"name\":\"Conferencia Winter School\"}]},{\"@type\":\"WebSite\",\"@id\":\"https:\/\/fadeu.urantiacos.cl\/en\/#website\",\"url\":\"https:\/\/fadeu.urantiacos.cl\/en\/\",\"name\":\"Facultad de Arquitectura, Dise\u00f1o y Estudios Urbanos\",\"description\":\"Campus Lo Contador\",\"potentialAction\":[{\"@type\":\"SearchAction\",\"target\":{\"@type\":\"EntryPoint\",\"urlTemplate\":\"https:\/\/fadeu.urantiacos.cl\/en\/?s={search_term_string}\"},\"query-input\":{\"@type\":\"PropertyValueSpecification\",\"valueRequired\":true,\"valueName\":\"search_term_string\"}}],\"inLanguage\":\"en-US\"},{\"@type\":\"Person\",\"@id\":\"https:\/\/fadeu.urantiacos.cl\/en\/#\/schema\/person\/d203e2e84b1c40275eac77b3061a19a2\",\"name\":\"manadmin\",\"image\":{\"@type\":\"ImageObject\",\"inLanguage\":\"en-US\",\"@id\":\"https:\/\/fadeu.urantiacos.cl\/en\/#\/schema\/person\/image\/\",\"url\":\"https:\/\/secure.gravatar.com\/avatar\/4b1d8e3303b4a9d8968ac578947d8bc80d9aea359f388cdd4aac15cadc0e8447?s=96&d=mm&r=g\",\"contentUrl\":\"https:\/\/secure.gravatar.com\/avatar\/4b1d8e3303b4a9d8968ac578947d8bc80d9aea359f388cdd4aac15cadc0e8447?s=96&d=mm&r=g\",\"caption\":\"manadmin\"},\"sameAs\":[\"https:\/\/fadeu.urantiacos.cl\"]}]}<\/script>\n<!-- \/ Yoast SEO plugin. -->","yoast_head_json":{"title":"Conferencia Winter School - Facultad de Arquitectura, Dise\u00f1o y Estudios Urbanos","description":"Conferencia con invitados internacionales marca el primer hito en el desarrollo del proyecto de cooperaci\u00f3n entre UniBO, TEC y UC \u201cWinter School \u2013 Design for Responsible Innovation\u201d.","robots":{"index":"index","follow":"follow","max-snippet":"max-snippet:-1","max-image-preview":"max-image-preview:large","max-video-preview":"max-video-preview:-1"},"canonical":"https:\/\/fadeu.urantiacos.cl\/en\/2020\/10\/13\/conferencia-winter-school\/","og_locale":"en_US","og_type":"article","og_title":"Conferencia Winter School - Facultad de Arquitectura, Dise\u00f1o y Estudios Urbanos","og_description":"Conferencia con invitados internacionales marca el primer hito en el desarrollo del proyecto de cooperaci\u00f3n entre UniBO, TEC y UC \u201cWinter School \u2013 Design for Responsible Innovation\u201d.","og_url":"https:\/\/fadeu.urantiacos.cl\/en\/2020\/10\/13\/conferencia-winter-school\/","og_site_name":"Facultad de Arquitectura, Dise\u00f1o y Estudios Urbanos","article_published_time":"2020-10-13T23:07:00+00:00","article_modified_time":"2023-09-09T23:10:24+00:00","og_image":[{"width":350,"height":250,"url":"https:\/\/fadeu.urantiacos.cl\/wp-content\/uploads\/2023\/09\/school_diseno_web.jpg","type":"image\/jpeg"}],"author":"manadmin","twitter_card":"summary_large_image","twitter_misc":{"Written by":"manadmin","Est. reading time":"2 minutes"},"schema":{"@context":"https:\/\/schema.org","@graph":[{"@type":"Article","@id":"https:\/\/fadeu.urantiacos.cl\/en\/2020\/10\/13\/conferencia-winter-school\/#article","isPartOf":{"@id":"https:\/\/fadeu.urantiacos.cl\/en\/2020\/10\/13\/conferencia-winter-school\/"},"author":{"name":"manadmin","@id":"https:\/\/fadeu.urantiacos.cl\/en\/#\/schema\/person\/d203e2e84b1c40275eac77b3061a19a2"},"headline":"Conferencia Winter School","datePublished":"2020-10-13T23:07:00+00:00","dateModified":"2023-09-09T23:10:24+00:00","mainEntityOfPage":{"@id":"https:\/\/fadeu.urantiacos.cl\/en\/2020\/10\/13\/conferencia-winter-school\/"},"wordCount":475,"commentCount":0,"image":{"@id":"https:\/\/fadeu.urantiacos.cl\/en\/2020\/10\/13\/conferencia-winter-school\/#primaryimage"},"thumbnailUrl":"https:\/\/fadeu.urantiacos.cl\/wp-content\/uploads\/2023\/09\/school_diseno_web.jpg","articleSection":["Sin categorizar"],"inLanguage":"en-US","potentialAction":[{"@type":"CommentAction","name":"Comment","target":["https:\/\/fadeu.urantiacos.cl\/en\/2020\/10\/13\/conferencia-winter-school\/#respond"]}]},{"@type":"WebPage","@id":"https:\/\/fadeu.urantiacos.cl\/en\/2020\/10\/13\/conferencia-winter-school\/","url":"https:\/\/fadeu.urantiacos.cl\/en\/2020\/10\/13\/conferencia-winter-school\/","name":"Conferencia Winter School - Facultad de Arquitectura, Dise\u00f1o y Estudios Urbanos","isPartOf":{"@id":"https:\/\/fadeu.urantiacos.cl\/en\/#website"},"primaryImageOfPage":{"@id":"https:\/\/fadeu.urantiacos.cl\/en\/2020\/10\/13\/conferencia-winter-school\/#primaryimage"},"image":{"@id":"https:\/\/fadeu.urantiacos.cl\/en\/2020\/10\/13\/conferencia-winter-school\/#primaryimage"},"thumbnailUrl":"https:\/\/fadeu.urantiacos.cl\/wp-content\/uploads\/2023\/09\/school_diseno_web.jpg","datePublished":"2020-10-13T23:07:00+00:00","dateModified":"2023-09-09T23:10:24+00:00","author":{"@id":"https:\/\/fadeu.urantiacos.cl\/en\/#\/schema\/person\/d203e2e84b1c40275eac77b3061a19a2"},"description":"Conferencia con invitados internacionales marca el primer hito en el desarrollo del proyecto de cooperaci\u00f3n entre UniBO, TEC y UC \u201cWinter School \u2013 Design for Responsible Innovation\u201d.","breadcrumb":{"@id":"https:\/\/fadeu.urantiacos.cl\/en\/2020\/10\/13\/conferencia-winter-school\/#breadcrumb"},"inLanguage":"en-US","potentialAction":[{"@type":"ReadAction","target":["https:\/\/fadeu.urantiacos.cl\/en\/2020\/10\/13\/conferencia-winter-school\/"]}]},{"@type":"ImageObject","inLanguage":"en-US","@id":"https:\/\/fadeu.urantiacos.cl\/en\/2020\/10\/13\/conferencia-winter-school\/#primaryimage","url":"https:\/\/fadeu.urantiacos.cl\/wp-content\/uploads\/2023\/09\/school_diseno_web.jpg","contentUrl":"https:\/\/fadeu.urantiacos.cl\/wp-content\/uploads\/2023\/09\/school_diseno_web.jpg","width":350,"height":250},{"@type":"BreadcrumbList","@id":"https:\/\/fadeu.urantiacos.cl\/en\/2020\/10\/13\/conferencia-winter-school\/#breadcrumb","itemListElement":[{"@type":"ListItem","position":1,"name":"Portada","item":"https:\/\/fadeu.urantiacos.cl\/en\/"},{"@type":"ListItem","position":2,"name":"Conferencia Winter School"}]},{"@type":"WebSite","@id":"https:\/\/fadeu.urantiacos.cl\/en\/#website","url":"https:\/\/fadeu.urantiacos.cl\/en\/","name":"Facultad de Arquitectura, Dise\u00f1o y Estudios Urbanos","description":"Campus Lo Contador","potentialAction":[{"@type":"SearchAction","target":{"@type":"EntryPoint","urlTemplate":"https:\/\/fadeu.urantiacos.cl\/en\/?s={search_term_string}"},"query-input":{"@type":"PropertyValueSpecification","valueRequired":true,"valueName":"search_term_string"}}],"inLanguage":"en-US"},{"@type":"Person","@id":"https:\/\/fadeu.urantiacos.cl\/en\/#\/schema\/person\/d203e2e84b1c40275eac77b3061a19a2","name":"manadmin","image":{"@type":"ImageObject","inLanguage":"en-US","@id":"https:\/\/fadeu.urantiacos.cl\/en\/#\/schema\/person\/image\/","url":"https:\/\/secure.gravatar.com\/avatar\/4b1d8e3303b4a9d8968ac578947d8bc80d9aea359f388cdd4aac15cadc0e8447?s=96&d=mm&r=g","contentUrl":"https:\/\/secure.gravatar.com\/avatar\/4b1d8e3303b4a9d8968ac578947d8bc80d9aea359f388cdd4aac15cadc0e8447?s=96&d=mm&r=g","caption":"manadmin"},"sameAs":["https:\/\/fadeu.urantiacos.cl"]}]}},"_links":{"self":[{"href":"https:\/\/fadeu.urantiacos.cl\/en\/wp-json\/wp\/v2\/posts\/8122","targetHints":{"allow":["GET"]}}],"collection":[{"href":"https:\/\/fadeu.urantiacos.cl\/en\/wp-json\/wp\/v2\/posts"}],"about":[{"href":"https:\/\/fadeu.urantiacos.cl\/en\/wp-json\/wp\/v2\/types\/post"}],"author":[{"embeddable":true,"href":"https:\/\/fadeu.urantiacos.cl\/en\/wp-json\/wp\/v2\/users\/1"}],"replies":[{"embeddable":true,"href":"https:\/\/fadeu.urantiacos.cl\/en\/wp-json\/wp\/v2\/comments?post=8122"}],"version-history":[{"count":1,"href":"https:\/\/fadeu.urantiacos.cl\/en\/wp-json\/wp\/v2\/posts\/8122\/revisions"}],"predecessor-version":[{"id":8126,"href":"https:\/\/fadeu.urantiacos.cl\/en\/wp-json\/wp\/v2\/posts\/8122\/revisions\/8126"}],"wp:featuredmedia":[{"embeddable":true,"href":"https:\/\/fadeu.urantiacos.cl\/en\/wp-json\/wp\/v2\/media\/8123"}],"wp:attachment":[{"href":"https:\/\/fadeu.urantiacos.cl\/en\/wp-json\/wp\/v2\/media?parent=8122"}],"wp:term":[{"taxonomy":"category","embeddable":true,"href":"https:\/\/fadeu.urantiacos.cl\/en\/wp-json\/wp\/v2\/categories?post=8122"},{"taxonomy":"post_tag","embeddable":true,"href":"https:\/\/fadeu.urantiacos.cl\/en\/wp-json\/wp\/v2\/tags?post=8122"}],"curies":[{"name":"wp","href":"https:\/\/api.w.org\/{rel}","templated":true}]}}