{"id":8111,"date":"2020-10-13T19:58:00","date_gmt":"2020-10-13T22:58:00","guid":{"rendered":"https:\/\/fadeu.urantiacos.cl\/?p=8111"},"modified":"2023-09-09T20:03:34","modified_gmt":"2023-09-09T23:03:34","slug":"ciclo-de-mujeres-y-arquitectura-moderna-se-consolida-como-instancia-de-dialogo-y-reflexion-en-el-contexto-latinoamericano","status":"publish","type":"post","link":"https:\/\/fadeu.urantiacos.cl\/en\/2020\/10\/13\/ciclo-de-mujeres-y-arquitectura-moderna-se-consolida-como-instancia-de-dialogo-y-reflexion-en-el-contexto-latinoamericano\/","title":{"rendered":"Ciclo de Mujeres y Arquitectura Moderna se consolida como instancia de di\u00e1logo y reflexi\u00f3n en el contexto latinoamericano"},"content":{"rendered":"\n<figure class=\"wp-block-image size-full\"><img decoding=\"async\" width=\"350\" height=\"250\" src=\"https:\/\/fadeu.urantiacos.cl\/wp-content\/uploads\/2023\/09\/CICLO_MUJERES_ARQ_CPC.jpg\" alt=\"\" class=\"wp-image-8113\" srcset=\"https:\/\/fadeu.urantiacos.cl\/wp-content\/uploads\/2023\/09\/CICLO_MUJERES_ARQ_CPC.jpg 350w, https:\/\/fadeu.urantiacos.cl\/wp-content\/uploads\/2023\/09\/CICLO_MUJERES_ARQ_CPC-300x214.jpg 300w\" sizes=\"(max-width: 350px) 100vw, 350px\" \/><\/figure>\n\n\n\n<p>El ciclo fue concebido para relevar y reconocer la contribuci\u00f3n que un grupo de mujeres, actuando desde distintos \u00e1mbitos, hizo a la arquitectura moderna para que \u00e9sta fuera un fen\u00f3meno revolucionario y transformador que afect\u00f3 la vida de una multitud de mujeres y hombres modernos.<\/p>\n\n\n\n<p>En palabras de sus organizadores, se busc\u00f3 \u201ccontribuir a la verdad hist\u00f3rica, proponer una explicaci\u00f3n m\u00e1s acabada del fen\u00f3meno arquitect\u00f3nico, pero sobre todo traer al primer plano de la discusi\u00f3n una serie de actuaciones que no recibieron en su momento un juicio cr\u00edtico por parte de sus pares, ni han ocupado en la historiograf\u00eda una posici\u00f3n n\u00edtida ni clara, debido a que quienes construyeron la narrativa oficial de lo ocurrido tendieron a pasarlas por alto, por mala intenci\u00f3n o por descuido\u201d.<\/p>\n\n\n\n<p>Las sesiones realizadas fueron las siguientes:<\/p>\n\n\n\n<ul class=\"wp-block-list\">\n<li>Mujeres, Turismo, Medicina y Arquitectura Moderna: con Macarena Cort\u00e9s y Andrea Rojas (27 de agosto).<\/li>\n\n\n\n<li>Las Mujeres y el Canon de la Arquitectura Moderna: con Rodrigo Cort\u00e9s y Hugo Mondrag\u00f3n (3 de septiembre).<\/li>\n\n\n\n<li>Mujeres y Revistas: con Anita Puig y B\u00e1rbara Rozas (10 de septiembre).<\/li>\n\n\n\n<li>Mujeres Proyectistas: con Claudio Galeno y David Caralt (24 de septiembre).<\/li>\n\n\n\n<li>Mujeres, Muebles Modernos y Fotograf\u00eda: con Ver\u00f3nica Esparza y Andr\u00e9s T\u00e9llez (1 de octubre).<\/li>\n\n\n\n<li>Las Mujeres y la Historiograf\u00eda de la Arquitectura: con Horacio Torrent y Ruth Verde (8 de octubre).<\/li>\n<\/ul>\n\n\n\n<p><strong>Impresiones<\/strong><\/p>\n\n\n\n<p>El Director del Centro del Patrimonio Cultural UC, profesor Umberto Bonomo, sostuvo que \u201chemos visto en este ciclo en primer plano las obras de mujeres que en su momento no recibieron un justo juicio cr\u00edtico, lo que llev\u00f3 a que su trabajo no fuera debidamente reconocido en la historiograf\u00eda de la arquitectura\u201d, agregando, adem\u00e1s, que \u201ceste esfuerzo ha recibido elogios desde Brasil, Espa\u00f1a, Per\u00fa, M\u00e9xico, Ecuador y otros pa\u00edses, adem\u00e1s de Chile, lo que destaca la pertinencia y el inter\u00e9s que estos temas generan en la comunidad disciplinar del contexto regional\u201d.<\/p>\n\n\n\n<p>Por su parte, Macarena Cort\u00e9s afirm\u00f3 que \u201chay m\u00faltiples desaf\u00edos que plantea este ciclo, que tienen que ver con superar las historias personales y biogr\u00e1ficas de las mujeres, para concentrarnos en relevar la obra\u201d.<\/p>\n\n\n\n<p>\u201cMe gustar\u00eda se\u00f1alar que este ciclo nos debe empujar a seguir investigando mujeres cuya obra sigue invisibilizada por distintos motivos, y nos plantea el desaf\u00edo de revisar su contribuci\u00f3n como protagonistas y tambi\u00e9n como integrantes de un equipos de trabajo, en los cuales su aporte es valioso. La mujer tiene gran capacidad de trabajo en equipo, y ese es un aspecto a relevar, a mi juicio, en futuras sesiones\u201d, agreg\u00f3 Cort\u00e9s.<\/p>\n\n\n\n<p>El profesor Mondrag\u00f3n destac\u00f3 la alta participaci\u00f3n en las seis sesiones de ciclo, enfatizando que \u201chemos estado pensando mucho en una segunda parte de este ciclo, abri\u00e9ndonos al contexto internacional, m\u00e1s all\u00e1 de la regi\u00f3n. El ciclo nos llena de orgullo y de ganas para impulsar otras iniciativas como \u00e9sta, para reivindicar el trabajo de m\u00e1s mujeres cuya obra debe ocupar lugares relevantes en la historiograf\u00eda disciplinar\u201d.<\/p>\n\n\n\n<p>Puedes revisar el ciclo completo&nbsp;<a href=\"https:\/\/www.youtube.com\/channel\/UCEebNYKLk3Lmgs5I-jzd-1A\" target=\"_blank\" rel=\"noreferrer noopener\">aqu\u00ed<\/a>.<\/p>\n\n\n\n<figure class=\"wp-block-image size-full\"><img decoding=\"async\" width=\"640\" height=\"409\" src=\"https:\/\/fadeu.urantiacos.cl\/wp-content\/uploads\/2023\/09\/IMG_4074.jpg\" alt=\"\" class=\"wp-image-8114\" srcset=\"https:\/\/fadeu.urantiacos.cl\/wp-content\/uploads\/2023\/09\/IMG_4074.jpg 640w, https:\/\/fadeu.urantiacos.cl\/wp-content\/uploads\/2023\/09\/IMG_4074-300x192.jpg 300w\" sizes=\"(max-width: 640px) 100vw, 640px\" \/><\/figure>\n\n\n\n<p>INFORMACI\u00d3N PERIOD\u00cdSTICA<br>JUAN ANDR\u00c9S INZUNZA<\/p>\n","protected":false},"excerpt":{"rendered":"<p>M\u00e1s de 1.300 visualizaciones online (YouTube) tiene al d\u00eda de hoy el Ciclo \u201cMujeres y Arquitectura Moderna\u201d, organizado por la Facultad de Arquitectura, Dise\u00f1o y Estudios Urbanos; el Centro del Patrimonio Cultural UC; la escuela de Arquitectura y DOCOMOMO Chile, instancia que fue coordinada por los profesores Hugo Mondrag\u00f3n y Macarena Cort\u00e9s (tambi\u00e9n Directora de Comunicaciones y Extensi\u00f3n FADEU).<\/p>\n","protected":false},"author":1,"featured_media":8113,"comment_status":"open","ping_status":"open","sticky":false,"template":"","format":"standard","meta":{"_acf_changed":false,"footnotes":""},"categories":[1],"tags":[],"class_list":["post-8111","post","type-post","status-publish","format-standard","has-post-thumbnail","hentry","category-sin-categorizar"],"acf":[],"yoast_head":"<!-- This site is optimized with the Yoast SEO plugin v27.1.1 - https:\/\/yoast.com\/product\/yoast-seo-wordpress\/ -->\n<title>Ciclo de Mujeres y Arquitectura Moderna se consolida como instancia de di\u00e1logo y reflexi\u00f3n en el contexto latinoamericano - Facultad de Arquitectura, Dise\u00f1o y Estudios Urbanos<\/title>\n<meta name=\"description\" content=\"M\u00e1s de 1.300 visualizaciones online (YouTube) tiene al d\u00eda de hoy el Ciclo \u201cMujeres y Arquitectura Moderna\u201d, organizado por la Facultad de Arquitectura, Dise\u00f1o y Estudios Urbanos; el Centro del Patrimonio Cultural UC; la escuela de Arquitectura y DOCOMOMO Chile, instancia que fue coordinada por los profesores Hugo Mondrag\u00f3n y Macarena Cort\u00e9s (tambi\u00e9n Directora de Comunicaciones y Extensi\u00f3n FADEU).\" \/>\n<meta name=\"robots\" content=\"index, follow, max-snippet:-1, max-image-preview:large, max-video-preview:-1\" \/>\n<link rel=\"canonical\" href=\"https:\/\/fadeu.urantiacos.cl\/en\/2020\/10\/13\/ciclo-de-mujeres-y-arquitectura-moderna-se-consolida-como-instancia-de-dialogo-y-reflexion-en-el-contexto-latinoamericano\/\" \/>\n<meta property=\"og:locale\" content=\"en_US\" \/>\n<meta property=\"og:type\" content=\"article\" \/>\n<meta property=\"og:title\" content=\"Ciclo de Mujeres y Arquitectura Moderna se consolida como instancia de di\u00e1logo y reflexi\u00f3n en el contexto latinoamericano - Facultad de Arquitectura, Dise\u00f1o y Estudios Urbanos\" \/>\n<meta property=\"og:description\" content=\"M\u00e1s de 1.300 visualizaciones online (YouTube) tiene al d\u00eda de hoy el Ciclo \u201cMujeres y Arquitectura Moderna\u201d, organizado por la Facultad de Arquitectura, Dise\u00f1o y Estudios Urbanos; el Centro del Patrimonio Cultural UC; la escuela de Arquitectura y DOCOMOMO Chile, instancia que fue coordinada por los profesores Hugo Mondrag\u00f3n y Macarena Cort\u00e9s (tambi\u00e9n Directora de Comunicaciones y Extensi\u00f3n FADEU).\" \/>\n<meta property=\"og:url\" content=\"https:\/\/fadeu.urantiacos.cl\/en\/2020\/10\/13\/ciclo-de-mujeres-y-arquitectura-moderna-se-consolida-como-instancia-de-dialogo-y-reflexion-en-el-contexto-latinoamericano\/\" \/>\n<meta property=\"og:site_name\" content=\"Facultad de Arquitectura, Dise\u00f1o y Estudios Urbanos\" \/>\n<meta property=\"article:published_time\" content=\"2020-10-13T22:58:00+00:00\" \/>\n<meta property=\"article:modified_time\" content=\"2023-09-09T23:03:34+00:00\" \/>\n<meta property=\"og:image\" content=\"https:\/\/fadeu.urantiacos.cl\/wp-content\/uploads\/2023\/09\/CICLO_MUJERES_ARQ_CPC.jpg\" \/>\n\t<meta property=\"og:image:width\" content=\"350\" \/>\n\t<meta property=\"og:image:height\" content=\"250\" \/>\n\t<meta property=\"og:image:type\" content=\"image\/jpeg\" \/>\n<meta name=\"author\" content=\"manadmin\" \/>\n<meta name=\"twitter:card\" content=\"summary_large_image\" \/>\n<meta name=\"twitter:label1\" content=\"Written by\" \/>\n\t<meta name=\"twitter:data1\" content=\"manadmin\" \/>\n\t<meta name=\"twitter:label2\" content=\"Est. reading time\" \/>\n\t<meta name=\"twitter:data2\" content=\"3 minutes\" \/>\n<script type=\"application\/ld+json\" class=\"yoast-schema-graph\">{\"@context\":\"https:\/\/schema.org\",\"@graph\":[{\"@type\":\"Article\",\"@id\":\"https:\/\/fadeu.urantiacos.cl\/en\/2020\/10\/13\/ciclo-de-mujeres-y-arquitectura-moderna-se-consolida-como-instancia-de-dialogo-y-reflexion-en-el-contexto-latinoamericano\/#article\",\"isPartOf\":{\"@id\":\"https:\/\/fadeu.urantiacos.cl\/en\/2020\/10\/13\/ciclo-de-mujeres-y-arquitectura-moderna-se-consolida-como-instancia-de-dialogo-y-reflexion-en-el-contexto-latinoamericano\/\"},\"author\":{\"name\":\"manadmin\",\"@id\":\"https:\/\/fadeu.urantiacos.cl\/en\/#\/schema\/person\/d203e2e84b1c40275eac77b3061a19a2\"},\"headline\":\"Ciclo de Mujeres y Arquitectura Moderna se consolida como instancia de di\u00e1logo y reflexi\u00f3n en el contexto latinoamericano\",\"datePublished\":\"2020-10-13T22:58:00+00:00\",\"dateModified\":\"2023-09-09T23:03:34+00:00\",\"mainEntityOfPage\":{\"@id\":\"https:\/\/fadeu.urantiacos.cl\/en\/2020\/10\/13\/ciclo-de-mujeres-y-arquitectura-moderna-se-consolida-como-instancia-de-dialogo-y-reflexion-en-el-contexto-latinoamericano\/\"},\"wordCount\":558,\"commentCount\":0,\"image\":{\"@id\":\"https:\/\/fadeu.urantiacos.cl\/en\/2020\/10\/13\/ciclo-de-mujeres-y-arquitectura-moderna-se-consolida-como-instancia-de-dialogo-y-reflexion-en-el-contexto-latinoamericano\/#primaryimage\"},\"thumbnailUrl\":\"https:\/\/fadeu.urantiacos.cl\/wp-content\/uploads\/2023\/09\/CICLO_MUJERES_ARQ_CPC.jpg\",\"articleSection\":[\"Sin categorizar\"],\"inLanguage\":\"en-US\",\"potentialAction\":[{\"@type\":\"CommentAction\",\"name\":\"Comment\",\"target\":[\"https:\/\/fadeu.urantiacos.cl\/en\/2020\/10\/13\/ciclo-de-mujeres-y-arquitectura-moderna-se-consolida-como-instancia-de-dialogo-y-reflexion-en-el-contexto-latinoamericano\/#respond\"]}]},{\"@type\":\"WebPage\",\"@id\":\"https:\/\/fadeu.urantiacos.cl\/en\/2020\/10\/13\/ciclo-de-mujeres-y-arquitectura-moderna-se-consolida-como-instancia-de-dialogo-y-reflexion-en-el-contexto-latinoamericano\/\",\"url\":\"https:\/\/fadeu.urantiacos.cl\/en\/2020\/10\/13\/ciclo-de-mujeres-y-arquitectura-moderna-se-consolida-como-instancia-de-dialogo-y-reflexion-en-el-contexto-latinoamericano\/\",\"name\":\"Ciclo de Mujeres y Arquitectura Moderna se consolida como instancia de di\u00e1logo y reflexi\u00f3n en el contexto latinoamericano - Facultad de Arquitectura, Dise\u00f1o y Estudios Urbanos\",\"isPartOf\":{\"@id\":\"https:\/\/fadeu.urantiacos.cl\/en\/#website\"},\"primaryImageOfPage\":{\"@id\":\"https:\/\/fadeu.urantiacos.cl\/en\/2020\/10\/13\/ciclo-de-mujeres-y-arquitectura-moderna-se-consolida-como-instancia-de-dialogo-y-reflexion-en-el-contexto-latinoamericano\/#primaryimage\"},\"image\":{\"@id\":\"https:\/\/fadeu.urantiacos.cl\/en\/2020\/10\/13\/ciclo-de-mujeres-y-arquitectura-moderna-se-consolida-como-instancia-de-dialogo-y-reflexion-en-el-contexto-latinoamericano\/#primaryimage\"},\"thumbnailUrl\":\"https:\/\/fadeu.urantiacos.cl\/wp-content\/uploads\/2023\/09\/CICLO_MUJERES_ARQ_CPC.jpg\",\"datePublished\":\"2020-10-13T22:58:00+00:00\",\"dateModified\":\"2023-09-09T23:03:34+00:00\",\"author\":{\"@id\":\"https:\/\/fadeu.urantiacos.cl\/en\/#\/schema\/person\/d203e2e84b1c40275eac77b3061a19a2\"},\"description\":\"M\u00e1s de 1.300 visualizaciones online (YouTube) tiene al d\u00eda de hoy el Ciclo \u201cMujeres y Arquitectura Moderna\u201d, organizado por la Facultad de Arquitectura, Dise\u00f1o y Estudios Urbanos; el Centro del Patrimonio Cultural UC; la escuela de Arquitectura y DOCOMOMO Chile, instancia que fue coordinada por los profesores Hugo Mondrag\u00f3n y Macarena Cort\u00e9s (tambi\u00e9n Directora de Comunicaciones y Extensi\u00f3n FADEU).\",\"breadcrumb\":{\"@id\":\"https:\/\/fadeu.urantiacos.cl\/en\/2020\/10\/13\/ciclo-de-mujeres-y-arquitectura-moderna-se-consolida-como-instancia-de-dialogo-y-reflexion-en-el-contexto-latinoamericano\/#breadcrumb\"},\"inLanguage\":\"en-US\",\"potentialAction\":[{\"@type\":\"ReadAction\",\"target\":[\"https:\/\/fadeu.urantiacos.cl\/en\/2020\/10\/13\/ciclo-de-mujeres-y-arquitectura-moderna-se-consolida-como-instancia-de-dialogo-y-reflexion-en-el-contexto-latinoamericano\/\"]}]},{\"@type\":\"ImageObject\",\"inLanguage\":\"en-US\",\"@id\":\"https:\/\/fadeu.urantiacos.cl\/en\/2020\/10\/13\/ciclo-de-mujeres-y-arquitectura-moderna-se-consolida-como-instancia-de-dialogo-y-reflexion-en-el-contexto-latinoamericano\/#primaryimage\",\"url\":\"https:\/\/fadeu.urantiacos.cl\/wp-content\/uploads\/2023\/09\/CICLO_MUJERES_ARQ_CPC.jpg\",\"contentUrl\":\"https:\/\/fadeu.urantiacos.cl\/wp-content\/uploads\/2023\/09\/CICLO_MUJERES_ARQ_CPC.jpg\",\"width\":350,\"height\":250},{\"@type\":\"BreadcrumbList\",\"@id\":\"https:\/\/fadeu.urantiacos.cl\/en\/2020\/10\/13\/ciclo-de-mujeres-y-arquitectura-moderna-se-consolida-como-instancia-de-dialogo-y-reflexion-en-el-contexto-latinoamericano\/#breadcrumb\",\"itemListElement\":[{\"@type\":\"ListItem\",\"position\":1,\"name\":\"Portada\",\"item\":\"https:\/\/fadeu.urantiacos.cl\/en\/\"},{\"@type\":\"ListItem\",\"position\":2,\"name\":\"Ciclo de Mujeres y Arquitectura Moderna se consolida como instancia de di\u00e1logo y reflexi\u00f3n en el contexto latinoamericano\"}]},{\"@type\":\"WebSite\",\"@id\":\"https:\/\/fadeu.urantiacos.cl\/en\/#website\",\"url\":\"https:\/\/fadeu.urantiacos.cl\/en\/\",\"name\":\"Facultad de Arquitectura, Dise\u00f1o y Estudios Urbanos\",\"description\":\"Campus Lo Contador\",\"potentialAction\":[{\"@type\":\"SearchAction\",\"target\":{\"@type\":\"EntryPoint\",\"urlTemplate\":\"https:\/\/fadeu.urantiacos.cl\/en\/?s={search_term_string}\"},\"query-input\":{\"@type\":\"PropertyValueSpecification\",\"valueRequired\":true,\"valueName\":\"search_term_string\"}}],\"inLanguage\":\"en-US\"},{\"@type\":\"Person\",\"@id\":\"https:\/\/fadeu.urantiacos.cl\/en\/#\/schema\/person\/d203e2e84b1c40275eac77b3061a19a2\",\"name\":\"manadmin\",\"image\":{\"@type\":\"ImageObject\",\"inLanguage\":\"en-US\",\"@id\":\"https:\/\/fadeu.urantiacos.cl\/en\/#\/schema\/person\/image\/\",\"url\":\"https:\/\/secure.gravatar.com\/avatar\/4b1d8e3303b4a9d8968ac578947d8bc80d9aea359f388cdd4aac15cadc0e8447?s=96&d=mm&r=g\",\"contentUrl\":\"https:\/\/secure.gravatar.com\/avatar\/4b1d8e3303b4a9d8968ac578947d8bc80d9aea359f388cdd4aac15cadc0e8447?s=96&d=mm&r=g\",\"caption\":\"manadmin\"},\"sameAs\":[\"https:\/\/fadeu.urantiacos.cl\"]}]}<\/script>\n<!-- \/ Yoast SEO plugin. -->","yoast_head_json":{"title":"Ciclo de Mujeres y Arquitectura Moderna se consolida como instancia de di\u00e1logo y reflexi\u00f3n en el contexto latinoamericano - Facultad de Arquitectura, Dise\u00f1o y Estudios Urbanos","description":"M\u00e1s de 1.300 visualizaciones online (YouTube) tiene al d\u00eda de hoy el Ciclo \u201cMujeres y Arquitectura Moderna\u201d, organizado por la Facultad de Arquitectura, Dise\u00f1o y Estudios Urbanos; el Centro del Patrimonio Cultural UC; la escuela de Arquitectura y DOCOMOMO Chile, instancia que fue coordinada por los profesores Hugo Mondrag\u00f3n y Macarena Cort\u00e9s (tambi\u00e9n Directora de Comunicaciones y Extensi\u00f3n FADEU).","robots":{"index":"index","follow":"follow","max-snippet":"max-snippet:-1","max-image-preview":"max-image-preview:large","max-video-preview":"max-video-preview:-1"},"canonical":"https:\/\/fadeu.urantiacos.cl\/en\/2020\/10\/13\/ciclo-de-mujeres-y-arquitectura-moderna-se-consolida-como-instancia-de-dialogo-y-reflexion-en-el-contexto-latinoamericano\/","og_locale":"en_US","og_type":"article","og_title":"Ciclo de Mujeres y Arquitectura Moderna se consolida como instancia de di\u00e1logo y reflexi\u00f3n en el contexto latinoamericano - Facultad de Arquitectura, Dise\u00f1o y Estudios Urbanos","og_description":"M\u00e1s de 1.300 visualizaciones online (YouTube) tiene al d\u00eda de hoy el Ciclo \u201cMujeres y Arquitectura Moderna\u201d, organizado por la Facultad de Arquitectura, Dise\u00f1o y Estudios Urbanos; el Centro del Patrimonio Cultural UC; la escuela de Arquitectura y DOCOMOMO Chile, instancia que fue coordinada por los profesores Hugo Mondrag\u00f3n y Macarena Cort\u00e9s (tambi\u00e9n Directora de Comunicaciones y Extensi\u00f3n FADEU).","og_url":"https:\/\/fadeu.urantiacos.cl\/en\/2020\/10\/13\/ciclo-de-mujeres-y-arquitectura-moderna-se-consolida-como-instancia-de-dialogo-y-reflexion-en-el-contexto-latinoamericano\/","og_site_name":"Facultad de Arquitectura, Dise\u00f1o y Estudios Urbanos","article_published_time":"2020-10-13T22:58:00+00:00","article_modified_time":"2023-09-09T23:03:34+00:00","og_image":[{"width":350,"height":250,"url":"https:\/\/fadeu.urantiacos.cl\/wp-content\/uploads\/2023\/09\/CICLO_MUJERES_ARQ_CPC.jpg","type":"image\/jpeg"}],"author":"manadmin","twitter_card":"summary_large_image","twitter_misc":{"Written by":"manadmin","Est. reading time":"3 minutes"},"schema":{"@context":"https:\/\/schema.org","@graph":[{"@type":"Article","@id":"https:\/\/fadeu.urantiacos.cl\/en\/2020\/10\/13\/ciclo-de-mujeres-y-arquitectura-moderna-se-consolida-como-instancia-de-dialogo-y-reflexion-en-el-contexto-latinoamericano\/#article","isPartOf":{"@id":"https:\/\/fadeu.urantiacos.cl\/en\/2020\/10\/13\/ciclo-de-mujeres-y-arquitectura-moderna-se-consolida-como-instancia-de-dialogo-y-reflexion-en-el-contexto-latinoamericano\/"},"author":{"name":"manadmin","@id":"https:\/\/fadeu.urantiacos.cl\/en\/#\/schema\/person\/d203e2e84b1c40275eac77b3061a19a2"},"headline":"Ciclo de Mujeres y Arquitectura Moderna se consolida como instancia de di\u00e1logo y reflexi\u00f3n en el contexto latinoamericano","datePublished":"2020-10-13T22:58:00+00:00","dateModified":"2023-09-09T23:03:34+00:00","mainEntityOfPage":{"@id":"https:\/\/fadeu.urantiacos.cl\/en\/2020\/10\/13\/ciclo-de-mujeres-y-arquitectura-moderna-se-consolida-como-instancia-de-dialogo-y-reflexion-en-el-contexto-latinoamericano\/"},"wordCount":558,"commentCount":0,"image":{"@id":"https:\/\/fadeu.urantiacos.cl\/en\/2020\/10\/13\/ciclo-de-mujeres-y-arquitectura-moderna-se-consolida-como-instancia-de-dialogo-y-reflexion-en-el-contexto-latinoamericano\/#primaryimage"},"thumbnailUrl":"https:\/\/fadeu.urantiacos.cl\/wp-content\/uploads\/2023\/09\/CICLO_MUJERES_ARQ_CPC.jpg","articleSection":["Sin categorizar"],"inLanguage":"en-US","potentialAction":[{"@type":"CommentAction","name":"Comment","target":["https:\/\/fadeu.urantiacos.cl\/en\/2020\/10\/13\/ciclo-de-mujeres-y-arquitectura-moderna-se-consolida-como-instancia-de-dialogo-y-reflexion-en-el-contexto-latinoamericano\/#respond"]}]},{"@type":"WebPage","@id":"https:\/\/fadeu.urantiacos.cl\/en\/2020\/10\/13\/ciclo-de-mujeres-y-arquitectura-moderna-se-consolida-como-instancia-de-dialogo-y-reflexion-en-el-contexto-latinoamericano\/","url":"https:\/\/fadeu.urantiacos.cl\/en\/2020\/10\/13\/ciclo-de-mujeres-y-arquitectura-moderna-se-consolida-como-instancia-de-dialogo-y-reflexion-en-el-contexto-latinoamericano\/","name":"Ciclo de Mujeres y Arquitectura Moderna se consolida como instancia de di\u00e1logo y reflexi\u00f3n en el contexto latinoamericano - Facultad de Arquitectura, Dise\u00f1o y Estudios Urbanos","isPartOf":{"@id":"https:\/\/fadeu.urantiacos.cl\/en\/#website"},"primaryImageOfPage":{"@id":"https:\/\/fadeu.urantiacos.cl\/en\/2020\/10\/13\/ciclo-de-mujeres-y-arquitectura-moderna-se-consolida-como-instancia-de-dialogo-y-reflexion-en-el-contexto-latinoamericano\/#primaryimage"},"image":{"@id":"https:\/\/fadeu.urantiacos.cl\/en\/2020\/10\/13\/ciclo-de-mujeres-y-arquitectura-moderna-se-consolida-como-instancia-de-dialogo-y-reflexion-en-el-contexto-latinoamericano\/#primaryimage"},"thumbnailUrl":"https:\/\/fadeu.urantiacos.cl\/wp-content\/uploads\/2023\/09\/CICLO_MUJERES_ARQ_CPC.jpg","datePublished":"2020-10-13T22:58:00+00:00","dateModified":"2023-09-09T23:03:34+00:00","author":{"@id":"https:\/\/fadeu.urantiacos.cl\/en\/#\/schema\/person\/d203e2e84b1c40275eac77b3061a19a2"},"description":"M\u00e1s de 1.300 visualizaciones online (YouTube) tiene al d\u00eda de hoy el Ciclo \u201cMujeres y Arquitectura Moderna\u201d, organizado por la Facultad de Arquitectura, Dise\u00f1o y Estudios Urbanos; el Centro del Patrimonio Cultural UC; la escuela de Arquitectura y DOCOMOMO Chile, instancia que fue coordinada por los profesores Hugo Mondrag\u00f3n y Macarena Cort\u00e9s (tambi\u00e9n Directora de Comunicaciones y Extensi\u00f3n FADEU).","breadcrumb":{"@id":"https:\/\/fadeu.urantiacos.cl\/en\/2020\/10\/13\/ciclo-de-mujeres-y-arquitectura-moderna-se-consolida-como-instancia-de-dialogo-y-reflexion-en-el-contexto-latinoamericano\/#breadcrumb"},"inLanguage":"en-US","potentialAction":[{"@type":"ReadAction","target":["https:\/\/fadeu.urantiacos.cl\/en\/2020\/10\/13\/ciclo-de-mujeres-y-arquitectura-moderna-se-consolida-como-instancia-de-dialogo-y-reflexion-en-el-contexto-latinoamericano\/"]}]},{"@type":"ImageObject","inLanguage":"en-US","@id":"https:\/\/fadeu.urantiacos.cl\/en\/2020\/10\/13\/ciclo-de-mujeres-y-arquitectura-moderna-se-consolida-como-instancia-de-dialogo-y-reflexion-en-el-contexto-latinoamericano\/#primaryimage","url":"https:\/\/fadeu.urantiacos.cl\/wp-content\/uploads\/2023\/09\/CICLO_MUJERES_ARQ_CPC.jpg","contentUrl":"https:\/\/fadeu.urantiacos.cl\/wp-content\/uploads\/2023\/09\/CICLO_MUJERES_ARQ_CPC.jpg","width":350,"height":250},{"@type":"BreadcrumbList","@id":"https:\/\/fadeu.urantiacos.cl\/en\/2020\/10\/13\/ciclo-de-mujeres-y-arquitectura-moderna-se-consolida-como-instancia-de-dialogo-y-reflexion-en-el-contexto-latinoamericano\/#breadcrumb","itemListElement":[{"@type":"ListItem","position":1,"name":"Portada","item":"https:\/\/fadeu.urantiacos.cl\/en\/"},{"@type":"ListItem","position":2,"name":"Ciclo de Mujeres y Arquitectura Moderna se consolida como instancia de di\u00e1logo y reflexi\u00f3n en el contexto latinoamericano"}]},{"@type":"WebSite","@id":"https:\/\/fadeu.urantiacos.cl\/en\/#website","url":"https:\/\/fadeu.urantiacos.cl\/en\/","name":"Facultad de Arquitectura, Dise\u00f1o y Estudios Urbanos","description":"Campus Lo Contador","potentialAction":[{"@type":"SearchAction","target":{"@type":"EntryPoint","urlTemplate":"https:\/\/fadeu.urantiacos.cl\/en\/?s={search_term_string}"},"query-input":{"@type":"PropertyValueSpecification","valueRequired":true,"valueName":"search_term_string"}}],"inLanguage":"en-US"},{"@type":"Person","@id":"https:\/\/fadeu.urantiacos.cl\/en\/#\/schema\/person\/d203e2e84b1c40275eac77b3061a19a2","name":"manadmin","image":{"@type":"ImageObject","inLanguage":"en-US","@id":"https:\/\/fadeu.urantiacos.cl\/en\/#\/schema\/person\/image\/","url":"https:\/\/secure.gravatar.com\/avatar\/4b1d8e3303b4a9d8968ac578947d8bc80d9aea359f388cdd4aac15cadc0e8447?s=96&d=mm&r=g","contentUrl":"https:\/\/secure.gravatar.com\/avatar\/4b1d8e3303b4a9d8968ac578947d8bc80d9aea359f388cdd4aac15cadc0e8447?s=96&d=mm&r=g","caption":"manadmin"},"sameAs":["https:\/\/fadeu.urantiacos.cl"]}]}},"_links":{"self":[{"href":"https:\/\/fadeu.urantiacos.cl\/en\/wp-json\/wp\/v2\/posts\/8111","targetHints":{"allow":["GET"]}}],"collection":[{"href":"https:\/\/fadeu.urantiacos.cl\/en\/wp-json\/wp\/v2\/posts"}],"about":[{"href":"https:\/\/fadeu.urantiacos.cl\/en\/wp-json\/wp\/v2\/types\/post"}],"author":[{"embeddable":true,"href":"https:\/\/fadeu.urantiacos.cl\/en\/wp-json\/wp\/v2\/users\/1"}],"replies":[{"embeddable":true,"href":"https:\/\/fadeu.urantiacos.cl\/en\/wp-json\/wp\/v2\/comments?post=8111"}],"version-history":[{"count":1,"href":"https:\/\/fadeu.urantiacos.cl\/en\/wp-json\/wp\/v2\/posts\/8111\/revisions"}],"predecessor-version":[{"id":8115,"href":"https:\/\/fadeu.urantiacos.cl\/en\/wp-json\/wp\/v2\/posts\/8111\/revisions\/8115"}],"wp:featuredmedia":[{"embeddable":true,"href":"https:\/\/fadeu.urantiacos.cl\/en\/wp-json\/wp\/v2\/media\/8113"}],"wp:attachment":[{"href":"https:\/\/fadeu.urantiacos.cl\/en\/wp-json\/wp\/v2\/media?parent=8111"}],"wp:term":[{"taxonomy":"category","embeddable":true,"href":"https:\/\/fadeu.urantiacos.cl\/en\/wp-json\/wp\/v2\/categories?post=8111"},{"taxonomy":"post_tag","embeddable":true,"href":"https:\/\/fadeu.urantiacos.cl\/en\/wp-json\/wp\/v2\/tags?post=8111"}],"curies":[{"name":"wp","href":"https:\/\/api.w.org\/{rel}","templated":true}]}}