{"id":8105,"date":"2020-10-13T19:54:00","date_gmt":"2020-10-13T22:54:00","guid":{"rendered":"https:\/\/fadeu.urantiacos.cl\/?p=8105"},"modified":"2023-09-09T19:58:06","modified_gmt":"2023-09-09T22:58:06","slug":"campus-lo-contador-inicio-plan-de-retorno-presencial-para-academicos-administrativos-y-profesionales","status":"publish","type":"post","link":"https:\/\/fadeu.urantiacos.cl\/en\/2020\/10\/13\/campus-lo-contador-inicio-plan-de-retorno-presencial-para-academicos-administrativos-y-profesionales\/","title":{"rendered":"Campus Lo Contador inici\u00f3 plan de retorno presencial para acad\u00e9micos, administrativos y profesionales"},"content":{"rendered":"\n<figure class=\"wp-block-image size-full\"><img decoding=\"async\" width=\"350\" height=\"250\" src=\"https:\/\/fadeu.urantiacos.cl\/wp-content\/uploads\/2023\/09\/pergola_fadeu1.jpg\" alt=\"\" class=\"wp-image-8106\" srcset=\"https:\/\/fadeu.urantiacos.cl\/wp-content\/uploads\/2023\/09\/pergola_fadeu1.jpg 350w, https:\/\/fadeu.urantiacos.cl\/wp-content\/uploads\/2023\/09\/pergola_fadeu1-300x214.jpg 300w\" sizes=\"(max-width: 350px) 100vw, 350px\" \/><\/figure>\n\n\n\n<p>As\u00ed, Lo Contador cumple ya dos semanas bajo esta modalidad, que persigue retomar funciones cr\u00edticas y necesarias, coordinar aspectos log\u00edsticos pendientes en \u00e1reas sensibles como laboratorios y talleres de trabajo, retomar actividades de investigaci\u00f3n y, por sobre todo, resguardar la salud de la comunidad estudiantil, acad\u00e9mica y funcionaria (administrativos y profesionales).<\/p>\n\n\n\n<p>Para ello, desde el Decanato de la Facultad se coordinaron turnos de trabajo que permitir\u00e1n a distintas personas asistir al campus una semana por cada dos de trabajo remoto (en casa), conforme los protocolos dise\u00f1ados por la mesa COVID de la UC.<\/p>\n\n\n\n<p>De esta forma, docentes, investigadores\/as, funcionarios y funcionarias asistir\u00e1n cada dos semanas al campus, en un horario reducido que persigue evitar el contacto con altas aglomeraciones en el transporte p\u00fablico y otros.<\/p>\n\n\n\n<p>El aforo de cada unidad acad\u00e9mica est\u00e1 debidamente resguardado para evitar aglomeraciones y no se permiten reuniones de m\u00e1s de dos personas en una misma sala ni el tr\u00e1nsito al interior del campus sin uso de mascarilla.<\/p>\n\n\n\n<p><strong>Autocuidado<\/strong><\/p>\n\n\n\n<p>Para el ingreso al campus, cada persona deber\u00e1 llenar diariamente un formulario y completar una encuesta epidemiol\u00f3gica (revisa el siguiente&nbsp;<a href=\"https:\/\/www.uc.cl\/uc-contra-el-coronavirus\/#seccion-ultima\" target=\"_blank\" rel=\"noreferrer noopener\">link<\/a>), adem\u00e1s de chequear su temperatura corporal. Adem\u00e1s, se exige el uso de mascarilla de manera obligatoria, se fomenta el lavado constante de manos (se ha dispuesto de una serie de dispensadores de alcohol gel en todo el campus), y se exige respetar la distancia f\u00edsica m\u00ednima de 1.5 metros respecto de otras personas.<\/p>\n\n\n\n<p>El Decano Mario Ubilla relev\u00f3 la importancia de respetar las medidas de higiene y prevenci\u00f3n, e hizo un llamado al autocuidado. \u201cLa Universidad ha trabajado arduamente en la definici\u00f3n y promoci\u00f3n de protocolos sanitarios estrictos y muy bien elaborados, pensando primordialmente en la salud de las personas, por lo cual es muy importante hacer caso a las recomendaciones, que si bien a estas alturas son m\u00e1s bien rutinarias, como son el uso de mascarilla en todo momento al desplazare al interior del campus, lavarse constantemente las manos y no tocarse la cara, y mantener siempre la debida distancia f\u00edsica respecto de los dem\u00e1s\u201d, dijo.<\/p>\n\n\n\n<p>Anuncios de Rector\u00eda<\/p>\n\n\n\n<p>Desde Rector\u00eda se han informado algunas novedades para las semanas venideras. \u00c9stas son:<\/p>\n\n\n\n<ol class=\"wp-block-list\" start=\"1\">\n<li>A partir del lunes 19 de octubre se incorporar\u00e1n estudiantes de pregrado y postgrado basado en la programaci\u00f3n de sus respectivas unidades acad\u00e9micas para actividades pr\u00e1cticas en los campus. Es importante se\u00f1alar que las clases del presente semestre terminar\u00e1n todas en formato remoto (online), exceptuando algunas actividades pr\u00e1cticas puntuales que cada Unidad Acad\u00e9mica programar\u00e1 directamente con sus estudiantes.<\/li>\n\n\n\n<li>El sistema de turnos para trabajo en nuestros campus se mantendr\u00e1 en la modalidad actual de una semana presencial y dos de trabajo remoto. Cada unidad debe programarse en este sistema hasta diciembre de este a\u00f1o considerando que toda unidad debe contar con personal presencial para apoyar las labores de la Universidad en todo momento.<\/li>\n\n\n\n<li>Para aquellas \u00e1reas con compromisos cr\u00edticos como son laboratorios (de creaci\u00f3n\/simulaci\u00f3n\/investigaci\u00f3n), administraci\u00f3n y enfermeras de campus, se funcionar\u00e1 con equipos continuos cumpliendo siempre con los aforos y medidas de control para la prevenci\u00f3n del contagio. Otra \u00e1rea de la Universidad que considere necesario funcionar de manera similar deber\u00e1, a trav\u00e9s de su unidad, presentar a la Direcci\u00f3n Superior su caso para ser evaluado por el Comit\u00e9 COVID.<\/li>\n<\/ol>\n\n\n\n<figure class=\"wp-block-image size-large\"><img decoding=\"async\" width=\"1024\" height=\"768\" src=\"https:\/\/fadeu.urantiacos.cl\/wp-content\/uploads\/2023\/09\/aa0f32fa-3037-4128-8d55-ae0e3f9fac6a-1024x768.jpg\" alt=\"\" class=\"wp-image-8107\" srcset=\"https:\/\/fadeu.urantiacos.cl\/wp-content\/uploads\/2023\/09\/aa0f32fa-3037-4128-8d55-ae0e3f9fac6a-1024x768.jpg 1024w, https:\/\/fadeu.urantiacos.cl\/wp-content\/uploads\/2023\/09\/aa0f32fa-3037-4128-8d55-ae0e3f9fac6a-300x225.jpg 300w, https:\/\/fadeu.urantiacos.cl\/wp-content\/uploads\/2023\/09\/aa0f32fa-3037-4128-8d55-ae0e3f9fac6a-768x576.jpg 768w, https:\/\/fadeu.urantiacos.cl\/wp-content\/uploads\/2023\/09\/aa0f32fa-3037-4128-8d55-ae0e3f9fac6a.jpg 1280w\" sizes=\"(max-width: 1024px) 100vw, 1024px\" \/><\/figure>\n\n\n\n<figure class=\"wp-block-image size-large\"><img decoding=\"async\" width=\"1024\" height=\"768\" src=\"https:\/\/fadeu.urantiacos.cl\/wp-content\/uploads\/2023\/09\/184e65e2-9c6a-4baf-bb3f-5d43247f24d3-1024x768.jpg\" alt=\"\" class=\"wp-image-8108\" srcset=\"https:\/\/fadeu.urantiacos.cl\/wp-content\/uploads\/2023\/09\/184e65e2-9c6a-4baf-bb3f-5d43247f24d3-1024x768.jpg 1024w, https:\/\/fadeu.urantiacos.cl\/wp-content\/uploads\/2023\/09\/184e65e2-9c6a-4baf-bb3f-5d43247f24d3-300x225.jpg 300w, https:\/\/fadeu.urantiacos.cl\/wp-content\/uploads\/2023\/09\/184e65e2-9c6a-4baf-bb3f-5d43247f24d3-768x576.jpg 768w, https:\/\/fadeu.urantiacos.cl\/wp-content\/uploads\/2023\/09\/184e65e2-9c6a-4baf-bb3f-5d43247f24d3.jpg 1280w\" sizes=\"(max-width: 1024px) 100vw, 1024px\" \/><\/figure>\n\n\n\n<figure class=\"wp-block-image size-large\"><img decoding=\"async\" width=\"768\" height=\"1024\" src=\"https:\/\/fadeu.urantiacos.cl\/wp-content\/uploads\/2023\/09\/20e2c402-dff2-4249-af3b-28474fb85bd7-768x1024.jpg\" alt=\"\" class=\"wp-image-8109\" srcset=\"https:\/\/fadeu.urantiacos.cl\/wp-content\/uploads\/2023\/09\/20e2c402-dff2-4249-af3b-28474fb85bd7-768x1024.jpg 768w, https:\/\/fadeu.urantiacos.cl\/wp-content\/uploads\/2023\/09\/20e2c402-dff2-4249-af3b-28474fb85bd7-225x300.jpg 225w, https:\/\/fadeu.urantiacos.cl\/wp-content\/uploads\/2023\/09\/20e2c402-dff2-4249-af3b-28474fb85bd7.jpg 900w\" sizes=\"(max-width: 768px) 100vw, 768px\" \/><\/figure>\n\n\n\n<p>INFORMACI\u00d3N PERIOD\u00cdSTICA<br>JUAN ANDR\u00c9S INZUNZA<\/p>\n","protected":false},"excerpt":{"rendered":"<p>Luego de m\u00e1s de siete meses de trabajo remoto, y considerando las cifras y situaci\u00f3n epidemiol\u00f3gica general de la regi\u00f3n Metropolitana y del pa\u00eds respecto de la evoluci\u00f3n de la pandemia por COVID-19, la Universidad Cat\u00f3lica ha impulsado un plan de retorno gradual y seguro a las labores presenciales, dirigido a acad\u00e9micos\/as y funcionarios\/as en sus distintos campus.<\/p>\n","protected":false},"author":1,"featured_media":8106,"comment_status":"open","ping_status":"open","sticky":false,"template":"","format":"standard","meta":{"_acf_changed":false,"footnotes":""},"categories":[1],"tags":[],"class_list":["post-8105","post","type-post","status-publish","format-standard","has-post-thumbnail","hentry","category-sin-categorizar"],"acf":[],"yoast_head":"<!-- This site is optimized with the Yoast SEO plugin v27.1.1 - https:\/\/yoast.com\/product\/yoast-seo-wordpress\/ -->\n<title>Campus Lo Contador inici\u00f3 plan de retorno presencial para acad\u00e9micos, administrativos y profesionales - Facultad de Arquitectura, Dise\u00f1o y Estudios Urbanos<\/title>\n<meta name=\"description\" content=\"Luego de m\u00e1s de siete meses de trabajo remoto, y considerando las cifras y situaci\u00f3n epidemiol\u00f3gica general de la regi\u00f3n Metropolitana y del pa\u00eds respecto de la evoluci\u00f3n de la pandemia por COVID-19, la Universidad Cat\u00f3lica ha impulsado un plan de retorno gradual y seguro a las labores presenciales, dirigido a acad\u00e9micos\/as y funcionarios\/as en sus distintos campus.\" \/>\n<meta name=\"robots\" content=\"index, follow, max-snippet:-1, max-image-preview:large, max-video-preview:-1\" \/>\n<link rel=\"canonical\" href=\"https:\/\/fadeu.urantiacos.cl\/en\/2020\/10\/13\/campus-lo-contador-inicio-plan-de-retorno-presencial-para-academicos-administrativos-y-profesionales\/\" \/>\n<meta property=\"og:locale\" content=\"en_US\" \/>\n<meta property=\"og:type\" content=\"article\" \/>\n<meta property=\"og:title\" content=\"Campus Lo Contador inici\u00f3 plan de retorno presencial para acad\u00e9micos, administrativos y profesionales - Facultad de Arquitectura, Dise\u00f1o y Estudios Urbanos\" \/>\n<meta property=\"og:description\" content=\"Luego de m\u00e1s de siete meses de trabajo remoto, y considerando las cifras y situaci\u00f3n epidemiol\u00f3gica general de la regi\u00f3n Metropolitana y del pa\u00eds respecto de la evoluci\u00f3n de la pandemia por COVID-19, la Universidad Cat\u00f3lica ha impulsado un plan de retorno gradual y seguro a las labores presenciales, dirigido a acad\u00e9micos\/as y funcionarios\/as en sus distintos campus.\" \/>\n<meta property=\"og:url\" content=\"https:\/\/fadeu.urantiacos.cl\/en\/2020\/10\/13\/campus-lo-contador-inicio-plan-de-retorno-presencial-para-academicos-administrativos-y-profesionales\/\" \/>\n<meta property=\"og:site_name\" content=\"Facultad de Arquitectura, Dise\u00f1o y Estudios Urbanos\" \/>\n<meta property=\"article:published_time\" content=\"2020-10-13T22:54:00+00:00\" \/>\n<meta property=\"article:modified_time\" content=\"2023-09-09T22:58:06+00:00\" \/>\n<meta property=\"og:image\" content=\"https:\/\/fadeu.urantiacos.cl\/wp-content\/uploads\/2023\/09\/pergola_fadeu1.jpg\" \/>\n\t<meta property=\"og:image:width\" content=\"350\" \/>\n\t<meta property=\"og:image:height\" content=\"250\" \/>\n\t<meta property=\"og:image:type\" content=\"image\/jpeg\" \/>\n<meta name=\"author\" content=\"manadmin\" \/>\n<meta name=\"twitter:card\" content=\"summary_large_image\" \/>\n<meta name=\"twitter:label1\" content=\"Written by\" \/>\n\t<meta name=\"twitter:data1\" content=\"manadmin\" \/>\n\t<meta name=\"twitter:label2\" content=\"Est. reading time\" \/>\n\t<meta name=\"twitter:data2\" content=\"3 minutes\" \/>\n<script type=\"application\/ld+json\" class=\"yoast-schema-graph\">{\"@context\":\"https:\/\/schema.org\",\"@graph\":[{\"@type\":\"Article\",\"@id\":\"https:\/\/fadeu.urantiacos.cl\/en\/2020\/10\/13\/campus-lo-contador-inicio-plan-de-retorno-presencial-para-academicos-administrativos-y-profesionales\/#article\",\"isPartOf\":{\"@id\":\"https:\/\/fadeu.urantiacos.cl\/en\/2020\/10\/13\/campus-lo-contador-inicio-plan-de-retorno-presencial-para-academicos-administrativos-y-profesionales\/\"},\"author\":{\"name\":\"manadmin\",\"@id\":\"https:\/\/fadeu.urantiacos.cl\/en\/#\/schema\/person\/d203e2e84b1c40275eac77b3061a19a2\"},\"headline\":\"Campus Lo Contador inici\u00f3 plan de retorno presencial para acad\u00e9micos, administrativos y profesionales\",\"datePublished\":\"2020-10-13T22:54:00+00:00\",\"dateModified\":\"2023-09-09T22:58:06+00:00\",\"mainEntityOfPage\":{\"@id\":\"https:\/\/fadeu.urantiacos.cl\/en\/2020\/10\/13\/campus-lo-contador-inicio-plan-de-retorno-presencial-para-academicos-administrativos-y-profesionales\/\"},\"wordCount\":601,\"commentCount\":0,\"image\":{\"@id\":\"https:\/\/fadeu.urantiacos.cl\/en\/2020\/10\/13\/campus-lo-contador-inicio-plan-de-retorno-presencial-para-academicos-administrativos-y-profesionales\/#primaryimage\"},\"thumbnailUrl\":\"https:\/\/fadeu.urantiacos.cl\/wp-content\/uploads\/2023\/09\/pergola_fadeu1.jpg\",\"articleSection\":[\"Sin categorizar\"],\"inLanguage\":\"en-US\",\"potentialAction\":[{\"@type\":\"CommentAction\",\"name\":\"Comment\",\"target\":[\"https:\/\/fadeu.urantiacos.cl\/en\/2020\/10\/13\/campus-lo-contador-inicio-plan-de-retorno-presencial-para-academicos-administrativos-y-profesionales\/#respond\"]}]},{\"@type\":\"WebPage\",\"@id\":\"https:\/\/fadeu.urantiacos.cl\/en\/2020\/10\/13\/campus-lo-contador-inicio-plan-de-retorno-presencial-para-academicos-administrativos-y-profesionales\/\",\"url\":\"https:\/\/fadeu.urantiacos.cl\/en\/2020\/10\/13\/campus-lo-contador-inicio-plan-de-retorno-presencial-para-academicos-administrativos-y-profesionales\/\",\"name\":\"Campus Lo Contador inici\u00f3 plan de retorno presencial para acad\u00e9micos, administrativos y profesionales - Facultad de Arquitectura, Dise\u00f1o y Estudios Urbanos\",\"isPartOf\":{\"@id\":\"https:\/\/fadeu.urantiacos.cl\/en\/#website\"},\"primaryImageOfPage\":{\"@id\":\"https:\/\/fadeu.urantiacos.cl\/en\/2020\/10\/13\/campus-lo-contador-inicio-plan-de-retorno-presencial-para-academicos-administrativos-y-profesionales\/#primaryimage\"},\"image\":{\"@id\":\"https:\/\/fadeu.urantiacos.cl\/en\/2020\/10\/13\/campus-lo-contador-inicio-plan-de-retorno-presencial-para-academicos-administrativos-y-profesionales\/#primaryimage\"},\"thumbnailUrl\":\"https:\/\/fadeu.urantiacos.cl\/wp-content\/uploads\/2023\/09\/pergola_fadeu1.jpg\",\"datePublished\":\"2020-10-13T22:54:00+00:00\",\"dateModified\":\"2023-09-09T22:58:06+00:00\",\"author\":{\"@id\":\"https:\/\/fadeu.urantiacos.cl\/en\/#\/schema\/person\/d203e2e84b1c40275eac77b3061a19a2\"},\"description\":\"Luego de m\u00e1s de siete meses de trabajo remoto, y considerando las cifras y situaci\u00f3n epidemiol\u00f3gica general de la regi\u00f3n Metropolitana y del pa\u00eds respecto de la evoluci\u00f3n de la pandemia por COVID-19, la Universidad Cat\u00f3lica ha impulsado un plan de retorno gradual y seguro a las labores presenciales, dirigido a acad\u00e9micos\/as y funcionarios\/as en sus distintos campus.\",\"breadcrumb\":{\"@id\":\"https:\/\/fadeu.urantiacos.cl\/en\/2020\/10\/13\/campus-lo-contador-inicio-plan-de-retorno-presencial-para-academicos-administrativos-y-profesionales\/#breadcrumb\"},\"inLanguage\":\"en-US\",\"potentialAction\":[{\"@type\":\"ReadAction\",\"target\":[\"https:\/\/fadeu.urantiacos.cl\/en\/2020\/10\/13\/campus-lo-contador-inicio-plan-de-retorno-presencial-para-academicos-administrativos-y-profesionales\/\"]}]},{\"@type\":\"ImageObject\",\"inLanguage\":\"en-US\",\"@id\":\"https:\/\/fadeu.urantiacos.cl\/en\/2020\/10\/13\/campus-lo-contador-inicio-plan-de-retorno-presencial-para-academicos-administrativos-y-profesionales\/#primaryimage\",\"url\":\"https:\/\/fadeu.urantiacos.cl\/wp-content\/uploads\/2023\/09\/pergola_fadeu1.jpg\",\"contentUrl\":\"https:\/\/fadeu.urantiacos.cl\/wp-content\/uploads\/2023\/09\/pergola_fadeu1.jpg\",\"width\":350,\"height\":250},{\"@type\":\"BreadcrumbList\",\"@id\":\"https:\/\/fadeu.urantiacos.cl\/en\/2020\/10\/13\/campus-lo-contador-inicio-plan-de-retorno-presencial-para-academicos-administrativos-y-profesionales\/#breadcrumb\",\"itemListElement\":[{\"@type\":\"ListItem\",\"position\":1,\"name\":\"Portada\",\"item\":\"https:\/\/fadeu.urantiacos.cl\/en\/\"},{\"@type\":\"ListItem\",\"position\":2,\"name\":\"Campus Lo Contador inici\u00f3 plan de retorno presencial para acad\u00e9micos, administrativos y profesionales\"}]},{\"@type\":\"WebSite\",\"@id\":\"https:\/\/fadeu.urantiacos.cl\/en\/#website\",\"url\":\"https:\/\/fadeu.urantiacos.cl\/en\/\",\"name\":\"Facultad de Arquitectura, Dise\u00f1o y Estudios Urbanos\",\"description\":\"Campus Lo Contador\",\"potentialAction\":[{\"@type\":\"SearchAction\",\"target\":{\"@type\":\"EntryPoint\",\"urlTemplate\":\"https:\/\/fadeu.urantiacos.cl\/en\/?s={search_term_string}\"},\"query-input\":{\"@type\":\"PropertyValueSpecification\",\"valueRequired\":true,\"valueName\":\"search_term_string\"}}],\"inLanguage\":\"en-US\"},{\"@type\":\"Person\",\"@id\":\"https:\/\/fadeu.urantiacos.cl\/en\/#\/schema\/person\/d203e2e84b1c40275eac77b3061a19a2\",\"name\":\"manadmin\",\"image\":{\"@type\":\"ImageObject\",\"inLanguage\":\"en-US\",\"@id\":\"https:\/\/fadeu.urantiacos.cl\/en\/#\/schema\/person\/image\/\",\"url\":\"https:\/\/secure.gravatar.com\/avatar\/4b1d8e3303b4a9d8968ac578947d8bc80d9aea359f388cdd4aac15cadc0e8447?s=96&d=mm&r=g\",\"contentUrl\":\"https:\/\/secure.gravatar.com\/avatar\/4b1d8e3303b4a9d8968ac578947d8bc80d9aea359f388cdd4aac15cadc0e8447?s=96&d=mm&r=g\",\"caption\":\"manadmin\"},\"sameAs\":[\"https:\/\/fadeu.urantiacos.cl\"]}]}<\/script>\n<!-- \/ Yoast SEO plugin. -->","yoast_head_json":{"title":"Campus Lo Contador inici\u00f3 plan de retorno presencial para acad\u00e9micos, administrativos y profesionales - Facultad de Arquitectura, Dise\u00f1o y Estudios Urbanos","description":"Luego de m\u00e1s de siete meses de trabajo remoto, y considerando las cifras y situaci\u00f3n epidemiol\u00f3gica general de la regi\u00f3n Metropolitana y del pa\u00eds respecto de la evoluci\u00f3n de la pandemia por COVID-19, la Universidad Cat\u00f3lica ha impulsado un plan de retorno gradual y seguro a las labores presenciales, dirigido a acad\u00e9micos\/as y funcionarios\/as en sus distintos campus.","robots":{"index":"index","follow":"follow","max-snippet":"max-snippet:-1","max-image-preview":"max-image-preview:large","max-video-preview":"max-video-preview:-1"},"canonical":"https:\/\/fadeu.urantiacos.cl\/en\/2020\/10\/13\/campus-lo-contador-inicio-plan-de-retorno-presencial-para-academicos-administrativos-y-profesionales\/","og_locale":"en_US","og_type":"article","og_title":"Campus Lo Contador inici\u00f3 plan de retorno presencial para acad\u00e9micos, administrativos y profesionales - Facultad de Arquitectura, Dise\u00f1o y Estudios Urbanos","og_description":"Luego de m\u00e1s de siete meses de trabajo remoto, y considerando las cifras y situaci\u00f3n epidemiol\u00f3gica general de la regi\u00f3n Metropolitana y del pa\u00eds respecto de la evoluci\u00f3n de la pandemia por COVID-19, la Universidad Cat\u00f3lica ha impulsado un plan de retorno gradual y seguro a las labores presenciales, dirigido a acad\u00e9micos\/as y funcionarios\/as en sus distintos campus.","og_url":"https:\/\/fadeu.urantiacos.cl\/en\/2020\/10\/13\/campus-lo-contador-inicio-plan-de-retorno-presencial-para-academicos-administrativos-y-profesionales\/","og_site_name":"Facultad de Arquitectura, Dise\u00f1o y Estudios Urbanos","article_published_time":"2020-10-13T22:54:00+00:00","article_modified_time":"2023-09-09T22:58:06+00:00","og_image":[{"width":350,"height":250,"url":"https:\/\/fadeu.urantiacos.cl\/wp-content\/uploads\/2023\/09\/pergola_fadeu1.jpg","type":"image\/jpeg"}],"author":"manadmin","twitter_card":"summary_large_image","twitter_misc":{"Written by":"manadmin","Est. reading time":"3 minutes"},"schema":{"@context":"https:\/\/schema.org","@graph":[{"@type":"Article","@id":"https:\/\/fadeu.urantiacos.cl\/en\/2020\/10\/13\/campus-lo-contador-inicio-plan-de-retorno-presencial-para-academicos-administrativos-y-profesionales\/#article","isPartOf":{"@id":"https:\/\/fadeu.urantiacos.cl\/en\/2020\/10\/13\/campus-lo-contador-inicio-plan-de-retorno-presencial-para-academicos-administrativos-y-profesionales\/"},"author":{"name":"manadmin","@id":"https:\/\/fadeu.urantiacos.cl\/en\/#\/schema\/person\/d203e2e84b1c40275eac77b3061a19a2"},"headline":"Campus Lo Contador inici\u00f3 plan de retorno presencial para acad\u00e9micos, administrativos y profesionales","datePublished":"2020-10-13T22:54:00+00:00","dateModified":"2023-09-09T22:58:06+00:00","mainEntityOfPage":{"@id":"https:\/\/fadeu.urantiacos.cl\/en\/2020\/10\/13\/campus-lo-contador-inicio-plan-de-retorno-presencial-para-academicos-administrativos-y-profesionales\/"},"wordCount":601,"commentCount":0,"image":{"@id":"https:\/\/fadeu.urantiacos.cl\/en\/2020\/10\/13\/campus-lo-contador-inicio-plan-de-retorno-presencial-para-academicos-administrativos-y-profesionales\/#primaryimage"},"thumbnailUrl":"https:\/\/fadeu.urantiacos.cl\/wp-content\/uploads\/2023\/09\/pergola_fadeu1.jpg","articleSection":["Sin categorizar"],"inLanguage":"en-US","potentialAction":[{"@type":"CommentAction","name":"Comment","target":["https:\/\/fadeu.urantiacos.cl\/en\/2020\/10\/13\/campus-lo-contador-inicio-plan-de-retorno-presencial-para-academicos-administrativos-y-profesionales\/#respond"]}]},{"@type":"WebPage","@id":"https:\/\/fadeu.urantiacos.cl\/en\/2020\/10\/13\/campus-lo-contador-inicio-plan-de-retorno-presencial-para-academicos-administrativos-y-profesionales\/","url":"https:\/\/fadeu.urantiacos.cl\/en\/2020\/10\/13\/campus-lo-contador-inicio-plan-de-retorno-presencial-para-academicos-administrativos-y-profesionales\/","name":"Campus Lo Contador inici\u00f3 plan de retorno presencial para acad\u00e9micos, administrativos y profesionales - Facultad de Arquitectura, Dise\u00f1o y Estudios Urbanos","isPartOf":{"@id":"https:\/\/fadeu.urantiacos.cl\/en\/#website"},"primaryImageOfPage":{"@id":"https:\/\/fadeu.urantiacos.cl\/en\/2020\/10\/13\/campus-lo-contador-inicio-plan-de-retorno-presencial-para-academicos-administrativos-y-profesionales\/#primaryimage"},"image":{"@id":"https:\/\/fadeu.urantiacos.cl\/en\/2020\/10\/13\/campus-lo-contador-inicio-plan-de-retorno-presencial-para-academicos-administrativos-y-profesionales\/#primaryimage"},"thumbnailUrl":"https:\/\/fadeu.urantiacos.cl\/wp-content\/uploads\/2023\/09\/pergola_fadeu1.jpg","datePublished":"2020-10-13T22:54:00+00:00","dateModified":"2023-09-09T22:58:06+00:00","author":{"@id":"https:\/\/fadeu.urantiacos.cl\/en\/#\/schema\/person\/d203e2e84b1c40275eac77b3061a19a2"},"description":"Luego de m\u00e1s de siete meses de trabajo remoto, y considerando las cifras y situaci\u00f3n epidemiol\u00f3gica general de la regi\u00f3n Metropolitana y del pa\u00eds respecto de la evoluci\u00f3n de la pandemia por COVID-19, la Universidad Cat\u00f3lica ha impulsado un plan de retorno gradual y seguro a las labores presenciales, dirigido a acad\u00e9micos\/as y funcionarios\/as en sus distintos campus.","breadcrumb":{"@id":"https:\/\/fadeu.urantiacos.cl\/en\/2020\/10\/13\/campus-lo-contador-inicio-plan-de-retorno-presencial-para-academicos-administrativos-y-profesionales\/#breadcrumb"},"inLanguage":"en-US","potentialAction":[{"@type":"ReadAction","target":["https:\/\/fadeu.urantiacos.cl\/en\/2020\/10\/13\/campus-lo-contador-inicio-plan-de-retorno-presencial-para-academicos-administrativos-y-profesionales\/"]}]},{"@type":"ImageObject","inLanguage":"en-US","@id":"https:\/\/fadeu.urantiacos.cl\/en\/2020\/10\/13\/campus-lo-contador-inicio-plan-de-retorno-presencial-para-academicos-administrativos-y-profesionales\/#primaryimage","url":"https:\/\/fadeu.urantiacos.cl\/wp-content\/uploads\/2023\/09\/pergola_fadeu1.jpg","contentUrl":"https:\/\/fadeu.urantiacos.cl\/wp-content\/uploads\/2023\/09\/pergola_fadeu1.jpg","width":350,"height":250},{"@type":"BreadcrumbList","@id":"https:\/\/fadeu.urantiacos.cl\/en\/2020\/10\/13\/campus-lo-contador-inicio-plan-de-retorno-presencial-para-academicos-administrativos-y-profesionales\/#breadcrumb","itemListElement":[{"@type":"ListItem","position":1,"name":"Portada","item":"https:\/\/fadeu.urantiacos.cl\/en\/"},{"@type":"ListItem","position":2,"name":"Campus Lo Contador inici\u00f3 plan de retorno presencial para acad\u00e9micos, administrativos y profesionales"}]},{"@type":"WebSite","@id":"https:\/\/fadeu.urantiacos.cl\/en\/#website","url":"https:\/\/fadeu.urantiacos.cl\/en\/","name":"Facultad de Arquitectura, Dise\u00f1o y Estudios Urbanos","description":"Campus Lo Contador","potentialAction":[{"@type":"SearchAction","target":{"@type":"EntryPoint","urlTemplate":"https:\/\/fadeu.urantiacos.cl\/en\/?s={search_term_string}"},"query-input":{"@type":"PropertyValueSpecification","valueRequired":true,"valueName":"search_term_string"}}],"inLanguage":"en-US"},{"@type":"Person","@id":"https:\/\/fadeu.urantiacos.cl\/en\/#\/schema\/person\/d203e2e84b1c40275eac77b3061a19a2","name":"manadmin","image":{"@type":"ImageObject","inLanguage":"en-US","@id":"https:\/\/fadeu.urantiacos.cl\/en\/#\/schema\/person\/image\/","url":"https:\/\/secure.gravatar.com\/avatar\/4b1d8e3303b4a9d8968ac578947d8bc80d9aea359f388cdd4aac15cadc0e8447?s=96&d=mm&r=g","contentUrl":"https:\/\/secure.gravatar.com\/avatar\/4b1d8e3303b4a9d8968ac578947d8bc80d9aea359f388cdd4aac15cadc0e8447?s=96&d=mm&r=g","caption":"manadmin"},"sameAs":["https:\/\/fadeu.urantiacos.cl"]}]}},"_links":{"self":[{"href":"https:\/\/fadeu.urantiacos.cl\/en\/wp-json\/wp\/v2\/posts\/8105","targetHints":{"allow":["GET"]}}],"collection":[{"href":"https:\/\/fadeu.urantiacos.cl\/en\/wp-json\/wp\/v2\/posts"}],"about":[{"href":"https:\/\/fadeu.urantiacos.cl\/en\/wp-json\/wp\/v2\/types\/post"}],"author":[{"embeddable":true,"href":"https:\/\/fadeu.urantiacos.cl\/en\/wp-json\/wp\/v2\/users\/1"}],"replies":[{"embeddable":true,"href":"https:\/\/fadeu.urantiacos.cl\/en\/wp-json\/wp\/v2\/comments?post=8105"}],"version-history":[{"count":1,"href":"https:\/\/fadeu.urantiacos.cl\/en\/wp-json\/wp\/v2\/posts\/8105\/revisions"}],"predecessor-version":[{"id":8110,"href":"https:\/\/fadeu.urantiacos.cl\/en\/wp-json\/wp\/v2\/posts\/8105\/revisions\/8110"}],"wp:featuredmedia":[{"embeddable":true,"href":"https:\/\/fadeu.urantiacos.cl\/en\/wp-json\/wp\/v2\/media\/8106"}],"wp:attachment":[{"href":"https:\/\/fadeu.urantiacos.cl\/en\/wp-json\/wp\/v2\/media?parent=8105"}],"wp:term":[{"taxonomy":"category","embeddable":true,"href":"https:\/\/fadeu.urantiacos.cl\/en\/wp-json\/wp\/v2\/categories?post=8105"},{"taxonomy":"post_tag","embeddable":true,"href":"https:\/\/fadeu.urantiacos.cl\/en\/wp-json\/wp\/v2\/tags?post=8105"}],"curies":[{"name":"wp","href":"https:\/\/api.w.org\/{rel}","templated":true}]}}