{"id":8085,"date":"2020-10-18T19:41:00","date_gmt":"2020-10-18T22:41:00","guid":{"rendered":"https:\/\/fadeu.urantiacos.cl\/?p=8085"},"modified":"2023-09-09T19:43:13","modified_gmt":"2023-09-09T22:43:13","slug":"alejandra-celedon-participo-en-serie-propagaciones","status":"publish","type":"post","link":"https:\/\/fadeu.urantiacos.cl\/en\/2020\/10\/18\/alejandra-celedon-participo-en-serie-propagaciones\/","title":{"rendered":"Alejandra Celed\u00f3n particip\u00f3 en serie Propagaciones"},"content":{"rendered":"\n<figure class=\"wp-block-image size-full\"><img decoding=\"async\" width=\"350\" height=\"250\" src=\"https:\/\/fadeu.urantiacos.cl\/wp-content\/uploads\/2023\/09\/alejandra_celedon.jpg\" alt=\"\" class=\"wp-image-8086\" srcset=\"https:\/\/fadeu.urantiacos.cl\/wp-content\/uploads\/2023\/09\/alejandra_celedon.jpg 350w, https:\/\/fadeu.urantiacos.cl\/wp-content\/uploads\/2023\/09\/alejandra_celedon-300x214.jpg 300w\" sizes=\"(max-width: 350px) 100vw, 350px\" \/><\/figure>\n\n\n\n<p>Celed\u00f3n convers\u00f3 con la arquitecta colombiana Lina Toro, por el trabajo que ambas realizan en el \u00e1mbito de la docencia en la arquitectura. La conversaci\u00f3n fue moderada por Juan Paulo Alarc\u00f3n, director de la Carrera de Arquitectura Sede Vi\u00f1a del Mar Universidad Andr\u00e9s Bello y Felipe Reyno, docente de La Universidad de la Rep\u00fablica, Uruguay.<\/p>\n\n\n\n<p>En la conversaci\u00f3n, Celed\u00f3n habl\u00f3 sobre la experiencia docente en pandemia, valorando la disminuci\u00f3n de viajes en la ciudad desde una perspectiva ambiental y de conexi\u00f3n entre partes lejanas del mundo. Bajando esto a la ense\u00f1anza en la disciplina, la profesora sostiene que \u201ccuando lo llevamos al \u00e1mbito de la arquitectura, como esa instancia del taller, la rayada de la croquera por ejemplo, son acciones que desaparecen\u201d, agregando que \u201cese lugar que tiene cierta aura, modos de relaci\u00f3n distintos, me preocupan\u201d. La profesora tambi\u00e9n se refiri\u00f3 a lo diferente que puede ser la experiencia de la digitalizaci\u00f3n dependiendo de los diferentes accesos de las personas por la brecha econ\u00f3mica.<\/p>\n\n\n\n<p>Ver conversaci\u00f3n completa en el siguiente&nbsp;<a href=\"https:\/\/www.youtube.com\/watch?v=K6trgEVLxBI&amp;ab_channel=CampusCreativoUNAB\" target=\"_blank\" rel=\"noreferrer noopener\">link<\/a>&nbsp;<a href=\"https:\/\/www.youtube.com\/watch?v=K6trgEVLxBI&amp;ab_channel=CampusCreativoUNAB\"><\/a><\/p>\n\n\n\n<p>Noticias<br>Contacto:&nbsp;<a href=\"mailto:redesarq@uc.cl\">redesarq@uc.cl<\/a>&nbsp;| +56 2 2354 7747<br>www.arquitectura.uc.cl<\/p>\n","protected":false},"excerpt":{"rendered":"<p>El d\u00eda 8 de octubre de 2020, la profesora ARQ UC fue invitada a participar en la sexta sesi\u00f3n del ciclo \u201cPropagaciones: conversaciones sobre un futuro postpand\u00e9mico\u201d, espacio de conversaci\u00f3n abierta desarrollado por el Campus Creativo de la Universidad Andr\u00e9s Bello y ArchDaily.<\/p>\n","protected":false},"author":1,"featured_media":8086,"comment_status":"open","ping_status":"open","sticky":false,"template":"","format":"standard","meta":{"_acf_changed":false,"footnotes":""},"categories":[1],"tags":[],"class_list":["post-8085","post","type-post","status-publish","format-standard","has-post-thumbnail","hentry","category-sin-categorizar"],"acf":[],"yoast_head":"<!-- This site is optimized with the Yoast SEO plugin v27.1.1 - https:\/\/yoast.com\/product\/yoast-seo-wordpress\/ -->\n<title>Alejandra Celed\u00f3n particip\u00f3 en serie Propagaciones - Facultad de Arquitectura, Dise\u00f1o y Estudios Urbanos<\/title>\n<meta name=\"description\" content=\"El d\u00eda 8 de octubre de 2020, la profesora ARQ UC fue invitada a participar en la sexta sesi\u00f3n del ciclo \u201cPropagaciones: conversaciones sobre un futuro postpand\u00e9mico\u201d, espacio de conversaci\u00f3n abierta desarrollado por el Campus Creativo de la Universidad Andr\u00e9s Bello y ArchDaily.\" \/>\n<meta name=\"robots\" content=\"index, follow, max-snippet:-1, max-image-preview:large, max-video-preview:-1\" \/>\n<link rel=\"canonical\" href=\"https:\/\/fadeu.urantiacos.cl\/en\/2020\/10\/18\/alejandra-celedon-participo-en-serie-propagaciones\/\" \/>\n<meta property=\"og:locale\" content=\"en_US\" \/>\n<meta property=\"og:type\" content=\"article\" \/>\n<meta property=\"og:title\" content=\"Alejandra Celed\u00f3n particip\u00f3 en serie Propagaciones - Facultad de Arquitectura, Dise\u00f1o y Estudios Urbanos\" \/>\n<meta property=\"og:description\" content=\"El d\u00eda 8 de octubre de 2020, la profesora ARQ UC fue invitada a participar en la sexta sesi\u00f3n del ciclo \u201cPropagaciones: conversaciones sobre un futuro postpand\u00e9mico\u201d, espacio de conversaci\u00f3n abierta desarrollado por el Campus Creativo de la Universidad Andr\u00e9s Bello y ArchDaily.\" \/>\n<meta property=\"og:url\" content=\"https:\/\/fadeu.urantiacos.cl\/en\/2020\/10\/18\/alejandra-celedon-participo-en-serie-propagaciones\/\" \/>\n<meta property=\"og:site_name\" content=\"Facultad de Arquitectura, Dise\u00f1o y Estudios Urbanos\" \/>\n<meta property=\"article:published_time\" content=\"2020-10-18T22:41:00+00:00\" \/>\n<meta property=\"article:modified_time\" content=\"2023-09-09T22:43:13+00:00\" \/>\n<meta property=\"og:image\" content=\"https:\/\/fadeu.urantiacos.cl\/wp-content\/uploads\/2023\/09\/alejandra_celedon.jpg\" \/>\n\t<meta property=\"og:image:width\" content=\"350\" \/>\n\t<meta property=\"og:image:height\" content=\"250\" \/>\n\t<meta property=\"og:image:type\" content=\"image\/jpeg\" \/>\n<meta name=\"author\" content=\"manadmin\" \/>\n<meta name=\"twitter:card\" content=\"summary_large_image\" \/>\n<meta name=\"twitter:label1\" content=\"Written by\" \/>\n\t<meta name=\"twitter:data1\" content=\"manadmin\" \/>\n\t<meta name=\"twitter:label2\" content=\"Est. reading time\" \/>\n\t<meta name=\"twitter:data2\" content=\"1 minute\" \/>\n<script type=\"application\/ld+json\" class=\"yoast-schema-graph\">{\"@context\":\"https:\/\/schema.org\",\"@graph\":[{\"@type\":\"Article\",\"@id\":\"https:\/\/fadeu.urantiacos.cl\/en\/2020\/10\/18\/alejandra-celedon-participo-en-serie-propagaciones\/#article\",\"isPartOf\":{\"@id\":\"https:\/\/fadeu.urantiacos.cl\/en\/2020\/10\/18\/alejandra-celedon-participo-en-serie-propagaciones\/\"},\"author\":{\"name\":\"manadmin\",\"@id\":\"https:\/\/fadeu.urantiacos.cl\/en\/#\/schema\/person\/d203e2e84b1c40275eac77b3061a19a2\"},\"headline\":\"Alejandra Celed\u00f3n particip\u00f3 en serie Propagaciones\",\"datePublished\":\"2020-10-18T22:41:00+00:00\",\"dateModified\":\"2023-09-09T22:43:13+00:00\",\"mainEntityOfPage\":{\"@id\":\"https:\/\/fadeu.urantiacos.cl\/en\/2020\/10\/18\/alejandra-celedon-participo-en-serie-propagaciones\/\"},\"wordCount\":206,\"commentCount\":0,\"image\":{\"@id\":\"https:\/\/fadeu.urantiacos.cl\/en\/2020\/10\/18\/alejandra-celedon-participo-en-serie-propagaciones\/#primaryimage\"},\"thumbnailUrl\":\"https:\/\/fadeu.urantiacos.cl\/wp-content\/uploads\/2023\/09\/alejandra_celedon.jpg\",\"articleSection\":[\"Sin categorizar\"],\"inLanguage\":\"en-US\",\"potentialAction\":[{\"@type\":\"CommentAction\",\"name\":\"Comment\",\"target\":[\"https:\/\/fadeu.urantiacos.cl\/en\/2020\/10\/18\/alejandra-celedon-participo-en-serie-propagaciones\/#respond\"]}]},{\"@type\":\"WebPage\",\"@id\":\"https:\/\/fadeu.urantiacos.cl\/en\/2020\/10\/18\/alejandra-celedon-participo-en-serie-propagaciones\/\",\"url\":\"https:\/\/fadeu.urantiacos.cl\/en\/2020\/10\/18\/alejandra-celedon-participo-en-serie-propagaciones\/\",\"name\":\"Alejandra Celed\u00f3n particip\u00f3 en serie Propagaciones - Facultad de Arquitectura, Dise\u00f1o y Estudios Urbanos\",\"isPartOf\":{\"@id\":\"https:\/\/fadeu.urantiacos.cl\/en\/#website\"},\"primaryImageOfPage\":{\"@id\":\"https:\/\/fadeu.urantiacos.cl\/en\/2020\/10\/18\/alejandra-celedon-participo-en-serie-propagaciones\/#primaryimage\"},\"image\":{\"@id\":\"https:\/\/fadeu.urantiacos.cl\/en\/2020\/10\/18\/alejandra-celedon-participo-en-serie-propagaciones\/#primaryimage\"},\"thumbnailUrl\":\"https:\/\/fadeu.urantiacos.cl\/wp-content\/uploads\/2023\/09\/alejandra_celedon.jpg\",\"datePublished\":\"2020-10-18T22:41:00+00:00\",\"dateModified\":\"2023-09-09T22:43:13+00:00\",\"author\":{\"@id\":\"https:\/\/fadeu.urantiacos.cl\/en\/#\/schema\/person\/d203e2e84b1c40275eac77b3061a19a2\"},\"description\":\"El d\u00eda 8 de octubre de 2020, la profesora ARQ UC fue invitada a participar en la sexta sesi\u00f3n del ciclo \u201cPropagaciones: conversaciones sobre un futuro postpand\u00e9mico\u201d, espacio de conversaci\u00f3n abierta desarrollado por el Campus Creativo de la Universidad Andr\u00e9s Bello y ArchDaily.\",\"breadcrumb\":{\"@id\":\"https:\/\/fadeu.urantiacos.cl\/en\/2020\/10\/18\/alejandra-celedon-participo-en-serie-propagaciones\/#breadcrumb\"},\"inLanguage\":\"en-US\",\"potentialAction\":[{\"@type\":\"ReadAction\",\"target\":[\"https:\/\/fadeu.urantiacos.cl\/en\/2020\/10\/18\/alejandra-celedon-participo-en-serie-propagaciones\/\"]}]},{\"@type\":\"ImageObject\",\"inLanguage\":\"en-US\",\"@id\":\"https:\/\/fadeu.urantiacos.cl\/en\/2020\/10\/18\/alejandra-celedon-participo-en-serie-propagaciones\/#primaryimage\",\"url\":\"https:\/\/fadeu.urantiacos.cl\/wp-content\/uploads\/2023\/09\/alejandra_celedon.jpg\",\"contentUrl\":\"https:\/\/fadeu.urantiacos.cl\/wp-content\/uploads\/2023\/09\/alejandra_celedon.jpg\",\"width\":350,\"height\":250},{\"@type\":\"BreadcrumbList\",\"@id\":\"https:\/\/fadeu.urantiacos.cl\/en\/2020\/10\/18\/alejandra-celedon-participo-en-serie-propagaciones\/#breadcrumb\",\"itemListElement\":[{\"@type\":\"ListItem\",\"position\":1,\"name\":\"Portada\",\"item\":\"https:\/\/fadeu.urantiacos.cl\/en\/\"},{\"@type\":\"ListItem\",\"position\":2,\"name\":\"Alejandra Celed\u00f3n particip\u00f3 en serie Propagaciones\"}]},{\"@type\":\"WebSite\",\"@id\":\"https:\/\/fadeu.urantiacos.cl\/en\/#website\",\"url\":\"https:\/\/fadeu.urantiacos.cl\/en\/\",\"name\":\"Facultad de Arquitectura, Dise\u00f1o y Estudios Urbanos\",\"description\":\"Campus Lo Contador\",\"potentialAction\":[{\"@type\":\"SearchAction\",\"target\":{\"@type\":\"EntryPoint\",\"urlTemplate\":\"https:\/\/fadeu.urantiacos.cl\/en\/?s={search_term_string}\"},\"query-input\":{\"@type\":\"PropertyValueSpecification\",\"valueRequired\":true,\"valueName\":\"search_term_string\"}}],\"inLanguage\":\"en-US\"},{\"@type\":\"Person\",\"@id\":\"https:\/\/fadeu.urantiacos.cl\/en\/#\/schema\/person\/d203e2e84b1c40275eac77b3061a19a2\",\"name\":\"manadmin\",\"image\":{\"@type\":\"ImageObject\",\"inLanguage\":\"en-US\",\"@id\":\"https:\/\/fadeu.urantiacos.cl\/en\/#\/schema\/person\/image\/\",\"url\":\"https:\/\/secure.gravatar.com\/avatar\/4b1d8e3303b4a9d8968ac578947d8bc80d9aea359f388cdd4aac15cadc0e8447?s=96&d=mm&r=g\",\"contentUrl\":\"https:\/\/secure.gravatar.com\/avatar\/4b1d8e3303b4a9d8968ac578947d8bc80d9aea359f388cdd4aac15cadc0e8447?s=96&d=mm&r=g\",\"caption\":\"manadmin\"},\"sameAs\":[\"https:\/\/fadeu.urantiacos.cl\"]}]}<\/script>\n<!-- \/ Yoast SEO plugin. -->","yoast_head_json":{"title":"Alejandra Celed\u00f3n particip\u00f3 en serie Propagaciones - Facultad de Arquitectura, Dise\u00f1o y Estudios Urbanos","description":"El d\u00eda 8 de octubre de 2020, la profesora ARQ UC fue invitada a participar en la sexta sesi\u00f3n del ciclo \u201cPropagaciones: conversaciones sobre un futuro postpand\u00e9mico\u201d, espacio de conversaci\u00f3n abierta desarrollado por el Campus Creativo de la Universidad Andr\u00e9s Bello y ArchDaily.","robots":{"index":"index","follow":"follow","max-snippet":"max-snippet:-1","max-image-preview":"max-image-preview:large","max-video-preview":"max-video-preview:-1"},"canonical":"https:\/\/fadeu.urantiacos.cl\/en\/2020\/10\/18\/alejandra-celedon-participo-en-serie-propagaciones\/","og_locale":"en_US","og_type":"article","og_title":"Alejandra Celed\u00f3n particip\u00f3 en serie Propagaciones - Facultad de Arquitectura, Dise\u00f1o y Estudios Urbanos","og_description":"El d\u00eda 8 de octubre de 2020, la profesora ARQ UC fue invitada a participar en la sexta sesi\u00f3n del ciclo \u201cPropagaciones: conversaciones sobre un futuro postpand\u00e9mico\u201d, espacio de conversaci\u00f3n abierta desarrollado por el Campus Creativo de la Universidad Andr\u00e9s Bello y ArchDaily.","og_url":"https:\/\/fadeu.urantiacos.cl\/en\/2020\/10\/18\/alejandra-celedon-participo-en-serie-propagaciones\/","og_site_name":"Facultad de Arquitectura, Dise\u00f1o y Estudios Urbanos","article_published_time":"2020-10-18T22:41:00+00:00","article_modified_time":"2023-09-09T22:43:13+00:00","og_image":[{"width":350,"height":250,"url":"https:\/\/fadeu.urantiacos.cl\/wp-content\/uploads\/2023\/09\/alejandra_celedon.jpg","type":"image\/jpeg"}],"author":"manadmin","twitter_card":"summary_large_image","twitter_misc":{"Written by":"manadmin","Est. reading time":"1 minute"},"schema":{"@context":"https:\/\/schema.org","@graph":[{"@type":"Article","@id":"https:\/\/fadeu.urantiacos.cl\/en\/2020\/10\/18\/alejandra-celedon-participo-en-serie-propagaciones\/#article","isPartOf":{"@id":"https:\/\/fadeu.urantiacos.cl\/en\/2020\/10\/18\/alejandra-celedon-participo-en-serie-propagaciones\/"},"author":{"name":"manadmin","@id":"https:\/\/fadeu.urantiacos.cl\/en\/#\/schema\/person\/d203e2e84b1c40275eac77b3061a19a2"},"headline":"Alejandra Celed\u00f3n particip\u00f3 en serie Propagaciones","datePublished":"2020-10-18T22:41:00+00:00","dateModified":"2023-09-09T22:43:13+00:00","mainEntityOfPage":{"@id":"https:\/\/fadeu.urantiacos.cl\/en\/2020\/10\/18\/alejandra-celedon-participo-en-serie-propagaciones\/"},"wordCount":206,"commentCount":0,"image":{"@id":"https:\/\/fadeu.urantiacos.cl\/en\/2020\/10\/18\/alejandra-celedon-participo-en-serie-propagaciones\/#primaryimage"},"thumbnailUrl":"https:\/\/fadeu.urantiacos.cl\/wp-content\/uploads\/2023\/09\/alejandra_celedon.jpg","articleSection":["Sin categorizar"],"inLanguage":"en-US","potentialAction":[{"@type":"CommentAction","name":"Comment","target":["https:\/\/fadeu.urantiacos.cl\/en\/2020\/10\/18\/alejandra-celedon-participo-en-serie-propagaciones\/#respond"]}]},{"@type":"WebPage","@id":"https:\/\/fadeu.urantiacos.cl\/en\/2020\/10\/18\/alejandra-celedon-participo-en-serie-propagaciones\/","url":"https:\/\/fadeu.urantiacos.cl\/en\/2020\/10\/18\/alejandra-celedon-participo-en-serie-propagaciones\/","name":"Alejandra Celed\u00f3n particip\u00f3 en serie Propagaciones - Facultad de Arquitectura, Dise\u00f1o y Estudios Urbanos","isPartOf":{"@id":"https:\/\/fadeu.urantiacos.cl\/en\/#website"},"primaryImageOfPage":{"@id":"https:\/\/fadeu.urantiacos.cl\/en\/2020\/10\/18\/alejandra-celedon-participo-en-serie-propagaciones\/#primaryimage"},"image":{"@id":"https:\/\/fadeu.urantiacos.cl\/en\/2020\/10\/18\/alejandra-celedon-participo-en-serie-propagaciones\/#primaryimage"},"thumbnailUrl":"https:\/\/fadeu.urantiacos.cl\/wp-content\/uploads\/2023\/09\/alejandra_celedon.jpg","datePublished":"2020-10-18T22:41:00+00:00","dateModified":"2023-09-09T22:43:13+00:00","author":{"@id":"https:\/\/fadeu.urantiacos.cl\/en\/#\/schema\/person\/d203e2e84b1c40275eac77b3061a19a2"},"description":"El d\u00eda 8 de octubre de 2020, la profesora ARQ UC fue invitada a participar en la sexta sesi\u00f3n del ciclo \u201cPropagaciones: conversaciones sobre un futuro postpand\u00e9mico\u201d, espacio de conversaci\u00f3n abierta desarrollado por el Campus Creativo de la Universidad Andr\u00e9s Bello y ArchDaily.","breadcrumb":{"@id":"https:\/\/fadeu.urantiacos.cl\/en\/2020\/10\/18\/alejandra-celedon-participo-en-serie-propagaciones\/#breadcrumb"},"inLanguage":"en-US","potentialAction":[{"@type":"ReadAction","target":["https:\/\/fadeu.urantiacos.cl\/en\/2020\/10\/18\/alejandra-celedon-participo-en-serie-propagaciones\/"]}]},{"@type":"ImageObject","inLanguage":"en-US","@id":"https:\/\/fadeu.urantiacos.cl\/en\/2020\/10\/18\/alejandra-celedon-participo-en-serie-propagaciones\/#primaryimage","url":"https:\/\/fadeu.urantiacos.cl\/wp-content\/uploads\/2023\/09\/alejandra_celedon.jpg","contentUrl":"https:\/\/fadeu.urantiacos.cl\/wp-content\/uploads\/2023\/09\/alejandra_celedon.jpg","width":350,"height":250},{"@type":"BreadcrumbList","@id":"https:\/\/fadeu.urantiacos.cl\/en\/2020\/10\/18\/alejandra-celedon-participo-en-serie-propagaciones\/#breadcrumb","itemListElement":[{"@type":"ListItem","position":1,"name":"Portada","item":"https:\/\/fadeu.urantiacos.cl\/en\/"},{"@type":"ListItem","position":2,"name":"Alejandra Celed\u00f3n particip\u00f3 en serie Propagaciones"}]},{"@type":"WebSite","@id":"https:\/\/fadeu.urantiacos.cl\/en\/#website","url":"https:\/\/fadeu.urantiacos.cl\/en\/","name":"Facultad de Arquitectura, Dise\u00f1o y Estudios Urbanos","description":"Campus Lo Contador","potentialAction":[{"@type":"SearchAction","target":{"@type":"EntryPoint","urlTemplate":"https:\/\/fadeu.urantiacos.cl\/en\/?s={search_term_string}"},"query-input":{"@type":"PropertyValueSpecification","valueRequired":true,"valueName":"search_term_string"}}],"inLanguage":"en-US"},{"@type":"Person","@id":"https:\/\/fadeu.urantiacos.cl\/en\/#\/schema\/person\/d203e2e84b1c40275eac77b3061a19a2","name":"manadmin","image":{"@type":"ImageObject","inLanguage":"en-US","@id":"https:\/\/fadeu.urantiacos.cl\/en\/#\/schema\/person\/image\/","url":"https:\/\/secure.gravatar.com\/avatar\/4b1d8e3303b4a9d8968ac578947d8bc80d9aea359f388cdd4aac15cadc0e8447?s=96&d=mm&r=g","contentUrl":"https:\/\/secure.gravatar.com\/avatar\/4b1d8e3303b4a9d8968ac578947d8bc80d9aea359f388cdd4aac15cadc0e8447?s=96&d=mm&r=g","caption":"manadmin"},"sameAs":["https:\/\/fadeu.urantiacos.cl"]}]}},"_links":{"self":[{"href":"https:\/\/fadeu.urantiacos.cl\/en\/wp-json\/wp\/v2\/posts\/8085","targetHints":{"allow":["GET"]}}],"collection":[{"href":"https:\/\/fadeu.urantiacos.cl\/en\/wp-json\/wp\/v2\/posts"}],"about":[{"href":"https:\/\/fadeu.urantiacos.cl\/en\/wp-json\/wp\/v2\/types\/post"}],"author":[{"embeddable":true,"href":"https:\/\/fadeu.urantiacos.cl\/en\/wp-json\/wp\/v2\/users\/1"}],"replies":[{"embeddable":true,"href":"https:\/\/fadeu.urantiacos.cl\/en\/wp-json\/wp\/v2\/comments?post=8085"}],"version-history":[{"count":1,"href":"https:\/\/fadeu.urantiacos.cl\/en\/wp-json\/wp\/v2\/posts\/8085\/revisions"}],"predecessor-version":[{"id":8087,"href":"https:\/\/fadeu.urantiacos.cl\/en\/wp-json\/wp\/v2\/posts\/8085\/revisions\/8087"}],"wp:featuredmedia":[{"embeddable":true,"href":"https:\/\/fadeu.urantiacos.cl\/en\/wp-json\/wp\/v2\/media\/8086"}],"wp:attachment":[{"href":"https:\/\/fadeu.urantiacos.cl\/en\/wp-json\/wp\/v2\/media?parent=8085"}],"wp:term":[{"taxonomy":"category","embeddable":true,"href":"https:\/\/fadeu.urantiacos.cl\/en\/wp-json\/wp\/v2\/categories?post=8085"},{"taxonomy":"post_tag","embeddable":true,"href":"https:\/\/fadeu.urantiacos.cl\/en\/wp-json\/wp\/v2\/tags?post=8085"}],"curies":[{"name":"wp","href":"https:\/\/api.w.org\/{rel}","templated":true}]}}