{"id":8082,"date":"2020-10-19T19:39:00","date_gmt":"2020-10-19T22:39:00","guid":{"rendered":"https:\/\/fadeu.urantiacos.cl\/?p=8082"},"modified":"2023-09-09T19:41:25","modified_gmt":"2023-09-09T22:41:25","slug":"luis-eduardo-bresciani-y-alejandro-aravena-exponen-en-la-camara-de-diputados","status":"publish","type":"post","link":"https:\/\/fadeu.urantiacos.cl\/en\/2020\/10\/19\/luis-eduardo-bresciani-y-alejandro-aravena-exponen-en-la-camara-de-diputados\/","title":{"rendered":"Luis Eduardo Bresciani y Alejandro Aravena exponen en la C\u00e1mara de Diputados"},"content":{"rendered":"\n<figure class=\"wp-block-image size-full\"><img decoding=\"async\" width=\"350\" height=\"250\" src=\"https:\/\/fadeu.urantiacos.cl\/wp-content\/uploads\/2023\/09\/AlejandroAravena_Camara_diputados.jpg\" alt=\"\" class=\"wp-image-8083\" srcset=\"https:\/\/fadeu.urantiacos.cl\/wp-content\/uploads\/2023\/09\/AlejandroAravena_Camara_diputados.jpg 350w, https:\/\/fadeu.urantiacos.cl\/wp-content\/uploads\/2023\/09\/AlejandroAravena_Camara_diputados-300x214.jpg 300w\" sizes=\"(max-width: 350px) 100vw, 350px\" \/><\/figure>\n\n\n\n<p>Bresciani, expuso \u201cPol\u00edticas de suelo. Acceso a la ciudad y a la vivienda\u201d, donde dio una visi\u00f3n desde el punto de vista urbano, dividiendo la presentaci\u00f3n entre los logros alcanzados, las deudas pendientes, las barreras que impiden ciertos avances en materia de ciudad, y los cambios que se podr\u00edan llevar a cabo. De esta forma, abord\u00f3 las pol\u00edticas de suelo pero vinculadas a las pol\u00edticas de vivienda: \u201cNo estamos hablando solamente de pol\u00edticas habitacionales, estamos hablando de pol\u00edticas que permiten el acceso a las oportunidades que la ciudad presenta\u201d, recalc\u00f3.<\/p>\n\n\n\n<p>Por otro lado, y con un discurso similar al presentado en el Senado el 21 de agosto (<a href=\"http:\/\/arquitectura.uc.cl\/proyectos\/noticias\/5303-alejandro-aravena-expuso-en-conversatorio-sobre-vivienda-y-ciudad-en-el-senado.html\" target=\"_blank\" rel=\"noreferrer noopener\">ver nota<\/a>), titulada \u201cVivienda \u00bfR\u00e1pido&nbsp;o&nbsp;y bien?\u201d, Aravena reforz\u00f3 su argumento en torno a las relaciones &#8220;vivienda\/pandemia&#8221;, &#8220;vivienda\/estallido&#8221;, y &#8220;vivienda\/reactivaci\u00f3n econ\u00f3mica&#8221;. A prop\u00f3sito de esto, hizo \u00e9nfasis en la importancia de no &#8220;desaprovechar la oportunidad de corregir la manera en que hemos construido vivienda hasta ahora\u201d, insistiendo en la posibilidad y factibilidad de construir &#8220;r\u00e1pido y bien&#8221; a la vez.<\/p>\n\n\n\n<p>Ver intervenciones en el siguiente&nbsp;<a href=\"http:\/\/www.democraciaenvivo.cl\/player.aspx?id=1709&amp;name=PROGC016704.mp4\" target=\"_blank\" rel=\"noreferrer noopener\">link<\/a><br>Ver nota sobre exposici\u00f3n de Luis Eduardo Bresciani en el Senado en el siguiente&nbsp;<a href=\"http:\/\/arquitectura.uc.cl\/proyectos\/noticias\/5371-luis-eduardo-bresciani-expuso-en-conversatorio-sobre-vivienda-y-ciudad-en-el-senado.html\" target=\"_blank\" rel=\"noreferrer noopener\">link<\/a>&nbsp;<\/p>\n\n\n\n<p>Noticias<br>Contacto:&nbsp;<a href=\"mailto:redesarq@uc.cl\">redesarq@uc.cl<\/a>&nbsp;| +56 2 2354 7747<br>www.arquitectura.uc.cl<\/p>\n","protected":false},"excerpt":{"rendered":"<p>El d\u00eda 28 de septiembre de 2020, la Comisi\u00f3n de Vivienda de la C\u00e1mara de Diputados \u2014presidida por Gonzalo Winter\u2014 invit\u00f3 a Luis Eduardo Bresciani, director ARQ UC, y a Alejandro Aravena, profesor ARQ UC, a presentar en calidad de expertos en vivienda, desarrollo urbano y bienes nacionales.<\/p>\n","protected":false},"author":1,"featured_media":8083,"comment_status":"open","ping_status":"open","sticky":false,"template":"","format":"standard","meta":{"_acf_changed":false,"footnotes":""},"categories":[1],"tags":[],"class_list":["post-8082","post","type-post","status-publish","format-standard","has-post-thumbnail","hentry","category-sin-categorizar"],"acf":[],"yoast_head":"<!-- This site is optimized with the Yoast SEO plugin v27.1.1 - https:\/\/yoast.com\/product\/yoast-seo-wordpress\/ -->\n<title>Luis Eduardo Bresciani y Alejandro Aravena exponen en la C\u00e1mara de Diputados - Facultad de Arquitectura, Dise\u00f1o y Estudios Urbanos<\/title>\n<meta name=\"description\" content=\"El d\u00eda 28 de septiembre de 2020, la Comisi\u00f3n de Vivienda de la C\u00e1mara de Diputados \u2014presidida por Gonzalo Winter\u2014 invit\u00f3 a Luis Eduardo Bresciani, director ARQ UC, y a Alejandro Aravena, profesor ARQ UC, a presentar en calidad de expertos en vivienda, desarrollo urbano y bienes nacionales.\" \/>\n<meta name=\"robots\" content=\"index, follow, max-snippet:-1, max-image-preview:large, max-video-preview:-1\" \/>\n<link rel=\"canonical\" href=\"https:\/\/fadeu.urantiacos.cl\/en\/2020\/10\/19\/luis-eduardo-bresciani-y-alejandro-aravena-exponen-en-la-camara-de-diputados\/\" \/>\n<meta property=\"og:locale\" content=\"en_US\" \/>\n<meta property=\"og:type\" content=\"article\" \/>\n<meta property=\"og:title\" content=\"Luis Eduardo Bresciani y Alejandro Aravena exponen en la C\u00e1mara de Diputados - Facultad de Arquitectura, Dise\u00f1o y Estudios Urbanos\" \/>\n<meta property=\"og:description\" content=\"El d\u00eda 28 de septiembre de 2020, la Comisi\u00f3n de Vivienda de la C\u00e1mara de Diputados \u2014presidida por Gonzalo Winter\u2014 invit\u00f3 a Luis Eduardo Bresciani, director ARQ UC, y a Alejandro Aravena, profesor ARQ UC, a presentar en calidad de expertos en vivienda, desarrollo urbano y bienes nacionales.\" \/>\n<meta property=\"og:url\" content=\"https:\/\/fadeu.urantiacos.cl\/en\/2020\/10\/19\/luis-eduardo-bresciani-y-alejandro-aravena-exponen-en-la-camara-de-diputados\/\" \/>\n<meta property=\"og:site_name\" content=\"Facultad de Arquitectura, Dise\u00f1o y Estudios Urbanos\" \/>\n<meta property=\"article:published_time\" content=\"2020-10-19T22:39:00+00:00\" \/>\n<meta property=\"article:modified_time\" content=\"2023-09-09T22:41:25+00:00\" \/>\n<meta property=\"og:image\" content=\"https:\/\/fadeu.urantiacos.cl\/wp-content\/uploads\/2023\/09\/AlejandroAravena_Camara_diputados.jpg\" \/>\n\t<meta property=\"og:image:width\" content=\"350\" \/>\n\t<meta property=\"og:image:height\" content=\"250\" \/>\n\t<meta property=\"og:image:type\" content=\"image\/jpeg\" \/>\n<meta name=\"author\" content=\"manadmin\" \/>\n<meta name=\"twitter:card\" content=\"summary_large_image\" \/>\n<meta name=\"twitter:label1\" content=\"Written by\" \/>\n\t<meta name=\"twitter:data1\" content=\"manadmin\" \/>\n\t<meta name=\"twitter:label2\" content=\"Est. reading time\" \/>\n\t<meta name=\"twitter:data2\" content=\"1 minute\" \/>\n<script type=\"application\/ld+json\" class=\"yoast-schema-graph\">{\"@context\":\"https:\/\/schema.org\",\"@graph\":[{\"@type\":\"Article\",\"@id\":\"https:\/\/fadeu.urantiacos.cl\/en\/2020\/10\/19\/luis-eduardo-bresciani-y-alejandro-aravena-exponen-en-la-camara-de-diputados\/#article\",\"isPartOf\":{\"@id\":\"https:\/\/fadeu.urantiacos.cl\/en\/2020\/10\/19\/luis-eduardo-bresciani-y-alejandro-aravena-exponen-en-la-camara-de-diputados\/\"},\"author\":{\"name\":\"manadmin\",\"@id\":\"https:\/\/fadeu.urantiacos.cl\/en\/#\/schema\/person\/d203e2e84b1c40275eac77b3061a19a2\"},\"headline\":\"Luis Eduardo Bresciani y Alejandro Aravena exponen en la C\u00e1mara de Diputados\",\"datePublished\":\"2020-10-19T22:39:00+00:00\",\"dateModified\":\"2023-09-09T22:41:25+00:00\",\"mainEntityOfPage\":{\"@id\":\"https:\/\/fadeu.urantiacos.cl\/en\/2020\/10\/19\/luis-eduardo-bresciani-y-alejandro-aravena-exponen-en-la-camara-de-diputados\/\"},\"wordCount\":233,\"commentCount\":0,\"image\":{\"@id\":\"https:\/\/fadeu.urantiacos.cl\/en\/2020\/10\/19\/luis-eduardo-bresciani-y-alejandro-aravena-exponen-en-la-camara-de-diputados\/#primaryimage\"},\"thumbnailUrl\":\"https:\/\/fadeu.urantiacos.cl\/wp-content\/uploads\/2023\/09\/AlejandroAravena_Camara_diputados.jpg\",\"articleSection\":[\"Sin categorizar\"],\"inLanguage\":\"en-US\",\"potentialAction\":[{\"@type\":\"CommentAction\",\"name\":\"Comment\",\"target\":[\"https:\/\/fadeu.urantiacos.cl\/en\/2020\/10\/19\/luis-eduardo-bresciani-y-alejandro-aravena-exponen-en-la-camara-de-diputados\/#respond\"]}]},{\"@type\":\"WebPage\",\"@id\":\"https:\/\/fadeu.urantiacos.cl\/en\/2020\/10\/19\/luis-eduardo-bresciani-y-alejandro-aravena-exponen-en-la-camara-de-diputados\/\",\"url\":\"https:\/\/fadeu.urantiacos.cl\/en\/2020\/10\/19\/luis-eduardo-bresciani-y-alejandro-aravena-exponen-en-la-camara-de-diputados\/\",\"name\":\"Luis Eduardo Bresciani y Alejandro Aravena exponen en la C\u00e1mara de Diputados - Facultad de Arquitectura, Dise\u00f1o y Estudios Urbanos\",\"isPartOf\":{\"@id\":\"https:\/\/fadeu.urantiacos.cl\/en\/#website\"},\"primaryImageOfPage\":{\"@id\":\"https:\/\/fadeu.urantiacos.cl\/en\/2020\/10\/19\/luis-eduardo-bresciani-y-alejandro-aravena-exponen-en-la-camara-de-diputados\/#primaryimage\"},\"image\":{\"@id\":\"https:\/\/fadeu.urantiacos.cl\/en\/2020\/10\/19\/luis-eduardo-bresciani-y-alejandro-aravena-exponen-en-la-camara-de-diputados\/#primaryimage\"},\"thumbnailUrl\":\"https:\/\/fadeu.urantiacos.cl\/wp-content\/uploads\/2023\/09\/AlejandroAravena_Camara_diputados.jpg\",\"datePublished\":\"2020-10-19T22:39:00+00:00\",\"dateModified\":\"2023-09-09T22:41:25+00:00\",\"author\":{\"@id\":\"https:\/\/fadeu.urantiacos.cl\/en\/#\/schema\/person\/d203e2e84b1c40275eac77b3061a19a2\"},\"description\":\"El d\u00eda 28 de septiembre de 2020, la Comisi\u00f3n de Vivienda de la C\u00e1mara de Diputados \u2014presidida por Gonzalo Winter\u2014 invit\u00f3 a Luis Eduardo Bresciani, director ARQ UC, y a Alejandro Aravena, profesor ARQ UC, a presentar en calidad de expertos en vivienda, desarrollo urbano y bienes nacionales.\",\"breadcrumb\":{\"@id\":\"https:\/\/fadeu.urantiacos.cl\/en\/2020\/10\/19\/luis-eduardo-bresciani-y-alejandro-aravena-exponen-en-la-camara-de-diputados\/#breadcrumb\"},\"inLanguage\":\"en-US\",\"potentialAction\":[{\"@type\":\"ReadAction\",\"target\":[\"https:\/\/fadeu.urantiacos.cl\/en\/2020\/10\/19\/luis-eduardo-bresciani-y-alejandro-aravena-exponen-en-la-camara-de-diputados\/\"]}]},{\"@type\":\"ImageObject\",\"inLanguage\":\"en-US\",\"@id\":\"https:\/\/fadeu.urantiacos.cl\/en\/2020\/10\/19\/luis-eduardo-bresciani-y-alejandro-aravena-exponen-en-la-camara-de-diputados\/#primaryimage\",\"url\":\"https:\/\/fadeu.urantiacos.cl\/wp-content\/uploads\/2023\/09\/AlejandroAravena_Camara_diputados.jpg\",\"contentUrl\":\"https:\/\/fadeu.urantiacos.cl\/wp-content\/uploads\/2023\/09\/AlejandroAravena_Camara_diputados.jpg\",\"width\":350,\"height\":250},{\"@type\":\"BreadcrumbList\",\"@id\":\"https:\/\/fadeu.urantiacos.cl\/en\/2020\/10\/19\/luis-eduardo-bresciani-y-alejandro-aravena-exponen-en-la-camara-de-diputados\/#breadcrumb\",\"itemListElement\":[{\"@type\":\"ListItem\",\"position\":1,\"name\":\"Portada\",\"item\":\"https:\/\/fadeu.urantiacos.cl\/en\/\"},{\"@type\":\"ListItem\",\"position\":2,\"name\":\"Luis Eduardo Bresciani y Alejandro Aravena exponen en la C\u00e1mara de Diputados\"}]},{\"@type\":\"WebSite\",\"@id\":\"https:\/\/fadeu.urantiacos.cl\/en\/#website\",\"url\":\"https:\/\/fadeu.urantiacos.cl\/en\/\",\"name\":\"Facultad de Arquitectura, Dise\u00f1o y Estudios Urbanos\",\"description\":\"Campus Lo Contador\",\"potentialAction\":[{\"@type\":\"SearchAction\",\"target\":{\"@type\":\"EntryPoint\",\"urlTemplate\":\"https:\/\/fadeu.urantiacos.cl\/en\/?s={search_term_string}\"},\"query-input\":{\"@type\":\"PropertyValueSpecification\",\"valueRequired\":true,\"valueName\":\"search_term_string\"}}],\"inLanguage\":\"en-US\"},{\"@type\":\"Person\",\"@id\":\"https:\/\/fadeu.urantiacos.cl\/en\/#\/schema\/person\/d203e2e84b1c40275eac77b3061a19a2\",\"name\":\"manadmin\",\"image\":{\"@type\":\"ImageObject\",\"inLanguage\":\"en-US\",\"@id\":\"https:\/\/fadeu.urantiacos.cl\/en\/#\/schema\/person\/image\/\",\"url\":\"https:\/\/secure.gravatar.com\/avatar\/4b1d8e3303b4a9d8968ac578947d8bc80d9aea359f388cdd4aac15cadc0e8447?s=96&d=mm&r=g\",\"contentUrl\":\"https:\/\/secure.gravatar.com\/avatar\/4b1d8e3303b4a9d8968ac578947d8bc80d9aea359f388cdd4aac15cadc0e8447?s=96&d=mm&r=g\",\"caption\":\"manadmin\"},\"sameAs\":[\"https:\/\/fadeu.urantiacos.cl\"]}]}<\/script>\n<!-- \/ Yoast SEO plugin. -->","yoast_head_json":{"title":"Luis Eduardo Bresciani y Alejandro Aravena exponen en la C\u00e1mara de Diputados - Facultad de Arquitectura, Dise\u00f1o y Estudios Urbanos","description":"El d\u00eda 28 de septiembre de 2020, la Comisi\u00f3n de Vivienda de la C\u00e1mara de Diputados \u2014presidida por Gonzalo Winter\u2014 invit\u00f3 a Luis Eduardo Bresciani, director ARQ UC, y a Alejandro Aravena, profesor ARQ UC, a presentar en calidad de expertos en vivienda, desarrollo urbano y bienes nacionales.","robots":{"index":"index","follow":"follow","max-snippet":"max-snippet:-1","max-image-preview":"max-image-preview:large","max-video-preview":"max-video-preview:-1"},"canonical":"https:\/\/fadeu.urantiacos.cl\/en\/2020\/10\/19\/luis-eduardo-bresciani-y-alejandro-aravena-exponen-en-la-camara-de-diputados\/","og_locale":"en_US","og_type":"article","og_title":"Luis Eduardo Bresciani y Alejandro Aravena exponen en la C\u00e1mara de Diputados - Facultad de Arquitectura, Dise\u00f1o y Estudios Urbanos","og_description":"El d\u00eda 28 de septiembre de 2020, la Comisi\u00f3n de Vivienda de la C\u00e1mara de Diputados \u2014presidida por Gonzalo Winter\u2014 invit\u00f3 a Luis Eduardo Bresciani, director ARQ UC, y a Alejandro Aravena, profesor ARQ UC, a presentar en calidad de expertos en vivienda, desarrollo urbano y bienes nacionales.","og_url":"https:\/\/fadeu.urantiacos.cl\/en\/2020\/10\/19\/luis-eduardo-bresciani-y-alejandro-aravena-exponen-en-la-camara-de-diputados\/","og_site_name":"Facultad de Arquitectura, Dise\u00f1o y Estudios Urbanos","article_published_time":"2020-10-19T22:39:00+00:00","article_modified_time":"2023-09-09T22:41:25+00:00","og_image":[{"width":350,"height":250,"url":"https:\/\/fadeu.urantiacos.cl\/wp-content\/uploads\/2023\/09\/AlejandroAravena_Camara_diputados.jpg","type":"image\/jpeg"}],"author":"manadmin","twitter_card":"summary_large_image","twitter_misc":{"Written by":"manadmin","Est. reading time":"1 minute"},"schema":{"@context":"https:\/\/schema.org","@graph":[{"@type":"Article","@id":"https:\/\/fadeu.urantiacos.cl\/en\/2020\/10\/19\/luis-eduardo-bresciani-y-alejandro-aravena-exponen-en-la-camara-de-diputados\/#article","isPartOf":{"@id":"https:\/\/fadeu.urantiacos.cl\/en\/2020\/10\/19\/luis-eduardo-bresciani-y-alejandro-aravena-exponen-en-la-camara-de-diputados\/"},"author":{"name":"manadmin","@id":"https:\/\/fadeu.urantiacos.cl\/en\/#\/schema\/person\/d203e2e84b1c40275eac77b3061a19a2"},"headline":"Luis Eduardo Bresciani y Alejandro Aravena exponen en la C\u00e1mara de Diputados","datePublished":"2020-10-19T22:39:00+00:00","dateModified":"2023-09-09T22:41:25+00:00","mainEntityOfPage":{"@id":"https:\/\/fadeu.urantiacos.cl\/en\/2020\/10\/19\/luis-eduardo-bresciani-y-alejandro-aravena-exponen-en-la-camara-de-diputados\/"},"wordCount":233,"commentCount":0,"image":{"@id":"https:\/\/fadeu.urantiacos.cl\/en\/2020\/10\/19\/luis-eduardo-bresciani-y-alejandro-aravena-exponen-en-la-camara-de-diputados\/#primaryimage"},"thumbnailUrl":"https:\/\/fadeu.urantiacos.cl\/wp-content\/uploads\/2023\/09\/AlejandroAravena_Camara_diputados.jpg","articleSection":["Sin categorizar"],"inLanguage":"en-US","potentialAction":[{"@type":"CommentAction","name":"Comment","target":["https:\/\/fadeu.urantiacos.cl\/en\/2020\/10\/19\/luis-eduardo-bresciani-y-alejandro-aravena-exponen-en-la-camara-de-diputados\/#respond"]}]},{"@type":"WebPage","@id":"https:\/\/fadeu.urantiacos.cl\/en\/2020\/10\/19\/luis-eduardo-bresciani-y-alejandro-aravena-exponen-en-la-camara-de-diputados\/","url":"https:\/\/fadeu.urantiacos.cl\/en\/2020\/10\/19\/luis-eduardo-bresciani-y-alejandro-aravena-exponen-en-la-camara-de-diputados\/","name":"Luis Eduardo Bresciani y Alejandro Aravena exponen en la C\u00e1mara de Diputados - Facultad de Arquitectura, Dise\u00f1o y Estudios Urbanos","isPartOf":{"@id":"https:\/\/fadeu.urantiacos.cl\/en\/#website"},"primaryImageOfPage":{"@id":"https:\/\/fadeu.urantiacos.cl\/en\/2020\/10\/19\/luis-eduardo-bresciani-y-alejandro-aravena-exponen-en-la-camara-de-diputados\/#primaryimage"},"image":{"@id":"https:\/\/fadeu.urantiacos.cl\/en\/2020\/10\/19\/luis-eduardo-bresciani-y-alejandro-aravena-exponen-en-la-camara-de-diputados\/#primaryimage"},"thumbnailUrl":"https:\/\/fadeu.urantiacos.cl\/wp-content\/uploads\/2023\/09\/AlejandroAravena_Camara_diputados.jpg","datePublished":"2020-10-19T22:39:00+00:00","dateModified":"2023-09-09T22:41:25+00:00","author":{"@id":"https:\/\/fadeu.urantiacos.cl\/en\/#\/schema\/person\/d203e2e84b1c40275eac77b3061a19a2"},"description":"El d\u00eda 28 de septiembre de 2020, la Comisi\u00f3n de Vivienda de la C\u00e1mara de Diputados \u2014presidida por Gonzalo Winter\u2014 invit\u00f3 a Luis Eduardo Bresciani, director ARQ UC, y a Alejandro Aravena, profesor ARQ UC, a presentar en calidad de expertos en vivienda, desarrollo urbano y bienes nacionales.","breadcrumb":{"@id":"https:\/\/fadeu.urantiacos.cl\/en\/2020\/10\/19\/luis-eduardo-bresciani-y-alejandro-aravena-exponen-en-la-camara-de-diputados\/#breadcrumb"},"inLanguage":"en-US","potentialAction":[{"@type":"ReadAction","target":["https:\/\/fadeu.urantiacos.cl\/en\/2020\/10\/19\/luis-eduardo-bresciani-y-alejandro-aravena-exponen-en-la-camara-de-diputados\/"]}]},{"@type":"ImageObject","inLanguage":"en-US","@id":"https:\/\/fadeu.urantiacos.cl\/en\/2020\/10\/19\/luis-eduardo-bresciani-y-alejandro-aravena-exponen-en-la-camara-de-diputados\/#primaryimage","url":"https:\/\/fadeu.urantiacos.cl\/wp-content\/uploads\/2023\/09\/AlejandroAravena_Camara_diputados.jpg","contentUrl":"https:\/\/fadeu.urantiacos.cl\/wp-content\/uploads\/2023\/09\/AlejandroAravena_Camara_diputados.jpg","width":350,"height":250},{"@type":"BreadcrumbList","@id":"https:\/\/fadeu.urantiacos.cl\/en\/2020\/10\/19\/luis-eduardo-bresciani-y-alejandro-aravena-exponen-en-la-camara-de-diputados\/#breadcrumb","itemListElement":[{"@type":"ListItem","position":1,"name":"Portada","item":"https:\/\/fadeu.urantiacos.cl\/en\/"},{"@type":"ListItem","position":2,"name":"Luis Eduardo Bresciani y Alejandro Aravena exponen en la C\u00e1mara de Diputados"}]},{"@type":"WebSite","@id":"https:\/\/fadeu.urantiacos.cl\/en\/#website","url":"https:\/\/fadeu.urantiacos.cl\/en\/","name":"Facultad de Arquitectura, Dise\u00f1o y Estudios Urbanos","description":"Campus Lo Contador","potentialAction":[{"@type":"SearchAction","target":{"@type":"EntryPoint","urlTemplate":"https:\/\/fadeu.urantiacos.cl\/en\/?s={search_term_string}"},"query-input":{"@type":"PropertyValueSpecification","valueRequired":true,"valueName":"search_term_string"}}],"inLanguage":"en-US"},{"@type":"Person","@id":"https:\/\/fadeu.urantiacos.cl\/en\/#\/schema\/person\/d203e2e84b1c40275eac77b3061a19a2","name":"manadmin","image":{"@type":"ImageObject","inLanguage":"en-US","@id":"https:\/\/fadeu.urantiacos.cl\/en\/#\/schema\/person\/image\/","url":"https:\/\/secure.gravatar.com\/avatar\/4b1d8e3303b4a9d8968ac578947d8bc80d9aea359f388cdd4aac15cadc0e8447?s=96&d=mm&r=g","contentUrl":"https:\/\/secure.gravatar.com\/avatar\/4b1d8e3303b4a9d8968ac578947d8bc80d9aea359f388cdd4aac15cadc0e8447?s=96&d=mm&r=g","caption":"manadmin"},"sameAs":["https:\/\/fadeu.urantiacos.cl"]}]}},"_links":{"self":[{"href":"https:\/\/fadeu.urantiacos.cl\/en\/wp-json\/wp\/v2\/posts\/8082","targetHints":{"allow":["GET"]}}],"collection":[{"href":"https:\/\/fadeu.urantiacos.cl\/en\/wp-json\/wp\/v2\/posts"}],"about":[{"href":"https:\/\/fadeu.urantiacos.cl\/en\/wp-json\/wp\/v2\/types\/post"}],"author":[{"embeddable":true,"href":"https:\/\/fadeu.urantiacos.cl\/en\/wp-json\/wp\/v2\/users\/1"}],"replies":[{"embeddable":true,"href":"https:\/\/fadeu.urantiacos.cl\/en\/wp-json\/wp\/v2\/comments?post=8082"}],"version-history":[{"count":1,"href":"https:\/\/fadeu.urantiacos.cl\/en\/wp-json\/wp\/v2\/posts\/8082\/revisions"}],"predecessor-version":[{"id":8084,"href":"https:\/\/fadeu.urantiacos.cl\/en\/wp-json\/wp\/v2\/posts\/8082\/revisions\/8084"}],"wp:featuredmedia":[{"embeddable":true,"href":"https:\/\/fadeu.urantiacos.cl\/en\/wp-json\/wp\/v2\/media\/8083"}],"wp:attachment":[{"href":"https:\/\/fadeu.urantiacos.cl\/en\/wp-json\/wp\/v2\/media?parent=8082"}],"wp:term":[{"taxonomy":"category","embeddable":true,"href":"https:\/\/fadeu.urantiacos.cl\/en\/wp-json\/wp\/v2\/categories?post=8082"},{"taxonomy":"post_tag","embeddable":true,"href":"https:\/\/fadeu.urantiacos.cl\/en\/wp-json\/wp\/v2\/tags?post=8082"}],"curies":[{"name":"wp","href":"https:\/\/api.w.org\/{rel}","templated":true}]}}