{"id":8079,"date":"2020-10-19T19:36:00","date_gmt":"2020-10-19T22:36:00","guid":{"rendered":"https:\/\/fadeu.urantiacos.cl\/?p=8079"},"modified":"2023-10-24T12:36:54","modified_gmt":"2023-10-24T15:36:54","slug":"cristian-izquierdo-y-normas-sismicas-en-construccion-en-madera-los-parametros-no-estan-validados-a-construcciones-de-gran-envergadura","status":"publish","type":"post","link":"https:\/\/fadeu.urantiacos.cl\/en\/2020\/10\/19\/cristian-izquierdo-y-normas-sismicas-en-construccion-en-madera-los-parametros-no-estan-validados-a-construcciones-de-gran-envergadura\/","title":{"rendered":"Cristi\u00e1n Izquierdo y normas s\u00edsmicas en construcci\u00f3n en madera: \u201cLos par\u00e1metros no est\u00e1n validados a construcciones de gran envergadura\u201d"},"content":{"rendered":"\n<figure class=\"wp-block-image size-full\"><img decoding=\"async\" width=\"350\" height=\"250\" src=\"https:\/\/fadeu.urantiacos.cl\/wp-content\/uploads\/2023\/10\/cristian_izquierdo_web.jpg\" alt=\"\" class=\"wp-image-17790\" srcset=\"https:\/\/fadeu.urantiacos.cl\/wp-content\/uploads\/2023\/10\/cristian_izquierdo_web.jpg 350w, https:\/\/fadeu.urantiacos.cl\/wp-content\/uploads\/2023\/10\/cristian_izquierdo_web-300x214.jpg 300w\" sizes=\"(max-width: 350px) 100vw, 350px\" \/><\/figure>\n\n\n\n<p>Radio Duna destaca la entrevista al acad\u00e9mico de la Escuela de Arquitectura, Cristi\u00e1n Izquierdo sobre la construcci\u00f3n en madera, las normas s\u00edsmicas en Chile, el proyecto de casas Alc\u00e1ntara, entre otros.&nbsp;<\/p>\n\n\n\n<h6 class=\"wp-block-heading\">+ Escucha la entrevista completa&nbsp;<a href=\"https:\/\/www.duna.cl\/programa\/santiago-adicto\/2020\/10\/14\/cristian-izquierdo-y-normas-sismicas-en-construccion-en-madera-los-parametros-no-estan-validados-a-construcciones-de-gran-envergadura\/\" target=\"_blank\" rel=\"noreferrer noopener\">aqu\u00ed<\/a>.<\/h6>\n","protected":false},"excerpt":{"rendered":"<p>Radio Duna destaca la entrevista al acad\u00e9mico de la Escuela de Arquitectura, Cristi\u00e1n Izquierdo sobre la construcci\u00f3n en madera, las normas s\u00edsmicas en Chile, el proyecto de casas Alc\u00e1ntara, entre otros.&nbsp; + Escucha la entrevista completa&nbsp;aqu\u00ed.<\/p>\n","protected":false},"author":1,"featured_media":17790,"comment_status":"open","ping_status":"open","sticky":false,"template":"","format":"standard","meta":{"_acf_changed":false,"footnotes":""},"categories":[1],"tags":[],"class_list":["post-8079","post","type-post","status-publish","format-standard","has-post-thumbnail","hentry","category-sin-categorizar"],"acf":[],"yoast_head":"<!-- This site is optimized with the Yoast SEO plugin v27.1.1 - https:\/\/yoast.com\/product\/yoast-seo-wordpress\/ -->\n<title>Cristi\u00e1n Izquierdo y normas s\u00edsmicas en construcci\u00f3n en madera: \u201cLos par\u00e1metros no est\u00e1n validados a construcciones de gran envergadura\u201d - Facultad de Arquitectura, Dise\u00f1o y Estudios Urbanos<\/title>\n<meta name=\"description\" content=\"Radio Duna destaca la entrevista al acad\u00e9mico de la Escuela de Arquitectura, Cristi\u00e1n Izquierdo sobre la construcci\u00f3n en madera, las normas s\u00edsmicas en\" \/>\n<meta name=\"robots\" content=\"index, follow, max-snippet:-1, max-image-preview:large, max-video-preview:-1\" \/>\n<link rel=\"canonical\" href=\"https:\/\/fadeu.urantiacos.cl\/en\/2020\/10\/19\/cristian-izquierdo-y-normas-sismicas-en-construccion-en-madera-los-parametros-no-estan-validados-a-construcciones-de-gran-envergadura\/\" \/>\n<meta property=\"og:locale\" content=\"en_US\" \/>\n<meta property=\"og:type\" content=\"article\" \/>\n<meta property=\"og:title\" content=\"Cristi\u00e1n Izquierdo y normas s\u00edsmicas en construcci\u00f3n en madera: \u201cLos par\u00e1metros no est\u00e1n validados a construcciones de gran envergadura\u201d - Facultad de Arquitectura, Dise\u00f1o y Estudios Urbanos\" \/>\n<meta property=\"og:description\" content=\"Radio Duna destaca la entrevista al acad\u00e9mico de la Escuela de Arquitectura, Cristi\u00e1n Izquierdo sobre la construcci\u00f3n en madera, las normas s\u00edsmicas en\" \/>\n<meta property=\"og:url\" content=\"https:\/\/fadeu.urantiacos.cl\/en\/2020\/10\/19\/cristian-izquierdo-y-normas-sismicas-en-construccion-en-madera-los-parametros-no-estan-validados-a-construcciones-de-gran-envergadura\/\" \/>\n<meta property=\"og:site_name\" content=\"Facultad de Arquitectura, Dise\u00f1o y Estudios Urbanos\" \/>\n<meta property=\"article:published_time\" content=\"2020-10-19T22:36:00+00:00\" \/>\n<meta property=\"article:modified_time\" content=\"2023-10-24T15:36:54+00:00\" \/>\n<meta property=\"og:image\" content=\"https:\/\/fadeu.urantiacos.cl\/wp-content\/uploads\/2023\/10\/cristian_izquierdo_web.jpg\" \/>\n\t<meta property=\"og:image:width\" content=\"350\" \/>\n\t<meta property=\"og:image:height\" content=\"250\" \/>\n\t<meta property=\"og:image:type\" content=\"image\/jpeg\" \/>\n<meta name=\"author\" content=\"manadmin\" \/>\n<meta name=\"twitter:card\" content=\"summary_large_image\" \/>\n<meta name=\"twitter:label1\" content=\"Written by\" \/>\n\t<meta name=\"twitter:data1\" content=\"manadmin\" \/>\n\t<meta name=\"twitter:label2\" content=\"Est. reading time\" \/>\n\t<meta name=\"twitter:data2\" content=\"1 minute\" \/>\n<script type=\"application\/ld+json\" class=\"yoast-schema-graph\">{\"@context\":\"https:\/\/schema.org\",\"@graph\":[{\"@type\":\"Article\",\"@id\":\"https:\/\/fadeu.urantiacos.cl\/en\/2020\/10\/19\/cristian-izquierdo-y-normas-sismicas-en-construccion-en-madera-los-parametros-no-estan-validados-a-construcciones-de-gran-envergadura\/#article\",\"isPartOf\":{\"@id\":\"https:\/\/fadeu.urantiacos.cl\/en\/2020\/10\/19\/cristian-izquierdo-y-normas-sismicas-en-construccion-en-madera-los-parametros-no-estan-validados-a-construcciones-de-gran-envergadura\/\"},\"author\":{\"name\":\"manadmin\",\"@id\":\"https:\/\/fadeu.urantiacos.cl\/en\/#\/schema\/person\/d203e2e84b1c40275eac77b3061a19a2\"},\"headline\":\"Cristi\u00e1n Izquierdo y normas s\u00edsmicas en construcci\u00f3n en madera: \u201cLos par\u00e1metros no est\u00e1n validados a construcciones de gran envergadura\u201d\",\"datePublished\":\"2020-10-19T22:36:00+00:00\",\"dateModified\":\"2023-10-24T15:36:54+00:00\",\"mainEntityOfPage\":{\"@id\":\"https:\/\/fadeu.urantiacos.cl\/en\/2020\/10\/19\/cristian-izquierdo-y-normas-sismicas-en-construccion-en-madera-los-parametros-no-estan-validados-a-construcciones-de-gran-envergadura\/\"},\"wordCount\":67,\"commentCount\":0,\"image\":{\"@id\":\"https:\/\/fadeu.urantiacos.cl\/en\/2020\/10\/19\/cristian-izquierdo-y-normas-sismicas-en-construccion-en-madera-los-parametros-no-estan-validados-a-construcciones-de-gran-envergadura\/#primaryimage\"},\"thumbnailUrl\":\"https:\/\/fadeu.urantiacos.cl\/wp-content\/uploads\/2023\/10\/cristian_izquierdo_web.jpg\",\"articleSection\":[\"Sin categorizar\"],\"inLanguage\":\"en-US\",\"potentialAction\":[{\"@type\":\"CommentAction\",\"name\":\"Comment\",\"target\":[\"https:\/\/fadeu.urantiacos.cl\/en\/2020\/10\/19\/cristian-izquierdo-y-normas-sismicas-en-construccion-en-madera-los-parametros-no-estan-validados-a-construcciones-de-gran-envergadura\/#respond\"]}]},{\"@type\":\"WebPage\",\"@id\":\"https:\/\/fadeu.urantiacos.cl\/en\/2020\/10\/19\/cristian-izquierdo-y-normas-sismicas-en-construccion-en-madera-los-parametros-no-estan-validados-a-construcciones-de-gran-envergadura\/\",\"url\":\"https:\/\/fadeu.urantiacos.cl\/en\/2020\/10\/19\/cristian-izquierdo-y-normas-sismicas-en-construccion-en-madera-los-parametros-no-estan-validados-a-construcciones-de-gran-envergadura\/\",\"name\":\"Cristi\u00e1n Izquierdo y normas s\u00edsmicas en construcci\u00f3n en madera: \u201cLos par\u00e1metros no est\u00e1n validados a construcciones de gran envergadura\u201d - Facultad de Arquitectura, Dise\u00f1o y Estudios Urbanos\",\"isPartOf\":{\"@id\":\"https:\/\/fadeu.urantiacos.cl\/en\/#website\"},\"primaryImageOfPage\":{\"@id\":\"https:\/\/fadeu.urantiacos.cl\/en\/2020\/10\/19\/cristian-izquierdo-y-normas-sismicas-en-construccion-en-madera-los-parametros-no-estan-validados-a-construcciones-de-gran-envergadura\/#primaryimage\"},\"image\":{\"@id\":\"https:\/\/fadeu.urantiacos.cl\/en\/2020\/10\/19\/cristian-izquierdo-y-normas-sismicas-en-construccion-en-madera-los-parametros-no-estan-validados-a-construcciones-de-gran-envergadura\/#primaryimage\"},\"thumbnailUrl\":\"https:\/\/fadeu.urantiacos.cl\/wp-content\/uploads\/2023\/10\/cristian_izquierdo_web.jpg\",\"datePublished\":\"2020-10-19T22:36:00+00:00\",\"dateModified\":\"2023-10-24T15:36:54+00:00\",\"author\":{\"@id\":\"https:\/\/fadeu.urantiacos.cl\/en\/#\/schema\/person\/d203e2e84b1c40275eac77b3061a19a2\"},\"description\":\"Radio Duna destaca la entrevista al acad\u00e9mico de la Escuela de Arquitectura, Cristi\u00e1n Izquierdo sobre la construcci\u00f3n en madera, las normas s\u00edsmicas en\",\"breadcrumb\":{\"@id\":\"https:\/\/fadeu.urantiacos.cl\/en\/2020\/10\/19\/cristian-izquierdo-y-normas-sismicas-en-construccion-en-madera-los-parametros-no-estan-validados-a-construcciones-de-gran-envergadura\/#breadcrumb\"},\"inLanguage\":\"en-US\",\"potentialAction\":[{\"@type\":\"ReadAction\",\"target\":[\"https:\/\/fadeu.urantiacos.cl\/en\/2020\/10\/19\/cristian-izquierdo-y-normas-sismicas-en-construccion-en-madera-los-parametros-no-estan-validados-a-construcciones-de-gran-envergadura\/\"]}]},{\"@type\":\"ImageObject\",\"inLanguage\":\"en-US\",\"@id\":\"https:\/\/fadeu.urantiacos.cl\/en\/2020\/10\/19\/cristian-izquierdo-y-normas-sismicas-en-construccion-en-madera-los-parametros-no-estan-validados-a-construcciones-de-gran-envergadura\/#primaryimage\",\"url\":\"https:\/\/fadeu.urantiacos.cl\/wp-content\/uploads\/2023\/10\/cristian_izquierdo_web.jpg\",\"contentUrl\":\"https:\/\/fadeu.urantiacos.cl\/wp-content\/uploads\/2023\/10\/cristian_izquierdo_web.jpg\",\"width\":350,\"height\":250},{\"@type\":\"BreadcrumbList\",\"@id\":\"https:\/\/fadeu.urantiacos.cl\/en\/2020\/10\/19\/cristian-izquierdo-y-normas-sismicas-en-construccion-en-madera-los-parametros-no-estan-validados-a-construcciones-de-gran-envergadura\/#breadcrumb\",\"itemListElement\":[{\"@type\":\"ListItem\",\"position\":1,\"name\":\"Portada\",\"item\":\"https:\/\/fadeu.urantiacos.cl\/en\/\"},{\"@type\":\"ListItem\",\"position\":2,\"name\":\"Cristi\u00e1n Izquierdo y normas s\u00edsmicas en construcci\u00f3n en madera: \u201cLos par\u00e1metros no est\u00e1n validados a construcciones de gran envergadura\u201d\"}]},{\"@type\":\"WebSite\",\"@id\":\"https:\/\/fadeu.urantiacos.cl\/en\/#website\",\"url\":\"https:\/\/fadeu.urantiacos.cl\/en\/\",\"name\":\"Facultad de Arquitectura, Dise\u00f1o y Estudios Urbanos\",\"description\":\"Campus Lo Contador\",\"potentialAction\":[{\"@type\":\"SearchAction\",\"target\":{\"@type\":\"EntryPoint\",\"urlTemplate\":\"https:\/\/fadeu.urantiacos.cl\/en\/?s={search_term_string}\"},\"query-input\":{\"@type\":\"PropertyValueSpecification\",\"valueRequired\":true,\"valueName\":\"search_term_string\"}}],\"inLanguage\":\"en-US\"},{\"@type\":\"Person\",\"@id\":\"https:\/\/fadeu.urantiacos.cl\/en\/#\/schema\/person\/d203e2e84b1c40275eac77b3061a19a2\",\"name\":\"manadmin\",\"image\":{\"@type\":\"ImageObject\",\"inLanguage\":\"en-US\",\"@id\":\"https:\/\/fadeu.urantiacos.cl\/en\/#\/schema\/person\/image\/\",\"url\":\"https:\/\/secure.gravatar.com\/avatar\/4b1d8e3303b4a9d8968ac578947d8bc80d9aea359f388cdd4aac15cadc0e8447?s=96&d=mm&r=g\",\"contentUrl\":\"https:\/\/secure.gravatar.com\/avatar\/4b1d8e3303b4a9d8968ac578947d8bc80d9aea359f388cdd4aac15cadc0e8447?s=96&d=mm&r=g\",\"caption\":\"manadmin\"},\"sameAs\":[\"https:\/\/fadeu.urantiacos.cl\"]}]}<\/script>\n<!-- \/ Yoast SEO plugin. -->","yoast_head_json":{"title":"Cristi\u00e1n Izquierdo y normas s\u00edsmicas en construcci\u00f3n en madera: \u201cLos par\u00e1metros no est\u00e1n validados a construcciones de gran envergadura\u201d - Facultad de Arquitectura, Dise\u00f1o y Estudios Urbanos","description":"Radio Duna destaca la entrevista al acad\u00e9mico de la Escuela de Arquitectura, Cristi\u00e1n Izquierdo sobre la construcci\u00f3n en madera, las normas s\u00edsmicas en","robots":{"index":"index","follow":"follow","max-snippet":"max-snippet:-1","max-image-preview":"max-image-preview:large","max-video-preview":"max-video-preview:-1"},"canonical":"https:\/\/fadeu.urantiacos.cl\/en\/2020\/10\/19\/cristian-izquierdo-y-normas-sismicas-en-construccion-en-madera-los-parametros-no-estan-validados-a-construcciones-de-gran-envergadura\/","og_locale":"en_US","og_type":"article","og_title":"Cristi\u00e1n Izquierdo y normas s\u00edsmicas en construcci\u00f3n en madera: \u201cLos par\u00e1metros no est\u00e1n validados a construcciones de gran envergadura\u201d - Facultad de Arquitectura, Dise\u00f1o y Estudios Urbanos","og_description":"Radio Duna destaca la entrevista al acad\u00e9mico de la Escuela de Arquitectura, Cristi\u00e1n Izquierdo sobre la construcci\u00f3n en madera, las normas s\u00edsmicas en","og_url":"https:\/\/fadeu.urantiacos.cl\/en\/2020\/10\/19\/cristian-izquierdo-y-normas-sismicas-en-construccion-en-madera-los-parametros-no-estan-validados-a-construcciones-de-gran-envergadura\/","og_site_name":"Facultad de Arquitectura, Dise\u00f1o y Estudios Urbanos","article_published_time":"2020-10-19T22:36:00+00:00","article_modified_time":"2023-10-24T15:36:54+00:00","og_image":[{"width":350,"height":250,"url":"https:\/\/fadeu.urantiacos.cl\/wp-content\/uploads\/2023\/10\/cristian_izquierdo_web.jpg","type":"image\/jpeg"}],"author":"manadmin","twitter_card":"summary_large_image","twitter_misc":{"Written by":"manadmin","Est. reading time":"1 minute"},"schema":{"@context":"https:\/\/schema.org","@graph":[{"@type":"Article","@id":"https:\/\/fadeu.urantiacos.cl\/en\/2020\/10\/19\/cristian-izquierdo-y-normas-sismicas-en-construccion-en-madera-los-parametros-no-estan-validados-a-construcciones-de-gran-envergadura\/#article","isPartOf":{"@id":"https:\/\/fadeu.urantiacos.cl\/en\/2020\/10\/19\/cristian-izquierdo-y-normas-sismicas-en-construccion-en-madera-los-parametros-no-estan-validados-a-construcciones-de-gran-envergadura\/"},"author":{"name":"manadmin","@id":"https:\/\/fadeu.urantiacos.cl\/en\/#\/schema\/person\/d203e2e84b1c40275eac77b3061a19a2"},"headline":"Cristi\u00e1n Izquierdo y normas s\u00edsmicas en construcci\u00f3n en madera: \u201cLos par\u00e1metros no est\u00e1n validados a construcciones de gran envergadura\u201d","datePublished":"2020-10-19T22:36:00+00:00","dateModified":"2023-10-24T15:36:54+00:00","mainEntityOfPage":{"@id":"https:\/\/fadeu.urantiacos.cl\/en\/2020\/10\/19\/cristian-izquierdo-y-normas-sismicas-en-construccion-en-madera-los-parametros-no-estan-validados-a-construcciones-de-gran-envergadura\/"},"wordCount":67,"commentCount":0,"image":{"@id":"https:\/\/fadeu.urantiacos.cl\/en\/2020\/10\/19\/cristian-izquierdo-y-normas-sismicas-en-construccion-en-madera-los-parametros-no-estan-validados-a-construcciones-de-gran-envergadura\/#primaryimage"},"thumbnailUrl":"https:\/\/fadeu.urantiacos.cl\/wp-content\/uploads\/2023\/10\/cristian_izquierdo_web.jpg","articleSection":["Sin categorizar"],"inLanguage":"en-US","potentialAction":[{"@type":"CommentAction","name":"Comment","target":["https:\/\/fadeu.urantiacos.cl\/en\/2020\/10\/19\/cristian-izquierdo-y-normas-sismicas-en-construccion-en-madera-los-parametros-no-estan-validados-a-construcciones-de-gran-envergadura\/#respond"]}]},{"@type":"WebPage","@id":"https:\/\/fadeu.urantiacos.cl\/en\/2020\/10\/19\/cristian-izquierdo-y-normas-sismicas-en-construccion-en-madera-los-parametros-no-estan-validados-a-construcciones-de-gran-envergadura\/","url":"https:\/\/fadeu.urantiacos.cl\/en\/2020\/10\/19\/cristian-izquierdo-y-normas-sismicas-en-construccion-en-madera-los-parametros-no-estan-validados-a-construcciones-de-gran-envergadura\/","name":"Cristi\u00e1n Izquierdo y normas s\u00edsmicas en construcci\u00f3n en madera: \u201cLos par\u00e1metros no est\u00e1n validados a construcciones de gran envergadura\u201d - Facultad de Arquitectura, Dise\u00f1o y Estudios Urbanos","isPartOf":{"@id":"https:\/\/fadeu.urantiacos.cl\/en\/#website"},"primaryImageOfPage":{"@id":"https:\/\/fadeu.urantiacos.cl\/en\/2020\/10\/19\/cristian-izquierdo-y-normas-sismicas-en-construccion-en-madera-los-parametros-no-estan-validados-a-construcciones-de-gran-envergadura\/#primaryimage"},"image":{"@id":"https:\/\/fadeu.urantiacos.cl\/en\/2020\/10\/19\/cristian-izquierdo-y-normas-sismicas-en-construccion-en-madera-los-parametros-no-estan-validados-a-construcciones-de-gran-envergadura\/#primaryimage"},"thumbnailUrl":"https:\/\/fadeu.urantiacos.cl\/wp-content\/uploads\/2023\/10\/cristian_izquierdo_web.jpg","datePublished":"2020-10-19T22:36:00+00:00","dateModified":"2023-10-24T15:36:54+00:00","author":{"@id":"https:\/\/fadeu.urantiacos.cl\/en\/#\/schema\/person\/d203e2e84b1c40275eac77b3061a19a2"},"description":"Radio Duna destaca la entrevista al acad\u00e9mico de la Escuela de Arquitectura, Cristi\u00e1n Izquierdo sobre la construcci\u00f3n en madera, las normas s\u00edsmicas en","breadcrumb":{"@id":"https:\/\/fadeu.urantiacos.cl\/en\/2020\/10\/19\/cristian-izquierdo-y-normas-sismicas-en-construccion-en-madera-los-parametros-no-estan-validados-a-construcciones-de-gran-envergadura\/#breadcrumb"},"inLanguage":"en-US","potentialAction":[{"@type":"ReadAction","target":["https:\/\/fadeu.urantiacos.cl\/en\/2020\/10\/19\/cristian-izquierdo-y-normas-sismicas-en-construccion-en-madera-los-parametros-no-estan-validados-a-construcciones-de-gran-envergadura\/"]}]},{"@type":"ImageObject","inLanguage":"en-US","@id":"https:\/\/fadeu.urantiacos.cl\/en\/2020\/10\/19\/cristian-izquierdo-y-normas-sismicas-en-construccion-en-madera-los-parametros-no-estan-validados-a-construcciones-de-gran-envergadura\/#primaryimage","url":"https:\/\/fadeu.urantiacos.cl\/wp-content\/uploads\/2023\/10\/cristian_izquierdo_web.jpg","contentUrl":"https:\/\/fadeu.urantiacos.cl\/wp-content\/uploads\/2023\/10\/cristian_izquierdo_web.jpg","width":350,"height":250},{"@type":"BreadcrumbList","@id":"https:\/\/fadeu.urantiacos.cl\/en\/2020\/10\/19\/cristian-izquierdo-y-normas-sismicas-en-construccion-en-madera-los-parametros-no-estan-validados-a-construcciones-de-gran-envergadura\/#breadcrumb","itemListElement":[{"@type":"ListItem","position":1,"name":"Portada","item":"https:\/\/fadeu.urantiacos.cl\/en\/"},{"@type":"ListItem","position":2,"name":"Cristi\u00e1n Izquierdo y normas s\u00edsmicas en construcci\u00f3n en madera: \u201cLos par\u00e1metros no est\u00e1n validados a construcciones de gran envergadura\u201d"}]},{"@type":"WebSite","@id":"https:\/\/fadeu.urantiacos.cl\/en\/#website","url":"https:\/\/fadeu.urantiacos.cl\/en\/","name":"Facultad de Arquitectura, Dise\u00f1o y Estudios Urbanos","description":"Campus Lo Contador","potentialAction":[{"@type":"SearchAction","target":{"@type":"EntryPoint","urlTemplate":"https:\/\/fadeu.urantiacos.cl\/en\/?s={search_term_string}"},"query-input":{"@type":"PropertyValueSpecification","valueRequired":true,"valueName":"search_term_string"}}],"inLanguage":"en-US"},{"@type":"Person","@id":"https:\/\/fadeu.urantiacos.cl\/en\/#\/schema\/person\/d203e2e84b1c40275eac77b3061a19a2","name":"manadmin","image":{"@type":"ImageObject","inLanguage":"en-US","@id":"https:\/\/fadeu.urantiacos.cl\/en\/#\/schema\/person\/image\/","url":"https:\/\/secure.gravatar.com\/avatar\/4b1d8e3303b4a9d8968ac578947d8bc80d9aea359f388cdd4aac15cadc0e8447?s=96&d=mm&r=g","contentUrl":"https:\/\/secure.gravatar.com\/avatar\/4b1d8e3303b4a9d8968ac578947d8bc80d9aea359f388cdd4aac15cadc0e8447?s=96&d=mm&r=g","caption":"manadmin"},"sameAs":["https:\/\/fadeu.urantiacos.cl"]}]}},"_links":{"self":[{"href":"https:\/\/fadeu.urantiacos.cl\/en\/wp-json\/wp\/v2\/posts\/8079","targetHints":{"allow":["GET"]}}],"collection":[{"href":"https:\/\/fadeu.urantiacos.cl\/en\/wp-json\/wp\/v2\/posts"}],"about":[{"href":"https:\/\/fadeu.urantiacos.cl\/en\/wp-json\/wp\/v2\/types\/post"}],"author":[{"embeddable":true,"href":"https:\/\/fadeu.urantiacos.cl\/en\/wp-json\/wp\/v2\/users\/1"}],"replies":[{"embeddable":true,"href":"https:\/\/fadeu.urantiacos.cl\/en\/wp-json\/wp\/v2\/comments?post=8079"}],"version-history":[{"count":2,"href":"https:\/\/fadeu.urantiacos.cl\/en\/wp-json\/wp\/v2\/posts\/8079\/revisions"}],"predecessor-version":[{"id":17791,"href":"https:\/\/fadeu.urantiacos.cl\/en\/wp-json\/wp\/v2\/posts\/8079\/revisions\/17791"}],"wp:featuredmedia":[{"embeddable":true,"href":"https:\/\/fadeu.urantiacos.cl\/en\/wp-json\/wp\/v2\/media\/17790"}],"wp:attachment":[{"href":"https:\/\/fadeu.urantiacos.cl\/en\/wp-json\/wp\/v2\/media?parent=8079"}],"wp:term":[{"taxonomy":"category","embeddable":true,"href":"https:\/\/fadeu.urantiacos.cl\/en\/wp-json\/wp\/v2\/categories?post=8079"},{"taxonomy":"post_tag","embeddable":true,"href":"https:\/\/fadeu.urantiacos.cl\/en\/wp-json\/wp\/v2\/tags?post=8079"}],"curies":[{"name":"wp","href":"https:\/\/api.w.org\/{rel}","templated":true}]}}