{"id":8068,"date":"2020-10-19T19:30:00","date_gmt":"2020-10-19T22:30:00","guid":{"rendered":"https:\/\/fadeu.urantiacos.cl\/?p=8068"},"modified":"2023-09-09T19:32:22","modified_gmt":"2023-09-09T22:32:22","slug":"se-renuevan-los-nucleos-de-investigacion-en-el-instituto-de-estudios-urbanos-y-territoriales","status":"publish","type":"post","link":"https:\/\/fadeu.urantiacos.cl\/en\/2020\/10\/19\/se-renuevan-los-nucleos-de-investigacion-en-el-instituto-de-estudios-urbanos-y-territoriales\/","title":{"rendered":"Se renuevan los N\u00facleos de Investigaci\u00f3n en el Instituto de Estudios Urbanos y Territoriales"},"content":{"rendered":"\n<figure class=\"wp-block-image size-full\"><img decoding=\"async\" width=\"350\" height=\"250\" src=\"https:\/\/fadeu.urantiacos.cl\/wp-content\/uploads\/2023\/09\/IEUT_EDIFICIOS.jpg\" alt=\"\" class=\"wp-image-8070\" srcset=\"https:\/\/fadeu.urantiacos.cl\/wp-content\/uploads\/2023\/09\/IEUT_EDIFICIOS.jpg 350w, https:\/\/fadeu.urantiacos.cl\/wp-content\/uploads\/2023\/09\/IEUT_EDIFICIOS-300x214.jpg 300w\" sizes=\"(max-width: 350px) 100vw, 350px\" \/><\/figure>\n\n\n\n<p>Esta convocatoria consolida algunos grupos que ven\u00edan trabajando desde 2019 y estrena tres nuevos n\u00facleos de investigaci\u00f3n.<\/p>\n\n\n\n<p>N\u00facleos<\/p>\n\n\n\n<p>Los N\u00facleos de Investigaci\u00f3n que comenzar\u00e1n a trabajar durante este y el pr\u00f3ximo a\u00f1o son:<\/p>\n\n\n\n<ol class=\"wp-block-list\">\n<li>N\u00facleo de Investigaci\u00f3n sobre Generaci\u00f3n, Regeneraci\u00f3n y Resiliencia Urbana, coordinado por el profesor Roberto Moris, e integrado por los profesores Jos\u00e9 Rosas y Pedo Bannen.<\/li>\n\n\n\n<li>N\u00facleo Observatorio del Arriendo, coordinado por el Director IEUT, Luis Fuentes, e integrado por los profesores Ricardo Truffello, Felipe Link y Marcelo Bauz\u00e1.<\/li>\n\n\n\n<li>N\u00facleo de investigaci\u00f3n en Participaci\u00f3n Ciudadana y Territorio, coordinado por el profesor Christian Matus, e integrado por los profesores Paz Concha, Carolina Rojas, Caroline Stamm, Giovanni Vecchio, Alejandra Luneke y Elizabeth Zenteno.<\/li>\n\n\n\n<li>N\u00facleo sobre Gobernanza y Ordenamiento Territorial, coordinado por el profesor Arturo Orellana, e integrado por los profesores Kay Bergamini, Ricardo Truffello, Magdalena Vicu\u00f1a, Catalina Marshall, Giovanni Vecchio, Katherine Mollenhauer (escuela de Dise\u00f1o), Felipe Irarr\u00e1zaval, Adonay Perrozzi (profesional IEUT), los estudiantes Daniel Moreno (Doctorado) y Diego Irrizarri (Mag\u00edster), M\u00f3nica Flores (OCUC UC), y el ex estudiante H\u00e9ctor Altamirano.<\/li>\n\n\n\n<li>N\u00facleo de Planificaci\u00f3n Integrada de Zonas Costeras e Islas, coordinado por el profesor Kay Bergamini, e integrado por los profesores Pablo Guzm\u00e1n, Roberto Moris, Carolina Rojas y Giovanni Vecchio.<\/li>\n\n\n\n<li>N\u00facleo de Investigaci\u00f3n Barrio y Ciudad, coordinado por la profesora Macarena Ibarra, e integrado por los profesores Felipe Link, Mar\u00eda Luisa M\u00e9ndez, Christian Matus, Ricardo Truffello, Javier Ruiz Tagle y Felipe Valenzuela.<\/li>\n<\/ol>\n\n\n\n<p>En el \u00faltimo tiempo, el Instituto de Estudios Urbanos y Territoriales se ha abierto a la sociedad aportando al debate p\u00fablico con opini\u00f3n basada en los resultados de su investigaci\u00f3n. En este contexto, los n\u00facleos se constituyen como una instancia interna que apoya la articulaci\u00f3n de sus acad\u00e9micos y acad\u00e9micas y permite proyectar el trabajo hacia otras unidades de \u00e9sta y otras universidades, lo que repercute de manera positiva en la formaci\u00f3n de sus estudiantes de pre y postgrado.<\/p>\n\n\n\n<p>Pr\u00f3ximamente, la informaci\u00f3n de cada N\u00facleo estar\u00e1 publicada en la web del IEUT (<a href=\"https:\/\/estudiosurbanos.uc.cl\/\" target=\"_blank\" rel=\"noreferrer noopener\">estudiosurbanos.uc.cl<\/a>) para poder seguir de cerca sus avances e hitos.<\/p>\n\n\n\n<p>INFORMACI\u00d3N PERIOD\u00cdSTICA<br>JUAN ANDR\u00c9S INZUNZA<\/p>\n","protected":false},"excerpt":{"rendered":"<p>Como un mecanismo aut\u00f3nomo para potenciar y apoyar la investigaci\u00f3n y difusi\u00f3n del trabajo de sus acad\u00e9micos y acad\u00e9micas, el Instituto de Estudios Urbanos y Territoriales (IEUT) renov\u00f3 la convocatoria 2020-2021 para los N\u00facleos de Investigaci\u00f3n, instancia que permite financiar distintas iniciativas al interior de esta unidad.<\/p>\n","protected":false},"author":1,"featured_media":8070,"comment_status":"open","ping_status":"open","sticky":false,"template":"","format":"standard","meta":{"_acf_changed":false,"footnotes":""},"categories":[1],"tags":[],"class_list":["post-8068","post","type-post","status-publish","format-standard","has-post-thumbnail","hentry","category-sin-categorizar"],"acf":[],"yoast_head":"<!-- This site is optimized with the Yoast SEO plugin v27.1.1 - https:\/\/yoast.com\/product\/yoast-seo-wordpress\/ -->\n<title>Se renuevan los N\u00facleos de Investigaci\u00f3n en el Instituto de Estudios Urbanos y Territoriales - Facultad de Arquitectura, Dise\u00f1o y Estudios Urbanos<\/title>\n<meta name=\"description\" content=\"Como un mecanismo aut\u00f3nomo para potenciar y apoyar la investigaci\u00f3n y difusi\u00f3n del trabajo de sus acad\u00e9micos y acad\u00e9micas, el Instituto de Estudios Urbanos y Territoriales (IEUT) renov\u00f3 la convocatoria 2020-2021 para los N\u00facleos de Investigaci\u00f3n, instancia que permite financiar distintas iniciativas al interior de esta unidad.\" \/>\n<meta name=\"robots\" content=\"index, follow, max-snippet:-1, max-image-preview:large, max-video-preview:-1\" \/>\n<link rel=\"canonical\" href=\"https:\/\/fadeu.urantiacos.cl\/en\/2020\/10\/19\/se-renuevan-los-nucleos-de-investigacion-en-el-instituto-de-estudios-urbanos-y-territoriales\/\" \/>\n<meta property=\"og:locale\" content=\"en_US\" \/>\n<meta property=\"og:type\" content=\"article\" \/>\n<meta property=\"og:title\" content=\"Se renuevan los N\u00facleos de Investigaci\u00f3n en el Instituto de Estudios Urbanos y Territoriales - Facultad de Arquitectura, Dise\u00f1o y Estudios Urbanos\" \/>\n<meta property=\"og:description\" content=\"Como un mecanismo aut\u00f3nomo para potenciar y apoyar la investigaci\u00f3n y difusi\u00f3n del trabajo de sus acad\u00e9micos y acad\u00e9micas, el Instituto de Estudios Urbanos y Territoriales (IEUT) renov\u00f3 la convocatoria 2020-2021 para los N\u00facleos de Investigaci\u00f3n, instancia que permite financiar distintas iniciativas al interior de esta unidad.\" \/>\n<meta property=\"og:url\" content=\"https:\/\/fadeu.urantiacos.cl\/en\/2020\/10\/19\/se-renuevan-los-nucleos-de-investigacion-en-el-instituto-de-estudios-urbanos-y-territoriales\/\" \/>\n<meta property=\"og:site_name\" content=\"Facultad de Arquitectura, Dise\u00f1o y Estudios Urbanos\" \/>\n<meta property=\"article:published_time\" content=\"2020-10-19T22:30:00+00:00\" \/>\n<meta property=\"article:modified_time\" content=\"2023-09-09T22:32:22+00:00\" \/>\n<meta property=\"og:image\" content=\"https:\/\/fadeu.urantiacos.cl\/wp-content\/uploads\/2023\/09\/IEUT_EDIFICIOS.jpg\" \/>\n\t<meta property=\"og:image:width\" content=\"350\" \/>\n\t<meta property=\"og:image:height\" content=\"250\" \/>\n\t<meta property=\"og:image:type\" content=\"image\/jpeg\" \/>\n<meta name=\"author\" content=\"manadmin\" \/>\n<meta name=\"twitter:card\" content=\"summary_large_image\" \/>\n<meta name=\"twitter:label1\" content=\"Written by\" \/>\n\t<meta name=\"twitter:data1\" content=\"manadmin\" \/>\n\t<meta name=\"twitter:label2\" content=\"Est. reading time\" \/>\n\t<meta name=\"twitter:data2\" content=\"2 minutes\" \/>\n<script type=\"application\/ld+json\" class=\"yoast-schema-graph\">{\"@context\":\"https:\/\/schema.org\",\"@graph\":[{\"@type\":\"Article\",\"@id\":\"https:\/\/fadeu.urantiacos.cl\/en\/2020\/10\/19\/se-renuevan-los-nucleos-de-investigacion-en-el-instituto-de-estudios-urbanos-y-territoriales\/#article\",\"isPartOf\":{\"@id\":\"https:\/\/fadeu.urantiacos.cl\/en\/2020\/10\/19\/se-renuevan-los-nucleos-de-investigacion-en-el-instituto-de-estudios-urbanos-y-territoriales\/\"},\"author\":{\"name\":\"manadmin\",\"@id\":\"https:\/\/fadeu.urantiacos.cl\/en\/#\/schema\/person\/d203e2e84b1c40275eac77b3061a19a2\"},\"headline\":\"Se renuevan los N\u00facleos de Investigaci\u00f3n en el Instituto de Estudios Urbanos y Territoriales\",\"datePublished\":\"2020-10-19T22:30:00+00:00\",\"dateModified\":\"2023-09-09T22:32:22+00:00\",\"mainEntityOfPage\":{\"@id\":\"https:\/\/fadeu.urantiacos.cl\/en\/2020\/10\/19\/se-renuevan-los-nucleos-de-investigacion-en-el-instituto-de-estudios-urbanos-y-territoriales\/\"},\"wordCount\":399,\"commentCount\":0,\"image\":{\"@id\":\"https:\/\/fadeu.urantiacos.cl\/en\/2020\/10\/19\/se-renuevan-los-nucleos-de-investigacion-en-el-instituto-de-estudios-urbanos-y-territoriales\/#primaryimage\"},\"thumbnailUrl\":\"https:\/\/fadeu.urantiacos.cl\/wp-content\/uploads\/2023\/09\/IEUT_EDIFICIOS.jpg\",\"articleSection\":[\"Sin categorizar\"],\"inLanguage\":\"en-US\",\"potentialAction\":[{\"@type\":\"CommentAction\",\"name\":\"Comment\",\"target\":[\"https:\/\/fadeu.urantiacos.cl\/en\/2020\/10\/19\/se-renuevan-los-nucleos-de-investigacion-en-el-instituto-de-estudios-urbanos-y-territoriales\/#respond\"]}]},{\"@type\":\"WebPage\",\"@id\":\"https:\/\/fadeu.urantiacos.cl\/en\/2020\/10\/19\/se-renuevan-los-nucleos-de-investigacion-en-el-instituto-de-estudios-urbanos-y-territoriales\/\",\"url\":\"https:\/\/fadeu.urantiacos.cl\/en\/2020\/10\/19\/se-renuevan-los-nucleos-de-investigacion-en-el-instituto-de-estudios-urbanos-y-territoriales\/\",\"name\":\"Se renuevan los N\u00facleos de Investigaci\u00f3n en el Instituto de Estudios Urbanos y Territoriales - Facultad de Arquitectura, Dise\u00f1o y Estudios Urbanos\",\"isPartOf\":{\"@id\":\"https:\/\/fadeu.urantiacos.cl\/en\/#website\"},\"primaryImageOfPage\":{\"@id\":\"https:\/\/fadeu.urantiacos.cl\/en\/2020\/10\/19\/se-renuevan-los-nucleos-de-investigacion-en-el-instituto-de-estudios-urbanos-y-territoriales\/#primaryimage\"},\"image\":{\"@id\":\"https:\/\/fadeu.urantiacos.cl\/en\/2020\/10\/19\/se-renuevan-los-nucleos-de-investigacion-en-el-instituto-de-estudios-urbanos-y-territoriales\/#primaryimage\"},\"thumbnailUrl\":\"https:\/\/fadeu.urantiacos.cl\/wp-content\/uploads\/2023\/09\/IEUT_EDIFICIOS.jpg\",\"datePublished\":\"2020-10-19T22:30:00+00:00\",\"dateModified\":\"2023-09-09T22:32:22+00:00\",\"author\":{\"@id\":\"https:\/\/fadeu.urantiacos.cl\/en\/#\/schema\/person\/d203e2e84b1c40275eac77b3061a19a2\"},\"description\":\"Como un mecanismo aut\u00f3nomo para potenciar y apoyar la investigaci\u00f3n y difusi\u00f3n del trabajo de sus acad\u00e9micos y acad\u00e9micas, el Instituto de Estudios Urbanos y Territoriales (IEUT) renov\u00f3 la convocatoria 2020-2021 para los N\u00facleos de Investigaci\u00f3n, instancia que permite financiar distintas iniciativas al interior de esta unidad.\",\"breadcrumb\":{\"@id\":\"https:\/\/fadeu.urantiacos.cl\/en\/2020\/10\/19\/se-renuevan-los-nucleos-de-investigacion-en-el-instituto-de-estudios-urbanos-y-territoriales\/#breadcrumb\"},\"inLanguage\":\"en-US\",\"potentialAction\":[{\"@type\":\"ReadAction\",\"target\":[\"https:\/\/fadeu.urantiacos.cl\/en\/2020\/10\/19\/se-renuevan-los-nucleos-de-investigacion-en-el-instituto-de-estudios-urbanos-y-territoriales\/\"]}]},{\"@type\":\"ImageObject\",\"inLanguage\":\"en-US\",\"@id\":\"https:\/\/fadeu.urantiacos.cl\/en\/2020\/10\/19\/se-renuevan-los-nucleos-de-investigacion-en-el-instituto-de-estudios-urbanos-y-territoriales\/#primaryimage\",\"url\":\"https:\/\/fadeu.urantiacos.cl\/wp-content\/uploads\/2023\/09\/IEUT_EDIFICIOS.jpg\",\"contentUrl\":\"https:\/\/fadeu.urantiacos.cl\/wp-content\/uploads\/2023\/09\/IEUT_EDIFICIOS.jpg\",\"width\":350,\"height\":250},{\"@type\":\"BreadcrumbList\",\"@id\":\"https:\/\/fadeu.urantiacos.cl\/en\/2020\/10\/19\/se-renuevan-los-nucleos-de-investigacion-en-el-instituto-de-estudios-urbanos-y-territoriales\/#breadcrumb\",\"itemListElement\":[{\"@type\":\"ListItem\",\"position\":1,\"name\":\"Portada\",\"item\":\"https:\/\/fadeu.urantiacos.cl\/en\/\"},{\"@type\":\"ListItem\",\"position\":2,\"name\":\"Se renuevan los N\u00facleos de Investigaci\u00f3n en el Instituto de Estudios Urbanos y Territoriales\"}]},{\"@type\":\"WebSite\",\"@id\":\"https:\/\/fadeu.urantiacos.cl\/en\/#website\",\"url\":\"https:\/\/fadeu.urantiacos.cl\/en\/\",\"name\":\"Facultad de Arquitectura, Dise\u00f1o y Estudios Urbanos\",\"description\":\"Campus Lo Contador\",\"potentialAction\":[{\"@type\":\"SearchAction\",\"target\":{\"@type\":\"EntryPoint\",\"urlTemplate\":\"https:\/\/fadeu.urantiacos.cl\/en\/?s={search_term_string}\"},\"query-input\":{\"@type\":\"PropertyValueSpecification\",\"valueRequired\":true,\"valueName\":\"search_term_string\"}}],\"inLanguage\":\"en-US\"},{\"@type\":\"Person\",\"@id\":\"https:\/\/fadeu.urantiacos.cl\/en\/#\/schema\/person\/d203e2e84b1c40275eac77b3061a19a2\",\"name\":\"manadmin\",\"image\":{\"@type\":\"ImageObject\",\"inLanguage\":\"en-US\",\"@id\":\"https:\/\/fadeu.urantiacos.cl\/en\/#\/schema\/person\/image\/\",\"url\":\"https:\/\/secure.gravatar.com\/avatar\/4b1d8e3303b4a9d8968ac578947d8bc80d9aea359f388cdd4aac15cadc0e8447?s=96&d=mm&r=g\",\"contentUrl\":\"https:\/\/secure.gravatar.com\/avatar\/4b1d8e3303b4a9d8968ac578947d8bc80d9aea359f388cdd4aac15cadc0e8447?s=96&d=mm&r=g\",\"caption\":\"manadmin\"},\"sameAs\":[\"https:\/\/fadeu.urantiacos.cl\"]}]}<\/script>\n<!-- \/ Yoast SEO plugin. -->","yoast_head_json":{"title":"Se renuevan los N\u00facleos de Investigaci\u00f3n en el Instituto de Estudios Urbanos y Territoriales - Facultad de Arquitectura, Dise\u00f1o y Estudios Urbanos","description":"Como un mecanismo aut\u00f3nomo para potenciar y apoyar la investigaci\u00f3n y difusi\u00f3n del trabajo de sus acad\u00e9micos y acad\u00e9micas, el Instituto de Estudios Urbanos y Territoriales (IEUT) renov\u00f3 la convocatoria 2020-2021 para los N\u00facleos de Investigaci\u00f3n, instancia que permite financiar distintas iniciativas al interior de esta unidad.","robots":{"index":"index","follow":"follow","max-snippet":"max-snippet:-1","max-image-preview":"max-image-preview:large","max-video-preview":"max-video-preview:-1"},"canonical":"https:\/\/fadeu.urantiacos.cl\/en\/2020\/10\/19\/se-renuevan-los-nucleos-de-investigacion-en-el-instituto-de-estudios-urbanos-y-territoriales\/","og_locale":"en_US","og_type":"article","og_title":"Se renuevan los N\u00facleos de Investigaci\u00f3n en el Instituto de Estudios Urbanos y Territoriales - Facultad de Arquitectura, Dise\u00f1o y Estudios Urbanos","og_description":"Como un mecanismo aut\u00f3nomo para potenciar y apoyar la investigaci\u00f3n y difusi\u00f3n del trabajo de sus acad\u00e9micos y acad\u00e9micas, el Instituto de Estudios Urbanos y Territoriales (IEUT) renov\u00f3 la convocatoria 2020-2021 para los N\u00facleos de Investigaci\u00f3n, instancia que permite financiar distintas iniciativas al interior de esta unidad.","og_url":"https:\/\/fadeu.urantiacos.cl\/en\/2020\/10\/19\/se-renuevan-los-nucleos-de-investigacion-en-el-instituto-de-estudios-urbanos-y-territoriales\/","og_site_name":"Facultad de Arquitectura, Dise\u00f1o y Estudios Urbanos","article_published_time":"2020-10-19T22:30:00+00:00","article_modified_time":"2023-09-09T22:32:22+00:00","og_image":[{"width":350,"height":250,"url":"https:\/\/fadeu.urantiacos.cl\/wp-content\/uploads\/2023\/09\/IEUT_EDIFICIOS.jpg","type":"image\/jpeg"}],"author":"manadmin","twitter_card":"summary_large_image","twitter_misc":{"Written by":"manadmin","Est. reading time":"2 minutes"},"schema":{"@context":"https:\/\/schema.org","@graph":[{"@type":"Article","@id":"https:\/\/fadeu.urantiacos.cl\/en\/2020\/10\/19\/se-renuevan-los-nucleos-de-investigacion-en-el-instituto-de-estudios-urbanos-y-territoriales\/#article","isPartOf":{"@id":"https:\/\/fadeu.urantiacos.cl\/en\/2020\/10\/19\/se-renuevan-los-nucleos-de-investigacion-en-el-instituto-de-estudios-urbanos-y-territoriales\/"},"author":{"name":"manadmin","@id":"https:\/\/fadeu.urantiacos.cl\/en\/#\/schema\/person\/d203e2e84b1c40275eac77b3061a19a2"},"headline":"Se renuevan los N\u00facleos de Investigaci\u00f3n en el Instituto de Estudios Urbanos y Territoriales","datePublished":"2020-10-19T22:30:00+00:00","dateModified":"2023-09-09T22:32:22+00:00","mainEntityOfPage":{"@id":"https:\/\/fadeu.urantiacos.cl\/en\/2020\/10\/19\/se-renuevan-los-nucleos-de-investigacion-en-el-instituto-de-estudios-urbanos-y-territoriales\/"},"wordCount":399,"commentCount":0,"image":{"@id":"https:\/\/fadeu.urantiacos.cl\/en\/2020\/10\/19\/se-renuevan-los-nucleos-de-investigacion-en-el-instituto-de-estudios-urbanos-y-territoriales\/#primaryimage"},"thumbnailUrl":"https:\/\/fadeu.urantiacos.cl\/wp-content\/uploads\/2023\/09\/IEUT_EDIFICIOS.jpg","articleSection":["Sin categorizar"],"inLanguage":"en-US","potentialAction":[{"@type":"CommentAction","name":"Comment","target":["https:\/\/fadeu.urantiacos.cl\/en\/2020\/10\/19\/se-renuevan-los-nucleos-de-investigacion-en-el-instituto-de-estudios-urbanos-y-territoriales\/#respond"]}]},{"@type":"WebPage","@id":"https:\/\/fadeu.urantiacos.cl\/en\/2020\/10\/19\/se-renuevan-los-nucleos-de-investigacion-en-el-instituto-de-estudios-urbanos-y-territoriales\/","url":"https:\/\/fadeu.urantiacos.cl\/en\/2020\/10\/19\/se-renuevan-los-nucleos-de-investigacion-en-el-instituto-de-estudios-urbanos-y-territoriales\/","name":"Se renuevan los N\u00facleos de Investigaci\u00f3n en el Instituto de Estudios Urbanos y Territoriales - Facultad de Arquitectura, Dise\u00f1o y Estudios Urbanos","isPartOf":{"@id":"https:\/\/fadeu.urantiacos.cl\/en\/#website"},"primaryImageOfPage":{"@id":"https:\/\/fadeu.urantiacos.cl\/en\/2020\/10\/19\/se-renuevan-los-nucleos-de-investigacion-en-el-instituto-de-estudios-urbanos-y-territoriales\/#primaryimage"},"image":{"@id":"https:\/\/fadeu.urantiacos.cl\/en\/2020\/10\/19\/se-renuevan-los-nucleos-de-investigacion-en-el-instituto-de-estudios-urbanos-y-territoriales\/#primaryimage"},"thumbnailUrl":"https:\/\/fadeu.urantiacos.cl\/wp-content\/uploads\/2023\/09\/IEUT_EDIFICIOS.jpg","datePublished":"2020-10-19T22:30:00+00:00","dateModified":"2023-09-09T22:32:22+00:00","author":{"@id":"https:\/\/fadeu.urantiacos.cl\/en\/#\/schema\/person\/d203e2e84b1c40275eac77b3061a19a2"},"description":"Como un mecanismo aut\u00f3nomo para potenciar y apoyar la investigaci\u00f3n y difusi\u00f3n del trabajo de sus acad\u00e9micos y acad\u00e9micas, el Instituto de Estudios Urbanos y Territoriales (IEUT) renov\u00f3 la convocatoria 2020-2021 para los N\u00facleos de Investigaci\u00f3n, instancia que permite financiar distintas iniciativas al interior de esta unidad.","breadcrumb":{"@id":"https:\/\/fadeu.urantiacos.cl\/en\/2020\/10\/19\/se-renuevan-los-nucleos-de-investigacion-en-el-instituto-de-estudios-urbanos-y-territoriales\/#breadcrumb"},"inLanguage":"en-US","potentialAction":[{"@type":"ReadAction","target":["https:\/\/fadeu.urantiacos.cl\/en\/2020\/10\/19\/se-renuevan-los-nucleos-de-investigacion-en-el-instituto-de-estudios-urbanos-y-territoriales\/"]}]},{"@type":"ImageObject","inLanguage":"en-US","@id":"https:\/\/fadeu.urantiacos.cl\/en\/2020\/10\/19\/se-renuevan-los-nucleos-de-investigacion-en-el-instituto-de-estudios-urbanos-y-territoriales\/#primaryimage","url":"https:\/\/fadeu.urantiacos.cl\/wp-content\/uploads\/2023\/09\/IEUT_EDIFICIOS.jpg","contentUrl":"https:\/\/fadeu.urantiacos.cl\/wp-content\/uploads\/2023\/09\/IEUT_EDIFICIOS.jpg","width":350,"height":250},{"@type":"BreadcrumbList","@id":"https:\/\/fadeu.urantiacos.cl\/en\/2020\/10\/19\/se-renuevan-los-nucleos-de-investigacion-en-el-instituto-de-estudios-urbanos-y-territoriales\/#breadcrumb","itemListElement":[{"@type":"ListItem","position":1,"name":"Portada","item":"https:\/\/fadeu.urantiacos.cl\/en\/"},{"@type":"ListItem","position":2,"name":"Se renuevan los N\u00facleos de Investigaci\u00f3n en el Instituto de Estudios Urbanos y Territoriales"}]},{"@type":"WebSite","@id":"https:\/\/fadeu.urantiacos.cl\/en\/#website","url":"https:\/\/fadeu.urantiacos.cl\/en\/","name":"Facultad de Arquitectura, Dise\u00f1o y Estudios Urbanos","description":"Campus Lo Contador","potentialAction":[{"@type":"SearchAction","target":{"@type":"EntryPoint","urlTemplate":"https:\/\/fadeu.urantiacos.cl\/en\/?s={search_term_string}"},"query-input":{"@type":"PropertyValueSpecification","valueRequired":true,"valueName":"search_term_string"}}],"inLanguage":"en-US"},{"@type":"Person","@id":"https:\/\/fadeu.urantiacos.cl\/en\/#\/schema\/person\/d203e2e84b1c40275eac77b3061a19a2","name":"manadmin","image":{"@type":"ImageObject","inLanguage":"en-US","@id":"https:\/\/fadeu.urantiacos.cl\/en\/#\/schema\/person\/image\/","url":"https:\/\/secure.gravatar.com\/avatar\/4b1d8e3303b4a9d8968ac578947d8bc80d9aea359f388cdd4aac15cadc0e8447?s=96&d=mm&r=g","contentUrl":"https:\/\/secure.gravatar.com\/avatar\/4b1d8e3303b4a9d8968ac578947d8bc80d9aea359f388cdd4aac15cadc0e8447?s=96&d=mm&r=g","caption":"manadmin"},"sameAs":["https:\/\/fadeu.urantiacos.cl"]}]}},"_links":{"self":[{"href":"https:\/\/fadeu.urantiacos.cl\/en\/wp-json\/wp\/v2\/posts\/8068","targetHints":{"allow":["GET"]}}],"collection":[{"href":"https:\/\/fadeu.urantiacos.cl\/en\/wp-json\/wp\/v2\/posts"}],"about":[{"href":"https:\/\/fadeu.urantiacos.cl\/en\/wp-json\/wp\/v2\/types\/post"}],"author":[{"embeddable":true,"href":"https:\/\/fadeu.urantiacos.cl\/en\/wp-json\/wp\/v2\/users\/1"}],"replies":[{"embeddable":true,"href":"https:\/\/fadeu.urantiacos.cl\/en\/wp-json\/wp\/v2\/comments?post=8068"}],"version-history":[{"count":1,"href":"https:\/\/fadeu.urantiacos.cl\/en\/wp-json\/wp\/v2\/posts\/8068\/revisions"}],"predecessor-version":[{"id":8071,"href":"https:\/\/fadeu.urantiacos.cl\/en\/wp-json\/wp\/v2\/posts\/8068\/revisions\/8071"}],"wp:featuredmedia":[{"embeddable":true,"href":"https:\/\/fadeu.urantiacos.cl\/en\/wp-json\/wp\/v2\/media\/8070"}],"wp:attachment":[{"href":"https:\/\/fadeu.urantiacos.cl\/en\/wp-json\/wp\/v2\/media?parent=8068"}],"wp:term":[{"taxonomy":"category","embeddable":true,"href":"https:\/\/fadeu.urantiacos.cl\/en\/wp-json\/wp\/v2\/categories?post=8068"},{"taxonomy":"post_tag","embeddable":true,"href":"https:\/\/fadeu.urantiacos.cl\/en\/wp-json\/wp\/v2\/tags?post=8068"}],"curies":[{"name":"wp","href":"https:\/\/api.w.org\/{rel}","templated":true}]}}