{"id":8051,"date":"2020-10-22T19:20:00","date_gmt":"2020-10-22T22:20:00","guid":{"rendered":"https:\/\/fadeu.urantiacos.cl\/?p=8051"},"modified":"2023-11-03T12:59:26","modified_gmt":"2023-11-03T15:59:26","slug":"libro-de-alonso-y-palmarola-fue-lanzado-en-fas-2020","status":"publish","type":"post","link":"https:\/\/fadeu.urantiacos.cl\/en\/2020\/10\/22\/libro-de-alonso-y-palmarola-fue-lanzado-en-fas-2020\/","title":{"rendered":"Libro de Alonso y Palmarola fue lanzado en FAS 2020"},"content":{"rendered":"\n<figure class=\"wp-block-image size-full\"><img decoding=\"async\" width=\"350\" height=\"250\" src=\"https:\/\/fadeu.urantiacos.cl\/wp-content\/uploads\/2023\/09\/Lanzamiento_libro_palmarola_alonso.jpg\" alt=\"\" class=\"wp-image-8052\" srcset=\"https:\/\/fadeu.urantiacos.cl\/wp-content\/uploads\/2023\/09\/Lanzamiento_libro_palmarola_alonso.jpg 350w, https:\/\/fadeu.urantiacos.cl\/wp-content\/uploads\/2023\/09\/Lanzamiento_libro_palmarola_alonso-300x214.jpg 300w\" sizes=\"(max-width: 350px) 100vw, 350px\" \/><\/figure>\n\n\n\n<h4 class=\"wp-block-heading\">El d\u00eda s\u00e1bado 3 de octubre se realiz\u00f3 el lanzamiento de la publicaci\u00f3n, instancia que cont\u00f3 con 963 visualizaciones. En el evento sus autores presentaron el libro en su versi\u00f3n en espa\u00f1ol, la que cuenta adem\u00e1s con versiones en ingl\u00e9s y sueco. En el lanzamiento, Pedro Alonso explic\u00f3 que, \u201ccomo bien dice el t\u00edtulo, el libro trata sobre la idea de que los paneles de hormig\u00f3n cambiaron el mundo, a partir de la posibilidad que ten\u00edan de moverse libremente por el cielo\u201d.<\/h4>\n\n\n\n<p>Por otro lado, durante la presentaci\u00f3n, el profesor Fernando P\u00e9rez destac\u00f3 que \u201cha sido un gusto relacionarme con este libro, que no solo tiene un contenido muy interesante \u2014como ya se ha visto en las presentaciones anteriores\u2014, sino tambi\u00e9n es un objeto muy perfecto, muy bien hecho, muy bien concebido: un libro que realmente vale la pena tener\u201d.<br><br>La publicaci\u00f3n de Pedro Alonso y Hugo Palmarola es el libro de la exposici\u00f3n interdisciplinaria Flying Panels: How Concrete Panels Changed the World, curada por ambos profesores para The Swedish Centre for Architecture and Design ArkDes en Estocolmo, la cual estuvo abierta al p\u00fablico entre el 18 de octubre de 2019 y el 1 de marzo de 2020. Publicado en Berl\u00edn por Dom Publishers y Ediciones UC, el libro contiene art\u00edculos originales de Boris Groys,&nbsp;Maria&nbsp;Lind y Natalya Solopova entre otros autores. En su versi\u00f3n en ingl\u00e9s el texto est\u00e1 actualmente nominado al Dennis Sharp CICA Awards for Architectural Criticism 2020, dentro de la categor\u00eda Julius Posener CICA Exhibition Catalogue Award, otorgado por el International Committee of Architectural Critics.<\/p>\n\n\n\n<p><\/p>\n\n\n\n<p>Informaci\u00f3n sobre el lanzamiento:<br><a href=\"http:\/\/fadeu.urantiacos.cl\/agenda\/evento\/2371-fernando-perez-y-amanda-de-la-garza-presentaran-libro-paneles-voladores\">http:\/\/fadeu.urantiacos.cl\/agenda\/evento\/2371-fernando-perez-y-amanda-de-la-garza-presentaran-libro-paneles-voladores<\/a><\/p>\n\n\n\n<p>Nominaci\u00f3n CICA Awards:<\/p>\n\n\n\n<figure class=\"wp-block-embed is-type-wp-embed is-provider-facultad-de-arquitectura-diseno-y-estudios-urbanos-y-territoriales wp-block-embed-facultad-de-arquitectura-diseno-y-estudios-urbanos-y-territoriales\"><div class=\"wp-block-embed__wrapper\">\n<blockquote class=\"wp-embedded-content\" data-secret=\"RFiXv8AP5C\"><a href=\"https:\/\/fadeu.urantiacos.cl\/2020\/08\/24\/libro-de-alonso-y-palmarola-nominado-al-dennis-sharp-cica-awards-2020\/\">Libro de Alonso y Palmarola nominado al Dennis Sharp CICA Awards 2020<\/a><\/blockquote><iframe loading=\"lazy\" class=\"wp-embedded-content\" sandbox=\"allow-scripts\" security=\"restricted\" style=\"position: absolute; visibility: hidden;\" title=\"&#8220;Libro de Alonso y Palmarola nominado al Dennis Sharp CICA Awards 2020&#8221; &#8212; Facultad de Arquitectura,  Dise\u00f1o y Estudios Urbanos \" src=\"https:\/\/fadeu.urantiacos.cl\/2020\/08\/24\/libro-de-alonso-y-palmarola-nominado-al-dennis-sharp-cica-awards-2020\/embed\/#?secret=K7hPI9hLmX#?secret=RFiXv8AP5C\" data-secret=\"RFiXv8AP5C\" width=\"500\" height=\"282\" frameborder=\"0\" marginwidth=\"0\" marginheight=\"0\" scrolling=\"no\"><\/iframe>\n<\/div><\/figure>\n\n\n\n<p><\/p>\n","protected":false},"excerpt":{"rendered":"<p>El libro Paneles voladores: C\u00f3mo los paneles de hormig\u00f3n cambiaron el mundo, de Pedro Alonso (Arquitectura UC) y Hugo Palmarola (Dise\u00f1o UC), fue presentado en el Festival de Autores de Santiago 2020 por Amanda De la Garza, directora general de Artes Visuales de la Universidad Nacional Aut\u00f3noma de M\u00e9xico UNAM y directora del Museo Universitario de Arte Contempor\u00e1neo UNAM, y Fernando P\u00e9rez, profesor ARQ UC y director del Museo Nacional de Bellas Artes.<\/p>\n","protected":false},"author":1,"featured_media":8052,"comment_status":"open","ping_status":"open","sticky":false,"template":"","format":"standard","meta":{"_acf_changed":false,"footnotes":""},"categories":[1],"tags":[],"class_list":["post-8051","post","type-post","status-publish","format-standard","has-post-thumbnail","hentry","category-sin-categorizar"],"acf":[],"yoast_head":"<!-- This site is optimized with the Yoast SEO plugin v27.1.1 - https:\/\/yoast.com\/product\/yoast-seo-wordpress\/ -->\n<title>Libro de Alonso y Palmarola fue lanzado en FAS 2020 - Facultad de Arquitectura, Dise\u00f1o y Estudios Urbanos<\/title>\n<meta name=\"description\" content=\"El libro Paneles voladores: C\u00f3mo los paneles de hormig\u00f3n cambiaron el mundo, de Pedro Alonso (Arquitectura UC) y Hugo Palmarola (Dise\u00f1o UC), fue presentado en el Festival de Autores de Santiago 2020 por Amanda De la Garza, directora general de Artes Visuales de la Universidad Nacional Aut\u00f3noma de M\u00e9xico UNAM y directora del Museo Universitario de Arte Contempor\u00e1neo UNAM, y Fernando P\u00e9rez, profesor ARQ UC y director del Museo Nacional de Bellas Artes.\" \/>\n<meta name=\"robots\" content=\"index, follow, max-snippet:-1, max-image-preview:large, max-video-preview:-1\" \/>\n<link rel=\"canonical\" href=\"https:\/\/fadeu.urantiacos.cl\/en\/2020\/10\/22\/libro-de-alonso-y-palmarola-fue-lanzado-en-fas-2020\/\" \/>\n<meta property=\"og:locale\" content=\"en_US\" \/>\n<meta property=\"og:type\" content=\"article\" \/>\n<meta property=\"og:title\" content=\"Libro de Alonso y Palmarola fue lanzado en FAS 2020 - Facultad de Arquitectura, Dise\u00f1o y Estudios Urbanos\" \/>\n<meta property=\"og:description\" content=\"El libro Paneles voladores: C\u00f3mo los paneles de hormig\u00f3n cambiaron el mundo, de Pedro Alonso (Arquitectura UC) y Hugo Palmarola (Dise\u00f1o UC), fue presentado en el Festival de Autores de Santiago 2020 por Amanda De la Garza, directora general de Artes Visuales de la Universidad Nacional Aut\u00f3noma de M\u00e9xico UNAM y directora del Museo Universitario de Arte Contempor\u00e1neo UNAM, y Fernando P\u00e9rez, profesor ARQ UC y director del Museo Nacional de Bellas Artes.\" \/>\n<meta property=\"og:url\" content=\"https:\/\/fadeu.urantiacos.cl\/en\/2020\/10\/22\/libro-de-alonso-y-palmarola-fue-lanzado-en-fas-2020\/\" \/>\n<meta property=\"og:site_name\" content=\"Facultad de Arquitectura, Dise\u00f1o y Estudios Urbanos\" \/>\n<meta property=\"article:published_time\" content=\"2020-10-22T22:20:00+00:00\" \/>\n<meta property=\"article:modified_time\" content=\"2023-11-03T15:59:26+00:00\" \/>\n<meta property=\"og:image\" content=\"https:\/\/fadeu.urantiacos.cl\/wp-content\/uploads\/2023\/09\/Lanzamiento_libro_palmarola_alonso.jpg\" \/>\n\t<meta property=\"og:image:width\" content=\"350\" \/>\n\t<meta property=\"og:image:height\" content=\"250\" \/>\n\t<meta property=\"og:image:type\" content=\"image\/jpeg\" \/>\n<meta name=\"author\" content=\"manadmin\" \/>\n<meta name=\"twitter:card\" content=\"summary_large_image\" \/>\n<meta name=\"twitter:label1\" content=\"Written by\" \/>\n\t<meta name=\"twitter:data1\" content=\"manadmin\" \/>\n\t<meta name=\"twitter:label2\" content=\"Est. reading time\" \/>\n\t<meta name=\"twitter:data2\" content=\"2 minutes\" \/>\n<script type=\"application\/ld+json\" class=\"yoast-schema-graph\">{\"@context\":\"https:\/\/schema.org\",\"@graph\":[{\"@type\":\"Article\",\"@id\":\"https:\/\/fadeu.urantiacos.cl\/en\/2020\/10\/22\/libro-de-alonso-y-palmarola-fue-lanzado-en-fas-2020\/#article\",\"isPartOf\":{\"@id\":\"https:\/\/fadeu.urantiacos.cl\/en\/2020\/10\/22\/libro-de-alonso-y-palmarola-fue-lanzado-en-fas-2020\/\"},\"author\":{\"name\":\"manadmin\",\"@id\":\"https:\/\/fadeu.urantiacos.cl\/en\/#\/schema\/person\/d203e2e84b1c40275eac77b3061a19a2\"},\"headline\":\"Libro de Alonso y Palmarola fue lanzado en FAS 2020\",\"datePublished\":\"2020-10-22T22:20:00+00:00\",\"dateModified\":\"2023-11-03T15:59:26+00:00\",\"mainEntityOfPage\":{\"@id\":\"https:\/\/fadeu.urantiacos.cl\/en\/2020\/10\/22\/libro-de-alonso-y-palmarola-fue-lanzado-en-fas-2020\/\"},\"wordCount\":306,\"commentCount\":0,\"image\":{\"@id\":\"https:\/\/fadeu.urantiacos.cl\/en\/2020\/10\/22\/libro-de-alonso-y-palmarola-fue-lanzado-en-fas-2020\/#primaryimage\"},\"thumbnailUrl\":\"https:\/\/fadeu.urantiacos.cl\/wp-content\/uploads\/2023\/09\/Lanzamiento_libro_palmarola_alonso.jpg\",\"articleSection\":[\"Sin categorizar\"],\"inLanguage\":\"en-US\",\"potentialAction\":[{\"@type\":\"CommentAction\",\"name\":\"Comment\",\"target\":[\"https:\/\/fadeu.urantiacos.cl\/en\/2020\/10\/22\/libro-de-alonso-y-palmarola-fue-lanzado-en-fas-2020\/#respond\"]}]},{\"@type\":\"WebPage\",\"@id\":\"https:\/\/fadeu.urantiacos.cl\/en\/2020\/10\/22\/libro-de-alonso-y-palmarola-fue-lanzado-en-fas-2020\/\",\"url\":\"https:\/\/fadeu.urantiacos.cl\/en\/2020\/10\/22\/libro-de-alonso-y-palmarola-fue-lanzado-en-fas-2020\/\",\"name\":\"Libro de Alonso y Palmarola fue lanzado en FAS 2020 - Facultad de Arquitectura, Dise\u00f1o y Estudios Urbanos\",\"isPartOf\":{\"@id\":\"https:\/\/fadeu.urantiacos.cl\/en\/#website\"},\"primaryImageOfPage\":{\"@id\":\"https:\/\/fadeu.urantiacos.cl\/en\/2020\/10\/22\/libro-de-alonso-y-palmarola-fue-lanzado-en-fas-2020\/#primaryimage\"},\"image\":{\"@id\":\"https:\/\/fadeu.urantiacos.cl\/en\/2020\/10\/22\/libro-de-alonso-y-palmarola-fue-lanzado-en-fas-2020\/#primaryimage\"},\"thumbnailUrl\":\"https:\/\/fadeu.urantiacos.cl\/wp-content\/uploads\/2023\/09\/Lanzamiento_libro_palmarola_alonso.jpg\",\"datePublished\":\"2020-10-22T22:20:00+00:00\",\"dateModified\":\"2023-11-03T15:59:26+00:00\",\"author\":{\"@id\":\"https:\/\/fadeu.urantiacos.cl\/en\/#\/schema\/person\/d203e2e84b1c40275eac77b3061a19a2\"},\"description\":\"El libro Paneles voladores: C\u00f3mo los paneles de hormig\u00f3n cambiaron el mundo, de Pedro Alonso (Arquitectura UC) y Hugo Palmarola (Dise\u00f1o UC), fue presentado en el Festival de Autores de Santiago 2020 por Amanda De la Garza, directora general de Artes Visuales de la Universidad Nacional Aut\u00f3noma de M\u00e9xico UNAM y directora del Museo Universitario de Arte Contempor\u00e1neo UNAM, y Fernando P\u00e9rez, profesor ARQ UC y director del Museo Nacional de Bellas Artes.\",\"breadcrumb\":{\"@id\":\"https:\/\/fadeu.urantiacos.cl\/en\/2020\/10\/22\/libro-de-alonso-y-palmarola-fue-lanzado-en-fas-2020\/#breadcrumb\"},\"inLanguage\":\"en-US\",\"potentialAction\":[{\"@type\":\"ReadAction\",\"target\":[\"https:\/\/fadeu.urantiacos.cl\/en\/2020\/10\/22\/libro-de-alonso-y-palmarola-fue-lanzado-en-fas-2020\/\"]}]},{\"@type\":\"ImageObject\",\"inLanguage\":\"en-US\",\"@id\":\"https:\/\/fadeu.urantiacos.cl\/en\/2020\/10\/22\/libro-de-alonso-y-palmarola-fue-lanzado-en-fas-2020\/#primaryimage\",\"url\":\"https:\/\/fadeu.urantiacos.cl\/wp-content\/uploads\/2023\/09\/Lanzamiento_libro_palmarola_alonso.jpg\",\"contentUrl\":\"https:\/\/fadeu.urantiacos.cl\/wp-content\/uploads\/2023\/09\/Lanzamiento_libro_palmarola_alonso.jpg\",\"width\":350,\"height\":250},{\"@type\":\"BreadcrumbList\",\"@id\":\"https:\/\/fadeu.urantiacos.cl\/en\/2020\/10\/22\/libro-de-alonso-y-palmarola-fue-lanzado-en-fas-2020\/#breadcrumb\",\"itemListElement\":[{\"@type\":\"ListItem\",\"position\":1,\"name\":\"Portada\",\"item\":\"https:\/\/fadeu.urantiacos.cl\/en\/\"},{\"@type\":\"ListItem\",\"position\":2,\"name\":\"Libro de Alonso y Palmarola fue lanzado en FAS 2020\"}]},{\"@type\":\"WebSite\",\"@id\":\"https:\/\/fadeu.urantiacos.cl\/en\/#website\",\"url\":\"https:\/\/fadeu.urantiacos.cl\/en\/\",\"name\":\"Facultad de Arquitectura, Dise\u00f1o y Estudios Urbanos\",\"description\":\"Campus Lo Contador\",\"potentialAction\":[{\"@type\":\"SearchAction\",\"target\":{\"@type\":\"EntryPoint\",\"urlTemplate\":\"https:\/\/fadeu.urantiacos.cl\/en\/?s={search_term_string}\"},\"query-input\":{\"@type\":\"PropertyValueSpecification\",\"valueRequired\":true,\"valueName\":\"search_term_string\"}}],\"inLanguage\":\"en-US\"},{\"@type\":\"Person\",\"@id\":\"https:\/\/fadeu.urantiacos.cl\/en\/#\/schema\/person\/d203e2e84b1c40275eac77b3061a19a2\",\"name\":\"manadmin\",\"image\":{\"@type\":\"ImageObject\",\"inLanguage\":\"en-US\",\"@id\":\"https:\/\/fadeu.urantiacos.cl\/en\/#\/schema\/person\/image\/\",\"url\":\"https:\/\/secure.gravatar.com\/avatar\/4b1d8e3303b4a9d8968ac578947d8bc80d9aea359f388cdd4aac15cadc0e8447?s=96&d=mm&r=g\",\"contentUrl\":\"https:\/\/secure.gravatar.com\/avatar\/4b1d8e3303b4a9d8968ac578947d8bc80d9aea359f388cdd4aac15cadc0e8447?s=96&d=mm&r=g\",\"caption\":\"manadmin\"},\"sameAs\":[\"https:\/\/fadeu.urantiacos.cl\"]}]}<\/script>\n<!-- \/ Yoast SEO plugin. -->","yoast_head_json":{"title":"Libro de Alonso y Palmarola fue lanzado en FAS 2020 - Facultad de Arquitectura, Dise\u00f1o y Estudios Urbanos","description":"El libro Paneles voladores: C\u00f3mo los paneles de hormig\u00f3n cambiaron el mundo, de Pedro Alonso (Arquitectura UC) y Hugo Palmarola (Dise\u00f1o UC), fue presentado en el Festival de Autores de Santiago 2020 por Amanda De la Garza, directora general de Artes Visuales de la Universidad Nacional Aut\u00f3noma de M\u00e9xico UNAM y directora del Museo Universitario de Arte Contempor\u00e1neo UNAM, y Fernando P\u00e9rez, profesor ARQ UC y director del Museo Nacional de Bellas Artes.","robots":{"index":"index","follow":"follow","max-snippet":"max-snippet:-1","max-image-preview":"max-image-preview:large","max-video-preview":"max-video-preview:-1"},"canonical":"https:\/\/fadeu.urantiacos.cl\/en\/2020\/10\/22\/libro-de-alonso-y-palmarola-fue-lanzado-en-fas-2020\/","og_locale":"en_US","og_type":"article","og_title":"Libro de Alonso y Palmarola fue lanzado en FAS 2020 - Facultad de Arquitectura, Dise\u00f1o y Estudios Urbanos","og_description":"El libro Paneles voladores: C\u00f3mo los paneles de hormig\u00f3n cambiaron el mundo, de Pedro Alonso (Arquitectura UC) y Hugo Palmarola (Dise\u00f1o UC), fue presentado en el Festival de Autores de Santiago 2020 por Amanda De la Garza, directora general de Artes Visuales de la Universidad Nacional Aut\u00f3noma de M\u00e9xico UNAM y directora del Museo Universitario de Arte Contempor\u00e1neo UNAM, y Fernando P\u00e9rez, profesor ARQ UC y director del Museo Nacional de Bellas Artes.","og_url":"https:\/\/fadeu.urantiacos.cl\/en\/2020\/10\/22\/libro-de-alonso-y-palmarola-fue-lanzado-en-fas-2020\/","og_site_name":"Facultad de Arquitectura, Dise\u00f1o y Estudios Urbanos","article_published_time":"2020-10-22T22:20:00+00:00","article_modified_time":"2023-11-03T15:59:26+00:00","og_image":[{"width":350,"height":250,"url":"https:\/\/fadeu.urantiacos.cl\/wp-content\/uploads\/2023\/09\/Lanzamiento_libro_palmarola_alonso.jpg","type":"image\/jpeg"}],"author":"manadmin","twitter_card":"summary_large_image","twitter_misc":{"Written by":"manadmin","Est. reading time":"2 minutes"},"schema":{"@context":"https:\/\/schema.org","@graph":[{"@type":"Article","@id":"https:\/\/fadeu.urantiacos.cl\/en\/2020\/10\/22\/libro-de-alonso-y-palmarola-fue-lanzado-en-fas-2020\/#article","isPartOf":{"@id":"https:\/\/fadeu.urantiacos.cl\/en\/2020\/10\/22\/libro-de-alonso-y-palmarola-fue-lanzado-en-fas-2020\/"},"author":{"name":"manadmin","@id":"https:\/\/fadeu.urantiacos.cl\/en\/#\/schema\/person\/d203e2e84b1c40275eac77b3061a19a2"},"headline":"Libro de Alonso y Palmarola fue lanzado en FAS 2020","datePublished":"2020-10-22T22:20:00+00:00","dateModified":"2023-11-03T15:59:26+00:00","mainEntityOfPage":{"@id":"https:\/\/fadeu.urantiacos.cl\/en\/2020\/10\/22\/libro-de-alonso-y-palmarola-fue-lanzado-en-fas-2020\/"},"wordCount":306,"commentCount":0,"image":{"@id":"https:\/\/fadeu.urantiacos.cl\/en\/2020\/10\/22\/libro-de-alonso-y-palmarola-fue-lanzado-en-fas-2020\/#primaryimage"},"thumbnailUrl":"https:\/\/fadeu.urantiacos.cl\/wp-content\/uploads\/2023\/09\/Lanzamiento_libro_palmarola_alonso.jpg","articleSection":["Sin categorizar"],"inLanguage":"en-US","potentialAction":[{"@type":"CommentAction","name":"Comment","target":["https:\/\/fadeu.urantiacos.cl\/en\/2020\/10\/22\/libro-de-alonso-y-palmarola-fue-lanzado-en-fas-2020\/#respond"]}]},{"@type":"WebPage","@id":"https:\/\/fadeu.urantiacos.cl\/en\/2020\/10\/22\/libro-de-alonso-y-palmarola-fue-lanzado-en-fas-2020\/","url":"https:\/\/fadeu.urantiacos.cl\/en\/2020\/10\/22\/libro-de-alonso-y-palmarola-fue-lanzado-en-fas-2020\/","name":"Libro de Alonso y Palmarola fue lanzado en FAS 2020 - Facultad de Arquitectura, Dise\u00f1o y Estudios Urbanos","isPartOf":{"@id":"https:\/\/fadeu.urantiacos.cl\/en\/#website"},"primaryImageOfPage":{"@id":"https:\/\/fadeu.urantiacos.cl\/en\/2020\/10\/22\/libro-de-alonso-y-palmarola-fue-lanzado-en-fas-2020\/#primaryimage"},"image":{"@id":"https:\/\/fadeu.urantiacos.cl\/en\/2020\/10\/22\/libro-de-alonso-y-palmarola-fue-lanzado-en-fas-2020\/#primaryimage"},"thumbnailUrl":"https:\/\/fadeu.urantiacos.cl\/wp-content\/uploads\/2023\/09\/Lanzamiento_libro_palmarola_alonso.jpg","datePublished":"2020-10-22T22:20:00+00:00","dateModified":"2023-11-03T15:59:26+00:00","author":{"@id":"https:\/\/fadeu.urantiacos.cl\/en\/#\/schema\/person\/d203e2e84b1c40275eac77b3061a19a2"},"description":"El libro Paneles voladores: C\u00f3mo los paneles de hormig\u00f3n cambiaron el mundo, de Pedro Alonso (Arquitectura UC) y Hugo Palmarola (Dise\u00f1o UC), fue presentado en el Festival de Autores de Santiago 2020 por Amanda De la Garza, directora general de Artes Visuales de la Universidad Nacional Aut\u00f3noma de M\u00e9xico UNAM y directora del Museo Universitario de Arte Contempor\u00e1neo UNAM, y Fernando P\u00e9rez, profesor ARQ UC y director del Museo Nacional de Bellas Artes.","breadcrumb":{"@id":"https:\/\/fadeu.urantiacos.cl\/en\/2020\/10\/22\/libro-de-alonso-y-palmarola-fue-lanzado-en-fas-2020\/#breadcrumb"},"inLanguage":"en-US","potentialAction":[{"@type":"ReadAction","target":["https:\/\/fadeu.urantiacos.cl\/en\/2020\/10\/22\/libro-de-alonso-y-palmarola-fue-lanzado-en-fas-2020\/"]}]},{"@type":"ImageObject","inLanguage":"en-US","@id":"https:\/\/fadeu.urantiacos.cl\/en\/2020\/10\/22\/libro-de-alonso-y-palmarola-fue-lanzado-en-fas-2020\/#primaryimage","url":"https:\/\/fadeu.urantiacos.cl\/wp-content\/uploads\/2023\/09\/Lanzamiento_libro_palmarola_alonso.jpg","contentUrl":"https:\/\/fadeu.urantiacos.cl\/wp-content\/uploads\/2023\/09\/Lanzamiento_libro_palmarola_alonso.jpg","width":350,"height":250},{"@type":"BreadcrumbList","@id":"https:\/\/fadeu.urantiacos.cl\/en\/2020\/10\/22\/libro-de-alonso-y-palmarola-fue-lanzado-en-fas-2020\/#breadcrumb","itemListElement":[{"@type":"ListItem","position":1,"name":"Portada","item":"https:\/\/fadeu.urantiacos.cl\/en\/"},{"@type":"ListItem","position":2,"name":"Libro de Alonso y Palmarola fue lanzado en FAS 2020"}]},{"@type":"WebSite","@id":"https:\/\/fadeu.urantiacos.cl\/en\/#website","url":"https:\/\/fadeu.urantiacos.cl\/en\/","name":"Facultad de Arquitectura, Dise\u00f1o y Estudios Urbanos","description":"Campus Lo Contador","potentialAction":[{"@type":"SearchAction","target":{"@type":"EntryPoint","urlTemplate":"https:\/\/fadeu.urantiacos.cl\/en\/?s={search_term_string}"},"query-input":{"@type":"PropertyValueSpecification","valueRequired":true,"valueName":"search_term_string"}}],"inLanguage":"en-US"},{"@type":"Person","@id":"https:\/\/fadeu.urantiacos.cl\/en\/#\/schema\/person\/d203e2e84b1c40275eac77b3061a19a2","name":"manadmin","image":{"@type":"ImageObject","inLanguage":"en-US","@id":"https:\/\/fadeu.urantiacos.cl\/en\/#\/schema\/person\/image\/","url":"https:\/\/secure.gravatar.com\/avatar\/4b1d8e3303b4a9d8968ac578947d8bc80d9aea359f388cdd4aac15cadc0e8447?s=96&d=mm&r=g","contentUrl":"https:\/\/secure.gravatar.com\/avatar\/4b1d8e3303b4a9d8968ac578947d8bc80d9aea359f388cdd4aac15cadc0e8447?s=96&d=mm&r=g","caption":"manadmin"},"sameAs":["https:\/\/fadeu.urantiacos.cl"]}]}},"_links":{"self":[{"href":"https:\/\/fadeu.urantiacos.cl\/en\/wp-json\/wp\/v2\/posts\/8051","targetHints":{"allow":["GET"]}}],"collection":[{"href":"https:\/\/fadeu.urantiacos.cl\/en\/wp-json\/wp\/v2\/posts"}],"about":[{"href":"https:\/\/fadeu.urantiacos.cl\/en\/wp-json\/wp\/v2\/types\/post"}],"author":[{"embeddable":true,"href":"https:\/\/fadeu.urantiacos.cl\/en\/wp-json\/wp\/v2\/users\/1"}],"replies":[{"embeddable":true,"href":"https:\/\/fadeu.urantiacos.cl\/en\/wp-json\/wp\/v2\/comments?post=8051"}],"version-history":[{"count":3,"href":"https:\/\/fadeu.urantiacos.cl\/en\/wp-json\/wp\/v2\/posts\/8051\/revisions"}],"predecessor-version":[{"id":17967,"href":"https:\/\/fadeu.urantiacos.cl\/en\/wp-json\/wp\/v2\/posts\/8051\/revisions\/17967"}],"wp:featuredmedia":[{"embeddable":true,"href":"https:\/\/fadeu.urantiacos.cl\/en\/wp-json\/wp\/v2\/media\/8052"}],"wp:attachment":[{"href":"https:\/\/fadeu.urantiacos.cl\/en\/wp-json\/wp\/v2\/media?parent=8051"}],"wp:term":[{"taxonomy":"category","embeddable":true,"href":"https:\/\/fadeu.urantiacos.cl\/en\/wp-json\/wp\/v2\/categories?post=8051"},{"taxonomy":"post_tag","embeddable":true,"href":"https:\/\/fadeu.urantiacos.cl\/en\/wp-json\/wp\/v2\/tags?post=8051"}],"curies":[{"name":"wp","href":"https:\/\/api.w.org\/{rel}","templated":true}]}}