{"id":8042,"date":"2020-10-23T19:15:00","date_gmt":"2020-10-23T22:15:00","guid":{"rendered":"https:\/\/fadeu.urantiacos.cl\/?p=8042"},"modified":"2023-09-09T19:16:47","modified_gmt":"2023-09-09T22:16:47","slug":"facultad-de-arquitectura-diseno-y-estudios-urbanos-uc-lamenta-sensible-fallecimiento-del-padre-gabriel-guarda-geywitz","status":"publish","type":"post","link":"https:\/\/fadeu.urantiacos.cl\/en\/2020\/10\/23\/facultad-de-arquitectura-diseno-y-estudios-urbanos-uc-lamenta-sensible-fallecimiento-del-padre-gabriel-guarda-geywitz\/","title":{"rendered":"Facultad de Arquitectura, Dise\u00f1o y Estudios Urbanos UC lamenta sensible fallecimiento del Padre Gabriel Guarda Geywitz"},"content":{"rendered":"\n<figure class=\"wp-block-image size-full\"><img decoding=\"async\" width=\"350\" height=\"250\" src=\"https:\/\/fadeu.urantiacos.cl\/wp-content\/uploads\/2023\/09\/Perfil_GG_WEB.jpg\" alt=\"\" class=\"wp-image-8043\" srcset=\"https:\/\/fadeu.urantiacos.cl\/wp-content\/uploads\/2023\/09\/Perfil_GG_WEB.jpg 350w, https:\/\/fadeu.urantiacos.cl\/wp-content\/uploads\/2023\/09\/Perfil_GG_WEB-300x214.jpg 300w\" sizes=\"(max-width: 350px) 100vw, 350px\" \/><\/figure>\n\n\n\n<p>El Padre Guarda, junto a una reconocida inquietud espiritual y religiosa que lo llev\u00f3 a renunciar a aspiraciones materiales y reconocimientos, fue un destacado investigador de la historia urbana y arquitect\u00f3nica nacional, campo en el que sobresalen sus trabajos patrimoniales sobre lugares como Osorno, Chilo\u00e9, su natal Valdivia, y el Valle del Elqui.<\/p>\n\n\n\n<p>Tuvo tambi\u00e9n un rol protag\u00f3nico en la construcci\u00f3n de la Catedral de Valdivia y la capilla del Monasterio Benedictino, obra que, adem\u00e1s, lo llevo a merecer y recibir distinciones notables, como el Premio Bicentenario el a\u00f1o 2003 y el Premio Conservaci\u00f3n de Monumentos Nacionales en 2004.<\/p>\n\n\n\n<p>Esta \u00faltima obra, realizada en conjunto con el Hermano Mart\u00edn Correa, es considerada una de las de mayor relevancia de la modernidad arquitect\u00f3nica en Chile. En ella se combinaron los conceptos formales de la abstracci\u00f3n, a trav\u00e9s de la condici\u00f3n geom\u00e9trica de dos cubos intersectados por sus v\u00e9rtices. Por otro lado, la luz indirecta es generada en los encuentros volum\u00e9tricos y aristas, a trav\u00e9s de distintas estrategias de reflexi\u00f3n. El acceso a trav\u00e9s de un elemento c\u00fabico menor, y una rampa ascendente que recorre lateralmente un lado del cubo, deja al observador en el v\u00e9rtice que permite percibir la diagonal mayor desde la asamble de los feligreses hasta el altar.<\/p>\n\n\n\n<p>Esta obra, adem\u00e1s, de los premios mencionados, es parte de los Curriculum de los primeros a\u00f1os de las escuelas de arquitectura nacionales. Es lugar de visita obligada de arquitectos nacionales e internacionales y se considera una obra tan paradigm\u00e1tica como \u00fanica.&nbsp;<\/p>\n\n\n\n<p><strong>Biograf\u00eda (Biblioteca Nacional de Chile)<\/strong><\/p>\n\n\n\n<p>Fernando Guarda Geywitz naci\u00f3 en Valdivia en 1928, en el seno de una familia cat\u00f3lica que desde su corta infancia le trasmiti\u00f3 el gusto por la lectura y la historia. Despu\u00e9s de realizar sus estudios b\u00e1sicos en el Instituto Salesiano de Valdivia fue enviado a Santiago para completar su educaci\u00f3n en el Internado Nacional Barros Arana. Al egresar, en 1947, entr\u00f3 a la escuela de arquitectura de la Universidad Cat\u00f3lica. En esos mismos a\u00f1os comenz\u00f3 su inclinaci\u00f3n por la historia, concurriendo a diario a la Sala Medina de la Biblioteca Nacional para investigar sobre la historia de Valdivia. El conservador de la Sala Medina, Guillermo Feli\u00fa Cruz, se interes\u00f3 en su trabajo, le ense\u00f1\u00f3 el m\u00e9todo hist\u00f3rico y lo alent\u00f3 en su investigaci\u00f3n, la que fue publicada en 1953 bajo el t\u00edtulo de Historia de Valdivia: 1552-1952.<\/p>\n\n\n\n<p>Ese mismo a\u00f1o parti\u00f3 rumbo a Europa para perfeccionar sus estudios de arquitectura, donde tambi\u00e9n continu\u00f3 sus conocimientos hist\u00f3ricos, visitando archivos y document\u00e1ndose sobre urbanismo colonial.<\/p>\n\n\n\n<p>De vuelta en el pa\u00eds, sigui\u00f3 su formaci\u00f3n hist\u00f3rica y se integr\u00f3 al grupo de historiadores disc\u00edpulos de Jaime Eyzaguirre. En 1958 se titul\u00f3 de arquitecto y quince d\u00edas despu\u00e9s entr\u00f3 a la Orden Benedictina, donde se orden\u00f3 como sacerdote en 1968 cambiando su nombre por el de Gabriel Guarda.<\/p>\n\n\n\n<p>Durante los diez a\u00f1os que dur\u00f3 su formaci\u00f3n religiosa, realiz\u00f3 estudios de teolog\u00eda y filosof\u00eda en el marco de la r\u00edgida disciplina de los benedictinos, suspendiendo temporalmente sus estudios hist\u00f3ricos. Sin embargo, en 1968 se integr\u00f3 a la Universidad Cat\u00f3lica como profesor de Historia de la Iglesia en la Facultad de Teolog\u00eda y de Historia Urbana en la de Arquitectura, lo que le permiti\u00f3 salir una vez a la semana del monasterio, ocasi\u00f3n que aprovechaba para acercarse al Archivo Nacional y a la Biblioteca Nacional para retomar sus investigaciones sobre la historia urbana y social de la poblaci\u00f3n austral chilena, especialmente de su ciudad natal Valdivia.<\/p>\n\n\n\n<p>A partir de la d\u00e9cada de 1970, sus arduos estudios comenzaron a dar frutos y comenz\u00f3 a publicar art\u00edculos y libros especializados sobre historia religiosa, urbana y regional durante el per\u00edodo colonial y las primeras d\u00e9cadas de la Rep\u00fablica, entre los que destac\u00f3 su estudio sobre la Historia Urbana del Reino de Chile.<\/p>\n\n\n\n<p>A este trabajo se sumaron pronto nuevas publicaciones sobre la sociedad austral, especialmente de Valdivia y Osorno, todas las cuales le valieron que fuera galardonado con el Premio Nacional de Historia en 1984, a la edad de 55 a\u00f1os.<\/p>\n\n\n\n<p>En las d\u00e9cadas siguientes el padre Gabriel Guarda ha continuado con sus investigaciones, acumulando m\u00e1s de 300 publicaciones sobre historia urbana y arquitect\u00f3nica y difundiendo los or\u00edgenes e influencias de las construcciones coloniales de nuestro pa\u00eds. Algunas de sus obras m\u00e1s destacadas son: Historia urbana del Reino de Chile (1978), Los encomenderos de Chilo\u00e9 (2003), Iglesias de Chilo\u00e9 (1984), La nueva historia de Valdivia (2000), La tradici\u00f3n de la madera (1995), El arquitecto de la Moneda Joaqu\u00edn Toesca, 1752-1799: una imagen del imperio espa\u00f1ol en Am\u00e9rica (1997) y su monumental estudio sobre la sociedad en Chile austral antes de la colonizaci\u00f3n alemana.<\/p>\n\n\n\n<p>Su intensa labor de rescate del patrimonio cultural arquitect\u00f3nico de zonas como Chilo\u00e9, Osorno, Valdivia, Colchagua y Valle del Elqui, adem\u00e1s de su participaci\u00f3n en diversos proyectos patrimoniales como la construcci\u00f3n de la Catedral de Valdivia y la capilla del Monasterio Benedictino, lo han hecho merecedor de importantes distinciones entre los que se cuentan el Premio Bicentenario (2003) y el Premio Conservaci\u00f3n de Monumentos Nacionales (2004), entre otros.<\/p>\n\n\n\n<p>Fuente:&nbsp;<a href=\"https:\/\/www.monumentos.gob.cl\/monumentos\/monumentos-historicos\/monasterio-benedictino\" target=\"_blank\" rel=\"noreferrer noopener\">Consejo de Monumentos Nacionales de Chile<\/a><\/p>\n","protected":false},"excerpt":{"rendered":"<p>En horas de esta jornada se ha conocido el lamentable fallecimiento, a la edad de 92 a\u00f1os, del Padre Gabriel Guarda Geywitz, religioso Benedictino, arquitecto chileno, historiador, Premio Nacional de Historia en 1984, y ex estudiante de la Escuela de Arquitectura de la Pontificia Universidad Cat\u00f3lica de Chile.<\/p>\n","protected":false},"author":1,"featured_media":8043,"comment_status":"open","ping_status":"open","sticky":false,"template":"","format":"standard","meta":{"_acf_changed":false,"footnotes":""},"categories":[1],"tags":[],"class_list":["post-8042","post","type-post","status-publish","format-standard","has-post-thumbnail","hentry","category-sin-categorizar"],"acf":[],"yoast_head":"<!-- This site is optimized with the Yoast SEO plugin v27.1.1 - https:\/\/yoast.com\/product\/yoast-seo-wordpress\/ -->\n<title>Facultad de Arquitectura, Dise\u00f1o y Estudios Urbanos UC lamenta sensible fallecimiento del Padre Gabriel Guarda Geywitz - Facultad de Arquitectura, Dise\u00f1o y Estudios Urbanos<\/title>\n<meta name=\"description\" content=\"En horas de esta jornada se ha conocido el lamentable fallecimiento, a la edad de 92 a\u00f1os, del Padre Gabriel Guarda Geywitz, religioso Benedictino, arquitecto chileno, historiador, Premio Nacional de Historia en 1984, y ex estudiante de la Escuela de Arquitectura de la Pontificia Universidad Cat\u00f3lica de Chile.\" \/>\n<meta name=\"robots\" content=\"index, follow, max-snippet:-1, max-image-preview:large, max-video-preview:-1\" \/>\n<link rel=\"canonical\" href=\"https:\/\/fadeu.urantiacos.cl\/en\/2020\/10\/23\/facultad-de-arquitectura-diseno-y-estudios-urbanos-uc-lamenta-sensible-fallecimiento-del-padre-gabriel-guarda-geywitz\/\" \/>\n<meta property=\"og:locale\" content=\"en_US\" \/>\n<meta property=\"og:type\" content=\"article\" \/>\n<meta property=\"og:title\" content=\"Facultad de Arquitectura, Dise\u00f1o y Estudios Urbanos UC lamenta sensible fallecimiento del Padre Gabriel Guarda Geywitz - Facultad de Arquitectura, Dise\u00f1o y Estudios Urbanos\" \/>\n<meta property=\"og:description\" content=\"En horas de esta jornada se ha conocido el lamentable fallecimiento, a la edad de 92 a\u00f1os, del Padre Gabriel Guarda Geywitz, religioso Benedictino, arquitecto chileno, historiador, Premio Nacional de Historia en 1984, y ex estudiante de la Escuela de Arquitectura de la Pontificia Universidad Cat\u00f3lica de Chile.\" \/>\n<meta property=\"og:url\" content=\"https:\/\/fadeu.urantiacos.cl\/en\/2020\/10\/23\/facultad-de-arquitectura-diseno-y-estudios-urbanos-uc-lamenta-sensible-fallecimiento-del-padre-gabriel-guarda-geywitz\/\" \/>\n<meta property=\"og:site_name\" content=\"Facultad de Arquitectura, Dise\u00f1o y Estudios Urbanos\" \/>\n<meta property=\"article:published_time\" content=\"2020-10-23T22:15:00+00:00\" \/>\n<meta property=\"article:modified_time\" content=\"2023-09-09T22:16:47+00:00\" \/>\n<meta property=\"og:image\" content=\"https:\/\/fadeu.urantiacos.cl\/wp-content\/uploads\/2023\/09\/Perfil_GG_WEB.jpg\" \/>\n\t<meta property=\"og:image:width\" content=\"350\" \/>\n\t<meta property=\"og:image:height\" content=\"250\" \/>\n\t<meta property=\"og:image:type\" content=\"image\/jpeg\" \/>\n<meta name=\"author\" content=\"manadmin\" \/>\n<meta name=\"twitter:card\" content=\"summary_large_image\" \/>\n<meta name=\"twitter:label1\" content=\"Written by\" \/>\n\t<meta name=\"twitter:data1\" content=\"manadmin\" \/>\n\t<meta name=\"twitter:label2\" content=\"Est. reading time\" \/>\n\t<meta name=\"twitter:data2\" content=\"5 minutes\" \/>\n<script type=\"application\/ld+json\" class=\"yoast-schema-graph\">{\"@context\":\"https:\/\/schema.org\",\"@graph\":[{\"@type\":\"Article\",\"@id\":\"https:\/\/fadeu.urantiacos.cl\/en\/2020\/10\/23\/facultad-de-arquitectura-diseno-y-estudios-urbanos-uc-lamenta-sensible-fallecimiento-del-padre-gabriel-guarda-geywitz\/#article\",\"isPartOf\":{\"@id\":\"https:\/\/fadeu.urantiacos.cl\/en\/2020\/10\/23\/facultad-de-arquitectura-diseno-y-estudios-urbanos-uc-lamenta-sensible-fallecimiento-del-padre-gabriel-guarda-geywitz\/\"},\"author\":{\"name\":\"manadmin\",\"@id\":\"https:\/\/fadeu.urantiacos.cl\/en\/#\/schema\/person\/d203e2e84b1c40275eac77b3061a19a2\"},\"headline\":\"Facultad de Arquitectura, Dise\u00f1o y Estudios Urbanos UC lamenta sensible fallecimiento del Padre Gabriel Guarda Geywitz\",\"datePublished\":\"2020-10-23T22:15:00+00:00\",\"dateModified\":\"2023-09-09T22:16:47+00:00\",\"mainEntityOfPage\":{\"@id\":\"https:\/\/fadeu.urantiacos.cl\/en\/2020\/10\/23\/facultad-de-arquitectura-diseno-y-estudios-urbanos-uc-lamenta-sensible-fallecimiento-del-padre-gabriel-guarda-geywitz\/\"},\"wordCount\":919,\"commentCount\":0,\"image\":{\"@id\":\"https:\/\/fadeu.urantiacos.cl\/en\/2020\/10\/23\/facultad-de-arquitectura-diseno-y-estudios-urbanos-uc-lamenta-sensible-fallecimiento-del-padre-gabriel-guarda-geywitz\/#primaryimage\"},\"thumbnailUrl\":\"https:\/\/fadeu.urantiacos.cl\/wp-content\/uploads\/2023\/09\/Perfil_GG_WEB.jpg\",\"articleSection\":[\"Sin categorizar\"],\"inLanguage\":\"en-US\",\"potentialAction\":[{\"@type\":\"CommentAction\",\"name\":\"Comment\",\"target\":[\"https:\/\/fadeu.urantiacos.cl\/en\/2020\/10\/23\/facultad-de-arquitectura-diseno-y-estudios-urbanos-uc-lamenta-sensible-fallecimiento-del-padre-gabriel-guarda-geywitz\/#respond\"]}]},{\"@type\":\"WebPage\",\"@id\":\"https:\/\/fadeu.urantiacos.cl\/en\/2020\/10\/23\/facultad-de-arquitectura-diseno-y-estudios-urbanos-uc-lamenta-sensible-fallecimiento-del-padre-gabriel-guarda-geywitz\/\",\"url\":\"https:\/\/fadeu.urantiacos.cl\/en\/2020\/10\/23\/facultad-de-arquitectura-diseno-y-estudios-urbanos-uc-lamenta-sensible-fallecimiento-del-padre-gabriel-guarda-geywitz\/\",\"name\":\"Facultad de Arquitectura, Dise\u00f1o y Estudios Urbanos UC lamenta sensible fallecimiento del Padre Gabriel Guarda Geywitz - Facultad de Arquitectura, Dise\u00f1o y Estudios Urbanos\",\"isPartOf\":{\"@id\":\"https:\/\/fadeu.urantiacos.cl\/en\/#website\"},\"primaryImageOfPage\":{\"@id\":\"https:\/\/fadeu.urantiacos.cl\/en\/2020\/10\/23\/facultad-de-arquitectura-diseno-y-estudios-urbanos-uc-lamenta-sensible-fallecimiento-del-padre-gabriel-guarda-geywitz\/#primaryimage\"},\"image\":{\"@id\":\"https:\/\/fadeu.urantiacos.cl\/en\/2020\/10\/23\/facultad-de-arquitectura-diseno-y-estudios-urbanos-uc-lamenta-sensible-fallecimiento-del-padre-gabriel-guarda-geywitz\/#primaryimage\"},\"thumbnailUrl\":\"https:\/\/fadeu.urantiacos.cl\/wp-content\/uploads\/2023\/09\/Perfil_GG_WEB.jpg\",\"datePublished\":\"2020-10-23T22:15:00+00:00\",\"dateModified\":\"2023-09-09T22:16:47+00:00\",\"author\":{\"@id\":\"https:\/\/fadeu.urantiacos.cl\/en\/#\/schema\/person\/d203e2e84b1c40275eac77b3061a19a2\"},\"description\":\"En horas de esta jornada se ha conocido el lamentable fallecimiento, a la edad de 92 a\u00f1os, del Padre Gabriel Guarda Geywitz, religioso Benedictino, arquitecto chileno, historiador, Premio Nacional de Historia en 1984, y ex estudiante de la Escuela de Arquitectura de la Pontificia Universidad Cat\u00f3lica de Chile.\",\"breadcrumb\":{\"@id\":\"https:\/\/fadeu.urantiacos.cl\/en\/2020\/10\/23\/facultad-de-arquitectura-diseno-y-estudios-urbanos-uc-lamenta-sensible-fallecimiento-del-padre-gabriel-guarda-geywitz\/#breadcrumb\"},\"inLanguage\":\"en-US\",\"potentialAction\":[{\"@type\":\"ReadAction\",\"target\":[\"https:\/\/fadeu.urantiacos.cl\/en\/2020\/10\/23\/facultad-de-arquitectura-diseno-y-estudios-urbanos-uc-lamenta-sensible-fallecimiento-del-padre-gabriel-guarda-geywitz\/\"]}]},{\"@type\":\"ImageObject\",\"inLanguage\":\"en-US\",\"@id\":\"https:\/\/fadeu.urantiacos.cl\/en\/2020\/10\/23\/facultad-de-arquitectura-diseno-y-estudios-urbanos-uc-lamenta-sensible-fallecimiento-del-padre-gabriel-guarda-geywitz\/#primaryimage\",\"url\":\"https:\/\/fadeu.urantiacos.cl\/wp-content\/uploads\/2023\/09\/Perfil_GG_WEB.jpg\",\"contentUrl\":\"https:\/\/fadeu.urantiacos.cl\/wp-content\/uploads\/2023\/09\/Perfil_GG_WEB.jpg\",\"width\":350,\"height\":250},{\"@type\":\"BreadcrumbList\",\"@id\":\"https:\/\/fadeu.urantiacos.cl\/en\/2020\/10\/23\/facultad-de-arquitectura-diseno-y-estudios-urbanos-uc-lamenta-sensible-fallecimiento-del-padre-gabriel-guarda-geywitz\/#breadcrumb\",\"itemListElement\":[{\"@type\":\"ListItem\",\"position\":1,\"name\":\"Portada\",\"item\":\"https:\/\/fadeu.urantiacos.cl\/en\/\"},{\"@type\":\"ListItem\",\"position\":2,\"name\":\"Facultad de Arquitectura, Dise\u00f1o y Estudios Urbanos UC lamenta sensible fallecimiento del Padre Gabriel Guarda Geywitz\"}]},{\"@type\":\"WebSite\",\"@id\":\"https:\/\/fadeu.urantiacos.cl\/en\/#website\",\"url\":\"https:\/\/fadeu.urantiacos.cl\/en\/\",\"name\":\"Facultad de Arquitectura, Dise\u00f1o y Estudios Urbanos\",\"description\":\"Campus Lo Contador\",\"potentialAction\":[{\"@type\":\"SearchAction\",\"target\":{\"@type\":\"EntryPoint\",\"urlTemplate\":\"https:\/\/fadeu.urantiacos.cl\/en\/?s={search_term_string}\"},\"query-input\":{\"@type\":\"PropertyValueSpecification\",\"valueRequired\":true,\"valueName\":\"search_term_string\"}}],\"inLanguage\":\"en-US\"},{\"@type\":\"Person\",\"@id\":\"https:\/\/fadeu.urantiacos.cl\/en\/#\/schema\/person\/d203e2e84b1c40275eac77b3061a19a2\",\"name\":\"manadmin\",\"image\":{\"@type\":\"ImageObject\",\"inLanguage\":\"en-US\",\"@id\":\"https:\/\/fadeu.urantiacos.cl\/en\/#\/schema\/person\/image\/\",\"url\":\"https:\/\/secure.gravatar.com\/avatar\/4b1d8e3303b4a9d8968ac578947d8bc80d9aea359f388cdd4aac15cadc0e8447?s=96&d=mm&r=g\",\"contentUrl\":\"https:\/\/secure.gravatar.com\/avatar\/4b1d8e3303b4a9d8968ac578947d8bc80d9aea359f388cdd4aac15cadc0e8447?s=96&d=mm&r=g\",\"caption\":\"manadmin\"},\"sameAs\":[\"https:\/\/fadeu.urantiacos.cl\"]}]}<\/script>\n<!-- \/ Yoast SEO plugin. -->","yoast_head_json":{"title":"Facultad de Arquitectura, Dise\u00f1o y Estudios Urbanos UC lamenta sensible fallecimiento del Padre Gabriel Guarda Geywitz - Facultad de Arquitectura, Dise\u00f1o y Estudios Urbanos","description":"En horas de esta jornada se ha conocido el lamentable fallecimiento, a la edad de 92 a\u00f1os, del Padre Gabriel Guarda Geywitz, religioso Benedictino, arquitecto chileno, historiador, Premio Nacional de Historia en 1984, y ex estudiante de la Escuela de Arquitectura de la Pontificia Universidad Cat\u00f3lica de Chile.","robots":{"index":"index","follow":"follow","max-snippet":"max-snippet:-1","max-image-preview":"max-image-preview:large","max-video-preview":"max-video-preview:-1"},"canonical":"https:\/\/fadeu.urantiacos.cl\/en\/2020\/10\/23\/facultad-de-arquitectura-diseno-y-estudios-urbanos-uc-lamenta-sensible-fallecimiento-del-padre-gabriel-guarda-geywitz\/","og_locale":"en_US","og_type":"article","og_title":"Facultad de Arquitectura, Dise\u00f1o y Estudios Urbanos UC lamenta sensible fallecimiento del Padre Gabriel Guarda Geywitz - Facultad de Arquitectura, Dise\u00f1o y Estudios Urbanos","og_description":"En horas de esta jornada se ha conocido el lamentable fallecimiento, a la edad de 92 a\u00f1os, del Padre Gabriel Guarda Geywitz, religioso Benedictino, arquitecto chileno, historiador, Premio Nacional de Historia en 1984, y ex estudiante de la Escuela de Arquitectura de la Pontificia Universidad Cat\u00f3lica de Chile.","og_url":"https:\/\/fadeu.urantiacos.cl\/en\/2020\/10\/23\/facultad-de-arquitectura-diseno-y-estudios-urbanos-uc-lamenta-sensible-fallecimiento-del-padre-gabriel-guarda-geywitz\/","og_site_name":"Facultad de Arquitectura, Dise\u00f1o y Estudios Urbanos","article_published_time":"2020-10-23T22:15:00+00:00","article_modified_time":"2023-09-09T22:16:47+00:00","og_image":[{"width":350,"height":250,"url":"https:\/\/fadeu.urantiacos.cl\/wp-content\/uploads\/2023\/09\/Perfil_GG_WEB.jpg","type":"image\/jpeg"}],"author":"manadmin","twitter_card":"summary_large_image","twitter_misc":{"Written by":"manadmin","Est. reading time":"5 minutes"},"schema":{"@context":"https:\/\/schema.org","@graph":[{"@type":"Article","@id":"https:\/\/fadeu.urantiacos.cl\/en\/2020\/10\/23\/facultad-de-arquitectura-diseno-y-estudios-urbanos-uc-lamenta-sensible-fallecimiento-del-padre-gabriel-guarda-geywitz\/#article","isPartOf":{"@id":"https:\/\/fadeu.urantiacos.cl\/en\/2020\/10\/23\/facultad-de-arquitectura-diseno-y-estudios-urbanos-uc-lamenta-sensible-fallecimiento-del-padre-gabriel-guarda-geywitz\/"},"author":{"name":"manadmin","@id":"https:\/\/fadeu.urantiacos.cl\/en\/#\/schema\/person\/d203e2e84b1c40275eac77b3061a19a2"},"headline":"Facultad de Arquitectura, Dise\u00f1o y Estudios Urbanos UC lamenta sensible fallecimiento del Padre Gabriel Guarda Geywitz","datePublished":"2020-10-23T22:15:00+00:00","dateModified":"2023-09-09T22:16:47+00:00","mainEntityOfPage":{"@id":"https:\/\/fadeu.urantiacos.cl\/en\/2020\/10\/23\/facultad-de-arquitectura-diseno-y-estudios-urbanos-uc-lamenta-sensible-fallecimiento-del-padre-gabriel-guarda-geywitz\/"},"wordCount":919,"commentCount":0,"image":{"@id":"https:\/\/fadeu.urantiacos.cl\/en\/2020\/10\/23\/facultad-de-arquitectura-diseno-y-estudios-urbanos-uc-lamenta-sensible-fallecimiento-del-padre-gabriel-guarda-geywitz\/#primaryimage"},"thumbnailUrl":"https:\/\/fadeu.urantiacos.cl\/wp-content\/uploads\/2023\/09\/Perfil_GG_WEB.jpg","articleSection":["Sin categorizar"],"inLanguage":"en-US","potentialAction":[{"@type":"CommentAction","name":"Comment","target":["https:\/\/fadeu.urantiacos.cl\/en\/2020\/10\/23\/facultad-de-arquitectura-diseno-y-estudios-urbanos-uc-lamenta-sensible-fallecimiento-del-padre-gabriel-guarda-geywitz\/#respond"]}]},{"@type":"WebPage","@id":"https:\/\/fadeu.urantiacos.cl\/en\/2020\/10\/23\/facultad-de-arquitectura-diseno-y-estudios-urbanos-uc-lamenta-sensible-fallecimiento-del-padre-gabriel-guarda-geywitz\/","url":"https:\/\/fadeu.urantiacos.cl\/en\/2020\/10\/23\/facultad-de-arquitectura-diseno-y-estudios-urbanos-uc-lamenta-sensible-fallecimiento-del-padre-gabriel-guarda-geywitz\/","name":"Facultad de Arquitectura, Dise\u00f1o y Estudios Urbanos UC lamenta sensible fallecimiento del Padre Gabriel Guarda Geywitz - Facultad de Arquitectura, Dise\u00f1o y Estudios Urbanos","isPartOf":{"@id":"https:\/\/fadeu.urantiacos.cl\/en\/#website"},"primaryImageOfPage":{"@id":"https:\/\/fadeu.urantiacos.cl\/en\/2020\/10\/23\/facultad-de-arquitectura-diseno-y-estudios-urbanos-uc-lamenta-sensible-fallecimiento-del-padre-gabriel-guarda-geywitz\/#primaryimage"},"image":{"@id":"https:\/\/fadeu.urantiacos.cl\/en\/2020\/10\/23\/facultad-de-arquitectura-diseno-y-estudios-urbanos-uc-lamenta-sensible-fallecimiento-del-padre-gabriel-guarda-geywitz\/#primaryimage"},"thumbnailUrl":"https:\/\/fadeu.urantiacos.cl\/wp-content\/uploads\/2023\/09\/Perfil_GG_WEB.jpg","datePublished":"2020-10-23T22:15:00+00:00","dateModified":"2023-09-09T22:16:47+00:00","author":{"@id":"https:\/\/fadeu.urantiacos.cl\/en\/#\/schema\/person\/d203e2e84b1c40275eac77b3061a19a2"},"description":"En horas de esta jornada se ha conocido el lamentable fallecimiento, a la edad de 92 a\u00f1os, del Padre Gabriel Guarda Geywitz, religioso Benedictino, arquitecto chileno, historiador, Premio Nacional de Historia en 1984, y ex estudiante de la Escuela de Arquitectura de la Pontificia Universidad Cat\u00f3lica de Chile.","breadcrumb":{"@id":"https:\/\/fadeu.urantiacos.cl\/en\/2020\/10\/23\/facultad-de-arquitectura-diseno-y-estudios-urbanos-uc-lamenta-sensible-fallecimiento-del-padre-gabriel-guarda-geywitz\/#breadcrumb"},"inLanguage":"en-US","potentialAction":[{"@type":"ReadAction","target":["https:\/\/fadeu.urantiacos.cl\/en\/2020\/10\/23\/facultad-de-arquitectura-diseno-y-estudios-urbanos-uc-lamenta-sensible-fallecimiento-del-padre-gabriel-guarda-geywitz\/"]}]},{"@type":"ImageObject","inLanguage":"en-US","@id":"https:\/\/fadeu.urantiacos.cl\/en\/2020\/10\/23\/facultad-de-arquitectura-diseno-y-estudios-urbanos-uc-lamenta-sensible-fallecimiento-del-padre-gabriel-guarda-geywitz\/#primaryimage","url":"https:\/\/fadeu.urantiacos.cl\/wp-content\/uploads\/2023\/09\/Perfil_GG_WEB.jpg","contentUrl":"https:\/\/fadeu.urantiacos.cl\/wp-content\/uploads\/2023\/09\/Perfil_GG_WEB.jpg","width":350,"height":250},{"@type":"BreadcrumbList","@id":"https:\/\/fadeu.urantiacos.cl\/en\/2020\/10\/23\/facultad-de-arquitectura-diseno-y-estudios-urbanos-uc-lamenta-sensible-fallecimiento-del-padre-gabriel-guarda-geywitz\/#breadcrumb","itemListElement":[{"@type":"ListItem","position":1,"name":"Portada","item":"https:\/\/fadeu.urantiacos.cl\/en\/"},{"@type":"ListItem","position":2,"name":"Facultad de Arquitectura, Dise\u00f1o y Estudios Urbanos UC lamenta sensible fallecimiento del Padre Gabriel Guarda Geywitz"}]},{"@type":"WebSite","@id":"https:\/\/fadeu.urantiacos.cl\/en\/#website","url":"https:\/\/fadeu.urantiacos.cl\/en\/","name":"Facultad de Arquitectura, Dise\u00f1o y Estudios Urbanos","description":"Campus Lo Contador","potentialAction":[{"@type":"SearchAction","target":{"@type":"EntryPoint","urlTemplate":"https:\/\/fadeu.urantiacos.cl\/en\/?s={search_term_string}"},"query-input":{"@type":"PropertyValueSpecification","valueRequired":true,"valueName":"search_term_string"}}],"inLanguage":"en-US"},{"@type":"Person","@id":"https:\/\/fadeu.urantiacos.cl\/en\/#\/schema\/person\/d203e2e84b1c40275eac77b3061a19a2","name":"manadmin","image":{"@type":"ImageObject","inLanguage":"en-US","@id":"https:\/\/fadeu.urantiacos.cl\/en\/#\/schema\/person\/image\/","url":"https:\/\/secure.gravatar.com\/avatar\/4b1d8e3303b4a9d8968ac578947d8bc80d9aea359f388cdd4aac15cadc0e8447?s=96&d=mm&r=g","contentUrl":"https:\/\/secure.gravatar.com\/avatar\/4b1d8e3303b4a9d8968ac578947d8bc80d9aea359f388cdd4aac15cadc0e8447?s=96&d=mm&r=g","caption":"manadmin"},"sameAs":["https:\/\/fadeu.urantiacos.cl"]}]}},"_links":{"self":[{"href":"https:\/\/fadeu.urantiacos.cl\/en\/wp-json\/wp\/v2\/posts\/8042","targetHints":{"allow":["GET"]}}],"collection":[{"href":"https:\/\/fadeu.urantiacos.cl\/en\/wp-json\/wp\/v2\/posts"}],"about":[{"href":"https:\/\/fadeu.urantiacos.cl\/en\/wp-json\/wp\/v2\/types\/post"}],"author":[{"embeddable":true,"href":"https:\/\/fadeu.urantiacos.cl\/en\/wp-json\/wp\/v2\/users\/1"}],"replies":[{"embeddable":true,"href":"https:\/\/fadeu.urantiacos.cl\/en\/wp-json\/wp\/v2\/comments?post=8042"}],"version-history":[{"count":1,"href":"https:\/\/fadeu.urantiacos.cl\/en\/wp-json\/wp\/v2\/posts\/8042\/revisions"}],"predecessor-version":[{"id":8044,"href":"https:\/\/fadeu.urantiacos.cl\/en\/wp-json\/wp\/v2\/posts\/8042\/revisions\/8044"}],"wp:featuredmedia":[{"embeddable":true,"href":"https:\/\/fadeu.urantiacos.cl\/en\/wp-json\/wp\/v2\/media\/8043"}],"wp:attachment":[{"href":"https:\/\/fadeu.urantiacos.cl\/en\/wp-json\/wp\/v2\/media?parent=8042"}],"wp:term":[{"taxonomy":"category","embeddable":true,"href":"https:\/\/fadeu.urantiacos.cl\/en\/wp-json\/wp\/v2\/categories?post=8042"},{"taxonomy":"post_tag","embeddable":true,"href":"https:\/\/fadeu.urantiacos.cl\/en\/wp-json\/wp\/v2\/tags?post=8042"}],"curies":[{"name":"wp","href":"https:\/\/api.w.org\/{rel}","templated":true}]}}