{"id":8039,"date":"2020-10-24T19:13:00","date_gmt":"2020-10-24T22:13:00","guid":{"rendered":"https:\/\/fadeu.urantiacos.cl\/?p=8039"},"modified":"2023-09-09T19:14:58","modified_gmt":"2023-09-09T22:14:58","slug":"direccion-de-personas-uc-premio-a-funcionarios-por-sus-anos-de-servicio","status":"publish","type":"post","link":"https:\/\/fadeu.urantiacos.cl\/en\/2020\/10\/24\/direccion-de-personas-uc-premio-a-funcionarios-por-sus-anos-de-servicio\/","title":{"rendered":"Direcci\u00f3n de Personas UC premi\u00f3 a funcionarios por sus a\u00f1os de servicio"},"content":{"rendered":"\n<figure class=\"wp-block-image size-full\"><img decoding=\"async\" width=\"350\" height=\"250\" src=\"https:\/\/fadeu.urantiacos.cl\/wp-content\/uploads\/2023\/09\/dia_del_funcionario2020.png\" alt=\"\" class=\"wp-image-8040\" srcset=\"https:\/\/fadeu.urantiacos.cl\/wp-content\/uploads\/2023\/09\/dia_del_funcionario2020.png 350w, https:\/\/fadeu.urantiacos.cl\/wp-content\/uploads\/2023\/09\/dia_del_funcionario2020-300x214.png 300w\" sizes=\"(max-width: 350px) 100vw, 350px\" \/><\/figure>\n\n\n\n<ul class=\"wp-block-list\">\n<li>Agust\u00edn Mercado (20 a\u00f1os de servicio), del Taller de Herramientas FADEU.<\/li>\n\n\n\n<li>Pilar Ahumada (20 a\u00f1os de servicio), de la Direcci\u00f3n Econ\u00f3mica FADEU.<\/li>\n\n\n\n<li>Cecilia Hern\u00e1ndez (30 a\u00f1os de servicio), de Ediciones ARQ (escuela de Arquitectura).<\/li>\n<\/ul>\n\n\n\n<p>El director Econ\u00f3mico y de Gesti\u00f3n FADEU, Marcos Parraguez, a trav\u00e9s de una comunicaci\u00f3n dirigida v\u00eda remota a toda la comunidad del campus Lo Contador reconoci\u00f3 la entrega de los tres funcionarios\/as y recalc\u00f3 su compromiso con la instituci\u00f3n, sobre todo considerando el escenario actual debido a la pandemia por COVID-19.<\/p>\n\n\n\n<p>\u201cDeben sentirse orgullosos de permanecer todos estos a\u00f1os en sus respectivos cargos, eso habla de mucho esfuerzo y trabajo de cada uno de ustedes, y tambi\u00e9n de reconocimiento de parte de la Universidad a la funci\u00f3n que ustedes cumplen. Hoy, que estamos en una \u00e9poca de cambios permanentes, el poder cumplir todos estos a\u00f1os en una instituci\u00f3n en un verdadero logro\u201d, advirti\u00f3.<\/p>\n\n\n\n<p>Por su parte, el Decano Mario Ubilla relev\u00f3 la entrega y destac\u00f3 la disposici\u00f3n al cambio de cada uno de los tres reconocidos\/as. \u201cCuando tenemos personas que han entregado d\u00e9cadas de trabajo a nuestra Facultad, en distintas funciones, y demuestran en escenarios adversos como el que hoy estamos viviendo su compromiso y entrega, nos queda solo felicitarles y agradecerles, ya que ustedes, al igual que cada persona que trabaja en la comunidad de Lo Contador, hacen posible su funcionamiento diario, para que cada aspecto de nuestra vida cotidiana pueda desarrollarse con altos est\u00e1ndares de profesionalismo, sean \u00e9stos aspectos acad\u00e9micos, de gesti\u00f3n, administrativos o de otra \u00edndole\u201d, sostuvo.<\/p>\n\n\n\n<p>La ceremonia se llev\u00f3 a cabo v\u00eda remota, resguardando la salud de las personas para evitar aglomeraciones debido a las medidas sanitarias que es preciso cumplir por el escenario que plantea la pandemia por COVID-19 que se vive en el pa\u00eds y en el resto del mundo.<\/p>\n\n\n\n<p>INFORMACI\u00d3N PERIOD\u00cdSTICA<br>JUAN ANDR\u00c9S INZUNZA<\/p>\n","protected":false},"excerpt":{"rendered":"<p>En el caso de la Facultad de Arquitectura, Dise\u00f1o y Estudios Urbanos fueron reconocidas las siguientes personas:<\/p>\n","protected":false},"author":1,"featured_media":8040,"comment_status":"open","ping_status":"open","sticky":false,"template":"","format":"standard","meta":{"_acf_changed":false,"footnotes":""},"categories":[1],"tags":[],"class_list":["post-8039","post","type-post","status-publish","format-standard","has-post-thumbnail","hentry","category-sin-categorizar"],"acf":[],"yoast_head":"<!-- This site is optimized with the Yoast SEO plugin v27.1.1 - https:\/\/yoast.com\/product\/yoast-seo-wordpress\/ -->\n<title>Direcci\u00f3n de Personas UC premi\u00f3 a funcionarios por sus a\u00f1os de servicio - Facultad de Arquitectura, Dise\u00f1o y Estudios Urbanos<\/title>\n<meta name=\"description\" content=\"En el caso de la Facultad de Arquitectura, Dise\u00f1o y Estudios Urbanos fueron reconocidas las siguientes personas:\" \/>\n<meta name=\"robots\" content=\"index, follow, max-snippet:-1, max-image-preview:large, max-video-preview:-1\" \/>\n<link rel=\"canonical\" href=\"https:\/\/fadeu.urantiacos.cl\/en\/2020\/10\/24\/direccion-de-personas-uc-premio-a-funcionarios-por-sus-anos-de-servicio\/\" \/>\n<meta property=\"og:locale\" content=\"en_US\" \/>\n<meta property=\"og:type\" content=\"article\" \/>\n<meta property=\"og:title\" content=\"Direcci\u00f3n de Personas UC premi\u00f3 a funcionarios por sus a\u00f1os de servicio - Facultad de Arquitectura, Dise\u00f1o y Estudios Urbanos\" \/>\n<meta property=\"og:description\" content=\"En el caso de la Facultad de Arquitectura, Dise\u00f1o y Estudios Urbanos fueron reconocidas las siguientes personas:\" \/>\n<meta property=\"og:url\" content=\"https:\/\/fadeu.urantiacos.cl\/en\/2020\/10\/24\/direccion-de-personas-uc-premio-a-funcionarios-por-sus-anos-de-servicio\/\" \/>\n<meta property=\"og:site_name\" content=\"Facultad de Arquitectura, Dise\u00f1o y Estudios Urbanos\" \/>\n<meta property=\"article:published_time\" content=\"2020-10-24T22:13:00+00:00\" \/>\n<meta property=\"article:modified_time\" content=\"2023-09-09T22:14:58+00:00\" \/>\n<meta property=\"og:image\" content=\"https:\/\/fadeu.urantiacos.cl\/wp-content\/uploads\/2023\/09\/dia_del_funcionario2020.png\" \/>\n\t<meta property=\"og:image:width\" content=\"350\" \/>\n\t<meta property=\"og:image:height\" content=\"250\" \/>\n\t<meta property=\"og:image:type\" content=\"image\/png\" \/>\n<meta name=\"author\" content=\"manadmin\" \/>\n<meta name=\"twitter:card\" content=\"summary_large_image\" \/>\n<meta name=\"twitter:label1\" content=\"Written by\" \/>\n\t<meta name=\"twitter:data1\" content=\"manadmin\" \/>\n\t<meta name=\"twitter:label2\" content=\"Est. reading time\" \/>\n\t<meta name=\"twitter:data2\" content=\"2 minutes\" \/>\n<script type=\"application\/ld+json\" class=\"yoast-schema-graph\">{\"@context\":\"https:\/\/schema.org\",\"@graph\":[{\"@type\":\"Article\",\"@id\":\"https:\/\/fadeu.urantiacos.cl\/en\/2020\/10\/24\/direccion-de-personas-uc-premio-a-funcionarios-por-sus-anos-de-servicio\/#article\",\"isPartOf\":{\"@id\":\"https:\/\/fadeu.urantiacos.cl\/en\/2020\/10\/24\/direccion-de-personas-uc-premio-a-funcionarios-por-sus-anos-de-servicio\/\"},\"author\":{\"name\":\"manadmin\",\"@id\":\"https:\/\/fadeu.urantiacos.cl\/en\/#\/schema\/person\/d203e2e84b1c40275eac77b3061a19a2\"},\"headline\":\"Direcci\u00f3n de Personas UC premi\u00f3 a funcionarios por sus a\u00f1os de servicio\",\"datePublished\":\"2020-10-24T22:13:00+00:00\",\"dateModified\":\"2023-09-09T22:14:58+00:00\",\"mainEntityOfPage\":{\"@id\":\"https:\/\/fadeu.urantiacos.cl\/en\/2020\/10\/24\/direccion-de-personas-uc-premio-a-funcionarios-por-sus-anos-de-servicio\/\"},\"wordCount\":346,\"commentCount\":0,\"image\":{\"@id\":\"https:\/\/fadeu.urantiacos.cl\/en\/2020\/10\/24\/direccion-de-personas-uc-premio-a-funcionarios-por-sus-anos-de-servicio\/#primaryimage\"},\"thumbnailUrl\":\"https:\/\/fadeu.urantiacos.cl\/wp-content\/uploads\/2023\/09\/dia_del_funcionario2020.png\",\"articleSection\":[\"Sin categorizar\"],\"inLanguage\":\"en-US\",\"potentialAction\":[{\"@type\":\"CommentAction\",\"name\":\"Comment\",\"target\":[\"https:\/\/fadeu.urantiacos.cl\/en\/2020\/10\/24\/direccion-de-personas-uc-premio-a-funcionarios-por-sus-anos-de-servicio\/#respond\"]}]},{\"@type\":\"WebPage\",\"@id\":\"https:\/\/fadeu.urantiacos.cl\/en\/2020\/10\/24\/direccion-de-personas-uc-premio-a-funcionarios-por-sus-anos-de-servicio\/\",\"url\":\"https:\/\/fadeu.urantiacos.cl\/en\/2020\/10\/24\/direccion-de-personas-uc-premio-a-funcionarios-por-sus-anos-de-servicio\/\",\"name\":\"Direcci\u00f3n de Personas UC premi\u00f3 a funcionarios por sus a\u00f1os de servicio - Facultad de Arquitectura, Dise\u00f1o y Estudios Urbanos\",\"isPartOf\":{\"@id\":\"https:\/\/fadeu.urantiacos.cl\/en\/#website\"},\"primaryImageOfPage\":{\"@id\":\"https:\/\/fadeu.urantiacos.cl\/en\/2020\/10\/24\/direccion-de-personas-uc-premio-a-funcionarios-por-sus-anos-de-servicio\/#primaryimage\"},\"image\":{\"@id\":\"https:\/\/fadeu.urantiacos.cl\/en\/2020\/10\/24\/direccion-de-personas-uc-premio-a-funcionarios-por-sus-anos-de-servicio\/#primaryimage\"},\"thumbnailUrl\":\"https:\/\/fadeu.urantiacos.cl\/wp-content\/uploads\/2023\/09\/dia_del_funcionario2020.png\",\"datePublished\":\"2020-10-24T22:13:00+00:00\",\"dateModified\":\"2023-09-09T22:14:58+00:00\",\"author\":{\"@id\":\"https:\/\/fadeu.urantiacos.cl\/en\/#\/schema\/person\/d203e2e84b1c40275eac77b3061a19a2\"},\"description\":\"En el caso de la Facultad de Arquitectura, Dise\u00f1o y Estudios Urbanos fueron reconocidas las siguientes personas:\",\"breadcrumb\":{\"@id\":\"https:\/\/fadeu.urantiacos.cl\/en\/2020\/10\/24\/direccion-de-personas-uc-premio-a-funcionarios-por-sus-anos-de-servicio\/#breadcrumb\"},\"inLanguage\":\"en-US\",\"potentialAction\":[{\"@type\":\"ReadAction\",\"target\":[\"https:\/\/fadeu.urantiacos.cl\/en\/2020\/10\/24\/direccion-de-personas-uc-premio-a-funcionarios-por-sus-anos-de-servicio\/\"]}]},{\"@type\":\"ImageObject\",\"inLanguage\":\"en-US\",\"@id\":\"https:\/\/fadeu.urantiacos.cl\/en\/2020\/10\/24\/direccion-de-personas-uc-premio-a-funcionarios-por-sus-anos-de-servicio\/#primaryimage\",\"url\":\"https:\/\/fadeu.urantiacos.cl\/wp-content\/uploads\/2023\/09\/dia_del_funcionario2020.png\",\"contentUrl\":\"https:\/\/fadeu.urantiacos.cl\/wp-content\/uploads\/2023\/09\/dia_del_funcionario2020.png\",\"width\":350,\"height\":250},{\"@type\":\"BreadcrumbList\",\"@id\":\"https:\/\/fadeu.urantiacos.cl\/en\/2020\/10\/24\/direccion-de-personas-uc-premio-a-funcionarios-por-sus-anos-de-servicio\/#breadcrumb\",\"itemListElement\":[{\"@type\":\"ListItem\",\"position\":1,\"name\":\"Portada\",\"item\":\"https:\/\/fadeu.urantiacos.cl\/en\/\"},{\"@type\":\"ListItem\",\"position\":2,\"name\":\"Direcci\u00f3n de Personas UC premi\u00f3 a funcionarios por sus a\u00f1os de servicio\"}]},{\"@type\":\"WebSite\",\"@id\":\"https:\/\/fadeu.urantiacos.cl\/en\/#website\",\"url\":\"https:\/\/fadeu.urantiacos.cl\/en\/\",\"name\":\"Facultad de Arquitectura, Dise\u00f1o y Estudios Urbanos\",\"description\":\"Campus Lo Contador\",\"potentialAction\":[{\"@type\":\"SearchAction\",\"target\":{\"@type\":\"EntryPoint\",\"urlTemplate\":\"https:\/\/fadeu.urantiacos.cl\/en\/?s={search_term_string}\"},\"query-input\":{\"@type\":\"PropertyValueSpecification\",\"valueRequired\":true,\"valueName\":\"search_term_string\"}}],\"inLanguage\":\"en-US\"},{\"@type\":\"Person\",\"@id\":\"https:\/\/fadeu.urantiacos.cl\/en\/#\/schema\/person\/d203e2e84b1c40275eac77b3061a19a2\",\"name\":\"manadmin\",\"image\":{\"@type\":\"ImageObject\",\"inLanguage\":\"en-US\",\"@id\":\"https:\/\/fadeu.urantiacos.cl\/en\/#\/schema\/person\/image\/\",\"url\":\"https:\/\/secure.gravatar.com\/avatar\/4b1d8e3303b4a9d8968ac578947d8bc80d9aea359f388cdd4aac15cadc0e8447?s=96&d=mm&r=g\",\"contentUrl\":\"https:\/\/secure.gravatar.com\/avatar\/4b1d8e3303b4a9d8968ac578947d8bc80d9aea359f388cdd4aac15cadc0e8447?s=96&d=mm&r=g\",\"caption\":\"manadmin\"},\"sameAs\":[\"https:\/\/fadeu.urantiacos.cl\"]}]}<\/script>\n<!-- \/ Yoast SEO plugin. -->","yoast_head_json":{"title":"Direcci\u00f3n de Personas UC premi\u00f3 a funcionarios por sus a\u00f1os de servicio - Facultad de Arquitectura, Dise\u00f1o y Estudios Urbanos","description":"En el caso de la Facultad de Arquitectura, Dise\u00f1o y Estudios Urbanos fueron reconocidas las siguientes personas:","robots":{"index":"index","follow":"follow","max-snippet":"max-snippet:-1","max-image-preview":"max-image-preview:large","max-video-preview":"max-video-preview:-1"},"canonical":"https:\/\/fadeu.urantiacos.cl\/en\/2020\/10\/24\/direccion-de-personas-uc-premio-a-funcionarios-por-sus-anos-de-servicio\/","og_locale":"en_US","og_type":"article","og_title":"Direcci\u00f3n de Personas UC premi\u00f3 a funcionarios por sus a\u00f1os de servicio - Facultad de Arquitectura, Dise\u00f1o y Estudios Urbanos","og_description":"En el caso de la Facultad de Arquitectura, Dise\u00f1o y Estudios Urbanos fueron reconocidas las siguientes personas:","og_url":"https:\/\/fadeu.urantiacos.cl\/en\/2020\/10\/24\/direccion-de-personas-uc-premio-a-funcionarios-por-sus-anos-de-servicio\/","og_site_name":"Facultad de Arquitectura, Dise\u00f1o y Estudios Urbanos","article_published_time":"2020-10-24T22:13:00+00:00","article_modified_time":"2023-09-09T22:14:58+00:00","og_image":[{"width":350,"height":250,"url":"https:\/\/fadeu.urantiacos.cl\/wp-content\/uploads\/2023\/09\/dia_del_funcionario2020.png","type":"image\/png"}],"author":"manadmin","twitter_card":"summary_large_image","twitter_misc":{"Written by":"manadmin","Est. reading time":"2 minutes"},"schema":{"@context":"https:\/\/schema.org","@graph":[{"@type":"Article","@id":"https:\/\/fadeu.urantiacos.cl\/en\/2020\/10\/24\/direccion-de-personas-uc-premio-a-funcionarios-por-sus-anos-de-servicio\/#article","isPartOf":{"@id":"https:\/\/fadeu.urantiacos.cl\/en\/2020\/10\/24\/direccion-de-personas-uc-premio-a-funcionarios-por-sus-anos-de-servicio\/"},"author":{"name":"manadmin","@id":"https:\/\/fadeu.urantiacos.cl\/en\/#\/schema\/person\/d203e2e84b1c40275eac77b3061a19a2"},"headline":"Direcci\u00f3n de Personas UC premi\u00f3 a funcionarios por sus a\u00f1os de servicio","datePublished":"2020-10-24T22:13:00+00:00","dateModified":"2023-09-09T22:14:58+00:00","mainEntityOfPage":{"@id":"https:\/\/fadeu.urantiacos.cl\/en\/2020\/10\/24\/direccion-de-personas-uc-premio-a-funcionarios-por-sus-anos-de-servicio\/"},"wordCount":346,"commentCount":0,"image":{"@id":"https:\/\/fadeu.urantiacos.cl\/en\/2020\/10\/24\/direccion-de-personas-uc-premio-a-funcionarios-por-sus-anos-de-servicio\/#primaryimage"},"thumbnailUrl":"https:\/\/fadeu.urantiacos.cl\/wp-content\/uploads\/2023\/09\/dia_del_funcionario2020.png","articleSection":["Sin categorizar"],"inLanguage":"en-US","potentialAction":[{"@type":"CommentAction","name":"Comment","target":["https:\/\/fadeu.urantiacos.cl\/en\/2020\/10\/24\/direccion-de-personas-uc-premio-a-funcionarios-por-sus-anos-de-servicio\/#respond"]}]},{"@type":"WebPage","@id":"https:\/\/fadeu.urantiacos.cl\/en\/2020\/10\/24\/direccion-de-personas-uc-premio-a-funcionarios-por-sus-anos-de-servicio\/","url":"https:\/\/fadeu.urantiacos.cl\/en\/2020\/10\/24\/direccion-de-personas-uc-premio-a-funcionarios-por-sus-anos-de-servicio\/","name":"Direcci\u00f3n de Personas UC premi\u00f3 a funcionarios por sus a\u00f1os de servicio - Facultad de Arquitectura, Dise\u00f1o y Estudios Urbanos","isPartOf":{"@id":"https:\/\/fadeu.urantiacos.cl\/en\/#website"},"primaryImageOfPage":{"@id":"https:\/\/fadeu.urantiacos.cl\/en\/2020\/10\/24\/direccion-de-personas-uc-premio-a-funcionarios-por-sus-anos-de-servicio\/#primaryimage"},"image":{"@id":"https:\/\/fadeu.urantiacos.cl\/en\/2020\/10\/24\/direccion-de-personas-uc-premio-a-funcionarios-por-sus-anos-de-servicio\/#primaryimage"},"thumbnailUrl":"https:\/\/fadeu.urantiacos.cl\/wp-content\/uploads\/2023\/09\/dia_del_funcionario2020.png","datePublished":"2020-10-24T22:13:00+00:00","dateModified":"2023-09-09T22:14:58+00:00","author":{"@id":"https:\/\/fadeu.urantiacos.cl\/en\/#\/schema\/person\/d203e2e84b1c40275eac77b3061a19a2"},"description":"En el caso de la Facultad de Arquitectura, Dise\u00f1o y Estudios Urbanos fueron reconocidas las siguientes personas:","breadcrumb":{"@id":"https:\/\/fadeu.urantiacos.cl\/en\/2020\/10\/24\/direccion-de-personas-uc-premio-a-funcionarios-por-sus-anos-de-servicio\/#breadcrumb"},"inLanguage":"en-US","potentialAction":[{"@type":"ReadAction","target":["https:\/\/fadeu.urantiacos.cl\/en\/2020\/10\/24\/direccion-de-personas-uc-premio-a-funcionarios-por-sus-anos-de-servicio\/"]}]},{"@type":"ImageObject","inLanguage":"en-US","@id":"https:\/\/fadeu.urantiacos.cl\/en\/2020\/10\/24\/direccion-de-personas-uc-premio-a-funcionarios-por-sus-anos-de-servicio\/#primaryimage","url":"https:\/\/fadeu.urantiacos.cl\/wp-content\/uploads\/2023\/09\/dia_del_funcionario2020.png","contentUrl":"https:\/\/fadeu.urantiacos.cl\/wp-content\/uploads\/2023\/09\/dia_del_funcionario2020.png","width":350,"height":250},{"@type":"BreadcrumbList","@id":"https:\/\/fadeu.urantiacos.cl\/en\/2020\/10\/24\/direccion-de-personas-uc-premio-a-funcionarios-por-sus-anos-de-servicio\/#breadcrumb","itemListElement":[{"@type":"ListItem","position":1,"name":"Portada","item":"https:\/\/fadeu.urantiacos.cl\/en\/"},{"@type":"ListItem","position":2,"name":"Direcci\u00f3n de Personas UC premi\u00f3 a funcionarios por sus a\u00f1os de servicio"}]},{"@type":"WebSite","@id":"https:\/\/fadeu.urantiacos.cl\/en\/#website","url":"https:\/\/fadeu.urantiacos.cl\/en\/","name":"Facultad de Arquitectura, Dise\u00f1o y Estudios Urbanos","description":"Campus Lo Contador","potentialAction":[{"@type":"SearchAction","target":{"@type":"EntryPoint","urlTemplate":"https:\/\/fadeu.urantiacos.cl\/en\/?s={search_term_string}"},"query-input":{"@type":"PropertyValueSpecification","valueRequired":true,"valueName":"search_term_string"}}],"inLanguage":"en-US"},{"@type":"Person","@id":"https:\/\/fadeu.urantiacos.cl\/en\/#\/schema\/person\/d203e2e84b1c40275eac77b3061a19a2","name":"manadmin","image":{"@type":"ImageObject","inLanguage":"en-US","@id":"https:\/\/fadeu.urantiacos.cl\/en\/#\/schema\/person\/image\/","url":"https:\/\/secure.gravatar.com\/avatar\/4b1d8e3303b4a9d8968ac578947d8bc80d9aea359f388cdd4aac15cadc0e8447?s=96&d=mm&r=g","contentUrl":"https:\/\/secure.gravatar.com\/avatar\/4b1d8e3303b4a9d8968ac578947d8bc80d9aea359f388cdd4aac15cadc0e8447?s=96&d=mm&r=g","caption":"manadmin"},"sameAs":["https:\/\/fadeu.urantiacos.cl"]}]}},"_links":{"self":[{"href":"https:\/\/fadeu.urantiacos.cl\/en\/wp-json\/wp\/v2\/posts\/8039","targetHints":{"allow":["GET"]}}],"collection":[{"href":"https:\/\/fadeu.urantiacos.cl\/en\/wp-json\/wp\/v2\/posts"}],"about":[{"href":"https:\/\/fadeu.urantiacos.cl\/en\/wp-json\/wp\/v2\/types\/post"}],"author":[{"embeddable":true,"href":"https:\/\/fadeu.urantiacos.cl\/en\/wp-json\/wp\/v2\/users\/1"}],"replies":[{"embeddable":true,"href":"https:\/\/fadeu.urantiacos.cl\/en\/wp-json\/wp\/v2\/comments?post=8039"}],"version-history":[{"count":1,"href":"https:\/\/fadeu.urantiacos.cl\/en\/wp-json\/wp\/v2\/posts\/8039\/revisions"}],"predecessor-version":[{"id":8041,"href":"https:\/\/fadeu.urantiacos.cl\/en\/wp-json\/wp\/v2\/posts\/8039\/revisions\/8041"}],"wp:featuredmedia":[{"embeddable":true,"href":"https:\/\/fadeu.urantiacos.cl\/en\/wp-json\/wp\/v2\/media\/8040"}],"wp:attachment":[{"href":"https:\/\/fadeu.urantiacos.cl\/en\/wp-json\/wp\/v2\/media?parent=8039"}],"wp:term":[{"taxonomy":"category","embeddable":true,"href":"https:\/\/fadeu.urantiacos.cl\/en\/wp-json\/wp\/v2\/categories?post=8039"},{"taxonomy":"post_tag","embeddable":true,"href":"https:\/\/fadeu.urantiacos.cl\/en\/wp-json\/wp\/v2\/tags?post=8039"}],"curies":[{"name":"wp","href":"https:\/\/api.w.org\/{rel}","templated":true}]}}