{"id":8036,"date":"2020-10-25T19:11:00","date_gmt":"2020-10-25T22:11:00","guid":{"rendered":"https:\/\/fadeu.urantiacos.cl\/?p=8036"},"modified":"2023-09-09T19:13:14","modified_gmt":"2023-09-09T22:13:14","slug":"proyecto-de-beals-lyon-es-seleccionado-para-la-edicion-2020-del-premio-oscar-niemeyer","status":"publish","type":"post","link":"https:\/\/fadeu.urantiacos.cl\/en\/2020\/10\/25\/proyecto-de-beals-lyon-es-seleccionado-para-la-edicion-2020-del-premio-oscar-niemeyer\/","title":{"rendered":"Proyecto de Beals Lyon es seleccionado para la edici\u00f3n 2020 del Premio Oscar Niemeyer"},"content":{"rendered":"\n<figure class=\"wp-block-image size-full\"><img decoding=\"async\" width=\"350\" height=\"250\" src=\"https:\/\/fadeu.urantiacos.cl\/wp-content\/uploads\/2023\/09\/loretolyonalejandrobeals_web.png\" alt=\"\" class=\"wp-image-8037\" srcset=\"https:\/\/fadeu.urantiacos.cl\/wp-content\/uploads\/2023\/09\/loretolyonalejandrobeals_web.png 350w, https:\/\/fadeu.urantiacos.cl\/wp-content\/uploads\/2023\/09\/loretolyonalejandrobeals_web-300x214.png 300w\" sizes=\"(max-width: 350px) 100vw, 350px\" \/><\/figure>\n\n\n\n<p>En esta ocasi\u00f3n, se presentaron un total de 101 proyectos, previamente premiados en las bienales de sus respectivos pa\u00edses. El Comit\u00e9 Internacional de Jurados \u2014compuesto por Diane Gray, Jos\u00e9 Luis Cortes, C\u00e9sar Shundi, Juan Articardi, Isaac Broid y Carlos Bedoya\u2014, defini\u00f3 los 20 proyectos seleccionados que participar\u00e1n en esta edici\u00f3n del premio. El veredicto final se anunciar\u00e1 el 18 de noviembre en la Bienal de Arquitectura de Quito (BAQ) 2020.<\/p>\n\n\n\n<p>El director ejecutivo, Handel Guayasamin, destac\u00f3 que, en esta oportunidad, se demostr\u00f3 \u201cuna arquitectura que ha sido capaz de condensar lo popular y la academia, la tradici\u00f3n y la cultura, actuando siempre en crisis y muchas veces con carencia de recursos, inventando respuestas espaciales y urbanas a los encargos y motivaciones p\u00fablicas o privadas\u201d.<\/p>\n\n\n\n<p>La obra de Lyon y Beals ha sido reconocida tambi\u00e9n con el premio ODA 2020 (<a href=\"http:\/\/arquitectura.uc.cl\/proyectos\/noticias\/4821-profesores-arq-uc-beals-y-lyon-ganan-primer-lugar-del-oda2020.html\" target=\"_blank\" rel=\"noreferrer noopener\">ver nota<\/a>) y en la XI Bienal Iberoamericana de Arquitectura y Urbanismo (<a href=\"http:\/\/arquitectura.uc.cl\/proyectos\/noticias\/4359-obra-de-profesores-arq-uc-fue-premiada-en-la-xi-bienal-iberoamericana-de-arquitectura-y-urbanismo-xi-biau.html\" target=\"_blank\" rel=\"noreferrer noopener\">ver nota<\/a>).<\/p>\n\n\n\n<p>M\u00e1s informaci\u00f3n en el siguiente&nbsp;<a href=\"https:\/\/www.redbaal.org\/premio-oscar-niemeyer-edicion-03\/\" target=\"_blank\" rel=\"noreferrer noopener\">link<\/a><br>Ver proyecto en el siguiente&nbsp;<a href=\"https:\/\/www.plataformaarquitectura.cl\/cl\/920863\/nueva-municipalidad-de-nancagua-beals-lyon-arquitectos\" target=\"_blank\" rel=\"noreferrer noopener\">link<\/a>&nbsp;<\/p>\n\n\n\n<p>Noticias<\/p>\n\n\n\n<p>Contacto:&nbsp;<a href=\"mailto:redesarq@uc.cl\">redesarq@uc.cl<\/a>&nbsp;| +56 2 2354 7747<br>www.arquitectura.uc.cl<\/p>\n","protected":false},"excerpt":{"rendered":"<p>El Edificio Municipal de Nancagua, de la oficina de los profesores ARQ UC Loreto Lyon y Alejandro Beals es uno de los dos proyectos chilenos entre los 20 seleccionados para la tercera edici\u00f3n del Premio Oscar Niemeyer.<\/p>\n","protected":false},"author":1,"featured_media":8037,"comment_status":"open","ping_status":"open","sticky":false,"template":"","format":"standard","meta":{"_acf_changed":false,"footnotes":""},"categories":[1],"tags":[],"class_list":["post-8036","post","type-post","status-publish","format-standard","has-post-thumbnail","hentry","category-sin-categorizar"],"acf":[],"yoast_head":"<!-- This site is optimized with the Yoast SEO plugin v27.1.1 - https:\/\/yoast.com\/product\/yoast-seo-wordpress\/ -->\n<title>Proyecto de Beals Lyon es seleccionado para la edici\u00f3n 2020 del Premio Oscar Niemeyer - Facultad de Arquitectura, Dise\u00f1o y Estudios Urbanos<\/title>\n<meta name=\"description\" content=\"El Edificio Municipal de Nancagua, de la oficina de los profesores ARQ UC Loreto Lyon y Alejandro Beals es uno de los dos proyectos chilenos entre los 20 seleccionados para la tercera edici\u00f3n del Premio Oscar Niemeyer.\" \/>\n<meta name=\"robots\" content=\"index, follow, max-snippet:-1, max-image-preview:large, max-video-preview:-1\" \/>\n<link rel=\"canonical\" href=\"https:\/\/fadeu.urantiacos.cl\/en\/2020\/10\/25\/proyecto-de-beals-lyon-es-seleccionado-para-la-edicion-2020-del-premio-oscar-niemeyer\/\" \/>\n<meta property=\"og:locale\" content=\"en_US\" \/>\n<meta property=\"og:type\" content=\"article\" \/>\n<meta property=\"og:title\" content=\"Proyecto de Beals Lyon es seleccionado para la edici\u00f3n 2020 del Premio Oscar Niemeyer - Facultad de Arquitectura, Dise\u00f1o y Estudios Urbanos\" \/>\n<meta property=\"og:description\" content=\"El Edificio Municipal de Nancagua, de la oficina de los profesores ARQ UC Loreto Lyon y Alejandro Beals es uno de los dos proyectos chilenos entre los 20 seleccionados para la tercera edici\u00f3n del Premio Oscar Niemeyer.\" \/>\n<meta property=\"og:url\" content=\"https:\/\/fadeu.urantiacos.cl\/en\/2020\/10\/25\/proyecto-de-beals-lyon-es-seleccionado-para-la-edicion-2020-del-premio-oscar-niemeyer\/\" \/>\n<meta property=\"og:site_name\" content=\"Facultad de Arquitectura, Dise\u00f1o y Estudios Urbanos\" \/>\n<meta property=\"article:published_time\" content=\"2020-10-25T22:11:00+00:00\" \/>\n<meta property=\"article:modified_time\" content=\"2023-09-09T22:13:14+00:00\" \/>\n<meta property=\"og:image\" content=\"https:\/\/fadeu.urantiacos.cl\/wp-content\/uploads\/2023\/09\/loretolyonalejandrobeals_web.png\" \/>\n\t<meta property=\"og:image:width\" content=\"350\" \/>\n\t<meta property=\"og:image:height\" content=\"250\" \/>\n\t<meta property=\"og:image:type\" content=\"image\/png\" \/>\n<meta name=\"author\" content=\"manadmin\" \/>\n<meta name=\"twitter:card\" content=\"summary_large_image\" \/>\n<meta name=\"twitter:label1\" content=\"Written by\" \/>\n\t<meta name=\"twitter:data1\" content=\"manadmin\" \/>\n\t<meta name=\"twitter:label2\" content=\"Est. reading time\" \/>\n\t<meta name=\"twitter:data2\" content=\"1 minute\" \/>\n<script type=\"application\/ld+json\" class=\"yoast-schema-graph\">{\"@context\":\"https:\/\/schema.org\",\"@graph\":[{\"@type\":\"Article\",\"@id\":\"https:\/\/fadeu.urantiacos.cl\/en\/2020\/10\/25\/proyecto-de-beals-lyon-es-seleccionado-para-la-edicion-2020-del-premio-oscar-niemeyer\/#article\",\"isPartOf\":{\"@id\":\"https:\/\/fadeu.urantiacos.cl\/en\/2020\/10\/25\/proyecto-de-beals-lyon-es-seleccionado-para-la-edicion-2020-del-premio-oscar-niemeyer\/\"},\"author\":{\"name\":\"manadmin\",\"@id\":\"https:\/\/fadeu.urantiacos.cl\/en\/#\/schema\/person\/d203e2e84b1c40275eac77b3061a19a2\"},\"headline\":\"Proyecto de Beals Lyon es seleccionado para la edici\u00f3n 2020 del Premio Oscar Niemeyer\",\"datePublished\":\"2020-10-25T22:11:00+00:00\",\"dateModified\":\"2023-09-09T22:13:14+00:00\",\"mainEntityOfPage\":{\"@id\":\"https:\/\/fadeu.urantiacos.cl\/en\/2020\/10\/25\/proyecto-de-beals-lyon-es-seleccionado-para-la-edicion-2020-del-premio-oscar-niemeyer\/\"},\"wordCount\":198,\"commentCount\":0,\"image\":{\"@id\":\"https:\/\/fadeu.urantiacos.cl\/en\/2020\/10\/25\/proyecto-de-beals-lyon-es-seleccionado-para-la-edicion-2020-del-premio-oscar-niemeyer\/#primaryimage\"},\"thumbnailUrl\":\"https:\/\/fadeu.urantiacos.cl\/wp-content\/uploads\/2023\/09\/loretolyonalejandrobeals_web.png\",\"articleSection\":[\"Sin categorizar\"],\"inLanguage\":\"en-US\",\"potentialAction\":[{\"@type\":\"CommentAction\",\"name\":\"Comment\",\"target\":[\"https:\/\/fadeu.urantiacos.cl\/en\/2020\/10\/25\/proyecto-de-beals-lyon-es-seleccionado-para-la-edicion-2020-del-premio-oscar-niemeyer\/#respond\"]}]},{\"@type\":\"WebPage\",\"@id\":\"https:\/\/fadeu.urantiacos.cl\/en\/2020\/10\/25\/proyecto-de-beals-lyon-es-seleccionado-para-la-edicion-2020-del-premio-oscar-niemeyer\/\",\"url\":\"https:\/\/fadeu.urantiacos.cl\/en\/2020\/10\/25\/proyecto-de-beals-lyon-es-seleccionado-para-la-edicion-2020-del-premio-oscar-niemeyer\/\",\"name\":\"Proyecto de Beals Lyon es seleccionado para la edici\u00f3n 2020 del Premio Oscar Niemeyer - Facultad de Arquitectura, Dise\u00f1o y Estudios Urbanos\",\"isPartOf\":{\"@id\":\"https:\/\/fadeu.urantiacos.cl\/en\/#website\"},\"primaryImageOfPage\":{\"@id\":\"https:\/\/fadeu.urantiacos.cl\/en\/2020\/10\/25\/proyecto-de-beals-lyon-es-seleccionado-para-la-edicion-2020-del-premio-oscar-niemeyer\/#primaryimage\"},\"image\":{\"@id\":\"https:\/\/fadeu.urantiacos.cl\/en\/2020\/10\/25\/proyecto-de-beals-lyon-es-seleccionado-para-la-edicion-2020-del-premio-oscar-niemeyer\/#primaryimage\"},\"thumbnailUrl\":\"https:\/\/fadeu.urantiacos.cl\/wp-content\/uploads\/2023\/09\/loretolyonalejandrobeals_web.png\",\"datePublished\":\"2020-10-25T22:11:00+00:00\",\"dateModified\":\"2023-09-09T22:13:14+00:00\",\"author\":{\"@id\":\"https:\/\/fadeu.urantiacos.cl\/en\/#\/schema\/person\/d203e2e84b1c40275eac77b3061a19a2\"},\"description\":\"El Edificio Municipal de Nancagua, de la oficina de los profesores ARQ UC Loreto Lyon y Alejandro Beals es uno de los dos proyectos chilenos entre los 20 seleccionados para la tercera edici\u00f3n del Premio Oscar Niemeyer.\",\"breadcrumb\":{\"@id\":\"https:\/\/fadeu.urantiacos.cl\/en\/2020\/10\/25\/proyecto-de-beals-lyon-es-seleccionado-para-la-edicion-2020-del-premio-oscar-niemeyer\/#breadcrumb\"},\"inLanguage\":\"en-US\",\"potentialAction\":[{\"@type\":\"ReadAction\",\"target\":[\"https:\/\/fadeu.urantiacos.cl\/en\/2020\/10\/25\/proyecto-de-beals-lyon-es-seleccionado-para-la-edicion-2020-del-premio-oscar-niemeyer\/\"]}]},{\"@type\":\"ImageObject\",\"inLanguage\":\"en-US\",\"@id\":\"https:\/\/fadeu.urantiacos.cl\/en\/2020\/10\/25\/proyecto-de-beals-lyon-es-seleccionado-para-la-edicion-2020-del-premio-oscar-niemeyer\/#primaryimage\",\"url\":\"https:\/\/fadeu.urantiacos.cl\/wp-content\/uploads\/2023\/09\/loretolyonalejandrobeals_web.png\",\"contentUrl\":\"https:\/\/fadeu.urantiacos.cl\/wp-content\/uploads\/2023\/09\/loretolyonalejandrobeals_web.png\",\"width\":350,\"height\":250},{\"@type\":\"BreadcrumbList\",\"@id\":\"https:\/\/fadeu.urantiacos.cl\/en\/2020\/10\/25\/proyecto-de-beals-lyon-es-seleccionado-para-la-edicion-2020-del-premio-oscar-niemeyer\/#breadcrumb\",\"itemListElement\":[{\"@type\":\"ListItem\",\"position\":1,\"name\":\"Portada\",\"item\":\"https:\/\/fadeu.urantiacos.cl\/en\/\"},{\"@type\":\"ListItem\",\"position\":2,\"name\":\"Proyecto de Beals Lyon es seleccionado para la edici\u00f3n 2020 del Premio Oscar Niemeyer\"}]},{\"@type\":\"WebSite\",\"@id\":\"https:\/\/fadeu.urantiacos.cl\/en\/#website\",\"url\":\"https:\/\/fadeu.urantiacos.cl\/en\/\",\"name\":\"Facultad de Arquitectura, Dise\u00f1o y Estudios Urbanos\",\"description\":\"Campus Lo Contador\",\"potentialAction\":[{\"@type\":\"SearchAction\",\"target\":{\"@type\":\"EntryPoint\",\"urlTemplate\":\"https:\/\/fadeu.urantiacos.cl\/en\/?s={search_term_string}\"},\"query-input\":{\"@type\":\"PropertyValueSpecification\",\"valueRequired\":true,\"valueName\":\"search_term_string\"}}],\"inLanguage\":\"en-US\"},{\"@type\":\"Person\",\"@id\":\"https:\/\/fadeu.urantiacos.cl\/en\/#\/schema\/person\/d203e2e84b1c40275eac77b3061a19a2\",\"name\":\"manadmin\",\"image\":{\"@type\":\"ImageObject\",\"inLanguage\":\"en-US\",\"@id\":\"https:\/\/fadeu.urantiacos.cl\/en\/#\/schema\/person\/image\/\",\"url\":\"https:\/\/secure.gravatar.com\/avatar\/4b1d8e3303b4a9d8968ac578947d8bc80d9aea359f388cdd4aac15cadc0e8447?s=96&d=mm&r=g\",\"contentUrl\":\"https:\/\/secure.gravatar.com\/avatar\/4b1d8e3303b4a9d8968ac578947d8bc80d9aea359f388cdd4aac15cadc0e8447?s=96&d=mm&r=g\",\"caption\":\"manadmin\"},\"sameAs\":[\"https:\/\/fadeu.urantiacos.cl\"]}]}<\/script>\n<!-- \/ Yoast SEO plugin. -->","yoast_head_json":{"title":"Proyecto de Beals Lyon es seleccionado para la edici\u00f3n 2020 del Premio Oscar Niemeyer - Facultad de Arquitectura, Dise\u00f1o y Estudios Urbanos","description":"El Edificio Municipal de Nancagua, de la oficina de los profesores ARQ UC Loreto Lyon y Alejandro Beals es uno de los dos proyectos chilenos entre los 20 seleccionados para la tercera edici\u00f3n del Premio Oscar Niemeyer.","robots":{"index":"index","follow":"follow","max-snippet":"max-snippet:-1","max-image-preview":"max-image-preview:large","max-video-preview":"max-video-preview:-1"},"canonical":"https:\/\/fadeu.urantiacos.cl\/en\/2020\/10\/25\/proyecto-de-beals-lyon-es-seleccionado-para-la-edicion-2020-del-premio-oscar-niemeyer\/","og_locale":"en_US","og_type":"article","og_title":"Proyecto de Beals Lyon es seleccionado para la edici\u00f3n 2020 del Premio Oscar Niemeyer - Facultad de Arquitectura, Dise\u00f1o y Estudios Urbanos","og_description":"El Edificio Municipal de Nancagua, de la oficina de los profesores ARQ UC Loreto Lyon y Alejandro Beals es uno de los dos proyectos chilenos entre los 20 seleccionados para la tercera edici\u00f3n del Premio Oscar Niemeyer.","og_url":"https:\/\/fadeu.urantiacos.cl\/en\/2020\/10\/25\/proyecto-de-beals-lyon-es-seleccionado-para-la-edicion-2020-del-premio-oscar-niemeyer\/","og_site_name":"Facultad de Arquitectura, Dise\u00f1o y Estudios Urbanos","article_published_time":"2020-10-25T22:11:00+00:00","article_modified_time":"2023-09-09T22:13:14+00:00","og_image":[{"width":350,"height":250,"url":"https:\/\/fadeu.urantiacos.cl\/wp-content\/uploads\/2023\/09\/loretolyonalejandrobeals_web.png","type":"image\/png"}],"author":"manadmin","twitter_card":"summary_large_image","twitter_misc":{"Written by":"manadmin","Est. reading time":"1 minute"},"schema":{"@context":"https:\/\/schema.org","@graph":[{"@type":"Article","@id":"https:\/\/fadeu.urantiacos.cl\/en\/2020\/10\/25\/proyecto-de-beals-lyon-es-seleccionado-para-la-edicion-2020-del-premio-oscar-niemeyer\/#article","isPartOf":{"@id":"https:\/\/fadeu.urantiacos.cl\/en\/2020\/10\/25\/proyecto-de-beals-lyon-es-seleccionado-para-la-edicion-2020-del-premio-oscar-niemeyer\/"},"author":{"name":"manadmin","@id":"https:\/\/fadeu.urantiacos.cl\/en\/#\/schema\/person\/d203e2e84b1c40275eac77b3061a19a2"},"headline":"Proyecto de Beals Lyon es seleccionado para la edici\u00f3n 2020 del Premio Oscar Niemeyer","datePublished":"2020-10-25T22:11:00+00:00","dateModified":"2023-09-09T22:13:14+00:00","mainEntityOfPage":{"@id":"https:\/\/fadeu.urantiacos.cl\/en\/2020\/10\/25\/proyecto-de-beals-lyon-es-seleccionado-para-la-edicion-2020-del-premio-oscar-niemeyer\/"},"wordCount":198,"commentCount":0,"image":{"@id":"https:\/\/fadeu.urantiacos.cl\/en\/2020\/10\/25\/proyecto-de-beals-lyon-es-seleccionado-para-la-edicion-2020-del-premio-oscar-niemeyer\/#primaryimage"},"thumbnailUrl":"https:\/\/fadeu.urantiacos.cl\/wp-content\/uploads\/2023\/09\/loretolyonalejandrobeals_web.png","articleSection":["Sin categorizar"],"inLanguage":"en-US","potentialAction":[{"@type":"CommentAction","name":"Comment","target":["https:\/\/fadeu.urantiacos.cl\/en\/2020\/10\/25\/proyecto-de-beals-lyon-es-seleccionado-para-la-edicion-2020-del-premio-oscar-niemeyer\/#respond"]}]},{"@type":"WebPage","@id":"https:\/\/fadeu.urantiacos.cl\/en\/2020\/10\/25\/proyecto-de-beals-lyon-es-seleccionado-para-la-edicion-2020-del-premio-oscar-niemeyer\/","url":"https:\/\/fadeu.urantiacos.cl\/en\/2020\/10\/25\/proyecto-de-beals-lyon-es-seleccionado-para-la-edicion-2020-del-premio-oscar-niemeyer\/","name":"Proyecto de Beals Lyon es seleccionado para la edici\u00f3n 2020 del Premio Oscar Niemeyer - Facultad de Arquitectura, Dise\u00f1o y Estudios Urbanos","isPartOf":{"@id":"https:\/\/fadeu.urantiacos.cl\/en\/#website"},"primaryImageOfPage":{"@id":"https:\/\/fadeu.urantiacos.cl\/en\/2020\/10\/25\/proyecto-de-beals-lyon-es-seleccionado-para-la-edicion-2020-del-premio-oscar-niemeyer\/#primaryimage"},"image":{"@id":"https:\/\/fadeu.urantiacos.cl\/en\/2020\/10\/25\/proyecto-de-beals-lyon-es-seleccionado-para-la-edicion-2020-del-premio-oscar-niemeyer\/#primaryimage"},"thumbnailUrl":"https:\/\/fadeu.urantiacos.cl\/wp-content\/uploads\/2023\/09\/loretolyonalejandrobeals_web.png","datePublished":"2020-10-25T22:11:00+00:00","dateModified":"2023-09-09T22:13:14+00:00","author":{"@id":"https:\/\/fadeu.urantiacos.cl\/en\/#\/schema\/person\/d203e2e84b1c40275eac77b3061a19a2"},"description":"El Edificio Municipal de Nancagua, de la oficina de los profesores ARQ UC Loreto Lyon y Alejandro Beals es uno de los dos proyectos chilenos entre los 20 seleccionados para la tercera edici\u00f3n del Premio Oscar Niemeyer.","breadcrumb":{"@id":"https:\/\/fadeu.urantiacos.cl\/en\/2020\/10\/25\/proyecto-de-beals-lyon-es-seleccionado-para-la-edicion-2020-del-premio-oscar-niemeyer\/#breadcrumb"},"inLanguage":"en-US","potentialAction":[{"@type":"ReadAction","target":["https:\/\/fadeu.urantiacos.cl\/en\/2020\/10\/25\/proyecto-de-beals-lyon-es-seleccionado-para-la-edicion-2020-del-premio-oscar-niemeyer\/"]}]},{"@type":"ImageObject","inLanguage":"en-US","@id":"https:\/\/fadeu.urantiacos.cl\/en\/2020\/10\/25\/proyecto-de-beals-lyon-es-seleccionado-para-la-edicion-2020-del-premio-oscar-niemeyer\/#primaryimage","url":"https:\/\/fadeu.urantiacos.cl\/wp-content\/uploads\/2023\/09\/loretolyonalejandrobeals_web.png","contentUrl":"https:\/\/fadeu.urantiacos.cl\/wp-content\/uploads\/2023\/09\/loretolyonalejandrobeals_web.png","width":350,"height":250},{"@type":"BreadcrumbList","@id":"https:\/\/fadeu.urantiacos.cl\/en\/2020\/10\/25\/proyecto-de-beals-lyon-es-seleccionado-para-la-edicion-2020-del-premio-oscar-niemeyer\/#breadcrumb","itemListElement":[{"@type":"ListItem","position":1,"name":"Portada","item":"https:\/\/fadeu.urantiacos.cl\/en\/"},{"@type":"ListItem","position":2,"name":"Proyecto de Beals Lyon es seleccionado para la edici\u00f3n 2020 del Premio Oscar Niemeyer"}]},{"@type":"WebSite","@id":"https:\/\/fadeu.urantiacos.cl\/en\/#website","url":"https:\/\/fadeu.urantiacos.cl\/en\/","name":"Facultad de Arquitectura, Dise\u00f1o y Estudios Urbanos","description":"Campus Lo Contador","potentialAction":[{"@type":"SearchAction","target":{"@type":"EntryPoint","urlTemplate":"https:\/\/fadeu.urantiacos.cl\/en\/?s={search_term_string}"},"query-input":{"@type":"PropertyValueSpecification","valueRequired":true,"valueName":"search_term_string"}}],"inLanguage":"en-US"},{"@type":"Person","@id":"https:\/\/fadeu.urantiacos.cl\/en\/#\/schema\/person\/d203e2e84b1c40275eac77b3061a19a2","name":"manadmin","image":{"@type":"ImageObject","inLanguage":"en-US","@id":"https:\/\/fadeu.urantiacos.cl\/en\/#\/schema\/person\/image\/","url":"https:\/\/secure.gravatar.com\/avatar\/4b1d8e3303b4a9d8968ac578947d8bc80d9aea359f388cdd4aac15cadc0e8447?s=96&d=mm&r=g","contentUrl":"https:\/\/secure.gravatar.com\/avatar\/4b1d8e3303b4a9d8968ac578947d8bc80d9aea359f388cdd4aac15cadc0e8447?s=96&d=mm&r=g","caption":"manadmin"},"sameAs":["https:\/\/fadeu.urantiacos.cl"]}]}},"_links":{"self":[{"href":"https:\/\/fadeu.urantiacos.cl\/en\/wp-json\/wp\/v2\/posts\/8036","targetHints":{"allow":["GET"]}}],"collection":[{"href":"https:\/\/fadeu.urantiacos.cl\/en\/wp-json\/wp\/v2\/posts"}],"about":[{"href":"https:\/\/fadeu.urantiacos.cl\/en\/wp-json\/wp\/v2\/types\/post"}],"author":[{"embeddable":true,"href":"https:\/\/fadeu.urantiacos.cl\/en\/wp-json\/wp\/v2\/users\/1"}],"replies":[{"embeddable":true,"href":"https:\/\/fadeu.urantiacos.cl\/en\/wp-json\/wp\/v2\/comments?post=8036"}],"version-history":[{"count":1,"href":"https:\/\/fadeu.urantiacos.cl\/en\/wp-json\/wp\/v2\/posts\/8036\/revisions"}],"predecessor-version":[{"id":8038,"href":"https:\/\/fadeu.urantiacos.cl\/en\/wp-json\/wp\/v2\/posts\/8036\/revisions\/8038"}],"wp:featuredmedia":[{"embeddable":true,"href":"https:\/\/fadeu.urantiacos.cl\/en\/wp-json\/wp\/v2\/media\/8037"}],"wp:attachment":[{"href":"https:\/\/fadeu.urantiacos.cl\/en\/wp-json\/wp\/v2\/media?parent=8036"}],"wp:term":[{"taxonomy":"category","embeddable":true,"href":"https:\/\/fadeu.urantiacos.cl\/en\/wp-json\/wp\/v2\/categories?post=8036"},{"taxonomy":"post_tag","embeddable":true,"href":"https:\/\/fadeu.urantiacos.cl\/en\/wp-json\/wp\/v2\/tags?post=8036"}],"curies":[{"name":"wp","href":"https:\/\/api.w.org\/{rel}","templated":true}]}}