{"id":8021,"date":"2020-10-26T18:48:00","date_gmt":"2020-10-26T21:48:00","guid":{"rendered":"https:\/\/fadeu.urantiacos.cl\/?p=8021"},"modified":"2023-09-09T18:49:47","modified_gmt":"2023-09-09T21:49:47","slug":"profesor-german-hidalgo-expuso-en-el-8-simposio-iberoamericano-de-historia-de-la-cartografia","status":"publish","type":"post","link":"https:\/\/fadeu.urantiacos.cl\/en\/2020\/10\/26\/profesor-german-hidalgo-expuso-en-el-8-simposio-iberoamericano-de-historia-de-la-cartografia\/","title":{"rendered":"Profesor Germ\u00e1n Hidalgo expuso en el 8\u00b0 Simposio Iberoamericano de Historia de la Cartograf\u00eda"},"content":{"rendered":"\n<figure class=\"wp-block-image size-full\"><img decoding=\"async\" width=\"350\" height=\"250\" src=\"https:\/\/fadeu.urantiacos.cl\/wp-content\/uploads\/2023\/09\/simposio_iberoamericano-hidalgo_web.jpg\" alt=\"\" class=\"wp-image-8022\" srcset=\"https:\/\/fadeu.urantiacos.cl\/wp-content\/uploads\/2023\/09\/simposio_iberoamericano-hidalgo_web.jpg 350w, https:\/\/fadeu.urantiacos.cl\/wp-content\/uploads\/2023\/09\/simposio_iberoamericano-hidalgo_web-300x214.jpg 300w\" sizes=\"(max-width: 350px) 100vw, 350px\" \/><\/figure>\n\n\n\n<p>La ponencia se titul\u00f3 \u201cSantiago de Chile en 1875: un plano, una ciudad transformada y una exposici\u00f3n internacional\u201d, representando al equipo de investigaci\u00f3n del proyecto Fondecyt N\u00b0 1191393 \u201cSantiago 1875. Desmontando el plano de Ernesto Ansart y el plan de transformaci\u00f3n de Benjam\u00edn Vicu\u00f1a Mackenna: entre la modernizaci\u00f3n de la ciudad capital y el emergente urbanismo residencial\u201d 2019-2021.<\/p>\n\n\n\n<p>El investigador responsable de este proyecto es el propio profesor Germ\u00e1n Hidalgo, los coinvestigadores son los profesores Jos\u00e9 Rosas, Wren Strabucchi, Macarena Ibarra; y los ayudantes son Germ\u00e1n Guzm\u00e1n y Magdalena Montalban. A todos ellos se suma la colaboraci\u00f3n internacional del profesor Arturo Almandoz.<\/p>\n","protected":false},"excerpt":{"rendered":"<p>El pasado mi\u00e9rcoles 21 de octubre, el profesor de la escuela de Arquitectura, Germ\u00e1n Hidalgo, expuso en el 8\u00b0 Simposio Iberoamericano de Historia de la Cartograf\u00eda, originalmente programado para mayo de este a\u00f1o en Barcelona, pero finalmente realizado de manera remota por las condiciones actuales a las que obliga la pandemia por COVID-19.<\/p>\n","protected":false},"author":1,"featured_media":8022,"comment_status":"open","ping_status":"open","sticky":false,"template":"","format":"standard","meta":{"_acf_changed":false,"footnotes":""},"categories":[1],"tags":[],"class_list":["post-8021","post","type-post","status-publish","format-standard","has-post-thumbnail","hentry","category-sin-categorizar"],"acf":[],"yoast_head":"<!-- This site is optimized with the Yoast SEO plugin v27.1.1 - https:\/\/yoast.com\/product\/yoast-seo-wordpress\/ -->\n<title>Profesor Germ\u00e1n Hidalgo expuso en el 8\u00b0 Simposio Iberoamericano de Historia de la Cartograf\u00eda - Facultad de Arquitectura, Dise\u00f1o y Estudios Urbanos<\/title>\n<meta name=\"description\" content=\"El pasado mi\u00e9rcoles 21 de octubre, el profesor de la escuela de Arquitectura, Germ\u00e1n Hidalgo, expuso en el 8\u00b0 Simposio Iberoamericano de Historia de la Cartograf\u00eda, originalmente programado para mayo de este a\u00f1o en Barcelona, pero finalmente realizado de manera remota por las condiciones actuales a las que obliga la pandemia por COVID-19.\" \/>\n<meta name=\"robots\" content=\"index, follow, max-snippet:-1, max-image-preview:large, max-video-preview:-1\" \/>\n<link rel=\"canonical\" href=\"https:\/\/fadeu.urantiacos.cl\/en\/2020\/10\/26\/profesor-german-hidalgo-expuso-en-el-8-simposio-iberoamericano-de-historia-de-la-cartografia\/\" \/>\n<meta property=\"og:locale\" content=\"en_US\" \/>\n<meta property=\"og:type\" content=\"article\" \/>\n<meta property=\"og:title\" content=\"Profesor Germ\u00e1n Hidalgo expuso en el 8\u00b0 Simposio Iberoamericano de Historia de la Cartograf\u00eda - Facultad de Arquitectura, Dise\u00f1o y Estudios Urbanos\" \/>\n<meta property=\"og:description\" content=\"El pasado mi\u00e9rcoles 21 de octubre, el profesor de la escuela de Arquitectura, Germ\u00e1n Hidalgo, expuso en el 8\u00b0 Simposio Iberoamericano de Historia de la Cartograf\u00eda, originalmente programado para mayo de este a\u00f1o en Barcelona, pero finalmente realizado de manera remota por las condiciones actuales a las que obliga la pandemia por COVID-19.\" \/>\n<meta property=\"og:url\" content=\"https:\/\/fadeu.urantiacos.cl\/en\/2020\/10\/26\/profesor-german-hidalgo-expuso-en-el-8-simposio-iberoamericano-de-historia-de-la-cartografia\/\" \/>\n<meta property=\"og:site_name\" content=\"Facultad de Arquitectura, Dise\u00f1o y Estudios Urbanos\" \/>\n<meta property=\"article:published_time\" content=\"2020-10-26T21:48:00+00:00\" \/>\n<meta property=\"article:modified_time\" content=\"2023-09-09T21:49:47+00:00\" \/>\n<meta property=\"og:image\" content=\"https:\/\/fadeu.urantiacos.cl\/wp-content\/uploads\/2023\/09\/simposio_iberoamericano-hidalgo_web.jpg\" \/>\n\t<meta property=\"og:image:width\" content=\"350\" \/>\n\t<meta property=\"og:image:height\" content=\"250\" \/>\n\t<meta property=\"og:image:type\" content=\"image\/jpeg\" \/>\n<meta name=\"author\" content=\"manadmin\" \/>\n<meta name=\"twitter:card\" content=\"summary_large_image\" \/>\n<meta name=\"twitter:label1\" content=\"Written by\" \/>\n\t<meta name=\"twitter:data1\" content=\"manadmin\" \/>\n\t<meta name=\"twitter:label2\" content=\"Est. reading time\" \/>\n\t<meta name=\"twitter:data2\" content=\"1 minute\" \/>\n<script type=\"application\/ld+json\" class=\"yoast-schema-graph\">{\"@context\":\"https:\/\/schema.org\",\"@graph\":[{\"@type\":\"Article\",\"@id\":\"https:\/\/fadeu.urantiacos.cl\/en\/2020\/10\/26\/profesor-german-hidalgo-expuso-en-el-8-simposio-iberoamericano-de-historia-de-la-cartografia\/#article\",\"isPartOf\":{\"@id\":\"https:\/\/fadeu.urantiacos.cl\/en\/2020\/10\/26\/profesor-german-hidalgo-expuso-en-el-8-simposio-iberoamericano-de-historia-de-la-cartografia\/\"},\"author\":{\"name\":\"manadmin\",\"@id\":\"https:\/\/fadeu.urantiacos.cl\/en\/#\/schema\/person\/d203e2e84b1c40275eac77b3061a19a2\"},\"headline\":\"Profesor Germ\u00e1n Hidalgo expuso en el 8\u00b0 Simposio Iberoamericano de Historia de la Cartograf\u00eda\",\"datePublished\":\"2020-10-26T21:48:00+00:00\",\"dateModified\":\"2023-09-09T21:49:47+00:00\",\"mainEntityOfPage\":{\"@id\":\"https:\/\/fadeu.urantiacos.cl\/en\/2020\/10\/26\/profesor-german-hidalgo-expuso-en-el-8-simposio-iberoamericano-de-historia-de-la-cartografia\/\"},\"wordCount\":124,\"commentCount\":0,\"image\":{\"@id\":\"https:\/\/fadeu.urantiacos.cl\/en\/2020\/10\/26\/profesor-german-hidalgo-expuso-en-el-8-simposio-iberoamericano-de-historia-de-la-cartografia\/#primaryimage\"},\"thumbnailUrl\":\"https:\/\/fadeu.urantiacos.cl\/wp-content\/uploads\/2023\/09\/simposio_iberoamericano-hidalgo_web.jpg\",\"articleSection\":[\"Sin categorizar\"],\"inLanguage\":\"en-US\",\"potentialAction\":[{\"@type\":\"CommentAction\",\"name\":\"Comment\",\"target\":[\"https:\/\/fadeu.urantiacos.cl\/en\/2020\/10\/26\/profesor-german-hidalgo-expuso-en-el-8-simposio-iberoamericano-de-historia-de-la-cartografia\/#respond\"]}]},{\"@type\":\"WebPage\",\"@id\":\"https:\/\/fadeu.urantiacos.cl\/en\/2020\/10\/26\/profesor-german-hidalgo-expuso-en-el-8-simposio-iberoamericano-de-historia-de-la-cartografia\/\",\"url\":\"https:\/\/fadeu.urantiacos.cl\/en\/2020\/10\/26\/profesor-german-hidalgo-expuso-en-el-8-simposio-iberoamericano-de-historia-de-la-cartografia\/\",\"name\":\"Profesor Germ\u00e1n Hidalgo expuso en el 8\u00b0 Simposio Iberoamericano de Historia de la Cartograf\u00eda - Facultad de Arquitectura, Dise\u00f1o y Estudios Urbanos\",\"isPartOf\":{\"@id\":\"https:\/\/fadeu.urantiacos.cl\/en\/#website\"},\"primaryImageOfPage\":{\"@id\":\"https:\/\/fadeu.urantiacos.cl\/en\/2020\/10\/26\/profesor-german-hidalgo-expuso-en-el-8-simposio-iberoamericano-de-historia-de-la-cartografia\/#primaryimage\"},\"image\":{\"@id\":\"https:\/\/fadeu.urantiacos.cl\/en\/2020\/10\/26\/profesor-german-hidalgo-expuso-en-el-8-simposio-iberoamericano-de-historia-de-la-cartografia\/#primaryimage\"},\"thumbnailUrl\":\"https:\/\/fadeu.urantiacos.cl\/wp-content\/uploads\/2023\/09\/simposio_iberoamericano-hidalgo_web.jpg\",\"datePublished\":\"2020-10-26T21:48:00+00:00\",\"dateModified\":\"2023-09-09T21:49:47+00:00\",\"author\":{\"@id\":\"https:\/\/fadeu.urantiacos.cl\/en\/#\/schema\/person\/d203e2e84b1c40275eac77b3061a19a2\"},\"description\":\"El pasado mi\u00e9rcoles 21 de octubre, el profesor de la escuela de Arquitectura, Germ\u00e1n Hidalgo, expuso en el 8\u00b0 Simposio Iberoamericano de Historia de la Cartograf\u00eda, originalmente programado para mayo de este a\u00f1o en Barcelona, pero finalmente realizado de manera remota por las condiciones actuales a las que obliga la pandemia por COVID-19.\",\"breadcrumb\":{\"@id\":\"https:\/\/fadeu.urantiacos.cl\/en\/2020\/10\/26\/profesor-german-hidalgo-expuso-en-el-8-simposio-iberoamericano-de-historia-de-la-cartografia\/#breadcrumb\"},\"inLanguage\":\"en-US\",\"potentialAction\":[{\"@type\":\"ReadAction\",\"target\":[\"https:\/\/fadeu.urantiacos.cl\/en\/2020\/10\/26\/profesor-german-hidalgo-expuso-en-el-8-simposio-iberoamericano-de-historia-de-la-cartografia\/\"]}]},{\"@type\":\"ImageObject\",\"inLanguage\":\"en-US\",\"@id\":\"https:\/\/fadeu.urantiacos.cl\/en\/2020\/10\/26\/profesor-german-hidalgo-expuso-en-el-8-simposio-iberoamericano-de-historia-de-la-cartografia\/#primaryimage\",\"url\":\"https:\/\/fadeu.urantiacos.cl\/wp-content\/uploads\/2023\/09\/simposio_iberoamericano-hidalgo_web.jpg\",\"contentUrl\":\"https:\/\/fadeu.urantiacos.cl\/wp-content\/uploads\/2023\/09\/simposio_iberoamericano-hidalgo_web.jpg\",\"width\":350,\"height\":250},{\"@type\":\"BreadcrumbList\",\"@id\":\"https:\/\/fadeu.urantiacos.cl\/en\/2020\/10\/26\/profesor-german-hidalgo-expuso-en-el-8-simposio-iberoamericano-de-historia-de-la-cartografia\/#breadcrumb\",\"itemListElement\":[{\"@type\":\"ListItem\",\"position\":1,\"name\":\"Portada\",\"item\":\"https:\/\/fadeu.urantiacos.cl\/en\/\"},{\"@type\":\"ListItem\",\"position\":2,\"name\":\"Profesor Germ\u00e1n Hidalgo expuso en el 8\u00b0 Simposio Iberoamericano de Historia de la Cartograf\u00eda\"}]},{\"@type\":\"WebSite\",\"@id\":\"https:\/\/fadeu.urantiacos.cl\/en\/#website\",\"url\":\"https:\/\/fadeu.urantiacos.cl\/en\/\",\"name\":\"Facultad de Arquitectura, Dise\u00f1o y Estudios Urbanos\",\"description\":\"Campus Lo Contador\",\"potentialAction\":[{\"@type\":\"SearchAction\",\"target\":{\"@type\":\"EntryPoint\",\"urlTemplate\":\"https:\/\/fadeu.urantiacos.cl\/en\/?s={search_term_string}\"},\"query-input\":{\"@type\":\"PropertyValueSpecification\",\"valueRequired\":true,\"valueName\":\"search_term_string\"}}],\"inLanguage\":\"en-US\"},{\"@type\":\"Person\",\"@id\":\"https:\/\/fadeu.urantiacos.cl\/en\/#\/schema\/person\/d203e2e84b1c40275eac77b3061a19a2\",\"name\":\"manadmin\",\"image\":{\"@type\":\"ImageObject\",\"inLanguage\":\"en-US\",\"@id\":\"https:\/\/fadeu.urantiacos.cl\/en\/#\/schema\/person\/image\/\",\"url\":\"https:\/\/secure.gravatar.com\/avatar\/4b1d8e3303b4a9d8968ac578947d8bc80d9aea359f388cdd4aac15cadc0e8447?s=96&d=mm&r=g\",\"contentUrl\":\"https:\/\/secure.gravatar.com\/avatar\/4b1d8e3303b4a9d8968ac578947d8bc80d9aea359f388cdd4aac15cadc0e8447?s=96&d=mm&r=g\",\"caption\":\"manadmin\"},\"sameAs\":[\"https:\/\/fadeu.urantiacos.cl\"]}]}<\/script>\n<!-- \/ Yoast SEO plugin. -->","yoast_head_json":{"title":"Profesor Germ\u00e1n Hidalgo expuso en el 8\u00b0 Simposio Iberoamericano de Historia de la Cartograf\u00eda - Facultad de Arquitectura, Dise\u00f1o y Estudios Urbanos","description":"El pasado mi\u00e9rcoles 21 de octubre, el profesor de la escuela de Arquitectura, Germ\u00e1n Hidalgo, expuso en el 8\u00b0 Simposio Iberoamericano de Historia de la Cartograf\u00eda, originalmente programado para mayo de este a\u00f1o en Barcelona, pero finalmente realizado de manera remota por las condiciones actuales a las que obliga la pandemia por COVID-19.","robots":{"index":"index","follow":"follow","max-snippet":"max-snippet:-1","max-image-preview":"max-image-preview:large","max-video-preview":"max-video-preview:-1"},"canonical":"https:\/\/fadeu.urantiacos.cl\/en\/2020\/10\/26\/profesor-german-hidalgo-expuso-en-el-8-simposio-iberoamericano-de-historia-de-la-cartografia\/","og_locale":"en_US","og_type":"article","og_title":"Profesor Germ\u00e1n Hidalgo expuso en el 8\u00b0 Simposio Iberoamericano de Historia de la Cartograf\u00eda - Facultad de Arquitectura, Dise\u00f1o y Estudios Urbanos","og_description":"El pasado mi\u00e9rcoles 21 de octubre, el profesor de la escuela de Arquitectura, Germ\u00e1n Hidalgo, expuso en el 8\u00b0 Simposio Iberoamericano de Historia de la Cartograf\u00eda, originalmente programado para mayo de este a\u00f1o en Barcelona, pero finalmente realizado de manera remota por las condiciones actuales a las que obliga la pandemia por COVID-19.","og_url":"https:\/\/fadeu.urantiacos.cl\/en\/2020\/10\/26\/profesor-german-hidalgo-expuso-en-el-8-simposio-iberoamericano-de-historia-de-la-cartografia\/","og_site_name":"Facultad de Arquitectura, Dise\u00f1o y Estudios Urbanos","article_published_time":"2020-10-26T21:48:00+00:00","article_modified_time":"2023-09-09T21:49:47+00:00","og_image":[{"width":350,"height":250,"url":"https:\/\/fadeu.urantiacos.cl\/wp-content\/uploads\/2023\/09\/simposio_iberoamericano-hidalgo_web.jpg","type":"image\/jpeg"}],"author":"manadmin","twitter_card":"summary_large_image","twitter_misc":{"Written by":"manadmin","Est. reading time":"1 minute"},"schema":{"@context":"https:\/\/schema.org","@graph":[{"@type":"Article","@id":"https:\/\/fadeu.urantiacos.cl\/en\/2020\/10\/26\/profesor-german-hidalgo-expuso-en-el-8-simposio-iberoamericano-de-historia-de-la-cartografia\/#article","isPartOf":{"@id":"https:\/\/fadeu.urantiacos.cl\/en\/2020\/10\/26\/profesor-german-hidalgo-expuso-en-el-8-simposio-iberoamericano-de-historia-de-la-cartografia\/"},"author":{"name":"manadmin","@id":"https:\/\/fadeu.urantiacos.cl\/en\/#\/schema\/person\/d203e2e84b1c40275eac77b3061a19a2"},"headline":"Profesor Germ\u00e1n Hidalgo expuso en el 8\u00b0 Simposio Iberoamericano de Historia de la Cartograf\u00eda","datePublished":"2020-10-26T21:48:00+00:00","dateModified":"2023-09-09T21:49:47+00:00","mainEntityOfPage":{"@id":"https:\/\/fadeu.urantiacos.cl\/en\/2020\/10\/26\/profesor-german-hidalgo-expuso-en-el-8-simposio-iberoamericano-de-historia-de-la-cartografia\/"},"wordCount":124,"commentCount":0,"image":{"@id":"https:\/\/fadeu.urantiacos.cl\/en\/2020\/10\/26\/profesor-german-hidalgo-expuso-en-el-8-simposio-iberoamericano-de-historia-de-la-cartografia\/#primaryimage"},"thumbnailUrl":"https:\/\/fadeu.urantiacos.cl\/wp-content\/uploads\/2023\/09\/simposio_iberoamericano-hidalgo_web.jpg","articleSection":["Sin categorizar"],"inLanguage":"en-US","potentialAction":[{"@type":"CommentAction","name":"Comment","target":["https:\/\/fadeu.urantiacos.cl\/en\/2020\/10\/26\/profesor-german-hidalgo-expuso-en-el-8-simposio-iberoamericano-de-historia-de-la-cartografia\/#respond"]}]},{"@type":"WebPage","@id":"https:\/\/fadeu.urantiacos.cl\/en\/2020\/10\/26\/profesor-german-hidalgo-expuso-en-el-8-simposio-iberoamericano-de-historia-de-la-cartografia\/","url":"https:\/\/fadeu.urantiacos.cl\/en\/2020\/10\/26\/profesor-german-hidalgo-expuso-en-el-8-simposio-iberoamericano-de-historia-de-la-cartografia\/","name":"Profesor Germ\u00e1n Hidalgo expuso en el 8\u00b0 Simposio Iberoamericano de Historia de la Cartograf\u00eda - Facultad de Arquitectura, Dise\u00f1o y Estudios Urbanos","isPartOf":{"@id":"https:\/\/fadeu.urantiacos.cl\/en\/#website"},"primaryImageOfPage":{"@id":"https:\/\/fadeu.urantiacos.cl\/en\/2020\/10\/26\/profesor-german-hidalgo-expuso-en-el-8-simposio-iberoamericano-de-historia-de-la-cartografia\/#primaryimage"},"image":{"@id":"https:\/\/fadeu.urantiacos.cl\/en\/2020\/10\/26\/profesor-german-hidalgo-expuso-en-el-8-simposio-iberoamericano-de-historia-de-la-cartografia\/#primaryimage"},"thumbnailUrl":"https:\/\/fadeu.urantiacos.cl\/wp-content\/uploads\/2023\/09\/simposio_iberoamericano-hidalgo_web.jpg","datePublished":"2020-10-26T21:48:00+00:00","dateModified":"2023-09-09T21:49:47+00:00","author":{"@id":"https:\/\/fadeu.urantiacos.cl\/en\/#\/schema\/person\/d203e2e84b1c40275eac77b3061a19a2"},"description":"El pasado mi\u00e9rcoles 21 de octubre, el profesor de la escuela de Arquitectura, Germ\u00e1n Hidalgo, expuso en el 8\u00b0 Simposio Iberoamericano de Historia de la Cartograf\u00eda, originalmente programado para mayo de este a\u00f1o en Barcelona, pero finalmente realizado de manera remota por las condiciones actuales a las que obliga la pandemia por COVID-19.","breadcrumb":{"@id":"https:\/\/fadeu.urantiacos.cl\/en\/2020\/10\/26\/profesor-german-hidalgo-expuso-en-el-8-simposio-iberoamericano-de-historia-de-la-cartografia\/#breadcrumb"},"inLanguage":"en-US","potentialAction":[{"@type":"ReadAction","target":["https:\/\/fadeu.urantiacos.cl\/en\/2020\/10\/26\/profesor-german-hidalgo-expuso-en-el-8-simposio-iberoamericano-de-historia-de-la-cartografia\/"]}]},{"@type":"ImageObject","inLanguage":"en-US","@id":"https:\/\/fadeu.urantiacos.cl\/en\/2020\/10\/26\/profesor-german-hidalgo-expuso-en-el-8-simposio-iberoamericano-de-historia-de-la-cartografia\/#primaryimage","url":"https:\/\/fadeu.urantiacos.cl\/wp-content\/uploads\/2023\/09\/simposio_iberoamericano-hidalgo_web.jpg","contentUrl":"https:\/\/fadeu.urantiacos.cl\/wp-content\/uploads\/2023\/09\/simposio_iberoamericano-hidalgo_web.jpg","width":350,"height":250},{"@type":"BreadcrumbList","@id":"https:\/\/fadeu.urantiacos.cl\/en\/2020\/10\/26\/profesor-german-hidalgo-expuso-en-el-8-simposio-iberoamericano-de-historia-de-la-cartografia\/#breadcrumb","itemListElement":[{"@type":"ListItem","position":1,"name":"Portada","item":"https:\/\/fadeu.urantiacos.cl\/en\/"},{"@type":"ListItem","position":2,"name":"Profesor Germ\u00e1n Hidalgo expuso en el 8\u00b0 Simposio Iberoamericano de Historia de la Cartograf\u00eda"}]},{"@type":"WebSite","@id":"https:\/\/fadeu.urantiacos.cl\/en\/#website","url":"https:\/\/fadeu.urantiacos.cl\/en\/","name":"Facultad de Arquitectura, Dise\u00f1o y Estudios Urbanos","description":"Campus Lo Contador","potentialAction":[{"@type":"SearchAction","target":{"@type":"EntryPoint","urlTemplate":"https:\/\/fadeu.urantiacos.cl\/en\/?s={search_term_string}"},"query-input":{"@type":"PropertyValueSpecification","valueRequired":true,"valueName":"search_term_string"}}],"inLanguage":"en-US"},{"@type":"Person","@id":"https:\/\/fadeu.urantiacos.cl\/en\/#\/schema\/person\/d203e2e84b1c40275eac77b3061a19a2","name":"manadmin","image":{"@type":"ImageObject","inLanguage":"en-US","@id":"https:\/\/fadeu.urantiacos.cl\/en\/#\/schema\/person\/image\/","url":"https:\/\/secure.gravatar.com\/avatar\/4b1d8e3303b4a9d8968ac578947d8bc80d9aea359f388cdd4aac15cadc0e8447?s=96&d=mm&r=g","contentUrl":"https:\/\/secure.gravatar.com\/avatar\/4b1d8e3303b4a9d8968ac578947d8bc80d9aea359f388cdd4aac15cadc0e8447?s=96&d=mm&r=g","caption":"manadmin"},"sameAs":["https:\/\/fadeu.urantiacos.cl"]}]}},"_links":{"self":[{"href":"https:\/\/fadeu.urantiacos.cl\/en\/wp-json\/wp\/v2\/posts\/8021","targetHints":{"allow":["GET"]}}],"collection":[{"href":"https:\/\/fadeu.urantiacos.cl\/en\/wp-json\/wp\/v2\/posts"}],"about":[{"href":"https:\/\/fadeu.urantiacos.cl\/en\/wp-json\/wp\/v2\/types\/post"}],"author":[{"embeddable":true,"href":"https:\/\/fadeu.urantiacos.cl\/en\/wp-json\/wp\/v2\/users\/1"}],"replies":[{"embeddable":true,"href":"https:\/\/fadeu.urantiacos.cl\/en\/wp-json\/wp\/v2\/comments?post=8021"}],"version-history":[{"count":1,"href":"https:\/\/fadeu.urantiacos.cl\/en\/wp-json\/wp\/v2\/posts\/8021\/revisions"}],"predecessor-version":[{"id":8023,"href":"https:\/\/fadeu.urantiacos.cl\/en\/wp-json\/wp\/v2\/posts\/8021\/revisions\/8023"}],"wp:featuredmedia":[{"embeddable":true,"href":"https:\/\/fadeu.urantiacos.cl\/en\/wp-json\/wp\/v2\/media\/8022"}],"wp:attachment":[{"href":"https:\/\/fadeu.urantiacos.cl\/en\/wp-json\/wp\/v2\/media?parent=8021"}],"wp:term":[{"taxonomy":"category","embeddable":true,"href":"https:\/\/fadeu.urantiacos.cl\/en\/wp-json\/wp\/v2\/categories?post=8021"},{"taxonomy":"post_tag","embeddable":true,"href":"https:\/\/fadeu.urantiacos.cl\/en\/wp-json\/wp\/v2\/tags?post=8021"}],"curies":[{"name":"wp","href":"https:\/\/api.w.org\/{rel}","templated":true}]}}