{"id":8009,"date":"2020-10-26T18:40:00","date_gmt":"2020-10-26T21:40:00","guid":{"rendered":"https:\/\/fadeu.urantiacos.cl\/?p=8009"},"modified":"2023-10-23T08:39:28","modified_gmt":"2023-10-23T11:39:28","slug":"artesania-uc-dicta-taller-a-emprendedores-de-la-araucania","status":"publish","type":"post","link":"https:\/\/fadeu.urantiacos.cl\/en\/2020\/10\/26\/artesania-uc-dicta-taller-a-emprendedores-de-la-araucania\/","title":{"rendered":"Artesan\u00eda UC dicta taller a emprendedores de la Araucan\u00eda"},"content":{"rendered":"\n<figure class=\"wp-block-image size-full\"><img decoding=\"async\" width=\"350\" height=\"250\" src=\"https:\/\/fadeu.urantiacos.cl\/wp-content\/uploads\/2023\/09\/curso_artesania_a_emprendedores.jpg\" alt=\"\" class=\"wp-image-8010\" srcset=\"https:\/\/fadeu.urantiacos.cl\/wp-content\/uploads\/2023\/09\/curso_artesania_a_emprendedores.jpg 350w, https:\/\/fadeu.urantiacos.cl\/wp-content\/uploads\/2023\/09\/curso_artesania_a_emprendedores-300x214.jpg 300w\" sizes=\"(max-width: 350px) 100vw, 350px\" \/><\/figure>\n\n\n\n<p>En el marco de los talleres de extensi\u00f3n que est\u00e1 realizando este espacio de difusi\u00f3n de la artesan\u00eda nacional, los participantes, emprendedores del Centro de Negocios Inakeyu&nbsp;de SERCOTEC, aprendieron herramientas fotogr\u00e1ficas b\u00e1sicas para perfeccionar el material visual en publicaciones de artesan\u00edas en distintos medios digitales.<\/p>\n\n\n\n<p>Centro de Negocios Inakeyu&nbsp;de SERCOTEC tiene como finalidad contribuir al desarrollo de la econom\u00eda mapuche con pertinencia cultural, potenciando emprendimientos y negocios, a trav\u00e9s de asesor\u00edas, capacitaciones, acompa\u00f1amiento y articulaci\u00f3n, que permita el desarrollo territorial sustentable basado en los principios y valores Mapuche.<\/p>\n\n\n\n<p>El taller se realiz\u00f3 el pasado&nbsp;viernes&nbsp;23 de octubre&nbsp;a trav\u00e9s de la plataforma Google Meet.<\/p>\n\n\n\n<p>INFORMACI\u00d3N PERIOD\u00cdSTICA<br>ESCUELA DE DISE\u00d1O UC<\/p>\n","protected":false},"excerpt":{"rendered":"<p>Productores, emprendedores y artesanos de la regi\u00f3n de la Araucan\u00eda, en total 22 personas, fueron las que participaron del taller \u201cC\u00f3mo fotografiar tus artesan\u00edas\u201d, dictado por la asesora del Programa de Artesan\u00eda UC, Vania Cabello.<\/p>\n","protected":false},"author":1,"featured_media":8010,"comment_status":"open","ping_status":"open","sticky":false,"template":"","format":"standard","meta":{"_acf_changed":false,"footnotes":""},"categories":[1],"tags":[],"class_list":["post-8009","post","type-post","status-publish","format-standard","has-post-thumbnail","hentry","category-sin-categorizar"],"acf":[],"yoast_head":"<!-- This site is optimized with the Yoast SEO plugin v27.1.1 - https:\/\/yoast.com\/product\/yoast-seo-wordpress\/ -->\n<title>Artesan\u00eda UC dicta taller a emprendedores de la Araucan\u00eda - Facultad de Arquitectura, Dise\u00f1o y Estudios Urbanos<\/title>\n<meta name=\"description\" content=\"Productores, emprendedores y artesanos de la regi\u00f3n de la Araucan\u00eda, en total 22 personas, fueron las que participaron del taller \u201cC\u00f3mo fotografiar tus artesan\u00edas\u201d, dictado por la asesora del Programa de Artesan\u00eda UC, Vania Cabello.\" \/>\n<meta name=\"robots\" content=\"index, follow, max-snippet:-1, max-image-preview:large, max-video-preview:-1\" \/>\n<link rel=\"canonical\" href=\"https:\/\/fadeu.urantiacos.cl\/en\/2020\/10\/26\/artesania-uc-dicta-taller-a-emprendedores-de-la-araucania\/\" \/>\n<meta property=\"og:locale\" content=\"en_US\" \/>\n<meta property=\"og:type\" content=\"article\" \/>\n<meta property=\"og:title\" content=\"Artesan\u00eda UC dicta taller a emprendedores de la Araucan\u00eda - Facultad de Arquitectura, Dise\u00f1o y Estudios Urbanos\" \/>\n<meta property=\"og:description\" content=\"Productores, emprendedores y artesanos de la regi\u00f3n de la Araucan\u00eda, en total 22 personas, fueron las que participaron del taller \u201cC\u00f3mo fotografiar tus artesan\u00edas\u201d, dictado por la asesora del Programa de Artesan\u00eda UC, Vania Cabello.\" \/>\n<meta property=\"og:url\" content=\"https:\/\/fadeu.urantiacos.cl\/en\/2020\/10\/26\/artesania-uc-dicta-taller-a-emprendedores-de-la-araucania\/\" \/>\n<meta property=\"og:site_name\" content=\"Facultad de Arquitectura, Dise\u00f1o y Estudios Urbanos\" \/>\n<meta property=\"article:published_time\" content=\"2020-10-26T21:40:00+00:00\" \/>\n<meta property=\"article:modified_time\" content=\"2023-10-23T11:39:28+00:00\" \/>\n<meta property=\"og:image\" content=\"https:\/\/fadeu.urantiacos.cl\/wp-content\/uploads\/2023\/09\/curso_artesania_a_emprendedores.jpg\" \/>\n\t<meta property=\"og:image:width\" content=\"350\" \/>\n\t<meta property=\"og:image:height\" content=\"250\" \/>\n\t<meta property=\"og:image:type\" content=\"image\/jpeg\" \/>\n<meta name=\"author\" content=\"manadmin\" \/>\n<meta name=\"twitter:card\" content=\"summary_large_image\" \/>\n<meta name=\"twitter:label1\" content=\"Written by\" \/>\n\t<meta name=\"twitter:data1\" content=\"manadmin\" \/>\n\t<meta name=\"twitter:label2\" content=\"Est. reading time\" \/>\n\t<meta name=\"twitter:data2\" content=\"1 minute\" \/>\n<script type=\"application\/ld+json\" class=\"yoast-schema-graph\">{\"@context\":\"https:\/\/schema.org\",\"@graph\":[{\"@type\":\"Article\",\"@id\":\"https:\/\/fadeu.urantiacos.cl\/en\/2020\/10\/26\/artesania-uc-dicta-taller-a-emprendedores-de-la-araucania\/#article\",\"isPartOf\":{\"@id\":\"https:\/\/fadeu.urantiacos.cl\/en\/2020\/10\/26\/artesania-uc-dicta-taller-a-emprendedores-de-la-araucania\/\"},\"author\":{\"name\":\"manadmin\",\"@id\":\"https:\/\/fadeu.urantiacos.cl\/en\/#\/schema\/person\/d203e2e84b1c40275eac77b3061a19a2\"},\"headline\":\"Artesan\u00eda UC dicta taller a emprendedores de la Araucan\u00eda\",\"datePublished\":\"2020-10-26T21:40:00+00:00\",\"dateModified\":\"2023-10-23T11:39:28+00:00\",\"mainEntityOfPage\":{\"@id\":\"https:\/\/fadeu.urantiacos.cl\/en\/2020\/10\/26\/artesania-uc-dicta-taller-a-emprendedores-de-la-araucania\/\"},\"wordCount\":142,\"commentCount\":0,\"image\":{\"@id\":\"https:\/\/fadeu.urantiacos.cl\/en\/2020\/10\/26\/artesania-uc-dicta-taller-a-emprendedores-de-la-araucania\/#primaryimage\"},\"thumbnailUrl\":\"https:\/\/fadeu.urantiacos.cl\/wp-content\/uploads\/2023\/09\/curso_artesania_a_emprendedores.jpg\",\"articleSection\":[\"Sin categorizar\"],\"inLanguage\":\"en-US\",\"potentialAction\":[{\"@type\":\"CommentAction\",\"name\":\"Comment\",\"target\":[\"https:\/\/fadeu.urantiacos.cl\/en\/2020\/10\/26\/artesania-uc-dicta-taller-a-emprendedores-de-la-araucania\/#respond\"]}]},{\"@type\":\"WebPage\",\"@id\":\"https:\/\/fadeu.urantiacos.cl\/en\/2020\/10\/26\/artesania-uc-dicta-taller-a-emprendedores-de-la-araucania\/\",\"url\":\"https:\/\/fadeu.urantiacos.cl\/en\/2020\/10\/26\/artesania-uc-dicta-taller-a-emprendedores-de-la-araucania\/\",\"name\":\"Artesan\u00eda UC dicta taller a emprendedores de la Araucan\u00eda - Facultad de Arquitectura, Dise\u00f1o y Estudios Urbanos\",\"isPartOf\":{\"@id\":\"https:\/\/fadeu.urantiacos.cl\/en\/#website\"},\"primaryImageOfPage\":{\"@id\":\"https:\/\/fadeu.urantiacos.cl\/en\/2020\/10\/26\/artesania-uc-dicta-taller-a-emprendedores-de-la-araucania\/#primaryimage\"},\"image\":{\"@id\":\"https:\/\/fadeu.urantiacos.cl\/en\/2020\/10\/26\/artesania-uc-dicta-taller-a-emprendedores-de-la-araucania\/#primaryimage\"},\"thumbnailUrl\":\"https:\/\/fadeu.urantiacos.cl\/wp-content\/uploads\/2023\/09\/curso_artesania_a_emprendedores.jpg\",\"datePublished\":\"2020-10-26T21:40:00+00:00\",\"dateModified\":\"2023-10-23T11:39:28+00:00\",\"author\":{\"@id\":\"https:\/\/fadeu.urantiacos.cl\/en\/#\/schema\/person\/d203e2e84b1c40275eac77b3061a19a2\"},\"description\":\"Productores, emprendedores y artesanos de la regi\u00f3n de la Araucan\u00eda, en total 22 personas, fueron las que participaron del taller \u201cC\u00f3mo fotografiar tus artesan\u00edas\u201d, dictado por la asesora del Programa de Artesan\u00eda UC, Vania Cabello.\",\"breadcrumb\":{\"@id\":\"https:\/\/fadeu.urantiacos.cl\/en\/2020\/10\/26\/artesania-uc-dicta-taller-a-emprendedores-de-la-araucania\/#breadcrumb\"},\"inLanguage\":\"en-US\",\"potentialAction\":[{\"@type\":\"ReadAction\",\"target\":[\"https:\/\/fadeu.urantiacos.cl\/en\/2020\/10\/26\/artesania-uc-dicta-taller-a-emprendedores-de-la-araucania\/\"]}]},{\"@type\":\"ImageObject\",\"inLanguage\":\"en-US\",\"@id\":\"https:\/\/fadeu.urantiacos.cl\/en\/2020\/10\/26\/artesania-uc-dicta-taller-a-emprendedores-de-la-araucania\/#primaryimage\",\"url\":\"https:\/\/fadeu.urantiacos.cl\/wp-content\/uploads\/2023\/09\/curso_artesania_a_emprendedores.jpg\",\"contentUrl\":\"https:\/\/fadeu.urantiacos.cl\/wp-content\/uploads\/2023\/09\/curso_artesania_a_emprendedores.jpg\",\"width\":350,\"height\":250},{\"@type\":\"BreadcrumbList\",\"@id\":\"https:\/\/fadeu.urantiacos.cl\/en\/2020\/10\/26\/artesania-uc-dicta-taller-a-emprendedores-de-la-araucania\/#breadcrumb\",\"itemListElement\":[{\"@type\":\"ListItem\",\"position\":1,\"name\":\"Portada\",\"item\":\"https:\/\/fadeu.urantiacos.cl\/en\/\"},{\"@type\":\"ListItem\",\"position\":2,\"name\":\"Artesan\u00eda UC dicta taller a emprendedores de la Araucan\u00eda\"}]},{\"@type\":\"WebSite\",\"@id\":\"https:\/\/fadeu.urantiacos.cl\/en\/#website\",\"url\":\"https:\/\/fadeu.urantiacos.cl\/en\/\",\"name\":\"Facultad de Arquitectura, Dise\u00f1o y Estudios Urbanos\",\"description\":\"Campus Lo Contador\",\"potentialAction\":[{\"@type\":\"SearchAction\",\"target\":{\"@type\":\"EntryPoint\",\"urlTemplate\":\"https:\/\/fadeu.urantiacos.cl\/en\/?s={search_term_string}\"},\"query-input\":{\"@type\":\"PropertyValueSpecification\",\"valueRequired\":true,\"valueName\":\"search_term_string\"}}],\"inLanguage\":\"en-US\"},{\"@type\":\"Person\",\"@id\":\"https:\/\/fadeu.urantiacos.cl\/en\/#\/schema\/person\/d203e2e84b1c40275eac77b3061a19a2\",\"name\":\"manadmin\",\"image\":{\"@type\":\"ImageObject\",\"inLanguage\":\"en-US\",\"@id\":\"https:\/\/fadeu.urantiacos.cl\/en\/#\/schema\/person\/image\/\",\"url\":\"https:\/\/secure.gravatar.com\/avatar\/4b1d8e3303b4a9d8968ac578947d8bc80d9aea359f388cdd4aac15cadc0e8447?s=96&d=mm&r=g\",\"contentUrl\":\"https:\/\/secure.gravatar.com\/avatar\/4b1d8e3303b4a9d8968ac578947d8bc80d9aea359f388cdd4aac15cadc0e8447?s=96&d=mm&r=g\",\"caption\":\"manadmin\"},\"sameAs\":[\"https:\/\/fadeu.urantiacos.cl\"]}]}<\/script>\n<!-- \/ Yoast SEO plugin. -->","yoast_head_json":{"title":"Artesan\u00eda UC dicta taller a emprendedores de la Araucan\u00eda - Facultad de Arquitectura, Dise\u00f1o y Estudios Urbanos","description":"Productores, emprendedores y artesanos de la regi\u00f3n de la Araucan\u00eda, en total 22 personas, fueron las que participaron del taller \u201cC\u00f3mo fotografiar tus artesan\u00edas\u201d, dictado por la asesora del Programa de Artesan\u00eda UC, Vania Cabello.","robots":{"index":"index","follow":"follow","max-snippet":"max-snippet:-1","max-image-preview":"max-image-preview:large","max-video-preview":"max-video-preview:-1"},"canonical":"https:\/\/fadeu.urantiacos.cl\/en\/2020\/10\/26\/artesania-uc-dicta-taller-a-emprendedores-de-la-araucania\/","og_locale":"en_US","og_type":"article","og_title":"Artesan\u00eda UC dicta taller a emprendedores de la Araucan\u00eda - Facultad de Arquitectura, Dise\u00f1o y Estudios Urbanos","og_description":"Productores, emprendedores y artesanos de la regi\u00f3n de la Araucan\u00eda, en total 22 personas, fueron las que participaron del taller \u201cC\u00f3mo fotografiar tus artesan\u00edas\u201d, dictado por la asesora del Programa de Artesan\u00eda UC, Vania Cabello.","og_url":"https:\/\/fadeu.urantiacos.cl\/en\/2020\/10\/26\/artesania-uc-dicta-taller-a-emprendedores-de-la-araucania\/","og_site_name":"Facultad de Arquitectura, Dise\u00f1o y Estudios Urbanos","article_published_time":"2020-10-26T21:40:00+00:00","article_modified_time":"2023-10-23T11:39:28+00:00","og_image":[{"width":350,"height":250,"url":"https:\/\/fadeu.urantiacos.cl\/wp-content\/uploads\/2023\/09\/curso_artesania_a_emprendedores.jpg","type":"image\/jpeg"}],"author":"manadmin","twitter_card":"summary_large_image","twitter_misc":{"Written by":"manadmin","Est. reading time":"1 minute"},"schema":{"@context":"https:\/\/schema.org","@graph":[{"@type":"Article","@id":"https:\/\/fadeu.urantiacos.cl\/en\/2020\/10\/26\/artesania-uc-dicta-taller-a-emprendedores-de-la-araucania\/#article","isPartOf":{"@id":"https:\/\/fadeu.urantiacos.cl\/en\/2020\/10\/26\/artesania-uc-dicta-taller-a-emprendedores-de-la-araucania\/"},"author":{"name":"manadmin","@id":"https:\/\/fadeu.urantiacos.cl\/en\/#\/schema\/person\/d203e2e84b1c40275eac77b3061a19a2"},"headline":"Artesan\u00eda UC dicta taller a emprendedores de la Araucan\u00eda","datePublished":"2020-10-26T21:40:00+00:00","dateModified":"2023-10-23T11:39:28+00:00","mainEntityOfPage":{"@id":"https:\/\/fadeu.urantiacos.cl\/en\/2020\/10\/26\/artesania-uc-dicta-taller-a-emprendedores-de-la-araucania\/"},"wordCount":142,"commentCount":0,"image":{"@id":"https:\/\/fadeu.urantiacos.cl\/en\/2020\/10\/26\/artesania-uc-dicta-taller-a-emprendedores-de-la-araucania\/#primaryimage"},"thumbnailUrl":"https:\/\/fadeu.urantiacos.cl\/wp-content\/uploads\/2023\/09\/curso_artesania_a_emprendedores.jpg","articleSection":["Sin categorizar"],"inLanguage":"en-US","potentialAction":[{"@type":"CommentAction","name":"Comment","target":["https:\/\/fadeu.urantiacos.cl\/en\/2020\/10\/26\/artesania-uc-dicta-taller-a-emprendedores-de-la-araucania\/#respond"]}]},{"@type":"WebPage","@id":"https:\/\/fadeu.urantiacos.cl\/en\/2020\/10\/26\/artesania-uc-dicta-taller-a-emprendedores-de-la-araucania\/","url":"https:\/\/fadeu.urantiacos.cl\/en\/2020\/10\/26\/artesania-uc-dicta-taller-a-emprendedores-de-la-araucania\/","name":"Artesan\u00eda UC dicta taller a emprendedores de la Araucan\u00eda - Facultad de Arquitectura, Dise\u00f1o y Estudios Urbanos","isPartOf":{"@id":"https:\/\/fadeu.urantiacos.cl\/en\/#website"},"primaryImageOfPage":{"@id":"https:\/\/fadeu.urantiacos.cl\/en\/2020\/10\/26\/artesania-uc-dicta-taller-a-emprendedores-de-la-araucania\/#primaryimage"},"image":{"@id":"https:\/\/fadeu.urantiacos.cl\/en\/2020\/10\/26\/artesania-uc-dicta-taller-a-emprendedores-de-la-araucania\/#primaryimage"},"thumbnailUrl":"https:\/\/fadeu.urantiacos.cl\/wp-content\/uploads\/2023\/09\/curso_artesania_a_emprendedores.jpg","datePublished":"2020-10-26T21:40:00+00:00","dateModified":"2023-10-23T11:39:28+00:00","author":{"@id":"https:\/\/fadeu.urantiacos.cl\/en\/#\/schema\/person\/d203e2e84b1c40275eac77b3061a19a2"},"description":"Productores, emprendedores y artesanos de la regi\u00f3n de la Araucan\u00eda, en total 22 personas, fueron las que participaron del taller \u201cC\u00f3mo fotografiar tus artesan\u00edas\u201d, dictado por la asesora del Programa de Artesan\u00eda UC, Vania Cabello.","breadcrumb":{"@id":"https:\/\/fadeu.urantiacos.cl\/en\/2020\/10\/26\/artesania-uc-dicta-taller-a-emprendedores-de-la-araucania\/#breadcrumb"},"inLanguage":"en-US","potentialAction":[{"@type":"ReadAction","target":["https:\/\/fadeu.urantiacos.cl\/en\/2020\/10\/26\/artesania-uc-dicta-taller-a-emprendedores-de-la-araucania\/"]}]},{"@type":"ImageObject","inLanguage":"en-US","@id":"https:\/\/fadeu.urantiacos.cl\/en\/2020\/10\/26\/artesania-uc-dicta-taller-a-emprendedores-de-la-araucania\/#primaryimage","url":"https:\/\/fadeu.urantiacos.cl\/wp-content\/uploads\/2023\/09\/curso_artesania_a_emprendedores.jpg","contentUrl":"https:\/\/fadeu.urantiacos.cl\/wp-content\/uploads\/2023\/09\/curso_artesania_a_emprendedores.jpg","width":350,"height":250},{"@type":"BreadcrumbList","@id":"https:\/\/fadeu.urantiacos.cl\/en\/2020\/10\/26\/artesania-uc-dicta-taller-a-emprendedores-de-la-araucania\/#breadcrumb","itemListElement":[{"@type":"ListItem","position":1,"name":"Portada","item":"https:\/\/fadeu.urantiacos.cl\/en\/"},{"@type":"ListItem","position":2,"name":"Artesan\u00eda UC dicta taller a emprendedores de la Araucan\u00eda"}]},{"@type":"WebSite","@id":"https:\/\/fadeu.urantiacos.cl\/en\/#website","url":"https:\/\/fadeu.urantiacos.cl\/en\/","name":"Facultad de Arquitectura, Dise\u00f1o y Estudios Urbanos","description":"Campus Lo Contador","potentialAction":[{"@type":"SearchAction","target":{"@type":"EntryPoint","urlTemplate":"https:\/\/fadeu.urantiacos.cl\/en\/?s={search_term_string}"},"query-input":{"@type":"PropertyValueSpecification","valueRequired":true,"valueName":"search_term_string"}}],"inLanguage":"en-US"},{"@type":"Person","@id":"https:\/\/fadeu.urantiacos.cl\/en\/#\/schema\/person\/d203e2e84b1c40275eac77b3061a19a2","name":"manadmin","image":{"@type":"ImageObject","inLanguage":"en-US","@id":"https:\/\/fadeu.urantiacos.cl\/en\/#\/schema\/person\/image\/","url":"https:\/\/secure.gravatar.com\/avatar\/4b1d8e3303b4a9d8968ac578947d8bc80d9aea359f388cdd4aac15cadc0e8447?s=96&d=mm&r=g","contentUrl":"https:\/\/secure.gravatar.com\/avatar\/4b1d8e3303b4a9d8968ac578947d8bc80d9aea359f388cdd4aac15cadc0e8447?s=96&d=mm&r=g","caption":"manadmin"},"sameAs":["https:\/\/fadeu.urantiacos.cl"]}]}},"_links":{"self":[{"href":"https:\/\/fadeu.urantiacos.cl\/en\/wp-json\/wp\/v2\/posts\/8009","targetHints":{"allow":["GET"]}}],"collection":[{"href":"https:\/\/fadeu.urantiacos.cl\/en\/wp-json\/wp\/v2\/posts"}],"about":[{"href":"https:\/\/fadeu.urantiacos.cl\/en\/wp-json\/wp\/v2\/types\/post"}],"author":[{"embeddable":true,"href":"https:\/\/fadeu.urantiacos.cl\/en\/wp-json\/wp\/v2\/users\/1"}],"replies":[{"embeddable":true,"href":"https:\/\/fadeu.urantiacos.cl\/en\/wp-json\/wp\/v2\/comments?post=8009"}],"version-history":[{"count":2,"href":"https:\/\/fadeu.urantiacos.cl\/en\/wp-json\/wp\/v2\/posts\/8009\/revisions"}],"predecessor-version":[{"id":17292,"href":"https:\/\/fadeu.urantiacos.cl\/en\/wp-json\/wp\/v2\/posts\/8009\/revisions\/17292"}],"wp:featuredmedia":[{"embeddable":true,"href":"https:\/\/fadeu.urantiacos.cl\/en\/wp-json\/wp\/v2\/media\/8010"}],"wp:attachment":[{"href":"https:\/\/fadeu.urantiacos.cl\/en\/wp-json\/wp\/v2\/media?parent=8009"}],"wp:term":[{"taxonomy":"category","embeddable":true,"href":"https:\/\/fadeu.urantiacos.cl\/en\/wp-json\/wp\/v2\/categories?post=8009"},{"taxonomy":"post_tag","embeddable":true,"href":"https:\/\/fadeu.urantiacos.cl\/en\/wp-json\/wp\/v2\/tags?post=8009"}],"curies":[{"name":"wp","href":"https:\/\/api.w.org\/{rel}","templated":true}]}}