{"id":7997,"date":"2020-10-30T18:33:00","date_gmt":"2020-10-30T21:33:00","guid":{"rendered":"https:\/\/fadeu.urantiacos.cl\/?p=7997"},"modified":"2023-11-14T09:14:13","modified_gmt":"2023-11-14T12:14:13","slug":"alejandro-aravena-es-nombrado-presidente-del-jurado-del-premio-pritzker-de-arquitectura","status":"publish","type":"post","link":"https:\/\/fadeu.urantiacos.cl\/en\/2020\/10\/30\/alejandro-aravena-es-nombrado-presidente-del-jurado-del-premio-pritzker-de-arquitectura\/","title":{"rendered":"Alejandro Aravena es nombrado presidente del jurado del Premio Pritzker de Arquitectura"},"content":{"rendered":"\n<p>Alejandro Aravena,&nbsp;ganador del Premio Pritzker 2016, es el fundador y Director Ejecutivo de&nbsp;ELEMENTAL. Su trabajo se enfoca en el inter\u00e9s p\u00fablico y el impacto social, con proyectos que se enfocan en vivienda, espacio p\u00fablico, infraestructura y transporte. Comprometido con la sociedad, su arquitectura responde a necesidades sociales, humanitarias y econ\u00f3micas. Galardonado con el Premio ULI JC Nichols 2019, el Premio RIBA Charles Jencks 2018 y siendo el primer arquitecto en recibir el Premio a la Sostenibilidad de Gotemburgo en 2017, Aravena tambi\u00e9n fue Comisario de la Bienal de Arquitectura de Venecia 2016 y fue miembro del Jurado del Premio Pritzker de 2009 a 2015. Radicado en&nbsp;Santiago,&nbsp;Chile, preside la C\u00e1tedra&nbsp;ELEMENTAL&nbsp;Copec en la Universidad Cat\u00f3lica de&nbsp;Chile, es ex profesor invitado en la Harvard Graduate School of Design (2000 y 2005), y ha sido profesor en el Istituto Universitario di Architettura di Venezia (2005).<\/p>\n\n\n\n<figure class=\"wp-block-image size-full\"><img decoding=\"async\" width=\"750\" height=\"431\" src=\"https:\/\/fadeu.urantiacos.cl\/wp-content\/uploads\/2023\/09\/VV_SUYIN_CHIA_3.jpg\" alt=\"\" class=\"wp-image-7999\" srcset=\"https:\/\/fadeu.urantiacos.cl\/wp-content\/uploads\/2023\/09\/VV_SUYIN_CHIA_3.jpg 750w, https:\/\/fadeu.urantiacos.cl\/wp-content\/uploads\/2023\/09\/VV_SUYIN_CHIA_3-300x172.jpg 300w\" sizes=\"(max-width: 750px) 100vw, 750px\" \/><\/figure>\n\n\n\n<p>Viviendas Villa Verde. Imagen cortes\u00eda de ELEMENTAL<\/p>\n\n\n\n<p>Sobre su nombramiento, Aravena afirma que&nbsp;\u201cHist\u00f3ricamente, la arquitectura ha consistido en crear alternativas innovadoras e imaginar posibilidades, pero tambi\u00e9n est\u00e1 \u00edntimamente conectada con la sociedad. Como jurados, nuestra tarea es, en primer lugar, ser sensibles a las cuestiones que a la sociedad le gustar\u00eda que abordara la profesi\u00f3n arquitect\u00f3nica e identificar a los arquitectos que est\u00e1n tratando de utilizar el conocimiento de la disciplina para traducir esas preguntas en proyectos [\u2026] honrado de unirme a este esfuerzo grupal destinado a mejorar la calidad del entorno construido&#8221;.<\/p>\n\n\n\n<figure class=\"wp-block-image size-full\"><img decoding=\"async\" width=\"750\" height=\"414\" src=\"https:\/\/fadeu.urantiacos.cl\/wp-content\/uploads\/2023\/09\/\u00a9_ELEMENTAL___Nina_Vidic.jpg\" alt=\"\" class=\"wp-image-8000\" srcset=\"https:\/\/fadeu.urantiacos.cl\/wp-content\/uploads\/2023\/09\/\u00a9_ELEMENTAL___Nina_Vidic.jpg 750w, https:\/\/fadeu.urantiacos.cl\/wp-content\/uploads\/2023\/09\/\u00a9_ELEMENTAL___Nina_Vidic-300x166.jpg 300w\" sizes=\"(max-width: 750px) 100vw, 750px\" \/><\/figure>\n\n\n\n<p>Centro de la Innovaci\u00f3n UC &#8211; Anacleto Angelini. Imagen \u00a9 Nina Vidic<\/p>\n\n\n\n<p>En la declaraci\u00f3n oficial, Tom Pritzker, presidente de la Fundaci\u00f3n Hyatt, que patrocina el premio, declar\u00f3 que&nbsp;\u201ca lo largo de la historia del premio, siempre hemos confiado en la diversidad, la experiencia y la posici\u00f3n de los miembros del jurado para interpretar el papel en evoluci\u00f3n de la arquitectura, ya que responde a las necesidades cambiantes de la comunidad, el medio ambiente y la tecnolog\u00eda. Nos complace dar la bienvenida nuevamente a&nbsp;Alejandro Aravena, y en una capacidad renovada ya que trae consigo un nuevo modelo de liderazgo para dirigir nuestro estimado jurado independiente e internacional [\u2026] Asimismo, estamos encantados de trabajar con Manuela Luc\u00e1-Dazio en esta nueva temporada mientras continuamos nuestro privilegio de honrar a los arquitectos que han impresionado a la industria a trav\u00e9s del arte de la arquitectura y su servicio a la humanidad&#8221;.<\/p>\n\n\n\n<figure class=\"wp-block-image size-full\"><img decoding=\"async\" width=\"750\" height=\"420\" src=\"https:\/\/fadeu.urantiacos.cl\/wp-content\/uploads\/2023\/09\/stringio.jpg\" alt=\"\" class=\"wp-image-8001\" srcset=\"https:\/\/fadeu.urantiacos.cl\/wp-content\/uploads\/2023\/09\/stringio.jpg 750w, https:\/\/fadeu.urantiacos.cl\/wp-content\/uploads\/2023\/09\/stringio-300x168.jpg 300w\" sizes=\"(max-width: 750px) 100vw, 750px\" \/><\/figure>\n\n\n\n<p>Viviendas Monterrey. Imagen \u00a9 Ramiro Ramirez<\/p>\n\n\n\n<p>Adem\u00e1s, la nueva asesora del Premio y pr\u00f3xima Directora Ejecutiva, Manuela Luc\u00e1-Dazio, ha estado gestionando exposiciones de arquitectura y arte con distinguidos curadores, arquitectos, artistas y cr\u00edticos desde 2009. Tiene un Ph.D. en Historia de la Arquitectura de la Universidad de Roma-Chieti, Italia, y vive en Par\u00eds, Francia.&nbsp;\u201cEs para m\u00ed un enorme honor convertirme en la pr\u00f3xima Directora Ejecutiva del&nbsp;Premio Pritzker&nbsp;de Arquitectura, referente imprescindible en el mundo de la arquitectura, y m\u00e1s en un momento hist\u00f3rico tan clave para el discurso y la pr\u00e1ctica arquitect\u00f3nica\u201d&nbsp;afirma Manuela Luc\u00e1- Dazio.<\/p>\n\n\n\n<p>Noticia via&nbsp;<a href=\"https:\/\/www.pritzkerprize.com\/?utm_medium=website&amp;utm_source=plataformaarquitectura.cl\" target=\"_blank\" rel=\"noreferrer noopener\">the Pritzker Architecture Prize<\/a>.<\/p>\n","protected":false},"excerpt":{"rendered":"<p>Por Plantaforma Arquitectura<br \/>\nEl Premio Pritzker de Arquitectura acaba de anunciar el nombramiento de Alejandro Aravena como presidente del jurado para la 43\u00b0 edici\u00f3n del premio del 2021. Adem\u00e1s, tambi\u00e9n se ha designado a Manuela Luc\u00e1-Dazio, directora ejecutiva del Departamento de Artes Visuales y Arquitectura de La Biennale di Venezia, como asesora del premio y pr\u00f3xima directora ejecutiva.<\/p>\n","protected":false},"author":1,"featured_media":7998,"comment_status":"open","ping_status":"open","sticky":false,"template":"","format":"standard","meta":{"_acf_changed":false,"footnotes":""},"categories":[1],"tags":[],"class_list":["post-7997","post","type-post","status-publish","format-standard","has-post-thumbnail","hentry","category-sin-categorizar"],"acf":[],"yoast_head":"<!-- This site is optimized with the Yoast SEO plugin v27.1.1 - https:\/\/yoast.com\/product\/yoast-seo-wordpress\/ -->\n<title>Alejandro Aravena es nombrado presidente del jurado del Premio Pritzker de Arquitectura - Facultad de Arquitectura, Dise\u00f1o y Estudios Urbanos<\/title>\n<meta name=\"description\" content=\"Por Plantaforma Arquitectura El Premio Pritzker de Arquitectura acaba de anunciar el nombramiento de Alejandro Aravena como presidente del jurado para la 43\u00b0 edici\u00f3n del premio del 2021. Adem\u00e1s, tambi\u00e9n se ha designado a Manuela Luc\u00e1-Dazio, directora ejecutiva del Departamento de Artes Visuales y Arquitectura de La Biennale di Venezia, como asesora del premio y pr\u00f3xima directora ejecutiva.\" \/>\n<meta name=\"robots\" content=\"index, follow, max-snippet:-1, max-image-preview:large, max-video-preview:-1\" \/>\n<link rel=\"canonical\" href=\"https:\/\/fadeu.urantiacos.cl\/en\/2020\/10\/30\/alejandro-aravena-es-nombrado-presidente-del-jurado-del-premio-pritzker-de-arquitectura\/\" \/>\n<meta property=\"og:locale\" content=\"en_US\" \/>\n<meta property=\"og:type\" content=\"article\" \/>\n<meta property=\"og:title\" content=\"Alejandro Aravena es nombrado presidente del jurado del Premio Pritzker de Arquitectura - Facultad de Arquitectura, Dise\u00f1o y Estudios Urbanos\" \/>\n<meta property=\"og:description\" content=\"Por Plantaforma Arquitectura El Premio Pritzker de Arquitectura acaba de anunciar el nombramiento de Alejandro Aravena como presidente del jurado para la 43\u00b0 edici\u00f3n del premio del 2021. Adem\u00e1s, tambi\u00e9n se ha designado a Manuela Luc\u00e1-Dazio, directora ejecutiva del Departamento de Artes Visuales y Arquitectura de La Biennale di Venezia, como asesora del premio y pr\u00f3xima directora ejecutiva.\" \/>\n<meta property=\"og:url\" content=\"https:\/\/fadeu.urantiacos.cl\/en\/2020\/10\/30\/alejandro-aravena-es-nombrado-presidente-del-jurado-del-premio-pritzker-de-arquitectura\/\" \/>\n<meta property=\"og:site_name\" content=\"Facultad de Arquitectura, Dise\u00f1o y Estudios Urbanos\" \/>\n<meta property=\"article:published_time\" content=\"2020-10-30T21:33:00+00:00\" \/>\n<meta property=\"article:modified_time\" content=\"2023-11-14T12:14:13+00:00\" \/>\n<meta property=\"og:image\" content=\"https:\/\/fadeu.urantiacos.cl\/wp-content\/uploads\/2023\/09\/alejandro_aravena_pa.png\" \/>\n\t<meta property=\"og:image:width\" content=\"350\" \/>\n\t<meta property=\"og:image:height\" content=\"250\" \/>\n\t<meta property=\"og:image:type\" content=\"image\/png\" \/>\n<meta name=\"author\" content=\"manadmin\" \/>\n<meta name=\"twitter:card\" content=\"summary_large_image\" \/>\n<meta name=\"twitter:label1\" content=\"Written by\" \/>\n\t<meta name=\"twitter:data1\" content=\"manadmin\" \/>\n<script type=\"application\/ld+json\" class=\"yoast-schema-graph\">{\"@context\":\"https:\/\/schema.org\",\"@graph\":[{\"@type\":\"Article\",\"@id\":\"https:\/\/fadeu.urantiacos.cl\/en\/2020\/10\/30\/alejandro-aravena-es-nombrado-presidente-del-jurado-del-premio-pritzker-de-arquitectura\/#article\",\"isPartOf\":{\"@id\":\"https:\/\/fadeu.urantiacos.cl\/en\/2020\/10\/30\/alejandro-aravena-es-nombrado-presidente-del-jurado-del-premio-pritzker-de-arquitectura\/\"},\"author\":{\"name\":\"manadmin\",\"@id\":\"https:\/\/fadeu.urantiacos.cl\/en\/#\/schema\/person\/d203e2e84b1c40275eac77b3061a19a2\"},\"headline\":\"Alejandro Aravena es nombrado presidente del jurado del Premio Pritzker de Arquitectura\",\"datePublished\":\"2020-10-30T21:33:00+00:00\",\"dateModified\":\"2023-11-14T12:14:13+00:00\",\"mainEntityOfPage\":{\"@id\":\"https:\/\/fadeu.urantiacos.cl\/en\/2020\/10\/30\/alejandro-aravena-es-nombrado-presidente-del-jurado-del-premio-pritzker-de-arquitectura\/\"},\"wordCount\":542,\"commentCount\":0,\"image\":{\"@id\":\"https:\/\/fadeu.urantiacos.cl\/en\/2020\/10\/30\/alejandro-aravena-es-nombrado-presidente-del-jurado-del-premio-pritzker-de-arquitectura\/#primaryimage\"},\"thumbnailUrl\":\"https:\/\/fadeu.urantiacos.cl\/wp-content\/uploads\/2023\/09\/alejandro_aravena_pa.png\",\"articleSection\":[\"Sin categorizar\"],\"inLanguage\":\"en-US\",\"potentialAction\":[{\"@type\":\"CommentAction\",\"name\":\"Comment\",\"target\":[\"https:\/\/fadeu.urantiacos.cl\/en\/2020\/10\/30\/alejandro-aravena-es-nombrado-presidente-del-jurado-del-premio-pritzker-de-arquitectura\/#respond\"]}]},{\"@type\":\"WebPage\",\"@id\":\"https:\/\/fadeu.urantiacos.cl\/en\/2020\/10\/30\/alejandro-aravena-es-nombrado-presidente-del-jurado-del-premio-pritzker-de-arquitectura\/\",\"url\":\"https:\/\/fadeu.urantiacos.cl\/en\/2020\/10\/30\/alejandro-aravena-es-nombrado-presidente-del-jurado-del-premio-pritzker-de-arquitectura\/\",\"name\":\"Alejandro Aravena es nombrado presidente del jurado del Premio Pritzker de Arquitectura - Facultad de Arquitectura, Dise\u00f1o y Estudios Urbanos\",\"isPartOf\":{\"@id\":\"https:\/\/fadeu.urantiacos.cl\/en\/#website\"},\"primaryImageOfPage\":{\"@id\":\"https:\/\/fadeu.urantiacos.cl\/en\/2020\/10\/30\/alejandro-aravena-es-nombrado-presidente-del-jurado-del-premio-pritzker-de-arquitectura\/#primaryimage\"},\"image\":{\"@id\":\"https:\/\/fadeu.urantiacos.cl\/en\/2020\/10\/30\/alejandro-aravena-es-nombrado-presidente-del-jurado-del-premio-pritzker-de-arquitectura\/#primaryimage\"},\"thumbnailUrl\":\"https:\/\/fadeu.urantiacos.cl\/wp-content\/uploads\/2023\/09\/alejandro_aravena_pa.png\",\"datePublished\":\"2020-10-30T21:33:00+00:00\",\"dateModified\":\"2023-11-14T12:14:13+00:00\",\"author\":{\"@id\":\"https:\/\/fadeu.urantiacos.cl\/en\/#\/schema\/person\/d203e2e84b1c40275eac77b3061a19a2\"},\"description\":\"Por Plantaforma Arquitectura El Premio Pritzker de Arquitectura acaba de anunciar el nombramiento de Alejandro Aravena como presidente del jurado para la 43\u00b0 edici\u00f3n del premio del 2021. Adem\u00e1s, tambi\u00e9n se ha designado a Manuela Luc\u00e1-Dazio, directora ejecutiva del Departamento de Artes Visuales y Arquitectura de La Biennale di Venezia, como asesora del premio y pr\u00f3xima directora ejecutiva.\",\"breadcrumb\":{\"@id\":\"https:\/\/fadeu.urantiacos.cl\/en\/2020\/10\/30\/alejandro-aravena-es-nombrado-presidente-del-jurado-del-premio-pritzker-de-arquitectura\/#breadcrumb\"},\"inLanguage\":\"en-US\",\"potentialAction\":[{\"@type\":\"ReadAction\",\"target\":[\"https:\/\/fadeu.urantiacos.cl\/en\/2020\/10\/30\/alejandro-aravena-es-nombrado-presidente-del-jurado-del-premio-pritzker-de-arquitectura\/\"]}]},{\"@type\":\"ImageObject\",\"inLanguage\":\"en-US\",\"@id\":\"https:\/\/fadeu.urantiacos.cl\/en\/2020\/10\/30\/alejandro-aravena-es-nombrado-presidente-del-jurado-del-premio-pritzker-de-arquitectura\/#primaryimage\",\"url\":\"https:\/\/fadeu.urantiacos.cl\/wp-content\/uploads\/2023\/09\/alejandro_aravena_pa.png\",\"contentUrl\":\"https:\/\/fadeu.urantiacos.cl\/wp-content\/uploads\/2023\/09\/alejandro_aravena_pa.png\",\"width\":350,\"height\":250},{\"@type\":\"BreadcrumbList\",\"@id\":\"https:\/\/fadeu.urantiacos.cl\/en\/2020\/10\/30\/alejandro-aravena-es-nombrado-presidente-del-jurado-del-premio-pritzker-de-arquitectura\/#breadcrumb\",\"itemListElement\":[{\"@type\":\"ListItem\",\"position\":1,\"name\":\"Portada\",\"item\":\"https:\/\/fadeu.urantiacos.cl\/en\/\"},{\"@type\":\"ListItem\",\"position\":2,\"name\":\"Alejandro Aravena es nombrado presidente del jurado del Premio Pritzker de Arquitectura\"}]},{\"@type\":\"WebSite\",\"@id\":\"https:\/\/fadeu.urantiacos.cl\/en\/#website\",\"url\":\"https:\/\/fadeu.urantiacos.cl\/en\/\",\"name\":\"Facultad de Arquitectura, Dise\u00f1o y Estudios Urbanos\",\"description\":\"Campus Lo Contador\",\"potentialAction\":[{\"@type\":\"SearchAction\",\"target\":{\"@type\":\"EntryPoint\",\"urlTemplate\":\"https:\/\/fadeu.urantiacos.cl\/en\/?s={search_term_string}\"},\"query-input\":{\"@type\":\"PropertyValueSpecification\",\"valueRequired\":true,\"valueName\":\"search_term_string\"}}],\"inLanguage\":\"en-US\"},{\"@type\":\"Person\",\"@id\":\"https:\/\/fadeu.urantiacos.cl\/en\/#\/schema\/person\/d203e2e84b1c40275eac77b3061a19a2\",\"name\":\"manadmin\",\"image\":{\"@type\":\"ImageObject\",\"inLanguage\":\"en-US\",\"@id\":\"https:\/\/fadeu.urantiacos.cl\/en\/#\/schema\/person\/image\/\",\"url\":\"https:\/\/secure.gravatar.com\/avatar\/4b1d8e3303b4a9d8968ac578947d8bc80d9aea359f388cdd4aac15cadc0e8447?s=96&d=mm&r=g\",\"contentUrl\":\"https:\/\/secure.gravatar.com\/avatar\/4b1d8e3303b4a9d8968ac578947d8bc80d9aea359f388cdd4aac15cadc0e8447?s=96&d=mm&r=g\",\"caption\":\"manadmin\"},\"sameAs\":[\"https:\/\/fadeu.urantiacos.cl\"]}]}<\/script>\n<!-- \/ Yoast SEO plugin. -->","yoast_head_json":{"title":"Alejandro Aravena es nombrado presidente del jurado del Premio Pritzker de Arquitectura - Facultad de Arquitectura, Dise\u00f1o y Estudios Urbanos","description":"Por Plantaforma Arquitectura El Premio Pritzker de Arquitectura acaba de anunciar el nombramiento de Alejandro Aravena como presidente del jurado para la 43\u00b0 edici\u00f3n del premio del 2021. Adem\u00e1s, tambi\u00e9n se ha designado a Manuela Luc\u00e1-Dazio, directora ejecutiva del Departamento de Artes Visuales y Arquitectura de La Biennale di Venezia, como asesora del premio y pr\u00f3xima directora ejecutiva.","robots":{"index":"index","follow":"follow","max-snippet":"max-snippet:-1","max-image-preview":"max-image-preview:large","max-video-preview":"max-video-preview:-1"},"canonical":"https:\/\/fadeu.urantiacos.cl\/en\/2020\/10\/30\/alejandro-aravena-es-nombrado-presidente-del-jurado-del-premio-pritzker-de-arquitectura\/","og_locale":"en_US","og_type":"article","og_title":"Alejandro Aravena es nombrado presidente del jurado del Premio Pritzker de Arquitectura - Facultad de Arquitectura, Dise\u00f1o y Estudios Urbanos","og_description":"Por Plantaforma Arquitectura El Premio Pritzker de Arquitectura acaba de anunciar el nombramiento de Alejandro Aravena como presidente del jurado para la 43\u00b0 edici\u00f3n del premio del 2021. Adem\u00e1s, tambi\u00e9n se ha designado a Manuela Luc\u00e1-Dazio, directora ejecutiva del Departamento de Artes Visuales y Arquitectura de La Biennale di Venezia, como asesora del premio y pr\u00f3xima directora ejecutiva.","og_url":"https:\/\/fadeu.urantiacos.cl\/en\/2020\/10\/30\/alejandro-aravena-es-nombrado-presidente-del-jurado-del-premio-pritzker-de-arquitectura\/","og_site_name":"Facultad de Arquitectura, Dise\u00f1o y Estudios Urbanos","article_published_time":"2020-10-30T21:33:00+00:00","article_modified_time":"2023-11-14T12:14:13+00:00","og_image":[{"width":350,"height":250,"url":"https:\/\/fadeu.urantiacos.cl\/wp-content\/uploads\/2023\/09\/alejandro_aravena_pa.png","type":"image\/png"}],"author":"manadmin","twitter_card":"summary_large_image","twitter_misc":{"Written by":"manadmin"},"schema":{"@context":"https:\/\/schema.org","@graph":[{"@type":"Article","@id":"https:\/\/fadeu.urantiacos.cl\/en\/2020\/10\/30\/alejandro-aravena-es-nombrado-presidente-del-jurado-del-premio-pritzker-de-arquitectura\/#article","isPartOf":{"@id":"https:\/\/fadeu.urantiacos.cl\/en\/2020\/10\/30\/alejandro-aravena-es-nombrado-presidente-del-jurado-del-premio-pritzker-de-arquitectura\/"},"author":{"name":"manadmin","@id":"https:\/\/fadeu.urantiacos.cl\/en\/#\/schema\/person\/d203e2e84b1c40275eac77b3061a19a2"},"headline":"Alejandro Aravena es nombrado presidente del jurado del Premio Pritzker de Arquitectura","datePublished":"2020-10-30T21:33:00+00:00","dateModified":"2023-11-14T12:14:13+00:00","mainEntityOfPage":{"@id":"https:\/\/fadeu.urantiacos.cl\/en\/2020\/10\/30\/alejandro-aravena-es-nombrado-presidente-del-jurado-del-premio-pritzker-de-arquitectura\/"},"wordCount":542,"commentCount":0,"image":{"@id":"https:\/\/fadeu.urantiacos.cl\/en\/2020\/10\/30\/alejandro-aravena-es-nombrado-presidente-del-jurado-del-premio-pritzker-de-arquitectura\/#primaryimage"},"thumbnailUrl":"https:\/\/fadeu.urantiacos.cl\/wp-content\/uploads\/2023\/09\/alejandro_aravena_pa.png","articleSection":["Sin categorizar"],"inLanguage":"en-US","potentialAction":[{"@type":"CommentAction","name":"Comment","target":["https:\/\/fadeu.urantiacos.cl\/en\/2020\/10\/30\/alejandro-aravena-es-nombrado-presidente-del-jurado-del-premio-pritzker-de-arquitectura\/#respond"]}]},{"@type":"WebPage","@id":"https:\/\/fadeu.urantiacos.cl\/en\/2020\/10\/30\/alejandro-aravena-es-nombrado-presidente-del-jurado-del-premio-pritzker-de-arquitectura\/","url":"https:\/\/fadeu.urantiacos.cl\/en\/2020\/10\/30\/alejandro-aravena-es-nombrado-presidente-del-jurado-del-premio-pritzker-de-arquitectura\/","name":"Alejandro Aravena es nombrado presidente del jurado del Premio Pritzker de Arquitectura - Facultad de Arquitectura, Dise\u00f1o y Estudios Urbanos","isPartOf":{"@id":"https:\/\/fadeu.urantiacos.cl\/en\/#website"},"primaryImageOfPage":{"@id":"https:\/\/fadeu.urantiacos.cl\/en\/2020\/10\/30\/alejandro-aravena-es-nombrado-presidente-del-jurado-del-premio-pritzker-de-arquitectura\/#primaryimage"},"image":{"@id":"https:\/\/fadeu.urantiacos.cl\/en\/2020\/10\/30\/alejandro-aravena-es-nombrado-presidente-del-jurado-del-premio-pritzker-de-arquitectura\/#primaryimage"},"thumbnailUrl":"https:\/\/fadeu.urantiacos.cl\/wp-content\/uploads\/2023\/09\/alejandro_aravena_pa.png","datePublished":"2020-10-30T21:33:00+00:00","dateModified":"2023-11-14T12:14:13+00:00","author":{"@id":"https:\/\/fadeu.urantiacos.cl\/en\/#\/schema\/person\/d203e2e84b1c40275eac77b3061a19a2"},"description":"Por Plantaforma Arquitectura El Premio Pritzker de Arquitectura acaba de anunciar el nombramiento de Alejandro Aravena como presidente del jurado para la 43\u00b0 edici\u00f3n del premio del 2021. Adem\u00e1s, tambi\u00e9n se ha designado a Manuela Luc\u00e1-Dazio, directora ejecutiva del Departamento de Artes Visuales y Arquitectura de La Biennale di Venezia, como asesora del premio y pr\u00f3xima directora ejecutiva.","breadcrumb":{"@id":"https:\/\/fadeu.urantiacos.cl\/en\/2020\/10\/30\/alejandro-aravena-es-nombrado-presidente-del-jurado-del-premio-pritzker-de-arquitectura\/#breadcrumb"},"inLanguage":"en-US","potentialAction":[{"@type":"ReadAction","target":["https:\/\/fadeu.urantiacos.cl\/en\/2020\/10\/30\/alejandro-aravena-es-nombrado-presidente-del-jurado-del-premio-pritzker-de-arquitectura\/"]}]},{"@type":"ImageObject","inLanguage":"en-US","@id":"https:\/\/fadeu.urantiacos.cl\/en\/2020\/10\/30\/alejandro-aravena-es-nombrado-presidente-del-jurado-del-premio-pritzker-de-arquitectura\/#primaryimage","url":"https:\/\/fadeu.urantiacos.cl\/wp-content\/uploads\/2023\/09\/alejandro_aravena_pa.png","contentUrl":"https:\/\/fadeu.urantiacos.cl\/wp-content\/uploads\/2023\/09\/alejandro_aravena_pa.png","width":350,"height":250},{"@type":"BreadcrumbList","@id":"https:\/\/fadeu.urantiacos.cl\/en\/2020\/10\/30\/alejandro-aravena-es-nombrado-presidente-del-jurado-del-premio-pritzker-de-arquitectura\/#breadcrumb","itemListElement":[{"@type":"ListItem","position":1,"name":"Portada","item":"https:\/\/fadeu.urantiacos.cl\/en\/"},{"@type":"ListItem","position":2,"name":"Alejandro Aravena es nombrado presidente del jurado del Premio Pritzker de Arquitectura"}]},{"@type":"WebSite","@id":"https:\/\/fadeu.urantiacos.cl\/en\/#website","url":"https:\/\/fadeu.urantiacos.cl\/en\/","name":"Facultad de Arquitectura, Dise\u00f1o y Estudios Urbanos","description":"Campus Lo Contador","potentialAction":[{"@type":"SearchAction","target":{"@type":"EntryPoint","urlTemplate":"https:\/\/fadeu.urantiacos.cl\/en\/?s={search_term_string}"},"query-input":{"@type":"PropertyValueSpecification","valueRequired":true,"valueName":"search_term_string"}}],"inLanguage":"en-US"},{"@type":"Person","@id":"https:\/\/fadeu.urantiacos.cl\/en\/#\/schema\/person\/d203e2e84b1c40275eac77b3061a19a2","name":"manadmin","image":{"@type":"ImageObject","inLanguage":"en-US","@id":"https:\/\/fadeu.urantiacos.cl\/en\/#\/schema\/person\/image\/","url":"https:\/\/secure.gravatar.com\/avatar\/4b1d8e3303b4a9d8968ac578947d8bc80d9aea359f388cdd4aac15cadc0e8447?s=96&d=mm&r=g","contentUrl":"https:\/\/secure.gravatar.com\/avatar\/4b1d8e3303b4a9d8968ac578947d8bc80d9aea359f388cdd4aac15cadc0e8447?s=96&d=mm&r=g","caption":"manadmin"},"sameAs":["https:\/\/fadeu.urantiacos.cl"]}]}},"_links":{"self":[{"href":"https:\/\/fadeu.urantiacos.cl\/en\/wp-json\/wp\/v2\/posts\/7997","targetHints":{"allow":["GET"]}}],"collection":[{"href":"https:\/\/fadeu.urantiacos.cl\/en\/wp-json\/wp\/v2\/posts"}],"about":[{"href":"https:\/\/fadeu.urantiacos.cl\/en\/wp-json\/wp\/v2\/types\/post"}],"author":[{"embeddable":true,"href":"https:\/\/fadeu.urantiacos.cl\/en\/wp-json\/wp\/v2\/users\/1"}],"replies":[{"embeddable":true,"href":"https:\/\/fadeu.urantiacos.cl\/en\/wp-json\/wp\/v2\/comments?post=7997"}],"version-history":[{"count":2,"href":"https:\/\/fadeu.urantiacos.cl\/en\/wp-json\/wp\/v2\/posts\/7997\/revisions"}],"predecessor-version":[{"id":18061,"href":"https:\/\/fadeu.urantiacos.cl\/en\/wp-json\/wp\/v2\/posts\/7997\/revisions\/18061"}],"wp:featuredmedia":[{"embeddable":true,"href":"https:\/\/fadeu.urantiacos.cl\/en\/wp-json\/wp\/v2\/media\/7998"}],"wp:attachment":[{"href":"https:\/\/fadeu.urantiacos.cl\/en\/wp-json\/wp\/v2\/media?parent=7997"}],"wp:term":[{"taxonomy":"category","embeddable":true,"href":"https:\/\/fadeu.urantiacos.cl\/en\/wp-json\/wp\/v2\/categories?post=7997"},{"taxonomy":"post_tag","embeddable":true,"href":"https:\/\/fadeu.urantiacos.cl\/en\/wp-json\/wp\/v2\/tags?post=7997"}],"curies":[{"name":"wp","href":"https:\/\/api.w.org\/{rel}","templated":true}]}}