{"id":7986,"date":"2020-11-02T18:27:00","date_gmt":"2020-11-02T21:27:00","guid":{"rendered":"https:\/\/fadeu.urantiacos.cl\/?p=7986"},"modified":"2023-09-09T18:28:41","modified_gmt":"2023-09-09T21:28:41","slug":"luis-eduardo-bresciani-participo-como-anfitrion-en-ciclo-del-cndu","status":"publish","type":"post","link":"https:\/\/fadeu.urantiacos.cl\/en\/2020\/11\/02\/luis-eduardo-bresciani-participo-como-anfitrion-en-ciclo-del-cndu\/","title":{"rendered":"Luis Eduardo Bresciani particip\u00f3 como anfitri\u00f3n en ciclo del CNDU"},"content":{"rendered":"\n<figure class=\"wp-block-image size-full\"><img decoding=\"async\" width=\"350\" height=\"250\" src=\"https:\/\/fadeu.urantiacos.cl\/wp-content\/uploads\/2023\/09\/LEB_FADEU.jpg\" alt=\"\" class=\"wp-image-7988\" srcset=\"https:\/\/fadeu.urantiacos.cl\/wp-content\/uploads\/2023\/09\/LEB_FADEU.jpg 350w, https:\/\/fadeu.urantiacos.cl\/wp-content\/uploads\/2023\/09\/LEB_FADEU-300x214.jpg 300w\" sizes=\"(max-width: 350px) 100vw, 350px\" \/><\/figure>\n\n\n\n<p>Bresciani y Rojas hablaron sobre ciudades saludables y resilientes, cambio clim\u00e1tico, crisis sanitaria y social, adem\u00e1s de la constituci\u00f3n. Bresciani enfatiz\u00f3 \u2014ante el triunfo masivo del &#8220;apruebo&#8221; en el plebiscito del 25 de octubre por una nueva constituci\u00f3n\u2014, que estamos en un \u201cmomento clave en nuestra historia, un momento bisagra en el que tenemos enormes desaf\u00edos por delante y la oportunidad de discutir en t\u00e9rminos m\u00e1s amplios el rol que juegan las ciudades, las comunidades y el territorio en resolver, no s\u00f3lo las crisis, tambi\u00e9n los desaf\u00edos pol\u00edticos, sociales y econ\u00f3micos.\u201d<\/p>\n\n\n\n<p>Para el director ARQ UC, \u201credactar una nueva constituci\u00f3n nos abre oportunidades para concordar democr\u00e1ticamente una ruta a seguir que supere los cortoplacismos de los gobiernos\u201d. As\u00ed, desde la perspectiva optimista que abre esta discusi\u00f3n, Bresciani destac\u00f3 la posibilidad de ver \u201ccomo nos autogobernamos para resolver estos problemas que son de la &#8216;casa&#8217; com\u00fan\u201d.<\/p>\n\n\n\n<p>Ve la conversaci\u00f3n en el siguiente&nbsp;<a href=\"https:\/\/www.youtube.com\/watch?v=kQ2dmzM0xmU\" target=\"_blank\" rel=\"noreferrer noopener\">link<\/a><\/p>\n\n\n\n<p>Noticias<\/p>\n\n\n\n<p>Contacto:&nbsp;<a href=\"mailto:redesarq@uc.cl\">redesarq@uc.cl<\/a>&nbsp;| +56 2 2354 7747<br>www.arquitectura.uc.cl<\/p>\n","protected":false},"excerpt":{"rendered":"<p>El director ARQ UC convers\u00f3 junto a Maisa Rojas \u2014directora del Centro de Ciencia del Clima y Resiliencia CR2\u2014, en la tercera sesi\u00f3n del ciclo \u201cDi\u00e1logos sin fronteras\u201d, organizado por el Consejo Nacional de Desarrollo Urbano (CNDU) junto al Programa de las Naciones Unidas para el Desarrollo (PNUD).<\/p>\n","protected":false},"author":1,"featured_media":7988,"comment_status":"open","ping_status":"open","sticky":false,"template":"","format":"standard","meta":{"_acf_changed":false,"footnotes":""},"categories":[1],"tags":[],"class_list":["post-7986","post","type-post","status-publish","format-standard","has-post-thumbnail","hentry","category-sin-categorizar"],"acf":[],"yoast_head":"<!-- This site is optimized with the Yoast SEO plugin v27.1.1 - https:\/\/yoast.com\/product\/yoast-seo-wordpress\/ -->\n<title>Luis Eduardo Bresciani particip\u00f3 como anfitri\u00f3n en ciclo del CNDU - Facultad de Arquitectura, Dise\u00f1o y Estudios Urbanos<\/title>\n<meta name=\"description\" content=\"El director ARQ UC convers\u00f3 junto a Maisa Rojas \u2014directora del Centro de Ciencia del Clima y Resiliencia CR2\u2014, en la tercera sesi\u00f3n del ciclo \u201cDi\u00e1logos sin fronteras\u201d, organizado por el Consejo Nacional de Desarrollo Urbano (CNDU) junto al Programa de las Naciones Unidas para el Desarrollo (PNUD).\" \/>\n<meta name=\"robots\" content=\"index, follow, max-snippet:-1, max-image-preview:large, max-video-preview:-1\" \/>\n<link rel=\"canonical\" href=\"https:\/\/fadeu.urantiacos.cl\/en\/2020\/11\/02\/luis-eduardo-bresciani-participo-como-anfitrion-en-ciclo-del-cndu\/\" \/>\n<meta property=\"og:locale\" content=\"en_US\" \/>\n<meta property=\"og:type\" content=\"article\" \/>\n<meta property=\"og:title\" content=\"Luis Eduardo Bresciani particip\u00f3 como anfitri\u00f3n en ciclo del CNDU - Facultad de Arquitectura, Dise\u00f1o y Estudios Urbanos\" \/>\n<meta property=\"og:description\" content=\"El director ARQ UC convers\u00f3 junto a Maisa Rojas \u2014directora del Centro de Ciencia del Clima y Resiliencia CR2\u2014, en la tercera sesi\u00f3n del ciclo \u201cDi\u00e1logos sin fronteras\u201d, organizado por el Consejo Nacional de Desarrollo Urbano (CNDU) junto al Programa de las Naciones Unidas para el Desarrollo (PNUD).\" \/>\n<meta property=\"og:url\" content=\"https:\/\/fadeu.urantiacos.cl\/en\/2020\/11\/02\/luis-eduardo-bresciani-participo-como-anfitrion-en-ciclo-del-cndu\/\" \/>\n<meta property=\"og:site_name\" content=\"Facultad de Arquitectura, Dise\u00f1o y Estudios Urbanos\" \/>\n<meta property=\"article:published_time\" content=\"2020-11-02T21:27:00+00:00\" \/>\n<meta property=\"article:modified_time\" content=\"2023-09-09T21:28:41+00:00\" \/>\n<meta property=\"og:image\" content=\"https:\/\/fadeu.urantiacos.cl\/wp-content\/uploads\/2023\/09\/LEB_FADEU.jpg\" \/>\n\t<meta property=\"og:image:width\" content=\"350\" \/>\n\t<meta property=\"og:image:height\" content=\"250\" \/>\n\t<meta property=\"og:image:type\" content=\"image\/jpeg\" \/>\n<meta name=\"author\" content=\"manadmin\" \/>\n<meta name=\"twitter:card\" content=\"summary_large_image\" \/>\n<meta name=\"twitter:label1\" content=\"Written by\" \/>\n\t<meta name=\"twitter:data1\" content=\"manadmin\" \/>\n\t<meta name=\"twitter:label2\" content=\"Est. reading time\" \/>\n\t<meta name=\"twitter:data2\" content=\"1 minute\" \/>\n<script type=\"application\/ld+json\" class=\"yoast-schema-graph\">{\"@context\":\"https:\/\/schema.org\",\"@graph\":[{\"@type\":\"Article\",\"@id\":\"https:\/\/fadeu.urantiacos.cl\/en\/2020\/11\/02\/luis-eduardo-bresciani-participo-como-anfitrion-en-ciclo-del-cndu\/#article\",\"isPartOf\":{\"@id\":\"https:\/\/fadeu.urantiacos.cl\/en\/2020\/11\/02\/luis-eduardo-bresciani-participo-como-anfitrion-en-ciclo-del-cndu\/\"},\"author\":{\"name\":\"manadmin\",\"@id\":\"https:\/\/fadeu.urantiacos.cl\/en\/#\/schema\/person\/d203e2e84b1c40275eac77b3061a19a2\"},\"headline\":\"Luis Eduardo Bresciani particip\u00f3 como anfitri\u00f3n en ciclo del CNDU\",\"datePublished\":\"2020-11-02T21:27:00+00:00\",\"dateModified\":\"2023-09-09T21:28:41+00:00\",\"mainEntityOfPage\":{\"@id\":\"https:\/\/fadeu.urantiacos.cl\/en\/2020\/11\/02\/luis-eduardo-bresciani-participo-como-anfitrion-en-ciclo-del-cndu\/\"},\"wordCount\":191,\"commentCount\":0,\"image\":{\"@id\":\"https:\/\/fadeu.urantiacos.cl\/en\/2020\/11\/02\/luis-eduardo-bresciani-participo-como-anfitrion-en-ciclo-del-cndu\/#primaryimage\"},\"thumbnailUrl\":\"https:\/\/fadeu.urantiacos.cl\/wp-content\/uploads\/2023\/09\/LEB_FADEU.jpg\",\"articleSection\":[\"Sin categorizar\"],\"inLanguage\":\"en-US\",\"potentialAction\":[{\"@type\":\"CommentAction\",\"name\":\"Comment\",\"target\":[\"https:\/\/fadeu.urantiacos.cl\/en\/2020\/11\/02\/luis-eduardo-bresciani-participo-como-anfitrion-en-ciclo-del-cndu\/#respond\"]}]},{\"@type\":\"WebPage\",\"@id\":\"https:\/\/fadeu.urantiacos.cl\/en\/2020\/11\/02\/luis-eduardo-bresciani-participo-como-anfitrion-en-ciclo-del-cndu\/\",\"url\":\"https:\/\/fadeu.urantiacos.cl\/en\/2020\/11\/02\/luis-eduardo-bresciani-participo-como-anfitrion-en-ciclo-del-cndu\/\",\"name\":\"Luis Eduardo Bresciani particip\u00f3 como anfitri\u00f3n en ciclo del CNDU - Facultad de Arquitectura, Dise\u00f1o y Estudios Urbanos\",\"isPartOf\":{\"@id\":\"https:\/\/fadeu.urantiacos.cl\/en\/#website\"},\"primaryImageOfPage\":{\"@id\":\"https:\/\/fadeu.urantiacos.cl\/en\/2020\/11\/02\/luis-eduardo-bresciani-participo-como-anfitrion-en-ciclo-del-cndu\/#primaryimage\"},\"image\":{\"@id\":\"https:\/\/fadeu.urantiacos.cl\/en\/2020\/11\/02\/luis-eduardo-bresciani-participo-como-anfitrion-en-ciclo-del-cndu\/#primaryimage\"},\"thumbnailUrl\":\"https:\/\/fadeu.urantiacos.cl\/wp-content\/uploads\/2023\/09\/LEB_FADEU.jpg\",\"datePublished\":\"2020-11-02T21:27:00+00:00\",\"dateModified\":\"2023-09-09T21:28:41+00:00\",\"author\":{\"@id\":\"https:\/\/fadeu.urantiacos.cl\/en\/#\/schema\/person\/d203e2e84b1c40275eac77b3061a19a2\"},\"description\":\"El director ARQ UC convers\u00f3 junto a Maisa Rojas \u2014directora del Centro de Ciencia del Clima y Resiliencia CR2\u2014, en la tercera sesi\u00f3n del ciclo \u201cDi\u00e1logos sin fronteras\u201d, organizado por el Consejo Nacional de Desarrollo Urbano (CNDU) junto al Programa de las Naciones Unidas para el Desarrollo (PNUD).\",\"breadcrumb\":{\"@id\":\"https:\/\/fadeu.urantiacos.cl\/en\/2020\/11\/02\/luis-eduardo-bresciani-participo-como-anfitrion-en-ciclo-del-cndu\/#breadcrumb\"},\"inLanguage\":\"en-US\",\"potentialAction\":[{\"@type\":\"ReadAction\",\"target\":[\"https:\/\/fadeu.urantiacos.cl\/en\/2020\/11\/02\/luis-eduardo-bresciani-participo-como-anfitrion-en-ciclo-del-cndu\/\"]}]},{\"@type\":\"ImageObject\",\"inLanguage\":\"en-US\",\"@id\":\"https:\/\/fadeu.urantiacos.cl\/en\/2020\/11\/02\/luis-eduardo-bresciani-participo-como-anfitrion-en-ciclo-del-cndu\/#primaryimage\",\"url\":\"https:\/\/fadeu.urantiacos.cl\/wp-content\/uploads\/2023\/09\/LEB_FADEU.jpg\",\"contentUrl\":\"https:\/\/fadeu.urantiacos.cl\/wp-content\/uploads\/2023\/09\/LEB_FADEU.jpg\",\"width\":350,\"height\":250},{\"@type\":\"BreadcrumbList\",\"@id\":\"https:\/\/fadeu.urantiacos.cl\/en\/2020\/11\/02\/luis-eduardo-bresciani-participo-como-anfitrion-en-ciclo-del-cndu\/#breadcrumb\",\"itemListElement\":[{\"@type\":\"ListItem\",\"position\":1,\"name\":\"Portada\",\"item\":\"https:\/\/fadeu.urantiacos.cl\/en\/\"},{\"@type\":\"ListItem\",\"position\":2,\"name\":\"Luis Eduardo Bresciani particip\u00f3 como anfitri\u00f3n en ciclo del CNDU\"}]},{\"@type\":\"WebSite\",\"@id\":\"https:\/\/fadeu.urantiacos.cl\/en\/#website\",\"url\":\"https:\/\/fadeu.urantiacos.cl\/en\/\",\"name\":\"Facultad de Arquitectura, Dise\u00f1o y Estudios Urbanos\",\"description\":\"Campus Lo Contador\",\"potentialAction\":[{\"@type\":\"SearchAction\",\"target\":{\"@type\":\"EntryPoint\",\"urlTemplate\":\"https:\/\/fadeu.urantiacos.cl\/en\/?s={search_term_string}\"},\"query-input\":{\"@type\":\"PropertyValueSpecification\",\"valueRequired\":true,\"valueName\":\"search_term_string\"}}],\"inLanguage\":\"en-US\"},{\"@type\":\"Person\",\"@id\":\"https:\/\/fadeu.urantiacos.cl\/en\/#\/schema\/person\/d203e2e84b1c40275eac77b3061a19a2\",\"name\":\"manadmin\",\"image\":{\"@type\":\"ImageObject\",\"inLanguage\":\"en-US\",\"@id\":\"https:\/\/fadeu.urantiacos.cl\/en\/#\/schema\/person\/image\/\",\"url\":\"https:\/\/secure.gravatar.com\/avatar\/4b1d8e3303b4a9d8968ac578947d8bc80d9aea359f388cdd4aac15cadc0e8447?s=96&d=mm&r=g\",\"contentUrl\":\"https:\/\/secure.gravatar.com\/avatar\/4b1d8e3303b4a9d8968ac578947d8bc80d9aea359f388cdd4aac15cadc0e8447?s=96&d=mm&r=g\",\"caption\":\"manadmin\"},\"sameAs\":[\"https:\/\/fadeu.urantiacos.cl\"]}]}<\/script>\n<!-- \/ Yoast SEO plugin. -->","yoast_head_json":{"title":"Luis Eduardo Bresciani particip\u00f3 como anfitri\u00f3n en ciclo del CNDU - Facultad de Arquitectura, Dise\u00f1o y Estudios Urbanos","description":"El director ARQ UC convers\u00f3 junto a Maisa Rojas \u2014directora del Centro de Ciencia del Clima y Resiliencia CR2\u2014, en la tercera sesi\u00f3n del ciclo \u201cDi\u00e1logos sin fronteras\u201d, organizado por el Consejo Nacional de Desarrollo Urbano (CNDU) junto al Programa de las Naciones Unidas para el Desarrollo (PNUD).","robots":{"index":"index","follow":"follow","max-snippet":"max-snippet:-1","max-image-preview":"max-image-preview:large","max-video-preview":"max-video-preview:-1"},"canonical":"https:\/\/fadeu.urantiacos.cl\/en\/2020\/11\/02\/luis-eduardo-bresciani-participo-como-anfitrion-en-ciclo-del-cndu\/","og_locale":"en_US","og_type":"article","og_title":"Luis Eduardo Bresciani particip\u00f3 como anfitri\u00f3n en ciclo del CNDU - Facultad de Arquitectura, Dise\u00f1o y Estudios Urbanos","og_description":"El director ARQ UC convers\u00f3 junto a Maisa Rojas \u2014directora del Centro de Ciencia del Clima y Resiliencia CR2\u2014, en la tercera sesi\u00f3n del ciclo \u201cDi\u00e1logos sin fronteras\u201d, organizado por el Consejo Nacional de Desarrollo Urbano (CNDU) junto al Programa de las Naciones Unidas para el Desarrollo (PNUD).","og_url":"https:\/\/fadeu.urantiacos.cl\/en\/2020\/11\/02\/luis-eduardo-bresciani-participo-como-anfitrion-en-ciclo-del-cndu\/","og_site_name":"Facultad de Arquitectura, Dise\u00f1o y Estudios Urbanos","article_published_time":"2020-11-02T21:27:00+00:00","article_modified_time":"2023-09-09T21:28:41+00:00","og_image":[{"width":350,"height":250,"url":"https:\/\/fadeu.urantiacos.cl\/wp-content\/uploads\/2023\/09\/LEB_FADEU.jpg","type":"image\/jpeg"}],"author":"manadmin","twitter_card":"summary_large_image","twitter_misc":{"Written by":"manadmin","Est. reading time":"1 minute"},"schema":{"@context":"https:\/\/schema.org","@graph":[{"@type":"Article","@id":"https:\/\/fadeu.urantiacos.cl\/en\/2020\/11\/02\/luis-eduardo-bresciani-participo-como-anfitrion-en-ciclo-del-cndu\/#article","isPartOf":{"@id":"https:\/\/fadeu.urantiacos.cl\/en\/2020\/11\/02\/luis-eduardo-bresciani-participo-como-anfitrion-en-ciclo-del-cndu\/"},"author":{"name":"manadmin","@id":"https:\/\/fadeu.urantiacos.cl\/en\/#\/schema\/person\/d203e2e84b1c40275eac77b3061a19a2"},"headline":"Luis Eduardo Bresciani particip\u00f3 como anfitri\u00f3n en ciclo del CNDU","datePublished":"2020-11-02T21:27:00+00:00","dateModified":"2023-09-09T21:28:41+00:00","mainEntityOfPage":{"@id":"https:\/\/fadeu.urantiacos.cl\/en\/2020\/11\/02\/luis-eduardo-bresciani-participo-como-anfitrion-en-ciclo-del-cndu\/"},"wordCount":191,"commentCount":0,"image":{"@id":"https:\/\/fadeu.urantiacos.cl\/en\/2020\/11\/02\/luis-eduardo-bresciani-participo-como-anfitrion-en-ciclo-del-cndu\/#primaryimage"},"thumbnailUrl":"https:\/\/fadeu.urantiacos.cl\/wp-content\/uploads\/2023\/09\/LEB_FADEU.jpg","articleSection":["Sin categorizar"],"inLanguage":"en-US","potentialAction":[{"@type":"CommentAction","name":"Comment","target":["https:\/\/fadeu.urantiacos.cl\/en\/2020\/11\/02\/luis-eduardo-bresciani-participo-como-anfitrion-en-ciclo-del-cndu\/#respond"]}]},{"@type":"WebPage","@id":"https:\/\/fadeu.urantiacos.cl\/en\/2020\/11\/02\/luis-eduardo-bresciani-participo-como-anfitrion-en-ciclo-del-cndu\/","url":"https:\/\/fadeu.urantiacos.cl\/en\/2020\/11\/02\/luis-eduardo-bresciani-participo-como-anfitrion-en-ciclo-del-cndu\/","name":"Luis Eduardo Bresciani particip\u00f3 como anfitri\u00f3n en ciclo del CNDU - Facultad de Arquitectura, Dise\u00f1o y Estudios Urbanos","isPartOf":{"@id":"https:\/\/fadeu.urantiacos.cl\/en\/#website"},"primaryImageOfPage":{"@id":"https:\/\/fadeu.urantiacos.cl\/en\/2020\/11\/02\/luis-eduardo-bresciani-participo-como-anfitrion-en-ciclo-del-cndu\/#primaryimage"},"image":{"@id":"https:\/\/fadeu.urantiacos.cl\/en\/2020\/11\/02\/luis-eduardo-bresciani-participo-como-anfitrion-en-ciclo-del-cndu\/#primaryimage"},"thumbnailUrl":"https:\/\/fadeu.urantiacos.cl\/wp-content\/uploads\/2023\/09\/LEB_FADEU.jpg","datePublished":"2020-11-02T21:27:00+00:00","dateModified":"2023-09-09T21:28:41+00:00","author":{"@id":"https:\/\/fadeu.urantiacos.cl\/en\/#\/schema\/person\/d203e2e84b1c40275eac77b3061a19a2"},"description":"El director ARQ UC convers\u00f3 junto a Maisa Rojas \u2014directora del Centro de Ciencia del Clima y Resiliencia CR2\u2014, en la tercera sesi\u00f3n del ciclo \u201cDi\u00e1logos sin fronteras\u201d, organizado por el Consejo Nacional de Desarrollo Urbano (CNDU) junto al Programa de las Naciones Unidas para el Desarrollo (PNUD).","breadcrumb":{"@id":"https:\/\/fadeu.urantiacos.cl\/en\/2020\/11\/02\/luis-eduardo-bresciani-participo-como-anfitrion-en-ciclo-del-cndu\/#breadcrumb"},"inLanguage":"en-US","potentialAction":[{"@type":"ReadAction","target":["https:\/\/fadeu.urantiacos.cl\/en\/2020\/11\/02\/luis-eduardo-bresciani-participo-como-anfitrion-en-ciclo-del-cndu\/"]}]},{"@type":"ImageObject","inLanguage":"en-US","@id":"https:\/\/fadeu.urantiacos.cl\/en\/2020\/11\/02\/luis-eduardo-bresciani-participo-como-anfitrion-en-ciclo-del-cndu\/#primaryimage","url":"https:\/\/fadeu.urantiacos.cl\/wp-content\/uploads\/2023\/09\/LEB_FADEU.jpg","contentUrl":"https:\/\/fadeu.urantiacos.cl\/wp-content\/uploads\/2023\/09\/LEB_FADEU.jpg","width":350,"height":250},{"@type":"BreadcrumbList","@id":"https:\/\/fadeu.urantiacos.cl\/en\/2020\/11\/02\/luis-eduardo-bresciani-participo-como-anfitrion-en-ciclo-del-cndu\/#breadcrumb","itemListElement":[{"@type":"ListItem","position":1,"name":"Portada","item":"https:\/\/fadeu.urantiacos.cl\/en\/"},{"@type":"ListItem","position":2,"name":"Luis Eduardo Bresciani particip\u00f3 como anfitri\u00f3n en ciclo del CNDU"}]},{"@type":"WebSite","@id":"https:\/\/fadeu.urantiacos.cl\/en\/#website","url":"https:\/\/fadeu.urantiacos.cl\/en\/","name":"Facultad de Arquitectura, Dise\u00f1o y Estudios Urbanos","description":"Campus Lo Contador","potentialAction":[{"@type":"SearchAction","target":{"@type":"EntryPoint","urlTemplate":"https:\/\/fadeu.urantiacos.cl\/en\/?s={search_term_string}"},"query-input":{"@type":"PropertyValueSpecification","valueRequired":true,"valueName":"search_term_string"}}],"inLanguage":"en-US"},{"@type":"Person","@id":"https:\/\/fadeu.urantiacos.cl\/en\/#\/schema\/person\/d203e2e84b1c40275eac77b3061a19a2","name":"manadmin","image":{"@type":"ImageObject","inLanguage":"en-US","@id":"https:\/\/fadeu.urantiacos.cl\/en\/#\/schema\/person\/image\/","url":"https:\/\/secure.gravatar.com\/avatar\/4b1d8e3303b4a9d8968ac578947d8bc80d9aea359f388cdd4aac15cadc0e8447?s=96&d=mm&r=g","contentUrl":"https:\/\/secure.gravatar.com\/avatar\/4b1d8e3303b4a9d8968ac578947d8bc80d9aea359f388cdd4aac15cadc0e8447?s=96&d=mm&r=g","caption":"manadmin"},"sameAs":["https:\/\/fadeu.urantiacos.cl"]}]}},"_links":{"self":[{"href":"https:\/\/fadeu.urantiacos.cl\/en\/wp-json\/wp\/v2\/posts\/7986","targetHints":{"allow":["GET"]}}],"collection":[{"href":"https:\/\/fadeu.urantiacos.cl\/en\/wp-json\/wp\/v2\/posts"}],"about":[{"href":"https:\/\/fadeu.urantiacos.cl\/en\/wp-json\/wp\/v2\/types\/post"}],"author":[{"embeddable":true,"href":"https:\/\/fadeu.urantiacos.cl\/en\/wp-json\/wp\/v2\/users\/1"}],"replies":[{"embeddable":true,"href":"https:\/\/fadeu.urantiacos.cl\/en\/wp-json\/wp\/v2\/comments?post=7986"}],"version-history":[{"count":1,"href":"https:\/\/fadeu.urantiacos.cl\/en\/wp-json\/wp\/v2\/posts\/7986\/revisions"}],"predecessor-version":[{"id":7989,"href":"https:\/\/fadeu.urantiacos.cl\/en\/wp-json\/wp\/v2\/posts\/7986\/revisions\/7989"}],"wp:featuredmedia":[{"embeddable":true,"href":"https:\/\/fadeu.urantiacos.cl\/en\/wp-json\/wp\/v2\/media\/7988"}],"wp:attachment":[{"href":"https:\/\/fadeu.urantiacos.cl\/en\/wp-json\/wp\/v2\/media?parent=7986"}],"wp:term":[{"taxonomy":"category","embeddable":true,"href":"https:\/\/fadeu.urantiacos.cl\/en\/wp-json\/wp\/v2\/categories?post=7986"},{"taxonomy":"post_tag","embeddable":true,"href":"https:\/\/fadeu.urantiacos.cl\/en\/wp-json\/wp\/v2\/tags?post=7986"}],"curies":[{"name":"wp","href":"https:\/\/api.w.org\/{rel}","templated":true}]}}