{"id":7982,"date":"2020-11-02T18:25:00","date_gmt":"2020-11-02T21:25:00","guid":{"rendered":"https:\/\/fadeu.urantiacos.cl\/?p=7982"},"modified":"2023-09-09T18:27:01","modified_gmt":"2023-09-09T21:27:01","slug":"loreto-lyon-es-parte-de-la-nomina-de-candidatos-al-directorio-del-colegio-de-arquitectos","status":"publish","type":"post","link":"https:\/\/fadeu.urantiacos.cl\/en\/2020\/11\/02\/loreto-lyon-es-parte-de-la-nomina-de-candidatos-al-directorio-del-colegio-de-arquitectos\/","title":{"rendered":"Loreto Lyon es parte de la n\u00f3mina de candidatos al directorio del Colegio de Arquitectos"},"content":{"rendered":"\n<figure class=\"wp-block-image size-full\"><img decoding=\"async\" width=\"350\" height=\"250\" src=\"https:\/\/fadeu.urantiacos.cl\/wp-content\/uploads\/2023\/09\/loretolyon_web.png\" alt=\"\" class=\"wp-image-7984\" srcset=\"https:\/\/fadeu.urantiacos.cl\/wp-content\/uploads\/2023\/09\/loretolyon_web.png 350w, https:\/\/fadeu.urantiacos.cl\/wp-content\/uploads\/2023\/09\/loretolyon_web-300x214.png 300w\" sizes=\"(max-width: 350px) 100vw, 350px\" \/><\/figure>\n\n\n\n<p>Las elecciones del Colegio de Arquitectos se realizar\u00e1n en formato remoto entre los d\u00edas 5 y 6 de noviembre. Esta instancia renovar\u00e1 la totalidad de los miembros que conformar\u00e1n tanto el Directorio Nacional y el Tribunal de \u00c9tica Nacional (TEN) como los directorios de Delegaciones Zonales y Tribunales de \u00c9tica Regionales (TER) a lo largo de todo el pa\u00eds. Las figuras elegidas para los distintos organismos del Colegio de Arquitectos asumir\u00e1n este a\u00f1o y cumplir\u00e1n dichos roles al menos hasta 2022, ya que, para dar continuidad en la gesti\u00f3n del organismo, los nuevos estatutos permiten mantener al 50 % del directorio por otros dos a\u00f1os.<\/p>\n\n\n\n<p>El Colegio de Arquitectos de Chile realiz\u00f3 el llamado a elecciones oficialmente el 4 de septiembre de 2020 y, de acuerdo al reglamento, public\u00f3 el aviso en un diario nacional, en este caso El Mostrador, el 16 de octubre. La Comisi\u00f3n Calificadora de Elecciones est\u00e1 integrada por Humberto Eliash, Patricio Gross, Nieves Balbontin, Luis Eduardo Gonz\u00e1lez, Eduardo P\u00e9rez y Diego Rebolledo.<\/p>\n\n\n\n<p>La asamblea que proclamar\u00e1 a los candidatos elegidos ser\u00e1 realizada v\u00eda zoom el d\u00eda lunes 23 de noviembre de 2020.<\/p>\n\n\n\n<p>Ver m\u00e1s en el siguiente&nbsp;<a href=\"http:\/\/colegioarquitectos.com\/noticias\/?p=25746\" target=\"_blank\" rel=\"noreferrer noopener\">link<\/a>&nbsp;<\/p>\n\n\n\n<p>Noticias<\/p>\n\n\n\n<p>Contacto:&nbsp;<a href=\"mailto:redesarq@uc.cl\">redesarq@uc.cl<\/a>&nbsp;| +56 2 2354 7747<br>www.arquitectura.uc.cl<\/p>\n","protected":false},"excerpt":{"rendered":"<p>La arquitecta y profesora ARQ UC es parte de la lista oficial de posibles miembros del directorio del Colegio de Arquitectos de Chile (CA), listado que incluye a Crist\u00f3bal Molina, profesor invitado ARQ UC y coordinador de Arquitectura del Ministerio de las Culturas, las Artes y el Patrimonio.<\/p>\n","protected":false},"author":1,"featured_media":7984,"comment_status":"open","ping_status":"open","sticky":false,"template":"","format":"standard","meta":{"_acf_changed":false,"footnotes":""},"categories":[1],"tags":[],"class_list":["post-7982","post","type-post","status-publish","format-standard","has-post-thumbnail","hentry","category-sin-categorizar"],"acf":[],"yoast_head":"<!-- This site is optimized with the Yoast SEO plugin v27.1.1 - https:\/\/yoast.com\/product\/yoast-seo-wordpress\/ -->\n<title>Loreto Lyon es parte de la n\u00f3mina de candidatos al directorio del Colegio de Arquitectos - Facultad de Arquitectura, Dise\u00f1o y Estudios Urbanos<\/title>\n<meta name=\"description\" content=\"La arquitecta y profesora ARQ UC es parte de la lista oficial de posibles miembros del directorio del Colegio de Arquitectos de Chile (CA), listado que incluye a Crist\u00f3bal Molina, profesor invitado ARQ UC y coordinador de Arquitectura del Ministerio de las Culturas, las Artes y el Patrimonio.\" \/>\n<meta name=\"robots\" content=\"index, follow, max-snippet:-1, max-image-preview:large, max-video-preview:-1\" \/>\n<link rel=\"canonical\" href=\"https:\/\/fadeu.urantiacos.cl\/en\/2020\/11\/02\/loreto-lyon-es-parte-de-la-nomina-de-candidatos-al-directorio-del-colegio-de-arquitectos\/\" \/>\n<meta property=\"og:locale\" content=\"en_US\" \/>\n<meta property=\"og:type\" content=\"article\" \/>\n<meta property=\"og:title\" content=\"Loreto Lyon es parte de la n\u00f3mina de candidatos al directorio del Colegio de Arquitectos - Facultad de Arquitectura, Dise\u00f1o y Estudios Urbanos\" \/>\n<meta property=\"og:description\" content=\"La arquitecta y profesora ARQ UC es parte de la lista oficial de posibles miembros del directorio del Colegio de Arquitectos de Chile (CA), listado que incluye a Crist\u00f3bal Molina, profesor invitado ARQ UC y coordinador de Arquitectura del Ministerio de las Culturas, las Artes y el Patrimonio.\" \/>\n<meta property=\"og:url\" content=\"https:\/\/fadeu.urantiacos.cl\/en\/2020\/11\/02\/loreto-lyon-es-parte-de-la-nomina-de-candidatos-al-directorio-del-colegio-de-arquitectos\/\" \/>\n<meta property=\"og:site_name\" content=\"Facultad de Arquitectura, Dise\u00f1o y Estudios Urbanos\" \/>\n<meta property=\"article:published_time\" content=\"2020-11-02T21:25:00+00:00\" \/>\n<meta property=\"article:modified_time\" content=\"2023-09-09T21:27:01+00:00\" \/>\n<meta property=\"og:image\" content=\"https:\/\/fadeu.urantiacos.cl\/wp-content\/uploads\/2023\/09\/loretolyon_web.png\" \/>\n\t<meta property=\"og:image:width\" content=\"350\" \/>\n\t<meta property=\"og:image:height\" content=\"250\" \/>\n\t<meta property=\"og:image:type\" content=\"image\/png\" \/>\n<meta name=\"author\" content=\"manadmin\" \/>\n<meta name=\"twitter:card\" content=\"summary_large_image\" \/>\n<meta name=\"twitter:label1\" content=\"Written by\" \/>\n\t<meta name=\"twitter:data1\" content=\"manadmin\" \/>\n\t<meta name=\"twitter:label2\" content=\"Est. reading time\" \/>\n\t<meta name=\"twitter:data2\" content=\"1 minute\" \/>\n<script type=\"application\/ld+json\" class=\"yoast-schema-graph\">{\"@context\":\"https:\/\/schema.org\",\"@graph\":[{\"@type\":\"Article\",\"@id\":\"https:\/\/fadeu.urantiacos.cl\/en\/2020\/11\/02\/loreto-lyon-es-parte-de-la-nomina-de-candidatos-al-directorio-del-colegio-de-arquitectos\/#article\",\"isPartOf\":{\"@id\":\"https:\/\/fadeu.urantiacos.cl\/en\/2020\/11\/02\/loreto-lyon-es-parte-de-la-nomina-de-candidatos-al-directorio-del-colegio-de-arquitectos\/\"},\"author\":{\"name\":\"manadmin\",\"@id\":\"https:\/\/fadeu.urantiacos.cl\/en\/#\/schema\/person\/d203e2e84b1c40275eac77b3061a19a2\"},\"headline\":\"Loreto Lyon es parte de la n\u00f3mina de candidatos al directorio del Colegio de Arquitectos\",\"datePublished\":\"2020-11-02T21:25:00+00:00\",\"dateModified\":\"2023-09-09T21:27:01+00:00\",\"mainEntityOfPage\":{\"@id\":\"https:\/\/fadeu.urantiacos.cl\/en\/2020\/11\/02\/loreto-lyon-es-parte-de-la-nomina-de-candidatos-al-directorio-del-colegio-de-arquitectos\/\"},\"wordCount\":226,\"commentCount\":0,\"image\":{\"@id\":\"https:\/\/fadeu.urantiacos.cl\/en\/2020\/11\/02\/loreto-lyon-es-parte-de-la-nomina-de-candidatos-al-directorio-del-colegio-de-arquitectos\/#primaryimage\"},\"thumbnailUrl\":\"https:\/\/fadeu.urantiacos.cl\/wp-content\/uploads\/2023\/09\/loretolyon_web.png\",\"articleSection\":[\"Sin categorizar\"],\"inLanguage\":\"en-US\",\"potentialAction\":[{\"@type\":\"CommentAction\",\"name\":\"Comment\",\"target\":[\"https:\/\/fadeu.urantiacos.cl\/en\/2020\/11\/02\/loreto-lyon-es-parte-de-la-nomina-de-candidatos-al-directorio-del-colegio-de-arquitectos\/#respond\"]}]},{\"@type\":\"WebPage\",\"@id\":\"https:\/\/fadeu.urantiacos.cl\/en\/2020\/11\/02\/loreto-lyon-es-parte-de-la-nomina-de-candidatos-al-directorio-del-colegio-de-arquitectos\/\",\"url\":\"https:\/\/fadeu.urantiacos.cl\/en\/2020\/11\/02\/loreto-lyon-es-parte-de-la-nomina-de-candidatos-al-directorio-del-colegio-de-arquitectos\/\",\"name\":\"Loreto Lyon es parte de la n\u00f3mina de candidatos al directorio del Colegio de Arquitectos - Facultad de Arquitectura, Dise\u00f1o y Estudios Urbanos\",\"isPartOf\":{\"@id\":\"https:\/\/fadeu.urantiacos.cl\/en\/#website\"},\"primaryImageOfPage\":{\"@id\":\"https:\/\/fadeu.urantiacos.cl\/en\/2020\/11\/02\/loreto-lyon-es-parte-de-la-nomina-de-candidatos-al-directorio-del-colegio-de-arquitectos\/#primaryimage\"},\"image\":{\"@id\":\"https:\/\/fadeu.urantiacos.cl\/en\/2020\/11\/02\/loreto-lyon-es-parte-de-la-nomina-de-candidatos-al-directorio-del-colegio-de-arquitectos\/#primaryimage\"},\"thumbnailUrl\":\"https:\/\/fadeu.urantiacos.cl\/wp-content\/uploads\/2023\/09\/loretolyon_web.png\",\"datePublished\":\"2020-11-02T21:25:00+00:00\",\"dateModified\":\"2023-09-09T21:27:01+00:00\",\"author\":{\"@id\":\"https:\/\/fadeu.urantiacos.cl\/en\/#\/schema\/person\/d203e2e84b1c40275eac77b3061a19a2\"},\"description\":\"La arquitecta y profesora ARQ UC es parte de la lista oficial de posibles miembros del directorio del Colegio de Arquitectos de Chile (CA), listado que incluye a Crist\u00f3bal Molina, profesor invitado ARQ UC y coordinador de Arquitectura del Ministerio de las Culturas, las Artes y el Patrimonio.\",\"breadcrumb\":{\"@id\":\"https:\/\/fadeu.urantiacos.cl\/en\/2020\/11\/02\/loreto-lyon-es-parte-de-la-nomina-de-candidatos-al-directorio-del-colegio-de-arquitectos\/#breadcrumb\"},\"inLanguage\":\"en-US\",\"potentialAction\":[{\"@type\":\"ReadAction\",\"target\":[\"https:\/\/fadeu.urantiacos.cl\/en\/2020\/11\/02\/loreto-lyon-es-parte-de-la-nomina-de-candidatos-al-directorio-del-colegio-de-arquitectos\/\"]}]},{\"@type\":\"ImageObject\",\"inLanguage\":\"en-US\",\"@id\":\"https:\/\/fadeu.urantiacos.cl\/en\/2020\/11\/02\/loreto-lyon-es-parte-de-la-nomina-de-candidatos-al-directorio-del-colegio-de-arquitectos\/#primaryimage\",\"url\":\"https:\/\/fadeu.urantiacos.cl\/wp-content\/uploads\/2023\/09\/loretolyon_web.png\",\"contentUrl\":\"https:\/\/fadeu.urantiacos.cl\/wp-content\/uploads\/2023\/09\/loretolyon_web.png\",\"width\":350,\"height\":250},{\"@type\":\"BreadcrumbList\",\"@id\":\"https:\/\/fadeu.urantiacos.cl\/en\/2020\/11\/02\/loreto-lyon-es-parte-de-la-nomina-de-candidatos-al-directorio-del-colegio-de-arquitectos\/#breadcrumb\",\"itemListElement\":[{\"@type\":\"ListItem\",\"position\":1,\"name\":\"Portada\",\"item\":\"https:\/\/fadeu.urantiacos.cl\/en\/\"},{\"@type\":\"ListItem\",\"position\":2,\"name\":\"Loreto Lyon es parte de la n\u00f3mina de candidatos al directorio del Colegio de Arquitectos\"}]},{\"@type\":\"WebSite\",\"@id\":\"https:\/\/fadeu.urantiacos.cl\/en\/#website\",\"url\":\"https:\/\/fadeu.urantiacos.cl\/en\/\",\"name\":\"Facultad de Arquitectura, Dise\u00f1o y Estudios Urbanos\",\"description\":\"Campus Lo Contador\",\"potentialAction\":[{\"@type\":\"SearchAction\",\"target\":{\"@type\":\"EntryPoint\",\"urlTemplate\":\"https:\/\/fadeu.urantiacos.cl\/en\/?s={search_term_string}\"},\"query-input\":{\"@type\":\"PropertyValueSpecification\",\"valueRequired\":true,\"valueName\":\"search_term_string\"}}],\"inLanguage\":\"en-US\"},{\"@type\":\"Person\",\"@id\":\"https:\/\/fadeu.urantiacos.cl\/en\/#\/schema\/person\/d203e2e84b1c40275eac77b3061a19a2\",\"name\":\"manadmin\",\"image\":{\"@type\":\"ImageObject\",\"inLanguage\":\"en-US\",\"@id\":\"https:\/\/fadeu.urantiacos.cl\/en\/#\/schema\/person\/image\/\",\"url\":\"https:\/\/secure.gravatar.com\/avatar\/4b1d8e3303b4a9d8968ac578947d8bc80d9aea359f388cdd4aac15cadc0e8447?s=96&d=mm&r=g\",\"contentUrl\":\"https:\/\/secure.gravatar.com\/avatar\/4b1d8e3303b4a9d8968ac578947d8bc80d9aea359f388cdd4aac15cadc0e8447?s=96&d=mm&r=g\",\"caption\":\"manadmin\"},\"sameAs\":[\"https:\/\/fadeu.urantiacos.cl\"]}]}<\/script>\n<!-- \/ Yoast SEO plugin. -->","yoast_head_json":{"title":"Loreto Lyon es parte de la n\u00f3mina de candidatos al directorio del Colegio de Arquitectos - Facultad de Arquitectura, Dise\u00f1o y Estudios Urbanos","description":"La arquitecta y profesora ARQ UC es parte de la lista oficial de posibles miembros del directorio del Colegio de Arquitectos de Chile (CA), listado que incluye a Crist\u00f3bal Molina, profesor invitado ARQ UC y coordinador de Arquitectura del Ministerio de las Culturas, las Artes y el Patrimonio.","robots":{"index":"index","follow":"follow","max-snippet":"max-snippet:-1","max-image-preview":"max-image-preview:large","max-video-preview":"max-video-preview:-1"},"canonical":"https:\/\/fadeu.urantiacos.cl\/en\/2020\/11\/02\/loreto-lyon-es-parte-de-la-nomina-de-candidatos-al-directorio-del-colegio-de-arquitectos\/","og_locale":"en_US","og_type":"article","og_title":"Loreto Lyon es parte de la n\u00f3mina de candidatos al directorio del Colegio de Arquitectos - Facultad de Arquitectura, Dise\u00f1o y Estudios Urbanos","og_description":"La arquitecta y profesora ARQ UC es parte de la lista oficial de posibles miembros del directorio del Colegio de Arquitectos de Chile (CA), listado que incluye a Crist\u00f3bal Molina, profesor invitado ARQ UC y coordinador de Arquitectura del Ministerio de las Culturas, las Artes y el Patrimonio.","og_url":"https:\/\/fadeu.urantiacos.cl\/en\/2020\/11\/02\/loreto-lyon-es-parte-de-la-nomina-de-candidatos-al-directorio-del-colegio-de-arquitectos\/","og_site_name":"Facultad de Arquitectura, Dise\u00f1o y Estudios Urbanos","article_published_time":"2020-11-02T21:25:00+00:00","article_modified_time":"2023-09-09T21:27:01+00:00","og_image":[{"width":350,"height":250,"url":"https:\/\/fadeu.urantiacos.cl\/wp-content\/uploads\/2023\/09\/loretolyon_web.png","type":"image\/png"}],"author":"manadmin","twitter_card":"summary_large_image","twitter_misc":{"Written by":"manadmin","Est. reading time":"1 minute"},"schema":{"@context":"https:\/\/schema.org","@graph":[{"@type":"Article","@id":"https:\/\/fadeu.urantiacos.cl\/en\/2020\/11\/02\/loreto-lyon-es-parte-de-la-nomina-de-candidatos-al-directorio-del-colegio-de-arquitectos\/#article","isPartOf":{"@id":"https:\/\/fadeu.urantiacos.cl\/en\/2020\/11\/02\/loreto-lyon-es-parte-de-la-nomina-de-candidatos-al-directorio-del-colegio-de-arquitectos\/"},"author":{"name":"manadmin","@id":"https:\/\/fadeu.urantiacos.cl\/en\/#\/schema\/person\/d203e2e84b1c40275eac77b3061a19a2"},"headline":"Loreto Lyon es parte de la n\u00f3mina de candidatos al directorio del Colegio de Arquitectos","datePublished":"2020-11-02T21:25:00+00:00","dateModified":"2023-09-09T21:27:01+00:00","mainEntityOfPage":{"@id":"https:\/\/fadeu.urantiacos.cl\/en\/2020\/11\/02\/loreto-lyon-es-parte-de-la-nomina-de-candidatos-al-directorio-del-colegio-de-arquitectos\/"},"wordCount":226,"commentCount":0,"image":{"@id":"https:\/\/fadeu.urantiacos.cl\/en\/2020\/11\/02\/loreto-lyon-es-parte-de-la-nomina-de-candidatos-al-directorio-del-colegio-de-arquitectos\/#primaryimage"},"thumbnailUrl":"https:\/\/fadeu.urantiacos.cl\/wp-content\/uploads\/2023\/09\/loretolyon_web.png","articleSection":["Sin categorizar"],"inLanguage":"en-US","potentialAction":[{"@type":"CommentAction","name":"Comment","target":["https:\/\/fadeu.urantiacos.cl\/en\/2020\/11\/02\/loreto-lyon-es-parte-de-la-nomina-de-candidatos-al-directorio-del-colegio-de-arquitectos\/#respond"]}]},{"@type":"WebPage","@id":"https:\/\/fadeu.urantiacos.cl\/en\/2020\/11\/02\/loreto-lyon-es-parte-de-la-nomina-de-candidatos-al-directorio-del-colegio-de-arquitectos\/","url":"https:\/\/fadeu.urantiacos.cl\/en\/2020\/11\/02\/loreto-lyon-es-parte-de-la-nomina-de-candidatos-al-directorio-del-colegio-de-arquitectos\/","name":"Loreto Lyon es parte de la n\u00f3mina de candidatos al directorio del Colegio de Arquitectos - Facultad de Arquitectura, Dise\u00f1o y Estudios Urbanos","isPartOf":{"@id":"https:\/\/fadeu.urantiacos.cl\/en\/#website"},"primaryImageOfPage":{"@id":"https:\/\/fadeu.urantiacos.cl\/en\/2020\/11\/02\/loreto-lyon-es-parte-de-la-nomina-de-candidatos-al-directorio-del-colegio-de-arquitectos\/#primaryimage"},"image":{"@id":"https:\/\/fadeu.urantiacos.cl\/en\/2020\/11\/02\/loreto-lyon-es-parte-de-la-nomina-de-candidatos-al-directorio-del-colegio-de-arquitectos\/#primaryimage"},"thumbnailUrl":"https:\/\/fadeu.urantiacos.cl\/wp-content\/uploads\/2023\/09\/loretolyon_web.png","datePublished":"2020-11-02T21:25:00+00:00","dateModified":"2023-09-09T21:27:01+00:00","author":{"@id":"https:\/\/fadeu.urantiacos.cl\/en\/#\/schema\/person\/d203e2e84b1c40275eac77b3061a19a2"},"description":"La arquitecta y profesora ARQ UC es parte de la lista oficial de posibles miembros del directorio del Colegio de Arquitectos de Chile (CA), listado que incluye a Crist\u00f3bal Molina, profesor invitado ARQ UC y coordinador de Arquitectura del Ministerio de las Culturas, las Artes y el Patrimonio.","breadcrumb":{"@id":"https:\/\/fadeu.urantiacos.cl\/en\/2020\/11\/02\/loreto-lyon-es-parte-de-la-nomina-de-candidatos-al-directorio-del-colegio-de-arquitectos\/#breadcrumb"},"inLanguage":"en-US","potentialAction":[{"@type":"ReadAction","target":["https:\/\/fadeu.urantiacos.cl\/en\/2020\/11\/02\/loreto-lyon-es-parte-de-la-nomina-de-candidatos-al-directorio-del-colegio-de-arquitectos\/"]}]},{"@type":"ImageObject","inLanguage":"en-US","@id":"https:\/\/fadeu.urantiacos.cl\/en\/2020\/11\/02\/loreto-lyon-es-parte-de-la-nomina-de-candidatos-al-directorio-del-colegio-de-arquitectos\/#primaryimage","url":"https:\/\/fadeu.urantiacos.cl\/wp-content\/uploads\/2023\/09\/loretolyon_web.png","contentUrl":"https:\/\/fadeu.urantiacos.cl\/wp-content\/uploads\/2023\/09\/loretolyon_web.png","width":350,"height":250},{"@type":"BreadcrumbList","@id":"https:\/\/fadeu.urantiacos.cl\/en\/2020\/11\/02\/loreto-lyon-es-parte-de-la-nomina-de-candidatos-al-directorio-del-colegio-de-arquitectos\/#breadcrumb","itemListElement":[{"@type":"ListItem","position":1,"name":"Portada","item":"https:\/\/fadeu.urantiacos.cl\/en\/"},{"@type":"ListItem","position":2,"name":"Loreto Lyon es parte de la n\u00f3mina de candidatos al directorio del Colegio de Arquitectos"}]},{"@type":"WebSite","@id":"https:\/\/fadeu.urantiacos.cl\/en\/#website","url":"https:\/\/fadeu.urantiacos.cl\/en\/","name":"Facultad de Arquitectura, Dise\u00f1o y Estudios Urbanos","description":"Campus Lo Contador","potentialAction":[{"@type":"SearchAction","target":{"@type":"EntryPoint","urlTemplate":"https:\/\/fadeu.urantiacos.cl\/en\/?s={search_term_string}"},"query-input":{"@type":"PropertyValueSpecification","valueRequired":true,"valueName":"search_term_string"}}],"inLanguage":"en-US"},{"@type":"Person","@id":"https:\/\/fadeu.urantiacos.cl\/en\/#\/schema\/person\/d203e2e84b1c40275eac77b3061a19a2","name":"manadmin","image":{"@type":"ImageObject","inLanguage":"en-US","@id":"https:\/\/fadeu.urantiacos.cl\/en\/#\/schema\/person\/image\/","url":"https:\/\/secure.gravatar.com\/avatar\/4b1d8e3303b4a9d8968ac578947d8bc80d9aea359f388cdd4aac15cadc0e8447?s=96&d=mm&r=g","contentUrl":"https:\/\/secure.gravatar.com\/avatar\/4b1d8e3303b4a9d8968ac578947d8bc80d9aea359f388cdd4aac15cadc0e8447?s=96&d=mm&r=g","caption":"manadmin"},"sameAs":["https:\/\/fadeu.urantiacos.cl"]}]}},"_links":{"self":[{"href":"https:\/\/fadeu.urantiacos.cl\/en\/wp-json\/wp\/v2\/posts\/7982","targetHints":{"allow":["GET"]}}],"collection":[{"href":"https:\/\/fadeu.urantiacos.cl\/en\/wp-json\/wp\/v2\/posts"}],"about":[{"href":"https:\/\/fadeu.urantiacos.cl\/en\/wp-json\/wp\/v2\/types\/post"}],"author":[{"embeddable":true,"href":"https:\/\/fadeu.urantiacos.cl\/en\/wp-json\/wp\/v2\/users\/1"}],"replies":[{"embeddable":true,"href":"https:\/\/fadeu.urantiacos.cl\/en\/wp-json\/wp\/v2\/comments?post=7982"}],"version-history":[{"count":1,"href":"https:\/\/fadeu.urantiacos.cl\/en\/wp-json\/wp\/v2\/posts\/7982\/revisions"}],"predecessor-version":[{"id":7985,"href":"https:\/\/fadeu.urantiacos.cl\/en\/wp-json\/wp\/v2\/posts\/7982\/revisions\/7985"}],"wp:featuredmedia":[{"embeddable":true,"href":"https:\/\/fadeu.urantiacos.cl\/en\/wp-json\/wp\/v2\/media\/7984"}],"wp:attachment":[{"href":"https:\/\/fadeu.urantiacos.cl\/en\/wp-json\/wp\/v2\/media?parent=7982"}],"wp:term":[{"taxonomy":"category","embeddable":true,"href":"https:\/\/fadeu.urantiacos.cl\/en\/wp-json\/wp\/v2\/categories?post=7982"},{"taxonomy":"post_tag","embeddable":true,"href":"https:\/\/fadeu.urantiacos.cl\/en\/wp-json\/wp\/v2\/tags?post=7982"}],"curies":[{"name":"wp","href":"https:\/\/api.w.org\/{rel}","templated":true}]}}