{"id":7975,"date":"2020-11-02T18:22:00","date_gmt":"2020-11-02T21:22:00","guid":{"rendered":"https:\/\/fadeu.urantiacos.cl\/?p=7975"},"modified":"2023-09-09T18:23:32","modified_gmt":"2023-09-09T21:23:32","slug":"escuela-abierta-virtual-2020-doctorado-en-arquitectura-y-estudios-urbanos-desplego-intensa-jornada-de-retroalimentacion","status":"publish","type":"post","link":"https:\/\/fadeu.urantiacos.cl\/en\/2020\/11\/02\/escuela-abierta-virtual-2020-doctorado-en-arquitectura-y-estudios-urbanos-desplego-intensa-jornada-de-retroalimentacion\/","title":{"rendered":"Escuela Abierta Virtual 2020: Doctorado en Arquitectura y Estudios Urbanos despleg\u00f3 intensa jornada de retroalimentaci\u00f3n"},"content":{"rendered":"\n<figure class=\"wp-block-image size-full\"><img decoding=\"async\" width=\"350\" height=\"250\" src=\"https:\/\/fadeu.urantiacos.cl\/wp-content\/uploads\/2023\/09\/escuela_abierta_virtual_doctoradocopia.png\" alt=\"\" class=\"wp-image-7977\" srcset=\"https:\/\/fadeu.urantiacos.cl\/wp-content\/uploads\/2023\/09\/escuela_abierta_virtual_doctoradocopia.png 350w, https:\/\/fadeu.urantiacos.cl\/wp-content\/uploads\/2023\/09\/escuela_abierta_virtual_doctoradocopia-300x214.png 300w\" sizes=\"(max-width: 350px) 100vw, 350px\" \/><\/figure>\n\n\n\n<p>Durante dos d\u00edas, con participaci\u00f3n de estudiantes e investigadores chilenos y de otros pa\u00edses del contexto regional, se gener\u00f3 la posibilidad de participar en charlas informativas, conversatorios con investigadores y estudiantes de doctorado, y otras instancias, para conocer a los acad\u00e9micos y acad\u00e9micas y sus respectivas l\u00edneas de investigaci\u00f3n, como una oportunidad para obtener mayor informaci\u00f3n acerca de los requisitos de postulaci\u00f3n, financiamiento, beneficios y opciones de internacionalizaci\u00f3n que ofrece estudiar en una de las instituciones m\u00e1s destacadas en Am\u00e9rica Latina.<\/p>\n\n\n\n<p>En este contexto, el Doctorado en Arquitectura y Estudios Urbanos desarroll\u00f3 una intensa agenda que congreg\u00f3 a distintos profesores y profesoras, estudiantes e invitados\/as de distintas partes del mundo, para compartir distintas l\u00edneas de investigaci\u00f3n y realizar un recorrido interdisciplinar por los campos de docencia de distintos\/as acad\u00e9micos\/as.<\/p>\n\n\n\n<p><strong>Charlas y exposiciones<\/strong><\/p>\n\n\n\n<p>Jos\u00e9 Rosas, profesor de la escuela de Arquitectura y del Instituto de Estudios Urbanos y Territoriales, jefe del Doctorado en Arquitectura y Estudios Urbanos UC, abri\u00f3 formalmente la jornada, conocer m\u00e1s en detalle las caracter\u00edsticas del Programa, su plan de estudios, claustro acad\u00e9mico, proceso y requisitos de postulaci\u00f3n, y mucho m\u00e1s, junto a la coordinadora acad\u00e9mica, Andrea Masuero y a Yolanda Mu\u00f1oz, estudiante del programa.<\/p>\n\n\n\n<p>Luego, se realiz\u00f3 una charla tem\u00e1tica sobre Historia y Teor\u00eda de la Arquitectura y la Ciudad, y Representaci\u00f3n de la Arquitectura, la Ciudad y el Territorio, a cargo de los profesores Alejandro Crispiani y Germ\u00e1n Hidalgo de la escuela de Arquitectura, y Luis Fuentes del Instituto de Estudios Urbanos y Territoriales.<\/p>\n\n\n\n<p>En esa misma l\u00f3gica, una segunda charla tem\u00e1tica abord\u00f3 los temas de Patrimonio Arquitect\u00f3nico, Urbano y del Paisaje, y Proyecto Arquitect\u00f3nico, Urbano y del Territorio, con los profesores Macarena Cort\u00e9s (escuela de Arquitectura y DECOM FADEU), Roc\u00edo Hidalgo (escuela de Arquitectura), Umberto Bonomo (escuela de Arquitectura y Centro del Patrimonio Cultural) y Juan Jos\u00e9 Ugarte (Centro de Innovaci\u00f3n en Madera UC).<\/p>\n\n\n\n<p>Lo mismo hicieron los profesores Carolina Rojas, Arturo Orellana y Mar\u00eda Luisa M\u00e9ndez, del Instituto de Estudios Urbanos y Territoriales, para abordar temas alusivos a la Gobernanza y Competitividad, y Desarrollo Urbano y Transformaciones Sociales.<\/p>\n\n\n\n<p><strong>Doctorado en Arquitectura y Estudios Urbanos<\/strong><\/p>\n\n\n\n<p>El Doctorado en Arquitectura y Estudios Urbanos fue creado como una respuesta a la necesidad de formar investigadores calificados capaces de enfrentar el desaf\u00edo de la investigaci\u00f3n b\u00e1sica y aplicada de los problemas vinculados al territorio, el paisaje, la ciudad y la arquitectura. Dichos problemas han dejado de ser s\u00f3lo preocupaci\u00f3n de especialistas. Hoy se reconocen como parte de pol\u00edticas p\u00fablicas que afectan a la mayor\u00eda de la poblaci\u00f3n y forman parte integral de un desarrollo sustentable.<\/p>\n\n\n\n<p>El programa se propone formar recursos humanos capacitados para investigar, realizar docencia universitaria cualificada y renovar el ejercicio profesional vinculado a estos problemas. Disponer de postgraduados de alto nivel con experiencia en \u00e1reas tan significativas como las del desarrollo urbano y territorial; segregaci\u00f3n e integraci\u00f3n urbana, patrimonio arquitect\u00f3nico y urbano, manejo y protecci\u00f3n del paisaje, entre otras, redundar\u00e1 en un aumento de la investigaci\u00f3n de estas materias, una elevaci\u00f3n del nivel de docencia universitaria, e incluso un ejercicio profesional innovador, tanto en el \u00e1rea p\u00fablica como en la privada.<\/p>\n\n\n\n<p>El estudiante del programa desarrollar\u00e1 las capacidades y competencias necesarias para idear, proponer y desarrollar investigaci\u00f3n b\u00e1sica y\/o aplicada en las \u00e1reas vinculadas al estudio de la arquitectura, la ciudad y el territorio. Dichas competencias incluir\u00e1n la posibilidad de colaborar en proyectos de investigaci\u00f3n interdisciplinaria, comprendiendo puntos de vista diversos sobre el entorno construido.<\/p>\n\n\n\n<p>Desarrollar\u00e1 tambi\u00e9n las capacidades para ejercer docencia universitaria actualizada y de calidad. Las competencias adquiridas en el programa le permitir\u00e1n una visi\u00f3n amplia acerca de las \u00f3pticas disciplinares que participan en el \u00e1rea, as\u00ed como de las posibles interacciones entre \u00e9stas.<\/p>\n\n\n\n<p>Si quieres conocer m\u00e1s sobre este programa, puedes visitar el siguiente link:&nbsp;<a href=\"http:\/\/doctoradofadeu.urantiacos.cl\/es\/programa\/perfil-estudiante\">http:\/\/doctoradofadeu.urantiacos.cl\/es\/programa\/perfil-estudiante<\/a><a href=\"http:\/\/doctoradofadeu.urantiacos.cl\/es\/programa\/perfil-estudiante\"><\/a><\/p>\n\n\n\n<p>INFORMACI\u00d3N PERIOD\u00cdSTICA<br>JUAN ANDR\u00c9S INZUNZA<\/p>\n","protected":false},"excerpt":{"rendered":"<p>La Escuela Abierta virtual de Doctorados UC 2020, organizada por la Escuela de Graduados de la Vicerrector\u00eda de Investigaci\u00f3n de la Pontificia Universidad Cat\u00f3lica de Chile (UC). contempla la participaci\u00f3n de las \u00e1reas de Ciencias Sociales y Humanidades.<\/p>\n","protected":false},"author":1,"featured_media":7977,"comment_status":"open","ping_status":"open","sticky":false,"template":"","format":"standard","meta":{"_acf_changed":false,"footnotes":""},"categories":[1],"tags":[],"class_list":["post-7975","post","type-post","status-publish","format-standard","has-post-thumbnail","hentry","category-sin-categorizar"],"acf":[],"yoast_head":"<!-- This site is optimized with the Yoast SEO plugin v27.1.1 - https:\/\/yoast.com\/product\/yoast-seo-wordpress\/ -->\n<title>Escuela Abierta Virtual 2020: Doctorado en Arquitectura y Estudios Urbanos despleg\u00f3 intensa jornada de retroalimentaci\u00f3n - Facultad de Arquitectura, Dise\u00f1o y Estudios Urbanos<\/title>\n<meta name=\"description\" content=\"La Escuela Abierta virtual de Doctorados UC 2020, organizada por la Escuela de Graduados de la Vicerrector\u00eda de Investigaci\u00f3n de la Pontificia Universidad Cat\u00f3lica de Chile (UC). contempla la participaci\u00f3n de las \u00e1reas de Ciencias Sociales y Humanidades.\" \/>\n<meta name=\"robots\" content=\"index, follow, max-snippet:-1, max-image-preview:large, max-video-preview:-1\" \/>\n<link rel=\"canonical\" href=\"https:\/\/fadeu.urantiacos.cl\/en\/2020\/11\/02\/escuela-abierta-virtual-2020-doctorado-en-arquitectura-y-estudios-urbanos-desplego-intensa-jornada-de-retroalimentacion\/\" \/>\n<meta property=\"og:locale\" content=\"en_US\" \/>\n<meta property=\"og:type\" content=\"article\" \/>\n<meta property=\"og:title\" content=\"Escuela Abierta Virtual 2020: Doctorado en Arquitectura y Estudios Urbanos despleg\u00f3 intensa jornada de retroalimentaci\u00f3n - Facultad de Arquitectura, Dise\u00f1o y Estudios Urbanos\" \/>\n<meta property=\"og:description\" content=\"La Escuela Abierta virtual de Doctorados UC 2020, organizada por la Escuela de Graduados de la Vicerrector\u00eda de Investigaci\u00f3n de la Pontificia Universidad Cat\u00f3lica de Chile (UC). contempla la participaci\u00f3n de las \u00e1reas de Ciencias Sociales y Humanidades.\" \/>\n<meta property=\"og:url\" content=\"https:\/\/fadeu.urantiacos.cl\/en\/2020\/11\/02\/escuela-abierta-virtual-2020-doctorado-en-arquitectura-y-estudios-urbanos-desplego-intensa-jornada-de-retroalimentacion\/\" \/>\n<meta property=\"og:site_name\" content=\"Facultad de Arquitectura, Dise\u00f1o y Estudios Urbanos\" \/>\n<meta property=\"article:published_time\" content=\"2020-11-02T21:22:00+00:00\" \/>\n<meta property=\"article:modified_time\" content=\"2023-09-09T21:23:32+00:00\" \/>\n<meta property=\"og:image\" content=\"https:\/\/fadeu.urantiacos.cl\/wp-content\/uploads\/2023\/09\/escuela_abierta_virtual_doctoradocopia.png\" \/>\n\t<meta property=\"og:image:width\" content=\"350\" \/>\n\t<meta property=\"og:image:height\" content=\"250\" \/>\n\t<meta property=\"og:image:type\" content=\"image\/png\" \/>\n<meta name=\"author\" content=\"manadmin\" \/>\n<meta name=\"twitter:card\" content=\"summary_large_image\" \/>\n<meta name=\"twitter:label1\" content=\"Written by\" \/>\n\t<meta name=\"twitter:data1\" content=\"manadmin\" \/>\n\t<meta name=\"twitter:label2\" content=\"Est. reading time\" \/>\n\t<meta name=\"twitter:data2\" content=\"4 minutes\" \/>\n<script type=\"application\/ld+json\" class=\"yoast-schema-graph\">{\"@context\":\"https:\/\/schema.org\",\"@graph\":[{\"@type\":\"Article\",\"@id\":\"https:\/\/fadeu.urantiacos.cl\/en\/2020\/11\/02\/escuela-abierta-virtual-2020-doctorado-en-arquitectura-y-estudios-urbanos-desplego-intensa-jornada-de-retroalimentacion\/#article\",\"isPartOf\":{\"@id\":\"https:\/\/fadeu.urantiacos.cl\/en\/2020\/11\/02\/escuela-abierta-virtual-2020-doctorado-en-arquitectura-y-estudios-urbanos-desplego-intensa-jornada-de-retroalimentacion\/\"},\"author\":{\"name\":\"manadmin\",\"@id\":\"https:\/\/fadeu.urantiacos.cl\/en\/#\/schema\/person\/d203e2e84b1c40275eac77b3061a19a2\"},\"headline\":\"Escuela Abierta Virtual 2020: Doctorado en Arquitectura y Estudios Urbanos despleg\u00f3 intensa jornada de retroalimentaci\u00f3n\",\"datePublished\":\"2020-11-02T21:22:00+00:00\",\"dateModified\":\"2023-09-09T21:23:32+00:00\",\"mainEntityOfPage\":{\"@id\":\"https:\/\/fadeu.urantiacos.cl\/en\/2020\/11\/02\/escuela-abierta-virtual-2020-doctorado-en-arquitectura-y-estudios-urbanos-desplego-intensa-jornada-de-retroalimentacion\/\"},\"wordCount\":716,\"commentCount\":0,\"image\":{\"@id\":\"https:\/\/fadeu.urantiacos.cl\/en\/2020\/11\/02\/escuela-abierta-virtual-2020-doctorado-en-arquitectura-y-estudios-urbanos-desplego-intensa-jornada-de-retroalimentacion\/#primaryimage\"},\"thumbnailUrl\":\"https:\/\/fadeu.urantiacos.cl\/wp-content\/uploads\/2023\/09\/escuela_abierta_virtual_doctoradocopia.png\",\"articleSection\":[\"Sin categorizar\"],\"inLanguage\":\"en-US\",\"potentialAction\":[{\"@type\":\"CommentAction\",\"name\":\"Comment\",\"target\":[\"https:\/\/fadeu.urantiacos.cl\/en\/2020\/11\/02\/escuela-abierta-virtual-2020-doctorado-en-arquitectura-y-estudios-urbanos-desplego-intensa-jornada-de-retroalimentacion\/#respond\"]}]},{\"@type\":\"WebPage\",\"@id\":\"https:\/\/fadeu.urantiacos.cl\/en\/2020\/11\/02\/escuela-abierta-virtual-2020-doctorado-en-arquitectura-y-estudios-urbanos-desplego-intensa-jornada-de-retroalimentacion\/\",\"url\":\"https:\/\/fadeu.urantiacos.cl\/en\/2020\/11\/02\/escuela-abierta-virtual-2020-doctorado-en-arquitectura-y-estudios-urbanos-desplego-intensa-jornada-de-retroalimentacion\/\",\"name\":\"Escuela Abierta Virtual 2020: Doctorado en Arquitectura y Estudios Urbanos despleg\u00f3 intensa jornada de retroalimentaci\u00f3n - Facultad de Arquitectura, Dise\u00f1o y Estudios Urbanos\",\"isPartOf\":{\"@id\":\"https:\/\/fadeu.urantiacos.cl\/en\/#website\"},\"primaryImageOfPage\":{\"@id\":\"https:\/\/fadeu.urantiacos.cl\/en\/2020\/11\/02\/escuela-abierta-virtual-2020-doctorado-en-arquitectura-y-estudios-urbanos-desplego-intensa-jornada-de-retroalimentacion\/#primaryimage\"},\"image\":{\"@id\":\"https:\/\/fadeu.urantiacos.cl\/en\/2020\/11\/02\/escuela-abierta-virtual-2020-doctorado-en-arquitectura-y-estudios-urbanos-desplego-intensa-jornada-de-retroalimentacion\/#primaryimage\"},\"thumbnailUrl\":\"https:\/\/fadeu.urantiacos.cl\/wp-content\/uploads\/2023\/09\/escuela_abierta_virtual_doctoradocopia.png\",\"datePublished\":\"2020-11-02T21:22:00+00:00\",\"dateModified\":\"2023-09-09T21:23:32+00:00\",\"author\":{\"@id\":\"https:\/\/fadeu.urantiacos.cl\/en\/#\/schema\/person\/d203e2e84b1c40275eac77b3061a19a2\"},\"description\":\"La Escuela Abierta virtual de Doctorados UC 2020, organizada por la Escuela de Graduados de la Vicerrector\u00eda de Investigaci\u00f3n de la Pontificia Universidad Cat\u00f3lica de Chile (UC). contempla la participaci\u00f3n de las \u00e1reas de Ciencias Sociales y Humanidades.\",\"breadcrumb\":{\"@id\":\"https:\/\/fadeu.urantiacos.cl\/en\/2020\/11\/02\/escuela-abierta-virtual-2020-doctorado-en-arquitectura-y-estudios-urbanos-desplego-intensa-jornada-de-retroalimentacion\/#breadcrumb\"},\"inLanguage\":\"en-US\",\"potentialAction\":[{\"@type\":\"ReadAction\",\"target\":[\"https:\/\/fadeu.urantiacos.cl\/en\/2020\/11\/02\/escuela-abierta-virtual-2020-doctorado-en-arquitectura-y-estudios-urbanos-desplego-intensa-jornada-de-retroalimentacion\/\"]}]},{\"@type\":\"ImageObject\",\"inLanguage\":\"en-US\",\"@id\":\"https:\/\/fadeu.urantiacos.cl\/en\/2020\/11\/02\/escuela-abierta-virtual-2020-doctorado-en-arquitectura-y-estudios-urbanos-desplego-intensa-jornada-de-retroalimentacion\/#primaryimage\",\"url\":\"https:\/\/fadeu.urantiacos.cl\/wp-content\/uploads\/2023\/09\/escuela_abierta_virtual_doctoradocopia.png\",\"contentUrl\":\"https:\/\/fadeu.urantiacos.cl\/wp-content\/uploads\/2023\/09\/escuela_abierta_virtual_doctoradocopia.png\",\"width\":350,\"height\":250},{\"@type\":\"BreadcrumbList\",\"@id\":\"https:\/\/fadeu.urantiacos.cl\/en\/2020\/11\/02\/escuela-abierta-virtual-2020-doctorado-en-arquitectura-y-estudios-urbanos-desplego-intensa-jornada-de-retroalimentacion\/#breadcrumb\",\"itemListElement\":[{\"@type\":\"ListItem\",\"position\":1,\"name\":\"Portada\",\"item\":\"https:\/\/fadeu.urantiacos.cl\/en\/\"},{\"@type\":\"ListItem\",\"position\":2,\"name\":\"Escuela Abierta Virtual 2020: Doctorado en Arquitectura y Estudios Urbanos despleg\u00f3 intensa jornada de retroalimentaci\u00f3n\"}]},{\"@type\":\"WebSite\",\"@id\":\"https:\/\/fadeu.urantiacos.cl\/en\/#website\",\"url\":\"https:\/\/fadeu.urantiacos.cl\/en\/\",\"name\":\"Facultad de Arquitectura, Dise\u00f1o y Estudios Urbanos\",\"description\":\"Campus Lo Contador\",\"potentialAction\":[{\"@type\":\"SearchAction\",\"target\":{\"@type\":\"EntryPoint\",\"urlTemplate\":\"https:\/\/fadeu.urantiacos.cl\/en\/?s={search_term_string}\"},\"query-input\":{\"@type\":\"PropertyValueSpecification\",\"valueRequired\":true,\"valueName\":\"search_term_string\"}}],\"inLanguage\":\"en-US\"},{\"@type\":\"Person\",\"@id\":\"https:\/\/fadeu.urantiacos.cl\/en\/#\/schema\/person\/d203e2e84b1c40275eac77b3061a19a2\",\"name\":\"manadmin\",\"image\":{\"@type\":\"ImageObject\",\"inLanguage\":\"en-US\",\"@id\":\"https:\/\/fadeu.urantiacos.cl\/en\/#\/schema\/person\/image\/\",\"url\":\"https:\/\/secure.gravatar.com\/avatar\/4b1d8e3303b4a9d8968ac578947d8bc80d9aea359f388cdd4aac15cadc0e8447?s=96&d=mm&r=g\",\"contentUrl\":\"https:\/\/secure.gravatar.com\/avatar\/4b1d8e3303b4a9d8968ac578947d8bc80d9aea359f388cdd4aac15cadc0e8447?s=96&d=mm&r=g\",\"caption\":\"manadmin\"},\"sameAs\":[\"https:\/\/fadeu.urantiacos.cl\"]}]}<\/script>\n<!-- \/ Yoast SEO plugin. -->","yoast_head_json":{"title":"Escuela Abierta Virtual 2020: Doctorado en Arquitectura y Estudios Urbanos despleg\u00f3 intensa jornada de retroalimentaci\u00f3n - Facultad de Arquitectura, Dise\u00f1o y Estudios Urbanos","description":"La Escuela Abierta virtual de Doctorados UC 2020, organizada por la Escuela de Graduados de la Vicerrector\u00eda de Investigaci\u00f3n de la Pontificia Universidad Cat\u00f3lica de Chile (UC). contempla la participaci\u00f3n de las \u00e1reas de Ciencias Sociales y Humanidades.","robots":{"index":"index","follow":"follow","max-snippet":"max-snippet:-1","max-image-preview":"max-image-preview:large","max-video-preview":"max-video-preview:-1"},"canonical":"https:\/\/fadeu.urantiacos.cl\/en\/2020\/11\/02\/escuela-abierta-virtual-2020-doctorado-en-arquitectura-y-estudios-urbanos-desplego-intensa-jornada-de-retroalimentacion\/","og_locale":"en_US","og_type":"article","og_title":"Escuela Abierta Virtual 2020: Doctorado en Arquitectura y Estudios Urbanos despleg\u00f3 intensa jornada de retroalimentaci\u00f3n - Facultad de Arquitectura, Dise\u00f1o y Estudios Urbanos","og_description":"La Escuela Abierta virtual de Doctorados UC 2020, organizada por la Escuela de Graduados de la Vicerrector\u00eda de Investigaci\u00f3n de la Pontificia Universidad Cat\u00f3lica de Chile (UC). contempla la participaci\u00f3n de las \u00e1reas de Ciencias Sociales y Humanidades.","og_url":"https:\/\/fadeu.urantiacos.cl\/en\/2020\/11\/02\/escuela-abierta-virtual-2020-doctorado-en-arquitectura-y-estudios-urbanos-desplego-intensa-jornada-de-retroalimentacion\/","og_site_name":"Facultad de Arquitectura, Dise\u00f1o y Estudios Urbanos","article_published_time":"2020-11-02T21:22:00+00:00","article_modified_time":"2023-09-09T21:23:32+00:00","og_image":[{"width":350,"height":250,"url":"https:\/\/fadeu.urantiacos.cl\/wp-content\/uploads\/2023\/09\/escuela_abierta_virtual_doctoradocopia.png","type":"image\/png"}],"author":"manadmin","twitter_card":"summary_large_image","twitter_misc":{"Written by":"manadmin","Est. reading time":"4 minutes"},"schema":{"@context":"https:\/\/schema.org","@graph":[{"@type":"Article","@id":"https:\/\/fadeu.urantiacos.cl\/en\/2020\/11\/02\/escuela-abierta-virtual-2020-doctorado-en-arquitectura-y-estudios-urbanos-desplego-intensa-jornada-de-retroalimentacion\/#article","isPartOf":{"@id":"https:\/\/fadeu.urantiacos.cl\/en\/2020\/11\/02\/escuela-abierta-virtual-2020-doctorado-en-arquitectura-y-estudios-urbanos-desplego-intensa-jornada-de-retroalimentacion\/"},"author":{"name":"manadmin","@id":"https:\/\/fadeu.urantiacos.cl\/en\/#\/schema\/person\/d203e2e84b1c40275eac77b3061a19a2"},"headline":"Escuela Abierta Virtual 2020: Doctorado en Arquitectura y Estudios Urbanos despleg\u00f3 intensa jornada de retroalimentaci\u00f3n","datePublished":"2020-11-02T21:22:00+00:00","dateModified":"2023-09-09T21:23:32+00:00","mainEntityOfPage":{"@id":"https:\/\/fadeu.urantiacos.cl\/en\/2020\/11\/02\/escuela-abierta-virtual-2020-doctorado-en-arquitectura-y-estudios-urbanos-desplego-intensa-jornada-de-retroalimentacion\/"},"wordCount":716,"commentCount":0,"image":{"@id":"https:\/\/fadeu.urantiacos.cl\/en\/2020\/11\/02\/escuela-abierta-virtual-2020-doctorado-en-arquitectura-y-estudios-urbanos-desplego-intensa-jornada-de-retroalimentacion\/#primaryimage"},"thumbnailUrl":"https:\/\/fadeu.urantiacos.cl\/wp-content\/uploads\/2023\/09\/escuela_abierta_virtual_doctoradocopia.png","articleSection":["Sin categorizar"],"inLanguage":"en-US","potentialAction":[{"@type":"CommentAction","name":"Comment","target":["https:\/\/fadeu.urantiacos.cl\/en\/2020\/11\/02\/escuela-abierta-virtual-2020-doctorado-en-arquitectura-y-estudios-urbanos-desplego-intensa-jornada-de-retroalimentacion\/#respond"]}]},{"@type":"WebPage","@id":"https:\/\/fadeu.urantiacos.cl\/en\/2020\/11\/02\/escuela-abierta-virtual-2020-doctorado-en-arquitectura-y-estudios-urbanos-desplego-intensa-jornada-de-retroalimentacion\/","url":"https:\/\/fadeu.urantiacos.cl\/en\/2020\/11\/02\/escuela-abierta-virtual-2020-doctorado-en-arquitectura-y-estudios-urbanos-desplego-intensa-jornada-de-retroalimentacion\/","name":"Escuela Abierta Virtual 2020: Doctorado en Arquitectura y Estudios Urbanos despleg\u00f3 intensa jornada de retroalimentaci\u00f3n - Facultad de Arquitectura, Dise\u00f1o y Estudios Urbanos","isPartOf":{"@id":"https:\/\/fadeu.urantiacos.cl\/en\/#website"},"primaryImageOfPage":{"@id":"https:\/\/fadeu.urantiacos.cl\/en\/2020\/11\/02\/escuela-abierta-virtual-2020-doctorado-en-arquitectura-y-estudios-urbanos-desplego-intensa-jornada-de-retroalimentacion\/#primaryimage"},"image":{"@id":"https:\/\/fadeu.urantiacos.cl\/en\/2020\/11\/02\/escuela-abierta-virtual-2020-doctorado-en-arquitectura-y-estudios-urbanos-desplego-intensa-jornada-de-retroalimentacion\/#primaryimage"},"thumbnailUrl":"https:\/\/fadeu.urantiacos.cl\/wp-content\/uploads\/2023\/09\/escuela_abierta_virtual_doctoradocopia.png","datePublished":"2020-11-02T21:22:00+00:00","dateModified":"2023-09-09T21:23:32+00:00","author":{"@id":"https:\/\/fadeu.urantiacos.cl\/en\/#\/schema\/person\/d203e2e84b1c40275eac77b3061a19a2"},"description":"La Escuela Abierta virtual de Doctorados UC 2020, organizada por la Escuela de Graduados de la Vicerrector\u00eda de Investigaci\u00f3n de la Pontificia Universidad Cat\u00f3lica de Chile (UC). contempla la participaci\u00f3n de las \u00e1reas de Ciencias Sociales y Humanidades.","breadcrumb":{"@id":"https:\/\/fadeu.urantiacos.cl\/en\/2020\/11\/02\/escuela-abierta-virtual-2020-doctorado-en-arquitectura-y-estudios-urbanos-desplego-intensa-jornada-de-retroalimentacion\/#breadcrumb"},"inLanguage":"en-US","potentialAction":[{"@type":"ReadAction","target":["https:\/\/fadeu.urantiacos.cl\/en\/2020\/11\/02\/escuela-abierta-virtual-2020-doctorado-en-arquitectura-y-estudios-urbanos-desplego-intensa-jornada-de-retroalimentacion\/"]}]},{"@type":"ImageObject","inLanguage":"en-US","@id":"https:\/\/fadeu.urantiacos.cl\/en\/2020\/11\/02\/escuela-abierta-virtual-2020-doctorado-en-arquitectura-y-estudios-urbanos-desplego-intensa-jornada-de-retroalimentacion\/#primaryimage","url":"https:\/\/fadeu.urantiacos.cl\/wp-content\/uploads\/2023\/09\/escuela_abierta_virtual_doctoradocopia.png","contentUrl":"https:\/\/fadeu.urantiacos.cl\/wp-content\/uploads\/2023\/09\/escuela_abierta_virtual_doctoradocopia.png","width":350,"height":250},{"@type":"BreadcrumbList","@id":"https:\/\/fadeu.urantiacos.cl\/en\/2020\/11\/02\/escuela-abierta-virtual-2020-doctorado-en-arquitectura-y-estudios-urbanos-desplego-intensa-jornada-de-retroalimentacion\/#breadcrumb","itemListElement":[{"@type":"ListItem","position":1,"name":"Portada","item":"https:\/\/fadeu.urantiacos.cl\/en\/"},{"@type":"ListItem","position":2,"name":"Escuela Abierta Virtual 2020: Doctorado en Arquitectura y Estudios Urbanos despleg\u00f3 intensa jornada de retroalimentaci\u00f3n"}]},{"@type":"WebSite","@id":"https:\/\/fadeu.urantiacos.cl\/en\/#website","url":"https:\/\/fadeu.urantiacos.cl\/en\/","name":"Facultad de Arquitectura, Dise\u00f1o y Estudios Urbanos","description":"Campus Lo Contador","potentialAction":[{"@type":"SearchAction","target":{"@type":"EntryPoint","urlTemplate":"https:\/\/fadeu.urantiacos.cl\/en\/?s={search_term_string}"},"query-input":{"@type":"PropertyValueSpecification","valueRequired":true,"valueName":"search_term_string"}}],"inLanguage":"en-US"},{"@type":"Person","@id":"https:\/\/fadeu.urantiacos.cl\/en\/#\/schema\/person\/d203e2e84b1c40275eac77b3061a19a2","name":"manadmin","image":{"@type":"ImageObject","inLanguage":"en-US","@id":"https:\/\/fadeu.urantiacos.cl\/en\/#\/schema\/person\/image\/","url":"https:\/\/secure.gravatar.com\/avatar\/4b1d8e3303b4a9d8968ac578947d8bc80d9aea359f388cdd4aac15cadc0e8447?s=96&d=mm&r=g","contentUrl":"https:\/\/secure.gravatar.com\/avatar\/4b1d8e3303b4a9d8968ac578947d8bc80d9aea359f388cdd4aac15cadc0e8447?s=96&d=mm&r=g","caption":"manadmin"},"sameAs":["https:\/\/fadeu.urantiacos.cl"]}]}},"_links":{"self":[{"href":"https:\/\/fadeu.urantiacos.cl\/en\/wp-json\/wp\/v2\/posts\/7975","targetHints":{"allow":["GET"]}}],"collection":[{"href":"https:\/\/fadeu.urantiacos.cl\/en\/wp-json\/wp\/v2\/posts"}],"about":[{"href":"https:\/\/fadeu.urantiacos.cl\/en\/wp-json\/wp\/v2\/types\/post"}],"author":[{"embeddable":true,"href":"https:\/\/fadeu.urantiacos.cl\/en\/wp-json\/wp\/v2\/users\/1"}],"replies":[{"embeddable":true,"href":"https:\/\/fadeu.urantiacos.cl\/en\/wp-json\/wp\/v2\/comments?post=7975"}],"version-history":[{"count":1,"href":"https:\/\/fadeu.urantiacos.cl\/en\/wp-json\/wp\/v2\/posts\/7975\/revisions"}],"predecessor-version":[{"id":7978,"href":"https:\/\/fadeu.urantiacos.cl\/en\/wp-json\/wp\/v2\/posts\/7975\/revisions\/7978"}],"wp:featuredmedia":[{"embeddable":true,"href":"https:\/\/fadeu.urantiacos.cl\/en\/wp-json\/wp\/v2\/media\/7977"}],"wp:attachment":[{"href":"https:\/\/fadeu.urantiacos.cl\/en\/wp-json\/wp\/v2\/media?parent=7975"}],"wp:term":[{"taxonomy":"category","embeddable":true,"href":"https:\/\/fadeu.urantiacos.cl\/en\/wp-json\/wp\/v2\/categories?post=7975"},{"taxonomy":"post_tag","embeddable":true,"href":"https:\/\/fadeu.urantiacos.cl\/en\/wp-json\/wp\/v2\/tags?post=7975"}],"curies":[{"name":"wp","href":"https:\/\/api.w.org\/{rel}","templated":true}]}}