{"id":7968,"date":"2020-11-03T18:19:00","date_gmt":"2020-11-03T21:19:00","guid":{"rendered":"https:\/\/fadeu.urantiacos.cl\/?p=7968"},"modified":"2023-09-09T18:20:17","modified_gmt":"2023-09-09T21:20:17","slug":"por-que-el-rechazo-vota-rechazo","status":"publish","type":"post","link":"https:\/\/fadeu.urantiacos.cl\/en\/2020\/11\/03\/por-que-el-rechazo-vota-rechazo\/","title":{"rendered":"Por qu\u00e9 el Rechazo vota Rechazo"},"content":{"rendered":"\n<figure class=\"wp-block-image size-full\"><img decoding=\"async\" width=\"350\" height=\"250\" src=\"https:\/\/fadeu.urantiacos.cl\/wp-content\/uploads\/2023\/09\/ZPT24X2JNBGB7L4IYH757FRVUI_web.jpg\" alt=\"\" class=\"wp-image-7969\" srcset=\"https:\/\/fadeu.urantiacos.cl\/wp-content\/uploads\/2023\/09\/ZPT24X2JNBGB7L4IYH757FRVUI_web.jpg 350w, https:\/\/fadeu.urantiacos.cl\/wp-content\/uploads\/2023\/09\/ZPT24X2JNBGB7L4IYH757FRVUI_web-300x214.jpg 300w\" sizes=\"(max-width: 350px) 100vw, 350px\" \/><\/figure>\n\n\n\n<p>La Tercera publica art\u00edculo &#8220;Por qu\u00e9 el Rechazo vota Rechazo&#8221;, donde se aborda que la opci\u00f3n en contra de cambiar la Constituci\u00f3n perdi\u00f3 por amplio margen a nivel pa\u00eds, pero gan\u00f3 en las tres comunas donde vive parte importante de la \u00e9lite. Un an\u00e1lisis de la firma Unholster muestra que en esos municipios la votaci\u00f3n fue muy homog\u00e9nea barrio a barrio. \u00bfQu\u00e9 razones tuvieron y c\u00f3mo se puede entender la fuerte brecha con el resto de la regi\u00f3n y de Chile?. An\u00e1lisis y comentarios de la profesora del Instituto de Estudios Urbanos, Mar\u00eda Luisa M\u00e9ndez.<\/p>\n\n\n\n<h6 class=\"wp-block-heading\">+ Revisa art\u00edculo completo&nbsp;<a href=\"https:\/\/www.latercera.com\/la-tercera-domingo\/noticia\/por-que-el-rechazo-vota-rechazo\/AITWSSN6KZELBCD6FMK33USMFY\/\" target=\"_blank\" rel=\"noreferrer noopener\">aqu\u00ed.<\/a><\/h6>\n","protected":false},"excerpt":{"rendered":"<p>La Tercera publica art\u00edculo &#8220;Por qu\u00e9 el Rechazo vota Rechazo&#8221;, donde se aborda que la opci\u00f3n en contra de cambiar la Constituci\u00f3n perdi\u00f3 por amplio margen a nivel pa\u00eds, pero gan\u00f3 en las tres comunas donde vive parte importante de la \u00e9lite. Un an\u00e1lisis de la firma Unholster muestra que en esos municipios la votaci\u00f3n [&hellip;]<\/p>\n","protected":false},"author":1,"featured_media":7969,"comment_status":"open","ping_status":"open","sticky":false,"template":"","format":"standard","meta":{"_acf_changed":false,"footnotes":""},"categories":[1],"tags":[],"class_list":["post-7968","post","type-post","status-publish","format-standard","has-post-thumbnail","hentry","category-sin-categorizar"],"acf":[],"yoast_head":"<!-- This site is optimized with the Yoast SEO plugin v27.1.1 - https:\/\/yoast.com\/product\/yoast-seo-wordpress\/ -->\n<title>Por qu\u00e9 el Rechazo vota Rechazo - Facultad de Arquitectura, Dise\u00f1o y Estudios Urbanos<\/title>\n<meta name=\"description\" content=\"La Tercera publica art\u00edculo &quot;Por qu\u00e9 el Rechazo vota Rechazo&quot;, donde se aborda que la opci\u00f3n en contra de cambiar la Constituci\u00f3n perdi\u00f3 por amplio margen\" \/>\n<meta name=\"robots\" content=\"index, follow, max-snippet:-1, max-image-preview:large, max-video-preview:-1\" \/>\n<link rel=\"canonical\" href=\"https:\/\/fadeu.urantiacos.cl\/en\/2020\/11\/03\/por-que-el-rechazo-vota-rechazo\/\" \/>\n<meta property=\"og:locale\" content=\"en_US\" \/>\n<meta property=\"og:type\" content=\"article\" \/>\n<meta property=\"og:title\" content=\"Por qu\u00e9 el Rechazo vota Rechazo - Facultad de Arquitectura, Dise\u00f1o y Estudios Urbanos\" \/>\n<meta property=\"og:description\" content=\"La Tercera publica art\u00edculo &quot;Por qu\u00e9 el Rechazo vota Rechazo&quot;, donde se aborda que la opci\u00f3n en contra de cambiar la Constituci\u00f3n perdi\u00f3 por amplio margen\" \/>\n<meta property=\"og:url\" content=\"https:\/\/fadeu.urantiacos.cl\/en\/2020\/11\/03\/por-que-el-rechazo-vota-rechazo\/\" \/>\n<meta property=\"og:site_name\" content=\"Facultad de Arquitectura, Dise\u00f1o y Estudios Urbanos\" \/>\n<meta property=\"article:published_time\" content=\"2020-11-03T21:19:00+00:00\" \/>\n<meta property=\"article:modified_time\" content=\"2023-09-09T21:20:17+00:00\" \/>\n<meta property=\"og:image\" content=\"https:\/\/fadeu.urantiacos.cl\/wp-content\/uploads\/2023\/09\/ZPT24X2JNBGB7L4IYH757FRVUI_web.jpg\" \/>\n\t<meta property=\"og:image:width\" content=\"350\" \/>\n\t<meta property=\"og:image:height\" content=\"250\" \/>\n\t<meta property=\"og:image:type\" content=\"image\/jpeg\" \/>\n<meta name=\"author\" content=\"manadmin\" \/>\n<meta name=\"twitter:card\" content=\"summary_large_image\" \/>\n<meta name=\"twitter:label1\" content=\"Written by\" \/>\n\t<meta name=\"twitter:data1\" content=\"manadmin\" \/>\n\t<meta name=\"twitter:label2\" content=\"Est. reading time\" \/>\n\t<meta name=\"twitter:data2\" content=\"1 minute\" \/>\n<script type=\"application\/ld+json\" class=\"yoast-schema-graph\">{\"@context\":\"https:\/\/schema.org\",\"@graph\":[{\"@type\":\"Article\",\"@id\":\"https:\/\/fadeu.urantiacos.cl\/en\/2020\/11\/03\/por-que-el-rechazo-vota-rechazo\/#article\",\"isPartOf\":{\"@id\":\"https:\/\/fadeu.urantiacos.cl\/en\/2020\/11\/03\/por-que-el-rechazo-vota-rechazo\/\"},\"author\":{\"name\":\"manadmin\",\"@id\":\"https:\/\/fadeu.urantiacos.cl\/en\/#\/schema\/person\/d203e2e84b1c40275eac77b3061a19a2\"},\"headline\":\"Por qu\u00e9 el Rechazo vota Rechazo\",\"datePublished\":\"2020-11-03T21:19:00+00:00\",\"dateModified\":\"2023-09-09T21:20:17+00:00\",\"mainEntityOfPage\":{\"@id\":\"https:\/\/fadeu.urantiacos.cl\/en\/2020\/11\/03\/por-que-el-rechazo-vota-rechazo\/\"},\"wordCount\":119,\"commentCount\":0,\"image\":{\"@id\":\"https:\/\/fadeu.urantiacos.cl\/en\/2020\/11\/03\/por-que-el-rechazo-vota-rechazo\/#primaryimage\"},\"thumbnailUrl\":\"https:\/\/fadeu.urantiacos.cl\/wp-content\/uploads\/2023\/09\/ZPT24X2JNBGB7L4IYH757FRVUI_web.jpg\",\"articleSection\":[\"Sin categorizar\"],\"inLanguage\":\"en-US\",\"potentialAction\":[{\"@type\":\"CommentAction\",\"name\":\"Comment\",\"target\":[\"https:\/\/fadeu.urantiacos.cl\/en\/2020\/11\/03\/por-que-el-rechazo-vota-rechazo\/#respond\"]}]},{\"@type\":\"WebPage\",\"@id\":\"https:\/\/fadeu.urantiacos.cl\/en\/2020\/11\/03\/por-que-el-rechazo-vota-rechazo\/\",\"url\":\"https:\/\/fadeu.urantiacos.cl\/en\/2020\/11\/03\/por-que-el-rechazo-vota-rechazo\/\",\"name\":\"Por qu\u00e9 el Rechazo vota Rechazo - Facultad de Arquitectura, Dise\u00f1o y Estudios Urbanos\",\"isPartOf\":{\"@id\":\"https:\/\/fadeu.urantiacos.cl\/en\/#website\"},\"primaryImageOfPage\":{\"@id\":\"https:\/\/fadeu.urantiacos.cl\/en\/2020\/11\/03\/por-que-el-rechazo-vota-rechazo\/#primaryimage\"},\"image\":{\"@id\":\"https:\/\/fadeu.urantiacos.cl\/en\/2020\/11\/03\/por-que-el-rechazo-vota-rechazo\/#primaryimage\"},\"thumbnailUrl\":\"https:\/\/fadeu.urantiacos.cl\/wp-content\/uploads\/2023\/09\/ZPT24X2JNBGB7L4IYH757FRVUI_web.jpg\",\"datePublished\":\"2020-11-03T21:19:00+00:00\",\"dateModified\":\"2023-09-09T21:20:17+00:00\",\"author\":{\"@id\":\"https:\/\/fadeu.urantiacos.cl\/en\/#\/schema\/person\/d203e2e84b1c40275eac77b3061a19a2\"},\"description\":\"La Tercera publica art\u00edculo \\\"Por qu\u00e9 el Rechazo vota Rechazo\\\", donde se aborda que la opci\u00f3n en contra de cambiar la Constituci\u00f3n perdi\u00f3 por amplio margen\",\"breadcrumb\":{\"@id\":\"https:\/\/fadeu.urantiacos.cl\/en\/2020\/11\/03\/por-que-el-rechazo-vota-rechazo\/#breadcrumb\"},\"inLanguage\":\"en-US\",\"potentialAction\":[{\"@type\":\"ReadAction\",\"target\":[\"https:\/\/fadeu.urantiacos.cl\/en\/2020\/11\/03\/por-que-el-rechazo-vota-rechazo\/\"]}]},{\"@type\":\"ImageObject\",\"inLanguage\":\"en-US\",\"@id\":\"https:\/\/fadeu.urantiacos.cl\/en\/2020\/11\/03\/por-que-el-rechazo-vota-rechazo\/#primaryimage\",\"url\":\"https:\/\/fadeu.urantiacos.cl\/wp-content\/uploads\/2023\/09\/ZPT24X2JNBGB7L4IYH757FRVUI_web.jpg\",\"contentUrl\":\"https:\/\/fadeu.urantiacos.cl\/wp-content\/uploads\/2023\/09\/ZPT24X2JNBGB7L4IYH757FRVUI_web.jpg\",\"width\":350,\"height\":250},{\"@type\":\"BreadcrumbList\",\"@id\":\"https:\/\/fadeu.urantiacos.cl\/en\/2020\/11\/03\/por-que-el-rechazo-vota-rechazo\/#breadcrumb\",\"itemListElement\":[{\"@type\":\"ListItem\",\"position\":1,\"name\":\"Portada\",\"item\":\"https:\/\/fadeu.urantiacos.cl\/en\/\"},{\"@type\":\"ListItem\",\"position\":2,\"name\":\"Por qu\u00e9 el Rechazo vota Rechazo\"}]},{\"@type\":\"WebSite\",\"@id\":\"https:\/\/fadeu.urantiacos.cl\/en\/#website\",\"url\":\"https:\/\/fadeu.urantiacos.cl\/en\/\",\"name\":\"Facultad de Arquitectura, Dise\u00f1o y Estudios Urbanos\",\"description\":\"Campus Lo Contador\",\"potentialAction\":[{\"@type\":\"SearchAction\",\"target\":{\"@type\":\"EntryPoint\",\"urlTemplate\":\"https:\/\/fadeu.urantiacos.cl\/en\/?s={search_term_string}\"},\"query-input\":{\"@type\":\"PropertyValueSpecification\",\"valueRequired\":true,\"valueName\":\"search_term_string\"}}],\"inLanguage\":\"en-US\"},{\"@type\":\"Person\",\"@id\":\"https:\/\/fadeu.urantiacos.cl\/en\/#\/schema\/person\/d203e2e84b1c40275eac77b3061a19a2\",\"name\":\"manadmin\",\"image\":{\"@type\":\"ImageObject\",\"inLanguage\":\"en-US\",\"@id\":\"https:\/\/fadeu.urantiacos.cl\/en\/#\/schema\/person\/image\/\",\"url\":\"https:\/\/secure.gravatar.com\/avatar\/4b1d8e3303b4a9d8968ac578947d8bc80d9aea359f388cdd4aac15cadc0e8447?s=96&d=mm&r=g\",\"contentUrl\":\"https:\/\/secure.gravatar.com\/avatar\/4b1d8e3303b4a9d8968ac578947d8bc80d9aea359f388cdd4aac15cadc0e8447?s=96&d=mm&r=g\",\"caption\":\"manadmin\"},\"sameAs\":[\"https:\/\/fadeu.urantiacos.cl\"]}]}<\/script>\n<!-- \/ Yoast SEO plugin. -->","yoast_head_json":{"title":"Por qu\u00e9 el Rechazo vota Rechazo - Facultad de Arquitectura, Dise\u00f1o y Estudios Urbanos","description":"La Tercera publica art\u00edculo \"Por qu\u00e9 el Rechazo vota Rechazo\", donde se aborda que la opci\u00f3n en contra de cambiar la Constituci\u00f3n perdi\u00f3 por amplio margen","robots":{"index":"index","follow":"follow","max-snippet":"max-snippet:-1","max-image-preview":"max-image-preview:large","max-video-preview":"max-video-preview:-1"},"canonical":"https:\/\/fadeu.urantiacos.cl\/en\/2020\/11\/03\/por-que-el-rechazo-vota-rechazo\/","og_locale":"en_US","og_type":"article","og_title":"Por qu\u00e9 el Rechazo vota Rechazo - Facultad de Arquitectura, Dise\u00f1o y Estudios Urbanos","og_description":"La Tercera publica art\u00edculo \"Por qu\u00e9 el Rechazo vota Rechazo\", donde se aborda que la opci\u00f3n en contra de cambiar la Constituci\u00f3n perdi\u00f3 por amplio margen","og_url":"https:\/\/fadeu.urantiacos.cl\/en\/2020\/11\/03\/por-que-el-rechazo-vota-rechazo\/","og_site_name":"Facultad de Arquitectura, Dise\u00f1o y Estudios Urbanos","article_published_time":"2020-11-03T21:19:00+00:00","article_modified_time":"2023-09-09T21:20:17+00:00","og_image":[{"width":350,"height":250,"url":"https:\/\/fadeu.urantiacos.cl\/wp-content\/uploads\/2023\/09\/ZPT24X2JNBGB7L4IYH757FRVUI_web.jpg","type":"image\/jpeg"}],"author":"manadmin","twitter_card":"summary_large_image","twitter_misc":{"Written by":"manadmin","Est. reading time":"1 minute"},"schema":{"@context":"https:\/\/schema.org","@graph":[{"@type":"Article","@id":"https:\/\/fadeu.urantiacos.cl\/en\/2020\/11\/03\/por-que-el-rechazo-vota-rechazo\/#article","isPartOf":{"@id":"https:\/\/fadeu.urantiacos.cl\/en\/2020\/11\/03\/por-que-el-rechazo-vota-rechazo\/"},"author":{"name":"manadmin","@id":"https:\/\/fadeu.urantiacos.cl\/en\/#\/schema\/person\/d203e2e84b1c40275eac77b3061a19a2"},"headline":"Por qu\u00e9 el Rechazo vota Rechazo","datePublished":"2020-11-03T21:19:00+00:00","dateModified":"2023-09-09T21:20:17+00:00","mainEntityOfPage":{"@id":"https:\/\/fadeu.urantiacos.cl\/en\/2020\/11\/03\/por-que-el-rechazo-vota-rechazo\/"},"wordCount":119,"commentCount":0,"image":{"@id":"https:\/\/fadeu.urantiacos.cl\/en\/2020\/11\/03\/por-que-el-rechazo-vota-rechazo\/#primaryimage"},"thumbnailUrl":"https:\/\/fadeu.urantiacos.cl\/wp-content\/uploads\/2023\/09\/ZPT24X2JNBGB7L4IYH757FRVUI_web.jpg","articleSection":["Sin categorizar"],"inLanguage":"en-US","potentialAction":[{"@type":"CommentAction","name":"Comment","target":["https:\/\/fadeu.urantiacos.cl\/en\/2020\/11\/03\/por-que-el-rechazo-vota-rechazo\/#respond"]}]},{"@type":"WebPage","@id":"https:\/\/fadeu.urantiacos.cl\/en\/2020\/11\/03\/por-que-el-rechazo-vota-rechazo\/","url":"https:\/\/fadeu.urantiacos.cl\/en\/2020\/11\/03\/por-que-el-rechazo-vota-rechazo\/","name":"Por qu\u00e9 el Rechazo vota Rechazo - Facultad de Arquitectura, Dise\u00f1o y Estudios Urbanos","isPartOf":{"@id":"https:\/\/fadeu.urantiacos.cl\/en\/#website"},"primaryImageOfPage":{"@id":"https:\/\/fadeu.urantiacos.cl\/en\/2020\/11\/03\/por-que-el-rechazo-vota-rechazo\/#primaryimage"},"image":{"@id":"https:\/\/fadeu.urantiacos.cl\/en\/2020\/11\/03\/por-que-el-rechazo-vota-rechazo\/#primaryimage"},"thumbnailUrl":"https:\/\/fadeu.urantiacos.cl\/wp-content\/uploads\/2023\/09\/ZPT24X2JNBGB7L4IYH757FRVUI_web.jpg","datePublished":"2020-11-03T21:19:00+00:00","dateModified":"2023-09-09T21:20:17+00:00","author":{"@id":"https:\/\/fadeu.urantiacos.cl\/en\/#\/schema\/person\/d203e2e84b1c40275eac77b3061a19a2"},"description":"La Tercera publica art\u00edculo \"Por qu\u00e9 el Rechazo vota Rechazo\", donde se aborda que la opci\u00f3n en contra de cambiar la Constituci\u00f3n perdi\u00f3 por amplio margen","breadcrumb":{"@id":"https:\/\/fadeu.urantiacos.cl\/en\/2020\/11\/03\/por-que-el-rechazo-vota-rechazo\/#breadcrumb"},"inLanguage":"en-US","potentialAction":[{"@type":"ReadAction","target":["https:\/\/fadeu.urantiacos.cl\/en\/2020\/11\/03\/por-que-el-rechazo-vota-rechazo\/"]}]},{"@type":"ImageObject","inLanguage":"en-US","@id":"https:\/\/fadeu.urantiacos.cl\/en\/2020\/11\/03\/por-que-el-rechazo-vota-rechazo\/#primaryimage","url":"https:\/\/fadeu.urantiacos.cl\/wp-content\/uploads\/2023\/09\/ZPT24X2JNBGB7L4IYH757FRVUI_web.jpg","contentUrl":"https:\/\/fadeu.urantiacos.cl\/wp-content\/uploads\/2023\/09\/ZPT24X2JNBGB7L4IYH757FRVUI_web.jpg","width":350,"height":250},{"@type":"BreadcrumbList","@id":"https:\/\/fadeu.urantiacos.cl\/en\/2020\/11\/03\/por-que-el-rechazo-vota-rechazo\/#breadcrumb","itemListElement":[{"@type":"ListItem","position":1,"name":"Portada","item":"https:\/\/fadeu.urantiacos.cl\/en\/"},{"@type":"ListItem","position":2,"name":"Por qu\u00e9 el Rechazo vota Rechazo"}]},{"@type":"WebSite","@id":"https:\/\/fadeu.urantiacos.cl\/en\/#website","url":"https:\/\/fadeu.urantiacos.cl\/en\/","name":"Facultad de Arquitectura, Dise\u00f1o y Estudios Urbanos","description":"Campus Lo Contador","potentialAction":[{"@type":"SearchAction","target":{"@type":"EntryPoint","urlTemplate":"https:\/\/fadeu.urantiacos.cl\/en\/?s={search_term_string}"},"query-input":{"@type":"PropertyValueSpecification","valueRequired":true,"valueName":"search_term_string"}}],"inLanguage":"en-US"},{"@type":"Person","@id":"https:\/\/fadeu.urantiacos.cl\/en\/#\/schema\/person\/d203e2e84b1c40275eac77b3061a19a2","name":"manadmin","image":{"@type":"ImageObject","inLanguage":"en-US","@id":"https:\/\/fadeu.urantiacos.cl\/en\/#\/schema\/person\/image\/","url":"https:\/\/secure.gravatar.com\/avatar\/4b1d8e3303b4a9d8968ac578947d8bc80d9aea359f388cdd4aac15cadc0e8447?s=96&d=mm&r=g","contentUrl":"https:\/\/secure.gravatar.com\/avatar\/4b1d8e3303b4a9d8968ac578947d8bc80d9aea359f388cdd4aac15cadc0e8447?s=96&d=mm&r=g","caption":"manadmin"},"sameAs":["https:\/\/fadeu.urantiacos.cl"]}]}},"_links":{"self":[{"href":"https:\/\/fadeu.urantiacos.cl\/en\/wp-json\/wp\/v2\/posts\/7968","targetHints":{"allow":["GET"]}}],"collection":[{"href":"https:\/\/fadeu.urantiacos.cl\/en\/wp-json\/wp\/v2\/posts"}],"about":[{"href":"https:\/\/fadeu.urantiacos.cl\/en\/wp-json\/wp\/v2\/types\/post"}],"author":[{"embeddable":true,"href":"https:\/\/fadeu.urantiacos.cl\/en\/wp-json\/wp\/v2\/users\/1"}],"replies":[{"embeddable":true,"href":"https:\/\/fadeu.urantiacos.cl\/en\/wp-json\/wp\/v2\/comments?post=7968"}],"version-history":[{"count":1,"href":"https:\/\/fadeu.urantiacos.cl\/en\/wp-json\/wp\/v2\/posts\/7968\/revisions"}],"predecessor-version":[{"id":7970,"href":"https:\/\/fadeu.urantiacos.cl\/en\/wp-json\/wp\/v2\/posts\/7968\/revisions\/7970"}],"wp:featuredmedia":[{"embeddable":true,"href":"https:\/\/fadeu.urantiacos.cl\/en\/wp-json\/wp\/v2\/media\/7969"}],"wp:attachment":[{"href":"https:\/\/fadeu.urantiacos.cl\/en\/wp-json\/wp\/v2\/media?parent=7968"}],"wp:term":[{"taxonomy":"category","embeddable":true,"href":"https:\/\/fadeu.urantiacos.cl\/en\/wp-json\/wp\/v2\/categories?post=7968"},{"taxonomy":"post_tag","embeddable":true,"href":"https:\/\/fadeu.urantiacos.cl\/en\/wp-json\/wp\/v2\/tags?post=7968"}],"curies":[{"name":"wp","href":"https:\/\/api.w.org\/{rel}","templated":true}]}}