{"id":7963,"date":"2020-11-04T18:16:00","date_gmt":"2020-11-04T21:16:00","guid":{"rendered":"https:\/\/fadeu.urantiacos.cl\/?p=7963"},"modified":"2023-09-09T18:18:41","modified_gmt":"2023-09-09T21:18:41","slug":"profesora-cecilia-puga-asumira-la-direccion-del-museo-chileno-de-arte-precolombino","status":"publish","type":"post","link":"https:\/\/fadeu.urantiacos.cl\/en\/2020\/11\/04\/profesora-cecilia-puga-asumira-la-direccion-del-museo-chileno-de-arte-precolombino\/","title":{"rendered":"Profesora Cecilia Puga asumir\u00e1 la direcci\u00f3n del Museo chileno de Arte Precolombino"},"content":{"rendered":"\n<figure class=\"wp-block-image size-full\"><img decoding=\"async\" width=\"350\" height=\"250\" src=\"https:\/\/fadeu.urantiacos.cl\/wp-content\/uploads\/2023\/09\/Cecilia_Puga_web.jpg\" alt=\"\" class=\"wp-image-7965\" srcset=\"https:\/\/fadeu.urantiacos.cl\/wp-content\/uploads\/2023\/09\/Cecilia_Puga_web.jpg 350w, https:\/\/fadeu.urantiacos.cl\/wp-content\/uploads\/2023\/09\/Cecilia_Puga_web-300x214.jpg 300w\" sizes=\"(max-width: 350px) 100vw, 350px\" \/><\/figure>\n\n\n\n<p>El Museo se encuentra ubicado en el antiguo edificio del Palacio de la Real Aduana de Santiago, que fue remodelado con el proyecto del arquitecto Smiljan Radic en el 2014. De naturaleza p\u00fablico-privada, el museo es impulsado por la Ilustre Municipalidad de Santiago y la Fundaci\u00f3n Familia Larra\u00edn Eche\u00f1ique desde 1981, financiado por el Ministerio de las Culturas, las Artes y el Patrimonio, el municipio y recursos generados por el museo por la v\u00eda de la autogesti\u00f3n.<\/p>\n\n\n\n<p>Cecilia Puga es una de las arquitectas chilenas contempor\u00e1neas m\u00e1s destacadas del medio nacional. Dentro de sus obras destacan la remodelaci\u00f3n del Palacio Pereira, que obtuvo el primer lugar por concurso, junto a Paula Velasco y Alberto Moletto. Tambi\u00e9n ha participado en varios edificios de nuestro Campus; en el Centro de Informaci\u00f3n y Documentaci\u00f3n Sergio Larra\u00edn G-M, en la 1\u00ba etapa junto a Teodoro Fern\u00e1ndez y Smijlian Radic (1997) y en la 2\u00ba etapa junto a Patricio Mardones (2006), la cual incluy\u00f3 la creaci\u00f3n del Laboratorio de Herramientas y Prototipos.<\/p>\n\n\n\n<p>Desde la Facultad de Arquitectura, Dise\u00f1o y Estudios Urbanos se celebr\u00f3 la designaci\u00f3n, afirmando que este desaf\u00edo recoge su experiencia como arquitecta, su labor docente y su amplia conocimiento del patrimonio. Tambi\u00e9n significa un orgullo para la Universidad, la Facultad y la propia escuela de Arquitectura, cuyos profesores han asumido importantes desaf\u00edos para con la sociedad en su conjunto, como el profesor Fernando P\u00e9rez, actual director del Museo Nacional de Bellas Artes; el profesor Emilio de la Cerda, actual Subsecretario del Patrimonio Cultural; y el actual director Luis Eduardo Bresciani, quien fuera presidente del Consejo Nacional de Desarrollo Urbano.<\/p>\n\n\n\n<p>Puedes revisar m\u00e1s informaci\u00f3n sobre el Museo, su fundador Sergio Larra\u00edn G-M y sus colecciones aqu\u00ed:&nbsp;<a href=\"http:\/\/www.precolombino.cl\/en\/\">http:\/\/www.precolombino.cl\/en\/<\/a><a href=\"http:\/\/www.precolombino.cl\/en\/\"><\/a><\/p>\n\n\n\n<p>Fotograf\u00edas:&nbsp;<a href=\"http:\/\/fadeu.urantiacos.cl\/images\/noticias\/2020\/Noviembre\/Cecilia_Puga_web.jpg\" target=\"_blank\" rel=\"noreferrer noopener\">Plataforma Arquitectura<\/a><\/p>\n\n\n\n<p>Informaci\u00f3n period\u00edstica<br>Juan Andr\u00e9s Inzunza<\/p>\n\n\n\n<figure class=\"wp-block-image size-large\"><img decoding=\"async\" width=\"1024\" height=\"683\" src=\"https:\/\/fadeu.urantiacos.cl\/wp-content\/uploads\/2023\/09\/PRECO_SM_RAD_1-1024x683.jpg\" alt=\"\" class=\"wp-image-7966\" srcset=\"https:\/\/fadeu.urantiacos.cl\/wp-content\/uploads\/2023\/09\/PRECO_SM_RAD_1-1024x683.jpg 1024w, https:\/\/fadeu.urantiacos.cl\/wp-content\/uploads\/2023\/09\/PRECO_SM_RAD_1-300x200.jpg 300w, https:\/\/fadeu.urantiacos.cl\/wp-content\/uploads\/2023\/09\/PRECO_SM_RAD_1-768x512.jpg 768w, https:\/\/fadeu.urantiacos.cl\/wp-content\/uploads\/2023\/09\/PRECO_SM_RAD_1.jpg 1500w\" sizes=\"(max-width: 1024px) 100vw, 1024px\" \/><\/figure>\n","protected":false},"excerpt":{"rendered":"<p>La profesora de la escuela de Arquitectura, Cecilia Puga, asumir\u00e1 en los pr\u00f3ximos d\u00edas la direcci\u00f3n del Museo chileno de Arte Precolombino. La informaci\u00f3n fue dada a conocer por el director recientemente renunciado, el antrop\u00f3logo Carlos Aldunate, en una entrevista publicada en un medio de comunicaci\u00f3n de circulaci\u00f3n nacional.<\/p>\n","protected":false},"author":1,"featured_media":7965,"comment_status":"open","ping_status":"open","sticky":false,"template":"","format":"standard","meta":{"_acf_changed":false,"footnotes":""},"categories":[1],"tags":[],"class_list":["post-7963","post","type-post","status-publish","format-standard","has-post-thumbnail","hentry","category-sin-categorizar"],"acf":[],"yoast_head":"<!-- This site is optimized with the Yoast SEO plugin v27.1.1 - https:\/\/yoast.com\/product\/yoast-seo-wordpress\/ -->\n<title>Profesora Cecilia Puga asumir\u00e1 la direcci\u00f3n del Museo chileno de Arte Precolombino - Facultad de Arquitectura, Dise\u00f1o y Estudios Urbanos<\/title>\n<meta name=\"description\" content=\"La profesora de la escuela de Arquitectura, Cecilia Puga, asumir\u00e1 en los pr\u00f3ximos d\u00edas la direcci\u00f3n del Museo chileno de Arte Precolombino. La informaci\u00f3n fue dada a conocer por el director recientemente renunciado, el antrop\u00f3logo Carlos Aldunate, en una entrevista publicada en un medio de comunicaci\u00f3n de circulaci\u00f3n nacional.\" \/>\n<meta name=\"robots\" content=\"index, follow, max-snippet:-1, max-image-preview:large, max-video-preview:-1\" \/>\n<link rel=\"canonical\" href=\"https:\/\/fadeu.urantiacos.cl\/en\/2020\/11\/04\/profesora-cecilia-puga-asumira-la-direccion-del-museo-chileno-de-arte-precolombino\/\" \/>\n<meta property=\"og:locale\" content=\"en_US\" \/>\n<meta property=\"og:type\" content=\"article\" \/>\n<meta property=\"og:title\" content=\"Profesora Cecilia Puga asumir\u00e1 la direcci\u00f3n del Museo chileno de Arte Precolombino - Facultad de Arquitectura, Dise\u00f1o y Estudios Urbanos\" \/>\n<meta property=\"og:description\" content=\"La profesora de la escuela de Arquitectura, Cecilia Puga, asumir\u00e1 en los pr\u00f3ximos d\u00edas la direcci\u00f3n del Museo chileno de Arte Precolombino. La informaci\u00f3n fue dada a conocer por el director recientemente renunciado, el antrop\u00f3logo Carlos Aldunate, en una entrevista publicada en un medio de comunicaci\u00f3n de circulaci\u00f3n nacional.\" \/>\n<meta property=\"og:url\" content=\"https:\/\/fadeu.urantiacos.cl\/en\/2020\/11\/04\/profesora-cecilia-puga-asumira-la-direccion-del-museo-chileno-de-arte-precolombino\/\" \/>\n<meta property=\"og:site_name\" content=\"Facultad de Arquitectura, Dise\u00f1o y Estudios Urbanos\" \/>\n<meta property=\"article:published_time\" content=\"2020-11-04T21:16:00+00:00\" \/>\n<meta property=\"article:modified_time\" content=\"2023-09-09T21:18:41+00:00\" \/>\n<meta property=\"og:image\" content=\"https:\/\/fadeu.urantiacos.cl\/wp-content\/uploads\/2023\/09\/Cecilia_Puga_web.jpg\" \/>\n\t<meta property=\"og:image:width\" content=\"350\" \/>\n\t<meta property=\"og:image:height\" content=\"250\" \/>\n\t<meta property=\"og:image:type\" content=\"image\/jpeg\" \/>\n<meta name=\"author\" content=\"manadmin\" \/>\n<meta name=\"twitter:card\" content=\"summary_large_image\" \/>\n<meta name=\"twitter:label1\" content=\"Written by\" \/>\n\t<meta name=\"twitter:data1\" content=\"manadmin\" \/>\n\t<meta name=\"twitter:label2\" content=\"Est. reading time\" \/>\n\t<meta name=\"twitter:data2\" content=\"2 minutes\" \/>\n<script type=\"application\/ld+json\" class=\"yoast-schema-graph\">{\"@context\":\"https:\/\/schema.org\",\"@graph\":[{\"@type\":\"Article\",\"@id\":\"https:\/\/fadeu.urantiacos.cl\/en\/2020\/11\/04\/profesora-cecilia-puga-asumira-la-direccion-del-museo-chileno-de-arte-precolombino\/#article\",\"isPartOf\":{\"@id\":\"https:\/\/fadeu.urantiacos.cl\/en\/2020\/11\/04\/profesora-cecilia-puga-asumira-la-direccion-del-museo-chileno-de-arte-precolombino\/\"},\"author\":{\"name\":\"manadmin\",\"@id\":\"https:\/\/fadeu.urantiacos.cl\/en\/#\/schema\/person\/d203e2e84b1c40275eac77b3061a19a2\"},\"headline\":\"Profesora Cecilia Puga asumir\u00e1 la direcci\u00f3n del Museo chileno de Arte Precolombino\",\"datePublished\":\"2020-11-04T21:16:00+00:00\",\"dateModified\":\"2023-09-09T21:18:41+00:00\",\"mainEntityOfPage\":{\"@id\":\"https:\/\/fadeu.urantiacos.cl\/en\/2020\/11\/04\/profesora-cecilia-puga-asumira-la-direccion-del-museo-chileno-de-arte-precolombino\/\"},\"wordCount\":331,\"commentCount\":0,\"image\":{\"@id\":\"https:\/\/fadeu.urantiacos.cl\/en\/2020\/11\/04\/profesora-cecilia-puga-asumira-la-direccion-del-museo-chileno-de-arte-precolombino\/#primaryimage\"},\"thumbnailUrl\":\"https:\/\/fadeu.urantiacos.cl\/wp-content\/uploads\/2023\/09\/Cecilia_Puga_web.jpg\",\"articleSection\":[\"Sin categorizar\"],\"inLanguage\":\"en-US\",\"potentialAction\":[{\"@type\":\"CommentAction\",\"name\":\"Comment\",\"target\":[\"https:\/\/fadeu.urantiacos.cl\/en\/2020\/11\/04\/profesora-cecilia-puga-asumira-la-direccion-del-museo-chileno-de-arte-precolombino\/#respond\"]}]},{\"@type\":\"WebPage\",\"@id\":\"https:\/\/fadeu.urantiacos.cl\/en\/2020\/11\/04\/profesora-cecilia-puga-asumira-la-direccion-del-museo-chileno-de-arte-precolombino\/\",\"url\":\"https:\/\/fadeu.urantiacos.cl\/en\/2020\/11\/04\/profesora-cecilia-puga-asumira-la-direccion-del-museo-chileno-de-arte-precolombino\/\",\"name\":\"Profesora Cecilia Puga asumir\u00e1 la direcci\u00f3n del Museo chileno de Arte Precolombino - Facultad de Arquitectura, Dise\u00f1o y Estudios Urbanos\",\"isPartOf\":{\"@id\":\"https:\/\/fadeu.urantiacos.cl\/en\/#website\"},\"primaryImageOfPage\":{\"@id\":\"https:\/\/fadeu.urantiacos.cl\/en\/2020\/11\/04\/profesora-cecilia-puga-asumira-la-direccion-del-museo-chileno-de-arte-precolombino\/#primaryimage\"},\"image\":{\"@id\":\"https:\/\/fadeu.urantiacos.cl\/en\/2020\/11\/04\/profesora-cecilia-puga-asumira-la-direccion-del-museo-chileno-de-arte-precolombino\/#primaryimage\"},\"thumbnailUrl\":\"https:\/\/fadeu.urantiacos.cl\/wp-content\/uploads\/2023\/09\/Cecilia_Puga_web.jpg\",\"datePublished\":\"2020-11-04T21:16:00+00:00\",\"dateModified\":\"2023-09-09T21:18:41+00:00\",\"author\":{\"@id\":\"https:\/\/fadeu.urantiacos.cl\/en\/#\/schema\/person\/d203e2e84b1c40275eac77b3061a19a2\"},\"description\":\"La profesora de la escuela de Arquitectura, Cecilia Puga, asumir\u00e1 en los pr\u00f3ximos d\u00edas la direcci\u00f3n del Museo chileno de Arte Precolombino. La informaci\u00f3n fue dada a conocer por el director recientemente renunciado, el antrop\u00f3logo Carlos Aldunate, en una entrevista publicada en un medio de comunicaci\u00f3n de circulaci\u00f3n nacional.\",\"breadcrumb\":{\"@id\":\"https:\/\/fadeu.urantiacos.cl\/en\/2020\/11\/04\/profesora-cecilia-puga-asumira-la-direccion-del-museo-chileno-de-arte-precolombino\/#breadcrumb\"},\"inLanguage\":\"en-US\",\"potentialAction\":[{\"@type\":\"ReadAction\",\"target\":[\"https:\/\/fadeu.urantiacos.cl\/en\/2020\/11\/04\/profesora-cecilia-puga-asumira-la-direccion-del-museo-chileno-de-arte-precolombino\/\"]}]},{\"@type\":\"ImageObject\",\"inLanguage\":\"en-US\",\"@id\":\"https:\/\/fadeu.urantiacos.cl\/en\/2020\/11\/04\/profesora-cecilia-puga-asumira-la-direccion-del-museo-chileno-de-arte-precolombino\/#primaryimage\",\"url\":\"https:\/\/fadeu.urantiacos.cl\/wp-content\/uploads\/2023\/09\/Cecilia_Puga_web.jpg\",\"contentUrl\":\"https:\/\/fadeu.urantiacos.cl\/wp-content\/uploads\/2023\/09\/Cecilia_Puga_web.jpg\",\"width\":350,\"height\":250},{\"@type\":\"BreadcrumbList\",\"@id\":\"https:\/\/fadeu.urantiacos.cl\/en\/2020\/11\/04\/profesora-cecilia-puga-asumira-la-direccion-del-museo-chileno-de-arte-precolombino\/#breadcrumb\",\"itemListElement\":[{\"@type\":\"ListItem\",\"position\":1,\"name\":\"Portada\",\"item\":\"https:\/\/fadeu.urantiacos.cl\/en\/\"},{\"@type\":\"ListItem\",\"position\":2,\"name\":\"Profesora Cecilia Puga asumir\u00e1 la direcci\u00f3n del Museo chileno de Arte Precolombino\"}]},{\"@type\":\"WebSite\",\"@id\":\"https:\/\/fadeu.urantiacos.cl\/en\/#website\",\"url\":\"https:\/\/fadeu.urantiacos.cl\/en\/\",\"name\":\"Facultad de Arquitectura, Dise\u00f1o y Estudios Urbanos\",\"description\":\"Campus Lo Contador\",\"potentialAction\":[{\"@type\":\"SearchAction\",\"target\":{\"@type\":\"EntryPoint\",\"urlTemplate\":\"https:\/\/fadeu.urantiacos.cl\/en\/?s={search_term_string}\"},\"query-input\":{\"@type\":\"PropertyValueSpecification\",\"valueRequired\":true,\"valueName\":\"search_term_string\"}}],\"inLanguage\":\"en-US\"},{\"@type\":\"Person\",\"@id\":\"https:\/\/fadeu.urantiacos.cl\/en\/#\/schema\/person\/d203e2e84b1c40275eac77b3061a19a2\",\"name\":\"manadmin\",\"image\":{\"@type\":\"ImageObject\",\"inLanguage\":\"en-US\",\"@id\":\"https:\/\/fadeu.urantiacos.cl\/en\/#\/schema\/person\/image\/\",\"url\":\"https:\/\/secure.gravatar.com\/avatar\/4b1d8e3303b4a9d8968ac578947d8bc80d9aea359f388cdd4aac15cadc0e8447?s=96&d=mm&r=g\",\"contentUrl\":\"https:\/\/secure.gravatar.com\/avatar\/4b1d8e3303b4a9d8968ac578947d8bc80d9aea359f388cdd4aac15cadc0e8447?s=96&d=mm&r=g\",\"caption\":\"manadmin\"},\"sameAs\":[\"https:\/\/fadeu.urantiacos.cl\"]}]}<\/script>\n<!-- \/ Yoast SEO plugin. -->","yoast_head_json":{"title":"Profesora Cecilia Puga asumir\u00e1 la direcci\u00f3n del Museo chileno de Arte Precolombino - Facultad de Arquitectura, Dise\u00f1o y Estudios Urbanos","description":"La profesora de la escuela de Arquitectura, Cecilia Puga, asumir\u00e1 en los pr\u00f3ximos d\u00edas la direcci\u00f3n del Museo chileno de Arte Precolombino. La informaci\u00f3n fue dada a conocer por el director recientemente renunciado, el antrop\u00f3logo Carlos Aldunate, en una entrevista publicada en un medio de comunicaci\u00f3n de circulaci\u00f3n nacional.","robots":{"index":"index","follow":"follow","max-snippet":"max-snippet:-1","max-image-preview":"max-image-preview:large","max-video-preview":"max-video-preview:-1"},"canonical":"https:\/\/fadeu.urantiacos.cl\/en\/2020\/11\/04\/profesora-cecilia-puga-asumira-la-direccion-del-museo-chileno-de-arte-precolombino\/","og_locale":"en_US","og_type":"article","og_title":"Profesora Cecilia Puga asumir\u00e1 la direcci\u00f3n del Museo chileno de Arte Precolombino - Facultad de Arquitectura, Dise\u00f1o y Estudios Urbanos","og_description":"La profesora de la escuela de Arquitectura, Cecilia Puga, asumir\u00e1 en los pr\u00f3ximos d\u00edas la direcci\u00f3n del Museo chileno de Arte Precolombino. La informaci\u00f3n fue dada a conocer por el director recientemente renunciado, el antrop\u00f3logo Carlos Aldunate, en una entrevista publicada en un medio de comunicaci\u00f3n de circulaci\u00f3n nacional.","og_url":"https:\/\/fadeu.urantiacos.cl\/en\/2020\/11\/04\/profesora-cecilia-puga-asumira-la-direccion-del-museo-chileno-de-arte-precolombino\/","og_site_name":"Facultad de Arquitectura, Dise\u00f1o y Estudios Urbanos","article_published_time":"2020-11-04T21:16:00+00:00","article_modified_time":"2023-09-09T21:18:41+00:00","og_image":[{"width":350,"height":250,"url":"https:\/\/fadeu.urantiacos.cl\/wp-content\/uploads\/2023\/09\/Cecilia_Puga_web.jpg","type":"image\/jpeg"}],"author":"manadmin","twitter_card":"summary_large_image","twitter_misc":{"Written by":"manadmin","Est. reading time":"2 minutes"},"schema":{"@context":"https:\/\/schema.org","@graph":[{"@type":"Article","@id":"https:\/\/fadeu.urantiacos.cl\/en\/2020\/11\/04\/profesora-cecilia-puga-asumira-la-direccion-del-museo-chileno-de-arte-precolombino\/#article","isPartOf":{"@id":"https:\/\/fadeu.urantiacos.cl\/en\/2020\/11\/04\/profesora-cecilia-puga-asumira-la-direccion-del-museo-chileno-de-arte-precolombino\/"},"author":{"name":"manadmin","@id":"https:\/\/fadeu.urantiacos.cl\/en\/#\/schema\/person\/d203e2e84b1c40275eac77b3061a19a2"},"headline":"Profesora Cecilia Puga asumir\u00e1 la direcci\u00f3n del Museo chileno de Arte Precolombino","datePublished":"2020-11-04T21:16:00+00:00","dateModified":"2023-09-09T21:18:41+00:00","mainEntityOfPage":{"@id":"https:\/\/fadeu.urantiacos.cl\/en\/2020\/11\/04\/profesora-cecilia-puga-asumira-la-direccion-del-museo-chileno-de-arte-precolombino\/"},"wordCount":331,"commentCount":0,"image":{"@id":"https:\/\/fadeu.urantiacos.cl\/en\/2020\/11\/04\/profesora-cecilia-puga-asumira-la-direccion-del-museo-chileno-de-arte-precolombino\/#primaryimage"},"thumbnailUrl":"https:\/\/fadeu.urantiacos.cl\/wp-content\/uploads\/2023\/09\/Cecilia_Puga_web.jpg","articleSection":["Sin categorizar"],"inLanguage":"en-US","potentialAction":[{"@type":"CommentAction","name":"Comment","target":["https:\/\/fadeu.urantiacos.cl\/en\/2020\/11\/04\/profesora-cecilia-puga-asumira-la-direccion-del-museo-chileno-de-arte-precolombino\/#respond"]}]},{"@type":"WebPage","@id":"https:\/\/fadeu.urantiacos.cl\/en\/2020\/11\/04\/profesora-cecilia-puga-asumira-la-direccion-del-museo-chileno-de-arte-precolombino\/","url":"https:\/\/fadeu.urantiacos.cl\/en\/2020\/11\/04\/profesora-cecilia-puga-asumira-la-direccion-del-museo-chileno-de-arte-precolombino\/","name":"Profesora Cecilia Puga asumir\u00e1 la direcci\u00f3n del Museo chileno de Arte Precolombino - Facultad de Arquitectura, Dise\u00f1o y Estudios Urbanos","isPartOf":{"@id":"https:\/\/fadeu.urantiacos.cl\/en\/#website"},"primaryImageOfPage":{"@id":"https:\/\/fadeu.urantiacos.cl\/en\/2020\/11\/04\/profesora-cecilia-puga-asumira-la-direccion-del-museo-chileno-de-arte-precolombino\/#primaryimage"},"image":{"@id":"https:\/\/fadeu.urantiacos.cl\/en\/2020\/11\/04\/profesora-cecilia-puga-asumira-la-direccion-del-museo-chileno-de-arte-precolombino\/#primaryimage"},"thumbnailUrl":"https:\/\/fadeu.urantiacos.cl\/wp-content\/uploads\/2023\/09\/Cecilia_Puga_web.jpg","datePublished":"2020-11-04T21:16:00+00:00","dateModified":"2023-09-09T21:18:41+00:00","author":{"@id":"https:\/\/fadeu.urantiacos.cl\/en\/#\/schema\/person\/d203e2e84b1c40275eac77b3061a19a2"},"description":"La profesora de la escuela de Arquitectura, Cecilia Puga, asumir\u00e1 en los pr\u00f3ximos d\u00edas la direcci\u00f3n del Museo chileno de Arte Precolombino. La informaci\u00f3n fue dada a conocer por el director recientemente renunciado, el antrop\u00f3logo Carlos Aldunate, en una entrevista publicada en un medio de comunicaci\u00f3n de circulaci\u00f3n nacional.","breadcrumb":{"@id":"https:\/\/fadeu.urantiacos.cl\/en\/2020\/11\/04\/profesora-cecilia-puga-asumira-la-direccion-del-museo-chileno-de-arte-precolombino\/#breadcrumb"},"inLanguage":"en-US","potentialAction":[{"@type":"ReadAction","target":["https:\/\/fadeu.urantiacos.cl\/en\/2020\/11\/04\/profesora-cecilia-puga-asumira-la-direccion-del-museo-chileno-de-arte-precolombino\/"]}]},{"@type":"ImageObject","inLanguage":"en-US","@id":"https:\/\/fadeu.urantiacos.cl\/en\/2020\/11\/04\/profesora-cecilia-puga-asumira-la-direccion-del-museo-chileno-de-arte-precolombino\/#primaryimage","url":"https:\/\/fadeu.urantiacos.cl\/wp-content\/uploads\/2023\/09\/Cecilia_Puga_web.jpg","contentUrl":"https:\/\/fadeu.urantiacos.cl\/wp-content\/uploads\/2023\/09\/Cecilia_Puga_web.jpg","width":350,"height":250},{"@type":"BreadcrumbList","@id":"https:\/\/fadeu.urantiacos.cl\/en\/2020\/11\/04\/profesora-cecilia-puga-asumira-la-direccion-del-museo-chileno-de-arte-precolombino\/#breadcrumb","itemListElement":[{"@type":"ListItem","position":1,"name":"Portada","item":"https:\/\/fadeu.urantiacos.cl\/en\/"},{"@type":"ListItem","position":2,"name":"Profesora Cecilia Puga asumir\u00e1 la direcci\u00f3n del Museo chileno de Arte Precolombino"}]},{"@type":"WebSite","@id":"https:\/\/fadeu.urantiacos.cl\/en\/#website","url":"https:\/\/fadeu.urantiacos.cl\/en\/","name":"Facultad de Arquitectura, Dise\u00f1o y Estudios Urbanos","description":"Campus Lo Contador","potentialAction":[{"@type":"SearchAction","target":{"@type":"EntryPoint","urlTemplate":"https:\/\/fadeu.urantiacos.cl\/en\/?s={search_term_string}"},"query-input":{"@type":"PropertyValueSpecification","valueRequired":true,"valueName":"search_term_string"}}],"inLanguage":"en-US"},{"@type":"Person","@id":"https:\/\/fadeu.urantiacos.cl\/en\/#\/schema\/person\/d203e2e84b1c40275eac77b3061a19a2","name":"manadmin","image":{"@type":"ImageObject","inLanguage":"en-US","@id":"https:\/\/fadeu.urantiacos.cl\/en\/#\/schema\/person\/image\/","url":"https:\/\/secure.gravatar.com\/avatar\/4b1d8e3303b4a9d8968ac578947d8bc80d9aea359f388cdd4aac15cadc0e8447?s=96&d=mm&r=g","contentUrl":"https:\/\/secure.gravatar.com\/avatar\/4b1d8e3303b4a9d8968ac578947d8bc80d9aea359f388cdd4aac15cadc0e8447?s=96&d=mm&r=g","caption":"manadmin"},"sameAs":["https:\/\/fadeu.urantiacos.cl"]}]}},"_links":{"self":[{"href":"https:\/\/fadeu.urantiacos.cl\/en\/wp-json\/wp\/v2\/posts\/7963","targetHints":{"allow":["GET"]}}],"collection":[{"href":"https:\/\/fadeu.urantiacos.cl\/en\/wp-json\/wp\/v2\/posts"}],"about":[{"href":"https:\/\/fadeu.urantiacos.cl\/en\/wp-json\/wp\/v2\/types\/post"}],"author":[{"embeddable":true,"href":"https:\/\/fadeu.urantiacos.cl\/en\/wp-json\/wp\/v2\/users\/1"}],"replies":[{"embeddable":true,"href":"https:\/\/fadeu.urantiacos.cl\/en\/wp-json\/wp\/v2\/comments?post=7963"}],"version-history":[{"count":1,"href":"https:\/\/fadeu.urantiacos.cl\/en\/wp-json\/wp\/v2\/posts\/7963\/revisions"}],"predecessor-version":[{"id":7967,"href":"https:\/\/fadeu.urantiacos.cl\/en\/wp-json\/wp\/v2\/posts\/7963\/revisions\/7967"}],"wp:featuredmedia":[{"embeddable":true,"href":"https:\/\/fadeu.urantiacos.cl\/en\/wp-json\/wp\/v2\/media\/7965"}],"wp:attachment":[{"href":"https:\/\/fadeu.urantiacos.cl\/en\/wp-json\/wp\/v2\/media?parent=7963"}],"wp:term":[{"taxonomy":"category","embeddable":true,"href":"https:\/\/fadeu.urantiacos.cl\/en\/wp-json\/wp\/v2\/categories?post=7963"},{"taxonomy":"post_tag","embeddable":true,"href":"https:\/\/fadeu.urantiacos.cl\/en\/wp-json\/wp\/v2\/tags?post=7963"}],"curies":[{"name":"wp","href":"https:\/\/api.w.org\/{rel}","templated":true}]}}