{"id":7958,"date":"2020-11-04T18:10:00","date_gmt":"2020-11-04T21:10:00","guid":{"rendered":"https:\/\/fadeu.urantiacos.cl\/?p=7958"},"modified":"2023-09-09T18:16:20","modified_gmt":"2023-09-09T21:16:20","slug":"archivo-de-originales-activa-nuevos-protocolos-presenciales-y-remotos","status":"publish","type":"post","link":"https:\/\/fadeu.urantiacos.cl\/en\/2020\/11\/04\/archivo-de-originales-activa-nuevos-protocolos-presenciales-y-remotos\/","title":{"rendered":"Archivo de Originales activa nuevos protocolos presenciales y remotos"},"content":{"rendered":"\n<figure class=\"wp-block-image size-full\"><img decoding=\"async\" width=\"350\" height=\"250\" src=\"https:\/\/fadeu.urantiacos.cl\/wp-content\/uploads\/2023\/09\/Fondo_Emilio_Duhart_Colegio_Alianza_Francesa_FED-F04-0023_WEB.jpg\" alt=\"\" class=\"wp-image-7959\" srcset=\"https:\/\/fadeu.urantiacos.cl\/wp-content\/uploads\/2023\/09\/Fondo_Emilio_Duhart_Colegio_Alianza_Francesa_FED-F04-0023_WEB.jpg 350w, https:\/\/fadeu.urantiacos.cl\/wp-content\/uploads\/2023\/09\/Fondo_Emilio_Duhart_Colegio_Alianza_Francesa_FED-F04-0023_WEB-300x214.jpg 300w\" sizes=\"(max-width: 350px) 100vw, 350px\" \/><\/figure>\n\n\n\n<p>Ante la imposibilidad de dar acceso de manera presencial al fondo documental del Archivo de Originales, producto de la pandemia por COVID-19 que, entre otras medidas, proh\u00edbe aglomeraciones e personas y establece aforos m\u00e1ximos para lugares cerrados, se hace de gran necesidad disponer de un archivo online al cual puedan acceder los investigadores. Por ello, y de manera simult\u00e1nea al trabajo de desarrollo de un cat\u00e1logo en l\u00ednea, se est\u00e1 trabajando la accesibilidad al Archivo mientras la p\u00e1gina de Archivos Patrimoniales UC est\u00e1 en proceso de ser completada.<\/p>\n\n\n\n<p>Adem\u00e1s de informar y comunicar a la comunidad universitaria acerca de los nuevos protocolos de requerimiento de los \u00edtems, entendiendo que es un trabajo que demorar\u00e1 un tiempo, los usuarios de igual manera podr\u00e1n tener acceso a aquel material que se encuentra en \u201cproceso de subida\u201d mediante una investigaci\u00f3n asistida por el equipo del Archivo. A continuaci\u00f3n, se detallan las posibilidades de b\u00fasqueda en el Archivo de Originales en l\u00ednea los cuales se encuentran ordenados seg\u00fan Fondo y Autor para una eficiente b\u00fasqueda.&nbsp;<\/p>\n\n\n\n<p>Las consultas de investigaci\u00f3n de manera presencial en el Archivo ser\u00e1n definidas para los d\u00edas lunes o mi\u00e9rcoles dentro de los horarios normales de funcionamiento del Campus y en coordinaci\u00f3n con Biblioteca. De manera presencial, se completa in situ una ficha de solicitud del material requerido, en la cual se revisar\u00e1 el cat\u00e1logo de la colecci\u00f3n para definir los c\u00f3digos documentales requeridos para consulta.<\/p>\n\n\n\n<p>Cualquier duda o consulta original puedes escribir a Isabel Garc\u00eda al mail&nbsp;<a href=\"mailto:isabelgarciapdea@uc.cl\">isabelgarciapdea@uc.cl<\/a>, y puedes descargar&nbsp;<a href=\"http:\/\/fadeu.urantiacos.cl\/images\/noticias\/2020\/Noviembre\/Protocolo_de_funcionamiento_Archivo.pdf\" target=\"_blank\" rel=\"noreferrer noopener\">AQU\u00cd<\/a>&nbsp;el \u201cProtocolo de Funcionamiento en L\u00ednea. Archivo de Originales Sergio Larra\u00edn Garc\u00eda-Moreno\u201d.<\/p>\n\n\n\n<figure class=\"wp-block-image size-large\"><img decoding=\"async\" width=\"1024\" height=\"740\" src=\"https:\/\/fadeu.urantiacos.cl\/wp-content\/uploads\/2023\/09\/Fondo_Roberto_Goycoolea_Universidad_de_Concepcion_FED-F05-0001-1024x740.jpg\" alt=\"\" class=\"wp-image-7960\" srcset=\"https:\/\/fadeu.urantiacos.cl\/wp-content\/uploads\/2023\/09\/Fondo_Roberto_Goycoolea_Universidad_de_Concepcion_FED-F05-0001-1024x740.jpg 1024w, https:\/\/fadeu.urantiacos.cl\/wp-content\/uploads\/2023\/09\/Fondo_Roberto_Goycoolea_Universidad_de_Concepcion_FED-F05-0001-300x217.jpg 300w, https:\/\/fadeu.urantiacos.cl\/wp-content\/uploads\/2023\/09\/Fondo_Roberto_Goycoolea_Universidad_de_Concepcion_FED-F05-0001-768x555.jpg 768w, https:\/\/fadeu.urantiacos.cl\/wp-content\/uploads\/2023\/09\/Fondo_Roberto_Goycoolea_Universidad_de_Concepcion_FED-F05-0001-1536x1110.jpg 1536w, https:\/\/fadeu.urantiacos.cl\/wp-content\/uploads\/2023\/09\/Fondo_Roberto_Goycoolea_Universidad_de_Concepcion_FED-F05-0001.jpg 1600w\" sizes=\"(max-width: 1024px) 100vw, 1024px\" \/><\/figure>\n\n\n\n<p>Fondo: Roberto Goycolea. Universidad de Concepci\u00f3n<\/p>\n\n\n\n<figure class=\"wp-block-image size-large\"><img decoding=\"async\" width=\"1024\" height=\"743\" src=\"https:\/\/fadeu.urantiacos.cl\/wp-content\/uploads\/2023\/09\/Fondo_Emilio_Duhart_Colegio_Alianza_Francesa_FED-F04-0023-1024x743.jpg\" alt=\"\" class=\"wp-image-7961\" srcset=\"https:\/\/fadeu.urantiacos.cl\/wp-content\/uploads\/2023\/09\/Fondo_Emilio_Duhart_Colegio_Alianza_Francesa_FED-F04-0023-1024x743.jpg 1024w, https:\/\/fadeu.urantiacos.cl\/wp-content\/uploads\/2023\/09\/Fondo_Emilio_Duhart_Colegio_Alianza_Francesa_FED-F04-0023-300x218.jpg 300w, https:\/\/fadeu.urantiacos.cl\/wp-content\/uploads\/2023\/09\/Fondo_Emilio_Duhart_Colegio_Alianza_Francesa_FED-F04-0023-768x557.jpg 768w, https:\/\/fadeu.urantiacos.cl\/wp-content\/uploads\/2023\/09\/Fondo_Emilio_Duhart_Colegio_Alianza_Francesa_FED-F04-0023-1536x1114.jpg 1536w, https:\/\/fadeu.urantiacos.cl\/wp-content\/uploads\/2023\/09\/Fondo_Emilio_Duhart_Colegio_Alianza_Francesa_FED-F04-0023-2048x1485.jpg 2048w, https:\/\/fadeu.urantiacos.cl\/wp-content\/uploads\/2023\/09\/Fondo_Emilio_Duhart_Colegio_Alianza_Francesa_FED-F04-0023.jpg 1600w\" sizes=\"(max-width: 1024px) 100vw, 1024px\" \/><\/figure>\n\n\n\n<p>Fondo Emilio Duhart. Colegio Alianza Francesa<\/p>\n","protected":false},"excerpt":{"rendered":"<p>El Archivo de Originales de la Facultad de Arquitectura, Dise\u00f1o y Estudios Urbanos cuenta en la actualidad con 99.871 \u00edtems catalogados que se encuentran, en circunstancias normales, disponibles en una base de datos abierta a consulta permanente y de forma f\u00edsica. Esta es una cifra que est\u00e1 en constante actualizaci\u00f3n ya que se encuentra en proceso de catalogaci\u00f3n de nuevos fondos procedentes de distintas donaciones.<\/p>\n","protected":false},"author":1,"featured_media":7959,"comment_status":"open","ping_status":"open","sticky":false,"template":"","format":"standard","meta":{"_acf_changed":false,"footnotes":""},"categories":[1],"tags":[],"class_list":["post-7958","post","type-post","status-publish","format-standard","has-post-thumbnail","hentry","category-sin-categorizar"],"acf":[],"yoast_head":"<!-- This site is optimized with the Yoast SEO plugin v27.1.1 - https:\/\/yoast.com\/product\/yoast-seo-wordpress\/ -->\n<title>Archivo de Originales activa nuevos protocolos presenciales y remotos - Facultad de Arquitectura, Dise\u00f1o y Estudios Urbanos<\/title>\n<meta name=\"description\" content=\"El Archivo de Originales de la Facultad de Arquitectura, Dise\u00f1o y Estudios Urbanos cuenta en la actualidad con 99.871 \u00edtems catalogados que se encuentran, en circunstancias normales, disponibles en una base de datos abierta a consulta permanente y de forma f\u00edsica. Esta es una cifra que est\u00e1 en constante actualizaci\u00f3n ya que se encuentra en proceso de catalogaci\u00f3n de nuevos fondos procedentes de distintas donaciones.\" \/>\n<meta name=\"robots\" content=\"index, follow, max-snippet:-1, max-image-preview:large, max-video-preview:-1\" \/>\n<link rel=\"canonical\" href=\"https:\/\/fadeu.urantiacos.cl\/en\/2020\/11\/04\/archivo-de-originales-activa-nuevos-protocolos-presenciales-y-remotos\/\" \/>\n<meta property=\"og:locale\" content=\"en_US\" \/>\n<meta property=\"og:type\" content=\"article\" \/>\n<meta property=\"og:title\" content=\"Archivo de Originales activa nuevos protocolos presenciales y remotos - Facultad de Arquitectura, Dise\u00f1o y Estudios Urbanos\" \/>\n<meta property=\"og:description\" content=\"El Archivo de Originales de la Facultad de Arquitectura, Dise\u00f1o y Estudios Urbanos cuenta en la actualidad con 99.871 \u00edtems catalogados que se encuentran, en circunstancias normales, disponibles en una base de datos abierta a consulta permanente y de forma f\u00edsica. Esta es una cifra que est\u00e1 en constante actualizaci\u00f3n ya que se encuentra en proceso de catalogaci\u00f3n de nuevos fondos procedentes de distintas donaciones.\" \/>\n<meta property=\"og:url\" content=\"https:\/\/fadeu.urantiacos.cl\/en\/2020\/11\/04\/archivo-de-originales-activa-nuevos-protocolos-presenciales-y-remotos\/\" \/>\n<meta property=\"og:site_name\" content=\"Facultad de Arquitectura, Dise\u00f1o y Estudios Urbanos\" \/>\n<meta property=\"article:published_time\" content=\"2020-11-04T21:10:00+00:00\" \/>\n<meta property=\"article:modified_time\" content=\"2023-09-09T21:16:20+00:00\" \/>\n<meta property=\"og:image\" content=\"https:\/\/fadeu.urantiacos.cl\/wp-content\/uploads\/2023\/09\/Fondo_Emilio_Duhart_Colegio_Alianza_Francesa_FED-F04-0023_WEB.jpg\" \/>\n\t<meta property=\"og:image:width\" content=\"350\" \/>\n\t<meta property=\"og:image:height\" content=\"250\" \/>\n\t<meta property=\"og:image:type\" content=\"image\/jpeg\" \/>\n<meta name=\"author\" content=\"manadmin\" \/>\n<meta name=\"twitter:card\" content=\"summary_large_image\" \/>\n<meta name=\"twitter:label1\" content=\"Written by\" \/>\n\t<meta name=\"twitter:data1\" content=\"manadmin\" \/>\n\t<meta name=\"twitter:label2\" content=\"Est. reading time\" \/>\n\t<meta name=\"twitter:data2\" content=\"2 minutes\" \/>\n<script type=\"application\/ld+json\" class=\"yoast-schema-graph\">{\"@context\":\"https:\/\/schema.org\",\"@graph\":[{\"@type\":\"Article\",\"@id\":\"https:\/\/fadeu.urantiacos.cl\/en\/2020\/11\/04\/archivo-de-originales-activa-nuevos-protocolos-presenciales-y-remotos\/#article\",\"isPartOf\":{\"@id\":\"https:\/\/fadeu.urantiacos.cl\/en\/2020\/11\/04\/archivo-de-originales-activa-nuevos-protocolos-presenciales-y-remotos\/\"},\"author\":{\"name\":\"manadmin\",\"@id\":\"https:\/\/fadeu.urantiacos.cl\/en\/#\/schema\/person\/d203e2e84b1c40275eac77b3061a19a2\"},\"headline\":\"Archivo de Originales activa nuevos protocolos presenciales y remotos\",\"datePublished\":\"2020-11-04T21:10:00+00:00\",\"dateModified\":\"2023-09-09T21:16:20+00:00\",\"mainEntityOfPage\":{\"@id\":\"https:\/\/fadeu.urantiacos.cl\/en\/2020\/11\/04\/archivo-de-originales-activa-nuevos-protocolos-presenciales-y-remotos\/\"},\"wordCount\":318,\"commentCount\":0,\"image\":{\"@id\":\"https:\/\/fadeu.urantiacos.cl\/en\/2020\/11\/04\/archivo-de-originales-activa-nuevos-protocolos-presenciales-y-remotos\/#primaryimage\"},\"thumbnailUrl\":\"https:\/\/fadeu.urantiacos.cl\/wp-content\/uploads\/2023\/09\/Fondo_Emilio_Duhart_Colegio_Alianza_Francesa_FED-F04-0023_WEB.jpg\",\"articleSection\":[\"Sin categorizar\"],\"inLanguage\":\"en-US\",\"potentialAction\":[{\"@type\":\"CommentAction\",\"name\":\"Comment\",\"target\":[\"https:\/\/fadeu.urantiacos.cl\/en\/2020\/11\/04\/archivo-de-originales-activa-nuevos-protocolos-presenciales-y-remotos\/#respond\"]}]},{\"@type\":\"WebPage\",\"@id\":\"https:\/\/fadeu.urantiacos.cl\/en\/2020\/11\/04\/archivo-de-originales-activa-nuevos-protocolos-presenciales-y-remotos\/\",\"url\":\"https:\/\/fadeu.urantiacos.cl\/en\/2020\/11\/04\/archivo-de-originales-activa-nuevos-protocolos-presenciales-y-remotos\/\",\"name\":\"Archivo de Originales activa nuevos protocolos presenciales y remotos - Facultad de Arquitectura, Dise\u00f1o y Estudios Urbanos\",\"isPartOf\":{\"@id\":\"https:\/\/fadeu.urantiacos.cl\/en\/#website\"},\"primaryImageOfPage\":{\"@id\":\"https:\/\/fadeu.urantiacos.cl\/en\/2020\/11\/04\/archivo-de-originales-activa-nuevos-protocolos-presenciales-y-remotos\/#primaryimage\"},\"image\":{\"@id\":\"https:\/\/fadeu.urantiacos.cl\/en\/2020\/11\/04\/archivo-de-originales-activa-nuevos-protocolos-presenciales-y-remotos\/#primaryimage\"},\"thumbnailUrl\":\"https:\/\/fadeu.urantiacos.cl\/wp-content\/uploads\/2023\/09\/Fondo_Emilio_Duhart_Colegio_Alianza_Francesa_FED-F04-0023_WEB.jpg\",\"datePublished\":\"2020-11-04T21:10:00+00:00\",\"dateModified\":\"2023-09-09T21:16:20+00:00\",\"author\":{\"@id\":\"https:\/\/fadeu.urantiacos.cl\/en\/#\/schema\/person\/d203e2e84b1c40275eac77b3061a19a2\"},\"description\":\"El Archivo de Originales de la Facultad de Arquitectura, Dise\u00f1o y Estudios Urbanos cuenta en la actualidad con 99.871 \u00edtems catalogados que se encuentran, en circunstancias normales, disponibles en una base de datos abierta a consulta permanente y de forma f\u00edsica. Esta es una cifra que est\u00e1 en constante actualizaci\u00f3n ya que se encuentra en proceso de catalogaci\u00f3n de nuevos fondos procedentes de distintas donaciones.\",\"breadcrumb\":{\"@id\":\"https:\/\/fadeu.urantiacos.cl\/en\/2020\/11\/04\/archivo-de-originales-activa-nuevos-protocolos-presenciales-y-remotos\/#breadcrumb\"},\"inLanguage\":\"en-US\",\"potentialAction\":[{\"@type\":\"ReadAction\",\"target\":[\"https:\/\/fadeu.urantiacos.cl\/en\/2020\/11\/04\/archivo-de-originales-activa-nuevos-protocolos-presenciales-y-remotos\/\"]}]},{\"@type\":\"ImageObject\",\"inLanguage\":\"en-US\",\"@id\":\"https:\/\/fadeu.urantiacos.cl\/en\/2020\/11\/04\/archivo-de-originales-activa-nuevos-protocolos-presenciales-y-remotos\/#primaryimage\",\"url\":\"https:\/\/fadeu.urantiacos.cl\/wp-content\/uploads\/2023\/09\/Fondo_Emilio_Duhart_Colegio_Alianza_Francesa_FED-F04-0023_WEB.jpg\",\"contentUrl\":\"https:\/\/fadeu.urantiacos.cl\/wp-content\/uploads\/2023\/09\/Fondo_Emilio_Duhart_Colegio_Alianza_Francesa_FED-F04-0023_WEB.jpg\",\"width\":350,\"height\":250},{\"@type\":\"BreadcrumbList\",\"@id\":\"https:\/\/fadeu.urantiacos.cl\/en\/2020\/11\/04\/archivo-de-originales-activa-nuevos-protocolos-presenciales-y-remotos\/#breadcrumb\",\"itemListElement\":[{\"@type\":\"ListItem\",\"position\":1,\"name\":\"Portada\",\"item\":\"https:\/\/fadeu.urantiacos.cl\/en\/\"},{\"@type\":\"ListItem\",\"position\":2,\"name\":\"Archivo de Originales activa nuevos protocolos presenciales y remotos\"}]},{\"@type\":\"WebSite\",\"@id\":\"https:\/\/fadeu.urantiacos.cl\/en\/#website\",\"url\":\"https:\/\/fadeu.urantiacos.cl\/en\/\",\"name\":\"Facultad de Arquitectura, Dise\u00f1o y Estudios Urbanos\",\"description\":\"Campus Lo Contador\",\"potentialAction\":[{\"@type\":\"SearchAction\",\"target\":{\"@type\":\"EntryPoint\",\"urlTemplate\":\"https:\/\/fadeu.urantiacos.cl\/en\/?s={search_term_string}\"},\"query-input\":{\"@type\":\"PropertyValueSpecification\",\"valueRequired\":true,\"valueName\":\"search_term_string\"}}],\"inLanguage\":\"en-US\"},{\"@type\":\"Person\",\"@id\":\"https:\/\/fadeu.urantiacos.cl\/en\/#\/schema\/person\/d203e2e84b1c40275eac77b3061a19a2\",\"name\":\"manadmin\",\"image\":{\"@type\":\"ImageObject\",\"inLanguage\":\"en-US\",\"@id\":\"https:\/\/fadeu.urantiacos.cl\/en\/#\/schema\/person\/image\/\",\"url\":\"https:\/\/secure.gravatar.com\/avatar\/4b1d8e3303b4a9d8968ac578947d8bc80d9aea359f388cdd4aac15cadc0e8447?s=96&d=mm&r=g\",\"contentUrl\":\"https:\/\/secure.gravatar.com\/avatar\/4b1d8e3303b4a9d8968ac578947d8bc80d9aea359f388cdd4aac15cadc0e8447?s=96&d=mm&r=g\",\"caption\":\"manadmin\"},\"sameAs\":[\"https:\/\/fadeu.urantiacos.cl\"]}]}<\/script>\n<!-- \/ Yoast SEO plugin. -->","yoast_head_json":{"title":"Archivo de Originales activa nuevos protocolos presenciales y remotos - Facultad de Arquitectura, Dise\u00f1o y Estudios Urbanos","description":"El Archivo de Originales de la Facultad de Arquitectura, Dise\u00f1o y Estudios Urbanos cuenta en la actualidad con 99.871 \u00edtems catalogados que se encuentran, en circunstancias normales, disponibles en una base de datos abierta a consulta permanente y de forma f\u00edsica. Esta es una cifra que est\u00e1 en constante actualizaci\u00f3n ya que se encuentra en proceso de catalogaci\u00f3n de nuevos fondos procedentes de distintas donaciones.","robots":{"index":"index","follow":"follow","max-snippet":"max-snippet:-1","max-image-preview":"max-image-preview:large","max-video-preview":"max-video-preview:-1"},"canonical":"https:\/\/fadeu.urantiacos.cl\/en\/2020\/11\/04\/archivo-de-originales-activa-nuevos-protocolos-presenciales-y-remotos\/","og_locale":"en_US","og_type":"article","og_title":"Archivo de Originales activa nuevos protocolos presenciales y remotos - Facultad de Arquitectura, Dise\u00f1o y Estudios Urbanos","og_description":"El Archivo de Originales de la Facultad de Arquitectura, Dise\u00f1o y Estudios Urbanos cuenta en la actualidad con 99.871 \u00edtems catalogados que se encuentran, en circunstancias normales, disponibles en una base de datos abierta a consulta permanente y de forma f\u00edsica. Esta es una cifra que est\u00e1 en constante actualizaci\u00f3n ya que se encuentra en proceso de catalogaci\u00f3n de nuevos fondos procedentes de distintas donaciones.","og_url":"https:\/\/fadeu.urantiacos.cl\/en\/2020\/11\/04\/archivo-de-originales-activa-nuevos-protocolos-presenciales-y-remotos\/","og_site_name":"Facultad de Arquitectura, Dise\u00f1o y Estudios Urbanos","article_published_time":"2020-11-04T21:10:00+00:00","article_modified_time":"2023-09-09T21:16:20+00:00","og_image":[{"width":350,"height":250,"url":"https:\/\/fadeu.urantiacos.cl\/wp-content\/uploads\/2023\/09\/Fondo_Emilio_Duhart_Colegio_Alianza_Francesa_FED-F04-0023_WEB.jpg","type":"image\/jpeg"}],"author":"manadmin","twitter_card":"summary_large_image","twitter_misc":{"Written by":"manadmin","Est. reading time":"2 minutes"},"schema":{"@context":"https:\/\/schema.org","@graph":[{"@type":"Article","@id":"https:\/\/fadeu.urantiacos.cl\/en\/2020\/11\/04\/archivo-de-originales-activa-nuevos-protocolos-presenciales-y-remotos\/#article","isPartOf":{"@id":"https:\/\/fadeu.urantiacos.cl\/en\/2020\/11\/04\/archivo-de-originales-activa-nuevos-protocolos-presenciales-y-remotos\/"},"author":{"name":"manadmin","@id":"https:\/\/fadeu.urantiacos.cl\/en\/#\/schema\/person\/d203e2e84b1c40275eac77b3061a19a2"},"headline":"Archivo de Originales activa nuevos protocolos presenciales y remotos","datePublished":"2020-11-04T21:10:00+00:00","dateModified":"2023-09-09T21:16:20+00:00","mainEntityOfPage":{"@id":"https:\/\/fadeu.urantiacos.cl\/en\/2020\/11\/04\/archivo-de-originales-activa-nuevos-protocolos-presenciales-y-remotos\/"},"wordCount":318,"commentCount":0,"image":{"@id":"https:\/\/fadeu.urantiacos.cl\/en\/2020\/11\/04\/archivo-de-originales-activa-nuevos-protocolos-presenciales-y-remotos\/#primaryimage"},"thumbnailUrl":"https:\/\/fadeu.urantiacos.cl\/wp-content\/uploads\/2023\/09\/Fondo_Emilio_Duhart_Colegio_Alianza_Francesa_FED-F04-0023_WEB.jpg","articleSection":["Sin categorizar"],"inLanguage":"en-US","potentialAction":[{"@type":"CommentAction","name":"Comment","target":["https:\/\/fadeu.urantiacos.cl\/en\/2020\/11\/04\/archivo-de-originales-activa-nuevos-protocolos-presenciales-y-remotos\/#respond"]}]},{"@type":"WebPage","@id":"https:\/\/fadeu.urantiacos.cl\/en\/2020\/11\/04\/archivo-de-originales-activa-nuevos-protocolos-presenciales-y-remotos\/","url":"https:\/\/fadeu.urantiacos.cl\/en\/2020\/11\/04\/archivo-de-originales-activa-nuevos-protocolos-presenciales-y-remotos\/","name":"Archivo de Originales activa nuevos protocolos presenciales y remotos - Facultad de Arquitectura, Dise\u00f1o y Estudios Urbanos","isPartOf":{"@id":"https:\/\/fadeu.urantiacos.cl\/en\/#website"},"primaryImageOfPage":{"@id":"https:\/\/fadeu.urantiacos.cl\/en\/2020\/11\/04\/archivo-de-originales-activa-nuevos-protocolos-presenciales-y-remotos\/#primaryimage"},"image":{"@id":"https:\/\/fadeu.urantiacos.cl\/en\/2020\/11\/04\/archivo-de-originales-activa-nuevos-protocolos-presenciales-y-remotos\/#primaryimage"},"thumbnailUrl":"https:\/\/fadeu.urantiacos.cl\/wp-content\/uploads\/2023\/09\/Fondo_Emilio_Duhart_Colegio_Alianza_Francesa_FED-F04-0023_WEB.jpg","datePublished":"2020-11-04T21:10:00+00:00","dateModified":"2023-09-09T21:16:20+00:00","author":{"@id":"https:\/\/fadeu.urantiacos.cl\/en\/#\/schema\/person\/d203e2e84b1c40275eac77b3061a19a2"},"description":"El Archivo de Originales de la Facultad de Arquitectura, Dise\u00f1o y Estudios Urbanos cuenta en la actualidad con 99.871 \u00edtems catalogados que se encuentran, en circunstancias normales, disponibles en una base de datos abierta a consulta permanente y de forma f\u00edsica. Esta es una cifra que est\u00e1 en constante actualizaci\u00f3n ya que se encuentra en proceso de catalogaci\u00f3n de nuevos fondos procedentes de distintas donaciones.","breadcrumb":{"@id":"https:\/\/fadeu.urantiacos.cl\/en\/2020\/11\/04\/archivo-de-originales-activa-nuevos-protocolos-presenciales-y-remotos\/#breadcrumb"},"inLanguage":"en-US","potentialAction":[{"@type":"ReadAction","target":["https:\/\/fadeu.urantiacos.cl\/en\/2020\/11\/04\/archivo-de-originales-activa-nuevos-protocolos-presenciales-y-remotos\/"]}]},{"@type":"ImageObject","inLanguage":"en-US","@id":"https:\/\/fadeu.urantiacos.cl\/en\/2020\/11\/04\/archivo-de-originales-activa-nuevos-protocolos-presenciales-y-remotos\/#primaryimage","url":"https:\/\/fadeu.urantiacos.cl\/wp-content\/uploads\/2023\/09\/Fondo_Emilio_Duhart_Colegio_Alianza_Francesa_FED-F04-0023_WEB.jpg","contentUrl":"https:\/\/fadeu.urantiacos.cl\/wp-content\/uploads\/2023\/09\/Fondo_Emilio_Duhart_Colegio_Alianza_Francesa_FED-F04-0023_WEB.jpg","width":350,"height":250},{"@type":"BreadcrumbList","@id":"https:\/\/fadeu.urantiacos.cl\/en\/2020\/11\/04\/archivo-de-originales-activa-nuevos-protocolos-presenciales-y-remotos\/#breadcrumb","itemListElement":[{"@type":"ListItem","position":1,"name":"Portada","item":"https:\/\/fadeu.urantiacos.cl\/en\/"},{"@type":"ListItem","position":2,"name":"Archivo de Originales activa nuevos protocolos presenciales y remotos"}]},{"@type":"WebSite","@id":"https:\/\/fadeu.urantiacos.cl\/en\/#website","url":"https:\/\/fadeu.urantiacos.cl\/en\/","name":"Facultad de Arquitectura, Dise\u00f1o y Estudios Urbanos","description":"Campus Lo Contador","potentialAction":[{"@type":"SearchAction","target":{"@type":"EntryPoint","urlTemplate":"https:\/\/fadeu.urantiacos.cl\/en\/?s={search_term_string}"},"query-input":{"@type":"PropertyValueSpecification","valueRequired":true,"valueName":"search_term_string"}}],"inLanguage":"en-US"},{"@type":"Person","@id":"https:\/\/fadeu.urantiacos.cl\/en\/#\/schema\/person\/d203e2e84b1c40275eac77b3061a19a2","name":"manadmin","image":{"@type":"ImageObject","inLanguage":"en-US","@id":"https:\/\/fadeu.urantiacos.cl\/en\/#\/schema\/person\/image\/","url":"https:\/\/secure.gravatar.com\/avatar\/4b1d8e3303b4a9d8968ac578947d8bc80d9aea359f388cdd4aac15cadc0e8447?s=96&d=mm&r=g","contentUrl":"https:\/\/secure.gravatar.com\/avatar\/4b1d8e3303b4a9d8968ac578947d8bc80d9aea359f388cdd4aac15cadc0e8447?s=96&d=mm&r=g","caption":"manadmin"},"sameAs":["https:\/\/fadeu.urantiacos.cl"]}]}},"_links":{"self":[{"href":"https:\/\/fadeu.urantiacos.cl\/en\/wp-json\/wp\/v2\/posts\/7958","targetHints":{"allow":["GET"]}}],"collection":[{"href":"https:\/\/fadeu.urantiacos.cl\/en\/wp-json\/wp\/v2\/posts"}],"about":[{"href":"https:\/\/fadeu.urantiacos.cl\/en\/wp-json\/wp\/v2\/types\/post"}],"author":[{"embeddable":true,"href":"https:\/\/fadeu.urantiacos.cl\/en\/wp-json\/wp\/v2\/users\/1"}],"replies":[{"embeddable":true,"href":"https:\/\/fadeu.urantiacos.cl\/en\/wp-json\/wp\/v2\/comments?post=7958"}],"version-history":[{"count":1,"href":"https:\/\/fadeu.urantiacos.cl\/en\/wp-json\/wp\/v2\/posts\/7958\/revisions"}],"predecessor-version":[{"id":7962,"href":"https:\/\/fadeu.urantiacos.cl\/en\/wp-json\/wp\/v2\/posts\/7958\/revisions\/7962"}],"wp:featuredmedia":[{"embeddable":true,"href":"https:\/\/fadeu.urantiacos.cl\/en\/wp-json\/wp\/v2\/media\/7959"}],"wp:attachment":[{"href":"https:\/\/fadeu.urantiacos.cl\/en\/wp-json\/wp\/v2\/media?parent=7958"}],"wp:term":[{"taxonomy":"category","embeddable":true,"href":"https:\/\/fadeu.urantiacos.cl\/en\/wp-json\/wp\/v2\/categories?post=7958"},{"taxonomy":"post_tag","embeddable":true,"href":"https:\/\/fadeu.urantiacos.cl\/en\/wp-json\/wp\/v2\/tags?post=7958"}],"curies":[{"name":"wp","href":"https:\/\/api.w.org\/{rel}","templated":true}]}}