{"id":7937,"date":"2020-11-06T17:58:00","date_gmt":"2020-11-06T20:58:00","guid":{"rendered":"https:\/\/fadeu.urantiacos.cl\/?p=7937"},"modified":"2023-09-09T18:00:36","modified_gmt":"2023-09-09T21:00:36","slug":"artesanias-de-excelencia-35-creadores-chilenos-obtienen-el-sello","status":"publish","type":"post","link":"https:\/\/fadeu.urantiacos.cl\/en\/2020\/11\/06\/artesanias-de-excelencia-35-creadores-chilenos-obtienen-el-sello\/","title":{"rendered":"Artesan\u00edas de excelencia 35 creadores chilenos obtienen el sello"},"content":{"rendered":"\n<figure class=\"wp-block-image size-full\"><img decoding=\"async\" width=\"350\" height=\"250\" src=\"https:\/\/fadeu.urantiacos.cl\/wp-content\/uploads\/2023\/09\/artesanias_de_excelencia_web.jpg\" alt=\"\" class=\"wp-image-7938\" srcset=\"https:\/\/fadeu.urantiacos.cl\/wp-content\/uploads\/2023\/09\/artesanias_de_excelencia_web.jpg 350w, https:\/\/fadeu.urantiacos.cl\/wp-content\/uploads\/2023\/09\/artesanias_de_excelencia_web-300x214.jpg 300w\" sizes=\"(max-width: 350px) 100vw, 350px\" \/><\/figure>\n\n\n\n<p>El Mercurio destaca que el Ministerio de las Culturas anuncia hoy los ganadores del Sello de Excelencia en sus dos categor\u00edas: Sello Artesan\u00eda Ind\u00edgena y Sello de Artesan\u00eda de Chile. El reconocimiento es otorgado por el Ministerio junto con el Programa de Artesan\u00eda UC.&nbsp;<\/p>\n\n\n\n<p>+ Revisa nota completa aqu\u00ed.<\/p>\n\n\n\n<figure class=\"wp-block-image size-large\"><img decoding=\"async\" width=\"1024\" height=\"724\" src=\"https:\/\/fadeu.urantiacos.cl\/wp-content\/uploads\/2023\/09\/1895187_1481667-1024x724.jpg\" alt=\"\" class=\"wp-image-7939\" srcset=\"https:\/\/fadeu.urantiacos.cl\/wp-content\/uploads\/2023\/09\/1895187_1481667-1024x724.jpg 1024w, https:\/\/fadeu.urantiacos.cl\/wp-content\/uploads\/2023\/09\/1895187_1481667-300x212.jpg 300w, https:\/\/fadeu.urantiacos.cl\/wp-content\/uploads\/2023\/09\/1895187_1481667-768x543.jpg 768w, https:\/\/fadeu.urantiacos.cl\/wp-content\/uploads\/2023\/09\/1895187_1481667.jpg 1391w\" sizes=\"(max-width: 1024px) 100vw, 1024px\" \/><\/figure>\n","protected":false},"excerpt":{"rendered":"<p>El Mercurio destaca que el Ministerio de las Culturas anuncia hoy los ganadores del Sello de Excelencia en sus dos categor\u00edas: Sello Artesan\u00eda Ind\u00edgena y Sello de Artesan\u00eda de Chile. El reconocimiento es otorgado por el Ministerio junto con el Programa de Artesan\u00eda UC.&nbsp; + Revisa nota completa aqu\u00ed.<\/p>\n","protected":false},"author":1,"featured_media":7938,"comment_status":"open","ping_status":"open","sticky":false,"template":"","format":"standard","meta":{"_acf_changed":false,"footnotes":""},"categories":[1],"tags":[],"class_list":["post-7937","post","type-post","status-publish","format-standard","has-post-thumbnail","hentry","category-sin-categorizar"],"acf":[],"yoast_head":"<!-- This site is optimized with the Yoast SEO plugin v27.1.1 - https:\/\/yoast.com\/product\/yoast-seo-wordpress\/ -->\n<title>Artesan\u00edas de excelencia 35 creadores chilenos obtienen el sello - Facultad de Arquitectura, Dise\u00f1o y Estudios Urbanos<\/title>\n<meta name=\"description\" content=\"El Mercurio destaca que el Ministerio de las Culturas anuncia hoy los ganadores del Sello de Excelencia en sus dos categor\u00edas: Sello Artesan\u00eda Ind\u00edgena y\" \/>\n<meta name=\"robots\" content=\"index, follow, max-snippet:-1, max-image-preview:large, max-video-preview:-1\" \/>\n<link rel=\"canonical\" href=\"https:\/\/fadeu.urantiacos.cl\/en\/2020\/11\/06\/artesanias-de-excelencia-35-creadores-chilenos-obtienen-el-sello\/\" \/>\n<meta property=\"og:locale\" content=\"en_US\" \/>\n<meta property=\"og:type\" content=\"article\" \/>\n<meta property=\"og:title\" content=\"Artesan\u00edas de excelencia 35 creadores chilenos obtienen el sello - Facultad de Arquitectura, Dise\u00f1o y Estudios Urbanos\" \/>\n<meta property=\"og:description\" content=\"El Mercurio destaca que el Ministerio de las Culturas anuncia hoy los ganadores del Sello de Excelencia en sus dos categor\u00edas: Sello Artesan\u00eda Ind\u00edgena y\" \/>\n<meta property=\"og:url\" content=\"https:\/\/fadeu.urantiacos.cl\/en\/2020\/11\/06\/artesanias-de-excelencia-35-creadores-chilenos-obtienen-el-sello\/\" \/>\n<meta property=\"og:site_name\" content=\"Facultad de Arquitectura, Dise\u00f1o y Estudios Urbanos\" \/>\n<meta property=\"article:published_time\" content=\"2020-11-06T20:58:00+00:00\" \/>\n<meta property=\"article:modified_time\" content=\"2023-09-09T21:00:36+00:00\" \/>\n<meta property=\"og:image\" content=\"https:\/\/fadeu.urantiacos.cl\/wp-content\/uploads\/2023\/09\/artesanias_de_excelencia_web.jpg\" \/>\n\t<meta property=\"og:image:width\" content=\"350\" \/>\n\t<meta property=\"og:image:height\" content=\"250\" \/>\n\t<meta property=\"og:image:type\" content=\"image\/jpeg\" \/>\n<meta name=\"author\" content=\"manadmin\" \/>\n<meta name=\"twitter:card\" content=\"summary_large_image\" \/>\n<meta name=\"twitter:label1\" content=\"Written by\" \/>\n\t<meta name=\"twitter:data1\" content=\"manadmin\" \/>\n<script type=\"application\/ld+json\" class=\"yoast-schema-graph\">{\"@context\":\"https:\/\/schema.org\",\"@graph\":[{\"@type\":\"Article\",\"@id\":\"https:\/\/fadeu.urantiacos.cl\/en\/2020\/11\/06\/artesanias-de-excelencia-35-creadores-chilenos-obtienen-el-sello\/#article\",\"isPartOf\":{\"@id\":\"https:\/\/fadeu.urantiacos.cl\/en\/2020\/11\/06\/artesanias-de-excelencia-35-creadores-chilenos-obtienen-el-sello\/\"},\"author\":{\"name\":\"manadmin\",\"@id\":\"https:\/\/fadeu.urantiacos.cl\/en\/#\/schema\/person\/d203e2e84b1c40275eac77b3061a19a2\"},\"headline\":\"Artesan\u00edas de excelencia 35 creadores chilenos obtienen el sello\",\"datePublished\":\"2020-11-06T20:58:00+00:00\",\"dateModified\":\"2023-09-09T21:00:36+00:00\",\"mainEntityOfPage\":{\"@id\":\"https:\/\/fadeu.urantiacos.cl\/en\/2020\/11\/06\/artesanias-de-excelencia-35-creadores-chilenos-obtienen-el-sello\/\"},\"wordCount\":63,\"commentCount\":0,\"image\":{\"@id\":\"https:\/\/fadeu.urantiacos.cl\/en\/2020\/11\/06\/artesanias-de-excelencia-35-creadores-chilenos-obtienen-el-sello\/#primaryimage\"},\"thumbnailUrl\":\"https:\/\/fadeu.urantiacos.cl\/wp-content\/uploads\/2023\/09\/artesanias_de_excelencia_web.jpg\",\"articleSection\":[\"Sin categorizar\"],\"inLanguage\":\"en-US\",\"potentialAction\":[{\"@type\":\"CommentAction\",\"name\":\"Comment\",\"target\":[\"https:\/\/fadeu.urantiacos.cl\/en\/2020\/11\/06\/artesanias-de-excelencia-35-creadores-chilenos-obtienen-el-sello\/#respond\"]}]},{\"@type\":\"WebPage\",\"@id\":\"https:\/\/fadeu.urantiacos.cl\/en\/2020\/11\/06\/artesanias-de-excelencia-35-creadores-chilenos-obtienen-el-sello\/\",\"url\":\"https:\/\/fadeu.urantiacos.cl\/en\/2020\/11\/06\/artesanias-de-excelencia-35-creadores-chilenos-obtienen-el-sello\/\",\"name\":\"Artesan\u00edas de excelencia 35 creadores chilenos obtienen el sello - Facultad de Arquitectura, Dise\u00f1o y Estudios Urbanos\",\"isPartOf\":{\"@id\":\"https:\/\/fadeu.urantiacos.cl\/en\/#website\"},\"primaryImageOfPage\":{\"@id\":\"https:\/\/fadeu.urantiacos.cl\/en\/2020\/11\/06\/artesanias-de-excelencia-35-creadores-chilenos-obtienen-el-sello\/#primaryimage\"},\"image\":{\"@id\":\"https:\/\/fadeu.urantiacos.cl\/en\/2020\/11\/06\/artesanias-de-excelencia-35-creadores-chilenos-obtienen-el-sello\/#primaryimage\"},\"thumbnailUrl\":\"https:\/\/fadeu.urantiacos.cl\/wp-content\/uploads\/2023\/09\/artesanias_de_excelencia_web.jpg\",\"datePublished\":\"2020-11-06T20:58:00+00:00\",\"dateModified\":\"2023-09-09T21:00:36+00:00\",\"author\":{\"@id\":\"https:\/\/fadeu.urantiacos.cl\/en\/#\/schema\/person\/d203e2e84b1c40275eac77b3061a19a2\"},\"description\":\"El Mercurio destaca que el Ministerio de las Culturas anuncia hoy los ganadores del Sello de Excelencia en sus dos categor\u00edas: Sello Artesan\u00eda Ind\u00edgena y\",\"breadcrumb\":{\"@id\":\"https:\/\/fadeu.urantiacos.cl\/en\/2020\/11\/06\/artesanias-de-excelencia-35-creadores-chilenos-obtienen-el-sello\/#breadcrumb\"},\"inLanguage\":\"en-US\",\"potentialAction\":[{\"@type\":\"ReadAction\",\"target\":[\"https:\/\/fadeu.urantiacos.cl\/en\/2020\/11\/06\/artesanias-de-excelencia-35-creadores-chilenos-obtienen-el-sello\/\"]}]},{\"@type\":\"ImageObject\",\"inLanguage\":\"en-US\",\"@id\":\"https:\/\/fadeu.urantiacos.cl\/en\/2020\/11\/06\/artesanias-de-excelencia-35-creadores-chilenos-obtienen-el-sello\/#primaryimage\",\"url\":\"https:\/\/fadeu.urantiacos.cl\/wp-content\/uploads\/2023\/09\/artesanias_de_excelencia_web.jpg\",\"contentUrl\":\"https:\/\/fadeu.urantiacos.cl\/wp-content\/uploads\/2023\/09\/artesanias_de_excelencia_web.jpg\",\"width\":350,\"height\":250},{\"@type\":\"BreadcrumbList\",\"@id\":\"https:\/\/fadeu.urantiacos.cl\/en\/2020\/11\/06\/artesanias-de-excelencia-35-creadores-chilenos-obtienen-el-sello\/#breadcrumb\",\"itemListElement\":[{\"@type\":\"ListItem\",\"position\":1,\"name\":\"Portada\",\"item\":\"https:\/\/fadeu.urantiacos.cl\/en\/\"},{\"@type\":\"ListItem\",\"position\":2,\"name\":\"Artesan\u00edas de excelencia 35 creadores chilenos obtienen el sello\"}]},{\"@type\":\"WebSite\",\"@id\":\"https:\/\/fadeu.urantiacos.cl\/en\/#website\",\"url\":\"https:\/\/fadeu.urantiacos.cl\/en\/\",\"name\":\"Facultad de Arquitectura, Dise\u00f1o y Estudios Urbanos\",\"description\":\"Campus Lo Contador\",\"potentialAction\":[{\"@type\":\"SearchAction\",\"target\":{\"@type\":\"EntryPoint\",\"urlTemplate\":\"https:\/\/fadeu.urantiacos.cl\/en\/?s={search_term_string}\"},\"query-input\":{\"@type\":\"PropertyValueSpecification\",\"valueRequired\":true,\"valueName\":\"search_term_string\"}}],\"inLanguage\":\"en-US\"},{\"@type\":\"Person\",\"@id\":\"https:\/\/fadeu.urantiacos.cl\/en\/#\/schema\/person\/d203e2e84b1c40275eac77b3061a19a2\",\"name\":\"manadmin\",\"image\":{\"@type\":\"ImageObject\",\"inLanguage\":\"en-US\",\"@id\":\"https:\/\/fadeu.urantiacos.cl\/en\/#\/schema\/person\/image\/\",\"url\":\"https:\/\/secure.gravatar.com\/avatar\/4b1d8e3303b4a9d8968ac578947d8bc80d9aea359f388cdd4aac15cadc0e8447?s=96&d=mm&r=g\",\"contentUrl\":\"https:\/\/secure.gravatar.com\/avatar\/4b1d8e3303b4a9d8968ac578947d8bc80d9aea359f388cdd4aac15cadc0e8447?s=96&d=mm&r=g\",\"caption\":\"manadmin\"},\"sameAs\":[\"https:\/\/fadeu.urantiacos.cl\"]}]}<\/script>\n<!-- \/ Yoast SEO plugin. -->","yoast_head_json":{"title":"Artesan\u00edas de excelencia 35 creadores chilenos obtienen el sello - Facultad de Arquitectura, Dise\u00f1o y Estudios Urbanos","description":"El Mercurio destaca que el Ministerio de las Culturas anuncia hoy los ganadores del Sello de Excelencia en sus dos categor\u00edas: Sello Artesan\u00eda Ind\u00edgena y","robots":{"index":"index","follow":"follow","max-snippet":"max-snippet:-1","max-image-preview":"max-image-preview:large","max-video-preview":"max-video-preview:-1"},"canonical":"https:\/\/fadeu.urantiacos.cl\/en\/2020\/11\/06\/artesanias-de-excelencia-35-creadores-chilenos-obtienen-el-sello\/","og_locale":"en_US","og_type":"article","og_title":"Artesan\u00edas de excelencia 35 creadores chilenos obtienen el sello - Facultad de Arquitectura, Dise\u00f1o y Estudios Urbanos","og_description":"El Mercurio destaca que el Ministerio de las Culturas anuncia hoy los ganadores del Sello de Excelencia en sus dos categor\u00edas: Sello Artesan\u00eda Ind\u00edgena y","og_url":"https:\/\/fadeu.urantiacos.cl\/en\/2020\/11\/06\/artesanias-de-excelencia-35-creadores-chilenos-obtienen-el-sello\/","og_site_name":"Facultad de Arquitectura, Dise\u00f1o y Estudios Urbanos","article_published_time":"2020-11-06T20:58:00+00:00","article_modified_time":"2023-09-09T21:00:36+00:00","og_image":[{"width":350,"height":250,"url":"https:\/\/fadeu.urantiacos.cl\/wp-content\/uploads\/2023\/09\/artesanias_de_excelencia_web.jpg","type":"image\/jpeg"}],"author":"manadmin","twitter_card":"summary_large_image","twitter_misc":{"Written by":"manadmin"},"schema":{"@context":"https:\/\/schema.org","@graph":[{"@type":"Article","@id":"https:\/\/fadeu.urantiacos.cl\/en\/2020\/11\/06\/artesanias-de-excelencia-35-creadores-chilenos-obtienen-el-sello\/#article","isPartOf":{"@id":"https:\/\/fadeu.urantiacos.cl\/en\/2020\/11\/06\/artesanias-de-excelencia-35-creadores-chilenos-obtienen-el-sello\/"},"author":{"name":"manadmin","@id":"https:\/\/fadeu.urantiacos.cl\/en\/#\/schema\/person\/d203e2e84b1c40275eac77b3061a19a2"},"headline":"Artesan\u00edas de excelencia 35 creadores chilenos obtienen el sello","datePublished":"2020-11-06T20:58:00+00:00","dateModified":"2023-09-09T21:00:36+00:00","mainEntityOfPage":{"@id":"https:\/\/fadeu.urantiacos.cl\/en\/2020\/11\/06\/artesanias-de-excelencia-35-creadores-chilenos-obtienen-el-sello\/"},"wordCount":63,"commentCount":0,"image":{"@id":"https:\/\/fadeu.urantiacos.cl\/en\/2020\/11\/06\/artesanias-de-excelencia-35-creadores-chilenos-obtienen-el-sello\/#primaryimage"},"thumbnailUrl":"https:\/\/fadeu.urantiacos.cl\/wp-content\/uploads\/2023\/09\/artesanias_de_excelencia_web.jpg","articleSection":["Sin categorizar"],"inLanguage":"en-US","potentialAction":[{"@type":"CommentAction","name":"Comment","target":["https:\/\/fadeu.urantiacos.cl\/en\/2020\/11\/06\/artesanias-de-excelencia-35-creadores-chilenos-obtienen-el-sello\/#respond"]}]},{"@type":"WebPage","@id":"https:\/\/fadeu.urantiacos.cl\/en\/2020\/11\/06\/artesanias-de-excelencia-35-creadores-chilenos-obtienen-el-sello\/","url":"https:\/\/fadeu.urantiacos.cl\/en\/2020\/11\/06\/artesanias-de-excelencia-35-creadores-chilenos-obtienen-el-sello\/","name":"Artesan\u00edas de excelencia 35 creadores chilenos obtienen el sello - Facultad de Arquitectura, Dise\u00f1o y Estudios Urbanos","isPartOf":{"@id":"https:\/\/fadeu.urantiacos.cl\/en\/#website"},"primaryImageOfPage":{"@id":"https:\/\/fadeu.urantiacos.cl\/en\/2020\/11\/06\/artesanias-de-excelencia-35-creadores-chilenos-obtienen-el-sello\/#primaryimage"},"image":{"@id":"https:\/\/fadeu.urantiacos.cl\/en\/2020\/11\/06\/artesanias-de-excelencia-35-creadores-chilenos-obtienen-el-sello\/#primaryimage"},"thumbnailUrl":"https:\/\/fadeu.urantiacos.cl\/wp-content\/uploads\/2023\/09\/artesanias_de_excelencia_web.jpg","datePublished":"2020-11-06T20:58:00+00:00","dateModified":"2023-09-09T21:00:36+00:00","author":{"@id":"https:\/\/fadeu.urantiacos.cl\/en\/#\/schema\/person\/d203e2e84b1c40275eac77b3061a19a2"},"description":"El Mercurio destaca que el Ministerio de las Culturas anuncia hoy los ganadores del Sello de Excelencia en sus dos categor\u00edas: Sello Artesan\u00eda Ind\u00edgena y","breadcrumb":{"@id":"https:\/\/fadeu.urantiacos.cl\/en\/2020\/11\/06\/artesanias-de-excelencia-35-creadores-chilenos-obtienen-el-sello\/#breadcrumb"},"inLanguage":"en-US","potentialAction":[{"@type":"ReadAction","target":["https:\/\/fadeu.urantiacos.cl\/en\/2020\/11\/06\/artesanias-de-excelencia-35-creadores-chilenos-obtienen-el-sello\/"]}]},{"@type":"ImageObject","inLanguage":"en-US","@id":"https:\/\/fadeu.urantiacos.cl\/en\/2020\/11\/06\/artesanias-de-excelencia-35-creadores-chilenos-obtienen-el-sello\/#primaryimage","url":"https:\/\/fadeu.urantiacos.cl\/wp-content\/uploads\/2023\/09\/artesanias_de_excelencia_web.jpg","contentUrl":"https:\/\/fadeu.urantiacos.cl\/wp-content\/uploads\/2023\/09\/artesanias_de_excelencia_web.jpg","width":350,"height":250},{"@type":"BreadcrumbList","@id":"https:\/\/fadeu.urantiacos.cl\/en\/2020\/11\/06\/artesanias-de-excelencia-35-creadores-chilenos-obtienen-el-sello\/#breadcrumb","itemListElement":[{"@type":"ListItem","position":1,"name":"Portada","item":"https:\/\/fadeu.urantiacos.cl\/en\/"},{"@type":"ListItem","position":2,"name":"Artesan\u00edas de excelencia 35 creadores chilenos obtienen el sello"}]},{"@type":"WebSite","@id":"https:\/\/fadeu.urantiacos.cl\/en\/#website","url":"https:\/\/fadeu.urantiacos.cl\/en\/","name":"Facultad de Arquitectura, Dise\u00f1o y Estudios Urbanos","description":"Campus Lo Contador","potentialAction":[{"@type":"SearchAction","target":{"@type":"EntryPoint","urlTemplate":"https:\/\/fadeu.urantiacos.cl\/en\/?s={search_term_string}"},"query-input":{"@type":"PropertyValueSpecification","valueRequired":true,"valueName":"search_term_string"}}],"inLanguage":"en-US"},{"@type":"Person","@id":"https:\/\/fadeu.urantiacos.cl\/en\/#\/schema\/person\/d203e2e84b1c40275eac77b3061a19a2","name":"manadmin","image":{"@type":"ImageObject","inLanguage":"en-US","@id":"https:\/\/fadeu.urantiacos.cl\/en\/#\/schema\/person\/image\/","url":"https:\/\/secure.gravatar.com\/avatar\/4b1d8e3303b4a9d8968ac578947d8bc80d9aea359f388cdd4aac15cadc0e8447?s=96&d=mm&r=g","contentUrl":"https:\/\/secure.gravatar.com\/avatar\/4b1d8e3303b4a9d8968ac578947d8bc80d9aea359f388cdd4aac15cadc0e8447?s=96&d=mm&r=g","caption":"manadmin"},"sameAs":["https:\/\/fadeu.urantiacos.cl"]}]}},"_links":{"self":[{"href":"https:\/\/fadeu.urantiacos.cl\/en\/wp-json\/wp\/v2\/posts\/7937","targetHints":{"allow":["GET"]}}],"collection":[{"href":"https:\/\/fadeu.urantiacos.cl\/en\/wp-json\/wp\/v2\/posts"}],"about":[{"href":"https:\/\/fadeu.urantiacos.cl\/en\/wp-json\/wp\/v2\/types\/post"}],"author":[{"embeddable":true,"href":"https:\/\/fadeu.urantiacos.cl\/en\/wp-json\/wp\/v2\/users\/1"}],"replies":[{"embeddable":true,"href":"https:\/\/fadeu.urantiacos.cl\/en\/wp-json\/wp\/v2\/comments?post=7937"}],"version-history":[{"count":1,"href":"https:\/\/fadeu.urantiacos.cl\/en\/wp-json\/wp\/v2\/posts\/7937\/revisions"}],"predecessor-version":[{"id":7940,"href":"https:\/\/fadeu.urantiacos.cl\/en\/wp-json\/wp\/v2\/posts\/7937\/revisions\/7940"}],"wp:featuredmedia":[{"embeddable":true,"href":"https:\/\/fadeu.urantiacos.cl\/en\/wp-json\/wp\/v2\/media\/7938"}],"wp:attachment":[{"href":"https:\/\/fadeu.urantiacos.cl\/en\/wp-json\/wp\/v2\/media?parent=7937"}],"wp:term":[{"taxonomy":"category","embeddable":true,"href":"https:\/\/fadeu.urantiacos.cl\/en\/wp-json\/wp\/v2\/categories?post=7937"},{"taxonomy":"post_tag","embeddable":true,"href":"https:\/\/fadeu.urantiacos.cl\/en\/wp-json\/wp\/v2\/tags?post=7937"}],"curies":[{"name":"wp","href":"https:\/\/api.w.org\/{rel}","templated":true}]}}