{"id":7932,"date":"2020-11-09T17:55:00","date_gmt":"2020-11-09T20:55:00","guid":{"rendered":"https:\/\/fadeu.urantiacos.cl\/?p=7932"},"modified":"2023-09-09T17:58:22","modified_gmt":"2023-09-09T20:58:22","slug":"junta-de-vecinos-n12-pedro-de-valdivia-norte-se-adjudica-proyecto-con-apoyo-fadeu","status":"publish","type":"post","link":"https:\/\/fadeu.urantiacos.cl\/en\/2020\/11\/09\/junta-de-vecinos-n12-pedro-de-valdivia-norte-se-adjudica-proyecto-con-apoyo-fadeu\/","title":{"rendered":"Junta de Vecinos N\u00b012 (Pedro de Valdivia Norte) se adjudica proyecto con apoyo FADEU"},"content":{"rendered":"\n<figure class=\"wp-block-image size-full\"><img decoding=\"async\" width=\"350\" height=\"250\" src=\"https:\/\/fadeu.urantiacos.cl\/wp-content\/uploads\/2023\/09\/VEREDA_NATIVA_WEB.jpg\" alt=\"\" class=\"wp-image-7934\" srcset=\"https:\/\/fadeu.urantiacos.cl\/wp-content\/uploads\/2023\/09\/VEREDA_NATIVA_WEB.jpg 350w, https:\/\/fadeu.urantiacos.cl\/wp-content\/uploads\/2023\/09\/VEREDA_NATIVA_WEB-300x214.jpg 300w\" sizes=\"(max-width: 350px) 100vw, 350px\" \/><\/figure>\n\n\n\n<p>El objetivo del proyecto es generar y difundir conocimiento local, a trav\u00e9s de una experiencia comunitaria que permita poner a las personas en contacto directo con la flora nativa de nuestro pa\u00eds y al mismo tiempo medir los impactos de su uso en el dise\u00f1o del paisaje urbano.<\/p>\n\n\n\n<p>Resuelve una problem\u00e1tica espec\u00edfica: una falla de dise\u00f1o del paisaje urbano. Mediante un experimento socio-ecol\u00f3gico, los participantes comprobar\u00e1n diferencias entre una cubierta vegetacional ex\u00f3tica y una nativa, siendo agentes activos en el proceso de reemplazo e implementaci\u00f3n. La hip\u00f3tesis fundante es simple: las plantas de Chile central, se encuentran mejor configuradas biol\u00f3gicamente para brindar servicios ecosist\u00e9micos y resistir los shocks propios de la mega-sequ\u00eda.<\/p>\n\n\n\n<p>Los objetivos espec\u00edficos del proyecto son:<\/p>\n\n\n\n<p>&#8211;&nbsp;&nbsp;&nbsp;&nbsp;&nbsp;&nbsp; Difundir conocimientos cient\u00edficos relacionados a la flora nativa a nivel local, mediante procesos de implementaci\u00f3n comunitaria y despliegue de infograf\u00eda en terreno.<\/p>\n\n\n\n<p>&#8211;&nbsp;&nbsp;&nbsp;&nbsp;&nbsp;&nbsp; Comparar el consumo de agua y manejo de la unidad existente con la unidad demostrativa.<\/p>\n\n\n\n<p>&#8211;&nbsp;&nbsp;&nbsp;&nbsp;&nbsp;&nbsp; Cuantificar la sobrevivencia de las especies de flora nativa utilizadas en la unidad demostrativa, determinando su potencial uso en el paisaje urbano.<\/p>\n\n\n\n<p>&#8211;&nbsp;&nbsp;&nbsp;&nbsp;&nbsp;&nbsp; Comparar el ensamble de aves e insectos presente en la unidad existente con la unidad demostrativa.<\/p>\n\n\n\n<p>&#8211;&nbsp;&nbsp;&nbsp;&nbsp;&nbsp;&nbsp; Evaluar la percepci\u00f3n social de la unidad existente y la unidad demostrativa.<\/p>\n\n\n\n<p><strong>Apoyo FADEU<\/strong><\/p>\n\n\n\n<p>La Facultad de Arquitectura, Dise\u00f1o y Estudios Urbanos UC, contribuir\u00e1 en el \u00e1mbito de la tecnolog\u00eda, conocimiento e innovaci\u00f3n del proyecto adjudicado. Es relevante se\u00f1alar que entre las instancias que la Facultad comprende, se encuentra el Instituto de Estudios Urbanos y Territoriales, que tiene una larga trayectoria en investigaci\u00f3n y publicaciones en Procesos de sustentabilidad y territorio. Adem\u00e1s, est\u00e1 el Magister en Arquitectura del Paisaje que promueve la investigaci\u00f3n y los proyectos acad\u00e9micos relacionados con el paisaje sostenible.<\/p>\n\n\n\n<p>En concreto, y como se explicita en la carta de apoyo de la Facultad, \u00e9sta se compromete con un activo rol en la Vereda Nativa a trav\u00e9s de: articular la participaci\u00f3n de &nbsp;profesores y alumnos en el proyecto, adem\u00e1s de generar instancias de difusi\u00f3n y colaboraci\u00f3n en el Campus, valorando la relaci\u00f3n de la comunidad acad\u00e9mica y los vecinos del barrio.<\/p>\n\n\n\n<figure class=\"wp-block-image size-full\"><img decoding=\"async\" width=\"609\" height=\"457\" src=\"https:\/\/fadeu.urantiacos.cl\/wp-content\/uploads\/2023\/09\/VEREDA_NATIVA.jpg\" alt=\"\" class=\"wp-image-7935\" srcset=\"https:\/\/fadeu.urantiacos.cl\/wp-content\/uploads\/2023\/09\/VEREDA_NATIVA.jpg 609w, https:\/\/fadeu.urantiacos.cl\/wp-content\/uploads\/2023\/09\/VEREDA_NATIVA-300x225.jpg 300w\" sizes=\"(max-width: 609px) 100vw, 609px\" \/><\/figure>\n\n\n\n<p>INFORMACI\u00d3N PERIOD\u00cdSTICA<br>JUAN ANDR\u00c9S INZUNZA<\/p>\n","protected":false},"excerpt":{"rendered":"<p>\u201cVereda Nativa: un experimento socio-ecol\u00f3gico para Pedro de Valdivia Norte\u201d, es el nombre del proyecto recientemente adjudicado por la Junta de Vecinos N\u00b012 del sector de Pedro de Valdivia Norte, que ser\u00e1 financiado por el Ministerio de Ciencia, Tecnolog\u00eda, Conocimiento e Innovaci\u00f3n, y que cont\u00f3 con el apoyo de la Facultad de Arquitectura, Dise\u00f1o y Estudios Urbanos.<\/p>\n","protected":false},"author":1,"featured_media":7934,"comment_status":"open","ping_status":"open","sticky":false,"template":"","format":"standard","meta":{"_acf_changed":false,"footnotes":""},"categories":[1],"tags":[],"class_list":["post-7932","post","type-post","status-publish","format-standard","has-post-thumbnail","hentry","category-sin-categorizar"],"acf":[],"yoast_head":"<!-- This site is optimized with the Yoast SEO plugin v27.1.1 - https:\/\/yoast.com\/product\/yoast-seo-wordpress\/ -->\n<title>Junta de Vecinos N\u00b012 (Pedro de Valdivia Norte) se adjudica proyecto con apoyo FADEU - Facultad de Arquitectura, Dise\u00f1o y Estudios Urbanos<\/title>\n<meta name=\"description\" content=\"\u201cVereda Nativa: un experimento socio-ecol\u00f3gico para Pedro de Valdivia Norte\u201d, es el nombre del proyecto recientemente adjudicado por la Junta de Vecinos N\u00b012 del sector de Pedro de Valdivia Norte, que ser\u00e1 financiado por el Ministerio de Ciencia, Tecnolog\u00eda, Conocimiento e Innovaci\u00f3n, y que cont\u00f3 con el apoyo de la Facultad de Arquitectura, Dise\u00f1o y Estudios Urbanos.\" \/>\n<meta name=\"robots\" content=\"index, follow, max-snippet:-1, max-image-preview:large, max-video-preview:-1\" \/>\n<link rel=\"canonical\" href=\"https:\/\/fadeu.urantiacos.cl\/en\/2020\/11\/09\/junta-de-vecinos-n12-pedro-de-valdivia-norte-se-adjudica-proyecto-con-apoyo-fadeu\/\" \/>\n<meta property=\"og:locale\" content=\"en_US\" \/>\n<meta property=\"og:type\" content=\"article\" \/>\n<meta property=\"og:title\" content=\"Junta de Vecinos N\u00b012 (Pedro de Valdivia Norte) se adjudica proyecto con apoyo FADEU - Facultad de Arquitectura, Dise\u00f1o y Estudios Urbanos\" \/>\n<meta property=\"og:description\" content=\"\u201cVereda Nativa: un experimento socio-ecol\u00f3gico para Pedro de Valdivia Norte\u201d, es el nombre del proyecto recientemente adjudicado por la Junta de Vecinos N\u00b012 del sector de Pedro de Valdivia Norte, que ser\u00e1 financiado por el Ministerio de Ciencia, Tecnolog\u00eda, Conocimiento e Innovaci\u00f3n, y que cont\u00f3 con el apoyo de la Facultad de Arquitectura, Dise\u00f1o y Estudios Urbanos.\" \/>\n<meta property=\"og:url\" content=\"https:\/\/fadeu.urantiacos.cl\/en\/2020\/11\/09\/junta-de-vecinos-n12-pedro-de-valdivia-norte-se-adjudica-proyecto-con-apoyo-fadeu\/\" \/>\n<meta property=\"og:site_name\" content=\"Facultad de Arquitectura, Dise\u00f1o y Estudios Urbanos\" \/>\n<meta property=\"article:published_time\" content=\"2020-11-09T20:55:00+00:00\" \/>\n<meta property=\"article:modified_time\" content=\"2023-09-09T20:58:22+00:00\" \/>\n<meta property=\"og:image\" content=\"https:\/\/fadeu.urantiacos.cl\/wp-content\/uploads\/2023\/09\/VEREDA_NATIVA_WEB.jpg\" \/>\n\t<meta property=\"og:image:width\" content=\"350\" \/>\n\t<meta property=\"og:image:height\" content=\"250\" \/>\n\t<meta property=\"og:image:type\" content=\"image\/jpeg\" \/>\n<meta name=\"author\" content=\"manadmin\" \/>\n<meta name=\"twitter:card\" content=\"summary_large_image\" \/>\n<meta name=\"twitter:label1\" content=\"Written by\" \/>\n\t<meta name=\"twitter:data1\" content=\"manadmin\" \/>\n\t<meta name=\"twitter:label2\" content=\"Est. reading time\" \/>\n\t<meta name=\"twitter:data2\" content=\"2 minutes\" \/>\n<script type=\"application\/ld+json\" class=\"yoast-schema-graph\">{\"@context\":\"https:\/\/schema.org\",\"@graph\":[{\"@type\":\"Article\",\"@id\":\"https:\/\/fadeu.urantiacos.cl\/en\/2020\/11\/09\/junta-de-vecinos-n12-pedro-de-valdivia-norte-se-adjudica-proyecto-con-apoyo-fadeu\/#article\",\"isPartOf\":{\"@id\":\"https:\/\/fadeu.urantiacos.cl\/en\/2020\/11\/09\/junta-de-vecinos-n12-pedro-de-valdivia-norte-se-adjudica-proyecto-con-apoyo-fadeu\/\"},\"author\":{\"name\":\"manadmin\",\"@id\":\"https:\/\/fadeu.urantiacos.cl\/en\/#\/schema\/person\/d203e2e84b1c40275eac77b3061a19a2\"},\"headline\":\"Junta de Vecinos N\u00b012 (Pedro de Valdivia Norte) se adjudica proyecto con apoyo FADEU\",\"datePublished\":\"2020-11-09T20:55:00+00:00\",\"dateModified\":\"2023-09-09T20:58:22+00:00\",\"mainEntityOfPage\":{\"@id\":\"https:\/\/fadeu.urantiacos.cl\/en\/2020\/11\/09\/junta-de-vecinos-n12-pedro-de-valdivia-norte-se-adjudica-proyecto-con-apoyo-fadeu\/\"},\"wordCount\":437,\"commentCount\":0,\"image\":{\"@id\":\"https:\/\/fadeu.urantiacos.cl\/en\/2020\/11\/09\/junta-de-vecinos-n12-pedro-de-valdivia-norte-se-adjudica-proyecto-con-apoyo-fadeu\/#primaryimage\"},\"thumbnailUrl\":\"https:\/\/fadeu.urantiacos.cl\/wp-content\/uploads\/2023\/09\/VEREDA_NATIVA_WEB.jpg\",\"articleSection\":[\"Sin categorizar\"],\"inLanguage\":\"en-US\",\"potentialAction\":[{\"@type\":\"CommentAction\",\"name\":\"Comment\",\"target\":[\"https:\/\/fadeu.urantiacos.cl\/en\/2020\/11\/09\/junta-de-vecinos-n12-pedro-de-valdivia-norte-se-adjudica-proyecto-con-apoyo-fadeu\/#respond\"]}]},{\"@type\":\"WebPage\",\"@id\":\"https:\/\/fadeu.urantiacos.cl\/en\/2020\/11\/09\/junta-de-vecinos-n12-pedro-de-valdivia-norte-se-adjudica-proyecto-con-apoyo-fadeu\/\",\"url\":\"https:\/\/fadeu.urantiacos.cl\/en\/2020\/11\/09\/junta-de-vecinos-n12-pedro-de-valdivia-norte-se-adjudica-proyecto-con-apoyo-fadeu\/\",\"name\":\"Junta de Vecinos N\u00b012 (Pedro de Valdivia Norte) se adjudica proyecto con apoyo FADEU - Facultad de Arquitectura, Dise\u00f1o y Estudios Urbanos\",\"isPartOf\":{\"@id\":\"https:\/\/fadeu.urantiacos.cl\/en\/#website\"},\"primaryImageOfPage\":{\"@id\":\"https:\/\/fadeu.urantiacos.cl\/en\/2020\/11\/09\/junta-de-vecinos-n12-pedro-de-valdivia-norte-se-adjudica-proyecto-con-apoyo-fadeu\/#primaryimage\"},\"image\":{\"@id\":\"https:\/\/fadeu.urantiacos.cl\/en\/2020\/11\/09\/junta-de-vecinos-n12-pedro-de-valdivia-norte-se-adjudica-proyecto-con-apoyo-fadeu\/#primaryimage\"},\"thumbnailUrl\":\"https:\/\/fadeu.urantiacos.cl\/wp-content\/uploads\/2023\/09\/VEREDA_NATIVA_WEB.jpg\",\"datePublished\":\"2020-11-09T20:55:00+00:00\",\"dateModified\":\"2023-09-09T20:58:22+00:00\",\"author\":{\"@id\":\"https:\/\/fadeu.urantiacos.cl\/en\/#\/schema\/person\/d203e2e84b1c40275eac77b3061a19a2\"},\"description\":\"\u201cVereda Nativa: un experimento socio-ecol\u00f3gico para Pedro de Valdivia Norte\u201d, es el nombre del proyecto recientemente adjudicado por la Junta de Vecinos N\u00b012 del sector de Pedro de Valdivia Norte, que ser\u00e1 financiado por el Ministerio de Ciencia, Tecnolog\u00eda, Conocimiento e Innovaci\u00f3n, y que cont\u00f3 con el apoyo de la Facultad de Arquitectura, Dise\u00f1o y Estudios Urbanos.\",\"breadcrumb\":{\"@id\":\"https:\/\/fadeu.urantiacos.cl\/en\/2020\/11\/09\/junta-de-vecinos-n12-pedro-de-valdivia-norte-se-adjudica-proyecto-con-apoyo-fadeu\/#breadcrumb\"},\"inLanguage\":\"en-US\",\"potentialAction\":[{\"@type\":\"ReadAction\",\"target\":[\"https:\/\/fadeu.urantiacos.cl\/en\/2020\/11\/09\/junta-de-vecinos-n12-pedro-de-valdivia-norte-se-adjudica-proyecto-con-apoyo-fadeu\/\"]}]},{\"@type\":\"ImageObject\",\"inLanguage\":\"en-US\",\"@id\":\"https:\/\/fadeu.urantiacos.cl\/en\/2020\/11\/09\/junta-de-vecinos-n12-pedro-de-valdivia-norte-se-adjudica-proyecto-con-apoyo-fadeu\/#primaryimage\",\"url\":\"https:\/\/fadeu.urantiacos.cl\/wp-content\/uploads\/2023\/09\/VEREDA_NATIVA_WEB.jpg\",\"contentUrl\":\"https:\/\/fadeu.urantiacos.cl\/wp-content\/uploads\/2023\/09\/VEREDA_NATIVA_WEB.jpg\",\"width\":350,\"height\":250},{\"@type\":\"BreadcrumbList\",\"@id\":\"https:\/\/fadeu.urantiacos.cl\/en\/2020\/11\/09\/junta-de-vecinos-n12-pedro-de-valdivia-norte-se-adjudica-proyecto-con-apoyo-fadeu\/#breadcrumb\",\"itemListElement\":[{\"@type\":\"ListItem\",\"position\":1,\"name\":\"Portada\",\"item\":\"https:\/\/fadeu.urantiacos.cl\/en\/\"},{\"@type\":\"ListItem\",\"position\":2,\"name\":\"Junta de Vecinos N\u00b012 (Pedro de Valdivia Norte) se adjudica proyecto con apoyo FADEU\"}]},{\"@type\":\"WebSite\",\"@id\":\"https:\/\/fadeu.urantiacos.cl\/en\/#website\",\"url\":\"https:\/\/fadeu.urantiacos.cl\/en\/\",\"name\":\"Facultad de Arquitectura, Dise\u00f1o y Estudios Urbanos\",\"description\":\"Campus Lo Contador\",\"potentialAction\":[{\"@type\":\"SearchAction\",\"target\":{\"@type\":\"EntryPoint\",\"urlTemplate\":\"https:\/\/fadeu.urantiacos.cl\/en\/?s={search_term_string}\"},\"query-input\":{\"@type\":\"PropertyValueSpecification\",\"valueRequired\":true,\"valueName\":\"search_term_string\"}}],\"inLanguage\":\"en-US\"},{\"@type\":\"Person\",\"@id\":\"https:\/\/fadeu.urantiacos.cl\/en\/#\/schema\/person\/d203e2e84b1c40275eac77b3061a19a2\",\"name\":\"manadmin\",\"image\":{\"@type\":\"ImageObject\",\"inLanguage\":\"en-US\",\"@id\":\"https:\/\/fadeu.urantiacos.cl\/en\/#\/schema\/person\/image\/\",\"url\":\"https:\/\/secure.gravatar.com\/avatar\/4b1d8e3303b4a9d8968ac578947d8bc80d9aea359f388cdd4aac15cadc0e8447?s=96&d=mm&r=g\",\"contentUrl\":\"https:\/\/secure.gravatar.com\/avatar\/4b1d8e3303b4a9d8968ac578947d8bc80d9aea359f388cdd4aac15cadc0e8447?s=96&d=mm&r=g\",\"caption\":\"manadmin\"},\"sameAs\":[\"https:\/\/fadeu.urantiacos.cl\"]}]}<\/script>\n<!-- \/ Yoast SEO plugin. -->","yoast_head_json":{"title":"Junta de Vecinos N\u00b012 (Pedro de Valdivia Norte) se adjudica proyecto con apoyo FADEU - Facultad de Arquitectura, Dise\u00f1o y Estudios Urbanos","description":"\u201cVereda Nativa: un experimento socio-ecol\u00f3gico para Pedro de Valdivia Norte\u201d, es el nombre del proyecto recientemente adjudicado por la Junta de Vecinos N\u00b012 del sector de Pedro de Valdivia Norte, que ser\u00e1 financiado por el Ministerio de Ciencia, Tecnolog\u00eda, Conocimiento e Innovaci\u00f3n, y que cont\u00f3 con el apoyo de la Facultad de Arquitectura, Dise\u00f1o y Estudios Urbanos.","robots":{"index":"index","follow":"follow","max-snippet":"max-snippet:-1","max-image-preview":"max-image-preview:large","max-video-preview":"max-video-preview:-1"},"canonical":"https:\/\/fadeu.urantiacos.cl\/en\/2020\/11\/09\/junta-de-vecinos-n12-pedro-de-valdivia-norte-se-adjudica-proyecto-con-apoyo-fadeu\/","og_locale":"en_US","og_type":"article","og_title":"Junta de Vecinos N\u00b012 (Pedro de Valdivia Norte) se adjudica proyecto con apoyo FADEU - Facultad de Arquitectura, Dise\u00f1o y Estudios Urbanos","og_description":"\u201cVereda Nativa: un experimento socio-ecol\u00f3gico para Pedro de Valdivia Norte\u201d, es el nombre del proyecto recientemente adjudicado por la Junta de Vecinos N\u00b012 del sector de Pedro de Valdivia Norte, que ser\u00e1 financiado por el Ministerio de Ciencia, Tecnolog\u00eda, Conocimiento e Innovaci\u00f3n, y que cont\u00f3 con el apoyo de la Facultad de Arquitectura, Dise\u00f1o y Estudios Urbanos.","og_url":"https:\/\/fadeu.urantiacos.cl\/en\/2020\/11\/09\/junta-de-vecinos-n12-pedro-de-valdivia-norte-se-adjudica-proyecto-con-apoyo-fadeu\/","og_site_name":"Facultad de Arquitectura, Dise\u00f1o y Estudios Urbanos","article_published_time":"2020-11-09T20:55:00+00:00","article_modified_time":"2023-09-09T20:58:22+00:00","og_image":[{"width":350,"height":250,"url":"https:\/\/fadeu.urantiacos.cl\/wp-content\/uploads\/2023\/09\/VEREDA_NATIVA_WEB.jpg","type":"image\/jpeg"}],"author":"manadmin","twitter_card":"summary_large_image","twitter_misc":{"Written by":"manadmin","Est. reading time":"2 minutes"},"schema":{"@context":"https:\/\/schema.org","@graph":[{"@type":"Article","@id":"https:\/\/fadeu.urantiacos.cl\/en\/2020\/11\/09\/junta-de-vecinos-n12-pedro-de-valdivia-norte-se-adjudica-proyecto-con-apoyo-fadeu\/#article","isPartOf":{"@id":"https:\/\/fadeu.urantiacos.cl\/en\/2020\/11\/09\/junta-de-vecinos-n12-pedro-de-valdivia-norte-se-adjudica-proyecto-con-apoyo-fadeu\/"},"author":{"name":"manadmin","@id":"https:\/\/fadeu.urantiacos.cl\/en\/#\/schema\/person\/d203e2e84b1c40275eac77b3061a19a2"},"headline":"Junta de Vecinos N\u00b012 (Pedro de Valdivia Norte) se adjudica proyecto con apoyo FADEU","datePublished":"2020-11-09T20:55:00+00:00","dateModified":"2023-09-09T20:58:22+00:00","mainEntityOfPage":{"@id":"https:\/\/fadeu.urantiacos.cl\/en\/2020\/11\/09\/junta-de-vecinos-n12-pedro-de-valdivia-norte-se-adjudica-proyecto-con-apoyo-fadeu\/"},"wordCount":437,"commentCount":0,"image":{"@id":"https:\/\/fadeu.urantiacos.cl\/en\/2020\/11\/09\/junta-de-vecinos-n12-pedro-de-valdivia-norte-se-adjudica-proyecto-con-apoyo-fadeu\/#primaryimage"},"thumbnailUrl":"https:\/\/fadeu.urantiacos.cl\/wp-content\/uploads\/2023\/09\/VEREDA_NATIVA_WEB.jpg","articleSection":["Sin categorizar"],"inLanguage":"en-US","potentialAction":[{"@type":"CommentAction","name":"Comment","target":["https:\/\/fadeu.urantiacos.cl\/en\/2020\/11\/09\/junta-de-vecinos-n12-pedro-de-valdivia-norte-se-adjudica-proyecto-con-apoyo-fadeu\/#respond"]}]},{"@type":"WebPage","@id":"https:\/\/fadeu.urantiacos.cl\/en\/2020\/11\/09\/junta-de-vecinos-n12-pedro-de-valdivia-norte-se-adjudica-proyecto-con-apoyo-fadeu\/","url":"https:\/\/fadeu.urantiacos.cl\/en\/2020\/11\/09\/junta-de-vecinos-n12-pedro-de-valdivia-norte-se-adjudica-proyecto-con-apoyo-fadeu\/","name":"Junta de Vecinos N\u00b012 (Pedro de Valdivia Norte) se adjudica proyecto con apoyo FADEU - Facultad de Arquitectura, Dise\u00f1o y Estudios Urbanos","isPartOf":{"@id":"https:\/\/fadeu.urantiacos.cl\/en\/#website"},"primaryImageOfPage":{"@id":"https:\/\/fadeu.urantiacos.cl\/en\/2020\/11\/09\/junta-de-vecinos-n12-pedro-de-valdivia-norte-se-adjudica-proyecto-con-apoyo-fadeu\/#primaryimage"},"image":{"@id":"https:\/\/fadeu.urantiacos.cl\/en\/2020\/11\/09\/junta-de-vecinos-n12-pedro-de-valdivia-norte-se-adjudica-proyecto-con-apoyo-fadeu\/#primaryimage"},"thumbnailUrl":"https:\/\/fadeu.urantiacos.cl\/wp-content\/uploads\/2023\/09\/VEREDA_NATIVA_WEB.jpg","datePublished":"2020-11-09T20:55:00+00:00","dateModified":"2023-09-09T20:58:22+00:00","author":{"@id":"https:\/\/fadeu.urantiacos.cl\/en\/#\/schema\/person\/d203e2e84b1c40275eac77b3061a19a2"},"description":"\u201cVereda Nativa: un experimento socio-ecol\u00f3gico para Pedro de Valdivia Norte\u201d, es el nombre del proyecto recientemente adjudicado por la Junta de Vecinos N\u00b012 del sector de Pedro de Valdivia Norte, que ser\u00e1 financiado por el Ministerio de Ciencia, Tecnolog\u00eda, Conocimiento e Innovaci\u00f3n, y que cont\u00f3 con el apoyo de la Facultad de Arquitectura, Dise\u00f1o y Estudios Urbanos.","breadcrumb":{"@id":"https:\/\/fadeu.urantiacos.cl\/en\/2020\/11\/09\/junta-de-vecinos-n12-pedro-de-valdivia-norte-se-adjudica-proyecto-con-apoyo-fadeu\/#breadcrumb"},"inLanguage":"en-US","potentialAction":[{"@type":"ReadAction","target":["https:\/\/fadeu.urantiacos.cl\/en\/2020\/11\/09\/junta-de-vecinos-n12-pedro-de-valdivia-norte-se-adjudica-proyecto-con-apoyo-fadeu\/"]}]},{"@type":"ImageObject","inLanguage":"en-US","@id":"https:\/\/fadeu.urantiacos.cl\/en\/2020\/11\/09\/junta-de-vecinos-n12-pedro-de-valdivia-norte-se-adjudica-proyecto-con-apoyo-fadeu\/#primaryimage","url":"https:\/\/fadeu.urantiacos.cl\/wp-content\/uploads\/2023\/09\/VEREDA_NATIVA_WEB.jpg","contentUrl":"https:\/\/fadeu.urantiacos.cl\/wp-content\/uploads\/2023\/09\/VEREDA_NATIVA_WEB.jpg","width":350,"height":250},{"@type":"BreadcrumbList","@id":"https:\/\/fadeu.urantiacos.cl\/en\/2020\/11\/09\/junta-de-vecinos-n12-pedro-de-valdivia-norte-se-adjudica-proyecto-con-apoyo-fadeu\/#breadcrumb","itemListElement":[{"@type":"ListItem","position":1,"name":"Portada","item":"https:\/\/fadeu.urantiacos.cl\/en\/"},{"@type":"ListItem","position":2,"name":"Junta de Vecinos N\u00b012 (Pedro de Valdivia Norte) se adjudica proyecto con apoyo FADEU"}]},{"@type":"WebSite","@id":"https:\/\/fadeu.urantiacos.cl\/en\/#website","url":"https:\/\/fadeu.urantiacos.cl\/en\/","name":"Facultad de Arquitectura, Dise\u00f1o y Estudios Urbanos","description":"Campus Lo Contador","potentialAction":[{"@type":"SearchAction","target":{"@type":"EntryPoint","urlTemplate":"https:\/\/fadeu.urantiacos.cl\/en\/?s={search_term_string}"},"query-input":{"@type":"PropertyValueSpecification","valueRequired":true,"valueName":"search_term_string"}}],"inLanguage":"en-US"},{"@type":"Person","@id":"https:\/\/fadeu.urantiacos.cl\/en\/#\/schema\/person\/d203e2e84b1c40275eac77b3061a19a2","name":"manadmin","image":{"@type":"ImageObject","inLanguage":"en-US","@id":"https:\/\/fadeu.urantiacos.cl\/en\/#\/schema\/person\/image\/","url":"https:\/\/secure.gravatar.com\/avatar\/4b1d8e3303b4a9d8968ac578947d8bc80d9aea359f388cdd4aac15cadc0e8447?s=96&d=mm&r=g","contentUrl":"https:\/\/secure.gravatar.com\/avatar\/4b1d8e3303b4a9d8968ac578947d8bc80d9aea359f388cdd4aac15cadc0e8447?s=96&d=mm&r=g","caption":"manadmin"},"sameAs":["https:\/\/fadeu.urantiacos.cl"]}]}},"_links":{"self":[{"href":"https:\/\/fadeu.urantiacos.cl\/en\/wp-json\/wp\/v2\/posts\/7932","targetHints":{"allow":["GET"]}}],"collection":[{"href":"https:\/\/fadeu.urantiacos.cl\/en\/wp-json\/wp\/v2\/posts"}],"about":[{"href":"https:\/\/fadeu.urantiacos.cl\/en\/wp-json\/wp\/v2\/types\/post"}],"author":[{"embeddable":true,"href":"https:\/\/fadeu.urantiacos.cl\/en\/wp-json\/wp\/v2\/users\/1"}],"replies":[{"embeddable":true,"href":"https:\/\/fadeu.urantiacos.cl\/en\/wp-json\/wp\/v2\/comments?post=7932"}],"version-history":[{"count":1,"href":"https:\/\/fadeu.urantiacos.cl\/en\/wp-json\/wp\/v2\/posts\/7932\/revisions"}],"predecessor-version":[{"id":7936,"href":"https:\/\/fadeu.urantiacos.cl\/en\/wp-json\/wp\/v2\/posts\/7932\/revisions\/7936"}],"wp:featuredmedia":[{"embeddable":true,"href":"https:\/\/fadeu.urantiacos.cl\/en\/wp-json\/wp\/v2\/media\/7934"}],"wp:attachment":[{"href":"https:\/\/fadeu.urantiacos.cl\/en\/wp-json\/wp\/v2\/media?parent=7932"}],"wp:term":[{"taxonomy":"category","embeddable":true,"href":"https:\/\/fadeu.urantiacos.cl\/en\/wp-json\/wp\/v2\/categories?post=7932"},{"taxonomy":"post_tag","embeddable":true,"href":"https:\/\/fadeu.urantiacos.cl\/en\/wp-json\/wp\/v2\/tags?post=7932"}],"curies":[{"name":"wp","href":"https:\/\/api.w.org\/{rel}","templated":true}]}}