{"id":7919,"date":"2020-11-09T17:48:00","date_gmt":"2020-11-09T20:48:00","guid":{"rendered":"https:\/\/fadeu.urantiacos.cl\/?p=7919"},"modified":"2023-09-09T17:51:18","modified_gmt":"2023-09-09T20:51:18","slug":"trabajo-del-comite-de-doctoras-y-doctores-de-la-escuela-de-diseno","status":"publish","type":"post","link":"https:\/\/fadeu.urantiacos.cl\/en\/2020\/11\/09\/trabajo-del-comite-de-doctoras-y-doctores-de-la-escuela-de-diseno\/","title":{"rendered":"Trabajo del Comit\u00e9 de Doctoras y Doctores de la Escuela de Dise\u00f1o"},"content":{"rendered":"\n<p>&nbsp;A su vez, el Comit\u00e9 de Doctoras y Doctores present\u00f3 su trabajo dentro del Consejo de Facultad as\u00ed como en el Consejo de la Escuela de Dise\u00f1o, instancias donde fue apoyada la incorporaci\u00f3n de los profesores doctores de la Escuela de Dise\u00f1o al Doctorado de Arquitectura y Estudios Urbanos, la creaci\u00f3n de una futura l\u00ednea de investigaci\u00f3n de dise\u00f1o dentro de dicho doctorado, la creaci\u00f3n de l\u00edneas de investigaci\u00f3n para otros doctorados, as\u00ed como la creaci\u00f3n de un doctorado en dise\u00f1o.<\/p>\n\n\n\n<p>De este modo, el pasado 6 de noviembre, el Comit\u00e9 de Doctoras y Doctores inici\u00f3 el trabajo de su agenda con las acciones operativas correspondientes a la construcci\u00f3n de la propuesta de valor acad\u00e9mica y la visibilizaci\u00f3n de la productividad de los integrantes del Comit\u00e9 de Doctoras y Doctores, trabajo que finalizar\u00e1 en marzo 2021. Dentro de ese mes el Comit\u00e9 de Doctoras y Doctores de la Escuela de Dise\u00f1o iniciar\u00e1 el trabajo de acciones operativas para la creaci\u00f3n de l\u00edneas de investigaci\u00f3n de dise\u00f1o que formen parte de algunos de los 39 programas de doctorado que existen actualmente en la Universidad.<\/p>\n\n\n\n<p>El Comit\u00e9 de Doctoras y Doctores de la Escuela de Dise\u00f1o fue constituido el 28 de agosto de este a\u00f1o por los 11 docentes que cuentan con este grado acad\u00e9mico en la Escuela de Dise\u00f1o.<\/p>\n\n\n\n<figure class=\"wp-block-image size-large\"><img decoding=\"async\" width=\"1024\" height=\"576\" src=\"https:\/\/fadeu.urantiacos.cl\/wp-content\/uploads\/2023\/09\/imagen_noticia-1024x576.png\" alt=\"\" class=\"wp-image-7920\" srcset=\"https:\/\/fadeu.urantiacos.cl\/wp-content\/uploads\/2023\/09\/imagen_noticia-1024x576.png 1024w, https:\/\/fadeu.urantiacos.cl\/wp-content\/uploads\/2023\/09\/imagen_noticia-300x169.png 300w, https:\/\/fadeu.urantiacos.cl\/wp-content\/uploads\/2023\/09\/imagen_noticia-768x432.png 768w, https:\/\/fadeu.urantiacos.cl\/wp-content\/uploads\/2023\/09\/imagen_noticia.png 1361w\" sizes=\"(max-width: 1024px) 100vw, 1024px\" \/><\/figure>\n\n\n\n<p>Fotograf\u00eda:\u00a0\u00a0Nico Saieh<\/p>\n","protected":false},"excerpt":{"rendered":"<p>Durante los \u00faltimos dos meses el Comit\u00e9 de Doctoras y Doctores de la Escuela de Dise\u00f1o ha desarrollado dos reuniones de trabajo con la Direcci\u00f3n de la Escuela de Dise\u00f1o. En estas reuniones se iniciaron acciones para coordinar la institucionalizaci\u00f3n de la agenda de trabajo del Comit\u00e9 de Doctoras y Doctores con el Decanato y la Direcci\u00f3n de Investigaci\u00f3n y Posgrado FADEU.<\/p>\n","protected":false},"author":1,"featured_media":7921,"comment_status":"open","ping_status":"open","sticky":false,"template":"","format":"standard","meta":{"_acf_changed":false,"footnotes":""},"categories":[1],"tags":[],"class_list":["post-7919","post","type-post","status-publish","format-standard","has-post-thumbnail","hentry","category-sin-categorizar"],"acf":[],"yoast_head":"<!-- This site is optimized with the Yoast SEO plugin v27.1.1 - https:\/\/yoast.com\/product\/yoast-seo-wordpress\/ -->\n<title>Trabajo del Comit\u00e9 de Doctoras y Doctores de la Escuela de Dise\u00f1o - Facultad de Arquitectura, Dise\u00f1o y Estudios Urbanos<\/title>\n<meta name=\"description\" content=\"Durante los \u00faltimos dos meses el Comit\u00e9 de Doctoras y Doctores de la Escuela de Dise\u00f1o ha desarrollado dos reuniones de trabajo con la Direcci\u00f3n de la Escuela de Dise\u00f1o. En estas reuniones se iniciaron acciones para coordinar la institucionalizaci\u00f3n de la agenda de trabajo del Comit\u00e9 de Doctoras y Doctores con el Decanato y la Direcci\u00f3n de Investigaci\u00f3n y Posgrado FADEU.\" \/>\n<meta name=\"robots\" content=\"index, follow, max-snippet:-1, max-image-preview:large, max-video-preview:-1\" \/>\n<link rel=\"canonical\" href=\"https:\/\/fadeu.urantiacos.cl\/en\/2020\/11\/09\/trabajo-del-comite-de-doctoras-y-doctores-de-la-escuela-de-diseno\/\" \/>\n<meta property=\"og:locale\" content=\"en_US\" \/>\n<meta property=\"og:type\" content=\"article\" \/>\n<meta property=\"og:title\" content=\"Trabajo del Comit\u00e9 de Doctoras y Doctores de la Escuela de Dise\u00f1o - Facultad de Arquitectura, Dise\u00f1o y Estudios Urbanos\" \/>\n<meta property=\"og:description\" content=\"Durante los \u00faltimos dos meses el Comit\u00e9 de Doctoras y Doctores de la Escuela de Dise\u00f1o ha desarrollado dos reuniones de trabajo con la Direcci\u00f3n de la Escuela de Dise\u00f1o. En estas reuniones se iniciaron acciones para coordinar la institucionalizaci\u00f3n de la agenda de trabajo del Comit\u00e9 de Doctoras y Doctores con el Decanato y la Direcci\u00f3n de Investigaci\u00f3n y Posgrado FADEU.\" \/>\n<meta property=\"og:url\" content=\"https:\/\/fadeu.urantiacos.cl\/en\/2020\/11\/09\/trabajo-del-comite-de-doctoras-y-doctores-de-la-escuela-de-diseno\/\" \/>\n<meta property=\"og:site_name\" content=\"Facultad de Arquitectura, Dise\u00f1o y Estudios Urbanos\" \/>\n<meta property=\"article:published_time\" content=\"2020-11-09T20:48:00+00:00\" \/>\n<meta property=\"article:modified_time\" content=\"2023-09-09T20:51:18+00:00\" \/>\n<meta property=\"og:image\" content=\"https:\/\/fadeu.urantiacos.cl\/wp-content\/uploads\/2023\/09\/imagen_noticia_WEB.png\" \/>\n\t<meta property=\"og:image:width\" content=\"350\" \/>\n\t<meta property=\"og:image:height\" content=\"250\" \/>\n\t<meta property=\"og:image:type\" content=\"image\/png\" \/>\n<meta name=\"author\" content=\"manadmin\" \/>\n<meta name=\"twitter:card\" content=\"summary_large_image\" \/>\n<meta name=\"twitter:label1\" content=\"Written by\" \/>\n\t<meta name=\"twitter:data1\" content=\"manadmin\" \/>\n\t<meta name=\"twitter:label2\" content=\"Est. reading time\" \/>\n\t<meta name=\"twitter:data2\" content=\"1 minute\" \/>\n<script type=\"application\/ld+json\" class=\"yoast-schema-graph\">{\"@context\":\"https:\/\/schema.org\",\"@graph\":[{\"@type\":\"Article\",\"@id\":\"https:\/\/fadeu.urantiacos.cl\/en\/2020\/11\/09\/trabajo-del-comite-de-doctoras-y-doctores-de-la-escuela-de-diseno\/#article\",\"isPartOf\":{\"@id\":\"https:\/\/fadeu.urantiacos.cl\/en\/2020\/11\/09\/trabajo-del-comite-de-doctoras-y-doctores-de-la-escuela-de-diseno\/\"},\"author\":{\"name\":\"manadmin\",\"@id\":\"https:\/\/fadeu.urantiacos.cl\/en\/#\/schema\/person\/d203e2e84b1c40275eac77b3061a19a2\"},\"headline\":\"Trabajo del Comit\u00e9 de Doctoras y Doctores de la Escuela de Dise\u00f1o\",\"datePublished\":\"2020-11-09T20:48:00+00:00\",\"dateModified\":\"2023-09-09T20:51:18+00:00\",\"mainEntityOfPage\":{\"@id\":\"https:\/\/fadeu.urantiacos.cl\/en\/2020\/11\/09\/trabajo-del-comite-de-doctoras-y-doctores-de-la-escuela-de-diseno\/\"},\"wordCount\":255,\"commentCount\":0,\"image\":{\"@id\":\"https:\/\/fadeu.urantiacos.cl\/en\/2020\/11\/09\/trabajo-del-comite-de-doctoras-y-doctores-de-la-escuela-de-diseno\/#primaryimage\"},\"thumbnailUrl\":\"https:\/\/fadeu.urantiacos.cl\/wp-content\/uploads\/2023\/09\/imagen_noticia_WEB.png\",\"articleSection\":[\"Sin categorizar\"],\"inLanguage\":\"en-US\",\"potentialAction\":[{\"@type\":\"CommentAction\",\"name\":\"Comment\",\"target\":[\"https:\/\/fadeu.urantiacos.cl\/en\/2020\/11\/09\/trabajo-del-comite-de-doctoras-y-doctores-de-la-escuela-de-diseno\/#respond\"]}]},{\"@type\":\"WebPage\",\"@id\":\"https:\/\/fadeu.urantiacos.cl\/en\/2020\/11\/09\/trabajo-del-comite-de-doctoras-y-doctores-de-la-escuela-de-diseno\/\",\"url\":\"https:\/\/fadeu.urantiacos.cl\/en\/2020\/11\/09\/trabajo-del-comite-de-doctoras-y-doctores-de-la-escuela-de-diseno\/\",\"name\":\"Trabajo del Comit\u00e9 de Doctoras y Doctores de la Escuela de Dise\u00f1o - Facultad de Arquitectura, Dise\u00f1o y Estudios Urbanos\",\"isPartOf\":{\"@id\":\"https:\/\/fadeu.urantiacos.cl\/en\/#website\"},\"primaryImageOfPage\":{\"@id\":\"https:\/\/fadeu.urantiacos.cl\/en\/2020\/11\/09\/trabajo-del-comite-de-doctoras-y-doctores-de-la-escuela-de-diseno\/#primaryimage\"},\"image\":{\"@id\":\"https:\/\/fadeu.urantiacos.cl\/en\/2020\/11\/09\/trabajo-del-comite-de-doctoras-y-doctores-de-la-escuela-de-diseno\/#primaryimage\"},\"thumbnailUrl\":\"https:\/\/fadeu.urantiacos.cl\/wp-content\/uploads\/2023\/09\/imagen_noticia_WEB.png\",\"datePublished\":\"2020-11-09T20:48:00+00:00\",\"dateModified\":\"2023-09-09T20:51:18+00:00\",\"author\":{\"@id\":\"https:\/\/fadeu.urantiacos.cl\/en\/#\/schema\/person\/d203e2e84b1c40275eac77b3061a19a2\"},\"description\":\"Durante los \u00faltimos dos meses el Comit\u00e9 de Doctoras y Doctores de la Escuela de Dise\u00f1o ha desarrollado dos reuniones de trabajo con la Direcci\u00f3n de la Escuela de Dise\u00f1o. En estas reuniones se iniciaron acciones para coordinar la institucionalizaci\u00f3n de la agenda de trabajo del Comit\u00e9 de Doctoras y Doctores con el Decanato y la Direcci\u00f3n de Investigaci\u00f3n y Posgrado FADEU.\",\"breadcrumb\":{\"@id\":\"https:\/\/fadeu.urantiacos.cl\/en\/2020\/11\/09\/trabajo-del-comite-de-doctoras-y-doctores-de-la-escuela-de-diseno\/#breadcrumb\"},\"inLanguage\":\"en-US\",\"potentialAction\":[{\"@type\":\"ReadAction\",\"target\":[\"https:\/\/fadeu.urantiacos.cl\/en\/2020\/11\/09\/trabajo-del-comite-de-doctoras-y-doctores-de-la-escuela-de-diseno\/\"]}]},{\"@type\":\"ImageObject\",\"inLanguage\":\"en-US\",\"@id\":\"https:\/\/fadeu.urantiacos.cl\/en\/2020\/11\/09\/trabajo-del-comite-de-doctoras-y-doctores-de-la-escuela-de-diseno\/#primaryimage\",\"url\":\"https:\/\/fadeu.urantiacos.cl\/wp-content\/uploads\/2023\/09\/imagen_noticia_WEB.png\",\"contentUrl\":\"https:\/\/fadeu.urantiacos.cl\/wp-content\/uploads\/2023\/09\/imagen_noticia_WEB.png\",\"width\":350,\"height\":250},{\"@type\":\"BreadcrumbList\",\"@id\":\"https:\/\/fadeu.urantiacos.cl\/en\/2020\/11\/09\/trabajo-del-comite-de-doctoras-y-doctores-de-la-escuela-de-diseno\/#breadcrumb\",\"itemListElement\":[{\"@type\":\"ListItem\",\"position\":1,\"name\":\"Portada\",\"item\":\"https:\/\/fadeu.urantiacos.cl\/en\/\"},{\"@type\":\"ListItem\",\"position\":2,\"name\":\"Trabajo del Comit\u00e9 de Doctoras y Doctores de la Escuela de Dise\u00f1o\"}]},{\"@type\":\"WebSite\",\"@id\":\"https:\/\/fadeu.urantiacos.cl\/en\/#website\",\"url\":\"https:\/\/fadeu.urantiacos.cl\/en\/\",\"name\":\"Facultad de Arquitectura, Dise\u00f1o y Estudios Urbanos\",\"description\":\"Campus Lo Contador\",\"potentialAction\":[{\"@type\":\"SearchAction\",\"target\":{\"@type\":\"EntryPoint\",\"urlTemplate\":\"https:\/\/fadeu.urantiacos.cl\/en\/?s={search_term_string}\"},\"query-input\":{\"@type\":\"PropertyValueSpecification\",\"valueRequired\":true,\"valueName\":\"search_term_string\"}}],\"inLanguage\":\"en-US\"},{\"@type\":\"Person\",\"@id\":\"https:\/\/fadeu.urantiacos.cl\/en\/#\/schema\/person\/d203e2e84b1c40275eac77b3061a19a2\",\"name\":\"manadmin\",\"image\":{\"@type\":\"ImageObject\",\"inLanguage\":\"en-US\",\"@id\":\"https:\/\/fadeu.urantiacos.cl\/en\/#\/schema\/person\/image\/\",\"url\":\"https:\/\/secure.gravatar.com\/avatar\/4b1d8e3303b4a9d8968ac578947d8bc80d9aea359f388cdd4aac15cadc0e8447?s=96&d=mm&r=g\",\"contentUrl\":\"https:\/\/secure.gravatar.com\/avatar\/4b1d8e3303b4a9d8968ac578947d8bc80d9aea359f388cdd4aac15cadc0e8447?s=96&d=mm&r=g\",\"caption\":\"manadmin\"},\"sameAs\":[\"https:\/\/fadeu.urantiacos.cl\"]}]}<\/script>\n<!-- \/ Yoast SEO plugin. -->","yoast_head_json":{"title":"Trabajo del Comit\u00e9 de Doctoras y Doctores de la Escuela de Dise\u00f1o - Facultad de Arquitectura, Dise\u00f1o y Estudios Urbanos","description":"Durante los \u00faltimos dos meses el Comit\u00e9 de Doctoras y Doctores de la Escuela de Dise\u00f1o ha desarrollado dos reuniones de trabajo con la Direcci\u00f3n de la Escuela de Dise\u00f1o. En estas reuniones se iniciaron acciones para coordinar la institucionalizaci\u00f3n de la agenda de trabajo del Comit\u00e9 de Doctoras y Doctores con el Decanato y la Direcci\u00f3n de Investigaci\u00f3n y Posgrado FADEU.","robots":{"index":"index","follow":"follow","max-snippet":"max-snippet:-1","max-image-preview":"max-image-preview:large","max-video-preview":"max-video-preview:-1"},"canonical":"https:\/\/fadeu.urantiacos.cl\/en\/2020\/11\/09\/trabajo-del-comite-de-doctoras-y-doctores-de-la-escuela-de-diseno\/","og_locale":"en_US","og_type":"article","og_title":"Trabajo del Comit\u00e9 de Doctoras y Doctores de la Escuela de Dise\u00f1o - Facultad de Arquitectura, Dise\u00f1o y Estudios Urbanos","og_description":"Durante los \u00faltimos dos meses el Comit\u00e9 de Doctoras y Doctores de la Escuela de Dise\u00f1o ha desarrollado dos reuniones de trabajo con la Direcci\u00f3n de la Escuela de Dise\u00f1o. En estas reuniones se iniciaron acciones para coordinar la institucionalizaci\u00f3n de la agenda de trabajo del Comit\u00e9 de Doctoras y Doctores con el Decanato y la Direcci\u00f3n de Investigaci\u00f3n y Posgrado FADEU.","og_url":"https:\/\/fadeu.urantiacos.cl\/en\/2020\/11\/09\/trabajo-del-comite-de-doctoras-y-doctores-de-la-escuela-de-diseno\/","og_site_name":"Facultad de Arquitectura, Dise\u00f1o y Estudios Urbanos","article_published_time":"2020-11-09T20:48:00+00:00","article_modified_time":"2023-09-09T20:51:18+00:00","og_image":[{"width":350,"height":250,"url":"https:\/\/fadeu.urantiacos.cl\/wp-content\/uploads\/2023\/09\/imagen_noticia_WEB.png","type":"image\/png"}],"author":"manadmin","twitter_card":"summary_large_image","twitter_misc":{"Written by":"manadmin","Est. reading time":"1 minute"},"schema":{"@context":"https:\/\/schema.org","@graph":[{"@type":"Article","@id":"https:\/\/fadeu.urantiacos.cl\/en\/2020\/11\/09\/trabajo-del-comite-de-doctoras-y-doctores-de-la-escuela-de-diseno\/#article","isPartOf":{"@id":"https:\/\/fadeu.urantiacos.cl\/en\/2020\/11\/09\/trabajo-del-comite-de-doctoras-y-doctores-de-la-escuela-de-diseno\/"},"author":{"name":"manadmin","@id":"https:\/\/fadeu.urantiacos.cl\/en\/#\/schema\/person\/d203e2e84b1c40275eac77b3061a19a2"},"headline":"Trabajo del Comit\u00e9 de Doctoras y Doctores de la Escuela de Dise\u00f1o","datePublished":"2020-11-09T20:48:00+00:00","dateModified":"2023-09-09T20:51:18+00:00","mainEntityOfPage":{"@id":"https:\/\/fadeu.urantiacos.cl\/en\/2020\/11\/09\/trabajo-del-comite-de-doctoras-y-doctores-de-la-escuela-de-diseno\/"},"wordCount":255,"commentCount":0,"image":{"@id":"https:\/\/fadeu.urantiacos.cl\/en\/2020\/11\/09\/trabajo-del-comite-de-doctoras-y-doctores-de-la-escuela-de-diseno\/#primaryimage"},"thumbnailUrl":"https:\/\/fadeu.urantiacos.cl\/wp-content\/uploads\/2023\/09\/imagen_noticia_WEB.png","articleSection":["Sin categorizar"],"inLanguage":"en-US","potentialAction":[{"@type":"CommentAction","name":"Comment","target":["https:\/\/fadeu.urantiacos.cl\/en\/2020\/11\/09\/trabajo-del-comite-de-doctoras-y-doctores-de-la-escuela-de-diseno\/#respond"]}]},{"@type":"WebPage","@id":"https:\/\/fadeu.urantiacos.cl\/en\/2020\/11\/09\/trabajo-del-comite-de-doctoras-y-doctores-de-la-escuela-de-diseno\/","url":"https:\/\/fadeu.urantiacos.cl\/en\/2020\/11\/09\/trabajo-del-comite-de-doctoras-y-doctores-de-la-escuela-de-diseno\/","name":"Trabajo del Comit\u00e9 de Doctoras y Doctores de la Escuela de Dise\u00f1o - Facultad de Arquitectura, Dise\u00f1o y Estudios Urbanos","isPartOf":{"@id":"https:\/\/fadeu.urantiacos.cl\/en\/#website"},"primaryImageOfPage":{"@id":"https:\/\/fadeu.urantiacos.cl\/en\/2020\/11\/09\/trabajo-del-comite-de-doctoras-y-doctores-de-la-escuela-de-diseno\/#primaryimage"},"image":{"@id":"https:\/\/fadeu.urantiacos.cl\/en\/2020\/11\/09\/trabajo-del-comite-de-doctoras-y-doctores-de-la-escuela-de-diseno\/#primaryimage"},"thumbnailUrl":"https:\/\/fadeu.urantiacos.cl\/wp-content\/uploads\/2023\/09\/imagen_noticia_WEB.png","datePublished":"2020-11-09T20:48:00+00:00","dateModified":"2023-09-09T20:51:18+00:00","author":{"@id":"https:\/\/fadeu.urantiacos.cl\/en\/#\/schema\/person\/d203e2e84b1c40275eac77b3061a19a2"},"description":"Durante los \u00faltimos dos meses el Comit\u00e9 de Doctoras y Doctores de la Escuela de Dise\u00f1o ha desarrollado dos reuniones de trabajo con la Direcci\u00f3n de la Escuela de Dise\u00f1o. En estas reuniones se iniciaron acciones para coordinar la institucionalizaci\u00f3n de la agenda de trabajo del Comit\u00e9 de Doctoras y Doctores con el Decanato y la Direcci\u00f3n de Investigaci\u00f3n y Posgrado FADEU.","breadcrumb":{"@id":"https:\/\/fadeu.urantiacos.cl\/en\/2020\/11\/09\/trabajo-del-comite-de-doctoras-y-doctores-de-la-escuela-de-diseno\/#breadcrumb"},"inLanguage":"en-US","potentialAction":[{"@type":"ReadAction","target":["https:\/\/fadeu.urantiacos.cl\/en\/2020\/11\/09\/trabajo-del-comite-de-doctoras-y-doctores-de-la-escuela-de-diseno\/"]}]},{"@type":"ImageObject","inLanguage":"en-US","@id":"https:\/\/fadeu.urantiacos.cl\/en\/2020\/11\/09\/trabajo-del-comite-de-doctoras-y-doctores-de-la-escuela-de-diseno\/#primaryimage","url":"https:\/\/fadeu.urantiacos.cl\/wp-content\/uploads\/2023\/09\/imagen_noticia_WEB.png","contentUrl":"https:\/\/fadeu.urantiacos.cl\/wp-content\/uploads\/2023\/09\/imagen_noticia_WEB.png","width":350,"height":250},{"@type":"BreadcrumbList","@id":"https:\/\/fadeu.urantiacos.cl\/en\/2020\/11\/09\/trabajo-del-comite-de-doctoras-y-doctores-de-la-escuela-de-diseno\/#breadcrumb","itemListElement":[{"@type":"ListItem","position":1,"name":"Portada","item":"https:\/\/fadeu.urantiacos.cl\/en\/"},{"@type":"ListItem","position":2,"name":"Trabajo del Comit\u00e9 de Doctoras y Doctores de la Escuela de Dise\u00f1o"}]},{"@type":"WebSite","@id":"https:\/\/fadeu.urantiacos.cl\/en\/#website","url":"https:\/\/fadeu.urantiacos.cl\/en\/","name":"Facultad de Arquitectura, Dise\u00f1o y Estudios Urbanos","description":"Campus Lo Contador","potentialAction":[{"@type":"SearchAction","target":{"@type":"EntryPoint","urlTemplate":"https:\/\/fadeu.urantiacos.cl\/en\/?s={search_term_string}"},"query-input":{"@type":"PropertyValueSpecification","valueRequired":true,"valueName":"search_term_string"}}],"inLanguage":"en-US"},{"@type":"Person","@id":"https:\/\/fadeu.urantiacos.cl\/en\/#\/schema\/person\/d203e2e84b1c40275eac77b3061a19a2","name":"manadmin","image":{"@type":"ImageObject","inLanguage":"en-US","@id":"https:\/\/fadeu.urantiacos.cl\/en\/#\/schema\/person\/image\/","url":"https:\/\/secure.gravatar.com\/avatar\/4b1d8e3303b4a9d8968ac578947d8bc80d9aea359f388cdd4aac15cadc0e8447?s=96&d=mm&r=g","contentUrl":"https:\/\/secure.gravatar.com\/avatar\/4b1d8e3303b4a9d8968ac578947d8bc80d9aea359f388cdd4aac15cadc0e8447?s=96&d=mm&r=g","caption":"manadmin"},"sameAs":["https:\/\/fadeu.urantiacos.cl"]}]}},"_links":{"self":[{"href":"https:\/\/fadeu.urantiacos.cl\/en\/wp-json\/wp\/v2\/posts\/7919","targetHints":{"allow":["GET"]}}],"collection":[{"href":"https:\/\/fadeu.urantiacos.cl\/en\/wp-json\/wp\/v2\/posts"}],"about":[{"href":"https:\/\/fadeu.urantiacos.cl\/en\/wp-json\/wp\/v2\/types\/post"}],"author":[{"embeddable":true,"href":"https:\/\/fadeu.urantiacos.cl\/en\/wp-json\/wp\/v2\/users\/1"}],"replies":[{"embeddable":true,"href":"https:\/\/fadeu.urantiacos.cl\/en\/wp-json\/wp\/v2\/comments?post=7919"}],"version-history":[{"count":1,"href":"https:\/\/fadeu.urantiacos.cl\/en\/wp-json\/wp\/v2\/posts\/7919\/revisions"}],"predecessor-version":[{"id":7922,"href":"https:\/\/fadeu.urantiacos.cl\/en\/wp-json\/wp\/v2\/posts\/7919\/revisions\/7922"}],"wp:featuredmedia":[{"embeddable":true,"href":"https:\/\/fadeu.urantiacos.cl\/en\/wp-json\/wp\/v2\/media\/7921"}],"wp:attachment":[{"href":"https:\/\/fadeu.urantiacos.cl\/en\/wp-json\/wp\/v2\/media?parent=7919"}],"wp:term":[{"taxonomy":"category","embeddable":true,"href":"https:\/\/fadeu.urantiacos.cl\/en\/wp-json\/wp\/v2\/categories?post=7919"},{"taxonomy":"post_tag","embeddable":true,"href":"https:\/\/fadeu.urantiacos.cl\/en\/wp-json\/wp\/v2\/tags?post=7919"}],"curies":[{"name":"wp","href":"https:\/\/api.w.org\/{rel}","templated":true}]}}