{"id":7902,"date":"2020-11-10T17:37:00","date_gmt":"2020-11-10T20:37:00","guid":{"rendered":"https:\/\/fadeu.urantiacos.cl\/?p=7902"},"modified":"2023-09-09T17:39:24","modified_gmt":"2023-09-09T20:39:24","slug":"en-formato-virtual-se-realizara-la-la-47o-muestra-de-artesania-uc","status":"publish","type":"post","link":"https:\/\/fadeu.urantiacos.cl\/en\/2020\/11\/10\/en-formato-virtual-se-realizara-la-la-47o-muestra-de-artesania-uc\/","title":{"rendered":"En formato virtual se realizar\u00e1 la la 47\u00ba Muestra de Artesan\u00eda UC"},"content":{"rendered":"\n<figure class=\"wp-block-image size-full\"><img decoding=\"async\" width=\"350\" height=\"250\" src=\"https:\/\/fadeu.urantiacos.cl\/wp-content\/uploads\/2023\/09\/ARTESANIA_UC_WEB.png\" alt=\"\" class=\"wp-image-7903\" srcset=\"https:\/\/fadeu.urantiacos.cl\/wp-content\/uploads\/2023\/09\/ARTESANIA_UC_WEB.png 350w, https:\/\/fadeu.urantiacos.cl\/wp-content\/uploads\/2023\/09\/ARTESANIA_UC_WEB-300x214.png 300w\" sizes=\"(max-width: 350px) 100vw, 350px\" \/><\/figure>\n\n\n\n<p>Ni las distancias ni la geograf\u00eda detienen a este espacio de salvaguarda cultural que entre el 26 y 1 de diciembre, llega con la calidad y tradici\u00f3n, aunque ahora en&nbsp;formato virtual,&nbsp;que la caracteriza.<\/p>\n\n\n\n<p>47 a\u00f1os ininterrumpidos como punto de encuentro obligado para los artesanos y el p\u00fablico que disfruta de este patrimonio. La&nbsp;Muestra de Artesan\u00eda UC&nbsp;pone a disposici\u00f3n su tribuna para reconocer al universo artesanal nacional, esta vez de manera&nbsp;virtual&nbsp;y como plataforma de contenido y comercio en l\u00ednea.<\/p>\n\n\n\n<p>En tiempos de pandemia, la&nbsp;47 Muestra de Artesan\u00eda UC&nbsp;se adapta a las circunstancias y plantea una&nbsp;experiencia digital, donde se mantendr\u00e1 la cercan\u00eda con los artesanos a trav\u00e9s de distintos elementos, y con objetos hechos a mano \u00fanicos, seleccionados por la experta curator\u00eda del programa de&nbsp;Artesan\u00eda UC.<\/p>\n\n\n\n<p>En esta versi\u00f3n, la muestra reunir\u00e1 a&nbsp;m\u00e1s de 70 expositores&nbsp;que representan las tradiciones artesanas m\u00e1s arraigadas de Chile. Adem\u00e1s, en jornadas online se contemplan&nbsp;conversatorios con los artesanos, clases magistrales y presentaciones musicales.<\/p>\n\n\n\n<p>Una nueva forma de abordar esta cercan\u00eda con los artesanos, es a trav\u00e9s de una serie de podcast y listas musicales especialmente dise\u00f1ados para cautelar la experiencia de esta tradicional Muestra. Un despliegue que busca acercar los diferentes mundos sin perder su identidad,<br>relevando el trabajo colaborativo para llegar a los hogares de chilenos que ven en la artesan\u00eda, un trozo del quehacer local que aporta valor, preparando los regalos navide\u00f1os, pero con sentido.<\/p>\n\n\n\n<p>Como cada a\u00f1o, esta Muestra es organizada por el&nbsp;Programa de Artesan\u00eda UC&nbsp;de la&nbsp;Escuela de Dise\u00f1o&nbsp;y cuenta con el auspicio de&nbsp;INDAP, y el apoyo del Ministerio de las Culturas, las Artes y el Patrimonio.<\/p>\n\n\n\n<p>Del 26 de noviembre al 1 de diciembre<br><a href=\"http:\/\/www.artesania.uc.cl\/\">www.artesania.uc.cl<\/a><\/p>\n","protected":false},"excerpt":{"rendered":"<p>Cester\u00eda, madera, alfarer\u00eda son algunos de los oficios que se podr\u00e1n encontrar en la 47 Muestra de Artesan\u00eda UC, del 26 de noviembre hasta el 1 de diciembre y que este a\u00f1o se reinventa virtualmente, ajust\u00e1ndose a la nueva realidad, permitiendo al p\u00fablico poder adquirir piezas desde casa y asistir a las charlas, conversatorios y actividades de difusi\u00f3n propias de este encuentro.<\/p>\n","protected":false},"author":1,"featured_media":7903,"comment_status":"open","ping_status":"open","sticky":false,"template":"","format":"standard","meta":{"_acf_changed":false,"footnotes":""},"categories":[1],"tags":[],"class_list":["post-7902","post","type-post","status-publish","format-standard","has-post-thumbnail","hentry","category-sin-categorizar"],"acf":[],"yoast_head":"<!-- This site is optimized with the Yoast SEO plugin v27.1.1 - https:\/\/yoast.com\/product\/yoast-seo-wordpress\/ -->\n<title>En formato virtual se realizar\u00e1 la la 47\u00ba Muestra de Artesan\u00eda UC - Facultad de Arquitectura, Dise\u00f1o y Estudios Urbanos<\/title>\n<meta name=\"description\" content=\"Cester\u00eda, madera, alfarer\u00eda son algunos de los oficios que se podr\u00e1n encontrar en la 47 Muestra de Artesan\u00eda UC, del 26 de noviembre hasta el 1 de diciembre y que este a\u00f1o se reinventa virtualmente, ajust\u00e1ndose a la nueva realidad, permitiendo al p\u00fablico poder adquirir piezas desde casa y asistir a las charlas, conversatorios y actividades de difusi\u00f3n propias de este encuentro.\" \/>\n<meta name=\"robots\" content=\"index, follow, max-snippet:-1, max-image-preview:large, max-video-preview:-1\" \/>\n<link rel=\"canonical\" href=\"https:\/\/fadeu.urantiacos.cl\/en\/2020\/11\/10\/en-formato-virtual-se-realizara-la-la-47o-muestra-de-artesania-uc\/\" \/>\n<meta property=\"og:locale\" content=\"en_US\" \/>\n<meta property=\"og:type\" content=\"article\" \/>\n<meta property=\"og:title\" content=\"En formato virtual se realizar\u00e1 la la 47\u00ba Muestra de Artesan\u00eda UC - Facultad de Arquitectura, Dise\u00f1o y Estudios Urbanos\" \/>\n<meta property=\"og:description\" content=\"Cester\u00eda, madera, alfarer\u00eda son algunos de los oficios que se podr\u00e1n encontrar en la 47 Muestra de Artesan\u00eda UC, del 26 de noviembre hasta el 1 de diciembre y que este a\u00f1o se reinventa virtualmente, ajust\u00e1ndose a la nueva realidad, permitiendo al p\u00fablico poder adquirir piezas desde casa y asistir a las charlas, conversatorios y actividades de difusi\u00f3n propias de este encuentro.\" \/>\n<meta property=\"og:url\" content=\"https:\/\/fadeu.urantiacos.cl\/en\/2020\/11\/10\/en-formato-virtual-se-realizara-la-la-47o-muestra-de-artesania-uc\/\" \/>\n<meta property=\"og:site_name\" content=\"Facultad de Arquitectura, Dise\u00f1o y Estudios Urbanos\" \/>\n<meta property=\"article:published_time\" content=\"2020-11-10T20:37:00+00:00\" \/>\n<meta property=\"article:modified_time\" content=\"2023-09-09T20:39:24+00:00\" \/>\n<meta property=\"og:image\" content=\"https:\/\/fadeu.urantiacos.cl\/wp-content\/uploads\/2023\/09\/ARTESANIA_UC_WEB.png\" \/>\n\t<meta property=\"og:image:width\" content=\"350\" \/>\n\t<meta property=\"og:image:height\" content=\"250\" \/>\n\t<meta property=\"og:image:type\" content=\"image\/png\" \/>\n<meta name=\"author\" content=\"manadmin\" \/>\n<meta name=\"twitter:card\" content=\"summary_large_image\" \/>\n<meta name=\"twitter:label1\" content=\"Written by\" \/>\n\t<meta name=\"twitter:data1\" content=\"manadmin\" \/>\n\t<meta name=\"twitter:label2\" content=\"Est. reading time\" \/>\n\t<meta name=\"twitter:data2\" content=\"2 minutes\" \/>\n<script type=\"application\/ld+json\" class=\"yoast-schema-graph\">{\"@context\":\"https:\/\/schema.org\",\"@graph\":[{\"@type\":\"Article\",\"@id\":\"https:\/\/fadeu.urantiacos.cl\/en\/2020\/11\/10\/en-formato-virtual-se-realizara-la-la-47o-muestra-de-artesania-uc\/#article\",\"isPartOf\":{\"@id\":\"https:\/\/fadeu.urantiacos.cl\/en\/2020\/11\/10\/en-formato-virtual-se-realizara-la-la-47o-muestra-de-artesania-uc\/\"},\"author\":{\"name\":\"manadmin\",\"@id\":\"https:\/\/fadeu.urantiacos.cl\/en\/#\/schema\/person\/d203e2e84b1c40275eac77b3061a19a2\"},\"headline\":\"En formato virtual se realizar\u00e1 la la 47\u00ba Muestra de Artesan\u00eda UC\",\"datePublished\":\"2020-11-10T20:37:00+00:00\",\"dateModified\":\"2023-09-09T20:39:24+00:00\",\"mainEntityOfPage\":{\"@id\":\"https:\/\/fadeu.urantiacos.cl\/en\/2020\/11\/10\/en-formato-virtual-se-realizara-la-la-47o-muestra-de-artesania-uc\/\"},\"wordCount\":340,\"commentCount\":0,\"image\":{\"@id\":\"https:\/\/fadeu.urantiacos.cl\/en\/2020\/11\/10\/en-formato-virtual-se-realizara-la-la-47o-muestra-de-artesania-uc\/#primaryimage\"},\"thumbnailUrl\":\"https:\/\/fadeu.urantiacos.cl\/wp-content\/uploads\/2023\/09\/ARTESANIA_UC_WEB.png\",\"articleSection\":[\"Sin categorizar\"],\"inLanguage\":\"en-US\",\"potentialAction\":[{\"@type\":\"CommentAction\",\"name\":\"Comment\",\"target\":[\"https:\/\/fadeu.urantiacos.cl\/en\/2020\/11\/10\/en-formato-virtual-se-realizara-la-la-47o-muestra-de-artesania-uc\/#respond\"]}]},{\"@type\":\"WebPage\",\"@id\":\"https:\/\/fadeu.urantiacos.cl\/en\/2020\/11\/10\/en-formato-virtual-se-realizara-la-la-47o-muestra-de-artesania-uc\/\",\"url\":\"https:\/\/fadeu.urantiacos.cl\/en\/2020\/11\/10\/en-formato-virtual-se-realizara-la-la-47o-muestra-de-artesania-uc\/\",\"name\":\"En formato virtual se realizar\u00e1 la la 47\u00ba Muestra de Artesan\u00eda UC - Facultad de Arquitectura, Dise\u00f1o y Estudios Urbanos\",\"isPartOf\":{\"@id\":\"https:\/\/fadeu.urantiacos.cl\/en\/#website\"},\"primaryImageOfPage\":{\"@id\":\"https:\/\/fadeu.urantiacos.cl\/en\/2020\/11\/10\/en-formato-virtual-se-realizara-la-la-47o-muestra-de-artesania-uc\/#primaryimage\"},\"image\":{\"@id\":\"https:\/\/fadeu.urantiacos.cl\/en\/2020\/11\/10\/en-formato-virtual-se-realizara-la-la-47o-muestra-de-artesania-uc\/#primaryimage\"},\"thumbnailUrl\":\"https:\/\/fadeu.urantiacos.cl\/wp-content\/uploads\/2023\/09\/ARTESANIA_UC_WEB.png\",\"datePublished\":\"2020-11-10T20:37:00+00:00\",\"dateModified\":\"2023-09-09T20:39:24+00:00\",\"author\":{\"@id\":\"https:\/\/fadeu.urantiacos.cl\/en\/#\/schema\/person\/d203e2e84b1c40275eac77b3061a19a2\"},\"description\":\"Cester\u00eda, madera, alfarer\u00eda son algunos de los oficios que se podr\u00e1n encontrar en la 47 Muestra de Artesan\u00eda UC, del 26 de noviembre hasta el 1 de diciembre y que este a\u00f1o se reinventa virtualmente, ajust\u00e1ndose a la nueva realidad, permitiendo al p\u00fablico poder adquirir piezas desde casa y asistir a las charlas, conversatorios y actividades de difusi\u00f3n propias de este encuentro.\",\"breadcrumb\":{\"@id\":\"https:\/\/fadeu.urantiacos.cl\/en\/2020\/11\/10\/en-formato-virtual-se-realizara-la-la-47o-muestra-de-artesania-uc\/#breadcrumb\"},\"inLanguage\":\"en-US\",\"potentialAction\":[{\"@type\":\"ReadAction\",\"target\":[\"https:\/\/fadeu.urantiacos.cl\/en\/2020\/11\/10\/en-formato-virtual-se-realizara-la-la-47o-muestra-de-artesania-uc\/\"]}]},{\"@type\":\"ImageObject\",\"inLanguage\":\"en-US\",\"@id\":\"https:\/\/fadeu.urantiacos.cl\/en\/2020\/11\/10\/en-formato-virtual-se-realizara-la-la-47o-muestra-de-artesania-uc\/#primaryimage\",\"url\":\"https:\/\/fadeu.urantiacos.cl\/wp-content\/uploads\/2023\/09\/ARTESANIA_UC_WEB.png\",\"contentUrl\":\"https:\/\/fadeu.urantiacos.cl\/wp-content\/uploads\/2023\/09\/ARTESANIA_UC_WEB.png\",\"width\":350,\"height\":250},{\"@type\":\"BreadcrumbList\",\"@id\":\"https:\/\/fadeu.urantiacos.cl\/en\/2020\/11\/10\/en-formato-virtual-se-realizara-la-la-47o-muestra-de-artesania-uc\/#breadcrumb\",\"itemListElement\":[{\"@type\":\"ListItem\",\"position\":1,\"name\":\"Portada\",\"item\":\"https:\/\/fadeu.urantiacos.cl\/en\/\"},{\"@type\":\"ListItem\",\"position\":2,\"name\":\"En formato virtual se realizar\u00e1 la la 47\u00ba Muestra de Artesan\u00eda UC\"}]},{\"@type\":\"WebSite\",\"@id\":\"https:\/\/fadeu.urantiacos.cl\/en\/#website\",\"url\":\"https:\/\/fadeu.urantiacos.cl\/en\/\",\"name\":\"Facultad de Arquitectura, Dise\u00f1o y Estudios Urbanos\",\"description\":\"Campus Lo Contador\",\"potentialAction\":[{\"@type\":\"SearchAction\",\"target\":{\"@type\":\"EntryPoint\",\"urlTemplate\":\"https:\/\/fadeu.urantiacos.cl\/en\/?s={search_term_string}\"},\"query-input\":{\"@type\":\"PropertyValueSpecification\",\"valueRequired\":true,\"valueName\":\"search_term_string\"}}],\"inLanguage\":\"en-US\"},{\"@type\":\"Person\",\"@id\":\"https:\/\/fadeu.urantiacos.cl\/en\/#\/schema\/person\/d203e2e84b1c40275eac77b3061a19a2\",\"name\":\"manadmin\",\"image\":{\"@type\":\"ImageObject\",\"inLanguage\":\"en-US\",\"@id\":\"https:\/\/fadeu.urantiacos.cl\/en\/#\/schema\/person\/image\/\",\"url\":\"https:\/\/secure.gravatar.com\/avatar\/4b1d8e3303b4a9d8968ac578947d8bc80d9aea359f388cdd4aac15cadc0e8447?s=96&d=mm&r=g\",\"contentUrl\":\"https:\/\/secure.gravatar.com\/avatar\/4b1d8e3303b4a9d8968ac578947d8bc80d9aea359f388cdd4aac15cadc0e8447?s=96&d=mm&r=g\",\"caption\":\"manadmin\"},\"sameAs\":[\"https:\/\/fadeu.urantiacos.cl\"]}]}<\/script>\n<!-- \/ Yoast SEO plugin. -->","yoast_head_json":{"title":"En formato virtual se realizar\u00e1 la la 47\u00ba Muestra de Artesan\u00eda UC - Facultad de Arquitectura, Dise\u00f1o y Estudios Urbanos","description":"Cester\u00eda, madera, alfarer\u00eda son algunos de los oficios que se podr\u00e1n encontrar en la 47 Muestra de Artesan\u00eda UC, del 26 de noviembre hasta el 1 de diciembre y que este a\u00f1o se reinventa virtualmente, ajust\u00e1ndose a la nueva realidad, permitiendo al p\u00fablico poder adquirir piezas desde casa y asistir a las charlas, conversatorios y actividades de difusi\u00f3n propias de este encuentro.","robots":{"index":"index","follow":"follow","max-snippet":"max-snippet:-1","max-image-preview":"max-image-preview:large","max-video-preview":"max-video-preview:-1"},"canonical":"https:\/\/fadeu.urantiacos.cl\/en\/2020\/11\/10\/en-formato-virtual-se-realizara-la-la-47o-muestra-de-artesania-uc\/","og_locale":"en_US","og_type":"article","og_title":"En formato virtual se realizar\u00e1 la la 47\u00ba Muestra de Artesan\u00eda UC - Facultad de Arquitectura, Dise\u00f1o y Estudios Urbanos","og_description":"Cester\u00eda, madera, alfarer\u00eda son algunos de los oficios que se podr\u00e1n encontrar en la 47 Muestra de Artesan\u00eda UC, del 26 de noviembre hasta el 1 de diciembre y que este a\u00f1o se reinventa virtualmente, ajust\u00e1ndose a la nueva realidad, permitiendo al p\u00fablico poder adquirir piezas desde casa y asistir a las charlas, conversatorios y actividades de difusi\u00f3n propias de este encuentro.","og_url":"https:\/\/fadeu.urantiacos.cl\/en\/2020\/11\/10\/en-formato-virtual-se-realizara-la-la-47o-muestra-de-artesania-uc\/","og_site_name":"Facultad de Arquitectura, Dise\u00f1o y Estudios Urbanos","article_published_time":"2020-11-10T20:37:00+00:00","article_modified_time":"2023-09-09T20:39:24+00:00","og_image":[{"width":350,"height":250,"url":"https:\/\/fadeu.urantiacos.cl\/wp-content\/uploads\/2023\/09\/ARTESANIA_UC_WEB.png","type":"image\/png"}],"author":"manadmin","twitter_card":"summary_large_image","twitter_misc":{"Written by":"manadmin","Est. reading time":"2 minutes"},"schema":{"@context":"https:\/\/schema.org","@graph":[{"@type":"Article","@id":"https:\/\/fadeu.urantiacos.cl\/en\/2020\/11\/10\/en-formato-virtual-se-realizara-la-la-47o-muestra-de-artesania-uc\/#article","isPartOf":{"@id":"https:\/\/fadeu.urantiacos.cl\/en\/2020\/11\/10\/en-formato-virtual-se-realizara-la-la-47o-muestra-de-artesania-uc\/"},"author":{"name":"manadmin","@id":"https:\/\/fadeu.urantiacos.cl\/en\/#\/schema\/person\/d203e2e84b1c40275eac77b3061a19a2"},"headline":"En formato virtual se realizar\u00e1 la la 47\u00ba Muestra de Artesan\u00eda UC","datePublished":"2020-11-10T20:37:00+00:00","dateModified":"2023-09-09T20:39:24+00:00","mainEntityOfPage":{"@id":"https:\/\/fadeu.urantiacos.cl\/en\/2020\/11\/10\/en-formato-virtual-se-realizara-la-la-47o-muestra-de-artesania-uc\/"},"wordCount":340,"commentCount":0,"image":{"@id":"https:\/\/fadeu.urantiacos.cl\/en\/2020\/11\/10\/en-formato-virtual-se-realizara-la-la-47o-muestra-de-artesania-uc\/#primaryimage"},"thumbnailUrl":"https:\/\/fadeu.urantiacos.cl\/wp-content\/uploads\/2023\/09\/ARTESANIA_UC_WEB.png","articleSection":["Sin categorizar"],"inLanguage":"en-US","potentialAction":[{"@type":"CommentAction","name":"Comment","target":["https:\/\/fadeu.urantiacos.cl\/en\/2020\/11\/10\/en-formato-virtual-se-realizara-la-la-47o-muestra-de-artesania-uc\/#respond"]}]},{"@type":"WebPage","@id":"https:\/\/fadeu.urantiacos.cl\/en\/2020\/11\/10\/en-formato-virtual-se-realizara-la-la-47o-muestra-de-artesania-uc\/","url":"https:\/\/fadeu.urantiacos.cl\/en\/2020\/11\/10\/en-formato-virtual-se-realizara-la-la-47o-muestra-de-artesania-uc\/","name":"En formato virtual se realizar\u00e1 la la 47\u00ba Muestra de Artesan\u00eda UC - Facultad de Arquitectura, Dise\u00f1o y Estudios Urbanos","isPartOf":{"@id":"https:\/\/fadeu.urantiacos.cl\/en\/#website"},"primaryImageOfPage":{"@id":"https:\/\/fadeu.urantiacos.cl\/en\/2020\/11\/10\/en-formato-virtual-se-realizara-la-la-47o-muestra-de-artesania-uc\/#primaryimage"},"image":{"@id":"https:\/\/fadeu.urantiacos.cl\/en\/2020\/11\/10\/en-formato-virtual-se-realizara-la-la-47o-muestra-de-artesania-uc\/#primaryimage"},"thumbnailUrl":"https:\/\/fadeu.urantiacos.cl\/wp-content\/uploads\/2023\/09\/ARTESANIA_UC_WEB.png","datePublished":"2020-11-10T20:37:00+00:00","dateModified":"2023-09-09T20:39:24+00:00","author":{"@id":"https:\/\/fadeu.urantiacos.cl\/en\/#\/schema\/person\/d203e2e84b1c40275eac77b3061a19a2"},"description":"Cester\u00eda, madera, alfarer\u00eda son algunos de los oficios que se podr\u00e1n encontrar en la 47 Muestra de Artesan\u00eda UC, del 26 de noviembre hasta el 1 de diciembre y que este a\u00f1o se reinventa virtualmente, ajust\u00e1ndose a la nueva realidad, permitiendo al p\u00fablico poder adquirir piezas desde casa y asistir a las charlas, conversatorios y actividades de difusi\u00f3n propias de este encuentro.","breadcrumb":{"@id":"https:\/\/fadeu.urantiacos.cl\/en\/2020\/11\/10\/en-formato-virtual-se-realizara-la-la-47o-muestra-de-artesania-uc\/#breadcrumb"},"inLanguage":"en-US","potentialAction":[{"@type":"ReadAction","target":["https:\/\/fadeu.urantiacos.cl\/en\/2020\/11\/10\/en-formato-virtual-se-realizara-la-la-47o-muestra-de-artesania-uc\/"]}]},{"@type":"ImageObject","inLanguage":"en-US","@id":"https:\/\/fadeu.urantiacos.cl\/en\/2020\/11\/10\/en-formato-virtual-se-realizara-la-la-47o-muestra-de-artesania-uc\/#primaryimage","url":"https:\/\/fadeu.urantiacos.cl\/wp-content\/uploads\/2023\/09\/ARTESANIA_UC_WEB.png","contentUrl":"https:\/\/fadeu.urantiacos.cl\/wp-content\/uploads\/2023\/09\/ARTESANIA_UC_WEB.png","width":350,"height":250},{"@type":"BreadcrumbList","@id":"https:\/\/fadeu.urantiacos.cl\/en\/2020\/11\/10\/en-formato-virtual-se-realizara-la-la-47o-muestra-de-artesania-uc\/#breadcrumb","itemListElement":[{"@type":"ListItem","position":1,"name":"Portada","item":"https:\/\/fadeu.urantiacos.cl\/en\/"},{"@type":"ListItem","position":2,"name":"En formato virtual se realizar\u00e1 la la 47\u00ba Muestra de Artesan\u00eda UC"}]},{"@type":"WebSite","@id":"https:\/\/fadeu.urantiacos.cl\/en\/#website","url":"https:\/\/fadeu.urantiacos.cl\/en\/","name":"Facultad de Arquitectura, Dise\u00f1o y Estudios Urbanos","description":"Campus Lo Contador","potentialAction":[{"@type":"SearchAction","target":{"@type":"EntryPoint","urlTemplate":"https:\/\/fadeu.urantiacos.cl\/en\/?s={search_term_string}"},"query-input":{"@type":"PropertyValueSpecification","valueRequired":true,"valueName":"search_term_string"}}],"inLanguage":"en-US"},{"@type":"Person","@id":"https:\/\/fadeu.urantiacos.cl\/en\/#\/schema\/person\/d203e2e84b1c40275eac77b3061a19a2","name":"manadmin","image":{"@type":"ImageObject","inLanguage":"en-US","@id":"https:\/\/fadeu.urantiacos.cl\/en\/#\/schema\/person\/image\/","url":"https:\/\/secure.gravatar.com\/avatar\/4b1d8e3303b4a9d8968ac578947d8bc80d9aea359f388cdd4aac15cadc0e8447?s=96&d=mm&r=g","contentUrl":"https:\/\/secure.gravatar.com\/avatar\/4b1d8e3303b4a9d8968ac578947d8bc80d9aea359f388cdd4aac15cadc0e8447?s=96&d=mm&r=g","caption":"manadmin"},"sameAs":["https:\/\/fadeu.urantiacos.cl"]}]}},"_links":{"self":[{"href":"https:\/\/fadeu.urantiacos.cl\/en\/wp-json\/wp\/v2\/posts\/7902","targetHints":{"allow":["GET"]}}],"collection":[{"href":"https:\/\/fadeu.urantiacos.cl\/en\/wp-json\/wp\/v2\/posts"}],"about":[{"href":"https:\/\/fadeu.urantiacos.cl\/en\/wp-json\/wp\/v2\/types\/post"}],"author":[{"embeddable":true,"href":"https:\/\/fadeu.urantiacos.cl\/en\/wp-json\/wp\/v2\/users\/1"}],"replies":[{"embeddable":true,"href":"https:\/\/fadeu.urantiacos.cl\/en\/wp-json\/wp\/v2\/comments?post=7902"}],"version-history":[{"count":1,"href":"https:\/\/fadeu.urantiacos.cl\/en\/wp-json\/wp\/v2\/posts\/7902\/revisions"}],"predecessor-version":[{"id":7904,"href":"https:\/\/fadeu.urantiacos.cl\/en\/wp-json\/wp\/v2\/posts\/7902\/revisions\/7904"}],"wp:featuredmedia":[{"embeddable":true,"href":"https:\/\/fadeu.urantiacos.cl\/en\/wp-json\/wp\/v2\/media\/7903"}],"wp:attachment":[{"href":"https:\/\/fadeu.urantiacos.cl\/en\/wp-json\/wp\/v2\/media?parent=7902"}],"wp:term":[{"taxonomy":"category","embeddable":true,"href":"https:\/\/fadeu.urantiacos.cl\/en\/wp-json\/wp\/v2\/categories?post=7902"},{"taxonomy":"post_tag","embeddable":true,"href":"https:\/\/fadeu.urantiacos.cl\/en\/wp-json\/wp\/v2\/tags?post=7902"}],"curies":[{"name":"wp","href":"https:\/\/api.w.org\/{rel}","templated":true}]}}