{"id":7899,"date":"2020-11-10T17:35:00","date_gmt":"2020-11-10T20:35:00","guid":{"rendered":"https:\/\/fadeu.urantiacos.cl\/?p=7899"},"modified":"2023-09-09T17:37:45","modified_gmt":"2023-09-09T20:37:45","slug":"soledad-hoces-de-la-guardia-participa-en-simposio-textile-society-of-america","status":"publish","type":"post","link":"https:\/\/fadeu.urantiacos.cl\/en\/2020\/11\/10\/soledad-hoces-de-la-guardia-participa-en-simposio-textile-society-of-america\/","title":{"rendered":"Soledad Hoces de la Guardia participa en Simposio Textile Society of Am\u00e9rica"},"content":{"rendered":"\n<figure class=\"wp-block-image size-full\"><img decoding=\"async\" width=\"350\" height=\"250\" src=\"https:\/\/fadeu.urantiacos.cl\/wp-content\/uploads\/2023\/09\/Inkuna-Rogelia_WEB.jpg\" alt=\"\" class=\"wp-image-7900\" srcset=\"https:\/\/fadeu.urantiacos.cl\/wp-content\/uploads\/2023\/09\/Inkuna-Rogelia_WEB.jpg 350w, https:\/\/fadeu.urantiacos.cl\/wp-content\/uploads\/2023\/09\/Inkuna-Rogelia_WEB-300x214.jpg 300w\" sizes=\"(max-width: 350px) 100vw, 350px\" \/><\/figure>\n\n\n\n<p>Memoria Textil&nbsp;tiene como punto de partida la investigaci\u00f3n del proyecto Fondart en el cual participaron las acad\u00e9micas UC,&nbsp;Gabriela Far\u00edas&nbsp;y&nbsp;Soledad Hoces de la Guardia&nbsp;y que busc\u00f3 reactivar pr\u00e1cticas de tejidos ancestrales que estaban en dominio de algunas pocas tejedoras maestras.<\/p>\n\n\n\n<p>En la&nbsp;17th&nbsp;Bienal Symposium del TSA, Textile Society of America,&nbsp;Hidden Stories Human Lives, se busc\u00f3 relevar aquellos relatos de la historia textil olvidada u oculta a trav\u00e9s de las voces de diferentes actores de la red textil en todo el mundo. Entregando con ello visibilidad a objetos, hacedores, pueblos, sistemas y sociedades que se configuran en torno a la fabricaci\u00f3n de \u00e9ste.<\/p>\n\n\n\n<p>INFORMACI\u00d3N PERIOD\u00cdSTICA<br>ESCUELA DE DISE\u00d1O UC<\/p>\n","protected":false},"excerpt":{"rendered":"<p>En el marco del 17th Bienal Symposium del TSA, Textile Society of America, Hidden Stories Human Lives con sede en Boston, la profesora Soledad Hoces de la Guardia, quien es miembro de dicha organizaci\u00f3n, expuso en la sesi\u00f3n 3A Dialogues between Archaeological, Historical, and Contemporary Textiles in the Andes su ponencia Memoria Textil en Colchane. Tejedoras revitalizando la tradici\u00f3n Aymara.<\/p>\n","protected":false},"author":1,"featured_media":7900,"comment_status":"open","ping_status":"open","sticky":false,"template":"","format":"standard","meta":{"_acf_changed":false,"footnotes":""},"categories":[1],"tags":[],"class_list":["post-7899","post","type-post","status-publish","format-standard","has-post-thumbnail","hentry","category-sin-categorizar"],"acf":[],"yoast_head":"<!-- This site is optimized with the Yoast SEO plugin v27.1.1 - https:\/\/yoast.com\/product\/yoast-seo-wordpress\/ -->\n<title>Soledad Hoces de la Guardia participa en Simposio Textile Society of Am\u00e9rica - Facultad de Arquitectura, Dise\u00f1o y Estudios Urbanos<\/title>\n<meta name=\"description\" content=\"En el marco del 17th Bienal Symposium del TSA, Textile Society of America, Hidden Stories Human Lives con sede en Boston, la profesora Soledad Hoces de la Guardia, quien es miembro de dicha organizaci\u00f3n, expuso en la sesi\u00f3n 3A Dialogues between Archaeological, Historical, and Contemporary Textiles in the Andes su ponencia Memoria Textil en Colchane. Tejedoras revitalizando la tradici\u00f3n Aymara.\" \/>\n<meta name=\"robots\" content=\"index, follow, max-snippet:-1, max-image-preview:large, max-video-preview:-1\" \/>\n<link rel=\"canonical\" href=\"https:\/\/fadeu.urantiacos.cl\/en\/2020\/11\/10\/soledad-hoces-de-la-guardia-participa-en-simposio-textile-society-of-america\/\" \/>\n<meta property=\"og:locale\" content=\"en_US\" \/>\n<meta property=\"og:type\" content=\"article\" \/>\n<meta property=\"og:title\" content=\"Soledad Hoces de la Guardia participa en Simposio Textile Society of Am\u00e9rica - Facultad de Arquitectura, Dise\u00f1o y Estudios Urbanos\" \/>\n<meta property=\"og:description\" content=\"En el marco del 17th Bienal Symposium del TSA, Textile Society of America, Hidden Stories Human Lives con sede en Boston, la profesora Soledad Hoces de la Guardia, quien es miembro de dicha organizaci\u00f3n, expuso en la sesi\u00f3n 3A Dialogues between Archaeological, Historical, and Contemporary Textiles in the Andes su ponencia Memoria Textil en Colchane. Tejedoras revitalizando la tradici\u00f3n Aymara.\" \/>\n<meta property=\"og:url\" content=\"https:\/\/fadeu.urantiacos.cl\/en\/2020\/11\/10\/soledad-hoces-de-la-guardia-participa-en-simposio-textile-society-of-america\/\" \/>\n<meta property=\"og:site_name\" content=\"Facultad de Arquitectura, Dise\u00f1o y Estudios Urbanos\" \/>\n<meta property=\"article:published_time\" content=\"2020-11-10T20:35:00+00:00\" \/>\n<meta property=\"article:modified_time\" content=\"2023-09-09T20:37:45+00:00\" \/>\n<meta property=\"og:image\" content=\"https:\/\/fadeu.urantiacos.cl\/wp-content\/uploads\/2023\/09\/Inkuna-Rogelia_WEB.jpg\" \/>\n\t<meta property=\"og:image:width\" content=\"350\" \/>\n\t<meta property=\"og:image:height\" content=\"250\" \/>\n\t<meta property=\"og:image:type\" content=\"image\/jpeg\" \/>\n<meta name=\"author\" content=\"manadmin\" \/>\n<meta name=\"twitter:card\" content=\"summary_large_image\" \/>\n<meta name=\"twitter:label1\" content=\"Written by\" \/>\n\t<meta name=\"twitter:data1\" content=\"manadmin\" \/>\n\t<meta name=\"twitter:label2\" content=\"Est. reading time\" \/>\n\t<meta name=\"twitter:data2\" content=\"1 minute\" \/>\n<script type=\"application\/ld+json\" class=\"yoast-schema-graph\">{\"@context\":\"https:\/\/schema.org\",\"@graph\":[{\"@type\":\"Article\",\"@id\":\"https:\/\/fadeu.urantiacos.cl\/en\/2020\/11\/10\/soledad-hoces-de-la-guardia-participa-en-simposio-textile-society-of-america\/#article\",\"isPartOf\":{\"@id\":\"https:\/\/fadeu.urantiacos.cl\/en\/2020\/11\/10\/soledad-hoces-de-la-guardia-participa-en-simposio-textile-society-of-america\/\"},\"author\":{\"name\":\"manadmin\",\"@id\":\"https:\/\/fadeu.urantiacos.cl\/en\/#\/schema\/person\/d203e2e84b1c40275eac77b3061a19a2\"},\"headline\":\"Soledad Hoces de la Guardia participa en Simposio Textile Society of Am\u00e9rica\",\"datePublished\":\"2020-11-10T20:35:00+00:00\",\"dateModified\":\"2023-09-09T20:37:45+00:00\",\"mainEntityOfPage\":{\"@id\":\"https:\/\/fadeu.urantiacos.cl\/en\/2020\/11\/10\/soledad-hoces-de-la-guardia-participa-en-simposio-textile-society-of-america\/\"},\"wordCount\":143,\"commentCount\":0,\"image\":{\"@id\":\"https:\/\/fadeu.urantiacos.cl\/en\/2020\/11\/10\/soledad-hoces-de-la-guardia-participa-en-simposio-textile-society-of-america\/#primaryimage\"},\"thumbnailUrl\":\"https:\/\/fadeu.urantiacos.cl\/wp-content\/uploads\/2023\/09\/Inkuna-Rogelia_WEB.jpg\",\"articleSection\":[\"Sin categorizar\"],\"inLanguage\":\"en-US\",\"potentialAction\":[{\"@type\":\"CommentAction\",\"name\":\"Comment\",\"target\":[\"https:\/\/fadeu.urantiacos.cl\/en\/2020\/11\/10\/soledad-hoces-de-la-guardia-participa-en-simposio-textile-society-of-america\/#respond\"]}]},{\"@type\":\"WebPage\",\"@id\":\"https:\/\/fadeu.urantiacos.cl\/en\/2020\/11\/10\/soledad-hoces-de-la-guardia-participa-en-simposio-textile-society-of-america\/\",\"url\":\"https:\/\/fadeu.urantiacos.cl\/en\/2020\/11\/10\/soledad-hoces-de-la-guardia-participa-en-simposio-textile-society-of-america\/\",\"name\":\"Soledad Hoces de la Guardia participa en Simposio Textile Society of Am\u00e9rica - Facultad de Arquitectura, Dise\u00f1o y Estudios Urbanos\",\"isPartOf\":{\"@id\":\"https:\/\/fadeu.urantiacos.cl\/en\/#website\"},\"primaryImageOfPage\":{\"@id\":\"https:\/\/fadeu.urantiacos.cl\/en\/2020\/11\/10\/soledad-hoces-de-la-guardia-participa-en-simposio-textile-society-of-america\/#primaryimage\"},\"image\":{\"@id\":\"https:\/\/fadeu.urantiacos.cl\/en\/2020\/11\/10\/soledad-hoces-de-la-guardia-participa-en-simposio-textile-society-of-america\/#primaryimage\"},\"thumbnailUrl\":\"https:\/\/fadeu.urantiacos.cl\/wp-content\/uploads\/2023\/09\/Inkuna-Rogelia_WEB.jpg\",\"datePublished\":\"2020-11-10T20:35:00+00:00\",\"dateModified\":\"2023-09-09T20:37:45+00:00\",\"author\":{\"@id\":\"https:\/\/fadeu.urantiacos.cl\/en\/#\/schema\/person\/d203e2e84b1c40275eac77b3061a19a2\"},\"description\":\"En el marco del 17th Bienal Symposium del TSA, Textile Society of America, Hidden Stories Human Lives con sede en Boston, la profesora Soledad Hoces de la Guardia, quien es miembro de dicha organizaci\u00f3n, expuso en la sesi\u00f3n 3A Dialogues between Archaeological, Historical, and Contemporary Textiles in the Andes su ponencia Memoria Textil en Colchane. Tejedoras revitalizando la tradici\u00f3n Aymara.\",\"breadcrumb\":{\"@id\":\"https:\/\/fadeu.urantiacos.cl\/en\/2020\/11\/10\/soledad-hoces-de-la-guardia-participa-en-simposio-textile-society-of-america\/#breadcrumb\"},\"inLanguage\":\"en-US\",\"potentialAction\":[{\"@type\":\"ReadAction\",\"target\":[\"https:\/\/fadeu.urantiacos.cl\/en\/2020\/11\/10\/soledad-hoces-de-la-guardia-participa-en-simposio-textile-society-of-america\/\"]}]},{\"@type\":\"ImageObject\",\"inLanguage\":\"en-US\",\"@id\":\"https:\/\/fadeu.urantiacos.cl\/en\/2020\/11\/10\/soledad-hoces-de-la-guardia-participa-en-simposio-textile-society-of-america\/#primaryimage\",\"url\":\"https:\/\/fadeu.urantiacos.cl\/wp-content\/uploads\/2023\/09\/Inkuna-Rogelia_WEB.jpg\",\"contentUrl\":\"https:\/\/fadeu.urantiacos.cl\/wp-content\/uploads\/2023\/09\/Inkuna-Rogelia_WEB.jpg\",\"width\":350,\"height\":250},{\"@type\":\"BreadcrumbList\",\"@id\":\"https:\/\/fadeu.urantiacos.cl\/en\/2020\/11\/10\/soledad-hoces-de-la-guardia-participa-en-simposio-textile-society-of-america\/#breadcrumb\",\"itemListElement\":[{\"@type\":\"ListItem\",\"position\":1,\"name\":\"Portada\",\"item\":\"https:\/\/fadeu.urantiacos.cl\/en\/\"},{\"@type\":\"ListItem\",\"position\":2,\"name\":\"Soledad Hoces de la Guardia participa en Simposio Textile Society of Am\u00e9rica\"}]},{\"@type\":\"WebSite\",\"@id\":\"https:\/\/fadeu.urantiacos.cl\/en\/#website\",\"url\":\"https:\/\/fadeu.urantiacos.cl\/en\/\",\"name\":\"Facultad de Arquitectura, Dise\u00f1o y Estudios Urbanos\",\"description\":\"Campus Lo Contador\",\"potentialAction\":[{\"@type\":\"SearchAction\",\"target\":{\"@type\":\"EntryPoint\",\"urlTemplate\":\"https:\/\/fadeu.urantiacos.cl\/en\/?s={search_term_string}\"},\"query-input\":{\"@type\":\"PropertyValueSpecification\",\"valueRequired\":true,\"valueName\":\"search_term_string\"}}],\"inLanguage\":\"en-US\"},{\"@type\":\"Person\",\"@id\":\"https:\/\/fadeu.urantiacos.cl\/en\/#\/schema\/person\/d203e2e84b1c40275eac77b3061a19a2\",\"name\":\"manadmin\",\"image\":{\"@type\":\"ImageObject\",\"inLanguage\":\"en-US\",\"@id\":\"https:\/\/fadeu.urantiacos.cl\/en\/#\/schema\/person\/image\/\",\"url\":\"https:\/\/secure.gravatar.com\/avatar\/4b1d8e3303b4a9d8968ac578947d8bc80d9aea359f388cdd4aac15cadc0e8447?s=96&d=mm&r=g\",\"contentUrl\":\"https:\/\/secure.gravatar.com\/avatar\/4b1d8e3303b4a9d8968ac578947d8bc80d9aea359f388cdd4aac15cadc0e8447?s=96&d=mm&r=g\",\"caption\":\"manadmin\"},\"sameAs\":[\"https:\/\/fadeu.urantiacos.cl\"]}]}<\/script>\n<!-- \/ Yoast SEO plugin. -->","yoast_head_json":{"title":"Soledad Hoces de la Guardia participa en Simposio Textile Society of Am\u00e9rica - Facultad de Arquitectura, Dise\u00f1o y Estudios Urbanos","description":"En el marco del 17th Bienal Symposium del TSA, Textile Society of America, Hidden Stories Human Lives con sede en Boston, la profesora Soledad Hoces de la Guardia, quien es miembro de dicha organizaci\u00f3n, expuso en la sesi\u00f3n 3A Dialogues between Archaeological, Historical, and Contemporary Textiles in the Andes su ponencia Memoria Textil en Colchane. Tejedoras revitalizando la tradici\u00f3n Aymara.","robots":{"index":"index","follow":"follow","max-snippet":"max-snippet:-1","max-image-preview":"max-image-preview:large","max-video-preview":"max-video-preview:-1"},"canonical":"https:\/\/fadeu.urantiacos.cl\/en\/2020\/11\/10\/soledad-hoces-de-la-guardia-participa-en-simposio-textile-society-of-america\/","og_locale":"en_US","og_type":"article","og_title":"Soledad Hoces de la Guardia participa en Simposio Textile Society of Am\u00e9rica - Facultad de Arquitectura, Dise\u00f1o y Estudios Urbanos","og_description":"En el marco del 17th Bienal Symposium del TSA, Textile Society of America, Hidden Stories Human Lives con sede en Boston, la profesora Soledad Hoces de la Guardia, quien es miembro de dicha organizaci\u00f3n, expuso en la sesi\u00f3n 3A Dialogues between Archaeological, Historical, and Contemporary Textiles in the Andes su ponencia Memoria Textil en Colchane. Tejedoras revitalizando la tradici\u00f3n Aymara.","og_url":"https:\/\/fadeu.urantiacos.cl\/en\/2020\/11\/10\/soledad-hoces-de-la-guardia-participa-en-simposio-textile-society-of-america\/","og_site_name":"Facultad de Arquitectura, Dise\u00f1o y Estudios Urbanos","article_published_time":"2020-11-10T20:35:00+00:00","article_modified_time":"2023-09-09T20:37:45+00:00","og_image":[{"width":350,"height":250,"url":"https:\/\/fadeu.urantiacos.cl\/wp-content\/uploads\/2023\/09\/Inkuna-Rogelia_WEB.jpg","type":"image\/jpeg"}],"author":"manadmin","twitter_card":"summary_large_image","twitter_misc":{"Written by":"manadmin","Est. reading time":"1 minute"},"schema":{"@context":"https:\/\/schema.org","@graph":[{"@type":"Article","@id":"https:\/\/fadeu.urantiacos.cl\/en\/2020\/11\/10\/soledad-hoces-de-la-guardia-participa-en-simposio-textile-society-of-america\/#article","isPartOf":{"@id":"https:\/\/fadeu.urantiacos.cl\/en\/2020\/11\/10\/soledad-hoces-de-la-guardia-participa-en-simposio-textile-society-of-america\/"},"author":{"name":"manadmin","@id":"https:\/\/fadeu.urantiacos.cl\/en\/#\/schema\/person\/d203e2e84b1c40275eac77b3061a19a2"},"headline":"Soledad Hoces de la Guardia participa en Simposio Textile Society of Am\u00e9rica","datePublished":"2020-11-10T20:35:00+00:00","dateModified":"2023-09-09T20:37:45+00:00","mainEntityOfPage":{"@id":"https:\/\/fadeu.urantiacos.cl\/en\/2020\/11\/10\/soledad-hoces-de-la-guardia-participa-en-simposio-textile-society-of-america\/"},"wordCount":143,"commentCount":0,"image":{"@id":"https:\/\/fadeu.urantiacos.cl\/en\/2020\/11\/10\/soledad-hoces-de-la-guardia-participa-en-simposio-textile-society-of-america\/#primaryimage"},"thumbnailUrl":"https:\/\/fadeu.urantiacos.cl\/wp-content\/uploads\/2023\/09\/Inkuna-Rogelia_WEB.jpg","articleSection":["Sin categorizar"],"inLanguage":"en-US","potentialAction":[{"@type":"CommentAction","name":"Comment","target":["https:\/\/fadeu.urantiacos.cl\/en\/2020\/11\/10\/soledad-hoces-de-la-guardia-participa-en-simposio-textile-society-of-america\/#respond"]}]},{"@type":"WebPage","@id":"https:\/\/fadeu.urantiacos.cl\/en\/2020\/11\/10\/soledad-hoces-de-la-guardia-participa-en-simposio-textile-society-of-america\/","url":"https:\/\/fadeu.urantiacos.cl\/en\/2020\/11\/10\/soledad-hoces-de-la-guardia-participa-en-simposio-textile-society-of-america\/","name":"Soledad Hoces de la Guardia participa en Simposio Textile Society of Am\u00e9rica - Facultad de Arquitectura, Dise\u00f1o y Estudios Urbanos","isPartOf":{"@id":"https:\/\/fadeu.urantiacos.cl\/en\/#website"},"primaryImageOfPage":{"@id":"https:\/\/fadeu.urantiacos.cl\/en\/2020\/11\/10\/soledad-hoces-de-la-guardia-participa-en-simposio-textile-society-of-america\/#primaryimage"},"image":{"@id":"https:\/\/fadeu.urantiacos.cl\/en\/2020\/11\/10\/soledad-hoces-de-la-guardia-participa-en-simposio-textile-society-of-america\/#primaryimage"},"thumbnailUrl":"https:\/\/fadeu.urantiacos.cl\/wp-content\/uploads\/2023\/09\/Inkuna-Rogelia_WEB.jpg","datePublished":"2020-11-10T20:35:00+00:00","dateModified":"2023-09-09T20:37:45+00:00","author":{"@id":"https:\/\/fadeu.urantiacos.cl\/en\/#\/schema\/person\/d203e2e84b1c40275eac77b3061a19a2"},"description":"En el marco del 17th Bienal Symposium del TSA, Textile Society of America, Hidden Stories Human Lives con sede en Boston, la profesora Soledad Hoces de la Guardia, quien es miembro de dicha organizaci\u00f3n, expuso en la sesi\u00f3n 3A Dialogues between Archaeological, Historical, and Contemporary Textiles in the Andes su ponencia Memoria Textil en Colchane. Tejedoras revitalizando la tradici\u00f3n Aymara.","breadcrumb":{"@id":"https:\/\/fadeu.urantiacos.cl\/en\/2020\/11\/10\/soledad-hoces-de-la-guardia-participa-en-simposio-textile-society-of-america\/#breadcrumb"},"inLanguage":"en-US","potentialAction":[{"@type":"ReadAction","target":["https:\/\/fadeu.urantiacos.cl\/en\/2020\/11\/10\/soledad-hoces-de-la-guardia-participa-en-simposio-textile-society-of-america\/"]}]},{"@type":"ImageObject","inLanguage":"en-US","@id":"https:\/\/fadeu.urantiacos.cl\/en\/2020\/11\/10\/soledad-hoces-de-la-guardia-participa-en-simposio-textile-society-of-america\/#primaryimage","url":"https:\/\/fadeu.urantiacos.cl\/wp-content\/uploads\/2023\/09\/Inkuna-Rogelia_WEB.jpg","contentUrl":"https:\/\/fadeu.urantiacos.cl\/wp-content\/uploads\/2023\/09\/Inkuna-Rogelia_WEB.jpg","width":350,"height":250},{"@type":"BreadcrumbList","@id":"https:\/\/fadeu.urantiacos.cl\/en\/2020\/11\/10\/soledad-hoces-de-la-guardia-participa-en-simposio-textile-society-of-america\/#breadcrumb","itemListElement":[{"@type":"ListItem","position":1,"name":"Portada","item":"https:\/\/fadeu.urantiacos.cl\/en\/"},{"@type":"ListItem","position":2,"name":"Soledad Hoces de la Guardia participa en Simposio Textile Society of Am\u00e9rica"}]},{"@type":"WebSite","@id":"https:\/\/fadeu.urantiacos.cl\/en\/#website","url":"https:\/\/fadeu.urantiacos.cl\/en\/","name":"Facultad de Arquitectura, Dise\u00f1o y Estudios Urbanos","description":"Campus Lo Contador","potentialAction":[{"@type":"SearchAction","target":{"@type":"EntryPoint","urlTemplate":"https:\/\/fadeu.urantiacos.cl\/en\/?s={search_term_string}"},"query-input":{"@type":"PropertyValueSpecification","valueRequired":true,"valueName":"search_term_string"}}],"inLanguage":"en-US"},{"@type":"Person","@id":"https:\/\/fadeu.urantiacos.cl\/en\/#\/schema\/person\/d203e2e84b1c40275eac77b3061a19a2","name":"manadmin","image":{"@type":"ImageObject","inLanguage":"en-US","@id":"https:\/\/fadeu.urantiacos.cl\/en\/#\/schema\/person\/image\/","url":"https:\/\/secure.gravatar.com\/avatar\/4b1d8e3303b4a9d8968ac578947d8bc80d9aea359f388cdd4aac15cadc0e8447?s=96&d=mm&r=g","contentUrl":"https:\/\/secure.gravatar.com\/avatar\/4b1d8e3303b4a9d8968ac578947d8bc80d9aea359f388cdd4aac15cadc0e8447?s=96&d=mm&r=g","caption":"manadmin"},"sameAs":["https:\/\/fadeu.urantiacos.cl"]}]}},"_links":{"self":[{"href":"https:\/\/fadeu.urantiacos.cl\/en\/wp-json\/wp\/v2\/posts\/7899","targetHints":{"allow":["GET"]}}],"collection":[{"href":"https:\/\/fadeu.urantiacos.cl\/en\/wp-json\/wp\/v2\/posts"}],"about":[{"href":"https:\/\/fadeu.urantiacos.cl\/en\/wp-json\/wp\/v2\/types\/post"}],"author":[{"embeddable":true,"href":"https:\/\/fadeu.urantiacos.cl\/en\/wp-json\/wp\/v2\/users\/1"}],"replies":[{"embeddable":true,"href":"https:\/\/fadeu.urantiacos.cl\/en\/wp-json\/wp\/v2\/comments?post=7899"}],"version-history":[{"count":1,"href":"https:\/\/fadeu.urantiacos.cl\/en\/wp-json\/wp\/v2\/posts\/7899\/revisions"}],"predecessor-version":[{"id":7901,"href":"https:\/\/fadeu.urantiacos.cl\/en\/wp-json\/wp\/v2\/posts\/7899\/revisions\/7901"}],"wp:featuredmedia":[{"embeddable":true,"href":"https:\/\/fadeu.urantiacos.cl\/en\/wp-json\/wp\/v2\/media\/7900"}],"wp:attachment":[{"href":"https:\/\/fadeu.urantiacos.cl\/en\/wp-json\/wp\/v2\/media?parent=7899"}],"wp:term":[{"taxonomy":"category","embeddable":true,"href":"https:\/\/fadeu.urantiacos.cl\/en\/wp-json\/wp\/v2\/categories?post=7899"},{"taxonomy":"post_tag","embeddable":true,"href":"https:\/\/fadeu.urantiacos.cl\/en\/wp-json\/wp\/v2\/tags?post=7899"}],"curies":[{"name":"wp","href":"https:\/\/api.w.org\/{rel}","templated":true}]}}