{"id":7896,"date":"2020-11-10T17:34:00","date_gmt":"2020-11-10T20:34:00","guid":{"rendered":"https:\/\/fadeu.urantiacos.cl\/?p=7896"},"modified":"2023-09-09T17:35:53","modified_gmt":"2023-09-09T20:35:53","slug":"lowtech-uc-participa-en-a2ru-national-conference","status":"publish","type":"post","link":"https:\/\/fadeu.urantiacos.cl\/en\/2020\/11\/10\/lowtech-uc-participa-en-a2ru-national-conference\/","title":{"rendered":"LOWTECH UC participa en a2ru national conference"},"content":{"rendered":"\n<figure class=\"wp-block-image size-full\"><img decoding=\"async\" width=\"350\" height=\"250\" src=\"https:\/\/fadeu.urantiacos.cl\/wp-content\/uploads\/2023\/09\/A2RU_LTSBD-2020-992x558_web.png\" alt=\"\" class=\"wp-image-7897\" srcset=\"https:\/\/fadeu.urantiacos.cl\/wp-content\/uploads\/2023\/09\/A2RU_LTSBD-2020-992x558_web.png 350w, https:\/\/fadeu.urantiacos.cl\/wp-content\/uploads\/2023\/09\/A2RU_LTSBD-2020-992x558_web-300x214.png 300w\" sizes=\"(max-width: 350px) 100vw, 350px\" \/><\/figure>\n\n\n\n<p>La exposici\u00f3n present\u00f3 los resultados del taller&nbsp;Lowtech y Ciencia UC, su proceso de trabajo, los proyectos apoyados por la&nbsp;Direcci\u00f3n de Artes y Cultura UC&nbsp;en conjunto al campus Villarrica, las propuestas transdisciplinares con la Estaci\u00f3n Costera de Investigaciones Marinas [ECIM]&nbsp;y la metodolog\u00eda de Dise\u00f1o Basada en Simbiog\u00e9nesis, desarrollada por el investigador de nuestra Escuela y que ha sido implementada en talleres de pregrado y proyectos de t\u00edtulo.&nbsp;<\/p>\n\n\n\n<p><a href=\"https:\/\/www.instagram.com\/tv\/CG5_FIhjz8S\/\">+INFORMACI\u00d3N<\/a><\/p>\n","protected":false},"excerpt":{"rendered":"<p>El acad\u00e9mico Alejandro Dur\u00e1n de la Escuela de Dise\u00f1o UC junto a un equipo conformado por acad\u00e9micos de la Facultad de Ciencias Biol\u00f3gicas, el doctor Rodrigo De la Iglesia y la doctora Miriam Fern\u00e1ndez; investigadores del centro de conservaci\u00f3n y educaci\u00f3n marina Chile es Mar, Carolina Ezquer; el acad\u00e9mico Mart\u00edn Bascop\u00e9 del campus Villarrica; la bi\u00f3loga Isidora Morel y la dise\u00f1adora Daniela Rojas expusieron en el Congreso \u201cLand &#038; Equity: The Arts and Politics of Place\u201d, organizado por The Alliance for the Arts in Research Universities, organizaci\u00f3n que agrupa a instituciones de educaci\u00f3n superior que promueven la investigaci\u00f3n en las artes, la creatividad interdisciplinaria y la colaboraci\u00f3n acad\u00e9mica.<\/p>\n","protected":false},"author":1,"featured_media":7897,"comment_status":"open","ping_status":"open","sticky":false,"template":"","format":"standard","meta":{"_acf_changed":false,"footnotes":""},"categories":[1],"tags":[],"class_list":["post-7896","post","type-post","status-publish","format-standard","has-post-thumbnail","hentry","category-sin-categorizar"],"acf":[],"yoast_head":"<!-- This site is optimized with the Yoast SEO plugin v27.1.1 - https:\/\/yoast.com\/product\/yoast-seo-wordpress\/ -->\n<title>LOWTECH UC participa en a2ru national conference - Facultad de Arquitectura, Dise\u00f1o y Estudios Urbanos<\/title>\n<meta name=\"description\" content=\"El acad\u00e9mico Alejandro Dur\u00e1n de la Escuela de Dise\u00f1o UC junto a un equipo conformado por acad\u00e9micos de la Facultad de Ciencias Biol\u00f3gicas, el doctor Rodrigo De la Iglesia y la doctora Miriam Fern\u00e1ndez; investigadores del centro de conservaci\u00f3n y educaci\u00f3n marina Chile es Mar, Carolina Ezquer; el acad\u00e9mico Mart\u00edn Bascop\u00e9 del campus Villarrica; la bi\u00f3loga Isidora Morel y la dise\u00f1adora Daniela Rojas expusieron en el Congreso \u201cLand &amp; Equity: The Arts and Politics of Place\u201d, organizado por The Alliance for the Arts in Research Universities, organizaci\u00f3n que agrupa a instituciones de educaci\u00f3n superior que promueven la investigaci\u00f3n en las artes, la creatividad interdisciplinaria y la colaboraci\u00f3n acad\u00e9mica.\" \/>\n<meta name=\"robots\" content=\"index, follow, max-snippet:-1, max-image-preview:large, max-video-preview:-1\" \/>\n<link rel=\"canonical\" href=\"https:\/\/fadeu.urantiacos.cl\/en\/2020\/11\/10\/lowtech-uc-participa-en-a2ru-national-conference\/\" \/>\n<meta property=\"og:locale\" content=\"en_US\" \/>\n<meta property=\"og:type\" content=\"article\" \/>\n<meta property=\"og:title\" content=\"LOWTECH UC participa en a2ru national conference - Facultad de Arquitectura, Dise\u00f1o y Estudios Urbanos\" \/>\n<meta property=\"og:description\" content=\"El acad\u00e9mico Alejandro Dur\u00e1n de la Escuela de Dise\u00f1o UC junto a un equipo conformado por acad\u00e9micos de la Facultad de Ciencias Biol\u00f3gicas, el doctor Rodrigo De la Iglesia y la doctora Miriam Fern\u00e1ndez; investigadores del centro de conservaci\u00f3n y educaci\u00f3n marina Chile es Mar, Carolina Ezquer; el acad\u00e9mico Mart\u00edn Bascop\u00e9 del campus Villarrica; la bi\u00f3loga Isidora Morel y la dise\u00f1adora Daniela Rojas expusieron en el Congreso \u201cLand &amp; Equity: The Arts and Politics of Place\u201d, organizado por The Alliance for the Arts in Research Universities, organizaci\u00f3n que agrupa a instituciones de educaci\u00f3n superior que promueven la investigaci\u00f3n en las artes, la creatividad interdisciplinaria y la colaboraci\u00f3n acad\u00e9mica.\" \/>\n<meta property=\"og:url\" content=\"https:\/\/fadeu.urantiacos.cl\/en\/2020\/11\/10\/lowtech-uc-participa-en-a2ru-national-conference\/\" \/>\n<meta property=\"og:site_name\" content=\"Facultad de Arquitectura, Dise\u00f1o y Estudios Urbanos\" \/>\n<meta property=\"article:published_time\" content=\"2020-11-10T20:34:00+00:00\" \/>\n<meta property=\"article:modified_time\" content=\"2023-09-09T20:35:53+00:00\" \/>\n<meta property=\"og:image\" content=\"https:\/\/fadeu.urantiacos.cl\/wp-content\/uploads\/2023\/09\/A2RU_LTSBD-2020-992x558_web.png\" \/>\n\t<meta property=\"og:image:width\" content=\"350\" \/>\n\t<meta property=\"og:image:height\" content=\"250\" \/>\n\t<meta property=\"og:image:type\" content=\"image\/png\" \/>\n<meta name=\"author\" content=\"manadmin\" \/>\n<meta name=\"twitter:card\" content=\"summary_large_image\" \/>\n<meta name=\"twitter:label1\" content=\"Written by\" \/>\n\t<meta name=\"twitter:data1\" content=\"manadmin\" \/>\n<script type=\"application\/ld+json\" class=\"yoast-schema-graph\">{\"@context\":\"https:\/\/schema.org\",\"@graph\":[{\"@type\":\"Article\",\"@id\":\"https:\/\/fadeu.urantiacos.cl\/en\/2020\/11\/10\/lowtech-uc-participa-en-a2ru-national-conference\/#article\",\"isPartOf\":{\"@id\":\"https:\/\/fadeu.urantiacos.cl\/en\/2020\/11\/10\/lowtech-uc-participa-en-a2ru-national-conference\/\"},\"author\":{\"name\":\"manadmin\",\"@id\":\"https:\/\/fadeu.urantiacos.cl\/en\/#\/schema\/person\/d203e2e84b1c40275eac77b3061a19a2\"},\"headline\":\"LOWTECH UC participa en a2ru national conference\",\"datePublished\":\"2020-11-10T20:34:00+00:00\",\"dateModified\":\"2023-09-09T20:35:53+00:00\",\"mainEntityOfPage\":{\"@id\":\"https:\/\/fadeu.urantiacos.cl\/en\/2020\/11\/10\/lowtech-uc-participa-en-a2ru-national-conference\/\"},\"wordCount\":92,\"commentCount\":0,\"image\":{\"@id\":\"https:\/\/fadeu.urantiacos.cl\/en\/2020\/11\/10\/lowtech-uc-participa-en-a2ru-national-conference\/#primaryimage\"},\"thumbnailUrl\":\"https:\/\/fadeu.urantiacos.cl\/wp-content\/uploads\/2023\/09\/A2RU_LTSBD-2020-992x558_web.png\",\"articleSection\":[\"Sin categorizar\"],\"inLanguage\":\"en-US\",\"potentialAction\":[{\"@type\":\"CommentAction\",\"name\":\"Comment\",\"target\":[\"https:\/\/fadeu.urantiacos.cl\/en\/2020\/11\/10\/lowtech-uc-participa-en-a2ru-national-conference\/#respond\"]}]},{\"@type\":\"WebPage\",\"@id\":\"https:\/\/fadeu.urantiacos.cl\/en\/2020\/11\/10\/lowtech-uc-participa-en-a2ru-national-conference\/\",\"url\":\"https:\/\/fadeu.urantiacos.cl\/en\/2020\/11\/10\/lowtech-uc-participa-en-a2ru-national-conference\/\",\"name\":\"LOWTECH UC participa en a2ru national conference - Facultad de Arquitectura, Dise\u00f1o y Estudios Urbanos\",\"isPartOf\":{\"@id\":\"https:\/\/fadeu.urantiacos.cl\/en\/#website\"},\"primaryImageOfPage\":{\"@id\":\"https:\/\/fadeu.urantiacos.cl\/en\/2020\/11\/10\/lowtech-uc-participa-en-a2ru-national-conference\/#primaryimage\"},\"image\":{\"@id\":\"https:\/\/fadeu.urantiacos.cl\/en\/2020\/11\/10\/lowtech-uc-participa-en-a2ru-national-conference\/#primaryimage\"},\"thumbnailUrl\":\"https:\/\/fadeu.urantiacos.cl\/wp-content\/uploads\/2023\/09\/A2RU_LTSBD-2020-992x558_web.png\",\"datePublished\":\"2020-11-10T20:34:00+00:00\",\"dateModified\":\"2023-09-09T20:35:53+00:00\",\"author\":{\"@id\":\"https:\/\/fadeu.urantiacos.cl\/en\/#\/schema\/person\/d203e2e84b1c40275eac77b3061a19a2\"},\"description\":\"El acad\u00e9mico Alejandro Dur\u00e1n de la Escuela de Dise\u00f1o UC junto a un equipo conformado por acad\u00e9micos de la Facultad de Ciencias Biol\u00f3gicas, el doctor Rodrigo De la Iglesia y la doctora Miriam Fern\u00e1ndez; investigadores del centro de conservaci\u00f3n y educaci\u00f3n marina Chile es Mar, Carolina Ezquer; el acad\u00e9mico Mart\u00edn Bascop\u00e9 del campus Villarrica; la bi\u00f3loga Isidora Morel y la dise\u00f1adora Daniela Rojas expusieron en el Congreso \u201cLand & Equity: The Arts and Politics of Place\u201d, organizado por The Alliance for the Arts in Research Universities, organizaci\u00f3n que agrupa a instituciones de educaci\u00f3n superior que promueven la investigaci\u00f3n en las artes, la creatividad interdisciplinaria y la colaboraci\u00f3n acad\u00e9mica.\",\"breadcrumb\":{\"@id\":\"https:\/\/fadeu.urantiacos.cl\/en\/2020\/11\/10\/lowtech-uc-participa-en-a2ru-national-conference\/#breadcrumb\"},\"inLanguage\":\"en-US\",\"potentialAction\":[{\"@type\":\"ReadAction\",\"target\":[\"https:\/\/fadeu.urantiacos.cl\/en\/2020\/11\/10\/lowtech-uc-participa-en-a2ru-national-conference\/\"]}]},{\"@type\":\"ImageObject\",\"inLanguage\":\"en-US\",\"@id\":\"https:\/\/fadeu.urantiacos.cl\/en\/2020\/11\/10\/lowtech-uc-participa-en-a2ru-national-conference\/#primaryimage\",\"url\":\"https:\/\/fadeu.urantiacos.cl\/wp-content\/uploads\/2023\/09\/A2RU_LTSBD-2020-992x558_web.png\",\"contentUrl\":\"https:\/\/fadeu.urantiacos.cl\/wp-content\/uploads\/2023\/09\/A2RU_LTSBD-2020-992x558_web.png\",\"width\":350,\"height\":250},{\"@type\":\"BreadcrumbList\",\"@id\":\"https:\/\/fadeu.urantiacos.cl\/en\/2020\/11\/10\/lowtech-uc-participa-en-a2ru-national-conference\/#breadcrumb\",\"itemListElement\":[{\"@type\":\"ListItem\",\"position\":1,\"name\":\"Portada\",\"item\":\"https:\/\/fadeu.urantiacos.cl\/en\/\"},{\"@type\":\"ListItem\",\"position\":2,\"name\":\"LOWTECH UC participa en a2ru national conference\"}]},{\"@type\":\"WebSite\",\"@id\":\"https:\/\/fadeu.urantiacos.cl\/en\/#website\",\"url\":\"https:\/\/fadeu.urantiacos.cl\/en\/\",\"name\":\"Facultad de Arquitectura, Dise\u00f1o y Estudios Urbanos\",\"description\":\"Campus Lo Contador\",\"potentialAction\":[{\"@type\":\"SearchAction\",\"target\":{\"@type\":\"EntryPoint\",\"urlTemplate\":\"https:\/\/fadeu.urantiacos.cl\/en\/?s={search_term_string}\"},\"query-input\":{\"@type\":\"PropertyValueSpecification\",\"valueRequired\":true,\"valueName\":\"search_term_string\"}}],\"inLanguage\":\"en-US\"},{\"@type\":\"Person\",\"@id\":\"https:\/\/fadeu.urantiacos.cl\/en\/#\/schema\/person\/d203e2e84b1c40275eac77b3061a19a2\",\"name\":\"manadmin\",\"image\":{\"@type\":\"ImageObject\",\"inLanguage\":\"en-US\",\"@id\":\"https:\/\/fadeu.urantiacos.cl\/en\/#\/schema\/person\/image\/\",\"url\":\"https:\/\/secure.gravatar.com\/avatar\/4b1d8e3303b4a9d8968ac578947d8bc80d9aea359f388cdd4aac15cadc0e8447?s=96&d=mm&r=g\",\"contentUrl\":\"https:\/\/secure.gravatar.com\/avatar\/4b1d8e3303b4a9d8968ac578947d8bc80d9aea359f388cdd4aac15cadc0e8447?s=96&d=mm&r=g\",\"caption\":\"manadmin\"},\"sameAs\":[\"https:\/\/fadeu.urantiacos.cl\"]}]}<\/script>\n<!-- \/ Yoast SEO plugin. -->","yoast_head_json":{"title":"LOWTECH UC participa en a2ru national conference - Facultad de Arquitectura, Dise\u00f1o y Estudios Urbanos","description":"El acad\u00e9mico Alejandro Dur\u00e1n de la Escuela de Dise\u00f1o UC junto a un equipo conformado por acad\u00e9micos de la Facultad de Ciencias Biol\u00f3gicas, el doctor Rodrigo De la Iglesia y la doctora Miriam Fern\u00e1ndez; investigadores del centro de conservaci\u00f3n y educaci\u00f3n marina Chile es Mar, Carolina Ezquer; el acad\u00e9mico Mart\u00edn Bascop\u00e9 del campus Villarrica; la bi\u00f3loga Isidora Morel y la dise\u00f1adora Daniela Rojas expusieron en el Congreso \u201cLand & Equity: The Arts and Politics of Place\u201d, organizado por The Alliance for the Arts in Research Universities, organizaci\u00f3n que agrupa a instituciones de educaci\u00f3n superior que promueven la investigaci\u00f3n en las artes, la creatividad interdisciplinaria y la colaboraci\u00f3n acad\u00e9mica.","robots":{"index":"index","follow":"follow","max-snippet":"max-snippet:-1","max-image-preview":"max-image-preview:large","max-video-preview":"max-video-preview:-1"},"canonical":"https:\/\/fadeu.urantiacos.cl\/en\/2020\/11\/10\/lowtech-uc-participa-en-a2ru-national-conference\/","og_locale":"en_US","og_type":"article","og_title":"LOWTECH UC participa en a2ru national conference - Facultad de Arquitectura, Dise\u00f1o y Estudios Urbanos","og_description":"El acad\u00e9mico Alejandro Dur\u00e1n de la Escuela de Dise\u00f1o UC junto a un equipo conformado por acad\u00e9micos de la Facultad de Ciencias Biol\u00f3gicas, el doctor Rodrigo De la Iglesia y la doctora Miriam Fern\u00e1ndez; investigadores del centro de conservaci\u00f3n y educaci\u00f3n marina Chile es Mar, Carolina Ezquer; el acad\u00e9mico Mart\u00edn Bascop\u00e9 del campus Villarrica; la bi\u00f3loga Isidora Morel y la dise\u00f1adora Daniela Rojas expusieron en el Congreso \u201cLand & Equity: The Arts and Politics of Place\u201d, organizado por The Alliance for the Arts in Research Universities, organizaci\u00f3n que agrupa a instituciones de educaci\u00f3n superior que promueven la investigaci\u00f3n en las artes, la creatividad interdisciplinaria y la colaboraci\u00f3n acad\u00e9mica.","og_url":"https:\/\/fadeu.urantiacos.cl\/en\/2020\/11\/10\/lowtech-uc-participa-en-a2ru-national-conference\/","og_site_name":"Facultad de Arquitectura, Dise\u00f1o y Estudios Urbanos","article_published_time":"2020-11-10T20:34:00+00:00","article_modified_time":"2023-09-09T20:35:53+00:00","og_image":[{"width":350,"height":250,"url":"https:\/\/fadeu.urantiacos.cl\/wp-content\/uploads\/2023\/09\/A2RU_LTSBD-2020-992x558_web.png","type":"image\/png"}],"author":"manadmin","twitter_card":"summary_large_image","twitter_misc":{"Written by":"manadmin"},"schema":{"@context":"https:\/\/schema.org","@graph":[{"@type":"Article","@id":"https:\/\/fadeu.urantiacos.cl\/en\/2020\/11\/10\/lowtech-uc-participa-en-a2ru-national-conference\/#article","isPartOf":{"@id":"https:\/\/fadeu.urantiacos.cl\/en\/2020\/11\/10\/lowtech-uc-participa-en-a2ru-national-conference\/"},"author":{"name":"manadmin","@id":"https:\/\/fadeu.urantiacos.cl\/en\/#\/schema\/person\/d203e2e84b1c40275eac77b3061a19a2"},"headline":"LOWTECH UC participa en a2ru national conference","datePublished":"2020-11-10T20:34:00+00:00","dateModified":"2023-09-09T20:35:53+00:00","mainEntityOfPage":{"@id":"https:\/\/fadeu.urantiacos.cl\/en\/2020\/11\/10\/lowtech-uc-participa-en-a2ru-national-conference\/"},"wordCount":92,"commentCount":0,"image":{"@id":"https:\/\/fadeu.urantiacos.cl\/en\/2020\/11\/10\/lowtech-uc-participa-en-a2ru-national-conference\/#primaryimage"},"thumbnailUrl":"https:\/\/fadeu.urantiacos.cl\/wp-content\/uploads\/2023\/09\/A2RU_LTSBD-2020-992x558_web.png","articleSection":["Sin categorizar"],"inLanguage":"en-US","potentialAction":[{"@type":"CommentAction","name":"Comment","target":["https:\/\/fadeu.urantiacos.cl\/en\/2020\/11\/10\/lowtech-uc-participa-en-a2ru-national-conference\/#respond"]}]},{"@type":"WebPage","@id":"https:\/\/fadeu.urantiacos.cl\/en\/2020\/11\/10\/lowtech-uc-participa-en-a2ru-national-conference\/","url":"https:\/\/fadeu.urantiacos.cl\/en\/2020\/11\/10\/lowtech-uc-participa-en-a2ru-national-conference\/","name":"LOWTECH UC participa en a2ru national conference - Facultad de Arquitectura, Dise\u00f1o y Estudios Urbanos","isPartOf":{"@id":"https:\/\/fadeu.urantiacos.cl\/en\/#website"},"primaryImageOfPage":{"@id":"https:\/\/fadeu.urantiacos.cl\/en\/2020\/11\/10\/lowtech-uc-participa-en-a2ru-national-conference\/#primaryimage"},"image":{"@id":"https:\/\/fadeu.urantiacos.cl\/en\/2020\/11\/10\/lowtech-uc-participa-en-a2ru-national-conference\/#primaryimage"},"thumbnailUrl":"https:\/\/fadeu.urantiacos.cl\/wp-content\/uploads\/2023\/09\/A2RU_LTSBD-2020-992x558_web.png","datePublished":"2020-11-10T20:34:00+00:00","dateModified":"2023-09-09T20:35:53+00:00","author":{"@id":"https:\/\/fadeu.urantiacos.cl\/en\/#\/schema\/person\/d203e2e84b1c40275eac77b3061a19a2"},"description":"El acad\u00e9mico Alejandro Dur\u00e1n de la Escuela de Dise\u00f1o UC junto a un equipo conformado por acad\u00e9micos de la Facultad de Ciencias Biol\u00f3gicas, el doctor Rodrigo De la Iglesia y la doctora Miriam Fern\u00e1ndez; investigadores del centro de conservaci\u00f3n y educaci\u00f3n marina Chile es Mar, Carolina Ezquer; el acad\u00e9mico Mart\u00edn Bascop\u00e9 del campus Villarrica; la bi\u00f3loga Isidora Morel y la dise\u00f1adora Daniela Rojas expusieron en el Congreso \u201cLand & Equity: The Arts and Politics of Place\u201d, organizado por The Alliance for the Arts in Research Universities, organizaci\u00f3n que agrupa a instituciones de educaci\u00f3n superior que promueven la investigaci\u00f3n en las artes, la creatividad interdisciplinaria y la colaboraci\u00f3n acad\u00e9mica.","breadcrumb":{"@id":"https:\/\/fadeu.urantiacos.cl\/en\/2020\/11\/10\/lowtech-uc-participa-en-a2ru-national-conference\/#breadcrumb"},"inLanguage":"en-US","potentialAction":[{"@type":"ReadAction","target":["https:\/\/fadeu.urantiacos.cl\/en\/2020\/11\/10\/lowtech-uc-participa-en-a2ru-national-conference\/"]}]},{"@type":"ImageObject","inLanguage":"en-US","@id":"https:\/\/fadeu.urantiacos.cl\/en\/2020\/11\/10\/lowtech-uc-participa-en-a2ru-national-conference\/#primaryimage","url":"https:\/\/fadeu.urantiacos.cl\/wp-content\/uploads\/2023\/09\/A2RU_LTSBD-2020-992x558_web.png","contentUrl":"https:\/\/fadeu.urantiacos.cl\/wp-content\/uploads\/2023\/09\/A2RU_LTSBD-2020-992x558_web.png","width":350,"height":250},{"@type":"BreadcrumbList","@id":"https:\/\/fadeu.urantiacos.cl\/en\/2020\/11\/10\/lowtech-uc-participa-en-a2ru-national-conference\/#breadcrumb","itemListElement":[{"@type":"ListItem","position":1,"name":"Portada","item":"https:\/\/fadeu.urantiacos.cl\/en\/"},{"@type":"ListItem","position":2,"name":"LOWTECH UC participa en a2ru national conference"}]},{"@type":"WebSite","@id":"https:\/\/fadeu.urantiacos.cl\/en\/#website","url":"https:\/\/fadeu.urantiacos.cl\/en\/","name":"Facultad de Arquitectura, Dise\u00f1o y Estudios Urbanos","description":"Campus Lo Contador","potentialAction":[{"@type":"SearchAction","target":{"@type":"EntryPoint","urlTemplate":"https:\/\/fadeu.urantiacos.cl\/en\/?s={search_term_string}"},"query-input":{"@type":"PropertyValueSpecification","valueRequired":true,"valueName":"search_term_string"}}],"inLanguage":"en-US"},{"@type":"Person","@id":"https:\/\/fadeu.urantiacos.cl\/en\/#\/schema\/person\/d203e2e84b1c40275eac77b3061a19a2","name":"manadmin","image":{"@type":"ImageObject","inLanguage":"en-US","@id":"https:\/\/fadeu.urantiacos.cl\/en\/#\/schema\/person\/image\/","url":"https:\/\/secure.gravatar.com\/avatar\/4b1d8e3303b4a9d8968ac578947d8bc80d9aea359f388cdd4aac15cadc0e8447?s=96&d=mm&r=g","contentUrl":"https:\/\/secure.gravatar.com\/avatar\/4b1d8e3303b4a9d8968ac578947d8bc80d9aea359f388cdd4aac15cadc0e8447?s=96&d=mm&r=g","caption":"manadmin"},"sameAs":["https:\/\/fadeu.urantiacos.cl"]}]}},"_links":{"self":[{"href":"https:\/\/fadeu.urantiacos.cl\/en\/wp-json\/wp\/v2\/posts\/7896","targetHints":{"allow":["GET"]}}],"collection":[{"href":"https:\/\/fadeu.urantiacos.cl\/en\/wp-json\/wp\/v2\/posts"}],"about":[{"href":"https:\/\/fadeu.urantiacos.cl\/en\/wp-json\/wp\/v2\/types\/post"}],"author":[{"embeddable":true,"href":"https:\/\/fadeu.urantiacos.cl\/en\/wp-json\/wp\/v2\/users\/1"}],"replies":[{"embeddable":true,"href":"https:\/\/fadeu.urantiacos.cl\/en\/wp-json\/wp\/v2\/comments?post=7896"}],"version-history":[{"count":1,"href":"https:\/\/fadeu.urantiacos.cl\/en\/wp-json\/wp\/v2\/posts\/7896\/revisions"}],"predecessor-version":[{"id":7898,"href":"https:\/\/fadeu.urantiacos.cl\/en\/wp-json\/wp\/v2\/posts\/7896\/revisions\/7898"}],"wp:featuredmedia":[{"embeddable":true,"href":"https:\/\/fadeu.urantiacos.cl\/en\/wp-json\/wp\/v2\/media\/7897"}],"wp:attachment":[{"href":"https:\/\/fadeu.urantiacos.cl\/en\/wp-json\/wp\/v2\/media?parent=7896"}],"wp:term":[{"taxonomy":"category","embeddable":true,"href":"https:\/\/fadeu.urantiacos.cl\/en\/wp-json\/wp\/v2\/categories?post=7896"},{"taxonomy":"post_tag","embeddable":true,"href":"https:\/\/fadeu.urantiacos.cl\/en\/wp-json\/wp\/v2\/tags?post=7896"}],"curies":[{"name":"wp","href":"https:\/\/api.w.org\/{rel}","templated":true}]}}