{"id":7886,"date":"2020-11-16T17:28:00","date_gmt":"2020-11-16T20:28:00","guid":{"rendered":"https:\/\/fadeu.urantiacos.cl\/?p=7886"},"modified":"2023-09-09T17:30:59","modified_gmt":"2023-09-09T20:30:59","slug":"osvaldo-moreno-participo-en-congreso-internacional-touriscape-de-la-upc","status":"publish","type":"post","link":"https:\/\/fadeu.urantiacos.cl\/en\/2020\/11\/16\/osvaldo-moreno-participo-en-congreso-internacional-touriscape-de-la-upc\/","title":{"rendered":"Osvaldo Moreno particip\u00f3 en Congreso Internacional Touriscape de la UPC"},"content":{"rendered":"\n<figure class=\"wp-block-image size-full\"><img decoding=\"async\" width=\"350\" height=\"250\" src=\"https:\/\/fadeu.urantiacos.cl\/wp-content\/uploads\/2023\/09\/osvaldo_moreno_fadeu_web.jpg\" alt=\"\" class=\"wp-image-7887\" srcset=\"https:\/\/fadeu.urantiacos.cl\/wp-content\/uploads\/2023\/09\/osvaldo_moreno_fadeu_web.jpg 350w, https:\/\/fadeu.urantiacos.cl\/wp-content\/uploads\/2023\/09\/osvaldo_moreno_fadeu_web-300x214.jpg 300w\" sizes=\"(max-width: 350px) 100vw, 350px\" \/><\/figure>\n\n\n\n<p>El equipo fue invitado a exponer, el pasado 06 de noviembre, esta conferencia que deriva de la investigaci\u00f3n asociada al proyecto FONDEF \u201cPrototipo de evaluaci\u00f3n complementaria para la inserci\u00f3n de proyectos mineros en el territorio\u201d.<\/p>\n\n\n\n<p>Para el profesor, la presentaci\u00f3n en este congreso plantea la relevancia de \u201cinvestigar las reales dimensiones y alcances de los impactos generados por la miner\u00eda en territorios de naturaleza extrema, como son los Salares Altoandinos\u201d. Asimismo, agrega que \u201cse discuten, por un lado, los m\u00e9todos de representaci\u00f3n de las m\u00faltiples capas y componentes que convergen en torno a la idea de \u00e1rea de influencia y, por otra parte, se reflexiona acerca de las estrategias de planificaci\u00f3n y articulaci\u00f3n de usos, actores e infraestructuras derivadas de las actuaciones mineras, en relaci\u00f3n a las preexistencias ecol\u00f3gicas y culturales de estos territorios\u201d.<\/p>\n\n\n\n<p>Sobre el proyecto FONDEF<\/p>\n\n\n\n<p><br>El proyecto de investigaci\u00f3n tiene como objetivo aportar en el desarrollo sustentable de la miner\u00eda. Es una iniciativa interdisciplinaria, la cual est\u00e1 orientada a mejorar el desempe\u00f1o ambiental de los proyectos de miner\u00eda de Litio en Salares Altoandinos, contribuyendo a la protecci\u00f3n de estos importantes (y desconocidos) ecosistemas y favoreciendo la articulaci\u00f3n de la miner\u00eda virtuosa con otros usos del territorio, especialmente aquellos asociados al turismo de intereses especiales.<\/p>\n\n\n\n<p>Ver m\u00e1s sobre el proyecto FONDEF en el siguiente\u00a0<a rel=\"noreferrer noopener\" href=\"http:\/\/arquitectura.uc.cl\/investigacion\/investigaciones-vigentes.html?view=investigaciones&amp;invId=113\" target=\"_blank\">link<\/a><br>Leer sobre la conformaci\u00f3n del directorio del proyecto en el siguiente\u00a0<a rel=\"noreferrer noopener\" href=\"http:\/\/arquitectura.uc.cl\/proyectos\/noticias\/5147-se-conforma-el-directorio-de-proyecto-fondef-dirigido-por-osvaldo-moreno.html\" target=\"_blank\">link<\/a>\u00a0<\/p>\n\n\n\n<figure class=\"wp-block-image size-large\"><img decoding=\"async\" width=\"1024\" height=\"1024\" src=\"https:\/\/fadeu.urantiacos.cl\/wp-content\/uploads\/2023\/09\/c4e14fdf-a114-4ff6-92a3-f526e074960d-1024x1024.jpg\" alt=\"\" class=\"wp-image-7888\" srcset=\"https:\/\/fadeu.urantiacos.cl\/wp-content\/uploads\/2023\/09\/c4e14fdf-a114-4ff6-92a3-f526e074960d-1024x1024.jpg 1024w, https:\/\/fadeu.urantiacos.cl\/wp-content\/uploads\/2023\/09\/c4e14fdf-a114-4ff6-92a3-f526e074960d-300x300.jpg 300w, https:\/\/fadeu.urantiacos.cl\/wp-content\/uploads\/2023\/09\/c4e14fdf-a114-4ff6-92a3-f526e074960d-150x150.jpg 150w, https:\/\/fadeu.urantiacos.cl\/wp-content\/uploads\/2023\/09\/c4e14fdf-a114-4ff6-92a3-f526e074960d-768x768.jpg 768w, https:\/\/fadeu.urantiacos.cl\/wp-content\/uploads\/2023\/09\/c4e14fdf-a114-4ff6-92a3-f526e074960d.jpg 1200w\" sizes=\"(max-width: 1024px) 100vw, 1024px\" \/><\/figure>\n\n\n\n<p>Noticias<br>Contacto:&nbsp;<a href=\"mailto:redesarq@uc.cl\">redesarq@uc.cl<\/a>&nbsp;| +56 2 2354 7747<br>www.arquitectura.uc.cl<\/p>\n","protected":false},"excerpt":{"rendered":"<p>El profesor ARQ UC y jefe del MAPA present\u00f3 \u2014junto a los investigadores Ximena Arizaga y Sebasti\u00e1n Palacios\u2014, la ponencia \u201cPaisajes revelados: el turismo como mecanismo para la puesta en valor de paisajes fr\u00e1giles y amenazados por el desarrollo minero\u201c, en el evento organizado por la Universidad Polit\u00e9cnica de Catalunya (UPC).<\/p>\n","protected":false},"author":1,"featured_media":7887,"comment_status":"open","ping_status":"open","sticky":false,"template":"","format":"standard","meta":{"_acf_changed":false,"footnotes":""},"categories":[1],"tags":[],"class_list":["post-7886","post","type-post","status-publish","format-standard","has-post-thumbnail","hentry","category-sin-categorizar"],"acf":[],"yoast_head":"<!-- This site is optimized with the Yoast SEO plugin v27.1.1 - https:\/\/yoast.com\/product\/yoast-seo-wordpress\/ -->\n<title>Osvaldo Moreno particip\u00f3 en Congreso Internacional Touriscape de la UPC - Facultad de Arquitectura, Dise\u00f1o y Estudios Urbanos<\/title>\n<meta name=\"description\" content=\"El profesor ARQ UC y jefe del MAPA present\u00f3 \u2014junto a los investigadores Ximena Arizaga y Sebasti\u00e1n Palacios\u2014, la ponencia \u201cPaisajes revelados: el turismo como mecanismo para la puesta en valor de paisajes fr\u00e1giles y amenazados por el desarrollo minero\u201c, en el evento organizado por la Universidad Polit\u00e9cnica de Catalunya (UPC).\" \/>\n<meta name=\"robots\" content=\"index, follow, max-snippet:-1, max-image-preview:large, max-video-preview:-1\" \/>\n<link rel=\"canonical\" href=\"https:\/\/fadeu.urantiacos.cl\/en\/2020\/11\/16\/osvaldo-moreno-participo-en-congreso-internacional-touriscape-de-la-upc\/\" \/>\n<meta property=\"og:locale\" content=\"en_US\" \/>\n<meta property=\"og:type\" content=\"article\" \/>\n<meta property=\"og:title\" content=\"Osvaldo Moreno particip\u00f3 en Congreso Internacional Touriscape de la UPC - Facultad de Arquitectura, Dise\u00f1o y Estudios Urbanos\" \/>\n<meta property=\"og:description\" content=\"El profesor ARQ UC y jefe del MAPA present\u00f3 \u2014junto a los investigadores Ximena Arizaga y Sebasti\u00e1n Palacios\u2014, la ponencia \u201cPaisajes revelados: el turismo como mecanismo para la puesta en valor de paisajes fr\u00e1giles y amenazados por el desarrollo minero\u201c, en el evento organizado por la Universidad Polit\u00e9cnica de Catalunya (UPC).\" \/>\n<meta property=\"og:url\" content=\"https:\/\/fadeu.urantiacos.cl\/en\/2020\/11\/16\/osvaldo-moreno-participo-en-congreso-internacional-touriscape-de-la-upc\/\" \/>\n<meta property=\"og:site_name\" content=\"Facultad de Arquitectura, Dise\u00f1o y Estudios Urbanos\" \/>\n<meta property=\"article:published_time\" content=\"2020-11-16T20:28:00+00:00\" \/>\n<meta property=\"article:modified_time\" content=\"2023-09-09T20:30:59+00:00\" \/>\n<meta property=\"og:image\" content=\"https:\/\/fadeu.urantiacos.cl\/wp-content\/uploads\/2023\/09\/osvaldo_moreno_fadeu_web.jpg\" \/>\n\t<meta property=\"og:image:width\" content=\"350\" \/>\n\t<meta property=\"og:image:height\" content=\"250\" \/>\n\t<meta property=\"og:image:type\" content=\"image\/jpeg\" \/>\n<meta name=\"author\" content=\"manadmin\" \/>\n<meta name=\"twitter:card\" content=\"summary_large_image\" \/>\n<meta name=\"twitter:label1\" content=\"Written by\" \/>\n\t<meta name=\"twitter:data1\" content=\"manadmin\" \/>\n\t<meta name=\"twitter:label2\" content=\"Est. reading time\" \/>\n\t<meta name=\"twitter:data2\" content=\"1 minute\" \/>\n<script type=\"application\/ld+json\" class=\"yoast-schema-graph\">{\"@context\":\"https:\/\/schema.org\",\"@graph\":[{\"@type\":\"Article\",\"@id\":\"https:\/\/fadeu.urantiacos.cl\/en\/2020\/11\/16\/osvaldo-moreno-participo-en-congreso-internacional-touriscape-de-la-upc\/#article\",\"isPartOf\":{\"@id\":\"https:\/\/fadeu.urantiacos.cl\/en\/2020\/11\/16\/osvaldo-moreno-participo-en-congreso-internacional-touriscape-de-la-upc\/\"},\"author\":{\"name\":\"manadmin\",\"@id\":\"https:\/\/fadeu.urantiacos.cl\/en\/#\/schema\/person\/d203e2e84b1c40275eac77b3061a19a2\"},\"headline\":\"Osvaldo Moreno particip\u00f3 en Congreso Internacional Touriscape de la UPC\",\"datePublished\":\"2020-11-16T20:28:00+00:00\",\"dateModified\":\"2023-09-09T20:30:59+00:00\",\"mainEntityOfPage\":{\"@id\":\"https:\/\/fadeu.urantiacos.cl\/en\/2020\/11\/16\/osvaldo-moreno-participo-en-congreso-internacional-touriscape-de-la-upc\/\"},\"wordCount\":269,\"commentCount\":0,\"image\":{\"@id\":\"https:\/\/fadeu.urantiacos.cl\/en\/2020\/11\/16\/osvaldo-moreno-participo-en-congreso-internacional-touriscape-de-la-upc\/#primaryimage\"},\"thumbnailUrl\":\"https:\/\/fadeu.urantiacos.cl\/wp-content\/uploads\/2023\/09\/osvaldo_moreno_fadeu_web.jpg\",\"articleSection\":[\"Sin categorizar\"],\"inLanguage\":\"en-US\",\"potentialAction\":[{\"@type\":\"CommentAction\",\"name\":\"Comment\",\"target\":[\"https:\/\/fadeu.urantiacos.cl\/en\/2020\/11\/16\/osvaldo-moreno-participo-en-congreso-internacional-touriscape-de-la-upc\/#respond\"]}]},{\"@type\":\"WebPage\",\"@id\":\"https:\/\/fadeu.urantiacos.cl\/en\/2020\/11\/16\/osvaldo-moreno-participo-en-congreso-internacional-touriscape-de-la-upc\/\",\"url\":\"https:\/\/fadeu.urantiacos.cl\/en\/2020\/11\/16\/osvaldo-moreno-participo-en-congreso-internacional-touriscape-de-la-upc\/\",\"name\":\"Osvaldo Moreno particip\u00f3 en Congreso Internacional Touriscape de la UPC - Facultad de Arquitectura, Dise\u00f1o y Estudios Urbanos\",\"isPartOf\":{\"@id\":\"https:\/\/fadeu.urantiacos.cl\/en\/#website\"},\"primaryImageOfPage\":{\"@id\":\"https:\/\/fadeu.urantiacos.cl\/en\/2020\/11\/16\/osvaldo-moreno-participo-en-congreso-internacional-touriscape-de-la-upc\/#primaryimage\"},\"image\":{\"@id\":\"https:\/\/fadeu.urantiacos.cl\/en\/2020\/11\/16\/osvaldo-moreno-participo-en-congreso-internacional-touriscape-de-la-upc\/#primaryimage\"},\"thumbnailUrl\":\"https:\/\/fadeu.urantiacos.cl\/wp-content\/uploads\/2023\/09\/osvaldo_moreno_fadeu_web.jpg\",\"datePublished\":\"2020-11-16T20:28:00+00:00\",\"dateModified\":\"2023-09-09T20:30:59+00:00\",\"author\":{\"@id\":\"https:\/\/fadeu.urantiacos.cl\/en\/#\/schema\/person\/d203e2e84b1c40275eac77b3061a19a2\"},\"description\":\"El profesor ARQ UC y jefe del MAPA present\u00f3 \u2014junto a los investigadores Ximena Arizaga y Sebasti\u00e1n Palacios\u2014, la ponencia \u201cPaisajes revelados: el turismo como mecanismo para la puesta en valor de paisajes fr\u00e1giles y amenazados por el desarrollo minero\u201c, en el evento organizado por la Universidad Polit\u00e9cnica de Catalunya (UPC).\",\"breadcrumb\":{\"@id\":\"https:\/\/fadeu.urantiacos.cl\/en\/2020\/11\/16\/osvaldo-moreno-participo-en-congreso-internacional-touriscape-de-la-upc\/#breadcrumb\"},\"inLanguage\":\"en-US\",\"potentialAction\":[{\"@type\":\"ReadAction\",\"target\":[\"https:\/\/fadeu.urantiacos.cl\/en\/2020\/11\/16\/osvaldo-moreno-participo-en-congreso-internacional-touriscape-de-la-upc\/\"]}]},{\"@type\":\"ImageObject\",\"inLanguage\":\"en-US\",\"@id\":\"https:\/\/fadeu.urantiacos.cl\/en\/2020\/11\/16\/osvaldo-moreno-participo-en-congreso-internacional-touriscape-de-la-upc\/#primaryimage\",\"url\":\"https:\/\/fadeu.urantiacos.cl\/wp-content\/uploads\/2023\/09\/osvaldo_moreno_fadeu_web.jpg\",\"contentUrl\":\"https:\/\/fadeu.urantiacos.cl\/wp-content\/uploads\/2023\/09\/osvaldo_moreno_fadeu_web.jpg\",\"width\":350,\"height\":250},{\"@type\":\"BreadcrumbList\",\"@id\":\"https:\/\/fadeu.urantiacos.cl\/en\/2020\/11\/16\/osvaldo-moreno-participo-en-congreso-internacional-touriscape-de-la-upc\/#breadcrumb\",\"itemListElement\":[{\"@type\":\"ListItem\",\"position\":1,\"name\":\"Portada\",\"item\":\"https:\/\/fadeu.urantiacos.cl\/en\/\"},{\"@type\":\"ListItem\",\"position\":2,\"name\":\"Osvaldo Moreno particip\u00f3 en Congreso Internacional Touriscape de la UPC\"}]},{\"@type\":\"WebSite\",\"@id\":\"https:\/\/fadeu.urantiacos.cl\/en\/#website\",\"url\":\"https:\/\/fadeu.urantiacos.cl\/en\/\",\"name\":\"Facultad de Arquitectura, Dise\u00f1o y Estudios Urbanos\",\"description\":\"Campus Lo Contador\",\"potentialAction\":[{\"@type\":\"SearchAction\",\"target\":{\"@type\":\"EntryPoint\",\"urlTemplate\":\"https:\/\/fadeu.urantiacos.cl\/en\/?s={search_term_string}\"},\"query-input\":{\"@type\":\"PropertyValueSpecification\",\"valueRequired\":true,\"valueName\":\"search_term_string\"}}],\"inLanguage\":\"en-US\"},{\"@type\":\"Person\",\"@id\":\"https:\/\/fadeu.urantiacos.cl\/en\/#\/schema\/person\/d203e2e84b1c40275eac77b3061a19a2\",\"name\":\"manadmin\",\"image\":{\"@type\":\"ImageObject\",\"inLanguage\":\"en-US\",\"@id\":\"https:\/\/fadeu.urantiacos.cl\/en\/#\/schema\/person\/image\/\",\"url\":\"https:\/\/secure.gravatar.com\/avatar\/4b1d8e3303b4a9d8968ac578947d8bc80d9aea359f388cdd4aac15cadc0e8447?s=96&d=mm&r=g\",\"contentUrl\":\"https:\/\/secure.gravatar.com\/avatar\/4b1d8e3303b4a9d8968ac578947d8bc80d9aea359f388cdd4aac15cadc0e8447?s=96&d=mm&r=g\",\"caption\":\"manadmin\"},\"sameAs\":[\"https:\/\/fadeu.urantiacos.cl\"]}]}<\/script>\n<!-- \/ Yoast SEO plugin. -->","yoast_head_json":{"title":"Osvaldo Moreno particip\u00f3 en Congreso Internacional Touriscape de la UPC - Facultad de Arquitectura, Dise\u00f1o y Estudios Urbanos","description":"El profesor ARQ UC y jefe del MAPA present\u00f3 \u2014junto a los investigadores Ximena Arizaga y Sebasti\u00e1n Palacios\u2014, la ponencia \u201cPaisajes revelados: el turismo como mecanismo para la puesta en valor de paisajes fr\u00e1giles y amenazados por el desarrollo minero\u201c, en el evento organizado por la Universidad Polit\u00e9cnica de Catalunya (UPC).","robots":{"index":"index","follow":"follow","max-snippet":"max-snippet:-1","max-image-preview":"max-image-preview:large","max-video-preview":"max-video-preview:-1"},"canonical":"https:\/\/fadeu.urantiacos.cl\/en\/2020\/11\/16\/osvaldo-moreno-participo-en-congreso-internacional-touriscape-de-la-upc\/","og_locale":"en_US","og_type":"article","og_title":"Osvaldo Moreno particip\u00f3 en Congreso Internacional Touriscape de la UPC - Facultad de Arquitectura, Dise\u00f1o y Estudios Urbanos","og_description":"El profesor ARQ UC y jefe del MAPA present\u00f3 \u2014junto a los investigadores Ximena Arizaga y Sebasti\u00e1n Palacios\u2014, la ponencia \u201cPaisajes revelados: el turismo como mecanismo para la puesta en valor de paisajes fr\u00e1giles y amenazados por el desarrollo minero\u201c, en el evento organizado por la Universidad Polit\u00e9cnica de Catalunya (UPC).","og_url":"https:\/\/fadeu.urantiacos.cl\/en\/2020\/11\/16\/osvaldo-moreno-participo-en-congreso-internacional-touriscape-de-la-upc\/","og_site_name":"Facultad de Arquitectura, Dise\u00f1o y Estudios Urbanos","article_published_time":"2020-11-16T20:28:00+00:00","article_modified_time":"2023-09-09T20:30:59+00:00","og_image":[{"width":350,"height":250,"url":"https:\/\/fadeu.urantiacos.cl\/wp-content\/uploads\/2023\/09\/osvaldo_moreno_fadeu_web.jpg","type":"image\/jpeg"}],"author":"manadmin","twitter_card":"summary_large_image","twitter_misc":{"Written by":"manadmin","Est. reading time":"1 minute"},"schema":{"@context":"https:\/\/schema.org","@graph":[{"@type":"Article","@id":"https:\/\/fadeu.urantiacos.cl\/en\/2020\/11\/16\/osvaldo-moreno-participo-en-congreso-internacional-touriscape-de-la-upc\/#article","isPartOf":{"@id":"https:\/\/fadeu.urantiacos.cl\/en\/2020\/11\/16\/osvaldo-moreno-participo-en-congreso-internacional-touriscape-de-la-upc\/"},"author":{"name":"manadmin","@id":"https:\/\/fadeu.urantiacos.cl\/en\/#\/schema\/person\/d203e2e84b1c40275eac77b3061a19a2"},"headline":"Osvaldo Moreno particip\u00f3 en Congreso Internacional Touriscape de la UPC","datePublished":"2020-11-16T20:28:00+00:00","dateModified":"2023-09-09T20:30:59+00:00","mainEntityOfPage":{"@id":"https:\/\/fadeu.urantiacos.cl\/en\/2020\/11\/16\/osvaldo-moreno-participo-en-congreso-internacional-touriscape-de-la-upc\/"},"wordCount":269,"commentCount":0,"image":{"@id":"https:\/\/fadeu.urantiacos.cl\/en\/2020\/11\/16\/osvaldo-moreno-participo-en-congreso-internacional-touriscape-de-la-upc\/#primaryimage"},"thumbnailUrl":"https:\/\/fadeu.urantiacos.cl\/wp-content\/uploads\/2023\/09\/osvaldo_moreno_fadeu_web.jpg","articleSection":["Sin categorizar"],"inLanguage":"en-US","potentialAction":[{"@type":"CommentAction","name":"Comment","target":["https:\/\/fadeu.urantiacos.cl\/en\/2020\/11\/16\/osvaldo-moreno-participo-en-congreso-internacional-touriscape-de-la-upc\/#respond"]}]},{"@type":"WebPage","@id":"https:\/\/fadeu.urantiacos.cl\/en\/2020\/11\/16\/osvaldo-moreno-participo-en-congreso-internacional-touriscape-de-la-upc\/","url":"https:\/\/fadeu.urantiacos.cl\/en\/2020\/11\/16\/osvaldo-moreno-participo-en-congreso-internacional-touriscape-de-la-upc\/","name":"Osvaldo Moreno particip\u00f3 en Congreso Internacional Touriscape de la UPC - Facultad de Arquitectura, Dise\u00f1o y Estudios Urbanos","isPartOf":{"@id":"https:\/\/fadeu.urantiacos.cl\/en\/#website"},"primaryImageOfPage":{"@id":"https:\/\/fadeu.urantiacos.cl\/en\/2020\/11\/16\/osvaldo-moreno-participo-en-congreso-internacional-touriscape-de-la-upc\/#primaryimage"},"image":{"@id":"https:\/\/fadeu.urantiacos.cl\/en\/2020\/11\/16\/osvaldo-moreno-participo-en-congreso-internacional-touriscape-de-la-upc\/#primaryimage"},"thumbnailUrl":"https:\/\/fadeu.urantiacos.cl\/wp-content\/uploads\/2023\/09\/osvaldo_moreno_fadeu_web.jpg","datePublished":"2020-11-16T20:28:00+00:00","dateModified":"2023-09-09T20:30:59+00:00","author":{"@id":"https:\/\/fadeu.urantiacos.cl\/en\/#\/schema\/person\/d203e2e84b1c40275eac77b3061a19a2"},"description":"El profesor ARQ UC y jefe del MAPA present\u00f3 \u2014junto a los investigadores Ximena Arizaga y Sebasti\u00e1n Palacios\u2014, la ponencia \u201cPaisajes revelados: el turismo como mecanismo para la puesta en valor de paisajes fr\u00e1giles y amenazados por el desarrollo minero\u201c, en el evento organizado por la Universidad Polit\u00e9cnica de Catalunya (UPC).","breadcrumb":{"@id":"https:\/\/fadeu.urantiacos.cl\/en\/2020\/11\/16\/osvaldo-moreno-participo-en-congreso-internacional-touriscape-de-la-upc\/#breadcrumb"},"inLanguage":"en-US","potentialAction":[{"@type":"ReadAction","target":["https:\/\/fadeu.urantiacos.cl\/en\/2020\/11\/16\/osvaldo-moreno-participo-en-congreso-internacional-touriscape-de-la-upc\/"]}]},{"@type":"ImageObject","inLanguage":"en-US","@id":"https:\/\/fadeu.urantiacos.cl\/en\/2020\/11\/16\/osvaldo-moreno-participo-en-congreso-internacional-touriscape-de-la-upc\/#primaryimage","url":"https:\/\/fadeu.urantiacos.cl\/wp-content\/uploads\/2023\/09\/osvaldo_moreno_fadeu_web.jpg","contentUrl":"https:\/\/fadeu.urantiacos.cl\/wp-content\/uploads\/2023\/09\/osvaldo_moreno_fadeu_web.jpg","width":350,"height":250},{"@type":"BreadcrumbList","@id":"https:\/\/fadeu.urantiacos.cl\/en\/2020\/11\/16\/osvaldo-moreno-participo-en-congreso-internacional-touriscape-de-la-upc\/#breadcrumb","itemListElement":[{"@type":"ListItem","position":1,"name":"Portada","item":"https:\/\/fadeu.urantiacos.cl\/en\/"},{"@type":"ListItem","position":2,"name":"Osvaldo Moreno particip\u00f3 en Congreso Internacional Touriscape de la UPC"}]},{"@type":"WebSite","@id":"https:\/\/fadeu.urantiacos.cl\/en\/#website","url":"https:\/\/fadeu.urantiacos.cl\/en\/","name":"Facultad de Arquitectura, Dise\u00f1o y Estudios Urbanos","description":"Campus Lo Contador","potentialAction":[{"@type":"SearchAction","target":{"@type":"EntryPoint","urlTemplate":"https:\/\/fadeu.urantiacos.cl\/en\/?s={search_term_string}"},"query-input":{"@type":"PropertyValueSpecification","valueRequired":true,"valueName":"search_term_string"}}],"inLanguage":"en-US"},{"@type":"Person","@id":"https:\/\/fadeu.urantiacos.cl\/en\/#\/schema\/person\/d203e2e84b1c40275eac77b3061a19a2","name":"manadmin","image":{"@type":"ImageObject","inLanguage":"en-US","@id":"https:\/\/fadeu.urantiacos.cl\/en\/#\/schema\/person\/image\/","url":"https:\/\/secure.gravatar.com\/avatar\/4b1d8e3303b4a9d8968ac578947d8bc80d9aea359f388cdd4aac15cadc0e8447?s=96&d=mm&r=g","contentUrl":"https:\/\/secure.gravatar.com\/avatar\/4b1d8e3303b4a9d8968ac578947d8bc80d9aea359f388cdd4aac15cadc0e8447?s=96&d=mm&r=g","caption":"manadmin"},"sameAs":["https:\/\/fadeu.urantiacos.cl"]}]}},"_links":{"self":[{"href":"https:\/\/fadeu.urantiacos.cl\/en\/wp-json\/wp\/v2\/posts\/7886","targetHints":{"allow":["GET"]}}],"collection":[{"href":"https:\/\/fadeu.urantiacos.cl\/en\/wp-json\/wp\/v2\/posts"}],"about":[{"href":"https:\/\/fadeu.urantiacos.cl\/en\/wp-json\/wp\/v2\/types\/post"}],"author":[{"embeddable":true,"href":"https:\/\/fadeu.urantiacos.cl\/en\/wp-json\/wp\/v2\/users\/1"}],"replies":[{"embeddable":true,"href":"https:\/\/fadeu.urantiacos.cl\/en\/wp-json\/wp\/v2\/comments?post=7886"}],"version-history":[{"count":1,"href":"https:\/\/fadeu.urantiacos.cl\/en\/wp-json\/wp\/v2\/posts\/7886\/revisions"}],"predecessor-version":[{"id":7889,"href":"https:\/\/fadeu.urantiacos.cl\/en\/wp-json\/wp\/v2\/posts\/7886\/revisions\/7889"}],"wp:featuredmedia":[{"embeddable":true,"href":"https:\/\/fadeu.urantiacos.cl\/en\/wp-json\/wp\/v2\/media\/7887"}],"wp:attachment":[{"href":"https:\/\/fadeu.urantiacos.cl\/en\/wp-json\/wp\/v2\/media?parent=7886"}],"wp:term":[{"taxonomy":"category","embeddable":true,"href":"https:\/\/fadeu.urantiacos.cl\/en\/wp-json\/wp\/v2\/categories?post=7886"},{"taxonomy":"post_tag","embeddable":true,"href":"https:\/\/fadeu.urantiacos.cl\/en\/wp-json\/wp\/v2\/tags?post=7886"}],"curies":[{"name":"wp","href":"https:\/\/api.w.org\/{rel}","templated":true}]}}