{"id":7880,"date":"2020-11-16T17:25:00","date_gmt":"2020-11-16T20:25:00","guid":{"rendered":"https:\/\/fadeu.urantiacos.cl\/?p=7880"},"modified":"2023-09-09T17:27:09","modified_gmt":"2023-09-09T20:27:09","slug":"profesores-arq-uc-participaron-en-ciclo-de-la-fau-uch","status":"publish","type":"post","link":"https:\/\/fadeu.urantiacos.cl\/en\/2020\/11\/16\/profesores-arq-uc-participaron-en-ciclo-de-la-fau-uch\/","title":{"rendered":"Profesores ARQ UC participaron en ciclo de la FAU UCh"},"content":{"rendered":"\n<figure class=\"wp-block-image size-full\"><img decoding=\"async\" width=\"350\" height=\"250\" src=\"https:\/\/fadeu.urantiacos.cl\/wp-content\/uploads\/2023\/09\/FAU_UCH_ACADEMICOS_UC_WEB.jpg\" alt=\"\" class=\"wp-image-7881\" srcset=\"https:\/\/fadeu.urantiacos.cl\/wp-content\/uploads\/2023\/09\/FAU_UCH_ACADEMICOS_UC_WEB.jpg 350w, https:\/\/fadeu.urantiacos.cl\/wp-content\/uploads\/2023\/09\/FAU_UCH_ACADEMICOS_UC_WEB-300x214.jpg 300w\" sizes=\"(max-width: 350px) 100vw, 350px\" \/><\/figure>\n\n\n\n<p>El ciclo se enmarca en la conmemoraci\u00f3n de los 170 a\u00f1os de la ense\u00f1anza de la arquitectura en Chile y los 75 a\u00f1os de la fundaci\u00f3n de la Facultad de Arquitectura y Urbanismo de la Universidad de Chile.<\/p>\n\n\n\n<p>Presentaciones de los profesores ARQ UC_<\/p>\n\n\n\n<p><br><strong>\u201cEl legado de la arquitectura y los desaf\u00edos para un nuevo Chile\u201d<\/strong><br>Invitados: Mario Ubilla, Ennio Vivaldi, Manuel Amaya, M\u00f3nica \u00c1lvarez de Oro.<br><a href=\"https:\/\/www.facebook.com\/watch\/?v=273724337118967\" target=\"_blank\" rel=\"noreferrer noopener\">AQU\u00cd.<\/a><\/p>\n\n\n\n<p><strong>\u201cConversaciones sobre arquitectura\u201d<\/strong><br>Invitados: Alberto Sato, Miguel Eyquem, Smiljan Radic, Domingo Arancibia.\u201cArquitectura, academia y g\u00e9nero\u201d<br><a href=\"https:\/\/www.facebook.com\/watch\/?v=341430510457979\" target=\"_blank\" rel=\"noreferrer noopener\">AQU\u00cd<\/a>.&nbsp;<\/p>\n\n\n\n<p><strong>\u201cArquitectura, academia y g\u00e9nero\u201d<\/strong><br>Invitadas: Paola Alfaro, Paola Jir\u00f3n, Mujer Arquitecta<br><a href=\"https:\/\/www.facebook.com\/watch\/?v=381227039737564\" target=\"_blank\" rel=\"noreferrer noopener\">AQU\u00cd<\/a>.<\/p>\n\n\n\n<p><strong>\u201cArquitectura y ciudad\u201d<\/strong><br>Jos\u00e9 Rosas, Teodoro Fern\u00e1ndez, Natalia Jorquera<a href=\"https:\/\/www.facebook.com\/watch\/live\/?v=1058478754617322&amp;ref=search\"><br><\/a><a href=\"https:\/\/www.facebook.com\/watch\/?v=1058478754617322\" target=\"_blank\" rel=\"noreferrer noopener\">AQU\u00cd<\/a>.<\/p>\n\n\n\n<p><strong>\u201cLa obra de Juan Borchers\u201d<\/strong><br>Fernando P\u00e9rez<br><a href=\"https:\/\/www.facebook.com\/watch\/?v=812675319498854\" target=\"_blank\" rel=\"noreferrer noopener\">AQU\u00cd<\/a>.<\/p>\n\n\n\n<p><strong>Clase Magistral<\/strong><br>Alejandro Aravena<br><a href=\"https:\/\/www.facebook.com\/watch\/?v=393364375043576\" target=\"_blank\" rel=\"noreferrer noopener\">AQU\u00cd<\/a>.<\/p>\n\n\n\n<p><br>Noticias<\/p>\n\n\n\n<p>Contacto:&nbsp;<a href=\"mailto:redesarq@uc.cl\">redesarq@uc.cl<\/a>&nbsp;| +56 2 2354 7747<br>www.arquitectura.uc.cl<\/p>\n","protected":false},"excerpt":{"rendered":"<p>El ciclo \u201cPabell\u00f3n del viento. Conversaciones sobre arquitectura\u201d, fue organizado por la Facultad de Arquitectura de la Universidad de Chile (FAU UCh) y tuvo como invitados \u2014entre otros\u2014, a los profesores ARQ UC Mario Ubilla, Fernando P\u00e9rez, Teodoro Fern\u00e1ndez, Jos\u00e9 Rosas, Paola Alfaro, Alberto Sato y Alejandro Aravena.<\/p>\n","protected":false},"author":1,"featured_media":7881,"comment_status":"open","ping_status":"open","sticky":false,"template":"","format":"standard","meta":{"_acf_changed":false,"footnotes":""},"categories":[1],"tags":[],"class_list":["post-7880","post","type-post","status-publish","format-standard","has-post-thumbnail","hentry","category-sin-categorizar"],"acf":[],"yoast_head":"<!-- This site is optimized with the Yoast SEO plugin v27.1.1 - https:\/\/yoast.com\/product\/yoast-seo-wordpress\/ -->\n<title>Profesores ARQ UC participaron en ciclo de la FAU UCh - Facultad de Arquitectura, Dise\u00f1o y Estudios Urbanos<\/title>\n<meta name=\"description\" content=\"El ciclo \u201cPabell\u00f3n del viento. Conversaciones sobre arquitectura\u201d, fue organizado por la Facultad de Arquitectura de la Universidad de Chile (FAU UCh) y tuvo como invitados \u2014entre otros\u2014, a los profesores ARQ UC Mario Ubilla, Fernando P\u00e9rez, Teodoro Fern\u00e1ndez, Jos\u00e9 Rosas, Paola Alfaro, Alberto Sato y Alejandro Aravena.\" \/>\n<meta name=\"robots\" content=\"index, follow, max-snippet:-1, max-image-preview:large, max-video-preview:-1\" \/>\n<link rel=\"canonical\" href=\"https:\/\/fadeu.urantiacos.cl\/en\/2020\/11\/16\/profesores-arq-uc-participaron-en-ciclo-de-la-fau-uch\/\" \/>\n<meta property=\"og:locale\" content=\"en_US\" \/>\n<meta property=\"og:type\" content=\"article\" \/>\n<meta property=\"og:title\" content=\"Profesores ARQ UC participaron en ciclo de la FAU UCh - Facultad de Arquitectura, Dise\u00f1o y Estudios Urbanos\" \/>\n<meta property=\"og:description\" content=\"El ciclo \u201cPabell\u00f3n del viento. Conversaciones sobre arquitectura\u201d, fue organizado por la Facultad de Arquitectura de la Universidad de Chile (FAU UCh) y tuvo como invitados \u2014entre otros\u2014, a los profesores ARQ UC Mario Ubilla, Fernando P\u00e9rez, Teodoro Fern\u00e1ndez, Jos\u00e9 Rosas, Paola Alfaro, Alberto Sato y Alejandro Aravena.\" \/>\n<meta property=\"og:url\" content=\"https:\/\/fadeu.urantiacos.cl\/en\/2020\/11\/16\/profesores-arq-uc-participaron-en-ciclo-de-la-fau-uch\/\" \/>\n<meta property=\"og:site_name\" content=\"Facultad de Arquitectura, Dise\u00f1o y Estudios Urbanos\" \/>\n<meta property=\"article:published_time\" content=\"2020-11-16T20:25:00+00:00\" \/>\n<meta property=\"article:modified_time\" content=\"2023-09-09T20:27:09+00:00\" \/>\n<meta property=\"og:image\" content=\"https:\/\/fadeu.urantiacos.cl\/wp-content\/uploads\/2023\/09\/FAU_UCH_ACADEMICOS_UC_WEB.jpg\" \/>\n\t<meta property=\"og:image:width\" content=\"350\" \/>\n\t<meta property=\"og:image:height\" content=\"250\" \/>\n\t<meta property=\"og:image:type\" content=\"image\/jpeg\" \/>\n<meta name=\"author\" content=\"manadmin\" \/>\n<meta name=\"twitter:card\" content=\"summary_large_image\" \/>\n<meta name=\"twitter:label1\" content=\"Written by\" \/>\n\t<meta name=\"twitter:data1\" content=\"manadmin\" \/>\n\t<meta name=\"twitter:label2\" content=\"Est. reading time\" \/>\n\t<meta name=\"twitter:data2\" content=\"1 minute\" \/>\n<script type=\"application\/ld+json\" class=\"yoast-schema-graph\">{\"@context\":\"https:\/\/schema.org\",\"@graph\":[{\"@type\":\"Article\",\"@id\":\"https:\/\/fadeu.urantiacos.cl\/en\/2020\/11\/16\/profesores-arq-uc-participaron-en-ciclo-de-la-fau-uch\/#article\",\"isPartOf\":{\"@id\":\"https:\/\/fadeu.urantiacos.cl\/en\/2020\/11\/16\/profesores-arq-uc-participaron-en-ciclo-de-la-fau-uch\/\"},\"author\":{\"name\":\"manadmin\",\"@id\":\"https:\/\/fadeu.urantiacos.cl\/en\/#\/schema\/person\/d203e2e84b1c40275eac77b3061a19a2\"},\"headline\":\"Profesores ARQ UC participaron en ciclo de la FAU UCh\",\"datePublished\":\"2020-11-16T20:25:00+00:00\",\"dateModified\":\"2023-09-09T20:27:09+00:00\",\"mainEntityOfPage\":{\"@id\":\"https:\/\/fadeu.urantiacos.cl\/en\/2020\/11\/16\/profesores-arq-uc-participaron-en-ciclo-de-la-fau-uch\/\"},\"wordCount\":152,\"commentCount\":0,\"image\":{\"@id\":\"https:\/\/fadeu.urantiacos.cl\/en\/2020\/11\/16\/profesores-arq-uc-participaron-en-ciclo-de-la-fau-uch\/#primaryimage\"},\"thumbnailUrl\":\"https:\/\/fadeu.urantiacos.cl\/wp-content\/uploads\/2023\/09\/FAU_UCH_ACADEMICOS_UC_WEB.jpg\",\"articleSection\":[\"Sin categorizar\"],\"inLanguage\":\"en-US\",\"potentialAction\":[{\"@type\":\"CommentAction\",\"name\":\"Comment\",\"target\":[\"https:\/\/fadeu.urantiacos.cl\/en\/2020\/11\/16\/profesores-arq-uc-participaron-en-ciclo-de-la-fau-uch\/#respond\"]}]},{\"@type\":\"WebPage\",\"@id\":\"https:\/\/fadeu.urantiacos.cl\/en\/2020\/11\/16\/profesores-arq-uc-participaron-en-ciclo-de-la-fau-uch\/\",\"url\":\"https:\/\/fadeu.urantiacos.cl\/en\/2020\/11\/16\/profesores-arq-uc-participaron-en-ciclo-de-la-fau-uch\/\",\"name\":\"Profesores ARQ UC participaron en ciclo de la FAU UCh - Facultad de Arquitectura, Dise\u00f1o y Estudios Urbanos\",\"isPartOf\":{\"@id\":\"https:\/\/fadeu.urantiacos.cl\/en\/#website\"},\"primaryImageOfPage\":{\"@id\":\"https:\/\/fadeu.urantiacos.cl\/en\/2020\/11\/16\/profesores-arq-uc-participaron-en-ciclo-de-la-fau-uch\/#primaryimage\"},\"image\":{\"@id\":\"https:\/\/fadeu.urantiacos.cl\/en\/2020\/11\/16\/profesores-arq-uc-participaron-en-ciclo-de-la-fau-uch\/#primaryimage\"},\"thumbnailUrl\":\"https:\/\/fadeu.urantiacos.cl\/wp-content\/uploads\/2023\/09\/FAU_UCH_ACADEMICOS_UC_WEB.jpg\",\"datePublished\":\"2020-11-16T20:25:00+00:00\",\"dateModified\":\"2023-09-09T20:27:09+00:00\",\"author\":{\"@id\":\"https:\/\/fadeu.urantiacos.cl\/en\/#\/schema\/person\/d203e2e84b1c40275eac77b3061a19a2\"},\"description\":\"El ciclo \u201cPabell\u00f3n del viento. Conversaciones sobre arquitectura\u201d, fue organizado por la Facultad de Arquitectura de la Universidad de Chile (FAU UCh) y tuvo como invitados \u2014entre otros\u2014, a los profesores ARQ UC Mario Ubilla, Fernando P\u00e9rez, Teodoro Fern\u00e1ndez, Jos\u00e9 Rosas, Paola Alfaro, Alberto Sato y Alejandro Aravena.\",\"breadcrumb\":{\"@id\":\"https:\/\/fadeu.urantiacos.cl\/en\/2020\/11\/16\/profesores-arq-uc-participaron-en-ciclo-de-la-fau-uch\/#breadcrumb\"},\"inLanguage\":\"en-US\",\"potentialAction\":[{\"@type\":\"ReadAction\",\"target\":[\"https:\/\/fadeu.urantiacos.cl\/en\/2020\/11\/16\/profesores-arq-uc-participaron-en-ciclo-de-la-fau-uch\/\"]}]},{\"@type\":\"ImageObject\",\"inLanguage\":\"en-US\",\"@id\":\"https:\/\/fadeu.urantiacos.cl\/en\/2020\/11\/16\/profesores-arq-uc-participaron-en-ciclo-de-la-fau-uch\/#primaryimage\",\"url\":\"https:\/\/fadeu.urantiacos.cl\/wp-content\/uploads\/2023\/09\/FAU_UCH_ACADEMICOS_UC_WEB.jpg\",\"contentUrl\":\"https:\/\/fadeu.urantiacos.cl\/wp-content\/uploads\/2023\/09\/FAU_UCH_ACADEMICOS_UC_WEB.jpg\",\"width\":350,\"height\":250},{\"@type\":\"BreadcrumbList\",\"@id\":\"https:\/\/fadeu.urantiacos.cl\/en\/2020\/11\/16\/profesores-arq-uc-participaron-en-ciclo-de-la-fau-uch\/#breadcrumb\",\"itemListElement\":[{\"@type\":\"ListItem\",\"position\":1,\"name\":\"Portada\",\"item\":\"https:\/\/fadeu.urantiacos.cl\/en\/\"},{\"@type\":\"ListItem\",\"position\":2,\"name\":\"Profesores ARQ UC participaron en ciclo de la FAU UCh\"}]},{\"@type\":\"WebSite\",\"@id\":\"https:\/\/fadeu.urantiacos.cl\/en\/#website\",\"url\":\"https:\/\/fadeu.urantiacos.cl\/en\/\",\"name\":\"Facultad de Arquitectura, Dise\u00f1o y Estudios Urbanos\",\"description\":\"Campus Lo Contador\",\"potentialAction\":[{\"@type\":\"SearchAction\",\"target\":{\"@type\":\"EntryPoint\",\"urlTemplate\":\"https:\/\/fadeu.urantiacos.cl\/en\/?s={search_term_string}\"},\"query-input\":{\"@type\":\"PropertyValueSpecification\",\"valueRequired\":true,\"valueName\":\"search_term_string\"}}],\"inLanguage\":\"en-US\"},{\"@type\":\"Person\",\"@id\":\"https:\/\/fadeu.urantiacos.cl\/en\/#\/schema\/person\/d203e2e84b1c40275eac77b3061a19a2\",\"name\":\"manadmin\",\"image\":{\"@type\":\"ImageObject\",\"inLanguage\":\"en-US\",\"@id\":\"https:\/\/fadeu.urantiacos.cl\/en\/#\/schema\/person\/image\/\",\"url\":\"https:\/\/secure.gravatar.com\/avatar\/4b1d8e3303b4a9d8968ac578947d8bc80d9aea359f388cdd4aac15cadc0e8447?s=96&d=mm&r=g\",\"contentUrl\":\"https:\/\/secure.gravatar.com\/avatar\/4b1d8e3303b4a9d8968ac578947d8bc80d9aea359f388cdd4aac15cadc0e8447?s=96&d=mm&r=g\",\"caption\":\"manadmin\"},\"sameAs\":[\"https:\/\/fadeu.urantiacos.cl\"]}]}<\/script>\n<!-- \/ Yoast SEO plugin. -->","yoast_head_json":{"title":"Profesores ARQ UC participaron en ciclo de la FAU UCh - Facultad de Arquitectura, Dise\u00f1o y Estudios Urbanos","description":"El ciclo \u201cPabell\u00f3n del viento. Conversaciones sobre arquitectura\u201d, fue organizado por la Facultad de Arquitectura de la Universidad de Chile (FAU UCh) y tuvo como invitados \u2014entre otros\u2014, a los profesores ARQ UC Mario Ubilla, Fernando P\u00e9rez, Teodoro Fern\u00e1ndez, Jos\u00e9 Rosas, Paola Alfaro, Alberto Sato y Alejandro Aravena.","robots":{"index":"index","follow":"follow","max-snippet":"max-snippet:-1","max-image-preview":"max-image-preview:large","max-video-preview":"max-video-preview:-1"},"canonical":"https:\/\/fadeu.urantiacos.cl\/en\/2020\/11\/16\/profesores-arq-uc-participaron-en-ciclo-de-la-fau-uch\/","og_locale":"en_US","og_type":"article","og_title":"Profesores ARQ UC participaron en ciclo de la FAU UCh - Facultad de Arquitectura, Dise\u00f1o y Estudios Urbanos","og_description":"El ciclo \u201cPabell\u00f3n del viento. Conversaciones sobre arquitectura\u201d, fue organizado por la Facultad de Arquitectura de la Universidad de Chile (FAU UCh) y tuvo como invitados \u2014entre otros\u2014, a los profesores ARQ UC Mario Ubilla, Fernando P\u00e9rez, Teodoro Fern\u00e1ndez, Jos\u00e9 Rosas, Paola Alfaro, Alberto Sato y Alejandro Aravena.","og_url":"https:\/\/fadeu.urantiacos.cl\/en\/2020\/11\/16\/profesores-arq-uc-participaron-en-ciclo-de-la-fau-uch\/","og_site_name":"Facultad de Arquitectura, Dise\u00f1o y Estudios Urbanos","article_published_time":"2020-11-16T20:25:00+00:00","article_modified_time":"2023-09-09T20:27:09+00:00","og_image":[{"width":350,"height":250,"url":"https:\/\/fadeu.urantiacos.cl\/wp-content\/uploads\/2023\/09\/FAU_UCH_ACADEMICOS_UC_WEB.jpg","type":"image\/jpeg"}],"author":"manadmin","twitter_card":"summary_large_image","twitter_misc":{"Written by":"manadmin","Est. reading time":"1 minute"},"schema":{"@context":"https:\/\/schema.org","@graph":[{"@type":"Article","@id":"https:\/\/fadeu.urantiacos.cl\/en\/2020\/11\/16\/profesores-arq-uc-participaron-en-ciclo-de-la-fau-uch\/#article","isPartOf":{"@id":"https:\/\/fadeu.urantiacos.cl\/en\/2020\/11\/16\/profesores-arq-uc-participaron-en-ciclo-de-la-fau-uch\/"},"author":{"name":"manadmin","@id":"https:\/\/fadeu.urantiacos.cl\/en\/#\/schema\/person\/d203e2e84b1c40275eac77b3061a19a2"},"headline":"Profesores ARQ UC participaron en ciclo de la FAU UCh","datePublished":"2020-11-16T20:25:00+00:00","dateModified":"2023-09-09T20:27:09+00:00","mainEntityOfPage":{"@id":"https:\/\/fadeu.urantiacos.cl\/en\/2020\/11\/16\/profesores-arq-uc-participaron-en-ciclo-de-la-fau-uch\/"},"wordCount":152,"commentCount":0,"image":{"@id":"https:\/\/fadeu.urantiacos.cl\/en\/2020\/11\/16\/profesores-arq-uc-participaron-en-ciclo-de-la-fau-uch\/#primaryimage"},"thumbnailUrl":"https:\/\/fadeu.urantiacos.cl\/wp-content\/uploads\/2023\/09\/FAU_UCH_ACADEMICOS_UC_WEB.jpg","articleSection":["Sin categorizar"],"inLanguage":"en-US","potentialAction":[{"@type":"CommentAction","name":"Comment","target":["https:\/\/fadeu.urantiacos.cl\/en\/2020\/11\/16\/profesores-arq-uc-participaron-en-ciclo-de-la-fau-uch\/#respond"]}]},{"@type":"WebPage","@id":"https:\/\/fadeu.urantiacos.cl\/en\/2020\/11\/16\/profesores-arq-uc-participaron-en-ciclo-de-la-fau-uch\/","url":"https:\/\/fadeu.urantiacos.cl\/en\/2020\/11\/16\/profesores-arq-uc-participaron-en-ciclo-de-la-fau-uch\/","name":"Profesores ARQ UC participaron en ciclo de la FAU UCh - Facultad de Arquitectura, Dise\u00f1o y Estudios Urbanos","isPartOf":{"@id":"https:\/\/fadeu.urantiacos.cl\/en\/#website"},"primaryImageOfPage":{"@id":"https:\/\/fadeu.urantiacos.cl\/en\/2020\/11\/16\/profesores-arq-uc-participaron-en-ciclo-de-la-fau-uch\/#primaryimage"},"image":{"@id":"https:\/\/fadeu.urantiacos.cl\/en\/2020\/11\/16\/profesores-arq-uc-participaron-en-ciclo-de-la-fau-uch\/#primaryimage"},"thumbnailUrl":"https:\/\/fadeu.urantiacos.cl\/wp-content\/uploads\/2023\/09\/FAU_UCH_ACADEMICOS_UC_WEB.jpg","datePublished":"2020-11-16T20:25:00+00:00","dateModified":"2023-09-09T20:27:09+00:00","author":{"@id":"https:\/\/fadeu.urantiacos.cl\/en\/#\/schema\/person\/d203e2e84b1c40275eac77b3061a19a2"},"description":"El ciclo \u201cPabell\u00f3n del viento. Conversaciones sobre arquitectura\u201d, fue organizado por la Facultad de Arquitectura de la Universidad de Chile (FAU UCh) y tuvo como invitados \u2014entre otros\u2014, a los profesores ARQ UC Mario Ubilla, Fernando P\u00e9rez, Teodoro Fern\u00e1ndez, Jos\u00e9 Rosas, Paola Alfaro, Alberto Sato y Alejandro Aravena.","breadcrumb":{"@id":"https:\/\/fadeu.urantiacos.cl\/en\/2020\/11\/16\/profesores-arq-uc-participaron-en-ciclo-de-la-fau-uch\/#breadcrumb"},"inLanguage":"en-US","potentialAction":[{"@type":"ReadAction","target":["https:\/\/fadeu.urantiacos.cl\/en\/2020\/11\/16\/profesores-arq-uc-participaron-en-ciclo-de-la-fau-uch\/"]}]},{"@type":"ImageObject","inLanguage":"en-US","@id":"https:\/\/fadeu.urantiacos.cl\/en\/2020\/11\/16\/profesores-arq-uc-participaron-en-ciclo-de-la-fau-uch\/#primaryimage","url":"https:\/\/fadeu.urantiacos.cl\/wp-content\/uploads\/2023\/09\/FAU_UCH_ACADEMICOS_UC_WEB.jpg","contentUrl":"https:\/\/fadeu.urantiacos.cl\/wp-content\/uploads\/2023\/09\/FAU_UCH_ACADEMICOS_UC_WEB.jpg","width":350,"height":250},{"@type":"BreadcrumbList","@id":"https:\/\/fadeu.urantiacos.cl\/en\/2020\/11\/16\/profesores-arq-uc-participaron-en-ciclo-de-la-fau-uch\/#breadcrumb","itemListElement":[{"@type":"ListItem","position":1,"name":"Portada","item":"https:\/\/fadeu.urantiacos.cl\/en\/"},{"@type":"ListItem","position":2,"name":"Profesores ARQ UC participaron en ciclo de la FAU UCh"}]},{"@type":"WebSite","@id":"https:\/\/fadeu.urantiacos.cl\/en\/#website","url":"https:\/\/fadeu.urantiacos.cl\/en\/","name":"Facultad de Arquitectura, Dise\u00f1o y Estudios Urbanos","description":"Campus Lo Contador","potentialAction":[{"@type":"SearchAction","target":{"@type":"EntryPoint","urlTemplate":"https:\/\/fadeu.urantiacos.cl\/en\/?s={search_term_string}"},"query-input":{"@type":"PropertyValueSpecification","valueRequired":true,"valueName":"search_term_string"}}],"inLanguage":"en-US"},{"@type":"Person","@id":"https:\/\/fadeu.urantiacos.cl\/en\/#\/schema\/person\/d203e2e84b1c40275eac77b3061a19a2","name":"manadmin","image":{"@type":"ImageObject","inLanguage":"en-US","@id":"https:\/\/fadeu.urantiacos.cl\/en\/#\/schema\/person\/image\/","url":"https:\/\/secure.gravatar.com\/avatar\/4b1d8e3303b4a9d8968ac578947d8bc80d9aea359f388cdd4aac15cadc0e8447?s=96&d=mm&r=g","contentUrl":"https:\/\/secure.gravatar.com\/avatar\/4b1d8e3303b4a9d8968ac578947d8bc80d9aea359f388cdd4aac15cadc0e8447?s=96&d=mm&r=g","caption":"manadmin"},"sameAs":["https:\/\/fadeu.urantiacos.cl"]}]}},"_links":{"self":[{"href":"https:\/\/fadeu.urantiacos.cl\/en\/wp-json\/wp\/v2\/posts\/7880","targetHints":{"allow":["GET"]}}],"collection":[{"href":"https:\/\/fadeu.urantiacos.cl\/en\/wp-json\/wp\/v2\/posts"}],"about":[{"href":"https:\/\/fadeu.urantiacos.cl\/en\/wp-json\/wp\/v2\/types\/post"}],"author":[{"embeddable":true,"href":"https:\/\/fadeu.urantiacos.cl\/en\/wp-json\/wp\/v2\/users\/1"}],"replies":[{"embeddable":true,"href":"https:\/\/fadeu.urantiacos.cl\/en\/wp-json\/wp\/v2\/comments?post=7880"}],"version-history":[{"count":1,"href":"https:\/\/fadeu.urantiacos.cl\/en\/wp-json\/wp\/v2\/posts\/7880\/revisions"}],"predecessor-version":[{"id":7882,"href":"https:\/\/fadeu.urantiacos.cl\/en\/wp-json\/wp\/v2\/posts\/7880\/revisions\/7882"}],"wp:featuredmedia":[{"embeddable":true,"href":"https:\/\/fadeu.urantiacos.cl\/en\/wp-json\/wp\/v2\/media\/7881"}],"wp:attachment":[{"href":"https:\/\/fadeu.urantiacos.cl\/en\/wp-json\/wp\/v2\/media?parent=7880"}],"wp:term":[{"taxonomy":"category","embeddable":true,"href":"https:\/\/fadeu.urantiacos.cl\/en\/wp-json\/wp\/v2\/categories?post=7880"},{"taxonomy":"post_tag","embeddable":true,"href":"https:\/\/fadeu.urantiacos.cl\/en\/wp-json\/wp\/v2\/tags?post=7880"}],"curies":[{"name":"wp","href":"https:\/\/api.w.org\/{rel}","templated":true}]}}