{"id":7877,"date":"2020-11-16T17:23:00","date_gmt":"2020-11-16T20:23:00","guid":{"rendered":"https:\/\/fadeu.urantiacos.cl\/?p=7877"},"modified":"2023-09-09T17:25:33","modified_gmt":"2023-09-09T20:25:33","slug":"comite-de-busqueda-presenta-terna-para-eleccion-de-futuro-decano-a-fadeu-uc","status":"publish","type":"post","link":"https:\/\/fadeu.urantiacos.cl\/en\/2020\/11\/16\/comite-de-busqueda-presenta-terna-para-eleccion-de-futuro-decano-a-fadeu-uc\/","title":{"rendered":"Comit\u00e9 de B\u00fasqueda presenta terna para elecci\u00f3n de futuro Decano\/a FADEU UC"},"content":{"rendered":"\n<figure class=\"wp-block-image size-full\"><img decoding=\"async\" width=\"350\" height=\"250\" src=\"https:\/\/fadeu.urantiacos.cl\/wp-content\/uploads\/2023\/09\/Candidatos_Decano_a.png\" alt=\"\" class=\"wp-image-7878\" srcset=\"https:\/\/fadeu.urantiacos.cl\/wp-content\/uploads\/2023\/09\/Candidatos_Decano_a.png 350w, https:\/\/fadeu.urantiacos.cl\/wp-content\/uploads\/2023\/09\/Candidatos_Decano_a-300x214.png 300w\" sizes=\"(max-width: 350px) 100vw, 350px\" \/><\/figure>\n\n\n\n<p>Con fecha 16 de septiembre de este a\u00f1o constituy\u00f3 el Comit\u00e9 de B\u00fasqueda de Decano de la Facultad, presidido por la profesora Sol Serrano, representante del Rector, y por lo miembros elegidos profesores Waldo Bustamante, Alejandro Crispiani, Soledad Hoces de la Guardia, Arturo Orellana, Wren Strabucchi y la profesora Milena Grass, designada por el Consejo de Facultad, para presentar la terna oficial.<\/p>\n\n\n\n<p>Lo anterior, luego de 25 sesiones y de reunirse con m\u00e1s de 150 personas de la Facultad y externos, finalizando oficialmente su trabajo el pasado 13 de noviembre, proceso que culmina con la propuesta oficial de la terna anteriormente detallada, y que fue coordinado por la Secretaria Acad\u00e9mica FADEU, Pilar Garc\u00eda.<\/p>\n\n\n\n<p>En acuerdo del propio Comit\u00e9, conforme los estatutos de la Pontificia Universidad Cat\u00f3lica de Chile, las elecciones se realizar\u00e1n el lunes 30 de noviembre, luego de que los tres candidatos presenten sus distintas visiones a la comunidad, en una reuni\u00f3n abierta, v\u00eda ZOOM, a realizarse el viernes 27 de noviembre de 16:00 a 18:30 horas.<\/p>\n\n\n\n<p>INFORMACI\u00d3N PERIOD\u00cdSTICA<br>JUAN ANDR\u00c9S INZUNZA<\/p>\n","protected":false},"excerpt":{"rendered":"<p>Los profesores Pedro Alonso y Romy Hecht de la escuela de Arquitectura, y el actual Decano de la Facultad de Arquitectura, Dise\u00f1o y Estudios Urbanos UC, Mario Ubilla, son quienes conforman oficialmente la terna presentada por el Comit\u00e9 de B\u00fasqueda FADEU para las pr\u00f3ximas elecciones a la Decanatura de la Facultad.<\/p>\n","protected":false},"author":1,"featured_media":7878,"comment_status":"open","ping_status":"open","sticky":false,"template":"","format":"standard","meta":{"_acf_changed":false,"footnotes":""},"categories":[1],"tags":[],"class_list":["post-7877","post","type-post","status-publish","format-standard","has-post-thumbnail","hentry","category-sin-categorizar"],"acf":[],"yoast_head":"<!-- This site is optimized with the Yoast SEO plugin v27.1.1 - https:\/\/yoast.com\/product\/yoast-seo-wordpress\/ -->\n<title>Comit\u00e9 de B\u00fasqueda presenta terna para elecci\u00f3n de futuro Decano\/a FADEU UC - Facultad de Arquitectura, Dise\u00f1o y Estudios Urbanos<\/title>\n<meta name=\"description\" content=\"Los profesores Pedro Alonso y Romy Hecht de la escuela de Arquitectura, y el actual Decano de la Facultad de Arquitectura, Dise\u00f1o y Estudios Urbanos UC, Mario Ubilla, son quienes conforman oficialmente la terna presentada por el Comit\u00e9 de B\u00fasqueda FADEU para las pr\u00f3ximas elecciones a la Decanatura de la Facultad.\" \/>\n<meta name=\"robots\" content=\"index, follow, max-snippet:-1, max-image-preview:large, max-video-preview:-1\" \/>\n<link rel=\"canonical\" href=\"https:\/\/fadeu.urantiacos.cl\/en\/2020\/11\/16\/comite-de-busqueda-presenta-terna-para-eleccion-de-futuro-decano-a-fadeu-uc\/\" \/>\n<meta property=\"og:locale\" content=\"en_US\" \/>\n<meta property=\"og:type\" content=\"article\" \/>\n<meta property=\"og:title\" content=\"Comit\u00e9 de B\u00fasqueda presenta terna para elecci\u00f3n de futuro Decano\/a FADEU UC - Facultad de Arquitectura, Dise\u00f1o y Estudios Urbanos\" \/>\n<meta property=\"og:description\" content=\"Los profesores Pedro Alonso y Romy Hecht de la escuela de Arquitectura, y el actual Decano de la Facultad de Arquitectura, Dise\u00f1o y Estudios Urbanos UC, Mario Ubilla, son quienes conforman oficialmente la terna presentada por el Comit\u00e9 de B\u00fasqueda FADEU para las pr\u00f3ximas elecciones a la Decanatura de la Facultad.\" \/>\n<meta property=\"og:url\" content=\"https:\/\/fadeu.urantiacos.cl\/en\/2020\/11\/16\/comite-de-busqueda-presenta-terna-para-eleccion-de-futuro-decano-a-fadeu-uc\/\" \/>\n<meta property=\"og:site_name\" content=\"Facultad de Arquitectura, Dise\u00f1o y Estudios Urbanos\" \/>\n<meta property=\"article:published_time\" content=\"2020-11-16T20:23:00+00:00\" \/>\n<meta property=\"article:modified_time\" content=\"2023-09-09T20:25:33+00:00\" \/>\n<meta property=\"og:image\" content=\"https:\/\/fadeu.urantiacos.cl\/wp-content\/uploads\/2023\/09\/Candidatos_Decano_a.png\" \/>\n\t<meta property=\"og:image:width\" content=\"350\" \/>\n\t<meta property=\"og:image:height\" content=\"250\" \/>\n\t<meta property=\"og:image:type\" content=\"image\/png\" \/>\n<meta name=\"author\" content=\"manadmin\" \/>\n<meta name=\"twitter:card\" content=\"summary_large_image\" \/>\n<meta name=\"twitter:label1\" content=\"Written by\" \/>\n\t<meta name=\"twitter:data1\" content=\"manadmin\" \/>\n\t<meta name=\"twitter:label2\" content=\"Est. reading time\" \/>\n\t<meta name=\"twitter:data2\" content=\"1 minute\" \/>\n<script type=\"application\/ld+json\" class=\"yoast-schema-graph\">{\"@context\":\"https:\/\/schema.org\",\"@graph\":[{\"@type\":\"Article\",\"@id\":\"https:\/\/fadeu.urantiacos.cl\/en\/2020\/11\/16\/comite-de-busqueda-presenta-terna-para-eleccion-de-futuro-decano-a-fadeu-uc\/#article\",\"isPartOf\":{\"@id\":\"https:\/\/fadeu.urantiacos.cl\/en\/2020\/11\/16\/comite-de-busqueda-presenta-terna-para-eleccion-de-futuro-decano-a-fadeu-uc\/\"},\"author\":{\"name\":\"manadmin\",\"@id\":\"https:\/\/fadeu.urantiacos.cl\/en\/#\/schema\/person\/d203e2e84b1c40275eac77b3061a19a2\"},\"headline\":\"Comit\u00e9 de B\u00fasqueda presenta terna para elecci\u00f3n de futuro Decano\/a FADEU UC\",\"datePublished\":\"2020-11-16T20:23:00+00:00\",\"dateModified\":\"2023-09-09T20:25:33+00:00\",\"mainEntityOfPage\":{\"@id\":\"https:\/\/fadeu.urantiacos.cl\/en\/2020\/11\/16\/comite-de-busqueda-presenta-terna-para-eleccion-de-futuro-decano-a-fadeu-uc\/\"},\"wordCount\":191,\"commentCount\":0,\"image\":{\"@id\":\"https:\/\/fadeu.urantiacos.cl\/en\/2020\/11\/16\/comite-de-busqueda-presenta-terna-para-eleccion-de-futuro-decano-a-fadeu-uc\/#primaryimage\"},\"thumbnailUrl\":\"https:\/\/fadeu.urantiacos.cl\/wp-content\/uploads\/2023\/09\/Candidatos_Decano_a.png\",\"articleSection\":[\"Sin categorizar\"],\"inLanguage\":\"en-US\",\"potentialAction\":[{\"@type\":\"CommentAction\",\"name\":\"Comment\",\"target\":[\"https:\/\/fadeu.urantiacos.cl\/en\/2020\/11\/16\/comite-de-busqueda-presenta-terna-para-eleccion-de-futuro-decano-a-fadeu-uc\/#respond\"]}]},{\"@type\":\"WebPage\",\"@id\":\"https:\/\/fadeu.urantiacos.cl\/en\/2020\/11\/16\/comite-de-busqueda-presenta-terna-para-eleccion-de-futuro-decano-a-fadeu-uc\/\",\"url\":\"https:\/\/fadeu.urantiacos.cl\/en\/2020\/11\/16\/comite-de-busqueda-presenta-terna-para-eleccion-de-futuro-decano-a-fadeu-uc\/\",\"name\":\"Comit\u00e9 de B\u00fasqueda presenta terna para elecci\u00f3n de futuro Decano\/a FADEU UC - Facultad de Arquitectura, Dise\u00f1o y Estudios Urbanos\",\"isPartOf\":{\"@id\":\"https:\/\/fadeu.urantiacos.cl\/en\/#website\"},\"primaryImageOfPage\":{\"@id\":\"https:\/\/fadeu.urantiacos.cl\/en\/2020\/11\/16\/comite-de-busqueda-presenta-terna-para-eleccion-de-futuro-decano-a-fadeu-uc\/#primaryimage\"},\"image\":{\"@id\":\"https:\/\/fadeu.urantiacos.cl\/en\/2020\/11\/16\/comite-de-busqueda-presenta-terna-para-eleccion-de-futuro-decano-a-fadeu-uc\/#primaryimage\"},\"thumbnailUrl\":\"https:\/\/fadeu.urantiacos.cl\/wp-content\/uploads\/2023\/09\/Candidatos_Decano_a.png\",\"datePublished\":\"2020-11-16T20:23:00+00:00\",\"dateModified\":\"2023-09-09T20:25:33+00:00\",\"author\":{\"@id\":\"https:\/\/fadeu.urantiacos.cl\/en\/#\/schema\/person\/d203e2e84b1c40275eac77b3061a19a2\"},\"description\":\"Los profesores Pedro Alonso y Romy Hecht de la escuela de Arquitectura, y el actual Decano de la Facultad de Arquitectura, Dise\u00f1o y Estudios Urbanos UC, Mario Ubilla, son quienes conforman oficialmente la terna presentada por el Comit\u00e9 de B\u00fasqueda FADEU para las pr\u00f3ximas elecciones a la Decanatura de la Facultad.\",\"breadcrumb\":{\"@id\":\"https:\/\/fadeu.urantiacos.cl\/en\/2020\/11\/16\/comite-de-busqueda-presenta-terna-para-eleccion-de-futuro-decano-a-fadeu-uc\/#breadcrumb\"},\"inLanguage\":\"en-US\",\"potentialAction\":[{\"@type\":\"ReadAction\",\"target\":[\"https:\/\/fadeu.urantiacos.cl\/en\/2020\/11\/16\/comite-de-busqueda-presenta-terna-para-eleccion-de-futuro-decano-a-fadeu-uc\/\"]}]},{\"@type\":\"ImageObject\",\"inLanguage\":\"en-US\",\"@id\":\"https:\/\/fadeu.urantiacos.cl\/en\/2020\/11\/16\/comite-de-busqueda-presenta-terna-para-eleccion-de-futuro-decano-a-fadeu-uc\/#primaryimage\",\"url\":\"https:\/\/fadeu.urantiacos.cl\/wp-content\/uploads\/2023\/09\/Candidatos_Decano_a.png\",\"contentUrl\":\"https:\/\/fadeu.urantiacos.cl\/wp-content\/uploads\/2023\/09\/Candidatos_Decano_a.png\",\"width\":350,\"height\":250},{\"@type\":\"BreadcrumbList\",\"@id\":\"https:\/\/fadeu.urantiacos.cl\/en\/2020\/11\/16\/comite-de-busqueda-presenta-terna-para-eleccion-de-futuro-decano-a-fadeu-uc\/#breadcrumb\",\"itemListElement\":[{\"@type\":\"ListItem\",\"position\":1,\"name\":\"Portada\",\"item\":\"https:\/\/fadeu.urantiacos.cl\/en\/\"},{\"@type\":\"ListItem\",\"position\":2,\"name\":\"Comit\u00e9 de B\u00fasqueda presenta terna para elecci\u00f3n de futuro Decano\/a FADEU UC\"}]},{\"@type\":\"WebSite\",\"@id\":\"https:\/\/fadeu.urantiacos.cl\/en\/#website\",\"url\":\"https:\/\/fadeu.urantiacos.cl\/en\/\",\"name\":\"Facultad de Arquitectura, Dise\u00f1o y Estudios Urbanos\",\"description\":\"Campus Lo Contador\",\"potentialAction\":[{\"@type\":\"SearchAction\",\"target\":{\"@type\":\"EntryPoint\",\"urlTemplate\":\"https:\/\/fadeu.urantiacos.cl\/en\/?s={search_term_string}\"},\"query-input\":{\"@type\":\"PropertyValueSpecification\",\"valueRequired\":true,\"valueName\":\"search_term_string\"}}],\"inLanguage\":\"en-US\"},{\"@type\":\"Person\",\"@id\":\"https:\/\/fadeu.urantiacos.cl\/en\/#\/schema\/person\/d203e2e84b1c40275eac77b3061a19a2\",\"name\":\"manadmin\",\"image\":{\"@type\":\"ImageObject\",\"inLanguage\":\"en-US\",\"@id\":\"https:\/\/fadeu.urantiacos.cl\/en\/#\/schema\/person\/image\/\",\"url\":\"https:\/\/secure.gravatar.com\/avatar\/4b1d8e3303b4a9d8968ac578947d8bc80d9aea359f388cdd4aac15cadc0e8447?s=96&d=mm&r=g\",\"contentUrl\":\"https:\/\/secure.gravatar.com\/avatar\/4b1d8e3303b4a9d8968ac578947d8bc80d9aea359f388cdd4aac15cadc0e8447?s=96&d=mm&r=g\",\"caption\":\"manadmin\"},\"sameAs\":[\"https:\/\/fadeu.urantiacos.cl\"]}]}<\/script>\n<!-- \/ Yoast SEO plugin. -->","yoast_head_json":{"title":"Comit\u00e9 de B\u00fasqueda presenta terna para elecci\u00f3n de futuro Decano\/a FADEU UC - Facultad de Arquitectura, Dise\u00f1o y Estudios Urbanos","description":"Los profesores Pedro Alonso y Romy Hecht de la escuela de Arquitectura, y el actual Decano de la Facultad de Arquitectura, Dise\u00f1o y Estudios Urbanos UC, Mario Ubilla, son quienes conforman oficialmente la terna presentada por el Comit\u00e9 de B\u00fasqueda FADEU para las pr\u00f3ximas elecciones a la Decanatura de la Facultad.","robots":{"index":"index","follow":"follow","max-snippet":"max-snippet:-1","max-image-preview":"max-image-preview:large","max-video-preview":"max-video-preview:-1"},"canonical":"https:\/\/fadeu.urantiacos.cl\/en\/2020\/11\/16\/comite-de-busqueda-presenta-terna-para-eleccion-de-futuro-decano-a-fadeu-uc\/","og_locale":"en_US","og_type":"article","og_title":"Comit\u00e9 de B\u00fasqueda presenta terna para elecci\u00f3n de futuro Decano\/a FADEU UC - Facultad de Arquitectura, Dise\u00f1o y Estudios Urbanos","og_description":"Los profesores Pedro Alonso y Romy Hecht de la escuela de Arquitectura, y el actual Decano de la Facultad de Arquitectura, Dise\u00f1o y Estudios Urbanos UC, Mario Ubilla, son quienes conforman oficialmente la terna presentada por el Comit\u00e9 de B\u00fasqueda FADEU para las pr\u00f3ximas elecciones a la Decanatura de la Facultad.","og_url":"https:\/\/fadeu.urantiacos.cl\/en\/2020\/11\/16\/comite-de-busqueda-presenta-terna-para-eleccion-de-futuro-decano-a-fadeu-uc\/","og_site_name":"Facultad de Arquitectura, Dise\u00f1o y Estudios Urbanos","article_published_time":"2020-11-16T20:23:00+00:00","article_modified_time":"2023-09-09T20:25:33+00:00","og_image":[{"width":350,"height":250,"url":"https:\/\/fadeu.urantiacos.cl\/wp-content\/uploads\/2023\/09\/Candidatos_Decano_a.png","type":"image\/png"}],"author":"manadmin","twitter_card":"summary_large_image","twitter_misc":{"Written by":"manadmin","Est. reading time":"1 minute"},"schema":{"@context":"https:\/\/schema.org","@graph":[{"@type":"Article","@id":"https:\/\/fadeu.urantiacos.cl\/en\/2020\/11\/16\/comite-de-busqueda-presenta-terna-para-eleccion-de-futuro-decano-a-fadeu-uc\/#article","isPartOf":{"@id":"https:\/\/fadeu.urantiacos.cl\/en\/2020\/11\/16\/comite-de-busqueda-presenta-terna-para-eleccion-de-futuro-decano-a-fadeu-uc\/"},"author":{"name":"manadmin","@id":"https:\/\/fadeu.urantiacos.cl\/en\/#\/schema\/person\/d203e2e84b1c40275eac77b3061a19a2"},"headline":"Comit\u00e9 de B\u00fasqueda presenta terna para elecci\u00f3n de futuro Decano\/a FADEU UC","datePublished":"2020-11-16T20:23:00+00:00","dateModified":"2023-09-09T20:25:33+00:00","mainEntityOfPage":{"@id":"https:\/\/fadeu.urantiacos.cl\/en\/2020\/11\/16\/comite-de-busqueda-presenta-terna-para-eleccion-de-futuro-decano-a-fadeu-uc\/"},"wordCount":191,"commentCount":0,"image":{"@id":"https:\/\/fadeu.urantiacos.cl\/en\/2020\/11\/16\/comite-de-busqueda-presenta-terna-para-eleccion-de-futuro-decano-a-fadeu-uc\/#primaryimage"},"thumbnailUrl":"https:\/\/fadeu.urantiacos.cl\/wp-content\/uploads\/2023\/09\/Candidatos_Decano_a.png","articleSection":["Sin categorizar"],"inLanguage":"en-US","potentialAction":[{"@type":"CommentAction","name":"Comment","target":["https:\/\/fadeu.urantiacos.cl\/en\/2020\/11\/16\/comite-de-busqueda-presenta-terna-para-eleccion-de-futuro-decano-a-fadeu-uc\/#respond"]}]},{"@type":"WebPage","@id":"https:\/\/fadeu.urantiacos.cl\/en\/2020\/11\/16\/comite-de-busqueda-presenta-terna-para-eleccion-de-futuro-decano-a-fadeu-uc\/","url":"https:\/\/fadeu.urantiacos.cl\/en\/2020\/11\/16\/comite-de-busqueda-presenta-terna-para-eleccion-de-futuro-decano-a-fadeu-uc\/","name":"Comit\u00e9 de B\u00fasqueda presenta terna para elecci\u00f3n de futuro Decano\/a FADEU UC - Facultad de Arquitectura, Dise\u00f1o y Estudios Urbanos","isPartOf":{"@id":"https:\/\/fadeu.urantiacos.cl\/en\/#website"},"primaryImageOfPage":{"@id":"https:\/\/fadeu.urantiacos.cl\/en\/2020\/11\/16\/comite-de-busqueda-presenta-terna-para-eleccion-de-futuro-decano-a-fadeu-uc\/#primaryimage"},"image":{"@id":"https:\/\/fadeu.urantiacos.cl\/en\/2020\/11\/16\/comite-de-busqueda-presenta-terna-para-eleccion-de-futuro-decano-a-fadeu-uc\/#primaryimage"},"thumbnailUrl":"https:\/\/fadeu.urantiacos.cl\/wp-content\/uploads\/2023\/09\/Candidatos_Decano_a.png","datePublished":"2020-11-16T20:23:00+00:00","dateModified":"2023-09-09T20:25:33+00:00","author":{"@id":"https:\/\/fadeu.urantiacos.cl\/en\/#\/schema\/person\/d203e2e84b1c40275eac77b3061a19a2"},"description":"Los profesores Pedro Alonso y Romy Hecht de la escuela de Arquitectura, y el actual Decano de la Facultad de Arquitectura, Dise\u00f1o y Estudios Urbanos UC, Mario Ubilla, son quienes conforman oficialmente la terna presentada por el Comit\u00e9 de B\u00fasqueda FADEU para las pr\u00f3ximas elecciones a la Decanatura de la Facultad.","breadcrumb":{"@id":"https:\/\/fadeu.urantiacos.cl\/en\/2020\/11\/16\/comite-de-busqueda-presenta-terna-para-eleccion-de-futuro-decano-a-fadeu-uc\/#breadcrumb"},"inLanguage":"en-US","potentialAction":[{"@type":"ReadAction","target":["https:\/\/fadeu.urantiacos.cl\/en\/2020\/11\/16\/comite-de-busqueda-presenta-terna-para-eleccion-de-futuro-decano-a-fadeu-uc\/"]}]},{"@type":"ImageObject","inLanguage":"en-US","@id":"https:\/\/fadeu.urantiacos.cl\/en\/2020\/11\/16\/comite-de-busqueda-presenta-terna-para-eleccion-de-futuro-decano-a-fadeu-uc\/#primaryimage","url":"https:\/\/fadeu.urantiacos.cl\/wp-content\/uploads\/2023\/09\/Candidatos_Decano_a.png","contentUrl":"https:\/\/fadeu.urantiacos.cl\/wp-content\/uploads\/2023\/09\/Candidatos_Decano_a.png","width":350,"height":250},{"@type":"BreadcrumbList","@id":"https:\/\/fadeu.urantiacos.cl\/en\/2020\/11\/16\/comite-de-busqueda-presenta-terna-para-eleccion-de-futuro-decano-a-fadeu-uc\/#breadcrumb","itemListElement":[{"@type":"ListItem","position":1,"name":"Portada","item":"https:\/\/fadeu.urantiacos.cl\/en\/"},{"@type":"ListItem","position":2,"name":"Comit\u00e9 de B\u00fasqueda presenta terna para elecci\u00f3n de futuro Decano\/a FADEU UC"}]},{"@type":"WebSite","@id":"https:\/\/fadeu.urantiacos.cl\/en\/#website","url":"https:\/\/fadeu.urantiacos.cl\/en\/","name":"Facultad de Arquitectura, Dise\u00f1o y Estudios Urbanos","description":"Campus Lo Contador","potentialAction":[{"@type":"SearchAction","target":{"@type":"EntryPoint","urlTemplate":"https:\/\/fadeu.urantiacos.cl\/en\/?s={search_term_string}"},"query-input":{"@type":"PropertyValueSpecification","valueRequired":true,"valueName":"search_term_string"}}],"inLanguage":"en-US"},{"@type":"Person","@id":"https:\/\/fadeu.urantiacos.cl\/en\/#\/schema\/person\/d203e2e84b1c40275eac77b3061a19a2","name":"manadmin","image":{"@type":"ImageObject","inLanguage":"en-US","@id":"https:\/\/fadeu.urantiacos.cl\/en\/#\/schema\/person\/image\/","url":"https:\/\/secure.gravatar.com\/avatar\/4b1d8e3303b4a9d8968ac578947d8bc80d9aea359f388cdd4aac15cadc0e8447?s=96&d=mm&r=g","contentUrl":"https:\/\/secure.gravatar.com\/avatar\/4b1d8e3303b4a9d8968ac578947d8bc80d9aea359f388cdd4aac15cadc0e8447?s=96&d=mm&r=g","caption":"manadmin"},"sameAs":["https:\/\/fadeu.urantiacos.cl"]}]}},"_links":{"self":[{"href":"https:\/\/fadeu.urantiacos.cl\/en\/wp-json\/wp\/v2\/posts\/7877","targetHints":{"allow":["GET"]}}],"collection":[{"href":"https:\/\/fadeu.urantiacos.cl\/en\/wp-json\/wp\/v2\/posts"}],"about":[{"href":"https:\/\/fadeu.urantiacos.cl\/en\/wp-json\/wp\/v2\/types\/post"}],"author":[{"embeddable":true,"href":"https:\/\/fadeu.urantiacos.cl\/en\/wp-json\/wp\/v2\/users\/1"}],"replies":[{"embeddable":true,"href":"https:\/\/fadeu.urantiacos.cl\/en\/wp-json\/wp\/v2\/comments?post=7877"}],"version-history":[{"count":1,"href":"https:\/\/fadeu.urantiacos.cl\/en\/wp-json\/wp\/v2\/posts\/7877\/revisions"}],"predecessor-version":[{"id":7879,"href":"https:\/\/fadeu.urantiacos.cl\/en\/wp-json\/wp\/v2\/posts\/7877\/revisions\/7879"}],"wp:featuredmedia":[{"embeddable":true,"href":"https:\/\/fadeu.urantiacos.cl\/en\/wp-json\/wp\/v2\/media\/7878"}],"wp:attachment":[{"href":"https:\/\/fadeu.urantiacos.cl\/en\/wp-json\/wp\/v2\/media?parent=7877"}],"wp:term":[{"taxonomy":"category","embeddable":true,"href":"https:\/\/fadeu.urantiacos.cl\/en\/wp-json\/wp\/v2\/categories?post=7877"},{"taxonomy":"post_tag","embeddable":true,"href":"https:\/\/fadeu.urantiacos.cl\/en\/wp-json\/wp\/v2\/tags?post=7877"}],"curies":[{"name":"wp","href":"https:\/\/api.w.org\/{rel}","templated":true}]}}