{"id":7861,"date":"2020-11-18T17:14:00","date_gmt":"2020-11-18T20:14:00","guid":{"rendered":"https:\/\/fadeu.urantiacos.cl\/?p=7861"},"modified":"2023-10-23T14:07:41","modified_gmt":"2023-10-23T17:07:41","slug":"ley-de-humedales-urbanos-se-publicara-proximamente-en-el-diario-oficial","status":"publish","type":"post","link":"https:\/\/fadeu.urantiacos.cl\/en\/2020\/11\/18\/ley-de-humedales-urbanos-se-publicara-proximamente-en-el-diario-oficial\/","title":{"rendered":"Ley de humedales urbanos se publicar\u00e1 pr\u00f3ximamente en el Diario Oficial"},"content":{"rendered":"\n<figure class=\"wp-block-image size-full\"><img decoding=\"async\" width=\"350\" height=\"250\" src=\"https:\/\/fadeu.urantiacos.cl\/wp-content\/uploads\/2023\/09\/carola_rojas_humedales.jpg\" alt=\"\" class=\"wp-image-7862\" srcset=\"https:\/\/fadeu.urantiacos.cl\/wp-content\/uploads\/2023\/09\/carola_rojas_humedales.jpg 350w, https:\/\/fadeu.urantiacos.cl\/wp-content\/uploads\/2023\/09\/carola_rojas_humedales-300x214.jpg 300w\" sizes=\"(max-width: 350px) 100vw, 350px\" \/><\/figure>\n\n\n\n<p>Canal TVN destaca que la Ley de humedales urbanos se publicar\u00e1 pr\u00f3ximamente en el Diario Oficial. Municipios tendr\u00e1n facultades para resguardarlos de las inmobiliarias porque la Contralor\u00eda emiti\u00f3 el reglamento que los protege. Habla la profesora del Instituto de Estudios Urbanos, Carolina Rojas.<\/p>\n\n\n\n<p><\/p>\n","protected":false},"excerpt":{"rendered":"<p>Canal TVN destaca que la Ley de humedales urbanos se publicar\u00e1 pr\u00f3ximamente en el Diario Oficial. Municipios tendr\u00e1n facultades para resguardarlos de las inmobiliarias porque la Contralor\u00eda emiti\u00f3 el reglamento que los protege. Habla la profesora del Instituto de Estudios Urbanos, Carolina Rojas.<\/p>\n","protected":false},"author":1,"featured_media":7862,"comment_status":"open","ping_status":"open","sticky":false,"template":"","format":"standard","meta":{"_acf_changed":false,"footnotes":""},"categories":[1],"tags":[],"class_list":["post-7861","post","type-post","status-publish","format-standard","has-post-thumbnail","hentry","category-sin-categorizar"],"acf":[],"yoast_head":"<!-- This site is optimized with the Yoast SEO plugin v27.1.1 - https:\/\/yoast.com\/product\/yoast-seo-wordpress\/ -->\n<title>Ley de humedales urbanos se publicar\u00e1 pr\u00f3ximamente en el Diario Oficial - Facultad de Arquitectura, Dise\u00f1o y Estudios Urbanos<\/title>\n<meta name=\"description\" content=\"Canal TVN destaca que la Ley de humedales urbanos se publicar\u00e1 pr\u00f3ximamente en el Diario Oficial. Municipios tendr\u00e1n facultades para resguardarlos de las\" \/>\n<meta name=\"robots\" content=\"index, follow, max-snippet:-1, max-image-preview:large, max-video-preview:-1\" \/>\n<link rel=\"canonical\" href=\"https:\/\/fadeu.urantiacos.cl\/en\/2020\/11\/18\/ley-de-humedales-urbanos-se-publicara-proximamente-en-el-diario-oficial\/\" \/>\n<meta property=\"og:locale\" content=\"en_US\" \/>\n<meta property=\"og:type\" content=\"article\" \/>\n<meta property=\"og:title\" content=\"Ley de humedales urbanos se publicar\u00e1 pr\u00f3ximamente en el Diario Oficial - Facultad de Arquitectura, Dise\u00f1o y Estudios Urbanos\" \/>\n<meta property=\"og:description\" content=\"Canal TVN destaca que la Ley de humedales urbanos se publicar\u00e1 pr\u00f3ximamente en el Diario Oficial. Municipios tendr\u00e1n facultades para resguardarlos de las\" \/>\n<meta property=\"og:url\" content=\"https:\/\/fadeu.urantiacos.cl\/en\/2020\/11\/18\/ley-de-humedales-urbanos-se-publicara-proximamente-en-el-diario-oficial\/\" \/>\n<meta property=\"og:site_name\" content=\"Facultad de Arquitectura, Dise\u00f1o y Estudios Urbanos\" \/>\n<meta property=\"article:published_time\" content=\"2020-11-18T20:14:00+00:00\" \/>\n<meta property=\"article:modified_time\" content=\"2023-10-23T17:07:41+00:00\" \/>\n<meta property=\"og:image\" content=\"https:\/\/fadeu.urantiacos.cl\/wp-content\/uploads\/2023\/09\/carola_rojas_humedales.jpg\" \/>\n\t<meta property=\"og:image:width\" content=\"350\" \/>\n\t<meta property=\"og:image:height\" content=\"250\" \/>\n\t<meta property=\"og:image:type\" content=\"image\/jpeg\" \/>\n<meta name=\"author\" content=\"manadmin\" \/>\n<meta name=\"twitter:card\" content=\"summary_large_image\" \/>\n<meta name=\"twitter:label1\" content=\"Written by\" \/>\n\t<meta name=\"twitter:data1\" content=\"manadmin\" \/>\n\t<meta name=\"twitter:label2\" content=\"Est. reading time\" \/>\n\t<meta name=\"twitter:data2\" content=\"1 minute\" \/>\n<script type=\"application\/ld+json\" class=\"yoast-schema-graph\">{\"@context\":\"https:\/\/schema.org\",\"@graph\":[{\"@type\":\"Article\",\"@id\":\"https:\/\/fadeu.urantiacos.cl\/en\/2020\/11\/18\/ley-de-humedales-urbanos-se-publicara-proximamente-en-el-diario-oficial\/#article\",\"isPartOf\":{\"@id\":\"https:\/\/fadeu.urantiacos.cl\/en\/2020\/11\/18\/ley-de-humedales-urbanos-se-publicara-proximamente-en-el-diario-oficial\/\"},\"author\":{\"name\":\"manadmin\",\"@id\":\"https:\/\/fadeu.urantiacos.cl\/en\/#\/schema\/person\/d203e2e84b1c40275eac77b3061a19a2\"},\"headline\":\"Ley de humedales urbanos se publicar\u00e1 pr\u00f3ximamente en el Diario Oficial\",\"datePublished\":\"2020-11-18T20:14:00+00:00\",\"dateModified\":\"2023-10-23T17:07:41+00:00\",\"mainEntityOfPage\":{\"@id\":\"https:\/\/fadeu.urantiacos.cl\/en\/2020\/11\/18\/ley-de-humedales-urbanos-se-publicara-proximamente-en-el-diario-oficial\/\"},\"wordCount\":58,\"commentCount\":0,\"image\":{\"@id\":\"https:\/\/fadeu.urantiacos.cl\/en\/2020\/11\/18\/ley-de-humedales-urbanos-se-publicara-proximamente-en-el-diario-oficial\/#primaryimage\"},\"thumbnailUrl\":\"https:\/\/fadeu.urantiacos.cl\/wp-content\/uploads\/2023\/09\/carola_rojas_humedales.jpg\",\"articleSection\":[\"Sin categorizar\"],\"inLanguage\":\"en-US\",\"potentialAction\":[{\"@type\":\"CommentAction\",\"name\":\"Comment\",\"target\":[\"https:\/\/fadeu.urantiacos.cl\/en\/2020\/11\/18\/ley-de-humedales-urbanos-se-publicara-proximamente-en-el-diario-oficial\/#respond\"]}]},{\"@type\":\"WebPage\",\"@id\":\"https:\/\/fadeu.urantiacos.cl\/en\/2020\/11\/18\/ley-de-humedales-urbanos-se-publicara-proximamente-en-el-diario-oficial\/\",\"url\":\"https:\/\/fadeu.urantiacos.cl\/en\/2020\/11\/18\/ley-de-humedales-urbanos-se-publicara-proximamente-en-el-diario-oficial\/\",\"name\":\"Ley de humedales urbanos se publicar\u00e1 pr\u00f3ximamente en el Diario Oficial - Facultad de Arquitectura, Dise\u00f1o y Estudios Urbanos\",\"isPartOf\":{\"@id\":\"https:\/\/fadeu.urantiacos.cl\/en\/#website\"},\"primaryImageOfPage\":{\"@id\":\"https:\/\/fadeu.urantiacos.cl\/en\/2020\/11\/18\/ley-de-humedales-urbanos-se-publicara-proximamente-en-el-diario-oficial\/#primaryimage\"},\"image\":{\"@id\":\"https:\/\/fadeu.urantiacos.cl\/en\/2020\/11\/18\/ley-de-humedales-urbanos-se-publicara-proximamente-en-el-diario-oficial\/#primaryimage\"},\"thumbnailUrl\":\"https:\/\/fadeu.urantiacos.cl\/wp-content\/uploads\/2023\/09\/carola_rojas_humedales.jpg\",\"datePublished\":\"2020-11-18T20:14:00+00:00\",\"dateModified\":\"2023-10-23T17:07:41+00:00\",\"author\":{\"@id\":\"https:\/\/fadeu.urantiacos.cl\/en\/#\/schema\/person\/d203e2e84b1c40275eac77b3061a19a2\"},\"description\":\"Canal TVN destaca que la Ley de humedales urbanos se publicar\u00e1 pr\u00f3ximamente en el Diario Oficial. Municipios tendr\u00e1n facultades para resguardarlos de las\",\"breadcrumb\":{\"@id\":\"https:\/\/fadeu.urantiacos.cl\/en\/2020\/11\/18\/ley-de-humedales-urbanos-se-publicara-proximamente-en-el-diario-oficial\/#breadcrumb\"},\"inLanguage\":\"en-US\",\"potentialAction\":[{\"@type\":\"ReadAction\",\"target\":[\"https:\/\/fadeu.urantiacos.cl\/en\/2020\/11\/18\/ley-de-humedales-urbanos-se-publicara-proximamente-en-el-diario-oficial\/\"]}]},{\"@type\":\"ImageObject\",\"inLanguage\":\"en-US\",\"@id\":\"https:\/\/fadeu.urantiacos.cl\/en\/2020\/11\/18\/ley-de-humedales-urbanos-se-publicara-proximamente-en-el-diario-oficial\/#primaryimage\",\"url\":\"https:\/\/fadeu.urantiacos.cl\/wp-content\/uploads\/2023\/09\/carola_rojas_humedales.jpg\",\"contentUrl\":\"https:\/\/fadeu.urantiacos.cl\/wp-content\/uploads\/2023\/09\/carola_rojas_humedales.jpg\",\"width\":350,\"height\":250},{\"@type\":\"BreadcrumbList\",\"@id\":\"https:\/\/fadeu.urantiacos.cl\/en\/2020\/11\/18\/ley-de-humedales-urbanos-se-publicara-proximamente-en-el-diario-oficial\/#breadcrumb\",\"itemListElement\":[{\"@type\":\"ListItem\",\"position\":1,\"name\":\"Portada\",\"item\":\"https:\/\/fadeu.urantiacos.cl\/en\/\"},{\"@type\":\"ListItem\",\"position\":2,\"name\":\"Ley de humedales urbanos se publicar\u00e1 pr\u00f3ximamente en el Diario Oficial\"}]},{\"@type\":\"WebSite\",\"@id\":\"https:\/\/fadeu.urantiacos.cl\/en\/#website\",\"url\":\"https:\/\/fadeu.urantiacos.cl\/en\/\",\"name\":\"Facultad de Arquitectura, Dise\u00f1o y Estudios Urbanos\",\"description\":\"Campus Lo Contador\",\"potentialAction\":[{\"@type\":\"SearchAction\",\"target\":{\"@type\":\"EntryPoint\",\"urlTemplate\":\"https:\/\/fadeu.urantiacos.cl\/en\/?s={search_term_string}\"},\"query-input\":{\"@type\":\"PropertyValueSpecification\",\"valueRequired\":true,\"valueName\":\"search_term_string\"}}],\"inLanguage\":\"en-US\"},{\"@type\":\"Person\",\"@id\":\"https:\/\/fadeu.urantiacos.cl\/en\/#\/schema\/person\/d203e2e84b1c40275eac77b3061a19a2\",\"name\":\"manadmin\",\"image\":{\"@type\":\"ImageObject\",\"inLanguage\":\"en-US\",\"@id\":\"https:\/\/fadeu.urantiacos.cl\/en\/#\/schema\/person\/image\/\",\"url\":\"https:\/\/secure.gravatar.com\/avatar\/4b1d8e3303b4a9d8968ac578947d8bc80d9aea359f388cdd4aac15cadc0e8447?s=96&d=mm&r=g\",\"contentUrl\":\"https:\/\/secure.gravatar.com\/avatar\/4b1d8e3303b4a9d8968ac578947d8bc80d9aea359f388cdd4aac15cadc0e8447?s=96&d=mm&r=g\",\"caption\":\"manadmin\"},\"sameAs\":[\"https:\/\/fadeu.urantiacos.cl\"]}]}<\/script>\n<!-- \/ Yoast SEO plugin. -->","yoast_head_json":{"title":"Ley de humedales urbanos se publicar\u00e1 pr\u00f3ximamente en el Diario Oficial - Facultad de Arquitectura, Dise\u00f1o y Estudios Urbanos","description":"Canal TVN destaca que la Ley de humedales urbanos se publicar\u00e1 pr\u00f3ximamente en el Diario Oficial. Municipios tendr\u00e1n facultades para resguardarlos de las","robots":{"index":"index","follow":"follow","max-snippet":"max-snippet:-1","max-image-preview":"max-image-preview:large","max-video-preview":"max-video-preview:-1"},"canonical":"https:\/\/fadeu.urantiacos.cl\/en\/2020\/11\/18\/ley-de-humedales-urbanos-se-publicara-proximamente-en-el-diario-oficial\/","og_locale":"en_US","og_type":"article","og_title":"Ley de humedales urbanos se publicar\u00e1 pr\u00f3ximamente en el Diario Oficial - Facultad de Arquitectura, Dise\u00f1o y Estudios Urbanos","og_description":"Canal TVN destaca que la Ley de humedales urbanos se publicar\u00e1 pr\u00f3ximamente en el Diario Oficial. Municipios tendr\u00e1n facultades para resguardarlos de las","og_url":"https:\/\/fadeu.urantiacos.cl\/en\/2020\/11\/18\/ley-de-humedales-urbanos-se-publicara-proximamente-en-el-diario-oficial\/","og_site_name":"Facultad de Arquitectura, Dise\u00f1o y Estudios Urbanos","article_published_time":"2020-11-18T20:14:00+00:00","article_modified_time":"2023-10-23T17:07:41+00:00","og_image":[{"width":350,"height":250,"url":"https:\/\/fadeu.urantiacos.cl\/wp-content\/uploads\/2023\/09\/carola_rojas_humedales.jpg","type":"image\/jpeg"}],"author":"manadmin","twitter_card":"summary_large_image","twitter_misc":{"Written by":"manadmin","Est. reading time":"1 minute"},"schema":{"@context":"https:\/\/schema.org","@graph":[{"@type":"Article","@id":"https:\/\/fadeu.urantiacos.cl\/en\/2020\/11\/18\/ley-de-humedales-urbanos-se-publicara-proximamente-en-el-diario-oficial\/#article","isPartOf":{"@id":"https:\/\/fadeu.urantiacos.cl\/en\/2020\/11\/18\/ley-de-humedales-urbanos-se-publicara-proximamente-en-el-diario-oficial\/"},"author":{"name":"manadmin","@id":"https:\/\/fadeu.urantiacos.cl\/en\/#\/schema\/person\/d203e2e84b1c40275eac77b3061a19a2"},"headline":"Ley de humedales urbanos se publicar\u00e1 pr\u00f3ximamente en el Diario Oficial","datePublished":"2020-11-18T20:14:00+00:00","dateModified":"2023-10-23T17:07:41+00:00","mainEntityOfPage":{"@id":"https:\/\/fadeu.urantiacos.cl\/en\/2020\/11\/18\/ley-de-humedales-urbanos-se-publicara-proximamente-en-el-diario-oficial\/"},"wordCount":58,"commentCount":0,"image":{"@id":"https:\/\/fadeu.urantiacos.cl\/en\/2020\/11\/18\/ley-de-humedales-urbanos-se-publicara-proximamente-en-el-diario-oficial\/#primaryimage"},"thumbnailUrl":"https:\/\/fadeu.urantiacos.cl\/wp-content\/uploads\/2023\/09\/carola_rojas_humedales.jpg","articleSection":["Sin categorizar"],"inLanguage":"en-US","potentialAction":[{"@type":"CommentAction","name":"Comment","target":["https:\/\/fadeu.urantiacos.cl\/en\/2020\/11\/18\/ley-de-humedales-urbanos-se-publicara-proximamente-en-el-diario-oficial\/#respond"]}]},{"@type":"WebPage","@id":"https:\/\/fadeu.urantiacos.cl\/en\/2020\/11\/18\/ley-de-humedales-urbanos-se-publicara-proximamente-en-el-diario-oficial\/","url":"https:\/\/fadeu.urantiacos.cl\/en\/2020\/11\/18\/ley-de-humedales-urbanos-se-publicara-proximamente-en-el-diario-oficial\/","name":"Ley de humedales urbanos se publicar\u00e1 pr\u00f3ximamente en el Diario Oficial - Facultad de Arquitectura, Dise\u00f1o y Estudios Urbanos","isPartOf":{"@id":"https:\/\/fadeu.urantiacos.cl\/en\/#website"},"primaryImageOfPage":{"@id":"https:\/\/fadeu.urantiacos.cl\/en\/2020\/11\/18\/ley-de-humedales-urbanos-se-publicara-proximamente-en-el-diario-oficial\/#primaryimage"},"image":{"@id":"https:\/\/fadeu.urantiacos.cl\/en\/2020\/11\/18\/ley-de-humedales-urbanos-se-publicara-proximamente-en-el-diario-oficial\/#primaryimage"},"thumbnailUrl":"https:\/\/fadeu.urantiacos.cl\/wp-content\/uploads\/2023\/09\/carola_rojas_humedales.jpg","datePublished":"2020-11-18T20:14:00+00:00","dateModified":"2023-10-23T17:07:41+00:00","author":{"@id":"https:\/\/fadeu.urantiacos.cl\/en\/#\/schema\/person\/d203e2e84b1c40275eac77b3061a19a2"},"description":"Canal TVN destaca que la Ley de humedales urbanos se publicar\u00e1 pr\u00f3ximamente en el Diario Oficial. Municipios tendr\u00e1n facultades para resguardarlos de las","breadcrumb":{"@id":"https:\/\/fadeu.urantiacos.cl\/en\/2020\/11\/18\/ley-de-humedales-urbanos-se-publicara-proximamente-en-el-diario-oficial\/#breadcrumb"},"inLanguage":"en-US","potentialAction":[{"@type":"ReadAction","target":["https:\/\/fadeu.urantiacos.cl\/en\/2020\/11\/18\/ley-de-humedales-urbanos-se-publicara-proximamente-en-el-diario-oficial\/"]}]},{"@type":"ImageObject","inLanguage":"en-US","@id":"https:\/\/fadeu.urantiacos.cl\/en\/2020\/11\/18\/ley-de-humedales-urbanos-se-publicara-proximamente-en-el-diario-oficial\/#primaryimage","url":"https:\/\/fadeu.urantiacos.cl\/wp-content\/uploads\/2023\/09\/carola_rojas_humedales.jpg","contentUrl":"https:\/\/fadeu.urantiacos.cl\/wp-content\/uploads\/2023\/09\/carola_rojas_humedales.jpg","width":350,"height":250},{"@type":"BreadcrumbList","@id":"https:\/\/fadeu.urantiacos.cl\/en\/2020\/11\/18\/ley-de-humedales-urbanos-se-publicara-proximamente-en-el-diario-oficial\/#breadcrumb","itemListElement":[{"@type":"ListItem","position":1,"name":"Portada","item":"https:\/\/fadeu.urantiacos.cl\/en\/"},{"@type":"ListItem","position":2,"name":"Ley de humedales urbanos se publicar\u00e1 pr\u00f3ximamente en el Diario Oficial"}]},{"@type":"WebSite","@id":"https:\/\/fadeu.urantiacos.cl\/en\/#website","url":"https:\/\/fadeu.urantiacos.cl\/en\/","name":"Facultad de Arquitectura, Dise\u00f1o y Estudios Urbanos","description":"Campus Lo Contador","potentialAction":[{"@type":"SearchAction","target":{"@type":"EntryPoint","urlTemplate":"https:\/\/fadeu.urantiacos.cl\/en\/?s={search_term_string}"},"query-input":{"@type":"PropertyValueSpecification","valueRequired":true,"valueName":"search_term_string"}}],"inLanguage":"en-US"},{"@type":"Person","@id":"https:\/\/fadeu.urantiacos.cl\/en\/#\/schema\/person\/d203e2e84b1c40275eac77b3061a19a2","name":"manadmin","image":{"@type":"ImageObject","inLanguage":"en-US","@id":"https:\/\/fadeu.urantiacos.cl\/en\/#\/schema\/person\/image\/","url":"https:\/\/secure.gravatar.com\/avatar\/4b1d8e3303b4a9d8968ac578947d8bc80d9aea359f388cdd4aac15cadc0e8447?s=96&d=mm&r=g","contentUrl":"https:\/\/secure.gravatar.com\/avatar\/4b1d8e3303b4a9d8968ac578947d8bc80d9aea359f388cdd4aac15cadc0e8447?s=96&d=mm&r=g","caption":"manadmin"},"sameAs":["https:\/\/fadeu.urantiacos.cl"]}]}},"_links":{"self":[{"href":"https:\/\/fadeu.urantiacos.cl\/en\/wp-json\/wp\/v2\/posts\/7861","targetHints":{"allow":["GET"]}}],"collection":[{"href":"https:\/\/fadeu.urantiacos.cl\/en\/wp-json\/wp\/v2\/posts"}],"about":[{"href":"https:\/\/fadeu.urantiacos.cl\/en\/wp-json\/wp\/v2\/types\/post"}],"author":[{"embeddable":true,"href":"https:\/\/fadeu.urantiacos.cl\/en\/wp-json\/wp\/v2\/users\/1"}],"replies":[{"embeddable":true,"href":"https:\/\/fadeu.urantiacos.cl\/en\/wp-json\/wp\/v2\/comments?post=7861"}],"version-history":[{"count":2,"href":"https:\/\/fadeu.urantiacos.cl\/en\/wp-json\/wp\/v2\/posts\/7861\/revisions"}],"predecessor-version":[{"id":17461,"href":"https:\/\/fadeu.urantiacos.cl\/en\/wp-json\/wp\/v2\/posts\/7861\/revisions\/17461"}],"wp:featuredmedia":[{"embeddable":true,"href":"https:\/\/fadeu.urantiacos.cl\/en\/wp-json\/wp\/v2\/media\/7862"}],"wp:attachment":[{"href":"https:\/\/fadeu.urantiacos.cl\/en\/wp-json\/wp\/v2\/media?parent=7861"}],"wp:term":[{"taxonomy":"category","embeddable":true,"href":"https:\/\/fadeu.urantiacos.cl\/en\/wp-json\/wp\/v2\/categories?post=7861"},{"taxonomy":"post_tag","embeddable":true,"href":"https:\/\/fadeu.urantiacos.cl\/en\/wp-json\/wp\/v2\/tags?post=7861"}],"curies":[{"name":"wp","href":"https:\/\/api.w.org\/{rel}","templated":true}]}}