{"id":7857,"date":"2020-11-18T17:11:00","date_gmt":"2020-11-18T20:11:00","guid":{"rendered":"https:\/\/fadeu.urantiacos.cl\/?p=7857"},"modified":"2023-09-09T17:14:31","modified_gmt":"2023-09-09T20:14:31","slug":"martin-tironi-publica-en-nueva-york-articulo-sobre-exposicion-de-pedro-alonso-y-hugo-palmarola-en-estocolmo","status":"publish","type":"post","link":"https:\/\/fadeu.urantiacos.cl\/en\/2020\/11\/18\/martin-tironi-publica-en-nueva-york-articulo-sobre-exposicion-de-pedro-alonso-y-hugo-palmarola-en-estocolmo\/","title":{"rendered":"Mart\u00edn Tironi publica en Nueva York art\u00edculo sobre exposici\u00f3n de Pedro Alonso y Hugo Palmarola en Estocolmo"},"content":{"rendered":"\n<figure class=\"wp-block-image size-full\"><img decoding=\"async\" width=\"350\" height=\"250\" src=\"https:\/\/fadeu.urantiacos.cl\/wp-content\/uploads\/2023\/09\/entrevista_tironi_a_hugoalonso.jpg\" alt=\"\" class=\"wp-image-7858\" srcset=\"https:\/\/fadeu.urantiacos.cl\/wp-content\/uploads\/2023\/09\/entrevista_tironi_a_hugoalonso.jpg 350w, https:\/\/fadeu.urantiacos.cl\/wp-content\/uploads\/2023\/09\/entrevista_tironi_a_hugoalonso-300x214.jpg 300w\" sizes=\"(max-width: 350px) 100vw, 350px\" \/><\/figure>\n\n\n\n<p>En esta rese\u00f1a especializada Tironi analiza el enfoque del trabajo de Alonso y Palmarola sobre los diversos \u201cmodos de existencia\u201d de la cultura de los paneles, la diversidad de significados de un mismo objeto de estudio, as\u00ed como la integraci\u00f3n de la arquitectura, el dise\u00f1o y la planificaci\u00f3n urbana.<\/p>\n\n\n\n<p>En el art\u00edculo Tironi plantea: &#8220;Uno de los aspectos originales de la exposici\u00f3n Flying Panels (\u2026) es precisamente su apuesta por tratar con seriedad el an\u00e1lisis de este objeto aparentemente &#8216;banal&#8217;, hurgando en los enredos y capacidades insospechadas del panel para&nbsp;articular y hacer mundos. (\u2026) La exposici\u00f3n plantea una premisa sumamente provocativa: la posibilidad de reconstruir una &#8216;historia global&#8217; a partir de los diversos \u00edndices y relaciones que se esbozan en sistemas de paneles de hormig\u00f3n. (\u2026) El panel es un sistema de construcci\u00f3n, pero la evidencia entretejida por los curadores revela que el panel tiene una agencia pol\u00edtica que abarca una amplia gama de registros espl\u00e9ndidamente documentados. (\u2026)&nbsp;La exposici\u00f3n manifiesta un necesario esp\u00edritu de \u2018indisciplina\u2019 respecto a ciertos c\u00e1nones epist\u00e9micos, combinando el an\u00e1lisis historiogr\u00e1fico convencional con el arte del pensar&nbsp;desde&nbsp;el hacer. Dicho en otras palabras, Flying Panels tiene la osad\u00eda de trabajar e inventar conceptos -como el mismo t\u00edtulo lo indica-, pero al mismo tiempo produce realidades y pensamientos desde la acci\u00f3n, diagramando, prototipando, experimentando y modelando\u201d.<\/p>\n\n\n\n<p>Faktur es una revista dedicada a la publicaci\u00f3n de investigaciones, y se basa en una interpretaci\u00f3n de la arquitectura y el dise\u00f1o como formas de producci\u00f3n cultural, con implicancias de amplio alcance sobre problemas de la cultura global. Faktur se refiere al t\u00e9rmino alem\u00e1n para un concepto central de la vanguardia rusa de principios del siglo XX, seg\u00fan el cual los procesos t\u00e9cnicos, econ\u00f3micos y sociales involucrados en la producci\u00f3n de un objeto se har\u00edan legibles en su forma material final.<\/p>\n\n\n\n<p>El libro de la exposici\u00f3n Flying Panels fue editado por los curadores en ingl\u00e9s, sueco y espa\u00f1ol, y fue publicado en Berl\u00edn por Dom Publishers y Ediciones UC. En su versi\u00f3n en ingl\u00e9s el texto est\u00e1 actualmente nominado al Dennis Sharp CICA Awards for Architectural Criticism 2020, del International Committee of Architectural Critics.<\/p>\n\n\n\n<p>Link revista Faktur:&nbsp;<br><a href=\"https:\/\/www.faktur.info\/\" target=\"_blank\" rel=\"noreferrer noopener\">https:\/\/www.faktur.info<\/a>&nbsp;<\/p>\n\n\n\n<p>Link video exposici\u00f3n:<br><a href=\"https:\/\/vimeo.com\/394166162\" target=\"_blank\" rel=\"noreferrer noopener\">https:\/\/vimeo.com\/394166162<\/a>&nbsp;<\/p>\n\n\n\n<p>Link libro:<br><a href=\"http:\/\/fadeu.urantiacos.cl\/noticias\/3721-libro-de-alonso-y-palmarola-nominado-al-dennis-sharp-cica-awards-2020\" target=\"_blank\" rel=\"noreferrer noopener\">http:\/\/fadeu.urantiacos.cl\/noticias\/<wbr>3721-libro-de-alonso-y-<wbr>palmarola-nominado-al-dennis-<wbr>sharp-cica-awards-2020<\/a><\/p>\n\n\n\n<figure class=\"wp-block-image size-large\"><img decoding=\"async\" width=\"498\" height=\"1024\" src=\"https:\/\/fadeu.urantiacos.cl\/wp-content\/uploads\/2023\/09\/2-498x1024.png\" alt=\"\" class=\"wp-image-7859\" srcset=\"https:\/\/fadeu.urantiacos.cl\/wp-content\/uploads\/2023\/09\/2-498x1024.png 498w, https:\/\/fadeu.urantiacos.cl\/wp-content\/uploads\/2023\/09\/2-146x300.png 146w, https:\/\/fadeu.urantiacos.cl\/wp-content\/uploads\/2023\/09\/2.png 583w\" sizes=\"(max-width: 498px) 100vw, 498px\" \/><\/figure>\n","protected":false},"excerpt":{"rendered":"<p>Mart\u00edn Tironi (Escuela de Dise\u00f1o) public\u00f3 en revista Faktur, en la ciudad de Nueva York, un art\u00edculo sobre su visita a la exposici\u00f3n interdisciplinaria Flying Panels, curada por Pedro Alonso (Escuela de Arquitectura) y Hugo Palmarola (Escuela de Dise\u00f1o) para The Swedish Centre for Architecture and Design ArkDes en Estocolmo (18 de octubre 2019 &#8211; 1 de marzo 2020). El art\u00edculo se titula \u201cFlying Panels: How Concrete Panels Changed the World. ArkDes, Stockholm. Curated by Pedro Ignacio Alonso and Hugo Palmarola\u201d.<\/p>\n","protected":false},"author":1,"featured_media":7858,"comment_status":"open","ping_status":"open","sticky":false,"template":"","format":"standard","meta":{"_acf_changed":false,"footnotes":""},"categories":[1],"tags":[],"class_list":["post-7857","post","type-post","status-publish","format-standard","has-post-thumbnail","hentry","category-sin-categorizar"],"acf":[],"yoast_head":"<!-- This site is optimized with the Yoast SEO plugin v27.1.1 - https:\/\/yoast.com\/product\/yoast-seo-wordpress\/ -->\n<title>Mart\u00edn Tironi publica en Nueva York art\u00edculo sobre exposici\u00f3n de Pedro Alonso y Hugo Palmarola en Estocolmo - Facultad de Arquitectura, Dise\u00f1o y Estudios Urbanos<\/title>\n<meta name=\"description\" content=\"Mart\u00edn Tironi (Escuela de Dise\u00f1o) public\u00f3 en revista Faktur, en la ciudad de Nueva York, un art\u00edculo sobre su visita a la exposici\u00f3n interdisciplinaria Flying Panels, curada por Pedro Alonso (Escuela de Arquitectura) y Hugo Palmarola (Escuela de Dise\u00f1o) para The Swedish Centre for Architecture and Design ArkDes en Estocolmo (18 de octubre 2019 - 1 de marzo 2020). El art\u00edculo se titula \u201cFlying Panels: How Concrete Panels Changed the World. ArkDes, Stockholm. Curated by Pedro Ignacio Alonso and Hugo Palmarola\u201d.\" \/>\n<meta name=\"robots\" content=\"index, follow, max-snippet:-1, max-image-preview:large, max-video-preview:-1\" \/>\n<link rel=\"canonical\" href=\"https:\/\/fadeu.urantiacos.cl\/en\/2020\/11\/18\/martin-tironi-publica-en-nueva-york-articulo-sobre-exposicion-de-pedro-alonso-y-hugo-palmarola-en-estocolmo\/\" \/>\n<meta property=\"og:locale\" content=\"en_US\" \/>\n<meta property=\"og:type\" content=\"article\" \/>\n<meta property=\"og:title\" content=\"Mart\u00edn Tironi publica en Nueva York art\u00edculo sobre exposici\u00f3n de Pedro Alonso y Hugo Palmarola en Estocolmo - Facultad de Arquitectura, Dise\u00f1o y Estudios Urbanos\" \/>\n<meta property=\"og:description\" content=\"Mart\u00edn Tironi (Escuela de Dise\u00f1o) public\u00f3 en revista Faktur, en la ciudad de Nueva York, un art\u00edculo sobre su visita a la exposici\u00f3n interdisciplinaria Flying Panels, curada por Pedro Alonso (Escuela de Arquitectura) y Hugo Palmarola (Escuela de Dise\u00f1o) para The Swedish Centre for Architecture and Design ArkDes en Estocolmo (18 de octubre 2019 - 1 de marzo 2020). El art\u00edculo se titula \u201cFlying Panels: How Concrete Panels Changed the World. ArkDes, Stockholm. Curated by Pedro Ignacio Alonso and Hugo Palmarola\u201d.\" \/>\n<meta property=\"og:url\" content=\"https:\/\/fadeu.urantiacos.cl\/en\/2020\/11\/18\/martin-tironi-publica-en-nueva-york-articulo-sobre-exposicion-de-pedro-alonso-y-hugo-palmarola-en-estocolmo\/\" \/>\n<meta property=\"og:site_name\" content=\"Facultad de Arquitectura, Dise\u00f1o y Estudios Urbanos\" \/>\n<meta property=\"article:published_time\" content=\"2020-11-18T20:11:00+00:00\" \/>\n<meta property=\"article:modified_time\" content=\"2023-09-09T20:14:31+00:00\" \/>\n<meta property=\"og:image\" content=\"https:\/\/fadeu.urantiacos.cl\/wp-content\/uploads\/2023\/09\/entrevista_tironi_a_hugoalonso.jpg\" \/>\n\t<meta property=\"og:image:width\" content=\"350\" \/>\n\t<meta property=\"og:image:height\" content=\"250\" \/>\n\t<meta property=\"og:image:type\" content=\"image\/jpeg\" \/>\n<meta name=\"author\" content=\"manadmin\" \/>\n<meta name=\"twitter:card\" content=\"summary_large_image\" \/>\n<meta name=\"twitter:label1\" content=\"Written by\" \/>\n\t<meta name=\"twitter:data1\" content=\"manadmin\" \/>\n\t<meta name=\"twitter:label2\" content=\"Est. reading time\" \/>\n\t<meta name=\"twitter:data2\" content=\"2 minutes\" \/>\n<script type=\"application\/ld+json\" class=\"yoast-schema-graph\">{\"@context\":\"https:\/\/schema.org\",\"@graph\":[{\"@type\":\"Article\",\"@id\":\"https:\/\/fadeu.urantiacos.cl\/en\/2020\/11\/18\/martin-tironi-publica-en-nueva-york-articulo-sobre-exposicion-de-pedro-alonso-y-hugo-palmarola-en-estocolmo\/#article\",\"isPartOf\":{\"@id\":\"https:\/\/fadeu.urantiacos.cl\/en\/2020\/11\/18\/martin-tironi-publica-en-nueva-york-articulo-sobre-exposicion-de-pedro-alonso-y-hugo-palmarola-en-estocolmo\/\"},\"author\":{\"name\":\"manadmin\",\"@id\":\"https:\/\/fadeu.urantiacos.cl\/en\/#\/schema\/person\/d203e2e84b1c40275eac77b3061a19a2\"},\"headline\":\"Mart\u00edn Tironi publica en Nueva York art\u00edculo sobre exposici\u00f3n de Pedro Alonso y Hugo Palmarola en Estocolmo\",\"datePublished\":\"2020-11-18T20:11:00+00:00\",\"dateModified\":\"2023-09-09T20:14:31+00:00\",\"mainEntityOfPage\":{\"@id\":\"https:\/\/fadeu.urantiacos.cl\/en\/2020\/11\/18\/martin-tironi-publica-en-nueva-york-articulo-sobre-exposicion-de-pedro-alonso-y-hugo-palmarola-en-estocolmo\/\"},\"wordCount\":437,\"commentCount\":0,\"image\":{\"@id\":\"https:\/\/fadeu.urantiacos.cl\/en\/2020\/11\/18\/martin-tironi-publica-en-nueva-york-articulo-sobre-exposicion-de-pedro-alonso-y-hugo-palmarola-en-estocolmo\/#primaryimage\"},\"thumbnailUrl\":\"https:\/\/fadeu.urantiacos.cl\/wp-content\/uploads\/2023\/09\/entrevista_tironi_a_hugoalonso.jpg\",\"articleSection\":[\"Sin categorizar\"],\"inLanguage\":\"en-US\",\"potentialAction\":[{\"@type\":\"CommentAction\",\"name\":\"Comment\",\"target\":[\"https:\/\/fadeu.urantiacos.cl\/en\/2020\/11\/18\/martin-tironi-publica-en-nueva-york-articulo-sobre-exposicion-de-pedro-alonso-y-hugo-palmarola-en-estocolmo\/#respond\"]}]},{\"@type\":\"WebPage\",\"@id\":\"https:\/\/fadeu.urantiacos.cl\/en\/2020\/11\/18\/martin-tironi-publica-en-nueva-york-articulo-sobre-exposicion-de-pedro-alonso-y-hugo-palmarola-en-estocolmo\/\",\"url\":\"https:\/\/fadeu.urantiacos.cl\/en\/2020\/11\/18\/martin-tironi-publica-en-nueva-york-articulo-sobre-exposicion-de-pedro-alonso-y-hugo-palmarola-en-estocolmo\/\",\"name\":\"Mart\u00edn Tironi publica en Nueva York art\u00edculo sobre exposici\u00f3n de Pedro Alonso y Hugo Palmarola en Estocolmo - Facultad de Arquitectura, Dise\u00f1o y Estudios Urbanos\",\"isPartOf\":{\"@id\":\"https:\/\/fadeu.urantiacos.cl\/en\/#website\"},\"primaryImageOfPage\":{\"@id\":\"https:\/\/fadeu.urantiacos.cl\/en\/2020\/11\/18\/martin-tironi-publica-en-nueva-york-articulo-sobre-exposicion-de-pedro-alonso-y-hugo-palmarola-en-estocolmo\/#primaryimage\"},\"image\":{\"@id\":\"https:\/\/fadeu.urantiacos.cl\/en\/2020\/11\/18\/martin-tironi-publica-en-nueva-york-articulo-sobre-exposicion-de-pedro-alonso-y-hugo-palmarola-en-estocolmo\/#primaryimage\"},\"thumbnailUrl\":\"https:\/\/fadeu.urantiacos.cl\/wp-content\/uploads\/2023\/09\/entrevista_tironi_a_hugoalonso.jpg\",\"datePublished\":\"2020-11-18T20:11:00+00:00\",\"dateModified\":\"2023-09-09T20:14:31+00:00\",\"author\":{\"@id\":\"https:\/\/fadeu.urantiacos.cl\/en\/#\/schema\/person\/d203e2e84b1c40275eac77b3061a19a2\"},\"description\":\"Mart\u00edn Tironi (Escuela de Dise\u00f1o) public\u00f3 en revista Faktur, en la ciudad de Nueva York, un art\u00edculo sobre su visita a la exposici\u00f3n interdisciplinaria Flying Panels, curada por Pedro Alonso (Escuela de Arquitectura) y Hugo Palmarola (Escuela de Dise\u00f1o) para The Swedish Centre for Architecture and Design ArkDes en Estocolmo (18 de octubre 2019 - 1 de marzo 2020). El art\u00edculo se titula \u201cFlying Panels: How Concrete Panels Changed the World. ArkDes, Stockholm. Curated by Pedro Ignacio Alonso and Hugo Palmarola\u201d.\",\"breadcrumb\":{\"@id\":\"https:\/\/fadeu.urantiacos.cl\/en\/2020\/11\/18\/martin-tironi-publica-en-nueva-york-articulo-sobre-exposicion-de-pedro-alonso-y-hugo-palmarola-en-estocolmo\/#breadcrumb\"},\"inLanguage\":\"en-US\",\"potentialAction\":[{\"@type\":\"ReadAction\",\"target\":[\"https:\/\/fadeu.urantiacos.cl\/en\/2020\/11\/18\/martin-tironi-publica-en-nueva-york-articulo-sobre-exposicion-de-pedro-alonso-y-hugo-palmarola-en-estocolmo\/\"]}]},{\"@type\":\"ImageObject\",\"inLanguage\":\"en-US\",\"@id\":\"https:\/\/fadeu.urantiacos.cl\/en\/2020\/11\/18\/martin-tironi-publica-en-nueva-york-articulo-sobre-exposicion-de-pedro-alonso-y-hugo-palmarola-en-estocolmo\/#primaryimage\",\"url\":\"https:\/\/fadeu.urantiacos.cl\/wp-content\/uploads\/2023\/09\/entrevista_tironi_a_hugoalonso.jpg\",\"contentUrl\":\"https:\/\/fadeu.urantiacos.cl\/wp-content\/uploads\/2023\/09\/entrevista_tironi_a_hugoalonso.jpg\",\"width\":350,\"height\":250},{\"@type\":\"BreadcrumbList\",\"@id\":\"https:\/\/fadeu.urantiacos.cl\/en\/2020\/11\/18\/martin-tironi-publica-en-nueva-york-articulo-sobre-exposicion-de-pedro-alonso-y-hugo-palmarola-en-estocolmo\/#breadcrumb\",\"itemListElement\":[{\"@type\":\"ListItem\",\"position\":1,\"name\":\"Portada\",\"item\":\"https:\/\/fadeu.urantiacos.cl\/en\/\"},{\"@type\":\"ListItem\",\"position\":2,\"name\":\"Mart\u00edn Tironi publica en Nueva York art\u00edculo sobre exposici\u00f3n de Pedro Alonso y Hugo Palmarola en Estocolmo\"}]},{\"@type\":\"WebSite\",\"@id\":\"https:\/\/fadeu.urantiacos.cl\/en\/#website\",\"url\":\"https:\/\/fadeu.urantiacos.cl\/en\/\",\"name\":\"Facultad de Arquitectura, Dise\u00f1o y Estudios Urbanos\",\"description\":\"Campus Lo Contador\",\"potentialAction\":[{\"@type\":\"SearchAction\",\"target\":{\"@type\":\"EntryPoint\",\"urlTemplate\":\"https:\/\/fadeu.urantiacos.cl\/en\/?s={search_term_string}\"},\"query-input\":{\"@type\":\"PropertyValueSpecification\",\"valueRequired\":true,\"valueName\":\"search_term_string\"}}],\"inLanguage\":\"en-US\"},{\"@type\":\"Person\",\"@id\":\"https:\/\/fadeu.urantiacos.cl\/en\/#\/schema\/person\/d203e2e84b1c40275eac77b3061a19a2\",\"name\":\"manadmin\",\"image\":{\"@type\":\"ImageObject\",\"inLanguage\":\"en-US\",\"@id\":\"https:\/\/fadeu.urantiacos.cl\/en\/#\/schema\/person\/image\/\",\"url\":\"https:\/\/secure.gravatar.com\/avatar\/4b1d8e3303b4a9d8968ac578947d8bc80d9aea359f388cdd4aac15cadc0e8447?s=96&d=mm&r=g\",\"contentUrl\":\"https:\/\/secure.gravatar.com\/avatar\/4b1d8e3303b4a9d8968ac578947d8bc80d9aea359f388cdd4aac15cadc0e8447?s=96&d=mm&r=g\",\"caption\":\"manadmin\"},\"sameAs\":[\"https:\/\/fadeu.urantiacos.cl\"]}]}<\/script>\n<!-- \/ Yoast SEO plugin. -->","yoast_head_json":{"title":"Mart\u00edn Tironi publica en Nueva York art\u00edculo sobre exposici\u00f3n de Pedro Alonso y Hugo Palmarola en Estocolmo - Facultad de Arquitectura, Dise\u00f1o y Estudios Urbanos","description":"Mart\u00edn Tironi (Escuela de Dise\u00f1o) public\u00f3 en revista Faktur, en la ciudad de Nueva York, un art\u00edculo sobre su visita a la exposici\u00f3n interdisciplinaria Flying Panels, curada por Pedro Alonso (Escuela de Arquitectura) y Hugo Palmarola (Escuela de Dise\u00f1o) para The Swedish Centre for Architecture and Design ArkDes en Estocolmo (18 de octubre 2019 - 1 de marzo 2020). El art\u00edculo se titula \u201cFlying Panels: How Concrete Panels Changed the World. ArkDes, Stockholm. Curated by Pedro Ignacio Alonso and Hugo Palmarola\u201d.","robots":{"index":"index","follow":"follow","max-snippet":"max-snippet:-1","max-image-preview":"max-image-preview:large","max-video-preview":"max-video-preview:-1"},"canonical":"https:\/\/fadeu.urantiacos.cl\/en\/2020\/11\/18\/martin-tironi-publica-en-nueva-york-articulo-sobre-exposicion-de-pedro-alonso-y-hugo-palmarola-en-estocolmo\/","og_locale":"en_US","og_type":"article","og_title":"Mart\u00edn Tironi publica en Nueva York art\u00edculo sobre exposici\u00f3n de Pedro Alonso y Hugo Palmarola en Estocolmo - Facultad de Arquitectura, Dise\u00f1o y Estudios Urbanos","og_description":"Mart\u00edn Tironi (Escuela de Dise\u00f1o) public\u00f3 en revista Faktur, en la ciudad de Nueva York, un art\u00edculo sobre su visita a la exposici\u00f3n interdisciplinaria Flying Panels, curada por Pedro Alonso (Escuela de Arquitectura) y Hugo Palmarola (Escuela de Dise\u00f1o) para The Swedish Centre for Architecture and Design ArkDes en Estocolmo (18 de octubre 2019 - 1 de marzo 2020). El art\u00edculo se titula \u201cFlying Panels: How Concrete Panels Changed the World. ArkDes, Stockholm. Curated by Pedro Ignacio Alonso and Hugo Palmarola\u201d.","og_url":"https:\/\/fadeu.urantiacos.cl\/en\/2020\/11\/18\/martin-tironi-publica-en-nueva-york-articulo-sobre-exposicion-de-pedro-alonso-y-hugo-palmarola-en-estocolmo\/","og_site_name":"Facultad de Arquitectura, Dise\u00f1o y Estudios Urbanos","article_published_time":"2020-11-18T20:11:00+00:00","article_modified_time":"2023-09-09T20:14:31+00:00","og_image":[{"width":350,"height":250,"url":"https:\/\/fadeu.urantiacos.cl\/wp-content\/uploads\/2023\/09\/entrevista_tironi_a_hugoalonso.jpg","type":"image\/jpeg"}],"author":"manadmin","twitter_card":"summary_large_image","twitter_misc":{"Written by":"manadmin","Est. reading time":"2 minutes"},"schema":{"@context":"https:\/\/schema.org","@graph":[{"@type":"Article","@id":"https:\/\/fadeu.urantiacos.cl\/en\/2020\/11\/18\/martin-tironi-publica-en-nueva-york-articulo-sobre-exposicion-de-pedro-alonso-y-hugo-palmarola-en-estocolmo\/#article","isPartOf":{"@id":"https:\/\/fadeu.urantiacos.cl\/en\/2020\/11\/18\/martin-tironi-publica-en-nueva-york-articulo-sobre-exposicion-de-pedro-alonso-y-hugo-palmarola-en-estocolmo\/"},"author":{"name":"manadmin","@id":"https:\/\/fadeu.urantiacos.cl\/en\/#\/schema\/person\/d203e2e84b1c40275eac77b3061a19a2"},"headline":"Mart\u00edn Tironi publica en Nueva York art\u00edculo sobre exposici\u00f3n de Pedro Alonso y Hugo Palmarola en Estocolmo","datePublished":"2020-11-18T20:11:00+00:00","dateModified":"2023-09-09T20:14:31+00:00","mainEntityOfPage":{"@id":"https:\/\/fadeu.urantiacos.cl\/en\/2020\/11\/18\/martin-tironi-publica-en-nueva-york-articulo-sobre-exposicion-de-pedro-alonso-y-hugo-palmarola-en-estocolmo\/"},"wordCount":437,"commentCount":0,"image":{"@id":"https:\/\/fadeu.urantiacos.cl\/en\/2020\/11\/18\/martin-tironi-publica-en-nueva-york-articulo-sobre-exposicion-de-pedro-alonso-y-hugo-palmarola-en-estocolmo\/#primaryimage"},"thumbnailUrl":"https:\/\/fadeu.urantiacos.cl\/wp-content\/uploads\/2023\/09\/entrevista_tironi_a_hugoalonso.jpg","articleSection":["Sin categorizar"],"inLanguage":"en-US","potentialAction":[{"@type":"CommentAction","name":"Comment","target":["https:\/\/fadeu.urantiacos.cl\/en\/2020\/11\/18\/martin-tironi-publica-en-nueva-york-articulo-sobre-exposicion-de-pedro-alonso-y-hugo-palmarola-en-estocolmo\/#respond"]}]},{"@type":"WebPage","@id":"https:\/\/fadeu.urantiacos.cl\/en\/2020\/11\/18\/martin-tironi-publica-en-nueva-york-articulo-sobre-exposicion-de-pedro-alonso-y-hugo-palmarola-en-estocolmo\/","url":"https:\/\/fadeu.urantiacos.cl\/en\/2020\/11\/18\/martin-tironi-publica-en-nueva-york-articulo-sobre-exposicion-de-pedro-alonso-y-hugo-palmarola-en-estocolmo\/","name":"Mart\u00edn Tironi publica en Nueva York art\u00edculo sobre exposici\u00f3n de Pedro Alonso y Hugo Palmarola en Estocolmo - Facultad de Arquitectura, Dise\u00f1o y Estudios Urbanos","isPartOf":{"@id":"https:\/\/fadeu.urantiacos.cl\/en\/#website"},"primaryImageOfPage":{"@id":"https:\/\/fadeu.urantiacos.cl\/en\/2020\/11\/18\/martin-tironi-publica-en-nueva-york-articulo-sobre-exposicion-de-pedro-alonso-y-hugo-palmarola-en-estocolmo\/#primaryimage"},"image":{"@id":"https:\/\/fadeu.urantiacos.cl\/en\/2020\/11\/18\/martin-tironi-publica-en-nueva-york-articulo-sobre-exposicion-de-pedro-alonso-y-hugo-palmarola-en-estocolmo\/#primaryimage"},"thumbnailUrl":"https:\/\/fadeu.urantiacos.cl\/wp-content\/uploads\/2023\/09\/entrevista_tironi_a_hugoalonso.jpg","datePublished":"2020-11-18T20:11:00+00:00","dateModified":"2023-09-09T20:14:31+00:00","author":{"@id":"https:\/\/fadeu.urantiacos.cl\/en\/#\/schema\/person\/d203e2e84b1c40275eac77b3061a19a2"},"description":"Mart\u00edn Tironi (Escuela de Dise\u00f1o) public\u00f3 en revista Faktur, en la ciudad de Nueva York, un art\u00edculo sobre su visita a la exposici\u00f3n interdisciplinaria Flying Panels, curada por Pedro Alonso (Escuela de Arquitectura) y Hugo Palmarola (Escuela de Dise\u00f1o) para The Swedish Centre for Architecture and Design ArkDes en Estocolmo (18 de octubre 2019 - 1 de marzo 2020). El art\u00edculo se titula \u201cFlying Panels: How Concrete Panels Changed the World. ArkDes, Stockholm. Curated by Pedro Ignacio Alonso and Hugo Palmarola\u201d.","breadcrumb":{"@id":"https:\/\/fadeu.urantiacos.cl\/en\/2020\/11\/18\/martin-tironi-publica-en-nueva-york-articulo-sobre-exposicion-de-pedro-alonso-y-hugo-palmarola-en-estocolmo\/#breadcrumb"},"inLanguage":"en-US","potentialAction":[{"@type":"ReadAction","target":["https:\/\/fadeu.urantiacos.cl\/en\/2020\/11\/18\/martin-tironi-publica-en-nueva-york-articulo-sobre-exposicion-de-pedro-alonso-y-hugo-palmarola-en-estocolmo\/"]}]},{"@type":"ImageObject","inLanguage":"en-US","@id":"https:\/\/fadeu.urantiacos.cl\/en\/2020\/11\/18\/martin-tironi-publica-en-nueva-york-articulo-sobre-exposicion-de-pedro-alonso-y-hugo-palmarola-en-estocolmo\/#primaryimage","url":"https:\/\/fadeu.urantiacos.cl\/wp-content\/uploads\/2023\/09\/entrevista_tironi_a_hugoalonso.jpg","contentUrl":"https:\/\/fadeu.urantiacos.cl\/wp-content\/uploads\/2023\/09\/entrevista_tironi_a_hugoalonso.jpg","width":350,"height":250},{"@type":"BreadcrumbList","@id":"https:\/\/fadeu.urantiacos.cl\/en\/2020\/11\/18\/martin-tironi-publica-en-nueva-york-articulo-sobre-exposicion-de-pedro-alonso-y-hugo-palmarola-en-estocolmo\/#breadcrumb","itemListElement":[{"@type":"ListItem","position":1,"name":"Portada","item":"https:\/\/fadeu.urantiacos.cl\/en\/"},{"@type":"ListItem","position":2,"name":"Mart\u00edn Tironi publica en Nueva York art\u00edculo sobre exposici\u00f3n de Pedro Alonso y Hugo Palmarola en Estocolmo"}]},{"@type":"WebSite","@id":"https:\/\/fadeu.urantiacos.cl\/en\/#website","url":"https:\/\/fadeu.urantiacos.cl\/en\/","name":"Facultad de Arquitectura, Dise\u00f1o y Estudios Urbanos","description":"Campus Lo Contador","potentialAction":[{"@type":"SearchAction","target":{"@type":"EntryPoint","urlTemplate":"https:\/\/fadeu.urantiacos.cl\/en\/?s={search_term_string}"},"query-input":{"@type":"PropertyValueSpecification","valueRequired":true,"valueName":"search_term_string"}}],"inLanguage":"en-US"},{"@type":"Person","@id":"https:\/\/fadeu.urantiacos.cl\/en\/#\/schema\/person\/d203e2e84b1c40275eac77b3061a19a2","name":"manadmin","image":{"@type":"ImageObject","inLanguage":"en-US","@id":"https:\/\/fadeu.urantiacos.cl\/en\/#\/schema\/person\/image\/","url":"https:\/\/secure.gravatar.com\/avatar\/4b1d8e3303b4a9d8968ac578947d8bc80d9aea359f388cdd4aac15cadc0e8447?s=96&d=mm&r=g","contentUrl":"https:\/\/secure.gravatar.com\/avatar\/4b1d8e3303b4a9d8968ac578947d8bc80d9aea359f388cdd4aac15cadc0e8447?s=96&d=mm&r=g","caption":"manadmin"},"sameAs":["https:\/\/fadeu.urantiacos.cl"]}]}},"_links":{"self":[{"href":"https:\/\/fadeu.urantiacos.cl\/en\/wp-json\/wp\/v2\/posts\/7857","targetHints":{"allow":["GET"]}}],"collection":[{"href":"https:\/\/fadeu.urantiacos.cl\/en\/wp-json\/wp\/v2\/posts"}],"about":[{"href":"https:\/\/fadeu.urantiacos.cl\/en\/wp-json\/wp\/v2\/types\/post"}],"author":[{"embeddable":true,"href":"https:\/\/fadeu.urantiacos.cl\/en\/wp-json\/wp\/v2\/users\/1"}],"replies":[{"embeddable":true,"href":"https:\/\/fadeu.urantiacos.cl\/en\/wp-json\/wp\/v2\/comments?post=7857"}],"version-history":[{"count":1,"href":"https:\/\/fadeu.urantiacos.cl\/en\/wp-json\/wp\/v2\/posts\/7857\/revisions"}],"predecessor-version":[{"id":7860,"href":"https:\/\/fadeu.urantiacos.cl\/en\/wp-json\/wp\/v2\/posts\/7857\/revisions\/7860"}],"wp:featuredmedia":[{"embeddable":true,"href":"https:\/\/fadeu.urantiacos.cl\/en\/wp-json\/wp\/v2\/media\/7858"}],"wp:attachment":[{"href":"https:\/\/fadeu.urantiacos.cl\/en\/wp-json\/wp\/v2\/media?parent=7857"}],"wp:term":[{"taxonomy":"category","embeddable":true,"href":"https:\/\/fadeu.urantiacos.cl\/en\/wp-json\/wp\/v2\/categories?post=7857"},{"taxonomy":"post_tag","embeddable":true,"href":"https:\/\/fadeu.urantiacos.cl\/en\/wp-json\/wp\/v2\/tags?post=7857"}],"curies":[{"name":"wp","href":"https:\/\/api.w.org\/{rel}","templated":true}]}}