{"id":7854,"date":"2020-11-19T17:09:00","date_gmt":"2020-11-19T20:09:00","guid":{"rendered":"https:\/\/fadeu.urantiacos.cl\/?p=7854"},"modified":"2023-09-09T17:11:28","modified_gmt":"2023-09-09T20:11:28","slug":"ministerio-del-medio-ambiente-estudiantes-de-planificacion-urbana-se-reunieron-con-expertos-en-evaluacion-ambiental-estrategica","status":"publish","type":"post","link":"https:\/\/fadeu.urantiacos.cl\/en\/2020\/11\/19\/ministerio-del-medio-ambiente-estudiantes-de-planificacion-urbana-se-reunieron-con-expertos-en-evaluacion-ambiental-estrategica\/","title":{"rendered":"Ministerio del Medio Ambiente: Estudiantes de Planificaci\u00f3n Urbana se reunieron con expertos en Evaluaci\u00f3n Ambiental Estrat\u00e9gica"},"content":{"rendered":"\n<figure class=\"wp-block-image size-full\"><img decoding=\"async\" width=\"350\" height=\"250\" src=\"https:\/\/fadeu.urantiacos.cl\/wp-content\/uploads\/2023\/09\/EAE-Academia_web.jpg\" alt=\"\" class=\"wp-image-7855\" srcset=\"https:\/\/fadeu.urantiacos.cl\/wp-content\/uploads\/2023\/09\/EAE-Academia_web.jpg 350w, https:\/\/fadeu.urantiacos.cl\/wp-content\/uploads\/2023\/09\/EAE-Academia_web-300x214.jpg 300w\" sizes=\"(max-width: 350px) 100vw, 350px\" \/><\/figure>\n\n\n\n<p>Kay Bergamini Ge\u00f3grafo de la Pontificia Universidad Cat\u00f3lica&nbsp; de Chile,&nbsp; Doctor en gesti\u00f3n ambiental, paisaje y geograf\u00eda de la Universidad de Barcelona explic\u00f3 la importancia de la Evaluaci\u00f3n Ambiental Estrat\u00e9gica (EAE) en el mundo acad\u00e9mico para que los egresados de la carrera de Planificaci\u00f3n Urbana, tengan el dominio de las t\u00e9cnicas y herramientas avanzadas y puedan colaborar con equipos de trabajo ya sea en consultor\u00eda, servicios p\u00fablicos u otras instancias, de forma de mejorar el desempe\u00f1o global de la EAE y su influencia en las consideraciones ambientales y desarrollo sustentable, principalmente en los instrumentos de ordenamiento territorial como son los Planes Reguladores y los Planes Regionales de Ordenamiento territorial.<\/p>\n\n\n\n<p>Bergamini se\u00f1al\u00f3 que&nbsp;\u201clos estudiantes ven la EAE como un componente importante de su formaci\u00f3n profesional. Sienten que son conocimientos y herramientas que deben manejar si es que desean insertarse adecuadamente en el mundo laboral actual\u201d.<\/p>\n\n\n\n<p>Para el acad\u00e9mico, la EAE en Chile es valorada como instrumento de gesti\u00f3n ambiental que aporta con la mirada estrat\u00e9gica en relaci\u00f3n con sus resultados, al dise\u00f1o de los instrumentos de ordenamiento y planificaci\u00f3n territorial.<\/p>\n\n\n\n<p>Aqu\u00ed algunas de sus impresiones, manifestadas a los profesionales de Evaluaci\u00f3n Ambiental Estrat\u00e9gica del Ministerio del Medio Ambiente.<\/p>\n\n\n\n<p><strong>\u00bfPara usted cu\u00e1l es la relevancia de ense\u00f1ar EAE en la academia?<\/strong><\/p>\n\n\n\n<p>La EAE es un instrumento de gesti\u00f3n ambiental bastante nuevo en el mundo y tambi\u00e9n en Chile, por lo tanto, el proceso de formaci\u00f3n de capacidades ha ido de la mano del ejercicio profesional propiamente tal. No obstante, lo anterior, en la actualidad el foco ya debe estar en los futuros profesionales del \u00e1mbito de la planificaci\u00f3n urbana o territorial que se forman en la academia, para que una vez egresados tengan el dominio de las t\u00e9cnicas y herramientas avanzadas, para que colaboren con equipos de trabajo ya sea en consultor\u00eda, servicios p\u00fablicos u otras instancias de forma de mejorar el desempe\u00f1o global de la EAE y sus resultados en sostenibilidad.<\/p>\n\n\n\n<p><strong>En los a\u00f1os que lleva la carrera de planificaci\u00f3n urbana, \u00bfcu\u00e1l cree usted que es la visi\u00f3n que tienen los estudiantes de la EAE?<\/strong><\/p>\n\n\n\n<p>Los estudiantes ven la EAE como un componente importante de su formaci\u00f3n profesional. Sienten que son conocimientos y herramientas que deben manejar si es que desean insertarse adecuadamente en el mundo laboral actual. En espec\u00edfico les llama la atenci\u00f3n el proceso de trabajo de la EAE y sobre todo est\u00e1n preocupados con sus efectos \u00bfQu\u00e9 pasa despu\u00e9s? Pregunta que a\u00fan no podemos responder muy bien, ya que todav\u00eda los planes necesitan a\u00f1os de implementaci\u00f3n para que tengamos claridad de eso.<\/p>\n\n\n\n<p><strong>\u00bfQu\u00e9 contenidos usted estima no est\u00e1n considerados en la actual EAE? (tomando en cuenta la Gu\u00eda y Reglamento)<\/strong><\/p>\n\n\n\n<p>En general, la ley, el reglamento y la gu\u00eda debe actualizarse para tres cosas primordiales. Primero ampliar la obligatoriedad de aplicar el instrumento a mayor cantidad de pol\u00edticas, planes y sobre todo programas que no son evaluados y generan resultados nefastos para el medio ambiente. Luego, se debe avanzar en incorporar o articular conceptos como los factores cr\u00edticos de decisi\u00f3n, directrices y otros que generan confusi\u00f3n en quienes trabajan en esto, lo que quiere decir que exista una mejor articulaci\u00f3n normativa. Finalmente se debe reforzar el marco de gobernanza de la EAE, estableciendo obligatoriedad de participaci\u00f3n de servicios p\u00fablicos, implementando mecanismos de fiscalizaci\u00f3n del seguimiento posterior a la aprobaci\u00f3n, y el establecimiento de un sistema de certificaci\u00f3n y registro de profesionales o consultoras que trabajan en la materia.<\/p>\n\n\n\n<p><strong>\u00bfCu\u00e1l cree usted es lo m\u00e1s dif\u00edcil en la aplicaci\u00f3n de la EAE a las materias de la planificaci\u00f3n urbana?<\/strong><\/p>\n\n\n\n<p>En general lo m\u00e1s dif\u00edcil ha sido un tema de actitud hacia el uso de la EAE, que es vista como muchos como un problema o un tr\u00e1mite adicional, y no como una oportunidad de mejora de los instrumentos de planificaci\u00f3n territorial en el proceso y la incorporaci\u00f3n de sustentabilidad a los territorios o \u00e1reas urbanas. El d\u00eda que se entienda a cabalidad su funci\u00f3n, quiz\u00e1s aparecer\u00e1n nuevos detalles, pero ya m\u00e1s t\u00e9cnicos o espec\u00edficos de este instrumento.<\/p>\n\n\n\n<p><strong>\u00bfUsted estima que en Chile se est\u00e1 considerando la EAE como instrumento de gesti\u00f3n ambiental a nivel estrat\u00e9gico?<\/strong><\/p>\n\n\n\n<p>La verdad, se considera como instrumento de gesti\u00f3n ambiental, m\u00e1s no como estrat\u00e9gico. Lo anterior en todo caso no es problema de la EAE o del Ministerio en su implementaci\u00f3n, sino que m\u00e1s bien de las l\u00f3gicas de funcionamiento del Estado y los actores que trabajan en \u00e9l, de mirar en menos a los instrumentos estrat\u00e9gicos propiamente tales como los Pladecos o Estrategias Regionales de Desarrollo por citar algunas, donde se cuestiona el car\u00e1cter no obligatorio de sus resultados. Dicho de otra forma, la EAE se valora mucho m\u00e1s como instrumento de gesti\u00f3n ambiental, dado lo que aporta o podr\u00eda aportar en su implementaci\u00f3n en plenitud, en relaci\u00f3n con sus resultados, que lo que aporta la mirada estrat\u00e9gica al dise\u00f1o de los instrumentos.<\/p>\n\n\n\n<p>INFORMACI\u00d3N PERIOD\u00cdSTICA<br>JUAN ANDR\u00c9S INZUNZA<\/p>\n\n\n\n<p><a href=\"https:\/\/mma.gob.cl\/la-evaluacion-ambiental-estrategica-y-la-academia\/\" target=\"_blank\" rel=\"noreferrer noopener\">FUENTE: MINISTERIO DEL MEDIO AMBIENTE.<\/a><\/p>\n","protected":false},"excerpt":{"rendered":"<p>Por segundo a\u00f1o consecutivo, alumnos de la carrera de Planificaci\u00f3n Urbana de la Pontificia Universidad Cat\u00f3lica de Chile junto con el profesor Kay Bergamini, se re\u00fanen con profesionales de la Oficina de Evaluaci\u00f3n Ambiental, expertos en Evaluaci\u00f3n Ambiental Estrat\u00e9gica (EAE), para a trav\u00e9s de una presentaci\u00f3n y amena conversaci\u00f3n transmitir la experiencia de los profesionales y el aporte en EAE de los futuros Planificadores Urbanos.<\/p>\n","protected":false},"author":1,"featured_media":7855,"comment_status":"open","ping_status":"open","sticky":false,"template":"","format":"standard","meta":{"_acf_changed":false,"footnotes":""},"categories":[1],"tags":[],"class_list":["post-7854","post","type-post","status-publish","format-standard","has-post-thumbnail","hentry","category-sin-categorizar"],"acf":[],"yoast_head":"<!-- This site is optimized with the Yoast SEO plugin v27.1.1 - https:\/\/yoast.com\/product\/yoast-seo-wordpress\/ -->\n<title>Ministerio del Medio Ambiente: Estudiantes de Planificaci\u00f3n Urbana se reunieron con expertos en Evaluaci\u00f3n Ambiental Estrat\u00e9gica - Facultad de Arquitectura, Dise\u00f1o y Estudios Urbanos<\/title>\n<meta name=\"description\" content=\"Por segundo a\u00f1o consecutivo, alumnos de la carrera de Planificaci\u00f3n Urbana de la Pontificia Universidad Cat\u00f3lica de Chile junto con el profesor Kay Bergamini, se re\u00fanen con profesionales de la Oficina de Evaluaci\u00f3n Ambiental, expertos en Evaluaci\u00f3n Ambiental Estrat\u00e9gica (EAE), para a trav\u00e9s de una presentaci\u00f3n y amena conversaci\u00f3n transmitir la experiencia de los profesionales y el aporte en EAE de los futuros Planificadores Urbanos.\" \/>\n<meta name=\"robots\" content=\"index, follow, max-snippet:-1, max-image-preview:large, max-video-preview:-1\" \/>\n<link rel=\"canonical\" href=\"https:\/\/fadeu.urantiacos.cl\/en\/2020\/11\/19\/ministerio-del-medio-ambiente-estudiantes-de-planificacion-urbana-se-reunieron-con-expertos-en-evaluacion-ambiental-estrategica\/\" \/>\n<meta property=\"og:locale\" content=\"en_US\" \/>\n<meta property=\"og:type\" content=\"article\" \/>\n<meta property=\"og:title\" content=\"Ministerio del Medio Ambiente: Estudiantes de Planificaci\u00f3n Urbana se reunieron con expertos en Evaluaci\u00f3n Ambiental Estrat\u00e9gica - Facultad de Arquitectura, Dise\u00f1o y Estudios Urbanos\" \/>\n<meta property=\"og:description\" content=\"Por segundo a\u00f1o consecutivo, alumnos de la carrera de Planificaci\u00f3n Urbana de la Pontificia Universidad Cat\u00f3lica de Chile junto con el profesor Kay Bergamini, se re\u00fanen con profesionales de la Oficina de Evaluaci\u00f3n Ambiental, expertos en Evaluaci\u00f3n Ambiental Estrat\u00e9gica (EAE), para a trav\u00e9s de una presentaci\u00f3n y amena conversaci\u00f3n transmitir la experiencia de los profesionales y el aporte en EAE de los futuros Planificadores Urbanos.\" \/>\n<meta property=\"og:url\" content=\"https:\/\/fadeu.urantiacos.cl\/en\/2020\/11\/19\/ministerio-del-medio-ambiente-estudiantes-de-planificacion-urbana-se-reunieron-con-expertos-en-evaluacion-ambiental-estrategica\/\" \/>\n<meta property=\"og:site_name\" content=\"Facultad de Arquitectura, Dise\u00f1o y Estudios Urbanos\" \/>\n<meta property=\"article:published_time\" content=\"2020-11-19T20:09:00+00:00\" \/>\n<meta property=\"article:modified_time\" content=\"2023-09-09T20:11:28+00:00\" \/>\n<meta property=\"og:image\" content=\"https:\/\/fadeu.urantiacos.cl\/wp-content\/uploads\/2023\/09\/EAE-Academia_web.jpg\" \/>\n\t<meta property=\"og:image:width\" content=\"350\" \/>\n\t<meta property=\"og:image:height\" content=\"250\" \/>\n\t<meta property=\"og:image:type\" content=\"image\/jpeg\" \/>\n<meta name=\"author\" content=\"manadmin\" \/>\n<meta name=\"twitter:card\" content=\"summary_large_image\" \/>\n<meta name=\"twitter:label1\" content=\"Written by\" \/>\n\t<meta name=\"twitter:data1\" content=\"manadmin\" \/>\n\t<meta name=\"twitter:label2\" content=\"Est. reading time\" \/>\n\t<meta name=\"twitter:data2\" content=\"5 minutes\" \/>\n<script type=\"application\/ld+json\" class=\"yoast-schema-graph\">{\"@context\":\"https:\/\/schema.org\",\"@graph\":[{\"@type\":\"Article\",\"@id\":\"https:\/\/fadeu.urantiacos.cl\/en\/2020\/11\/19\/ministerio-del-medio-ambiente-estudiantes-de-planificacion-urbana-se-reunieron-con-expertos-en-evaluacion-ambiental-estrategica\/#article\",\"isPartOf\":{\"@id\":\"https:\/\/fadeu.urantiacos.cl\/en\/2020\/11\/19\/ministerio-del-medio-ambiente-estudiantes-de-planificacion-urbana-se-reunieron-con-expertos-en-evaluacion-ambiental-estrategica\/\"},\"author\":{\"name\":\"manadmin\",\"@id\":\"https:\/\/fadeu.urantiacos.cl\/en\/#\/schema\/person\/d203e2e84b1c40275eac77b3061a19a2\"},\"headline\":\"Ministerio del Medio Ambiente: Estudiantes de Planificaci\u00f3n Urbana se reunieron con expertos en Evaluaci\u00f3n Ambiental Estrat\u00e9gica\",\"datePublished\":\"2020-11-19T20:09:00+00:00\",\"dateModified\":\"2023-09-09T20:11:28+00:00\",\"mainEntityOfPage\":{\"@id\":\"https:\/\/fadeu.urantiacos.cl\/en\/2020\/11\/19\/ministerio-del-medio-ambiente-estudiantes-de-planificacion-urbana-se-reunieron-con-expertos-en-evaluacion-ambiental-estrategica\/\"},\"wordCount\":936,\"commentCount\":0,\"image\":{\"@id\":\"https:\/\/fadeu.urantiacos.cl\/en\/2020\/11\/19\/ministerio-del-medio-ambiente-estudiantes-de-planificacion-urbana-se-reunieron-con-expertos-en-evaluacion-ambiental-estrategica\/#primaryimage\"},\"thumbnailUrl\":\"https:\/\/fadeu.urantiacos.cl\/wp-content\/uploads\/2023\/09\/EAE-Academia_web.jpg\",\"articleSection\":[\"Sin categorizar\"],\"inLanguage\":\"en-US\",\"potentialAction\":[{\"@type\":\"CommentAction\",\"name\":\"Comment\",\"target\":[\"https:\/\/fadeu.urantiacos.cl\/en\/2020\/11\/19\/ministerio-del-medio-ambiente-estudiantes-de-planificacion-urbana-se-reunieron-con-expertos-en-evaluacion-ambiental-estrategica\/#respond\"]}]},{\"@type\":\"WebPage\",\"@id\":\"https:\/\/fadeu.urantiacos.cl\/en\/2020\/11\/19\/ministerio-del-medio-ambiente-estudiantes-de-planificacion-urbana-se-reunieron-con-expertos-en-evaluacion-ambiental-estrategica\/\",\"url\":\"https:\/\/fadeu.urantiacos.cl\/en\/2020\/11\/19\/ministerio-del-medio-ambiente-estudiantes-de-planificacion-urbana-se-reunieron-con-expertos-en-evaluacion-ambiental-estrategica\/\",\"name\":\"Ministerio del Medio Ambiente: Estudiantes de Planificaci\u00f3n Urbana se reunieron con expertos en Evaluaci\u00f3n Ambiental Estrat\u00e9gica - Facultad de Arquitectura, Dise\u00f1o y Estudios Urbanos\",\"isPartOf\":{\"@id\":\"https:\/\/fadeu.urantiacos.cl\/en\/#website\"},\"primaryImageOfPage\":{\"@id\":\"https:\/\/fadeu.urantiacos.cl\/en\/2020\/11\/19\/ministerio-del-medio-ambiente-estudiantes-de-planificacion-urbana-se-reunieron-con-expertos-en-evaluacion-ambiental-estrategica\/#primaryimage\"},\"image\":{\"@id\":\"https:\/\/fadeu.urantiacos.cl\/en\/2020\/11\/19\/ministerio-del-medio-ambiente-estudiantes-de-planificacion-urbana-se-reunieron-con-expertos-en-evaluacion-ambiental-estrategica\/#primaryimage\"},\"thumbnailUrl\":\"https:\/\/fadeu.urantiacos.cl\/wp-content\/uploads\/2023\/09\/EAE-Academia_web.jpg\",\"datePublished\":\"2020-11-19T20:09:00+00:00\",\"dateModified\":\"2023-09-09T20:11:28+00:00\",\"author\":{\"@id\":\"https:\/\/fadeu.urantiacos.cl\/en\/#\/schema\/person\/d203e2e84b1c40275eac77b3061a19a2\"},\"description\":\"Por segundo a\u00f1o consecutivo, alumnos de la carrera de Planificaci\u00f3n Urbana de la Pontificia Universidad Cat\u00f3lica de Chile junto con el profesor Kay Bergamini, se re\u00fanen con profesionales de la Oficina de Evaluaci\u00f3n Ambiental, expertos en Evaluaci\u00f3n Ambiental Estrat\u00e9gica (EAE), para a trav\u00e9s de una presentaci\u00f3n y amena conversaci\u00f3n transmitir la experiencia de los profesionales y el aporte en EAE de los futuros Planificadores Urbanos.\",\"breadcrumb\":{\"@id\":\"https:\/\/fadeu.urantiacos.cl\/en\/2020\/11\/19\/ministerio-del-medio-ambiente-estudiantes-de-planificacion-urbana-se-reunieron-con-expertos-en-evaluacion-ambiental-estrategica\/#breadcrumb\"},\"inLanguage\":\"en-US\",\"potentialAction\":[{\"@type\":\"ReadAction\",\"target\":[\"https:\/\/fadeu.urantiacos.cl\/en\/2020\/11\/19\/ministerio-del-medio-ambiente-estudiantes-de-planificacion-urbana-se-reunieron-con-expertos-en-evaluacion-ambiental-estrategica\/\"]}]},{\"@type\":\"ImageObject\",\"inLanguage\":\"en-US\",\"@id\":\"https:\/\/fadeu.urantiacos.cl\/en\/2020\/11\/19\/ministerio-del-medio-ambiente-estudiantes-de-planificacion-urbana-se-reunieron-con-expertos-en-evaluacion-ambiental-estrategica\/#primaryimage\",\"url\":\"https:\/\/fadeu.urantiacos.cl\/wp-content\/uploads\/2023\/09\/EAE-Academia_web.jpg\",\"contentUrl\":\"https:\/\/fadeu.urantiacos.cl\/wp-content\/uploads\/2023\/09\/EAE-Academia_web.jpg\",\"width\":350,\"height\":250},{\"@type\":\"BreadcrumbList\",\"@id\":\"https:\/\/fadeu.urantiacos.cl\/en\/2020\/11\/19\/ministerio-del-medio-ambiente-estudiantes-de-planificacion-urbana-se-reunieron-con-expertos-en-evaluacion-ambiental-estrategica\/#breadcrumb\",\"itemListElement\":[{\"@type\":\"ListItem\",\"position\":1,\"name\":\"Portada\",\"item\":\"https:\/\/fadeu.urantiacos.cl\/en\/\"},{\"@type\":\"ListItem\",\"position\":2,\"name\":\"Ministerio del Medio Ambiente: Estudiantes de Planificaci\u00f3n Urbana se reunieron con expertos en Evaluaci\u00f3n Ambiental Estrat\u00e9gica\"}]},{\"@type\":\"WebSite\",\"@id\":\"https:\/\/fadeu.urantiacos.cl\/en\/#website\",\"url\":\"https:\/\/fadeu.urantiacos.cl\/en\/\",\"name\":\"Facultad de Arquitectura, Dise\u00f1o y Estudios Urbanos\",\"description\":\"Campus Lo Contador\",\"potentialAction\":[{\"@type\":\"SearchAction\",\"target\":{\"@type\":\"EntryPoint\",\"urlTemplate\":\"https:\/\/fadeu.urantiacos.cl\/en\/?s={search_term_string}\"},\"query-input\":{\"@type\":\"PropertyValueSpecification\",\"valueRequired\":true,\"valueName\":\"search_term_string\"}}],\"inLanguage\":\"en-US\"},{\"@type\":\"Person\",\"@id\":\"https:\/\/fadeu.urantiacos.cl\/en\/#\/schema\/person\/d203e2e84b1c40275eac77b3061a19a2\",\"name\":\"manadmin\",\"image\":{\"@type\":\"ImageObject\",\"inLanguage\":\"en-US\",\"@id\":\"https:\/\/fadeu.urantiacos.cl\/en\/#\/schema\/person\/image\/\",\"url\":\"https:\/\/secure.gravatar.com\/avatar\/4b1d8e3303b4a9d8968ac578947d8bc80d9aea359f388cdd4aac15cadc0e8447?s=96&d=mm&r=g\",\"contentUrl\":\"https:\/\/secure.gravatar.com\/avatar\/4b1d8e3303b4a9d8968ac578947d8bc80d9aea359f388cdd4aac15cadc0e8447?s=96&d=mm&r=g\",\"caption\":\"manadmin\"},\"sameAs\":[\"https:\/\/fadeu.urantiacos.cl\"]}]}<\/script>\n<!-- \/ Yoast SEO plugin. -->","yoast_head_json":{"title":"Ministerio del Medio Ambiente: Estudiantes de Planificaci\u00f3n Urbana se reunieron con expertos en Evaluaci\u00f3n Ambiental Estrat\u00e9gica - Facultad de Arquitectura, Dise\u00f1o y Estudios Urbanos","description":"Por segundo a\u00f1o consecutivo, alumnos de la carrera de Planificaci\u00f3n Urbana de la Pontificia Universidad Cat\u00f3lica de Chile junto con el profesor Kay Bergamini, se re\u00fanen con profesionales de la Oficina de Evaluaci\u00f3n Ambiental, expertos en Evaluaci\u00f3n Ambiental Estrat\u00e9gica (EAE), para a trav\u00e9s de una presentaci\u00f3n y amena conversaci\u00f3n transmitir la experiencia de los profesionales y el aporte en EAE de los futuros Planificadores Urbanos.","robots":{"index":"index","follow":"follow","max-snippet":"max-snippet:-1","max-image-preview":"max-image-preview:large","max-video-preview":"max-video-preview:-1"},"canonical":"https:\/\/fadeu.urantiacos.cl\/en\/2020\/11\/19\/ministerio-del-medio-ambiente-estudiantes-de-planificacion-urbana-se-reunieron-con-expertos-en-evaluacion-ambiental-estrategica\/","og_locale":"en_US","og_type":"article","og_title":"Ministerio del Medio Ambiente: Estudiantes de Planificaci\u00f3n Urbana se reunieron con expertos en Evaluaci\u00f3n Ambiental Estrat\u00e9gica - Facultad de Arquitectura, Dise\u00f1o y Estudios Urbanos","og_description":"Por segundo a\u00f1o consecutivo, alumnos de la carrera de Planificaci\u00f3n Urbana de la Pontificia Universidad Cat\u00f3lica de Chile junto con el profesor Kay Bergamini, se re\u00fanen con profesionales de la Oficina de Evaluaci\u00f3n Ambiental, expertos en Evaluaci\u00f3n Ambiental Estrat\u00e9gica (EAE), para a trav\u00e9s de una presentaci\u00f3n y amena conversaci\u00f3n transmitir la experiencia de los profesionales y el aporte en EAE de los futuros Planificadores Urbanos.","og_url":"https:\/\/fadeu.urantiacos.cl\/en\/2020\/11\/19\/ministerio-del-medio-ambiente-estudiantes-de-planificacion-urbana-se-reunieron-con-expertos-en-evaluacion-ambiental-estrategica\/","og_site_name":"Facultad de Arquitectura, Dise\u00f1o y Estudios Urbanos","article_published_time":"2020-11-19T20:09:00+00:00","article_modified_time":"2023-09-09T20:11:28+00:00","og_image":[{"width":350,"height":250,"url":"https:\/\/fadeu.urantiacos.cl\/wp-content\/uploads\/2023\/09\/EAE-Academia_web.jpg","type":"image\/jpeg"}],"author":"manadmin","twitter_card":"summary_large_image","twitter_misc":{"Written by":"manadmin","Est. reading time":"5 minutes"},"schema":{"@context":"https:\/\/schema.org","@graph":[{"@type":"Article","@id":"https:\/\/fadeu.urantiacos.cl\/en\/2020\/11\/19\/ministerio-del-medio-ambiente-estudiantes-de-planificacion-urbana-se-reunieron-con-expertos-en-evaluacion-ambiental-estrategica\/#article","isPartOf":{"@id":"https:\/\/fadeu.urantiacos.cl\/en\/2020\/11\/19\/ministerio-del-medio-ambiente-estudiantes-de-planificacion-urbana-se-reunieron-con-expertos-en-evaluacion-ambiental-estrategica\/"},"author":{"name":"manadmin","@id":"https:\/\/fadeu.urantiacos.cl\/en\/#\/schema\/person\/d203e2e84b1c40275eac77b3061a19a2"},"headline":"Ministerio del Medio Ambiente: Estudiantes de Planificaci\u00f3n Urbana se reunieron con expertos en Evaluaci\u00f3n Ambiental Estrat\u00e9gica","datePublished":"2020-11-19T20:09:00+00:00","dateModified":"2023-09-09T20:11:28+00:00","mainEntityOfPage":{"@id":"https:\/\/fadeu.urantiacos.cl\/en\/2020\/11\/19\/ministerio-del-medio-ambiente-estudiantes-de-planificacion-urbana-se-reunieron-con-expertos-en-evaluacion-ambiental-estrategica\/"},"wordCount":936,"commentCount":0,"image":{"@id":"https:\/\/fadeu.urantiacos.cl\/en\/2020\/11\/19\/ministerio-del-medio-ambiente-estudiantes-de-planificacion-urbana-se-reunieron-con-expertos-en-evaluacion-ambiental-estrategica\/#primaryimage"},"thumbnailUrl":"https:\/\/fadeu.urantiacos.cl\/wp-content\/uploads\/2023\/09\/EAE-Academia_web.jpg","articleSection":["Sin categorizar"],"inLanguage":"en-US","potentialAction":[{"@type":"CommentAction","name":"Comment","target":["https:\/\/fadeu.urantiacos.cl\/en\/2020\/11\/19\/ministerio-del-medio-ambiente-estudiantes-de-planificacion-urbana-se-reunieron-con-expertos-en-evaluacion-ambiental-estrategica\/#respond"]}]},{"@type":"WebPage","@id":"https:\/\/fadeu.urantiacos.cl\/en\/2020\/11\/19\/ministerio-del-medio-ambiente-estudiantes-de-planificacion-urbana-se-reunieron-con-expertos-en-evaluacion-ambiental-estrategica\/","url":"https:\/\/fadeu.urantiacos.cl\/en\/2020\/11\/19\/ministerio-del-medio-ambiente-estudiantes-de-planificacion-urbana-se-reunieron-con-expertos-en-evaluacion-ambiental-estrategica\/","name":"Ministerio del Medio Ambiente: Estudiantes de Planificaci\u00f3n Urbana se reunieron con expertos en Evaluaci\u00f3n Ambiental Estrat\u00e9gica - Facultad de Arquitectura, Dise\u00f1o y Estudios Urbanos","isPartOf":{"@id":"https:\/\/fadeu.urantiacos.cl\/en\/#website"},"primaryImageOfPage":{"@id":"https:\/\/fadeu.urantiacos.cl\/en\/2020\/11\/19\/ministerio-del-medio-ambiente-estudiantes-de-planificacion-urbana-se-reunieron-con-expertos-en-evaluacion-ambiental-estrategica\/#primaryimage"},"image":{"@id":"https:\/\/fadeu.urantiacos.cl\/en\/2020\/11\/19\/ministerio-del-medio-ambiente-estudiantes-de-planificacion-urbana-se-reunieron-con-expertos-en-evaluacion-ambiental-estrategica\/#primaryimage"},"thumbnailUrl":"https:\/\/fadeu.urantiacos.cl\/wp-content\/uploads\/2023\/09\/EAE-Academia_web.jpg","datePublished":"2020-11-19T20:09:00+00:00","dateModified":"2023-09-09T20:11:28+00:00","author":{"@id":"https:\/\/fadeu.urantiacos.cl\/en\/#\/schema\/person\/d203e2e84b1c40275eac77b3061a19a2"},"description":"Por segundo a\u00f1o consecutivo, alumnos de la carrera de Planificaci\u00f3n Urbana de la Pontificia Universidad Cat\u00f3lica de Chile junto con el profesor Kay Bergamini, se re\u00fanen con profesionales de la Oficina de Evaluaci\u00f3n Ambiental, expertos en Evaluaci\u00f3n Ambiental Estrat\u00e9gica (EAE), para a trav\u00e9s de una presentaci\u00f3n y amena conversaci\u00f3n transmitir la experiencia de los profesionales y el aporte en EAE de los futuros Planificadores Urbanos.","breadcrumb":{"@id":"https:\/\/fadeu.urantiacos.cl\/en\/2020\/11\/19\/ministerio-del-medio-ambiente-estudiantes-de-planificacion-urbana-se-reunieron-con-expertos-en-evaluacion-ambiental-estrategica\/#breadcrumb"},"inLanguage":"en-US","potentialAction":[{"@type":"ReadAction","target":["https:\/\/fadeu.urantiacos.cl\/en\/2020\/11\/19\/ministerio-del-medio-ambiente-estudiantes-de-planificacion-urbana-se-reunieron-con-expertos-en-evaluacion-ambiental-estrategica\/"]}]},{"@type":"ImageObject","inLanguage":"en-US","@id":"https:\/\/fadeu.urantiacos.cl\/en\/2020\/11\/19\/ministerio-del-medio-ambiente-estudiantes-de-planificacion-urbana-se-reunieron-con-expertos-en-evaluacion-ambiental-estrategica\/#primaryimage","url":"https:\/\/fadeu.urantiacos.cl\/wp-content\/uploads\/2023\/09\/EAE-Academia_web.jpg","contentUrl":"https:\/\/fadeu.urantiacos.cl\/wp-content\/uploads\/2023\/09\/EAE-Academia_web.jpg","width":350,"height":250},{"@type":"BreadcrumbList","@id":"https:\/\/fadeu.urantiacos.cl\/en\/2020\/11\/19\/ministerio-del-medio-ambiente-estudiantes-de-planificacion-urbana-se-reunieron-con-expertos-en-evaluacion-ambiental-estrategica\/#breadcrumb","itemListElement":[{"@type":"ListItem","position":1,"name":"Portada","item":"https:\/\/fadeu.urantiacos.cl\/en\/"},{"@type":"ListItem","position":2,"name":"Ministerio del Medio Ambiente: Estudiantes de Planificaci\u00f3n Urbana se reunieron con expertos en Evaluaci\u00f3n Ambiental Estrat\u00e9gica"}]},{"@type":"WebSite","@id":"https:\/\/fadeu.urantiacos.cl\/en\/#website","url":"https:\/\/fadeu.urantiacos.cl\/en\/","name":"Facultad de Arquitectura, Dise\u00f1o y Estudios Urbanos","description":"Campus Lo Contador","potentialAction":[{"@type":"SearchAction","target":{"@type":"EntryPoint","urlTemplate":"https:\/\/fadeu.urantiacos.cl\/en\/?s={search_term_string}"},"query-input":{"@type":"PropertyValueSpecification","valueRequired":true,"valueName":"search_term_string"}}],"inLanguage":"en-US"},{"@type":"Person","@id":"https:\/\/fadeu.urantiacos.cl\/en\/#\/schema\/person\/d203e2e84b1c40275eac77b3061a19a2","name":"manadmin","image":{"@type":"ImageObject","inLanguage":"en-US","@id":"https:\/\/fadeu.urantiacos.cl\/en\/#\/schema\/person\/image\/","url":"https:\/\/secure.gravatar.com\/avatar\/4b1d8e3303b4a9d8968ac578947d8bc80d9aea359f388cdd4aac15cadc0e8447?s=96&d=mm&r=g","contentUrl":"https:\/\/secure.gravatar.com\/avatar\/4b1d8e3303b4a9d8968ac578947d8bc80d9aea359f388cdd4aac15cadc0e8447?s=96&d=mm&r=g","caption":"manadmin"},"sameAs":["https:\/\/fadeu.urantiacos.cl"]}]}},"_links":{"self":[{"href":"https:\/\/fadeu.urantiacos.cl\/en\/wp-json\/wp\/v2\/posts\/7854","targetHints":{"allow":["GET"]}}],"collection":[{"href":"https:\/\/fadeu.urantiacos.cl\/en\/wp-json\/wp\/v2\/posts"}],"about":[{"href":"https:\/\/fadeu.urantiacos.cl\/en\/wp-json\/wp\/v2\/types\/post"}],"author":[{"embeddable":true,"href":"https:\/\/fadeu.urantiacos.cl\/en\/wp-json\/wp\/v2\/users\/1"}],"replies":[{"embeddable":true,"href":"https:\/\/fadeu.urantiacos.cl\/en\/wp-json\/wp\/v2\/comments?post=7854"}],"version-history":[{"count":1,"href":"https:\/\/fadeu.urantiacos.cl\/en\/wp-json\/wp\/v2\/posts\/7854\/revisions"}],"predecessor-version":[{"id":7856,"href":"https:\/\/fadeu.urantiacos.cl\/en\/wp-json\/wp\/v2\/posts\/7854\/revisions\/7856"}],"wp:featuredmedia":[{"embeddable":true,"href":"https:\/\/fadeu.urantiacos.cl\/en\/wp-json\/wp\/v2\/media\/7855"}],"wp:attachment":[{"href":"https:\/\/fadeu.urantiacos.cl\/en\/wp-json\/wp\/v2\/media?parent=7854"}],"wp:term":[{"taxonomy":"category","embeddable":true,"href":"https:\/\/fadeu.urantiacos.cl\/en\/wp-json\/wp\/v2\/categories?post=7854"},{"taxonomy":"post_tag","embeddable":true,"href":"https:\/\/fadeu.urantiacos.cl\/en\/wp-json\/wp\/v2\/tags?post=7854"}],"curies":[{"name":"wp","href":"https:\/\/api.w.org\/{rel}","templated":true}]}}