{"id":7851,"date":"2020-11-19T17:07:00","date_gmt":"2020-11-19T20:07:00","guid":{"rendered":"https:\/\/fadeu.urantiacos.cl\/?p=7851"},"modified":"2023-09-09T17:09:34","modified_gmt":"2023-09-09T20:09:34","slug":"rector-ignacio-sanchez-se-reunio-con-academicos-y-academicas-fadeu","status":"publish","type":"post","link":"https:\/\/fadeu.urantiacos.cl\/en\/2020\/11\/19\/rector-ignacio-sanchez-se-reunio-con-academicos-y-academicas-fadeu\/","title":{"rendered":"Rector Ignacio S\u00e1nchez se reuni\u00f3 con acad\u00e9micos y acad\u00e9micas FADEU"},"content":{"rendered":"\n<figure class=\"wp-block-image size-full\"><img decoding=\"async\" width=\"350\" height=\"250\" src=\"https:\/\/fadeu.urantiacos.cl\/wp-content\/uploads\/2023\/09\/reunion_rector_con_profesores2020.jpg\" alt=\"\" class=\"wp-image-7852\" srcset=\"https:\/\/fadeu.urantiacos.cl\/wp-content\/uploads\/2023\/09\/reunion_rector_con_profesores2020.jpg 350w, https:\/\/fadeu.urantiacos.cl\/wp-content\/uploads\/2023\/09\/reunion_rector_con_profesores2020-300x214.jpg 300w\" sizes=\"(max-width: 350px) 100vw, 350px\" \/><\/figure>\n\n\n\n<p>Asimismo, el Rector Ignacio S\u00e1nchez plante\u00f3 que los diversos impactos del confinamiento en la salud f\u00edsica y emocional son parte central de la preocupaci\u00f3n de la universidad, sugiriendo mantenernos conectados y cohesionados como comunidad, para poder atender y resolver las vicisitudes que nos plantea el futuro<\/p>\n\n\n\n<p>Fueron muchos acad\u00e9micos quienes hicieron uso de la palabra, entre ellos, el director de la escuela de Arquitectura, Luis Eduardo Bresciani, quien abord\u00f3 el rol p\u00fablico de la universidad de cara al proceso constituyente, planteando la necesidad de que la instituci\u00f3n pueda canalizar sus aspiraciones y saberes desde la investigaci\u00f3n y la docencia para incidir en la discusi\u00f3n pa\u00eds sobre la nueva Constituci\u00f3n.<\/p>\n\n\n\n<p>Tambi\u00e9n se relev\u00f3 los desaf\u00edos pedag\u00f3gicos que supone para la universidad comenzar un nuevo a\u00f1o acad\u00e9mico (2021) de manera online y semi presencial, lo que, a juicio del profesor del Instituto de Estudios Urbanos, Arturo Orellana, supone nuevas formas de relaci\u00f3n con los estudiantes y establecen una serie de desaf\u00edos en cuanto a barreras digitales y de abordaje de distintos contenidos. En tanto, el director de la Escuela de Dise\u00f1o, Rodrigo Ram\u00edrez plante\u00f3 el rol de los estudiantes en los quehaceres de la Universidad y la necesidad de una comunicaci\u00f3n fluida y constante.&nbsp;<\/p>\n\n\n\n<p>Tambi\u00e9n plantearon sus inquietudes y reflexiones los acad\u00e9micos de las distintas unidades: Macarena Ibarra, Roc\u00edo Hidalgo, Francisco Chateau, Enrique del R\u00edo, Paula Mart\u00ednez y Wren Strabucchi para abordar diversas tem\u00e1ticas que tienen que ver con el futuro de la docencia online, cambios culturales y organizacionales a ra\u00edz de la educaci\u00f3n remota, uso de redes sociales, y otros t\u00f3picos de inter\u00e9s para la comunidad de Lo Contador.<\/p>\n","protected":false},"excerpt":{"rendered":"<p>El Decano Mario Ubilla junto a directores y subdirectores de las distintas unidades y 55 profesores de la planta ordinaria de la Facultad se reunieron, v\u00eda remota, con el Rector Ignacio S\u00e1nchez, en una instancia que se abord\u00f3 la situaci\u00f3n actual de la pandemia en Chile, los distintos procedimientos futuros de la universidad y se reflexion\u00f3 sobre el rol de la educaci\u00f3n, la formaci\u00f3n y la investigaci\u00f3n en escenarios complejos como el que plantea actualmente la pandemia por COVID-19.<\/p>\n","protected":false},"author":1,"featured_media":7852,"comment_status":"open","ping_status":"open","sticky":false,"template":"","format":"standard","meta":{"_acf_changed":false,"footnotes":""},"categories":[1],"tags":[],"class_list":["post-7851","post","type-post","status-publish","format-standard","has-post-thumbnail","hentry","category-sin-categorizar"],"acf":[],"yoast_head":"<!-- This site is optimized with the Yoast SEO plugin v27.1.1 - https:\/\/yoast.com\/product\/yoast-seo-wordpress\/ -->\n<title>Rector Ignacio S\u00e1nchez se reuni\u00f3 con acad\u00e9micos y acad\u00e9micas FADEU - Facultad de Arquitectura, Dise\u00f1o y Estudios Urbanos<\/title>\n<meta name=\"description\" content=\"El Decano Mario Ubilla junto a directores y subdirectores de las distintas unidades y 55 profesores de la planta ordinaria de la Facultad se reunieron, v\u00eda remota, con el Rector Ignacio S\u00e1nchez, en una instancia que se abord\u00f3 la situaci\u00f3n actual de la pandemia en Chile, los distintos procedimientos futuros de la universidad y se reflexion\u00f3 sobre el rol de la educaci\u00f3n, la formaci\u00f3n y la investigaci\u00f3n en escenarios complejos como el que plantea actualmente la pandemia por COVID-19.\" \/>\n<meta name=\"robots\" content=\"index, follow, max-snippet:-1, max-image-preview:large, max-video-preview:-1\" \/>\n<link rel=\"canonical\" href=\"https:\/\/fadeu.urantiacos.cl\/en\/2020\/11\/19\/rector-ignacio-sanchez-se-reunio-con-academicos-y-academicas-fadeu\/\" \/>\n<meta property=\"og:locale\" content=\"en_US\" \/>\n<meta property=\"og:type\" content=\"article\" \/>\n<meta property=\"og:title\" content=\"Rector Ignacio S\u00e1nchez se reuni\u00f3 con acad\u00e9micos y acad\u00e9micas FADEU - Facultad de Arquitectura, Dise\u00f1o y Estudios Urbanos\" \/>\n<meta property=\"og:description\" content=\"El Decano Mario Ubilla junto a directores y subdirectores de las distintas unidades y 55 profesores de la planta ordinaria de la Facultad se reunieron, v\u00eda remota, con el Rector Ignacio S\u00e1nchez, en una instancia que se abord\u00f3 la situaci\u00f3n actual de la pandemia en Chile, los distintos procedimientos futuros de la universidad y se reflexion\u00f3 sobre el rol de la educaci\u00f3n, la formaci\u00f3n y la investigaci\u00f3n en escenarios complejos como el que plantea actualmente la pandemia por COVID-19.\" \/>\n<meta property=\"og:url\" content=\"https:\/\/fadeu.urantiacos.cl\/en\/2020\/11\/19\/rector-ignacio-sanchez-se-reunio-con-academicos-y-academicas-fadeu\/\" \/>\n<meta property=\"og:site_name\" content=\"Facultad de Arquitectura, Dise\u00f1o y Estudios Urbanos\" \/>\n<meta property=\"article:published_time\" content=\"2020-11-19T20:07:00+00:00\" \/>\n<meta property=\"article:modified_time\" content=\"2023-09-09T20:09:34+00:00\" \/>\n<meta property=\"og:image\" content=\"https:\/\/fadeu.urantiacos.cl\/wp-content\/uploads\/2023\/09\/reunion_rector_con_profesores2020.jpg\" \/>\n\t<meta property=\"og:image:width\" content=\"350\" \/>\n\t<meta property=\"og:image:height\" content=\"250\" \/>\n\t<meta property=\"og:image:type\" content=\"image\/jpeg\" \/>\n<meta name=\"author\" content=\"manadmin\" \/>\n<meta name=\"twitter:card\" content=\"summary_large_image\" \/>\n<meta name=\"twitter:label1\" content=\"Written by\" \/>\n\t<meta name=\"twitter:data1\" content=\"manadmin\" \/>\n\t<meta name=\"twitter:label2\" content=\"Est. reading time\" \/>\n\t<meta name=\"twitter:data2\" content=\"1 minute\" \/>\n<script type=\"application\/ld+json\" class=\"yoast-schema-graph\">{\"@context\":\"https:\/\/schema.org\",\"@graph\":[{\"@type\":\"Article\",\"@id\":\"https:\/\/fadeu.urantiacos.cl\/en\/2020\/11\/19\/rector-ignacio-sanchez-se-reunio-con-academicos-y-academicas-fadeu\/#article\",\"isPartOf\":{\"@id\":\"https:\/\/fadeu.urantiacos.cl\/en\/2020\/11\/19\/rector-ignacio-sanchez-se-reunio-con-academicos-y-academicas-fadeu\/\"},\"author\":{\"name\":\"manadmin\",\"@id\":\"https:\/\/fadeu.urantiacos.cl\/en\/#\/schema\/person\/d203e2e84b1c40275eac77b3061a19a2\"},\"headline\":\"Rector Ignacio S\u00e1nchez se reuni\u00f3 con acad\u00e9micos y acad\u00e9micas FADEU\",\"datePublished\":\"2020-11-19T20:07:00+00:00\",\"dateModified\":\"2023-09-09T20:09:34+00:00\",\"mainEntityOfPage\":{\"@id\":\"https:\/\/fadeu.urantiacos.cl\/en\/2020\/11\/19\/rector-ignacio-sanchez-se-reunio-con-academicos-y-academicas-fadeu\/\"},\"wordCount\":311,\"commentCount\":0,\"image\":{\"@id\":\"https:\/\/fadeu.urantiacos.cl\/en\/2020\/11\/19\/rector-ignacio-sanchez-se-reunio-con-academicos-y-academicas-fadeu\/#primaryimage\"},\"thumbnailUrl\":\"https:\/\/fadeu.urantiacos.cl\/wp-content\/uploads\/2023\/09\/reunion_rector_con_profesores2020.jpg\",\"articleSection\":[\"Sin categorizar\"],\"inLanguage\":\"en-US\",\"potentialAction\":[{\"@type\":\"CommentAction\",\"name\":\"Comment\",\"target\":[\"https:\/\/fadeu.urantiacos.cl\/en\/2020\/11\/19\/rector-ignacio-sanchez-se-reunio-con-academicos-y-academicas-fadeu\/#respond\"]}]},{\"@type\":\"WebPage\",\"@id\":\"https:\/\/fadeu.urantiacos.cl\/en\/2020\/11\/19\/rector-ignacio-sanchez-se-reunio-con-academicos-y-academicas-fadeu\/\",\"url\":\"https:\/\/fadeu.urantiacos.cl\/en\/2020\/11\/19\/rector-ignacio-sanchez-se-reunio-con-academicos-y-academicas-fadeu\/\",\"name\":\"Rector Ignacio S\u00e1nchez se reuni\u00f3 con acad\u00e9micos y acad\u00e9micas FADEU - Facultad de Arquitectura, Dise\u00f1o y Estudios Urbanos\",\"isPartOf\":{\"@id\":\"https:\/\/fadeu.urantiacos.cl\/en\/#website\"},\"primaryImageOfPage\":{\"@id\":\"https:\/\/fadeu.urantiacos.cl\/en\/2020\/11\/19\/rector-ignacio-sanchez-se-reunio-con-academicos-y-academicas-fadeu\/#primaryimage\"},\"image\":{\"@id\":\"https:\/\/fadeu.urantiacos.cl\/en\/2020\/11\/19\/rector-ignacio-sanchez-se-reunio-con-academicos-y-academicas-fadeu\/#primaryimage\"},\"thumbnailUrl\":\"https:\/\/fadeu.urantiacos.cl\/wp-content\/uploads\/2023\/09\/reunion_rector_con_profesores2020.jpg\",\"datePublished\":\"2020-11-19T20:07:00+00:00\",\"dateModified\":\"2023-09-09T20:09:34+00:00\",\"author\":{\"@id\":\"https:\/\/fadeu.urantiacos.cl\/en\/#\/schema\/person\/d203e2e84b1c40275eac77b3061a19a2\"},\"description\":\"El Decano Mario Ubilla junto a directores y subdirectores de las distintas unidades y 55 profesores de la planta ordinaria de la Facultad se reunieron, v\u00eda remota, con el Rector Ignacio S\u00e1nchez, en una instancia que se abord\u00f3 la situaci\u00f3n actual de la pandemia en Chile, los distintos procedimientos futuros de la universidad y se reflexion\u00f3 sobre el rol de la educaci\u00f3n, la formaci\u00f3n y la investigaci\u00f3n en escenarios complejos como el que plantea actualmente la pandemia por COVID-19.\",\"breadcrumb\":{\"@id\":\"https:\/\/fadeu.urantiacos.cl\/en\/2020\/11\/19\/rector-ignacio-sanchez-se-reunio-con-academicos-y-academicas-fadeu\/#breadcrumb\"},\"inLanguage\":\"en-US\",\"potentialAction\":[{\"@type\":\"ReadAction\",\"target\":[\"https:\/\/fadeu.urantiacos.cl\/en\/2020\/11\/19\/rector-ignacio-sanchez-se-reunio-con-academicos-y-academicas-fadeu\/\"]}]},{\"@type\":\"ImageObject\",\"inLanguage\":\"en-US\",\"@id\":\"https:\/\/fadeu.urantiacos.cl\/en\/2020\/11\/19\/rector-ignacio-sanchez-se-reunio-con-academicos-y-academicas-fadeu\/#primaryimage\",\"url\":\"https:\/\/fadeu.urantiacos.cl\/wp-content\/uploads\/2023\/09\/reunion_rector_con_profesores2020.jpg\",\"contentUrl\":\"https:\/\/fadeu.urantiacos.cl\/wp-content\/uploads\/2023\/09\/reunion_rector_con_profesores2020.jpg\",\"width\":350,\"height\":250},{\"@type\":\"BreadcrumbList\",\"@id\":\"https:\/\/fadeu.urantiacos.cl\/en\/2020\/11\/19\/rector-ignacio-sanchez-se-reunio-con-academicos-y-academicas-fadeu\/#breadcrumb\",\"itemListElement\":[{\"@type\":\"ListItem\",\"position\":1,\"name\":\"Portada\",\"item\":\"https:\/\/fadeu.urantiacos.cl\/en\/\"},{\"@type\":\"ListItem\",\"position\":2,\"name\":\"Rector Ignacio S\u00e1nchez se reuni\u00f3 con acad\u00e9micos y acad\u00e9micas FADEU\"}]},{\"@type\":\"WebSite\",\"@id\":\"https:\/\/fadeu.urantiacos.cl\/en\/#website\",\"url\":\"https:\/\/fadeu.urantiacos.cl\/en\/\",\"name\":\"Facultad de Arquitectura, Dise\u00f1o y Estudios Urbanos\",\"description\":\"Campus Lo Contador\",\"potentialAction\":[{\"@type\":\"SearchAction\",\"target\":{\"@type\":\"EntryPoint\",\"urlTemplate\":\"https:\/\/fadeu.urantiacos.cl\/en\/?s={search_term_string}\"},\"query-input\":{\"@type\":\"PropertyValueSpecification\",\"valueRequired\":true,\"valueName\":\"search_term_string\"}}],\"inLanguage\":\"en-US\"},{\"@type\":\"Person\",\"@id\":\"https:\/\/fadeu.urantiacos.cl\/en\/#\/schema\/person\/d203e2e84b1c40275eac77b3061a19a2\",\"name\":\"manadmin\",\"image\":{\"@type\":\"ImageObject\",\"inLanguage\":\"en-US\",\"@id\":\"https:\/\/fadeu.urantiacos.cl\/en\/#\/schema\/person\/image\/\",\"url\":\"https:\/\/secure.gravatar.com\/avatar\/4b1d8e3303b4a9d8968ac578947d8bc80d9aea359f388cdd4aac15cadc0e8447?s=96&d=mm&r=g\",\"contentUrl\":\"https:\/\/secure.gravatar.com\/avatar\/4b1d8e3303b4a9d8968ac578947d8bc80d9aea359f388cdd4aac15cadc0e8447?s=96&d=mm&r=g\",\"caption\":\"manadmin\"},\"sameAs\":[\"https:\/\/fadeu.urantiacos.cl\"]}]}<\/script>\n<!-- \/ Yoast SEO plugin. -->","yoast_head_json":{"title":"Rector Ignacio S\u00e1nchez se reuni\u00f3 con acad\u00e9micos y acad\u00e9micas FADEU - Facultad de Arquitectura, Dise\u00f1o y Estudios Urbanos","description":"El Decano Mario Ubilla junto a directores y subdirectores de las distintas unidades y 55 profesores de la planta ordinaria de la Facultad se reunieron, v\u00eda remota, con el Rector Ignacio S\u00e1nchez, en una instancia que se abord\u00f3 la situaci\u00f3n actual de la pandemia en Chile, los distintos procedimientos futuros de la universidad y se reflexion\u00f3 sobre el rol de la educaci\u00f3n, la formaci\u00f3n y la investigaci\u00f3n en escenarios complejos como el que plantea actualmente la pandemia por COVID-19.","robots":{"index":"index","follow":"follow","max-snippet":"max-snippet:-1","max-image-preview":"max-image-preview:large","max-video-preview":"max-video-preview:-1"},"canonical":"https:\/\/fadeu.urantiacos.cl\/en\/2020\/11\/19\/rector-ignacio-sanchez-se-reunio-con-academicos-y-academicas-fadeu\/","og_locale":"en_US","og_type":"article","og_title":"Rector Ignacio S\u00e1nchez se reuni\u00f3 con acad\u00e9micos y acad\u00e9micas FADEU - Facultad de Arquitectura, Dise\u00f1o y Estudios Urbanos","og_description":"El Decano Mario Ubilla junto a directores y subdirectores de las distintas unidades y 55 profesores de la planta ordinaria de la Facultad se reunieron, v\u00eda remota, con el Rector Ignacio S\u00e1nchez, en una instancia que se abord\u00f3 la situaci\u00f3n actual de la pandemia en Chile, los distintos procedimientos futuros de la universidad y se reflexion\u00f3 sobre el rol de la educaci\u00f3n, la formaci\u00f3n y la investigaci\u00f3n en escenarios complejos como el que plantea actualmente la pandemia por COVID-19.","og_url":"https:\/\/fadeu.urantiacos.cl\/en\/2020\/11\/19\/rector-ignacio-sanchez-se-reunio-con-academicos-y-academicas-fadeu\/","og_site_name":"Facultad de Arquitectura, Dise\u00f1o y Estudios Urbanos","article_published_time":"2020-11-19T20:07:00+00:00","article_modified_time":"2023-09-09T20:09:34+00:00","og_image":[{"width":350,"height":250,"url":"https:\/\/fadeu.urantiacos.cl\/wp-content\/uploads\/2023\/09\/reunion_rector_con_profesores2020.jpg","type":"image\/jpeg"}],"author":"manadmin","twitter_card":"summary_large_image","twitter_misc":{"Written by":"manadmin","Est. reading time":"1 minute"},"schema":{"@context":"https:\/\/schema.org","@graph":[{"@type":"Article","@id":"https:\/\/fadeu.urantiacos.cl\/en\/2020\/11\/19\/rector-ignacio-sanchez-se-reunio-con-academicos-y-academicas-fadeu\/#article","isPartOf":{"@id":"https:\/\/fadeu.urantiacos.cl\/en\/2020\/11\/19\/rector-ignacio-sanchez-se-reunio-con-academicos-y-academicas-fadeu\/"},"author":{"name":"manadmin","@id":"https:\/\/fadeu.urantiacos.cl\/en\/#\/schema\/person\/d203e2e84b1c40275eac77b3061a19a2"},"headline":"Rector Ignacio S\u00e1nchez se reuni\u00f3 con acad\u00e9micos y acad\u00e9micas FADEU","datePublished":"2020-11-19T20:07:00+00:00","dateModified":"2023-09-09T20:09:34+00:00","mainEntityOfPage":{"@id":"https:\/\/fadeu.urantiacos.cl\/en\/2020\/11\/19\/rector-ignacio-sanchez-se-reunio-con-academicos-y-academicas-fadeu\/"},"wordCount":311,"commentCount":0,"image":{"@id":"https:\/\/fadeu.urantiacos.cl\/en\/2020\/11\/19\/rector-ignacio-sanchez-se-reunio-con-academicos-y-academicas-fadeu\/#primaryimage"},"thumbnailUrl":"https:\/\/fadeu.urantiacos.cl\/wp-content\/uploads\/2023\/09\/reunion_rector_con_profesores2020.jpg","articleSection":["Sin categorizar"],"inLanguage":"en-US","potentialAction":[{"@type":"CommentAction","name":"Comment","target":["https:\/\/fadeu.urantiacos.cl\/en\/2020\/11\/19\/rector-ignacio-sanchez-se-reunio-con-academicos-y-academicas-fadeu\/#respond"]}]},{"@type":"WebPage","@id":"https:\/\/fadeu.urantiacos.cl\/en\/2020\/11\/19\/rector-ignacio-sanchez-se-reunio-con-academicos-y-academicas-fadeu\/","url":"https:\/\/fadeu.urantiacos.cl\/en\/2020\/11\/19\/rector-ignacio-sanchez-se-reunio-con-academicos-y-academicas-fadeu\/","name":"Rector Ignacio S\u00e1nchez se reuni\u00f3 con acad\u00e9micos y acad\u00e9micas FADEU - Facultad de Arquitectura, Dise\u00f1o y Estudios Urbanos","isPartOf":{"@id":"https:\/\/fadeu.urantiacos.cl\/en\/#website"},"primaryImageOfPage":{"@id":"https:\/\/fadeu.urantiacos.cl\/en\/2020\/11\/19\/rector-ignacio-sanchez-se-reunio-con-academicos-y-academicas-fadeu\/#primaryimage"},"image":{"@id":"https:\/\/fadeu.urantiacos.cl\/en\/2020\/11\/19\/rector-ignacio-sanchez-se-reunio-con-academicos-y-academicas-fadeu\/#primaryimage"},"thumbnailUrl":"https:\/\/fadeu.urantiacos.cl\/wp-content\/uploads\/2023\/09\/reunion_rector_con_profesores2020.jpg","datePublished":"2020-11-19T20:07:00+00:00","dateModified":"2023-09-09T20:09:34+00:00","author":{"@id":"https:\/\/fadeu.urantiacos.cl\/en\/#\/schema\/person\/d203e2e84b1c40275eac77b3061a19a2"},"description":"El Decano Mario Ubilla junto a directores y subdirectores de las distintas unidades y 55 profesores de la planta ordinaria de la Facultad se reunieron, v\u00eda remota, con el Rector Ignacio S\u00e1nchez, en una instancia que se abord\u00f3 la situaci\u00f3n actual de la pandemia en Chile, los distintos procedimientos futuros de la universidad y se reflexion\u00f3 sobre el rol de la educaci\u00f3n, la formaci\u00f3n y la investigaci\u00f3n en escenarios complejos como el que plantea actualmente la pandemia por COVID-19.","breadcrumb":{"@id":"https:\/\/fadeu.urantiacos.cl\/en\/2020\/11\/19\/rector-ignacio-sanchez-se-reunio-con-academicos-y-academicas-fadeu\/#breadcrumb"},"inLanguage":"en-US","potentialAction":[{"@type":"ReadAction","target":["https:\/\/fadeu.urantiacos.cl\/en\/2020\/11\/19\/rector-ignacio-sanchez-se-reunio-con-academicos-y-academicas-fadeu\/"]}]},{"@type":"ImageObject","inLanguage":"en-US","@id":"https:\/\/fadeu.urantiacos.cl\/en\/2020\/11\/19\/rector-ignacio-sanchez-se-reunio-con-academicos-y-academicas-fadeu\/#primaryimage","url":"https:\/\/fadeu.urantiacos.cl\/wp-content\/uploads\/2023\/09\/reunion_rector_con_profesores2020.jpg","contentUrl":"https:\/\/fadeu.urantiacos.cl\/wp-content\/uploads\/2023\/09\/reunion_rector_con_profesores2020.jpg","width":350,"height":250},{"@type":"BreadcrumbList","@id":"https:\/\/fadeu.urantiacos.cl\/en\/2020\/11\/19\/rector-ignacio-sanchez-se-reunio-con-academicos-y-academicas-fadeu\/#breadcrumb","itemListElement":[{"@type":"ListItem","position":1,"name":"Portada","item":"https:\/\/fadeu.urantiacos.cl\/en\/"},{"@type":"ListItem","position":2,"name":"Rector Ignacio S\u00e1nchez se reuni\u00f3 con acad\u00e9micos y acad\u00e9micas FADEU"}]},{"@type":"WebSite","@id":"https:\/\/fadeu.urantiacos.cl\/en\/#website","url":"https:\/\/fadeu.urantiacos.cl\/en\/","name":"Facultad de Arquitectura, Dise\u00f1o y Estudios Urbanos","description":"Campus Lo Contador","potentialAction":[{"@type":"SearchAction","target":{"@type":"EntryPoint","urlTemplate":"https:\/\/fadeu.urantiacos.cl\/en\/?s={search_term_string}"},"query-input":{"@type":"PropertyValueSpecification","valueRequired":true,"valueName":"search_term_string"}}],"inLanguage":"en-US"},{"@type":"Person","@id":"https:\/\/fadeu.urantiacos.cl\/en\/#\/schema\/person\/d203e2e84b1c40275eac77b3061a19a2","name":"manadmin","image":{"@type":"ImageObject","inLanguage":"en-US","@id":"https:\/\/fadeu.urantiacos.cl\/en\/#\/schema\/person\/image\/","url":"https:\/\/secure.gravatar.com\/avatar\/4b1d8e3303b4a9d8968ac578947d8bc80d9aea359f388cdd4aac15cadc0e8447?s=96&d=mm&r=g","contentUrl":"https:\/\/secure.gravatar.com\/avatar\/4b1d8e3303b4a9d8968ac578947d8bc80d9aea359f388cdd4aac15cadc0e8447?s=96&d=mm&r=g","caption":"manadmin"},"sameAs":["https:\/\/fadeu.urantiacos.cl"]}]}},"_links":{"self":[{"href":"https:\/\/fadeu.urantiacos.cl\/en\/wp-json\/wp\/v2\/posts\/7851","targetHints":{"allow":["GET"]}}],"collection":[{"href":"https:\/\/fadeu.urantiacos.cl\/en\/wp-json\/wp\/v2\/posts"}],"about":[{"href":"https:\/\/fadeu.urantiacos.cl\/en\/wp-json\/wp\/v2\/types\/post"}],"author":[{"embeddable":true,"href":"https:\/\/fadeu.urantiacos.cl\/en\/wp-json\/wp\/v2\/users\/1"}],"replies":[{"embeddable":true,"href":"https:\/\/fadeu.urantiacos.cl\/en\/wp-json\/wp\/v2\/comments?post=7851"}],"version-history":[{"count":1,"href":"https:\/\/fadeu.urantiacos.cl\/en\/wp-json\/wp\/v2\/posts\/7851\/revisions"}],"predecessor-version":[{"id":7853,"href":"https:\/\/fadeu.urantiacos.cl\/en\/wp-json\/wp\/v2\/posts\/7851\/revisions\/7853"}],"wp:featuredmedia":[{"embeddable":true,"href":"https:\/\/fadeu.urantiacos.cl\/en\/wp-json\/wp\/v2\/media\/7852"}],"wp:attachment":[{"href":"https:\/\/fadeu.urantiacos.cl\/en\/wp-json\/wp\/v2\/media?parent=7851"}],"wp:term":[{"taxonomy":"category","embeddable":true,"href":"https:\/\/fadeu.urantiacos.cl\/en\/wp-json\/wp\/v2\/categories?post=7851"},{"taxonomy":"post_tag","embeddable":true,"href":"https:\/\/fadeu.urantiacos.cl\/en\/wp-json\/wp\/v2\/tags?post=7851"}],"curies":[{"name":"wp","href":"https:\/\/api.w.org\/{rel}","templated":true}]}}